{"id":10518698,"date":"2023-11-14T10:51:14","date_gmt":"2023-11-14T09:51:14","guid":{"rendered":"https:\/\/kapitalis.com\/tunisie\/?p=10518698"},"modified":"2023-11-14T10:51:16","modified_gmt":"2023-11-14T09:51:16","slug":"nejib-chebbi-la-situation-en-palestine-ne-doit-pas-detourner-lattention-de-la-crise-en-tunisie","status":"publish","type":"post","link":"https:\/\/kapitalis.com\/tunisie\/2023\/11\/14\/nejib-chebbi-la-situation-en-palestine-ne-doit-pas-detourner-lattention-de-la-crise-en-tunisie\/","title":{"rendered":"Nejib Chebbi\u00a0: \u00abLa situation en Palestine ne doit pas d\u00e9tourner l\u2019attention de la crise en Tunisie\u00bb"},"content":{"rendered":"\n<p><strong><em>Le pr\u00e9sident du Front de salut national (FSN), Ahmed Nejib Chebbi, a r\u00e9it\u00e9r\u00e9 la position de son parti en faveur de la criminalisation de la normalisation avec l\u2019entit\u00e9 sioniste. Boycotter l\u2019entit\u00e9 sioniste est une contribution \u00e0 la lutte pour la lib\u00e9ration de la Palestine, a-t-il soulign\u00e9 lundi 13 novembre 2023 lors d\u2019une conf\u00e9rence de presse \u00e0 Tunis.<\/em><\/strong><\/p>\n\n\n\n<!--more-->\n\n\n\n<p>Chebbi a rappel\u00e9 que l\u2019histoire des boycotts en tant que mouvement citoyen a prouv\u00e9 leur efficacit\u00e9 dans l\u2019\u00e9limination de l\u2019apartheid en Afrique du Sud, en critiquant les <em>\u00abchangements de position\u00bb<\/em> de l\u2019administration actuelle sur la question de la normalisation des relations avec l\u2019Etat h\u00e9breu, <em>\u00absous pr\u00e9texte que le terme normalisation n\u2019existe pas dans son lexique\u00bb<\/em>, dans une limpide allusion au pr\u00e9sident de la r\u00e9publique Ka\u00efs Sa\u00efed.<strong> <\/strong>La normalisation existe dans la politique am\u00e9ricaine et dans les accords d\u2019Abraham, a-t-il expliqu\u00e9.<strong><\/strong><\/p>\n\n\n\n<p><em>\u00abLa politique \u00e9trang\u00e8re de la Tunisie doit \u00eatre d\u00e9finie sans aucune ing\u00e9rence d\u2019un pays europ\u00e9en\u00bb<\/em>, a d\u00e9clar\u00e9 Chebbi, laissant entendre que ce qu\u2019il a appel\u00e9 <em>\u00abchangement de position de l\u2019actuelle administration\u00bb<\/em> a \u00e9t\u00e9 dict\u00e9 par les partenaires europ\u00e9ens de la Tunisie, qui sont totalement engag\u00e9s en faveur d\u2019Isra\u00ebl.<strong><\/strong><\/p>\n\n\n\n<p>Nejib Chebbi a \u00e9galement soulign\u00e9 que l\u2019aggravation de la situation dans les territoires palestiniens occup\u00e9s ne doit pas d\u00e9tourner l\u2019attention des Tunisiens de l\u2019\u00e9chec du gouvernement actuel \u00e0 sortir le pays de la crise \u00e9conomique et financi\u00e8re, ajoutant que le projet de loi de finances 2024 et le dernier rapport Fitch sur la Tunisie indiquent que la situation \u00e9conomique du pays est <em>\u00abgrave\u00bb<\/em>, a-t-il pr\u00e9venu.<\/p>\n\n\n\n<p>Le FSN s\u2019efforce de parvenir \u00e0 un consensus sur une feuille de route comprenant toutes les r\u00e9formes politiques et \u00e9conomiques n\u00e9cessaires, a soulign\u00e9 Chebbi.<\/p>\n\n\n\n<p><em>\u00abApr\u00e8s la fin de la guerre isra\u00e9lienne contre la bande de Gaza, nous retrouverons nos probl\u00e8mes tunisiens\u00bb<\/em>, a-t-il lanc\u00e9. Et d\u2019ajouter\u00a0: <em>\u00abNous n\u2019abandonnerons notre revendication d\u2019un retour \u00e0 la l\u00e9galit\u00e9 constitutionnelle, aux libert\u00e9s et \u00e0 la n\u00e9cessit\u00e9 de former un gouvernement de salut national\u00bb.<\/em> \u00a0\u00a0<\/p>\n\n\n\n<p>De son c\u00f4t\u00e9, Samir Dilou, autre dirigeant du FSN, a estim\u00e9 que l\u2019arrestation de la pr\u00e9sidente du Parti destourien libre (PDL), <a href=\"https:\/\/kapitalis.com\/tunisie\/2023\/10\/07\/tunisie-abir-moussi-risque-la-peine-de-mort\/\" target=\"_blank\" rel=\"noreferrer noopener\">Abir Moussi<\/a>, prouve l\u2019hostilit\u00e9 du pouvoir en place envers les opposants politiques, ajoutant que le FSN est solidaire avec l\u2019opposante <a href=\"https:\/\/kapitalis.com\/tunisie\/2023\/11\/14\/tunisie-amnesty-appelle-a-abandonner-les-poursuites-contre-chaima-issa\/\" target=\"_blank\" rel=\"noreferrer noopener\">Chayma Issa<\/a>, qui doit compara\u00eetre devant le premier tribunal militaire permanent de Tunis ce 14 novembre et devant la cour d\u2019appel de Tunis le 23 novembre dans des proc\u00e8s intent\u00e9s contre elle pour avoir exprim\u00e9 des opinions sur les politiques du gouvernement.<\/p>\n\n\n\n<p class=\"has-text-align-right\"><strong>I. B.<\/strong><\/p>\n","protected":false},"excerpt":{"rendered":"<p>Apr\u00e8s la fin de la guerre isra\u00e9lienne contre la bande de Gaza, nous retrouverons nos probl\u00e8mes tunisiens, a d\u00e9clar\u00e9 Nejib Chebbi. <\/p>\n","protected":false},"author":8,"featured_media":10518783,"comment_status":"open","ping_status":"open","sticky":false,"template":"","format":"standard","meta":{"footnotes":""},"categories":[997,2433],"tags":[15144,112206,99446,2478,76012,83242,34126,4026,3756],"class_list":["post-10518698","post","type-post","status-publish","format-standard","has-post-thumbnail","hentry","category-politique","category-tunisie","tag-abir-moussi","tag-chayma-issa","tag-front-du-salut-national","tag-israel","tag-kais-saied-2","tag-nejib-chebbi-2","tag-normalisation","tag-palestine","tag-samir-dilou"],"yoast_head":"<!-- This site is optimized with the Yoast SEO plugin v26.6 - https:\/\/yoast.com\/wordpress\/plugins\/seo\/ -->\n<title>Nejib Chebbi\u00a0: \u00abLa situation en Palestine ne doit pas d\u00e9tourner l\u2019attention de la crise en Tunisie\u00bb - Kapitalis<\/title>\n<meta name=\"robots\" content=\"index, follow, max-snippet:-1, max-image-preview:large, max-video-preview:-1\" \/>\n<link rel=\"canonical\" href=\"https:\/\/kapitalis.com\/tunisie\/2023\/11\/14\/nejib-chebbi-la-situation-en-palestine-ne-doit-pas-detourner-lattention-de-la-crise-en-tunisie\/\" \/>\n<meta property=\"og:locale\" content=\"fr_FR\" \/>\n<meta property=\"og:type\" content=\"article\" \/>\n<meta property=\"og:title\" content=\"Nejib Chebbi\u00a0: \u00abLa situation en Palestine ne doit pas d\u00e9tourner l\u2019attention de la crise en Tunisie\u00bb - Kapitalis\" \/>\n<meta property=\"og:description\" content=\"Apr\u00e8s la fin de la guerre isra\u00e9lienne contre la bande de Gaza, nous retrouverons nos probl\u00e8mes tunisiens, a d\u00e9clar\u00e9 Nejib Chebbi.\" \/>\n<meta property=\"og:url\" content=\"https:\/\/kapitalis.com\/tunisie\/2023\/11\/14\/nejib-chebbi-la-situation-en-palestine-ne-doit-pas-detourner-lattention-de-la-crise-en-tunisie\/\" \/>\n<meta property=\"og:site_name\" content=\"Kapitalis\" \/>\n<meta property=\"article:publisher\" content=\"https:\/\/www.facebook.com\/KapitalisInfo\/\" \/>\n<meta property=\"article:published_time\" content=\"2023-11-14T09:51:14+00:00\" \/>\n<meta property=\"article:modified_time\" content=\"2023-11-14T09:51:16+00:00\" \/>\n<meta property=\"og:image\" content=\"https:\/\/kapitalis.com\/tunisie\/wp-content\/uploads\/2023\/11\/Nejib-Chebbi-Samir-Dilou.jpg\" \/>\n\t<meta property=\"og:image:width\" content=\"1200\" \/>\n\t<meta property=\"og:image:height\" content=\"630\" \/>\n\t<meta property=\"og:image:type\" content=\"image\/jpeg\" \/>\n<meta name=\"author\" content=\"webmaster kapitalis\" \/>\n<meta name=\"twitter:card\" content=\"summary_large_image\" \/>\n<meta name=\"twitter:creator\" content=\"@KapitalisInfo\" \/>\n<meta name=\"twitter:site\" content=\"@KapitalisInfo\" \/>\n<meta name=\"twitter:label1\" content=\"\u00c9crit par\" \/>\n\t<meta name=\"twitter:data1\" content=\"webmaster kapitalis\" \/>\n\t<meta name=\"twitter:label2\" content=\"Dur\u00e9e de lecture estim\u00e9e\" \/>\n\t<meta name=\"twitter:data2\" content=\"3 minutes\" \/>\n<script type=\"application\/ld+json\" class=\"yoast-schema-graph\">{\"@context\":\"https:\/\/schema.org\",\"@graph\":[{\"@type\":\"Article\",\"@id\":\"https:\/\/kapitalis.com\/tunisie\/2023\/11\/14\/nejib-chebbi-la-situation-en-palestine-ne-doit-pas-detourner-lattention-de-la-crise-en-tunisie\/#article\",\"isPartOf\":{\"@id\":\"https:\/\/kapitalis.com\/tunisie\/2023\/11\/14\/nejib-chebbi-la-situation-en-palestine-ne-doit-pas-detourner-lattention-de-la-crise-en-tunisie\/\"},\"author\":{\"name\":\"webmaster kapitalis\",\"@id\":\"https:\/\/kapitalis.com\/tunisie\/#\/schema\/person\/d71f33a9ca44f7bad4698210b480c8e9\"},\"headline\":\"Nejib Chebbi\u00a0: \u00abLa situation en Palestine ne doit pas d\u00e9tourner l\u2019attention de la crise en Tunisie\u00bb\",\"datePublished\":\"2023-11-14T09:51:14+00:00\",\"dateModified\":\"2023-11-14T09:51:16+00:00\",\"mainEntityOfPage\":{\"@id\":\"https:\/\/kapitalis.com\/tunisie\/2023\/11\/14\/nejib-chebbi-la-situation-en-palestine-ne-doit-pas-detourner-lattention-de-la-crise-en-tunisie\/\"},\"wordCount\":472,\"commentCount\":0,\"publisher\":{\"@id\":\"https:\/\/kapitalis.com\/tunisie\/#organization\"},\"image\":{\"@id\":\"https:\/\/kapitalis.com\/tunisie\/2023\/11\/14\/nejib-chebbi-la-situation-en-palestine-ne-doit-pas-detourner-lattention-de-la-crise-en-tunisie\/#primaryimage\"},\"thumbnailUrl\":\"https:\/\/kapitalis.com\/tunisie\/wp-content\/uploads\/2023\/11\/Nejib-Chebbi-Samir-Dilou.jpg\",\"keywords\":[\"Abir Moussi\",\"Chayma Issa\",\"Front du salut national\",\"Isra\u00ebl\",\"Ka\u00efs Sa\u00efed\",\"Nejib Chebbi\",\"normalisation\",\"Palestine\",\"Samir Dilou\"],\"articleSection\":[\"POLITIQUE\",\"Tunisie\"],\"inLanguage\":\"fr-FR\",\"potentialAction\":[{\"@type\":\"CommentAction\",\"name\":\"Comment\",\"target\":[\"https:\/\/kapitalis.com\/tunisie\/2023\/11\/14\/nejib-chebbi-la-situation-en-palestine-ne-doit-pas-detourner-lattention-de-la-crise-en-tunisie\/#respond\"]}]},{\"@type\":\"WebPage\",\"@id\":\"https:\/\/kapitalis.com\/tunisie\/2023\/11\/14\/nejib-chebbi-la-situation-en-palestine-ne-doit-pas-detourner-lattention-de-la-crise-en-tunisie\/\",\"url\":\"https:\/\/kapitalis.com\/tunisie\/2023\/11\/14\/nejib-chebbi-la-situation-en-palestine-ne-doit-pas-detourner-lattention-de-la-crise-en-tunisie\/\",\"name\":\"Nejib Chebbi\u00a0: \u00abLa situation en Palestine ne doit pas d\u00e9tourner l\u2019attention de la crise en Tunisie\u00bb - Kapitalis\",\"isPartOf\":{\"@id\":\"https:\/\/kapitalis.com\/tunisie\/#website\"},\"primaryImageOfPage\":{\"@id\":\"https:\/\/kapitalis.com\/tunisie\/2023\/11\/14\/nejib-chebbi-la-situation-en-palestine-ne-doit-pas-detourner-lattention-de-la-crise-en-tunisie\/#primaryimage\"},\"image\":{\"@id\":\"https:\/\/kapitalis.com\/tunisie\/2023\/11\/14\/nejib-chebbi-la-situation-en-palestine-ne-doit-pas-detourner-lattention-de-la-crise-en-tunisie\/#primaryimage\"},\"thumbnailUrl\":\"https:\/\/kapitalis.com\/tunisie\/wp-content\/uploads\/2023\/11\/Nejib-Chebbi-Samir-Dilou.jpg\",\"datePublished\":\"2023-11-14T09:51:14+00:00\",\"dateModified\":\"2023-11-14T09:51:16+00:00\",\"breadcrumb\":{\"@id\":\"https:\/\/kapitalis.com\/tunisie\/2023\/11\/14\/nejib-chebbi-la-situation-en-palestine-ne-doit-pas-detourner-lattention-de-la-crise-en-tunisie\/#breadcrumb\"},\"inLanguage\":\"fr-FR\",\"potentialAction\":[{\"@type\":\"ReadAction\",\"target\":[\"https:\/\/kapitalis.com\/tunisie\/2023\/11\/14\/nejib-chebbi-la-situation-en-palestine-ne-doit-pas-detourner-lattention-de-la-crise-en-tunisie\/\"]}]},{\"@type\":\"ImageObject\",\"inLanguage\":\"fr-FR\",\"@id\":\"https:\/\/kapitalis.com\/tunisie\/2023\/11\/14\/nejib-chebbi-la-situation-en-palestine-ne-doit-pas-detourner-lattention-de-la-crise-en-tunisie\/#primaryimage\",\"url\":\"https:\/\/kapitalis.com\/tunisie\/wp-content\/uploads\/2023\/11\/Nejib-Chebbi-Samir-Dilou.jpg\",\"contentUrl\":\"https:\/\/kapitalis.com\/tunisie\/wp-content\/uploads\/2023\/11\/Nejib-Chebbi-Samir-Dilou.jpg\",\"width\":1200,\"height\":630},{\"@type\":\"BreadcrumbList\",\"@id\":\"https:\/\/kapitalis.com\/tunisie\/2023\/11\/14\/nejib-chebbi-la-situation-en-palestine-ne-doit-pas-detourner-lattention-de-la-crise-en-tunisie\/#breadcrumb\",\"itemListElement\":[{\"@type\":\"ListItem\",\"position\":1,\"name\":\"Accueil\",\"item\":\"https:\/\/kapitalis.com\/tunisie\/\"},{\"@type\":\"ListItem\",\"position\":2,\"name\":\"Nejib Chebbi\u00a0: \u00abLa situation en Palestine ne doit pas d\u00e9tourner l\u2019attention de la crise en Tunisie\u00bb\"}]},{\"@type\":\"WebSite\",\"@id\":\"https:\/\/kapitalis.com\/tunisie\/#website\",\"url\":\"https:\/\/kapitalis.com\/tunisie\/\",\"name\":\"Kapitalis\",\"description\":\"L&#039;actualit\u00e9 en Tunisie et dans le monde\",\"publisher\":{\"@id\":\"https:\/\/kapitalis.com\/tunisie\/#organization\"},\"potentialAction\":[{\"@type\":\"SearchAction\",\"target\":{\"@type\":\"EntryPoint\",\"urlTemplate\":\"https:\/\/kapitalis.com\/tunisie\/?s={search_term_string}\"},\"query-input\":{\"@type\":\"PropertyValueSpecification\",\"valueRequired\":true,\"valueName\":\"search_term_string\"}}],\"inLanguage\":\"fr-FR\"},{\"@type\":\"Organization\",\"@id\":\"https:\/\/kapitalis.com\/tunisie\/#organization\",\"name\":\"Kapitalis\",\"url\":\"https:\/\/kapitalis.com\/tunisie\/\",\"logo\":{\"@type\":\"ImageObject\",\"inLanguage\":\"fr-FR\",\"@id\":\"https:\/\/kapitalis.com\/tunisie\/#\/schema\/logo\/image\/\",\"url\":\"https:\/\/kapitalis.com\/tunisie\/wp-content\/uploads\/2022\/05\/Kapitalis-big-size.png\",\"contentUrl\":\"https:\/\/kapitalis.com\/tunisie\/wp-content\/uploads\/2022\/05\/Kapitalis-big-size.png\",\"width\":5000,\"height\":1500,\"caption\":\"Kapitalis\"},\"image\":{\"@id\":\"https:\/\/kapitalis.com\/tunisie\/#\/schema\/logo\/image\/\"},\"sameAs\":[\"https:\/\/www.facebook.com\/KapitalisInfo\/\",\"https:\/\/x.com\/KapitalisInfo\",\"https:\/\/www.youtube.com\/channel\/UC-yDYrHyfFBWWZaOw3FPg9Q\"]},{\"@type\":\"Person\",\"@id\":\"https:\/\/kapitalis.com\/tunisie\/#\/schema\/person\/d71f33a9ca44f7bad4698210b480c8e9\",\"name\":\"webmaster kapitalis\",\"url\":\"https:\/\/kapitalis.com\/tunisie\/author\/webmaster-kapitalis\/\"}]}<\/script>\n<!-- \/ Yoast SEO plugin. -->","yoast_head_json":{"title":"Nejib Chebbi\u00a0: \u00abLa situation en Palestine ne doit pas d\u00e9tourner l\u2019attention de la crise en Tunisie\u00bb - Kapitalis","robots":{"index":"index","follow":"follow","max-snippet":"max-snippet:-1","max-image-preview":"max-image-preview:large","max-video-preview":"max-video-preview:-1"},"canonical":"https:\/\/kapitalis.com\/tunisie\/2023\/11\/14\/nejib-chebbi-la-situation-en-palestine-ne-doit-pas-detourner-lattention-de-la-crise-en-tunisie\/","og_locale":"fr_FR","og_type":"article","og_title":"Nejib Chebbi\u00a0: \u00abLa situation en Palestine ne doit pas d\u00e9tourner l\u2019attention de la crise en Tunisie\u00bb - Kapitalis","og_description":"Apr\u00e8s la fin de la guerre isra\u00e9lienne contre la bande de Gaza, nous retrouverons nos probl\u00e8mes tunisiens, a d\u00e9clar\u00e9 Nejib Chebbi.","og_url":"https:\/\/kapitalis.com\/tunisie\/2023\/11\/14\/nejib-chebbi-la-situation-en-palestine-ne-doit-pas-detourner-lattention-de-la-crise-en-tunisie\/","og_site_name":"Kapitalis","article_publisher":"https:\/\/www.facebook.com\/KapitalisInfo\/","article_published_time":"2023-11-14T09:51:14+00:00","article_modified_time":"2023-11-14T09:51:16+00:00","og_image":[{"width":1200,"height":630,"url":"https:\/\/kapitalis.com\/tunisie\/wp-content\/uploads\/2023\/11\/Nejib-Chebbi-Samir-Dilou.jpg","type":"image\/jpeg"}],"author":"webmaster kapitalis","twitter_card":"summary_large_image","twitter_creator":"@KapitalisInfo","twitter_site":"@KapitalisInfo","twitter_misc":{"\u00c9crit par":"webmaster kapitalis","Dur\u00e9e de lecture estim\u00e9e":"3 minutes"},"schema":{"@context":"https:\/\/schema.org","@graph":[{"@type":"Article","@id":"https:\/\/kapitalis.com\/tunisie\/2023\/11\/14\/nejib-chebbi-la-situation-en-palestine-ne-doit-pas-detourner-lattention-de-la-crise-en-tunisie\/#article","isPartOf":{"@id":"https:\/\/kapitalis.com\/tunisie\/2023\/11\/14\/nejib-chebbi-la-situation-en-palestine-ne-doit-pas-detourner-lattention-de-la-crise-en-tunisie\/"},"author":{"name":"webmaster kapitalis","@id":"https:\/\/kapitalis.com\/tunisie\/#\/schema\/person\/d71f33a9ca44f7bad4698210b480c8e9"},"headline":"Nejib Chebbi\u00a0: \u00abLa situation en Palestine ne doit pas d\u00e9tourner l\u2019attention de la crise en Tunisie\u00bb","datePublished":"2023-11-14T09:51:14+00:00","dateModified":"2023-11-14T09:51:16+00:00","mainEntityOfPage":{"@id":"https:\/\/kapitalis.com\/tunisie\/2023\/11\/14\/nejib-chebbi-la-situation-en-palestine-ne-doit-pas-detourner-lattention-de-la-crise-en-tunisie\/"},"wordCount":472,"commentCount":0,"publisher":{"@id":"https:\/\/kapitalis.com\/tunisie\/#organization"},"image":{"@id":"https:\/\/kapitalis.com\/tunisie\/2023\/11\/14\/nejib-chebbi-la-situation-en-palestine-ne-doit-pas-detourner-lattention-de-la-crise-en-tunisie\/#primaryimage"},"thumbnailUrl":"https:\/\/kapitalis.com\/tunisie\/wp-content\/uploads\/2023\/11\/Nejib-Chebbi-Samir-Dilou.jpg","keywords":["Abir Moussi","Chayma Issa","Front du salut national","Isra\u00ebl","Ka\u00efs Sa\u00efed","Nejib Chebbi","normalisation","Palestine","Samir Dilou"],"articleSection":["POLITIQUE","Tunisie"],"inLanguage":"fr-FR","potentialAction":[{"@type":"CommentAction","name":"Comment","target":["https:\/\/kapitalis.com\/tunisie\/2023\/11\/14\/nejib-chebbi-la-situation-en-palestine-ne-doit-pas-detourner-lattention-de-la-crise-en-tunisie\/#respond"]}]},{"@type":"WebPage","@id":"https:\/\/kapitalis.com\/tunisie\/2023\/11\/14\/nejib-chebbi-la-situation-en-palestine-ne-doit-pas-detourner-lattention-de-la-crise-en-tunisie\/","url":"https:\/\/kapitalis.com\/tunisie\/2023\/11\/14\/nejib-chebbi-la-situation-en-palestine-ne-doit-pas-detourner-lattention-de-la-crise-en-tunisie\/","name":"Nejib Chebbi\u00a0: \u00abLa situation en Palestine ne doit pas d\u00e9tourner l\u2019attention de la crise en Tunisie\u00bb - Kapitalis","isPartOf":{"@id":"https:\/\/kapitalis.com\/tunisie\/#website"},"primaryImageOfPage":{"@id":"https:\/\/kapitalis.com\/tunisie\/2023\/11\/14\/nejib-chebbi-la-situation-en-palestine-ne-doit-pas-detourner-lattention-de-la-crise-en-tunisie\/#primaryimage"},"image":{"@id":"https:\/\/kapitalis.com\/tunisie\/2023\/11\/14\/nejib-chebbi-la-situation-en-palestine-ne-doit-pas-detourner-lattention-de-la-crise-en-tunisie\/#primaryimage"},"thumbnailUrl":"https:\/\/kapitalis.com\/tunisie\/wp-content\/uploads\/2023\/11\/Nejib-Chebbi-Samir-Dilou.jpg","datePublished":"2023-11-14T09:51:14+00:00","dateModified":"2023-11-14T09:51:16+00:00","breadcrumb":{"@id":"https:\/\/kapitalis.com\/tunisie\/2023\/11\/14\/nejib-chebbi-la-situation-en-palestine-ne-doit-pas-detourner-lattention-de-la-crise-en-tunisie\/#breadcrumb"},"inLanguage":"fr-FR","potentialAction":[{"@type":"ReadAction","target":["https:\/\/kapitalis.com\/tunisie\/2023\/11\/14\/nejib-chebbi-la-situation-en-palestine-ne-doit-pas-detourner-lattention-de-la-crise-en-tunisie\/"]}]},{"@type":"ImageObject","inLanguage":"fr-FR","@id":"https:\/\/kapitalis.com\/tunisie\/2023\/11\/14\/nejib-chebbi-la-situation-en-palestine-ne-doit-pas-detourner-lattention-de-la-crise-en-tunisie\/#primaryimage","url":"https:\/\/kapitalis.com\/tunisie\/wp-content\/uploads\/2023\/11\/Nejib-Chebbi-Samir-Dilou.jpg","contentUrl":"https:\/\/kapitalis.com\/tunisie\/wp-content\/uploads\/2023\/11\/Nejib-Chebbi-Samir-Dilou.jpg","width":1200,"height":630},{"@type":"BreadcrumbList","@id":"https:\/\/kapitalis.com\/tunisie\/2023\/11\/14\/nejib-chebbi-la-situation-en-palestine-ne-doit-pas-detourner-lattention-de-la-crise-en-tunisie\/#breadcrumb","itemListElement":[{"@type":"ListItem","position":1,"name":"Accueil","item":"https:\/\/kapitalis.com\/tunisie\/"},{"@type":"ListItem","position":2,"name":"Nejib Chebbi\u00a0: \u00abLa situation en Palestine ne doit pas d\u00e9tourner l\u2019attention de la crise en Tunisie\u00bb"}]},{"@type":"WebSite","@id":"https:\/\/kapitalis.com\/tunisie\/#website","url":"https:\/\/kapitalis.com\/tunisie\/","name":"Kapitalis","description":"L&#039;actualit\u00e9 en Tunisie et dans le monde","publisher":{"@id":"https:\/\/kapitalis.com\/tunisie\/#organization"},"potentialAction":[{"@type":"SearchAction","target":{"@type":"EntryPoint","urlTemplate":"https:\/\/kapitalis.com\/tunisie\/?s={search_term_string}"},"query-input":{"@type":"PropertyValueSpecification","valueRequired":true,"valueName":"search_term_string"}}],"inLanguage":"fr-FR"},{"@type":"Organization","@id":"https:\/\/kapitalis.com\/tunisie\/#organization","name":"Kapitalis","url":"https:\/\/kapitalis.com\/tunisie\/","logo":{"@type":"ImageObject","inLanguage":"fr-FR","@id":"https:\/\/kapitalis.com\/tunisie\/#\/schema\/logo\/image\/","url":"https:\/\/kapitalis.com\/tunisie\/wp-content\/uploads\/2022\/05\/Kapitalis-big-size.png","contentUrl":"https:\/\/kapitalis.com\/tunisie\/wp-content\/uploads\/2022\/05\/Kapitalis-big-size.png","width":5000,"height":1500,"caption":"Kapitalis"},"image":{"@id":"https:\/\/kapitalis.com\/tunisie\/#\/schema\/logo\/image\/"},"sameAs":["https:\/\/www.facebook.com\/KapitalisInfo\/","https:\/\/x.com\/KapitalisInfo","https:\/\/www.youtube.com\/channel\/UC-yDYrHyfFBWWZaOw3FPg9Q"]},{"@type":"Person","@id":"https:\/\/kapitalis.com\/tunisie\/#\/schema\/person\/d71f33a9ca44f7bad4698210b480c8e9","name":"webmaster kapitalis","url":"https:\/\/kapitalis.com\/tunisie\/author\/webmaster-kapitalis\/"}]}},"_links":{"self":[{"href":"https:\/\/kapitalis.com\/tunisie\/wp-json\/wp\/v2\/posts\/10518698","targetHints":{"allow":["GET"]}}],"collection":[{"href":"https:\/\/kapitalis.com\/tunisie\/wp-json\/wp\/v2\/posts"}],"about":[{"href":"https:\/\/kapitalis.com\/tunisie\/wp-json\/wp\/v2\/types\/post"}],"author":[{"embeddable":true,"href":"https:\/\/kapitalis.com\/tunisie\/wp-json\/wp\/v2\/users\/8"}],"replies":[{"embeddable":true,"href":"https:\/\/kapitalis.com\/tunisie\/wp-json\/wp\/v2\/comments?post=10518698"}],"version-history":[{"count":1,"href":"https:\/\/kapitalis.com\/tunisie\/wp-json\/wp\/v2\/posts\/10518698\/revisions"}],"predecessor-version":[{"id":10518852,"href":"https:\/\/kapitalis.com\/tunisie\/wp-json\/wp\/v2\/posts\/10518698\/revisions\/10518852"}],"wp:featuredmedia":[{"embeddable":true,"href":"https:\/\/kapitalis.com\/tunisie\/wp-json\/wp\/v2\/media\/10518783"}],"wp:attachment":[{"href":"https:\/\/kapitalis.com\/tunisie\/wp-json\/wp\/v2\/media?parent=10518698"}],"wp:term":[{"taxonomy":"category","embeddable":true,"href":"https:\/\/kapitalis.com\/tunisie\/wp-json\/wp\/v2\/categories?post=10518698"},{"taxonomy":"post_tag","embeddable":true,"href":"https:\/\/kapitalis.com\/tunisie\/wp-json\/wp\/v2\/tags?post=10518698"}],"curies":[{"name":"wp","href":"https:\/\/api.w.org\/{rel}","templated":true}]}}