{"id":10536004,"date":"2023-11-15T19:20:13","date_gmt":"2023-11-15T18:20:13","guid":{"rendered":"https:\/\/kapitalis.com\/tunisie\/?p=10536004"},"modified":"2023-11-15T20:20:23","modified_gmt":"2023-11-15T19:20:23","slug":"la-coordination-des-forces-democratiques-solidaire-avec-riadh-ben-fadhel","status":"publish","type":"post","link":"https:\/\/kapitalis.com\/tunisie\/2023\/11\/15\/la-coordination-des-forces-democratiques-solidaire-avec-riadh-ben-fadhel\/","title":{"rendered":"La Coordination des forces d\u00e9mocratiques solidaire avec Riadh Ben Fadhel"},"content":{"rendered":"\n<p><strong><em>La Coordination des forces d\u00e9mocratiques progressistes a exprim\u00e9, ce mercredi 15 novembre 2023, sa solidarit\u00e9 avec le coordinateur g\u00e9n\u00e9ral du parti Al-Qotb Riadh Ben Fadhel, arr\u00eat\u00e9 hier \u00e0 l\u2019a\u00e9roport de Tunis-Carthage \u00e0 son retour de l\u2019\u00e9tranger et plac\u00e9 de d\u00e9tention pour une p\u00e9riode de 5 jours.<\/em><\/strong><\/p>\n\n\n\n<!--more-->\n\n\n\n<p>La Coordination des forces d\u00e9mocratiques regroupant les partis Attayar, Al-Qotb, Ettakatol et le parti des Travailleurs, affirme que l\u2019arrestation de Riad Ben Fadhel s\u2019inscrit dans le cadre<em> \u00abde la politique du r\u00e9gime visant \u00e0 museler toute opposition\u00bb.<\/em><\/p>\n\n\n\n<p>Dans son communiqu\u00e9, la coordination a affirme \u00eatre dite mobilis\u00e9e pour d\u00e9fendre le coordinateur g\u00e9n\u00e9ral du parti Al Qotb, estimant par ailleurs que les arrestations des opposants politiques <em>\u00abne sont qu\u2019un moyen pour distraire l&rsquo;opinion publique et camoufler l&rsquo;\u00e9chec lamentable du pouvoir putschiste dans tous les domaines \u00e9conomique, social, politique et diplomatique\u00bb.<\/em><\/p>\n\n\n\n<p>Rappelons que Me Mohamed Ali Ghrib avocat de Riadh Ben Fadhel a indiqu\u00e9, ce matin sur IFM que le concern\u00e9 a \u00e9t\u00e9 interrog\u00e9 dans le cadre d&rsquo;une enqu\u00eate d\u00e9j\u00e0 ouverte \u00e0 son encontre et pour laquelle il avait d\u00e9j\u00e0 \u00e9t\u00e9 auditionn\u00e9.<\/p>\n\n\n\n<p>Cette affaire porte sur les circonstances jug\u00e9es douteuses de l\u2019acquisition d\u2019un lot de v\u00e9hicules luxueux de l\u2019ancien pr\u00e9sident, confisqu\u00e9s par l\u2019Etat apr\u00e8s sa chute le 14 janvier 2011.<\/p>\n\n\n\n<p> L&rsquo;avocat a toutefois affirm\u00e9 que l\u2019achat du lot de v\u00e9hicules s\u2019est d\u00e9roul\u00e9 dans des conditions l\u00e9gales, et ce, dans le cadre d\u2019une vente aux ench\u00e8res publiques et en pr\u00e9sence d\u2019experts et de responsables publics.<\/p>\n\n\n\n<p class=\"has-text-align-right\"><strong>Y. N.<\/strong><\/p>\n\n\n\n<figure class=\"wp-block-embed is-type-wp-embed is-provider-kapitalis wp-block-embed-kapitalis\"><div class=\"wp-block-embed__wrapper\">\n<blockquote class=\"wp-embedded-content\" data-secret=\"6TT7VgKXcn\"><a href=\"https:\/\/kapitalis.com\/tunisie\/2023\/11\/15\/tunisie-les-vraies-raisons-de-larrestation-de-riadh-ben-fadhel\/\">Tunisie\u00a0: les vraies raisons de l\u2019arrestation de Riadh Ben Fadhel<\/a><\/blockquote><iframe loading=\"lazy\" class=\"wp-embedded-content\" sandbox=\"allow-scripts\" security=\"restricted\" style=\"position: absolute; clip: rect(1px, 1px, 1px, 1px);\" title=\"\u00ab\u00a0Tunisie\u00a0: les vraies raisons de l\u2019arrestation de Riadh Ben Fadhel\u00a0\u00bb &#8212; Kapitalis\" src=\"https:\/\/kapitalis.com\/tunisie\/2023\/11\/15\/tunisie-les-vraies-raisons-de-larrestation-de-riadh-ben-fadhel\/embed\/#?secret=7GLPTWAGhG#?secret=6TT7VgKXcn\" data-secret=\"6TT7VgKXcn\" width=\"600\" height=\"338\" frameborder=\"0\" marginwidth=\"0\" marginheight=\"0\" scrolling=\"no\"><\/iframe>\n<\/div><\/figure>\n","protected":false},"excerpt":{"rendered":"<p>La Coordination des forces d\u00e9mocratiques progressistes a exprim\u00e9, ce mercredi 15 novembre 2023, sa solidarit\u00e9 avec le coordinateur g\u00e9n\u00e9ral du parti Al-Qotb Riadh Ben Fadhel, arr\u00eat\u00e9 hier \u00e0 l\u2019a\u00e9roport de Tunis-Carthage \u00e0 son retour de l\u2019\u00e9tranger et plac\u00e9 de d\u00e9tention pour une p\u00e9riode de 5 jours.<\/p>\n","protected":false},"author":6,"featured_media":5940965,"comment_status":"open","ping_status":"open","sticky":false,"template":"","format":"standard","meta":{"footnotes":""},"categories":[997,2433],"tags":[100159,15519,140,1279,5560,5337,101200,62643],"class_list":["post-10536004","post","type-post","status-publish","format-standard","has-post-thumbnail","hentry","category-politique","category-tunisie","tag-al-qotb-2","tag-attayar","tag-ben-ali","tag-detention","tag-ettakatol","tag-parti-des-travailleurs","tag-riadh-ben-fadhel","tag-tunisie"],"yoast_head":"<!-- This site is optimized with the Yoast SEO plugin v26.6 - https:\/\/yoast.com\/wordpress\/plugins\/seo\/ -->\n<title>La Coordination des forces d\u00e9mocratiques solidaire avec Riadh Ben Fadhel - Kapitalis<\/title>\n<meta name=\"robots\" content=\"index, follow, max-snippet:-1, max-image-preview:large, max-video-preview:-1\" \/>\n<link rel=\"canonical\" href=\"https:\/\/kapitalis.com\/tunisie\/2023\/11\/15\/la-coordination-des-forces-democratiques-solidaire-avec-riadh-ben-fadhel\/\" \/>\n<meta property=\"og:locale\" content=\"fr_FR\" \/>\n<meta property=\"og:type\" content=\"article\" \/>\n<meta property=\"og:title\" content=\"La Coordination des forces d\u00e9mocratiques solidaire avec Riadh Ben Fadhel - Kapitalis\" \/>\n<meta property=\"og:description\" content=\"La Coordination des forces d\u00e9mocratiques progressistes a exprim\u00e9, ce mercredi 15 novembre 2023, sa solidarit\u00e9 avec le coordinateur g\u00e9n\u00e9ral du parti Al-Qotb Riadh Ben Fadhel, arr\u00eat\u00e9 hier \u00e0 l\u2019a\u00e9roport de Tunis-Carthage \u00e0 son retour de l\u2019\u00e9tranger et plac\u00e9 de d\u00e9tention pour une p\u00e9riode de 5 jours.\" \/>\n<meta property=\"og:url\" content=\"https:\/\/kapitalis.com\/tunisie\/2023\/11\/15\/la-coordination-des-forces-democratiques-solidaire-avec-riadh-ben-fadhel\/\" \/>\n<meta property=\"og:site_name\" content=\"Kapitalis\" \/>\n<meta property=\"article:publisher\" content=\"https:\/\/www.facebook.com\/KapitalisInfo\/\" \/>\n<meta property=\"article:published_time\" content=\"2023-11-15T18:20:13+00:00\" \/>\n<meta property=\"article:modified_time\" content=\"2023-11-15T19:20:23+00:00\" \/>\n<meta property=\"og:image\" content=\"https:\/\/kapitalis.com\/tunisie\/wp-content\/uploads\/2023\/01\/Les-Cinq-partis-de-lopposition.jpg\" \/>\n\t<meta property=\"og:image:width\" content=\"1200\" \/>\n\t<meta property=\"og:image:height\" content=\"630\" \/>\n\t<meta property=\"og:image:type\" content=\"image\/jpeg\" \/>\n<meta name=\"author\" content=\"Yusra NY\" \/>\n<meta name=\"twitter:card\" content=\"summary_large_image\" \/>\n<meta name=\"twitter:creator\" content=\"@KapitalisInfo\" \/>\n<meta name=\"twitter:site\" content=\"@KapitalisInfo\" \/>\n<meta name=\"twitter:label1\" content=\"\u00c9crit par\" \/>\n\t<meta name=\"twitter:data1\" content=\"Yusra NY\" \/>\n\t<meta name=\"twitter:label2\" content=\"Dur\u00e9e de lecture estim\u00e9e\" \/>\n\t<meta name=\"twitter:data2\" content=\"1 minute\" \/>\n<script type=\"application\/ld+json\" class=\"yoast-schema-graph\">{\"@context\":\"https:\/\/schema.org\",\"@graph\":[{\"@type\":\"Article\",\"@id\":\"https:\/\/kapitalis.com\/tunisie\/2023\/11\/15\/la-coordination-des-forces-democratiques-solidaire-avec-riadh-ben-fadhel\/#article\",\"isPartOf\":{\"@id\":\"https:\/\/kapitalis.com\/tunisie\/2023\/11\/15\/la-coordination-des-forces-democratiques-solidaire-avec-riadh-ben-fadhel\/\"},\"author\":{\"name\":\"Yusra NY\",\"@id\":\"https:\/\/kapitalis.com\/tunisie\/#\/schema\/person\/74bbde0154d49d790a92aaeac5bc01d5\"},\"headline\":\"La Coordination des forces d\u00e9mocratiques solidaire avec Riadh Ben Fadhel\",\"datePublished\":\"2023-11-15T18:20:13+00:00\",\"dateModified\":\"2023-11-15T19:20:23+00:00\",\"mainEntityOfPage\":{\"@id\":\"https:\/\/kapitalis.com\/tunisie\/2023\/11\/15\/la-coordination-des-forces-democratiques-solidaire-avec-riadh-ben-fadhel\/\"},\"wordCount\":287,\"commentCount\":0,\"publisher\":{\"@id\":\"https:\/\/kapitalis.com\/tunisie\/#organization\"},\"image\":{\"@id\":\"https:\/\/kapitalis.com\/tunisie\/2023\/11\/15\/la-coordination-des-forces-democratiques-solidaire-avec-riadh-ben-fadhel\/#primaryimage\"},\"thumbnailUrl\":\"https:\/\/kapitalis.com\/tunisie\/wp-content\/uploads\/2023\/01\/Les-Cinq-partis-de-lopposition.jpg\",\"keywords\":[\"Al-Qotb\",\"Attayar\",\"Ben Ali\",\"d\u00e9tention\",\"Ettakatol\",\"Parti des travailleurs\",\"Riadh Ben Fadhel\",\"Tunisie\"],\"articleSection\":[\"POLITIQUE\",\"Tunisie\"],\"inLanguage\":\"fr-FR\",\"potentialAction\":[{\"@type\":\"CommentAction\",\"name\":\"Comment\",\"target\":[\"https:\/\/kapitalis.com\/tunisie\/2023\/11\/15\/la-coordination-des-forces-democratiques-solidaire-avec-riadh-ben-fadhel\/#respond\"]}]},{\"@type\":\"WebPage\",\"@id\":\"https:\/\/kapitalis.com\/tunisie\/2023\/11\/15\/la-coordination-des-forces-democratiques-solidaire-avec-riadh-ben-fadhel\/\",\"url\":\"https:\/\/kapitalis.com\/tunisie\/2023\/11\/15\/la-coordination-des-forces-democratiques-solidaire-avec-riadh-ben-fadhel\/\",\"name\":\"La Coordination des forces d\u00e9mocratiques solidaire avec Riadh Ben Fadhel - Kapitalis\",\"isPartOf\":{\"@id\":\"https:\/\/kapitalis.com\/tunisie\/#website\"},\"primaryImageOfPage\":{\"@id\":\"https:\/\/kapitalis.com\/tunisie\/2023\/11\/15\/la-coordination-des-forces-democratiques-solidaire-avec-riadh-ben-fadhel\/#primaryimage\"},\"image\":{\"@id\":\"https:\/\/kapitalis.com\/tunisie\/2023\/11\/15\/la-coordination-des-forces-democratiques-solidaire-avec-riadh-ben-fadhel\/#primaryimage\"},\"thumbnailUrl\":\"https:\/\/kapitalis.com\/tunisie\/wp-content\/uploads\/2023\/01\/Les-Cinq-partis-de-lopposition.jpg\",\"datePublished\":\"2023-11-15T18:20:13+00:00\",\"dateModified\":\"2023-11-15T19:20:23+00:00\",\"breadcrumb\":{\"@id\":\"https:\/\/kapitalis.com\/tunisie\/2023\/11\/15\/la-coordination-des-forces-democratiques-solidaire-avec-riadh-ben-fadhel\/#breadcrumb\"},\"inLanguage\":\"fr-FR\",\"potentialAction\":[{\"@type\":\"ReadAction\",\"target\":[\"https:\/\/kapitalis.com\/tunisie\/2023\/11\/15\/la-coordination-des-forces-democratiques-solidaire-avec-riadh-ben-fadhel\/\"]}]},{\"@type\":\"ImageObject\",\"inLanguage\":\"fr-FR\",\"@id\":\"https:\/\/kapitalis.com\/tunisie\/2023\/11\/15\/la-coordination-des-forces-democratiques-solidaire-avec-riadh-ben-fadhel\/#primaryimage\",\"url\":\"https:\/\/kapitalis.com\/tunisie\/wp-content\/uploads\/2023\/01\/Les-Cinq-partis-de-lopposition.jpg\",\"contentUrl\":\"https:\/\/kapitalis.com\/tunisie\/wp-content\/uploads\/2023\/01\/Les-Cinq-partis-de-lopposition.jpg\",\"width\":1200,\"height\":630},{\"@type\":\"BreadcrumbList\",\"@id\":\"https:\/\/kapitalis.com\/tunisie\/2023\/11\/15\/la-coordination-des-forces-democratiques-solidaire-avec-riadh-ben-fadhel\/#breadcrumb\",\"itemListElement\":[{\"@type\":\"ListItem\",\"position\":1,\"name\":\"Accueil\",\"item\":\"https:\/\/kapitalis.com\/tunisie\/\"},{\"@type\":\"ListItem\",\"position\":2,\"name\":\"La Coordination des forces d\u00e9mocratiques solidaire avec Riadh Ben Fadhel\"}]},{\"@type\":\"WebSite\",\"@id\":\"https:\/\/kapitalis.com\/tunisie\/#website\",\"url\":\"https:\/\/kapitalis.com\/tunisie\/\",\"name\":\"Kapitalis\",\"description\":\"L&#039;actualit\u00e9 en Tunisie et dans le monde\",\"publisher\":{\"@id\":\"https:\/\/kapitalis.com\/tunisie\/#organization\"},\"potentialAction\":[{\"@type\":\"SearchAction\",\"target\":{\"@type\":\"EntryPoint\",\"urlTemplate\":\"https:\/\/kapitalis.com\/tunisie\/?s={search_term_string}\"},\"query-input\":{\"@type\":\"PropertyValueSpecification\",\"valueRequired\":true,\"valueName\":\"search_term_string\"}}],\"inLanguage\":\"fr-FR\"},{\"@type\":\"Organization\",\"@id\":\"https:\/\/kapitalis.com\/tunisie\/#organization\",\"name\":\"Kapitalis\",\"url\":\"https:\/\/kapitalis.com\/tunisie\/\",\"logo\":{\"@type\":\"ImageObject\",\"inLanguage\":\"fr-FR\",\"@id\":\"https:\/\/kapitalis.com\/tunisie\/#\/schema\/logo\/image\/\",\"url\":\"https:\/\/kapitalis.com\/tunisie\/wp-content\/uploads\/2022\/05\/Kapitalis-big-size.png\",\"contentUrl\":\"https:\/\/kapitalis.com\/tunisie\/wp-content\/uploads\/2022\/05\/Kapitalis-big-size.png\",\"width\":5000,\"height\":1500,\"caption\":\"Kapitalis\"},\"image\":{\"@id\":\"https:\/\/kapitalis.com\/tunisie\/#\/schema\/logo\/image\/\"},\"sameAs\":[\"https:\/\/www.facebook.com\/KapitalisInfo\/\",\"https:\/\/x.com\/KapitalisInfo\",\"https:\/\/www.youtube.com\/channel\/UC-yDYrHyfFBWWZaOw3FPg9Q\"]},{\"@type\":\"Person\",\"@id\":\"https:\/\/kapitalis.com\/tunisie\/#\/schema\/person\/74bbde0154d49d790a92aaeac5bc01d5\",\"name\":\"Yusra NY\",\"url\":\"https:\/\/kapitalis.com\/tunisie\/author\/yuza_adam\/\"}]}<\/script>\n<!-- \/ Yoast SEO plugin. -->","yoast_head_json":{"title":"La Coordination des forces d\u00e9mocratiques solidaire avec Riadh Ben Fadhel - Kapitalis","robots":{"index":"index","follow":"follow","max-snippet":"max-snippet:-1","max-image-preview":"max-image-preview:large","max-video-preview":"max-video-preview:-1"},"canonical":"https:\/\/kapitalis.com\/tunisie\/2023\/11\/15\/la-coordination-des-forces-democratiques-solidaire-avec-riadh-ben-fadhel\/","og_locale":"fr_FR","og_type":"article","og_title":"La Coordination des forces d\u00e9mocratiques solidaire avec Riadh Ben Fadhel - Kapitalis","og_description":"La Coordination des forces d\u00e9mocratiques progressistes a exprim\u00e9, ce mercredi 15 novembre 2023, sa solidarit\u00e9 avec le coordinateur g\u00e9n\u00e9ral du parti Al-Qotb Riadh Ben Fadhel, arr\u00eat\u00e9 hier \u00e0 l\u2019a\u00e9roport de Tunis-Carthage \u00e0 son retour de l\u2019\u00e9tranger et plac\u00e9 de d\u00e9tention pour une p\u00e9riode de 5 jours.","og_url":"https:\/\/kapitalis.com\/tunisie\/2023\/11\/15\/la-coordination-des-forces-democratiques-solidaire-avec-riadh-ben-fadhel\/","og_site_name":"Kapitalis","article_publisher":"https:\/\/www.facebook.com\/KapitalisInfo\/","article_published_time":"2023-11-15T18:20:13+00:00","article_modified_time":"2023-11-15T19:20:23+00:00","og_image":[{"width":1200,"height":630,"url":"https:\/\/kapitalis.com\/tunisie\/wp-content\/uploads\/2023\/01\/Les-Cinq-partis-de-lopposition.jpg","type":"image\/jpeg"}],"author":"Yusra NY","twitter_card":"summary_large_image","twitter_creator":"@KapitalisInfo","twitter_site":"@KapitalisInfo","twitter_misc":{"\u00c9crit par":"Yusra NY","Dur\u00e9e de lecture estim\u00e9e":"1 minute"},"schema":{"@context":"https:\/\/schema.org","@graph":[{"@type":"Article","@id":"https:\/\/kapitalis.com\/tunisie\/2023\/11\/15\/la-coordination-des-forces-democratiques-solidaire-avec-riadh-ben-fadhel\/#article","isPartOf":{"@id":"https:\/\/kapitalis.com\/tunisie\/2023\/11\/15\/la-coordination-des-forces-democratiques-solidaire-avec-riadh-ben-fadhel\/"},"author":{"name":"Yusra NY","@id":"https:\/\/kapitalis.com\/tunisie\/#\/schema\/person\/74bbde0154d49d790a92aaeac5bc01d5"},"headline":"La Coordination des forces d\u00e9mocratiques solidaire avec Riadh Ben Fadhel","datePublished":"2023-11-15T18:20:13+00:00","dateModified":"2023-11-15T19:20:23+00:00","mainEntityOfPage":{"@id":"https:\/\/kapitalis.com\/tunisie\/2023\/11\/15\/la-coordination-des-forces-democratiques-solidaire-avec-riadh-ben-fadhel\/"},"wordCount":287,"commentCount":0,"publisher":{"@id":"https:\/\/kapitalis.com\/tunisie\/#organization"},"image":{"@id":"https:\/\/kapitalis.com\/tunisie\/2023\/11\/15\/la-coordination-des-forces-democratiques-solidaire-avec-riadh-ben-fadhel\/#primaryimage"},"thumbnailUrl":"https:\/\/kapitalis.com\/tunisie\/wp-content\/uploads\/2023\/01\/Les-Cinq-partis-de-lopposition.jpg","keywords":["Al-Qotb","Attayar","Ben Ali","d\u00e9tention","Ettakatol","Parti des travailleurs","Riadh Ben Fadhel","Tunisie"],"articleSection":["POLITIQUE","Tunisie"],"inLanguage":"fr-FR","potentialAction":[{"@type":"CommentAction","name":"Comment","target":["https:\/\/kapitalis.com\/tunisie\/2023\/11\/15\/la-coordination-des-forces-democratiques-solidaire-avec-riadh-ben-fadhel\/#respond"]}]},{"@type":"WebPage","@id":"https:\/\/kapitalis.com\/tunisie\/2023\/11\/15\/la-coordination-des-forces-democratiques-solidaire-avec-riadh-ben-fadhel\/","url":"https:\/\/kapitalis.com\/tunisie\/2023\/11\/15\/la-coordination-des-forces-democratiques-solidaire-avec-riadh-ben-fadhel\/","name":"La Coordination des forces d\u00e9mocratiques solidaire avec Riadh Ben Fadhel - Kapitalis","isPartOf":{"@id":"https:\/\/kapitalis.com\/tunisie\/#website"},"primaryImageOfPage":{"@id":"https:\/\/kapitalis.com\/tunisie\/2023\/11\/15\/la-coordination-des-forces-democratiques-solidaire-avec-riadh-ben-fadhel\/#primaryimage"},"image":{"@id":"https:\/\/kapitalis.com\/tunisie\/2023\/11\/15\/la-coordination-des-forces-democratiques-solidaire-avec-riadh-ben-fadhel\/#primaryimage"},"thumbnailUrl":"https:\/\/kapitalis.com\/tunisie\/wp-content\/uploads\/2023\/01\/Les-Cinq-partis-de-lopposition.jpg","datePublished":"2023-11-15T18:20:13+00:00","dateModified":"2023-11-15T19:20:23+00:00","breadcrumb":{"@id":"https:\/\/kapitalis.com\/tunisie\/2023\/11\/15\/la-coordination-des-forces-democratiques-solidaire-avec-riadh-ben-fadhel\/#breadcrumb"},"inLanguage":"fr-FR","potentialAction":[{"@type":"ReadAction","target":["https:\/\/kapitalis.com\/tunisie\/2023\/11\/15\/la-coordination-des-forces-democratiques-solidaire-avec-riadh-ben-fadhel\/"]}]},{"@type":"ImageObject","inLanguage":"fr-FR","@id":"https:\/\/kapitalis.com\/tunisie\/2023\/11\/15\/la-coordination-des-forces-democratiques-solidaire-avec-riadh-ben-fadhel\/#primaryimage","url":"https:\/\/kapitalis.com\/tunisie\/wp-content\/uploads\/2023\/01\/Les-Cinq-partis-de-lopposition.jpg","contentUrl":"https:\/\/kapitalis.com\/tunisie\/wp-content\/uploads\/2023\/01\/Les-Cinq-partis-de-lopposition.jpg","width":1200,"height":630},{"@type":"BreadcrumbList","@id":"https:\/\/kapitalis.com\/tunisie\/2023\/11\/15\/la-coordination-des-forces-democratiques-solidaire-avec-riadh-ben-fadhel\/#breadcrumb","itemListElement":[{"@type":"ListItem","position":1,"name":"Accueil","item":"https:\/\/kapitalis.com\/tunisie\/"},{"@type":"ListItem","position":2,"name":"La Coordination des forces d\u00e9mocratiques solidaire avec Riadh Ben Fadhel"}]},{"@type":"WebSite","@id":"https:\/\/kapitalis.com\/tunisie\/#website","url":"https:\/\/kapitalis.com\/tunisie\/","name":"Kapitalis","description":"L&#039;actualit\u00e9 en Tunisie et dans le monde","publisher":{"@id":"https:\/\/kapitalis.com\/tunisie\/#organization"},"potentialAction":[{"@type":"SearchAction","target":{"@type":"EntryPoint","urlTemplate":"https:\/\/kapitalis.com\/tunisie\/?s={search_term_string}"},"query-input":{"@type":"PropertyValueSpecification","valueRequired":true,"valueName":"search_term_string"}}],"inLanguage":"fr-FR"},{"@type":"Organization","@id":"https:\/\/kapitalis.com\/tunisie\/#organization","name":"Kapitalis","url":"https:\/\/kapitalis.com\/tunisie\/","logo":{"@type":"ImageObject","inLanguage":"fr-FR","@id":"https:\/\/kapitalis.com\/tunisie\/#\/schema\/logo\/image\/","url":"https:\/\/kapitalis.com\/tunisie\/wp-content\/uploads\/2022\/05\/Kapitalis-big-size.png","contentUrl":"https:\/\/kapitalis.com\/tunisie\/wp-content\/uploads\/2022\/05\/Kapitalis-big-size.png","width":5000,"height":1500,"caption":"Kapitalis"},"image":{"@id":"https:\/\/kapitalis.com\/tunisie\/#\/schema\/logo\/image\/"},"sameAs":["https:\/\/www.facebook.com\/KapitalisInfo\/","https:\/\/x.com\/KapitalisInfo","https:\/\/www.youtube.com\/channel\/UC-yDYrHyfFBWWZaOw3FPg9Q"]},{"@type":"Person","@id":"https:\/\/kapitalis.com\/tunisie\/#\/schema\/person\/74bbde0154d49d790a92aaeac5bc01d5","name":"Yusra NY","url":"https:\/\/kapitalis.com\/tunisie\/author\/yuza_adam\/"}]}},"_links":{"self":[{"href":"https:\/\/kapitalis.com\/tunisie\/wp-json\/wp\/v2\/posts\/10536004","targetHints":{"allow":["GET"]}}],"collection":[{"href":"https:\/\/kapitalis.com\/tunisie\/wp-json\/wp\/v2\/posts"}],"about":[{"href":"https:\/\/kapitalis.com\/tunisie\/wp-json\/wp\/v2\/types\/post"}],"author":[{"embeddable":true,"href":"https:\/\/kapitalis.com\/tunisie\/wp-json\/wp\/v2\/users\/6"}],"replies":[{"embeddable":true,"href":"https:\/\/kapitalis.com\/tunisie\/wp-json\/wp\/v2\/comments?post=10536004"}],"version-history":[{"count":5,"href":"https:\/\/kapitalis.com\/tunisie\/wp-json\/wp\/v2\/posts\/10536004\/revisions"}],"predecessor-version":[{"id":10536084,"href":"https:\/\/kapitalis.com\/tunisie\/wp-json\/wp\/v2\/posts\/10536004\/revisions\/10536084"}],"wp:featuredmedia":[{"embeddable":true,"href":"https:\/\/kapitalis.com\/tunisie\/wp-json\/wp\/v2\/media\/5940965"}],"wp:attachment":[{"href":"https:\/\/kapitalis.com\/tunisie\/wp-json\/wp\/v2\/media?parent=10536004"}],"wp:term":[{"taxonomy":"category","embeddable":true,"href":"https:\/\/kapitalis.com\/tunisie\/wp-json\/wp\/v2\/categories?post=10536004"},{"taxonomy":"post_tag","embeddable":true,"href":"https:\/\/kapitalis.com\/tunisie\/wp-json\/wp\/v2\/tags?post=10536004"}],"curies":[{"name":"wp","href":"https:\/\/api.w.org\/{rel}","templated":true}]}}