{"id":105399,"date":"2017-07-08T14:07:38","date_gmt":"2017-07-08T13:07:38","guid":{"rendered":"http:\/\/kapitalis.com\/tunisie\/?p=105399"},"modified":"2017-07-08T14:07:38","modified_gmt":"2017-07-08T13:07:38","slug":"chahed-est-il-otage-de-lugtt","status":"publish","type":"post","link":"https:\/\/kapitalis.com\/tunisie\/2017\/07\/08\/chahed-est-il-otage-de-lugtt\/","title":{"rendered":"Chahed est-il otage de l\u2019UGTT ?"},"content":{"rendered":"<p style=\"text-align: center;\"><img loading=\"lazy\" decoding=\"async\" class=\"alignnone size-full wp-image-84826\" src=\"http:\/\/kapitalis.com\/tunisie\/wp-content\/uploads\/2017\/02\/Noureddine-Taboubi-et-Youssef-Chahed-2.jpg\" alt=\"\" width=\"626\" height=\"380\" \/><\/p>\n<p style=\"text-align: center;\"><em>Noureddine Taboubi, SG de l&rsquo;UGTT, et le chef du gouvernement Youssef Chahed: une m\u00e9sentente cordiale.<\/em><\/p>\n<p><em><strong>En soutenant tout azimut les troubles sociaux dans les r\u00e9gions, l\u2019UGTT est en train d\u2019instaurer une autorit\u00e9 parall\u00e8le \u00e0 celle de l\u2019\u00c9tat.<\/strong> <\/em><\/p>\n<p>Par <strong>Salah El-Gharbi<\/strong><\/p>\n<p><!--more--><\/p>\n<p>Depuis la gr\u00e8ve g\u00e9n\u00e9rale du 16 mai 2017, la r\u00e9gion de K\u00e9bili conna\u00eet des troubles sociaux qui s\u2019amplifient et prennent une tournure inqui\u00e9tante, surtout apr\u00e8s la fermeture, par les jeunes protestataires, des vannes de gaz et de p\u00e9trole, privant ainsi la station de production de l\u2019\u00e9lectricit\u00e9 de Gab\u00e8s et la raffinerie de Skhira du ravitaillement en carburants. Et cette escalade pourrait durer.<\/p>\n<p>Selon la coordination des manifestants, qui compte dans ses rangs des membres de l\u2019Union des dipl\u00f4m\u00e9s ch\u00f4meurs (UDC), ces actions \u00ab<em>pacifiques<\/em>\u00bb seraient une r\u00e9ponse au gouvernement, qui reste sourd aux dol\u00e9ances des jeunes de la r\u00e9gion, \u00e0 savoir la \u00ab<em>nationalisation des richesses mini\u00e8res, le d\u00e9veloppement et l\u2019emploi<\/em>\u00bb (excusez du peu !).<\/p>\n<p><strong>Des pyromanes pompiers <\/strong><\/p>\n<p>Le 27 juin dernier, le ton est mont\u00e9 d\u2019un cran avec la r\u00e9union organis\u00e9 au si\u00e8ge r\u00e9gional de l\u2019Union g\u00e9n\u00e9rale tunisienne du travail (UGTT) o\u00f9, apr\u00e8s les d\u00e9put\u00e9s Zouhaier Maghzaoui et Mahbouba Dhifallah, des repr\u00e9sentants de la soci\u00e9t\u00e9 civile de la r\u00e9gion sont venus apporter leur ferme soutien aux manifestants dans leur combat l\u00e9gitime et leur d\u00e9marche <em>\u00abpacifique\u00bb<\/em>.<\/p>\n<p>Le sc\u00e9nario d\u2019El-Faouar semble \u00e9crit d\u2019avance : surench\u00e8re des revendications, tergiversations des autorit\u00e9s, escalade de la violence, escarmouches avec les forces de l\u2019ordre, jusqu\u2019au jour o\u00f9 le secr\u00e9taire g\u00e9n\u00e9ral de l\u2019UGTT quitte sa r\u00e9serve et offre, \u00e0 un gouvernement en plein d\u00e9sarroi, ses bons offices pour la r\u00e9solution de la crise. \u00ab<em>Pyromane la nuit, sapeur-pompier le jour<\/em>\u00bb, diraient les mauvaises langues.<\/p>\n<p>En fait, l\u2019UGTT est dans son droit de profiter de la vuln\u00e9rabilit\u00e9 d\u2019un pouvoir central, priv\u00e9 d\u2019un soutien politique cons\u00e9quent et qui est condamn\u00e9 \u00e0 g\u00e9rer, sous la contrainte, le <em>\u00abtemps court\u00bb<\/em>. La centrale syndicale n\u2019a jamais \u00e9t\u00e9 aussi puissante que ces trois derni\u00e8res ann\u00e9es. Et l\u2019on comprend que son secr\u00e9taire g\u00e9n\u00e9ral puisse s\u2019immiscer dans le choix des noms pour le prochain remaniement minist\u00e9riel et s\u2019opposer \u00e0 la nomination de certaines personnalit\u00e9s qu\u2019il jugerait ind\u00e9sirables.<\/p>\n<p>Mais \u00e0 qui profite cette h\u00e9g\u00e9monie naissante? La suppos\u00e9e puissance du syndicat ne risque-t-elle pas de troubler le jeu d\u00e9mocratique, de vicier l\u2019\u00e9quilibre des forces, de tourner le dos \u00e0 la volont\u00e9 g\u00e9n\u00e9rale, dont l\u2019Assembl\u00e9e ds repr\u00e9sentants du peuple est cens\u00e9e \u00eatre l\u2019\u00e9manation? N\u2019est-on pas en train d\u2019instaurer une autorit\u00e9 parall\u00e8le \u00e0 celle de l\u2019\u00c9tat?<\/p>\n<p><strong>Chahed l\u00e2ch\u00e9 par les siens <\/strong><\/p>\n<p>Autant la d\u00e9marche opportuniste de l\u2019UGTT est pr\u00e9visible voire compr\u00e9hensible, autant la frilosit\u00e9 de l\u2019ex\u00e9cutif et sa passivit\u00e9 sont \u00e0 d\u00e9plorer. Ainsi, l\u2019escalade des jeunes d\u2019El-Faouar constitue-t-elle un camouflet pour le gouvernement et surtout pour le chef de l\u2019\u00c9tat qui, le 28 mai dernier, a r\u00e9uni le Conseil de s\u00e9curit\u00e9 nationale, pour pr\u00e9parer un projet de loi d\u00e9clarant les sites de production et les installations strat\u00e9giques et vitales des \u00ab<em>zones militaires interdites<\/em>\u00bb.<\/p>\n<p>Otage de l\u2019UGTT, mais aussi de Nidaa Tounes et d\u2019Ennahdha, les partis politiques qui sont cens\u00e9s appuyer son action, Youssef Chahed, malgr\u00e9 le succ\u00e8s de sa campagne contre la corruption, traverse une mauvaise passe et doit jouer son avenir politique.<\/p>\n<p>Volontaire, le chef de gouvernement doit jouer l\u2019\u00e9quilibriste pour durer \u00e0 la Kasbah, condamn\u00e9 \u00e0 rester jusqu\u2019au bout sous la tutelle d\u2019un pr\u00e9sident dont l\u2019autorit\u00e9 est min\u00e9e de toutes parts, et \u00e0 commencer par son propre fils, Hafedh Ca\u00efd Essebsi, ci-devant secr\u00e9taire ex\u00e9cutif de Nidaa Tounes, parti qu\u2019il a presque d\u00e9j\u00e0 compl\u00e8tement d\u00e9truit par ses man\u0153uvres de bas \u00e9tage et ses errements d\u2019enfant g\u00e2t\u00e9 et sans jugeote.<\/p>\n","protected":false},"excerpt":{"rendered":"<p>Noureddine Taboubi, SG de l&rsquo;UGTT, et le chef du gouvernement Youssef Chahed: une m\u00e9sentente cordiale. En soutenant tout azimut les troubles sociaux dans les r\u00e9gions, l\u2019UGTT est en train d\u2019instaurer une autorit\u00e9 parall\u00e8le \u00e0 celle de l\u2019\u00c9tat. Par Salah El-Gharbi<\/p>\n","protected":false},"author":8,"featured_media":0,"comment_status":"open","ping_status":"open","sticky":false,"template":"","format":"standard","meta":{"footnotes":""},"categories":[992,997,2433],"tags":[28073,526,21897,21831],"class_list":["post-105399","post","type-post","status-publish","format-standard","hentry","category-a-la-une","category-politique","category-tunisie","tag-el-faouar","tag-kebili","tag-noureddine-taboubi","tag-union-generale-tunisienne-du-travail"],"yoast_head":"<!-- This site is optimized with the Yoast SEO plugin v26.6 - https:\/\/yoast.com\/wordpress\/plugins\/seo\/ -->\n<title>Chahed est-il otage de l\u2019UGTT ? - Kapitalis<\/title>\n<meta name=\"robots\" content=\"index, follow, max-snippet:-1, max-image-preview:large, max-video-preview:-1\" \/>\n<link rel=\"canonical\" href=\"https:\/\/kapitalis.com\/tunisie\/2017\/07\/08\/chahed-est-il-otage-de-lugtt\/\" \/>\n<meta property=\"og:locale\" content=\"fr_FR\" \/>\n<meta property=\"og:type\" content=\"article\" \/>\n<meta property=\"og:title\" content=\"Chahed est-il otage de l\u2019UGTT ? - Kapitalis\" \/>\n<meta property=\"og:description\" content=\"Noureddine Taboubi, SG de l&rsquo;UGTT, et le chef du gouvernement Youssef Chahed: une m\u00e9sentente cordiale. En soutenant tout azimut les troubles sociaux dans les r\u00e9gions, l\u2019UGTT est en train d\u2019instaurer une autorit\u00e9 parall\u00e8le \u00e0 celle de l\u2019\u00c9tat. Par Salah El-Gharbi\" \/>\n<meta property=\"og:url\" content=\"https:\/\/kapitalis.com\/tunisie\/2017\/07\/08\/chahed-est-il-otage-de-lugtt\/\" \/>\n<meta property=\"og:site_name\" content=\"Kapitalis\" \/>\n<meta property=\"article:publisher\" content=\"https:\/\/www.facebook.com\/KapitalisInfo\/\" \/>\n<meta property=\"article:published_time\" content=\"2017-07-08T13:07:38+00:00\" \/>\n<meta property=\"og:image\" content=\"http:\/\/kapitalis.com\/tunisie\/wp-content\/uploads\/2017\/02\/Noureddine-Taboubi-et-Youssef-Chahed-2.jpg\" \/>\n<meta name=\"author\" content=\"webmaster kapitalis\" \/>\n<meta name=\"twitter:card\" content=\"summary_large_image\" \/>\n<meta name=\"twitter:creator\" content=\"@KapitalisInfo\" \/>\n<meta name=\"twitter:site\" content=\"@KapitalisInfo\" \/>\n<meta name=\"twitter:label1\" content=\"\u00c9crit par\" \/>\n\t<meta name=\"twitter:data1\" content=\"webmaster kapitalis\" \/>\n\t<meta name=\"twitter:label2\" content=\"Dur\u00e9e de lecture estim\u00e9e\" \/>\n\t<meta name=\"twitter:data2\" content=\"3 minutes\" \/>\n<script type=\"application\/ld+json\" class=\"yoast-schema-graph\">{\"@context\":\"https:\/\/schema.org\",\"@graph\":[{\"@type\":\"Article\",\"@id\":\"https:\/\/kapitalis.com\/tunisie\/2017\/07\/08\/chahed-est-il-otage-de-lugtt\/#article\",\"isPartOf\":{\"@id\":\"https:\/\/kapitalis.com\/tunisie\/2017\/07\/08\/chahed-est-il-otage-de-lugtt\/\"},\"author\":{\"name\":\"webmaster kapitalis\",\"@id\":\"https:\/\/kapitalis.com\/tunisie\/#\/schema\/person\/d71f33a9ca44f7bad4698210b480c8e9\"},\"headline\":\"Chahed est-il otage de l\u2019UGTT ?\",\"datePublished\":\"2017-07-08T13:07:38+00:00\",\"mainEntityOfPage\":{\"@id\":\"https:\/\/kapitalis.com\/tunisie\/2017\/07\/08\/chahed-est-il-otage-de-lugtt\/\"},\"wordCount\":705,\"commentCount\":8,\"publisher\":{\"@id\":\"https:\/\/kapitalis.com\/tunisie\/#organization\"},\"image\":{\"@id\":\"https:\/\/kapitalis.com\/tunisie\/2017\/07\/08\/chahed-est-il-otage-de-lugtt\/#primaryimage\"},\"thumbnailUrl\":\"http:\/\/kapitalis.com\/tunisie\/wp-content\/uploads\/2017\/02\/Noureddine-Taboubi-et-Youssef-Chahed-2.jpg\",\"keywords\":[\"El-Faouar\",\"K\u00e9bili\",\"Noureddine Taboubi\",\"Union g\u00e9n\u00e9rale tunisienne du travail\"],\"articleSection\":[\"A LA UNE\",\"POLITIQUE\",\"Tunisie\"],\"inLanguage\":\"fr-FR\",\"potentialAction\":[{\"@type\":\"CommentAction\",\"name\":\"Comment\",\"target\":[\"https:\/\/kapitalis.com\/tunisie\/2017\/07\/08\/chahed-est-il-otage-de-lugtt\/#respond\"]}]},{\"@type\":\"WebPage\",\"@id\":\"https:\/\/kapitalis.com\/tunisie\/2017\/07\/08\/chahed-est-il-otage-de-lugtt\/\",\"url\":\"https:\/\/kapitalis.com\/tunisie\/2017\/07\/08\/chahed-est-il-otage-de-lugtt\/\",\"name\":\"Chahed est-il otage de l\u2019UGTT ? - Kapitalis\",\"isPartOf\":{\"@id\":\"https:\/\/kapitalis.com\/tunisie\/#website\"},\"primaryImageOfPage\":{\"@id\":\"https:\/\/kapitalis.com\/tunisie\/2017\/07\/08\/chahed-est-il-otage-de-lugtt\/#primaryimage\"},\"image\":{\"@id\":\"https:\/\/kapitalis.com\/tunisie\/2017\/07\/08\/chahed-est-il-otage-de-lugtt\/#primaryimage\"},\"thumbnailUrl\":\"http:\/\/kapitalis.com\/tunisie\/wp-content\/uploads\/2017\/02\/Noureddine-Taboubi-et-Youssef-Chahed-2.jpg\",\"datePublished\":\"2017-07-08T13:07:38+00:00\",\"breadcrumb\":{\"@id\":\"https:\/\/kapitalis.com\/tunisie\/2017\/07\/08\/chahed-est-il-otage-de-lugtt\/#breadcrumb\"},\"inLanguage\":\"fr-FR\",\"potentialAction\":[{\"@type\":\"ReadAction\",\"target\":[\"https:\/\/kapitalis.com\/tunisie\/2017\/07\/08\/chahed-est-il-otage-de-lugtt\/\"]}]},{\"@type\":\"ImageObject\",\"inLanguage\":\"fr-FR\",\"@id\":\"https:\/\/kapitalis.com\/tunisie\/2017\/07\/08\/chahed-est-il-otage-de-lugtt\/#primaryimage\",\"url\":\"http:\/\/kapitalis.com\/tunisie\/wp-content\/uploads\/2017\/02\/Noureddine-Taboubi-et-Youssef-Chahed-2.jpg\",\"contentUrl\":\"http:\/\/kapitalis.com\/tunisie\/wp-content\/uploads\/2017\/02\/Noureddine-Taboubi-et-Youssef-Chahed-2.jpg\"},{\"@type\":\"BreadcrumbList\",\"@id\":\"https:\/\/kapitalis.com\/tunisie\/2017\/07\/08\/chahed-est-il-otage-de-lugtt\/#breadcrumb\",\"itemListElement\":[{\"@type\":\"ListItem\",\"position\":1,\"name\":\"Accueil\",\"item\":\"https:\/\/kapitalis.com\/tunisie\/\"},{\"@type\":\"ListItem\",\"position\":2,\"name\":\"Chahed est-il otage de l\u2019UGTT ?\"}]},{\"@type\":\"WebSite\",\"@id\":\"https:\/\/kapitalis.com\/tunisie\/#website\",\"url\":\"https:\/\/kapitalis.com\/tunisie\/\",\"name\":\"Kapitalis\",\"description\":\"L&#039;actualit\u00e9 en Tunisie et dans le monde\",\"publisher\":{\"@id\":\"https:\/\/kapitalis.com\/tunisie\/#organization\"},\"potentialAction\":[{\"@type\":\"SearchAction\",\"target\":{\"@type\":\"EntryPoint\",\"urlTemplate\":\"https:\/\/kapitalis.com\/tunisie\/?s={search_term_string}\"},\"query-input\":{\"@type\":\"PropertyValueSpecification\",\"valueRequired\":true,\"valueName\":\"search_term_string\"}}],\"inLanguage\":\"fr-FR\"},{\"@type\":\"Organization\",\"@id\":\"https:\/\/kapitalis.com\/tunisie\/#organization\",\"name\":\"Kapitalis\",\"url\":\"https:\/\/kapitalis.com\/tunisie\/\",\"logo\":{\"@type\":\"ImageObject\",\"inLanguage\":\"fr-FR\",\"@id\":\"https:\/\/kapitalis.com\/tunisie\/#\/schema\/logo\/image\/\",\"url\":\"https:\/\/kapitalis.com\/tunisie\/wp-content\/uploads\/2022\/05\/Kapitalis-big-size.png\",\"contentUrl\":\"https:\/\/kapitalis.com\/tunisie\/wp-content\/uploads\/2022\/05\/Kapitalis-big-size.png\",\"width\":5000,\"height\":1500,\"caption\":\"Kapitalis\"},\"image\":{\"@id\":\"https:\/\/kapitalis.com\/tunisie\/#\/schema\/logo\/image\/\"},\"sameAs\":[\"https:\/\/www.facebook.com\/KapitalisInfo\/\",\"https:\/\/x.com\/KapitalisInfo\",\"https:\/\/www.youtube.com\/channel\/UC-yDYrHyfFBWWZaOw3FPg9Q\"]},{\"@type\":\"Person\",\"@id\":\"https:\/\/kapitalis.com\/tunisie\/#\/schema\/person\/d71f33a9ca44f7bad4698210b480c8e9\",\"name\":\"webmaster kapitalis\",\"url\":\"https:\/\/kapitalis.com\/tunisie\/author\/webmaster-kapitalis\/\"}]}<\/script>\n<!-- \/ Yoast SEO plugin. -->","yoast_head_json":{"title":"Chahed est-il otage de l\u2019UGTT ? - Kapitalis","robots":{"index":"index","follow":"follow","max-snippet":"max-snippet:-1","max-image-preview":"max-image-preview:large","max-video-preview":"max-video-preview:-1"},"canonical":"https:\/\/kapitalis.com\/tunisie\/2017\/07\/08\/chahed-est-il-otage-de-lugtt\/","og_locale":"fr_FR","og_type":"article","og_title":"Chahed est-il otage de l\u2019UGTT ? - Kapitalis","og_description":"Noureddine Taboubi, SG de l&rsquo;UGTT, et le chef du gouvernement Youssef Chahed: une m\u00e9sentente cordiale. En soutenant tout azimut les troubles sociaux dans les r\u00e9gions, l\u2019UGTT est en train d\u2019instaurer une autorit\u00e9 parall\u00e8le \u00e0 celle de l\u2019\u00c9tat. Par Salah El-Gharbi","og_url":"https:\/\/kapitalis.com\/tunisie\/2017\/07\/08\/chahed-est-il-otage-de-lugtt\/","og_site_name":"Kapitalis","article_publisher":"https:\/\/www.facebook.com\/KapitalisInfo\/","article_published_time":"2017-07-08T13:07:38+00:00","og_image":[{"url":"http:\/\/kapitalis.com\/tunisie\/wp-content\/uploads\/2017\/02\/Noureddine-Taboubi-et-Youssef-Chahed-2.jpg","type":"","width":"","height":""}],"author":"webmaster kapitalis","twitter_card":"summary_large_image","twitter_creator":"@KapitalisInfo","twitter_site":"@KapitalisInfo","twitter_misc":{"\u00c9crit par":"webmaster kapitalis","Dur\u00e9e de lecture estim\u00e9e":"3 minutes"},"schema":{"@context":"https:\/\/schema.org","@graph":[{"@type":"Article","@id":"https:\/\/kapitalis.com\/tunisie\/2017\/07\/08\/chahed-est-il-otage-de-lugtt\/#article","isPartOf":{"@id":"https:\/\/kapitalis.com\/tunisie\/2017\/07\/08\/chahed-est-il-otage-de-lugtt\/"},"author":{"name":"webmaster kapitalis","@id":"https:\/\/kapitalis.com\/tunisie\/#\/schema\/person\/d71f33a9ca44f7bad4698210b480c8e9"},"headline":"Chahed est-il otage de l\u2019UGTT ?","datePublished":"2017-07-08T13:07:38+00:00","mainEntityOfPage":{"@id":"https:\/\/kapitalis.com\/tunisie\/2017\/07\/08\/chahed-est-il-otage-de-lugtt\/"},"wordCount":705,"commentCount":8,"publisher":{"@id":"https:\/\/kapitalis.com\/tunisie\/#organization"},"image":{"@id":"https:\/\/kapitalis.com\/tunisie\/2017\/07\/08\/chahed-est-il-otage-de-lugtt\/#primaryimage"},"thumbnailUrl":"http:\/\/kapitalis.com\/tunisie\/wp-content\/uploads\/2017\/02\/Noureddine-Taboubi-et-Youssef-Chahed-2.jpg","keywords":["El-Faouar","K\u00e9bili","Noureddine Taboubi","Union g\u00e9n\u00e9rale tunisienne du travail"],"articleSection":["A LA UNE","POLITIQUE","Tunisie"],"inLanguage":"fr-FR","potentialAction":[{"@type":"CommentAction","name":"Comment","target":["https:\/\/kapitalis.com\/tunisie\/2017\/07\/08\/chahed-est-il-otage-de-lugtt\/#respond"]}]},{"@type":"WebPage","@id":"https:\/\/kapitalis.com\/tunisie\/2017\/07\/08\/chahed-est-il-otage-de-lugtt\/","url":"https:\/\/kapitalis.com\/tunisie\/2017\/07\/08\/chahed-est-il-otage-de-lugtt\/","name":"Chahed est-il otage de l\u2019UGTT ? - Kapitalis","isPartOf":{"@id":"https:\/\/kapitalis.com\/tunisie\/#website"},"primaryImageOfPage":{"@id":"https:\/\/kapitalis.com\/tunisie\/2017\/07\/08\/chahed-est-il-otage-de-lugtt\/#primaryimage"},"image":{"@id":"https:\/\/kapitalis.com\/tunisie\/2017\/07\/08\/chahed-est-il-otage-de-lugtt\/#primaryimage"},"thumbnailUrl":"http:\/\/kapitalis.com\/tunisie\/wp-content\/uploads\/2017\/02\/Noureddine-Taboubi-et-Youssef-Chahed-2.jpg","datePublished":"2017-07-08T13:07:38+00:00","breadcrumb":{"@id":"https:\/\/kapitalis.com\/tunisie\/2017\/07\/08\/chahed-est-il-otage-de-lugtt\/#breadcrumb"},"inLanguage":"fr-FR","potentialAction":[{"@type":"ReadAction","target":["https:\/\/kapitalis.com\/tunisie\/2017\/07\/08\/chahed-est-il-otage-de-lugtt\/"]}]},{"@type":"ImageObject","inLanguage":"fr-FR","@id":"https:\/\/kapitalis.com\/tunisie\/2017\/07\/08\/chahed-est-il-otage-de-lugtt\/#primaryimage","url":"http:\/\/kapitalis.com\/tunisie\/wp-content\/uploads\/2017\/02\/Noureddine-Taboubi-et-Youssef-Chahed-2.jpg","contentUrl":"http:\/\/kapitalis.com\/tunisie\/wp-content\/uploads\/2017\/02\/Noureddine-Taboubi-et-Youssef-Chahed-2.jpg"},{"@type":"BreadcrumbList","@id":"https:\/\/kapitalis.com\/tunisie\/2017\/07\/08\/chahed-est-il-otage-de-lugtt\/#breadcrumb","itemListElement":[{"@type":"ListItem","position":1,"name":"Accueil","item":"https:\/\/kapitalis.com\/tunisie\/"},{"@type":"ListItem","position":2,"name":"Chahed est-il otage de l\u2019UGTT ?"}]},{"@type":"WebSite","@id":"https:\/\/kapitalis.com\/tunisie\/#website","url":"https:\/\/kapitalis.com\/tunisie\/","name":"Kapitalis","description":"L&#039;actualit\u00e9 en Tunisie et dans le monde","publisher":{"@id":"https:\/\/kapitalis.com\/tunisie\/#organization"},"potentialAction":[{"@type":"SearchAction","target":{"@type":"EntryPoint","urlTemplate":"https:\/\/kapitalis.com\/tunisie\/?s={search_term_string}"},"query-input":{"@type":"PropertyValueSpecification","valueRequired":true,"valueName":"search_term_string"}}],"inLanguage":"fr-FR"},{"@type":"Organization","@id":"https:\/\/kapitalis.com\/tunisie\/#organization","name":"Kapitalis","url":"https:\/\/kapitalis.com\/tunisie\/","logo":{"@type":"ImageObject","inLanguage":"fr-FR","@id":"https:\/\/kapitalis.com\/tunisie\/#\/schema\/logo\/image\/","url":"https:\/\/kapitalis.com\/tunisie\/wp-content\/uploads\/2022\/05\/Kapitalis-big-size.png","contentUrl":"https:\/\/kapitalis.com\/tunisie\/wp-content\/uploads\/2022\/05\/Kapitalis-big-size.png","width":5000,"height":1500,"caption":"Kapitalis"},"image":{"@id":"https:\/\/kapitalis.com\/tunisie\/#\/schema\/logo\/image\/"},"sameAs":["https:\/\/www.facebook.com\/KapitalisInfo\/","https:\/\/x.com\/KapitalisInfo","https:\/\/www.youtube.com\/channel\/UC-yDYrHyfFBWWZaOw3FPg9Q"]},{"@type":"Person","@id":"https:\/\/kapitalis.com\/tunisie\/#\/schema\/person\/d71f33a9ca44f7bad4698210b480c8e9","name":"webmaster kapitalis","url":"https:\/\/kapitalis.com\/tunisie\/author\/webmaster-kapitalis\/"}]}},"_links":{"self":[{"href":"https:\/\/kapitalis.com\/tunisie\/wp-json\/wp\/v2\/posts\/105399","targetHints":{"allow":["GET"]}}],"collection":[{"href":"https:\/\/kapitalis.com\/tunisie\/wp-json\/wp\/v2\/posts"}],"about":[{"href":"https:\/\/kapitalis.com\/tunisie\/wp-json\/wp\/v2\/types\/post"}],"author":[{"embeddable":true,"href":"https:\/\/kapitalis.com\/tunisie\/wp-json\/wp\/v2\/users\/8"}],"replies":[{"embeddable":true,"href":"https:\/\/kapitalis.com\/tunisie\/wp-json\/wp\/v2\/comments?post=105399"}],"version-history":[{"count":0,"href":"https:\/\/kapitalis.com\/tunisie\/wp-json\/wp\/v2\/posts\/105399\/revisions"}],"wp:attachment":[{"href":"https:\/\/kapitalis.com\/tunisie\/wp-json\/wp\/v2\/media?parent=105399"}],"wp:term":[{"taxonomy":"category","embeddable":true,"href":"https:\/\/kapitalis.com\/tunisie\/wp-json\/wp\/v2\/categories?post=105399"},{"taxonomy":"post_tag","embeddable":true,"href":"https:\/\/kapitalis.com\/tunisie\/wp-json\/wp\/v2\/tags?post=105399"}],"curies":[{"name":"wp","href":"https:\/\/api.w.org\/{rel}","templated":true}]}}