{"id":105429,"date":"2017-07-09T09:41:58","date_gmt":"2017-07-09T08:41:58","guid":{"rendered":"http:\/\/kapitalis.com\/tunisie\/?p=105429"},"modified":"2017-07-09T09:41:58","modified_gmt":"2017-07-09T08:41:58","slug":"bizerte-le-cab-devoile-la-liste-de-ses-joueurs-pour-la-nouvelle-saison","status":"publish","type":"post","link":"https:\/\/kapitalis.com\/tunisie\/2017\/07\/09\/bizerte-le-cab-devoile-la-liste-de-ses-joueurs-pour-la-nouvelle-saison\/","title":{"rendered":"Bizerte : Le CAB d\u00e9voile la liste de ses joueurs pour la nouvelle saison"},"content":{"rendered":"<p style=\"text-align: center;\"><img loading=\"lazy\" decoding=\"async\" class=\"alignnone size-full wp-image-105430\" src=\"http:\/\/kapitalis.com\/tunisie\/wp-content\/uploads\/2017\/07\/CAB.jpg\" alt=\"\" width=\"626\" height=\"380\" \/><\/p>\n<p style=\"text-align: left;\"><em><strong>Lassaad Dridi, l\u2019entra\u00eeneur du Club athl\u00e9tique bizertin (CAB), a d\u00e9voil\u00e9, samedi 8 juillet 2017, la liste des joueurs convoqu\u00e9s pour le premier stage de pr\u00e9paration de l\u2019\u00e9quipe.<\/strong><\/em><\/p>\n<p><!--more--><\/p>\n<p>Les joueurs convoqu\u00e9s \u00e0 ce stage pr\u00e9vu du 10 au 19 juillet 2017 \u00e0 Hammam-Bourguiba (A\u00efn Drahem), dans le cadre de ses pr\u00e9paratifs en vue de la nouvelle saison sportive, sont Hamdi Kasraoui, Yassine Bouslimi, Khaled Saidani, Mohamed Lahbib Yeken, Seifallah Hosny, Mehdi Ben Nessib, Seddik Mejri, Taieb Ben Zitoun, Mehdi Ressaissi, Elyess Dhakouani, Hamza Ben Abda, Bilel Saidani, Hamza Jelassi, Chamseddine Ben Ameur, Alaaeddine Dridi, Mortadha Ben Ouanes, Jassem Hamdouni, Wajdi Jabberi, Zied Ounalli, Abdelkhalek Yeken, Firas Belarbi, Fedi Ben Choug, Nour Hadhria, Hamza Messaadi, Jacques Medina, Slim Jendoubi, Elyess Dridi, Nader Jerbi et Walid Sardouk.<\/p>\n<p>Par ailleurs, le CAB a programm\u00e9 deux matchs amicaux face au Stade Tunisien (ST), le 17 juillet, \u00e0 17H, \u00e0 Hammam-Bourguiba, et face au Club sportif sfaxien (CSS), le 26 juillet, \u00e0 Tunis.<\/p>\n<p style=\"text-align: right;\"><strong>H. M.<\/strong><\/p>\n","protected":false},"excerpt":{"rendered":"<p>Lassaad Dridi, l\u2019entra\u00eeneur du Club athl\u00e9tique bizertin (CAB), a d\u00e9voil\u00e9, samedi 8 juillet 2017, la liste des joueurs convoqu\u00e9s pour le premier stage de pr\u00e9paration de l\u2019\u00e9quipe.<\/p>\n","protected":false},"author":8,"featured_media":105430,"comment_status":"open","ping_status":"open","sticky":false,"template":"","format":"standard","meta":{"footnotes":""},"categories":[999,2433],"tags":[9013,9098,18269],"class_list":["post-105429","post","type-post","status-publish","format-standard","has-post-thumbnail","hentry","category-sport","category-tunisie","tag-cab","tag-club-athletique-bizertin","tag-lassaad-dridi"],"yoast_head":"<!-- This site is optimized with the Yoast SEO plugin v26.6 - https:\/\/yoast.com\/wordpress\/plugins\/seo\/ -->\n<title>Bizerte : Le CAB d\u00e9voile la liste de ses joueurs pour la nouvelle saison - Kapitalis<\/title>\n<meta name=\"robots\" content=\"index, follow, max-snippet:-1, max-image-preview:large, max-video-preview:-1\" \/>\n<link rel=\"canonical\" href=\"https:\/\/kapitalis.com\/tunisie\/2017\/07\/09\/bizerte-le-cab-devoile-la-liste-de-ses-joueurs-pour-la-nouvelle-saison\/\" \/>\n<meta property=\"og:locale\" content=\"fr_FR\" \/>\n<meta property=\"og:type\" content=\"article\" \/>\n<meta property=\"og:title\" content=\"Bizerte : Le CAB d\u00e9voile la liste de ses joueurs pour la nouvelle saison - Kapitalis\" \/>\n<meta property=\"og:description\" content=\"Lassaad Dridi, l\u2019entra\u00eeneur du Club athl\u00e9tique bizertin (CAB), a d\u00e9voil\u00e9, samedi 8 juillet 2017, la liste des joueurs convoqu\u00e9s pour le premier stage de pr\u00e9paration de l\u2019\u00e9quipe.\" \/>\n<meta property=\"og:url\" content=\"https:\/\/kapitalis.com\/tunisie\/2017\/07\/09\/bizerte-le-cab-devoile-la-liste-de-ses-joueurs-pour-la-nouvelle-saison\/\" \/>\n<meta property=\"og:site_name\" content=\"Kapitalis\" \/>\n<meta property=\"article:publisher\" content=\"https:\/\/www.facebook.com\/KapitalisInfo\/\" \/>\n<meta property=\"article:published_time\" content=\"2017-07-09T08:41:58+00:00\" \/>\n<meta property=\"og:image\" content=\"https:\/\/kapitalis.com\/tunisie\/wp-content\/uploads\/2022\/05\/kapitalis-logo-fb.png\" \/>\n\t<meta property=\"og:image:width\" content=\"1200\" \/>\n\t<meta property=\"og:image:height\" content=\"630\" \/>\n\t<meta property=\"og:image:type\" content=\"image\/png\" \/>\n<meta name=\"author\" content=\"webmaster kapitalis\" \/>\n<meta name=\"twitter:card\" content=\"summary_large_image\" \/>\n<meta name=\"twitter:creator\" content=\"@KapitalisInfo\" \/>\n<meta name=\"twitter:site\" content=\"@KapitalisInfo\" \/>\n<meta name=\"twitter:label1\" content=\"\u00c9crit par\" \/>\n\t<meta name=\"twitter:data1\" content=\"webmaster kapitalis\" \/>\n\t<meta name=\"twitter:label2\" content=\"Dur\u00e9e de lecture estim\u00e9e\" \/>\n\t<meta name=\"twitter:data2\" content=\"1 minute\" \/>\n<script type=\"application\/ld+json\" class=\"yoast-schema-graph\">{\"@context\":\"https:\/\/schema.org\",\"@graph\":[{\"@type\":\"Article\",\"@id\":\"https:\/\/kapitalis.com\/tunisie\/2017\/07\/09\/bizerte-le-cab-devoile-la-liste-de-ses-joueurs-pour-la-nouvelle-saison\/#article\",\"isPartOf\":{\"@id\":\"https:\/\/kapitalis.com\/tunisie\/2017\/07\/09\/bizerte-le-cab-devoile-la-liste-de-ses-joueurs-pour-la-nouvelle-saison\/\"},\"author\":{\"name\":\"webmaster kapitalis\",\"@id\":\"https:\/\/kapitalis.com\/tunisie\/#\/schema\/person\/d71f33a9ca44f7bad4698210b480c8e9\"},\"headline\":\"Bizerte : Le CAB d\u00e9voile la liste de ses joueurs pour la nouvelle saison\",\"datePublished\":\"2017-07-09T08:41:58+00:00\",\"mainEntityOfPage\":{\"@id\":\"https:\/\/kapitalis.com\/tunisie\/2017\/07\/09\/bizerte-le-cab-devoile-la-liste-de-ses-joueurs-pour-la-nouvelle-saison\/\"},\"wordCount\":172,\"commentCount\":0,\"publisher\":{\"@id\":\"https:\/\/kapitalis.com\/tunisie\/#organization\"},\"image\":{\"@id\":\"https:\/\/kapitalis.com\/tunisie\/2017\/07\/09\/bizerte-le-cab-devoile-la-liste-de-ses-joueurs-pour-la-nouvelle-saison\/#primaryimage\"},\"thumbnailUrl\":\"\",\"keywords\":[\"CAB\",\"Club Athl\u00e9tique Bizertin\",\"Lassa\u00e2d Dridi\"],\"articleSection\":[\"SPORT\",\"Tunisie\"],\"inLanguage\":\"fr-FR\",\"potentialAction\":[{\"@type\":\"CommentAction\",\"name\":\"Comment\",\"target\":[\"https:\/\/kapitalis.com\/tunisie\/2017\/07\/09\/bizerte-le-cab-devoile-la-liste-de-ses-joueurs-pour-la-nouvelle-saison\/#respond\"]}]},{\"@type\":\"WebPage\",\"@id\":\"https:\/\/kapitalis.com\/tunisie\/2017\/07\/09\/bizerte-le-cab-devoile-la-liste-de-ses-joueurs-pour-la-nouvelle-saison\/\",\"url\":\"https:\/\/kapitalis.com\/tunisie\/2017\/07\/09\/bizerte-le-cab-devoile-la-liste-de-ses-joueurs-pour-la-nouvelle-saison\/\",\"name\":\"Bizerte : Le CAB d\u00e9voile la liste de ses joueurs pour la nouvelle saison - Kapitalis\",\"isPartOf\":{\"@id\":\"https:\/\/kapitalis.com\/tunisie\/#website\"},\"primaryImageOfPage\":{\"@id\":\"https:\/\/kapitalis.com\/tunisie\/2017\/07\/09\/bizerte-le-cab-devoile-la-liste-de-ses-joueurs-pour-la-nouvelle-saison\/#primaryimage\"},\"image\":{\"@id\":\"https:\/\/kapitalis.com\/tunisie\/2017\/07\/09\/bizerte-le-cab-devoile-la-liste-de-ses-joueurs-pour-la-nouvelle-saison\/#primaryimage\"},\"thumbnailUrl\":\"\",\"datePublished\":\"2017-07-09T08:41:58+00:00\",\"breadcrumb\":{\"@id\":\"https:\/\/kapitalis.com\/tunisie\/2017\/07\/09\/bizerte-le-cab-devoile-la-liste-de-ses-joueurs-pour-la-nouvelle-saison\/#breadcrumb\"},\"inLanguage\":\"fr-FR\",\"potentialAction\":[{\"@type\":\"ReadAction\",\"target\":[\"https:\/\/kapitalis.com\/tunisie\/2017\/07\/09\/bizerte-le-cab-devoile-la-liste-de-ses-joueurs-pour-la-nouvelle-saison\/\"]}]},{\"@type\":\"ImageObject\",\"inLanguage\":\"fr-FR\",\"@id\":\"https:\/\/kapitalis.com\/tunisie\/2017\/07\/09\/bizerte-le-cab-devoile-la-liste-de-ses-joueurs-pour-la-nouvelle-saison\/#primaryimage\",\"url\":\"\",\"contentUrl\":\"\"},{\"@type\":\"BreadcrumbList\",\"@id\":\"https:\/\/kapitalis.com\/tunisie\/2017\/07\/09\/bizerte-le-cab-devoile-la-liste-de-ses-joueurs-pour-la-nouvelle-saison\/#breadcrumb\",\"itemListElement\":[{\"@type\":\"ListItem\",\"position\":1,\"name\":\"Accueil\",\"item\":\"https:\/\/kapitalis.com\/tunisie\/\"},{\"@type\":\"ListItem\",\"position\":2,\"name\":\"Bizerte : Le CAB d\u00e9voile la liste de ses joueurs pour la nouvelle saison\"}]},{\"@type\":\"WebSite\",\"@id\":\"https:\/\/kapitalis.com\/tunisie\/#website\",\"url\":\"https:\/\/kapitalis.com\/tunisie\/\",\"name\":\"Kapitalis\",\"description\":\"L&#039;actualit\u00e9 en Tunisie et dans le monde\",\"publisher\":{\"@id\":\"https:\/\/kapitalis.com\/tunisie\/#organization\"},\"potentialAction\":[{\"@type\":\"SearchAction\",\"target\":{\"@type\":\"EntryPoint\",\"urlTemplate\":\"https:\/\/kapitalis.com\/tunisie\/?s={search_term_string}\"},\"query-input\":{\"@type\":\"PropertyValueSpecification\",\"valueRequired\":true,\"valueName\":\"search_term_string\"}}],\"inLanguage\":\"fr-FR\"},{\"@type\":\"Organization\",\"@id\":\"https:\/\/kapitalis.com\/tunisie\/#organization\",\"name\":\"Kapitalis\",\"url\":\"https:\/\/kapitalis.com\/tunisie\/\",\"logo\":{\"@type\":\"ImageObject\",\"inLanguage\":\"fr-FR\",\"@id\":\"https:\/\/kapitalis.com\/tunisie\/#\/schema\/logo\/image\/\",\"url\":\"https:\/\/kapitalis.com\/tunisie\/wp-content\/uploads\/2022\/05\/Kapitalis-big-size.png\",\"contentUrl\":\"https:\/\/kapitalis.com\/tunisie\/wp-content\/uploads\/2022\/05\/Kapitalis-big-size.png\",\"width\":5000,\"height\":1500,\"caption\":\"Kapitalis\"},\"image\":{\"@id\":\"https:\/\/kapitalis.com\/tunisie\/#\/schema\/logo\/image\/\"},\"sameAs\":[\"https:\/\/www.facebook.com\/KapitalisInfo\/\",\"https:\/\/x.com\/KapitalisInfo\",\"https:\/\/www.youtube.com\/channel\/UC-yDYrHyfFBWWZaOw3FPg9Q\"]},{\"@type\":\"Person\",\"@id\":\"https:\/\/kapitalis.com\/tunisie\/#\/schema\/person\/d71f33a9ca44f7bad4698210b480c8e9\",\"name\":\"webmaster kapitalis\",\"url\":\"https:\/\/kapitalis.com\/tunisie\/author\/webmaster-kapitalis\/\"}]}<\/script>\n<!-- \/ Yoast SEO plugin. -->","yoast_head_json":{"title":"Bizerte : Le CAB d\u00e9voile la liste de ses joueurs pour la nouvelle saison - Kapitalis","robots":{"index":"index","follow":"follow","max-snippet":"max-snippet:-1","max-image-preview":"max-image-preview:large","max-video-preview":"max-video-preview:-1"},"canonical":"https:\/\/kapitalis.com\/tunisie\/2017\/07\/09\/bizerte-le-cab-devoile-la-liste-de-ses-joueurs-pour-la-nouvelle-saison\/","og_locale":"fr_FR","og_type":"article","og_title":"Bizerte : Le CAB d\u00e9voile la liste de ses joueurs pour la nouvelle saison - Kapitalis","og_description":"Lassaad Dridi, l\u2019entra\u00eeneur du Club athl\u00e9tique bizertin (CAB), a d\u00e9voil\u00e9, samedi 8 juillet 2017, la liste des joueurs convoqu\u00e9s pour le premier stage de pr\u00e9paration de l\u2019\u00e9quipe.","og_url":"https:\/\/kapitalis.com\/tunisie\/2017\/07\/09\/bizerte-le-cab-devoile-la-liste-de-ses-joueurs-pour-la-nouvelle-saison\/","og_site_name":"Kapitalis","article_publisher":"https:\/\/www.facebook.com\/KapitalisInfo\/","article_published_time":"2017-07-09T08:41:58+00:00","og_image":[{"width":1200,"height":630,"url":"https:\/\/kapitalis.com\/tunisie\/wp-content\/uploads\/2022\/05\/kapitalis-logo-fb.png","type":"image\/png"}],"author":"webmaster kapitalis","twitter_card":"summary_large_image","twitter_creator":"@KapitalisInfo","twitter_site":"@KapitalisInfo","twitter_misc":{"\u00c9crit par":"webmaster kapitalis","Dur\u00e9e de lecture estim\u00e9e":"1 minute"},"schema":{"@context":"https:\/\/schema.org","@graph":[{"@type":"Article","@id":"https:\/\/kapitalis.com\/tunisie\/2017\/07\/09\/bizerte-le-cab-devoile-la-liste-de-ses-joueurs-pour-la-nouvelle-saison\/#article","isPartOf":{"@id":"https:\/\/kapitalis.com\/tunisie\/2017\/07\/09\/bizerte-le-cab-devoile-la-liste-de-ses-joueurs-pour-la-nouvelle-saison\/"},"author":{"name":"webmaster kapitalis","@id":"https:\/\/kapitalis.com\/tunisie\/#\/schema\/person\/d71f33a9ca44f7bad4698210b480c8e9"},"headline":"Bizerte : Le CAB d\u00e9voile la liste de ses joueurs pour la nouvelle saison","datePublished":"2017-07-09T08:41:58+00:00","mainEntityOfPage":{"@id":"https:\/\/kapitalis.com\/tunisie\/2017\/07\/09\/bizerte-le-cab-devoile-la-liste-de-ses-joueurs-pour-la-nouvelle-saison\/"},"wordCount":172,"commentCount":0,"publisher":{"@id":"https:\/\/kapitalis.com\/tunisie\/#organization"},"image":{"@id":"https:\/\/kapitalis.com\/tunisie\/2017\/07\/09\/bizerte-le-cab-devoile-la-liste-de-ses-joueurs-pour-la-nouvelle-saison\/#primaryimage"},"thumbnailUrl":"","keywords":["CAB","Club Athl\u00e9tique Bizertin","Lassa\u00e2d Dridi"],"articleSection":["SPORT","Tunisie"],"inLanguage":"fr-FR","potentialAction":[{"@type":"CommentAction","name":"Comment","target":["https:\/\/kapitalis.com\/tunisie\/2017\/07\/09\/bizerte-le-cab-devoile-la-liste-de-ses-joueurs-pour-la-nouvelle-saison\/#respond"]}]},{"@type":"WebPage","@id":"https:\/\/kapitalis.com\/tunisie\/2017\/07\/09\/bizerte-le-cab-devoile-la-liste-de-ses-joueurs-pour-la-nouvelle-saison\/","url":"https:\/\/kapitalis.com\/tunisie\/2017\/07\/09\/bizerte-le-cab-devoile-la-liste-de-ses-joueurs-pour-la-nouvelle-saison\/","name":"Bizerte : Le CAB d\u00e9voile la liste de ses joueurs pour la nouvelle saison - Kapitalis","isPartOf":{"@id":"https:\/\/kapitalis.com\/tunisie\/#website"},"primaryImageOfPage":{"@id":"https:\/\/kapitalis.com\/tunisie\/2017\/07\/09\/bizerte-le-cab-devoile-la-liste-de-ses-joueurs-pour-la-nouvelle-saison\/#primaryimage"},"image":{"@id":"https:\/\/kapitalis.com\/tunisie\/2017\/07\/09\/bizerte-le-cab-devoile-la-liste-de-ses-joueurs-pour-la-nouvelle-saison\/#primaryimage"},"thumbnailUrl":"","datePublished":"2017-07-09T08:41:58+00:00","breadcrumb":{"@id":"https:\/\/kapitalis.com\/tunisie\/2017\/07\/09\/bizerte-le-cab-devoile-la-liste-de-ses-joueurs-pour-la-nouvelle-saison\/#breadcrumb"},"inLanguage":"fr-FR","potentialAction":[{"@type":"ReadAction","target":["https:\/\/kapitalis.com\/tunisie\/2017\/07\/09\/bizerte-le-cab-devoile-la-liste-de-ses-joueurs-pour-la-nouvelle-saison\/"]}]},{"@type":"ImageObject","inLanguage":"fr-FR","@id":"https:\/\/kapitalis.com\/tunisie\/2017\/07\/09\/bizerte-le-cab-devoile-la-liste-de-ses-joueurs-pour-la-nouvelle-saison\/#primaryimage","url":"","contentUrl":""},{"@type":"BreadcrumbList","@id":"https:\/\/kapitalis.com\/tunisie\/2017\/07\/09\/bizerte-le-cab-devoile-la-liste-de-ses-joueurs-pour-la-nouvelle-saison\/#breadcrumb","itemListElement":[{"@type":"ListItem","position":1,"name":"Accueil","item":"https:\/\/kapitalis.com\/tunisie\/"},{"@type":"ListItem","position":2,"name":"Bizerte : Le CAB d\u00e9voile la liste de ses joueurs pour la nouvelle saison"}]},{"@type":"WebSite","@id":"https:\/\/kapitalis.com\/tunisie\/#website","url":"https:\/\/kapitalis.com\/tunisie\/","name":"Kapitalis","description":"L&#039;actualit\u00e9 en Tunisie et dans le monde","publisher":{"@id":"https:\/\/kapitalis.com\/tunisie\/#organization"},"potentialAction":[{"@type":"SearchAction","target":{"@type":"EntryPoint","urlTemplate":"https:\/\/kapitalis.com\/tunisie\/?s={search_term_string}"},"query-input":{"@type":"PropertyValueSpecification","valueRequired":true,"valueName":"search_term_string"}}],"inLanguage":"fr-FR"},{"@type":"Organization","@id":"https:\/\/kapitalis.com\/tunisie\/#organization","name":"Kapitalis","url":"https:\/\/kapitalis.com\/tunisie\/","logo":{"@type":"ImageObject","inLanguage":"fr-FR","@id":"https:\/\/kapitalis.com\/tunisie\/#\/schema\/logo\/image\/","url":"https:\/\/kapitalis.com\/tunisie\/wp-content\/uploads\/2022\/05\/Kapitalis-big-size.png","contentUrl":"https:\/\/kapitalis.com\/tunisie\/wp-content\/uploads\/2022\/05\/Kapitalis-big-size.png","width":5000,"height":1500,"caption":"Kapitalis"},"image":{"@id":"https:\/\/kapitalis.com\/tunisie\/#\/schema\/logo\/image\/"},"sameAs":["https:\/\/www.facebook.com\/KapitalisInfo\/","https:\/\/x.com\/KapitalisInfo","https:\/\/www.youtube.com\/channel\/UC-yDYrHyfFBWWZaOw3FPg9Q"]},{"@type":"Person","@id":"https:\/\/kapitalis.com\/tunisie\/#\/schema\/person\/d71f33a9ca44f7bad4698210b480c8e9","name":"webmaster kapitalis","url":"https:\/\/kapitalis.com\/tunisie\/author\/webmaster-kapitalis\/"}]}},"_links":{"self":[{"href":"https:\/\/kapitalis.com\/tunisie\/wp-json\/wp\/v2\/posts\/105429","targetHints":{"allow":["GET"]}}],"collection":[{"href":"https:\/\/kapitalis.com\/tunisie\/wp-json\/wp\/v2\/posts"}],"about":[{"href":"https:\/\/kapitalis.com\/tunisie\/wp-json\/wp\/v2\/types\/post"}],"author":[{"embeddable":true,"href":"https:\/\/kapitalis.com\/tunisie\/wp-json\/wp\/v2\/users\/8"}],"replies":[{"embeddable":true,"href":"https:\/\/kapitalis.com\/tunisie\/wp-json\/wp\/v2\/comments?post=105429"}],"version-history":[{"count":0,"href":"https:\/\/kapitalis.com\/tunisie\/wp-json\/wp\/v2\/posts\/105429\/revisions"}],"wp:featuredmedia":[{"embeddable":true,"href":"https:\/\/kapitalis.com\/tunisie\/wp-json\/wp\/v2\/media\/105430"}],"wp:attachment":[{"href":"https:\/\/kapitalis.com\/tunisie\/wp-json\/wp\/v2\/media?parent=105429"}],"wp:term":[{"taxonomy":"category","embeddable":true,"href":"https:\/\/kapitalis.com\/tunisie\/wp-json\/wp\/v2\/categories?post=105429"},{"taxonomy":"post_tag","embeddable":true,"href":"https:\/\/kapitalis.com\/tunisie\/wp-json\/wp\/v2\/tags?post=105429"}],"curies":[{"name":"wp","href":"https:\/\/api.w.org\/{rel}","templated":true}]}}