{"id":10552062,"date":"2023-11-17T07:44:24","date_gmt":"2023-11-17T06:44:24","guid":{"rendered":"https:\/\/kapitalis.com\/tunisie\/?p=10552062"},"modified":"2023-11-17T07:48:12","modified_gmt":"2023-11-17T06:48:12","slug":"muhammad-sinwar-revenu-dentre-les-morts-mene-lattaque-contre-israel","status":"publish","type":"post","link":"https:\/\/kapitalis.com\/tunisie\/2023\/11\/17\/muhammad-sinwar-revenu-dentre-les-morts-mene-lattaque-contre-israel\/","title":{"rendered":"Muhammad Sinwar, \u00abrevenu d\u2019entre les morts\u00bb, m\u00e8ne l\u2019attaque contre Isra\u00ebl"},"content":{"rendered":"\n<p><strong><em>Un dirigeant du Hamas sp\u00e9cialis\u00e9 dans les enl\u00e8vements et les infiltrations transfrontali\u00e8res, Muhammad Sinwar, d\u00e9clar\u00e9 mort en 2014, est vivant, se cache dans des tunnels sous Gaza depuis des ann\u00e9es et a orchestr\u00e9 les attentats du 7 octobre, estiment les espions isra\u00e9liens.<\/em><\/strong><\/p>\n\n\n\n<p>Par <strong>Melanie Swan<\/strong><\/p>\n\n\n\n<!--more-->\n\n\n\n<p>Des sources proches des renseignements isra\u00e9liens ont d\u00e9clar\u00e9 que Muhammed Sinwar, le fr\u00e8re cadet de <a href=\"https:\/\/kapitalis.com\/tunisie\/2023\/11\/07\/%d9%90gaza-comment-yahya-sinwar-a-trompe-israel-pendant-des-decennies\/\" target=\"_blank\" rel=\"noreferrer noopener\">Yahya Sinwar<\/a>, chef du Hamas \u00e0 Gaza et l\u2019homme le plus recherch\u00e9 d\u2019Isra\u00ebl, vivait sous le voile du secret dans les tunnels sous la bande de Gaza depuis des ann\u00e9es. Ils disent qu\u2019il a \u00e9t\u00e9 \u00e9troitement impliqu\u00e9 dans la planification de l\u2019attaque du mois dernier qui a tu\u00e9 1 200 personnes, dans l\u2019espoir que des centaines de personnes prises en otage pourraient \u00eatre utilis\u00e9es pour obtenir la lib\u00e9ration de quelque 5 000 Palestiniens dans les prisons isra\u00e9liennes. <em>\u00abIl faisait partie \u00e0 100% de l\u2019\u00e9quipe de base qui a planifi\u00e9 l\u2019attaque du 7 octobre\u00bb<\/em>, a d\u00e9clar\u00e9 au <em>Telegraph<\/em> un ancien chef de la lutte anti-terroriste du Mossad, d\u00e9crivant un groupe de trois \u00e0 quatre personnalit\u00e9s cl\u00e9s derri\u00e8re l\u2019attaque meurtri\u00e8re. <em>\u00abDans la direction militaire, il est tr\u00e8s important\u00bb<\/em>, a indiqu\u00e9 la source, ajoutant\u00a0: <em>\u00abIl est au septi\u00e8me rang sur la liste des personnes recherch\u00e9es, aux c\u00f4t\u00e9s de Muhammed Deif, Marwan Issa et Tawfiq Abu Naim. C\u2019est un personnage important et il est toujours en vie, c\u2019est s\u00fbr<\/em>.\u00bb<\/p>\n\n\n\n<h2 class=\"wp-block-heading\">Un personnage notoirement secret<\/h2>\n\n\n\n<p>Le jeune Sinwar, qui a aid\u00e9 \u00e0 lib\u00e9rer son fr\u00e8re d\u2019une prison isra\u00e9lienne lors d\u2019un \u00e9change historique de prisonniers en 2011, <em>\u00abest consid\u00e9r\u00e9 comme l\u2019un des principaux cerveaux dans la planification de l\u2019invasion, du massacre et de l\u2019enl\u00e8vement massif des Isra\u00e9liens dans les colonies environnantes\u00bb<\/em>, a d\u00e9clar\u00e9 Ronen Solomon, analyste ind\u00e9pendant du renseignement et auteur du blog <em>Intelli Times<\/em>.<\/p>\n\n\n\n<p><em>\u00abSa sp\u00e9cialit\u00e9 est l\u2019infiltration aux fronti\u00e8res et les enl\u00e8vements pour <\/em>[assurer] <em>la lib\u00e9ration de tous les prisonniers\u00bb<\/em>, a d\u00e9clar\u00e9 M. Solomon, qui suit Muhammed depuis plus de deux d\u00e9cennies, rassemblant une archive de documents, de photographies et d\u2019entretiens qui contribuent \u00e0 mettre en lumi\u00e8re le personnage notoirement secret.<\/p>\n\n\n<div class=\"wp-block-image\">\n<figure class=\"aligncenter size-full\"><img loading=\"lazy\" decoding=\"async\" width=\"800\" height=\"500\" src=\"https:\/\/kapitalis.com\/tunisie\/wp-content\/uploads\/2023\/11\/Muhammed-Sinwar-2.jpg\" alt=\"\" class=\"wp-image-10552258\" srcset=\"https:\/\/kapitalis.com\/tunisie\/wp-content\/uploads\/2023\/11\/Muhammed-Sinwar-2.jpg 800w, https:\/\/kapitalis.com\/tunisie\/wp-content\/uploads\/2023\/11\/Muhammed-Sinwar-2-300x188.jpg 300w, https:\/\/kapitalis.com\/tunisie\/wp-content\/uploads\/2023\/11\/Muhammed-Sinwar-2-768x480.jpg 768w, https:\/\/kapitalis.com\/tunisie\/wp-content\/uploads\/2023\/11\/Muhammed-Sinwar-2-580x363.jpg 580w\" sizes=\"auto, (max-width: 800px) 100vw, 800px\" \/><\/figure>\n<\/div>\n\n\n<p class=\"has-text-align-center\"><em>Muhammed aurait mis en sc\u00e8ne sa propre mort en 2014 pour mieux se cacher. <\/em><\/p>\n\n\n\n<p>Le secret entourant Muhammed est tel que m\u00eame les habitants de Gaza ne le reconnaissent plus, a-t-il d\u00e9clar\u00e9.<\/p>\n\n\n\n<p><em>\u00abIl s\u2019est d\u00e9plac\u00e9 secr\u00e8tement et dans un rayon limit\u00e9, de peur d\u2019\u00eatre expos\u00e9 \u00e0 un assassinat isra\u00e9lien\u00bb<\/em>, a d\u00e9clar\u00e9 M. Solomon, ajoutant&nbsp;:<em> \u00abAu cours des deux derni\u00e8res d\u00e9cennies, il a surv\u00e9cu \u00e0 six tentatives d\u2019assassinat.\u00bb<\/em><\/p>\n\n\n\n<p>Les forces isra\u00e9liennes ont d\u00e9truit la maison familiale de Muhammed le 24 octobre 2004 apr\u00e8s qu\u2019il se soit \u00e9croul\u00e9 suite \u00e0 une tentative d\u2019assassinat rat\u00e9e en 2003.<\/p>\n\n\n\n<p>Dix ans plus tard, au plus fort de la guerre de 2014 entre Isra\u00ebl et le Hamas, le groupe [palestinien] l\u2019a d\u00e9clar\u00e9 mort, publiant une image le montrant allong\u00e9 sur un lit tach\u00e9 de sang. La simulation de la mort de Muhammed faisait partie d\u2019une mission visant \u00e0 prot\u00e9ger l\u2019un des trois <em>\u00abcommandants fant\u00f4mes\u00bb<\/em> du Hamas, a d\u00e9clar\u00e9 M. Solomon.<\/p>\n\n\n\n<figure class=\"wp-block-embed is-type-wp-embed is-provider-kapitalis wp-block-embed-kapitalis\"><div class=\"wp-block-embed__wrapper\">\n<blockquote class=\"wp-embedded-content\" data-secret=\"sbStAnmycf\"><a href=\"https:\/\/kapitalis.com\/tunisie\/2023\/11\/07\/%d9%90gaza-comment-yahya-sinwar-a-trompe-israel-pendant-des-decennies\/\">\u0650Gaza : Comment Yahya Sinwar a tromp\u00e9 Isra\u00ebl pendant des d\u00e9cennies<\/a><\/blockquote><iframe loading=\"lazy\" class=\"wp-embedded-content\" sandbox=\"allow-scripts\" security=\"restricted\" style=\"position: absolute; clip: rect(1px, 1px, 1px, 1px);\" title=\"\u00ab\u00a0\u0650Gaza : Comment Yahya Sinwar a tromp\u00e9 Isra\u00ebl pendant des d\u00e9cennies\u00a0\u00bb &#8212; Kapitalis\" src=\"https:\/\/kapitalis.com\/tunisie\/2023\/11\/07\/%d9%90gaza-comment-yahya-sinwar-a-trompe-israel-pendant-des-decennies\/embed\/#?secret=ASL7X3vRFa#?secret=sbStAnmycf\" data-secret=\"sbStAnmycf\" width=\"600\" height=\"338\" frameborder=\"0\" marginwidth=\"0\" marginheight=\"0\" scrolling=\"no\"><\/iframe>\n<\/div><\/figure>\n\n\n\n<p>Depuis lors, il n\u2019a jamais \u00e9t\u00e9 vu en public, apparaissant seulement en silhouette dans une interview accord\u00e9e \u00e0 <em>Al Jazeera Arabic<\/em> en mai de l\u2019ann\u00e9e derni\u00e8re. Il n\u2019a m\u00eame pas assist\u00e9 aux obs\u00e8ques de son p\u00e8re en janvier 2022.<\/p>\n\n\n\n<p>Mais l\u2019arm\u00e9e isra\u00e9lienne a discr\u00e8tement r\u00e9v\u00e9l\u00e9 qu\u2019elle le poursuivait une fois de plus cette semaine, lorsque la photo de Muhammed est apparue aux c\u00f4t\u00e9s de celle de son fr\u00e8re lors d\u2019un briefing de Yoav Gallant, le ministre isra\u00e9lien de la D\u00e9fense. Il n&rsquo;a pas mentionn\u00e9 son nom ni donn\u00e9 de d\u00e9tails sur son implication dans l\u2019attaque d\u2019octobre.<\/p>\n\n\n\n<p>Par ailleurs, les Forces de d\u00e9fense isra\u00e9liennes (FDI) ont annonc\u00e9 que des soldats de la 7e brigade avaient perquisitionn\u00e9 des bureaux li\u00e9s \u00e0 Muhammed, o\u00f9 ils avaient trouv\u00e9 <em>\u00abdes documents sur la doctrine militaire\u00bb<\/em>.<\/p>\n\n\n\n<p>Apr\u00e8s la lib\u00e9ration de Yahya Sinwar avec plus de 1 000 autres prisonniers en \u00e9change du soldat isra\u00e9lien Gilad Shalit en 2011, Mohammed est rest\u00e9 dans l\u2019ombre.<\/p>\n\n\n\n<h2 class=\"wp-block-heading\">Plus important que son fr\u00e8re a\u00een\u00e9 <\/h2>\n\n\n\n<p>L\u2019ancien chef antiterroriste du Mossad a d\u00e9clar\u00e9 qu\u2019il avait jou\u00e9 un r\u00f4le d\u00e9terminant dans la lib\u00e9ration de son fr\u00e8re de prison, puis qu\u2019il avait orchestr\u00e9 son accession au pouvoir \u00e0 Gaza. <em>\u00abMuhammed a toujours \u00e9t\u00e9 plus important que son fr\u00e8re. C\u2019est lui qui a initi\u00e9 l<\/em><em>\u2019<\/em><em>enl\u00e8vement et la d\u00e9tention de Gilad Shalit\u00bb<\/em>, a indiqu\u00e9 la source, ajoutant&nbsp;:<em> \u00abC\u2019est lui qui a dress\u00e9 la liste des prisonniers en Isra\u00ebl \u00e0 lib\u00e9rer et bien s\u00fbr, Yahya \u00e9tait le num\u00e9ro un.\u00bb <\/em>Jusque-l\u00e0, Yahya n\u2019\u00e9tait m\u00eame pas consid\u00e9r\u00e9 comme faisant partie de la direction du Hamas, a indiqu\u00e9 la source.<\/p>\n\n\n<div class=\"wp-block-image\">\n<figure class=\"aligncenter size-full\"><img loading=\"lazy\" decoding=\"async\" width=\"800\" height=\"500\" src=\"https:\/\/kapitalis.com\/tunisie\/wp-content\/uploads\/2023\/11\/Yahya-Sinwar-1.jpg\" alt=\"\" class=\"wp-image-10552277\" srcset=\"https:\/\/kapitalis.com\/tunisie\/wp-content\/uploads\/2023\/11\/Yahya-Sinwar-1.jpg 800w, https:\/\/kapitalis.com\/tunisie\/wp-content\/uploads\/2023\/11\/Yahya-Sinwar-1-300x188.jpg 300w, https:\/\/kapitalis.com\/tunisie\/wp-content\/uploads\/2023\/11\/Yahya-Sinwar-1-768x480.jpg 768w, https:\/\/kapitalis.com\/tunisie\/wp-content\/uploads\/2023\/11\/Yahya-Sinwar-1-580x363.jpg 580w\" sizes=\"auto, (max-width: 800px) 100vw, 800px\" \/><\/figure>\n<\/div>\n\n\n<p class=\"has-text-align-center\"><em>Yahya Sinwar serait moins important dans la hi\u00e9rarchie du Hamas que son fr\u00e8re cadet Muhammed. <\/em><\/p>\n\n\n\n<p>Lorsque Muhammed a \u00e9tabli la liste, de nombreux membres du Hamas se sont oppos\u00e9s au fait que Yahya soit plac\u00e9 en t\u00eate. <em>\u00abMuhammed n\u2019a pas n\u00e9goci\u00e9 sur ce fait et a dit, si vous vous opposez \u00e0 ma liste, j\u2019emm\u00e8nerai Shalit au bord de la mer, je le d\u00e9capiterai et je le filmerai, alors ils ont recul\u00e9 et Yahya est devenu le plus important\u00bb, <\/em>[raconte la source isra\u00e9lienne].<\/p>\n\n\n\n<p>Cette d\u00e9cision transformera Yahya Sinwar, qui finira par succ\u00e9der \u00e0 Ismail Haniyeh, aujourd\u2019hui leader politique du Hamas en exil au Qatar, depuis 2017. <em>\u00abIl a re\u00e7u un accueil de h\u00e9ros \u00e0 son retour \u00e0 Gaza et tr\u00e8s vite, il est devenu un leader \u00e9minent et a succ\u00e9d\u00e9 \u00e0 Haniyeh\u00bb<\/em>, raconte la source. Mais Mohammed reste une figure \u00e9minente \u00e0 part enti\u00e8re. Il fait partie de la premi\u00e8re g\u00e9n\u00e9ration \u00e0 rejoindre les rangs du Hamas depuis sa cr\u00e9ation le 14 d\u00e9cembre 1987 et \u00e0 prendre part \u00e0 la premi\u00e8re Intifada.<\/p>\n\n\n\n<p>Apr\u00e8s avoir gravi les \u00e9chelons \u00e0 divers postes administratifs, il a \u00e9t\u00e9 l\u2019un des premiers \u00e0 rejoindre la branche militaire du Hamas, les Brigades Izz Al-Din Al-Qassam. En 2005, il devient commandant de la brigade Khan Younis.<\/p>\n\n\n\n<p>Mohammed est depuis longtemps une cible privil\u00e9gi\u00e9e de l\u2019arm\u00e9e et des services de renseignement isra\u00e9liens.<\/p>\n\n\n\n<p>Le 11 avril 2003, les Brigades Al-Qassam ont d\u00e9clar\u00e9 que Mohammed avait surv\u00e9cu \u00e0 une tentative d\u2019assassinat utilisant un engin explosif plac\u00e9 dans le mur de sa maison dans la ville de Khan Younis.<\/p>\n\n\n<div class=\"wp-block-image\">\n<figure class=\"aligncenter size-full\"><img loading=\"lazy\" decoding=\"async\" width=\"800\" height=\"500\" src=\"https:\/\/kapitalis.com\/tunisie\/wp-content\/uploads\/2023\/11\/Yoav-Gallant.jpg\" alt=\"\" class=\"wp-image-10552299\" srcset=\"https:\/\/kapitalis.com\/tunisie\/wp-content\/uploads\/2023\/11\/Yoav-Gallant.jpg 800w, https:\/\/kapitalis.com\/tunisie\/wp-content\/uploads\/2023\/11\/Yoav-Gallant-300x188.jpg 300w, https:\/\/kapitalis.com\/tunisie\/wp-content\/uploads\/2023\/11\/Yoav-Gallant-768x480.jpg 768w, https:\/\/kapitalis.com\/tunisie\/wp-content\/uploads\/2023\/11\/Yoav-Gallant-580x363.jpg 580w\" sizes=\"auto, (max-width: 800px) 100vw, 800px\" \/><\/figure>\n<\/div>\n\n\n<p class=\"has-text-align-center\"><em>Yoav Gallant, ministre isra\u00e9lien de la D\u00e9fense, d\u00e9signe les deux ennemis de l&rsquo;Etat d&rsquo;Isra\u00ebl.<\/em><\/p>\n\n\n\n<p>Mais les espions isra\u00e9liens pensent que Muhammed a d\u00e9sormais la responsabilit\u00e9 de prot\u00e9ger son fr\u00e8re, qu\u2019Isra\u00ebl a d\u00e9crit comme un <em>\u00abhomme mort ambulant\u00bb<\/em>.<\/p>\n\n\n\n<p><em>\u00abOn pense qu<\/em><em>\u2019<\/em><em>il est d\u00e9sormais \u00e9galement charg\u00e9 d<\/em><em>\u2019<\/em><em>assurer la s\u00e9curit\u00e9 et la fuite de son fr\u00e8re Yahya via Rafah si n\u00e9cessaire\u00bb<\/em>, a d\u00e9clar\u00e9 M. Solomon.<\/p>\n\n\n\n<p class=\"has-text-align-right\"><em>Traduit de l<\/em><em>\u2019<\/em><em>anglais<\/em><\/p>\n\n\n\n<p><strong><em>Source<\/em><\/strong> : <a href=\"https:\/\/www.telegraph.co.uk\/news\/2023\/11\/11\/hamas-leader-pronounced-masterminded-gaza-attacks\/\" target=\"_blank\" rel=\"noreferrer noopener\">\u2018\u2018The Telegraph\u2019\u2019<\/a>. <\/p>\n\n\n\n<p><\/p>\n","protected":false},"excerpt":{"rendered":"<p>Muhammad Sinwar, d\u00e9clar\u00e9 mort en 2014, a orchestr\u00e9 les attentats du 7 octobre contre Isra\u00ebl.<\/p>\n","protected":false},"author":8,"featured_media":10552250,"comment_status":"open","ping_status":"open","sticky":false,"template":"","format":"standard","meta":{"footnotes":""},"categories":[992,997,2433],"tags":[112216,2444,112271,26195,111469,112268,15202,112267,112266,112270,112269,112035],"class_list":["post-10552062","post","type-post","status-publish","format-standard","has-post-thumbnail","hentry","category-a-la-une","category-politique","category-tunisie","tag-brigades-izz-al-din-al-qassam","tag-gaza","tag-gilad-shalit","tag-hamas","tag-ismail-haniyeh","tag-marwan-issa","tag-mossad","tag-muhammed-deif","tag-muhammed-sinwar","tag-ronen-solomon","tag-tawfiq-abu-naim","tag-yahya-sinwar"],"yoast_head":"<!-- This site is optimized with the Yoast SEO plugin v26.6 - https:\/\/yoast.com\/wordpress\/plugins\/seo\/ -->\n<title>Muhammad Sinwar, \u00abrevenu d\u2019entre les morts\u00bb, m\u00e8ne l\u2019attaque contre Isra\u00ebl - Kapitalis<\/title>\n<meta name=\"robots\" content=\"index, follow, max-snippet:-1, max-image-preview:large, max-video-preview:-1\" \/>\n<link rel=\"canonical\" href=\"https:\/\/kapitalis.com\/tunisie\/2023\/11\/17\/muhammad-sinwar-revenu-dentre-les-morts-mene-lattaque-contre-israel\/\" \/>\n<meta property=\"og:locale\" content=\"fr_FR\" \/>\n<meta property=\"og:type\" content=\"article\" \/>\n<meta property=\"og:title\" content=\"Muhammad Sinwar, \u00abrevenu d\u2019entre les morts\u00bb, m\u00e8ne l\u2019attaque contre Isra\u00ebl - Kapitalis\" \/>\n<meta property=\"og:description\" content=\"Muhammad Sinwar, d\u00e9clar\u00e9 mort en 2014, a orchestr\u00e9 les attentats du 7 octobre contre Isra\u00ebl.\" \/>\n<meta property=\"og:url\" content=\"https:\/\/kapitalis.com\/tunisie\/2023\/11\/17\/muhammad-sinwar-revenu-dentre-les-morts-mene-lattaque-contre-israel\/\" \/>\n<meta property=\"og:site_name\" content=\"Kapitalis\" \/>\n<meta property=\"article:publisher\" content=\"https:\/\/www.facebook.com\/KapitalisInfo\/\" \/>\n<meta property=\"article:published_time\" content=\"2023-11-17T06:44:24+00:00\" \/>\n<meta property=\"article:modified_time\" content=\"2023-11-17T06:48:12+00:00\" \/>\n<meta property=\"og:image\" content=\"https:\/\/kapitalis.com\/tunisie\/wp-content\/uploads\/2023\/11\/Muhammed-Sinwar.jpg\" \/>\n\t<meta property=\"og:image:width\" content=\"1200\" \/>\n\t<meta property=\"og:image:height\" content=\"630\" \/>\n\t<meta property=\"og:image:type\" content=\"image\/jpeg\" \/>\n<meta name=\"author\" content=\"webmaster kapitalis\" \/>\n<meta name=\"twitter:card\" content=\"summary_large_image\" \/>\n<meta name=\"twitter:creator\" content=\"@KapitalisInfo\" \/>\n<meta name=\"twitter:site\" content=\"@KapitalisInfo\" \/>\n<meta name=\"twitter:label1\" content=\"\u00c9crit par\" \/>\n\t<meta name=\"twitter:data1\" content=\"webmaster kapitalis\" \/>\n\t<meta name=\"twitter:label2\" content=\"Dur\u00e9e de lecture estim\u00e9e\" \/>\n\t<meta name=\"twitter:data2\" content=\"7 minutes\" \/>\n<script type=\"application\/ld+json\" class=\"yoast-schema-graph\">{\"@context\":\"https:\/\/schema.org\",\"@graph\":[{\"@type\":\"Article\",\"@id\":\"https:\/\/kapitalis.com\/tunisie\/2023\/11\/17\/muhammad-sinwar-revenu-dentre-les-morts-mene-lattaque-contre-israel\/#article\",\"isPartOf\":{\"@id\":\"https:\/\/kapitalis.com\/tunisie\/2023\/11\/17\/muhammad-sinwar-revenu-dentre-les-morts-mene-lattaque-contre-israel\/\"},\"author\":{\"name\":\"webmaster kapitalis\",\"@id\":\"https:\/\/kapitalis.com\/tunisie\/#\/schema\/person\/d71f33a9ca44f7bad4698210b480c8e9\"},\"headline\":\"Muhammad Sinwar, \u00abrevenu d\u2019entre les morts\u00bb, m\u00e8ne l\u2019attaque contre Isra\u00ebl\",\"datePublished\":\"2023-11-17T06:44:24+00:00\",\"dateModified\":\"2023-11-17T06:48:12+00:00\",\"mainEntityOfPage\":{\"@id\":\"https:\/\/kapitalis.com\/tunisie\/2023\/11\/17\/muhammad-sinwar-revenu-dentre-les-morts-mene-lattaque-contre-israel\/\"},\"wordCount\":1241,\"commentCount\":0,\"publisher\":{\"@id\":\"https:\/\/kapitalis.com\/tunisie\/#organization\"},\"image\":{\"@id\":\"https:\/\/kapitalis.com\/tunisie\/2023\/11\/17\/muhammad-sinwar-revenu-dentre-les-morts-mene-lattaque-contre-israel\/#primaryimage\"},\"thumbnailUrl\":\"https:\/\/kapitalis.com\/tunisie\/wp-content\/uploads\/2023\/11\/Muhammed-Sinwar.jpg\",\"keywords\":[\"Brigades Izz Al-Din Al-Qassam\",\"Gaza\",\"Gilad Shalit\",\"Hamas\",\"Ismail Haniyeh\",\"Marwan Issa\",\"Mossad\",\"Muhammed Deif\",\"Muhammed Sinwar\",\"Ronen Solomon\",\"Tawfiq Abu Naim\",\"Yahya Sinwar\"],\"articleSection\":[\"A LA UNE\",\"POLITIQUE\",\"Tunisie\"],\"inLanguage\":\"fr-FR\",\"potentialAction\":[{\"@type\":\"CommentAction\",\"name\":\"Comment\",\"target\":[\"https:\/\/kapitalis.com\/tunisie\/2023\/11\/17\/muhammad-sinwar-revenu-dentre-les-morts-mene-lattaque-contre-israel\/#respond\"]}]},{\"@type\":\"WebPage\",\"@id\":\"https:\/\/kapitalis.com\/tunisie\/2023\/11\/17\/muhammad-sinwar-revenu-dentre-les-morts-mene-lattaque-contre-israel\/\",\"url\":\"https:\/\/kapitalis.com\/tunisie\/2023\/11\/17\/muhammad-sinwar-revenu-dentre-les-morts-mene-lattaque-contre-israel\/\",\"name\":\"Muhammad Sinwar, \u00abrevenu d\u2019entre les morts\u00bb, m\u00e8ne l\u2019attaque contre Isra\u00ebl - Kapitalis\",\"isPartOf\":{\"@id\":\"https:\/\/kapitalis.com\/tunisie\/#website\"},\"primaryImageOfPage\":{\"@id\":\"https:\/\/kapitalis.com\/tunisie\/2023\/11\/17\/muhammad-sinwar-revenu-dentre-les-morts-mene-lattaque-contre-israel\/#primaryimage\"},\"image\":{\"@id\":\"https:\/\/kapitalis.com\/tunisie\/2023\/11\/17\/muhammad-sinwar-revenu-dentre-les-morts-mene-lattaque-contre-israel\/#primaryimage\"},\"thumbnailUrl\":\"https:\/\/kapitalis.com\/tunisie\/wp-content\/uploads\/2023\/11\/Muhammed-Sinwar.jpg\",\"datePublished\":\"2023-11-17T06:44:24+00:00\",\"dateModified\":\"2023-11-17T06:48:12+00:00\",\"breadcrumb\":{\"@id\":\"https:\/\/kapitalis.com\/tunisie\/2023\/11\/17\/muhammad-sinwar-revenu-dentre-les-morts-mene-lattaque-contre-israel\/#breadcrumb\"},\"inLanguage\":\"fr-FR\",\"potentialAction\":[{\"@type\":\"ReadAction\",\"target\":[\"https:\/\/kapitalis.com\/tunisie\/2023\/11\/17\/muhammad-sinwar-revenu-dentre-les-morts-mene-lattaque-contre-israel\/\"]}]},{\"@type\":\"ImageObject\",\"inLanguage\":\"fr-FR\",\"@id\":\"https:\/\/kapitalis.com\/tunisie\/2023\/11\/17\/muhammad-sinwar-revenu-dentre-les-morts-mene-lattaque-contre-israel\/#primaryimage\",\"url\":\"https:\/\/kapitalis.com\/tunisie\/wp-content\/uploads\/2023\/11\/Muhammed-Sinwar.jpg\",\"contentUrl\":\"https:\/\/kapitalis.com\/tunisie\/wp-content\/uploads\/2023\/11\/Muhammed-Sinwar.jpg\",\"width\":1200,\"height\":630},{\"@type\":\"BreadcrumbList\",\"@id\":\"https:\/\/kapitalis.com\/tunisie\/2023\/11\/17\/muhammad-sinwar-revenu-dentre-les-morts-mene-lattaque-contre-israel\/#breadcrumb\",\"itemListElement\":[{\"@type\":\"ListItem\",\"position\":1,\"name\":\"Accueil\",\"item\":\"https:\/\/kapitalis.com\/tunisie\/\"},{\"@type\":\"ListItem\",\"position\":2,\"name\":\"Muhammad Sinwar, \u00abrevenu d\u2019entre les morts\u00bb, m\u00e8ne l\u2019attaque contre Isra\u00ebl\"}]},{\"@type\":\"WebSite\",\"@id\":\"https:\/\/kapitalis.com\/tunisie\/#website\",\"url\":\"https:\/\/kapitalis.com\/tunisie\/\",\"name\":\"Kapitalis\",\"description\":\"L&#039;actualit\u00e9 en Tunisie et dans le monde\",\"publisher\":{\"@id\":\"https:\/\/kapitalis.com\/tunisie\/#organization\"},\"potentialAction\":[{\"@type\":\"SearchAction\",\"target\":{\"@type\":\"EntryPoint\",\"urlTemplate\":\"https:\/\/kapitalis.com\/tunisie\/?s={search_term_string}\"},\"query-input\":{\"@type\":\"PropertyValueSpecification\",\"valueRequired\":true,\"valueName\":\"search_term_string\"}}],\"inLanguage\":\"fr-FR\"},{\"@type\":\"Organization\",\"@id\":\"https:\/\/kapitalis.com\/tunisie\/#organization\",\"name\":\"Kapitalis\",\"url\":\"https:\/\/kapitalis.com\/tunisie\/\",\"logo\":{\"@type\":\"ImageObject\",\"inLanguage\":\"fr-FR\",\"@id\":\"https:\/\/kapitalis.com\/tunisie\/#\/schema\/logo\/image\/\",\"url\":\"https:\/\/kapitalis.com\/tunisie\/wp-content\/uploads\/2022\/05\/Kapitalis-big-size.png\",\"contentUrl\":\"https:\/\/kapitalis.com\/tunisie\/wp-content\/uploads\/2022\/05\/Kapitalis-big-size.png\",\"width\":5000,\"height\":1500,\"caption\":\"Kapitalis\"},\"image\":{\"@id\":\"https:\/\/kapitalis.com\/tunisie\/#\/schema\/logo\/image\/\"},\"sameAs\":[\"https:\/\/www.facebook.com\/KapitalisInfo\/\",\"https:\/\/x.com\/KapitalisInfo\",\"https:\/\/www.youtube.com\/channel\/UC-yDYrHyfFBWWZaOw3FPg9Q\"]},{\"@type\":\"Person\",\"@id\":\"https:\/\/kapitalis.com\/tunisie\/#\/schema\/person\/d71f33a9ca44f7bad4698210b480c8e9\",\"name\":\"webmaster kapitalis\",\"url\":\"https:\/\/kapitalis.com\/tunisie\/author\/webmaster-kapitalis\/\"}]}<\/script>\n<!-- \/ Yoast SEO plugin. -->","yoast_head_json":{"title":"Muhammad Sinwar, \u00abrevenu d\u2019entre les morts\u00bb, m\u00e8ne l\u2019attaque contre Isra\u00ebl - Kapitalis","robots":{"index":"index","follow":"follow","max-snippet":"max-snippet:-1","max-image-preview":"max-image-preview:large","max-video-preview":"max-video-preview:-1"},"canonical":"https:\/\/kapitalis.com\/tunisie\/2023\/11\/17\/muhammad-sinwar-revenu-dentre-les-morts-mene-lattaque-contre-israel\/","og_locale":"fr_FR","og_type":"article","og_title":"Muhammad Sinwar, \u00abrevenu d\u2019entre les morts\u00bb, m\u00e8ne l\u2019attaque contre Isra\u00ebl - Kapitalis","og_description":"Muhammad Sinwar, d\u00e9clar\u00e9 mort en 2014, a orchestr\u00e9 les attentats du 7 octobre contre Isra\u00ebl.","og_url":"https:\/\/kapitalis.com\/tunisie\/2023\/11\/17\/muhammad-sinwar-revenu-dentre-les-morts-mene-lattaque-contre-israel\/","og_site_name":"Kapitalis","article_publisher":"https:\/\/www.facebook.com\/KapitalisInfo\/","article_published_time":"2023-11-17T06:44:24+00:00","article_modified_time":"2023-11-17T06:48:12+00:00","og_image":[{"width":1200,"height":630,"url":"https:\/\/kapitalis.com\/tunisie\/wp-content\/uploads\/2023\/11\/Muhammed-Sinwar.jpg","type":"image\/jpeg"}],"author":"webmaster kapitalis","twitter_card":"summary_large_image","twitter_creator":"@KapitalisInfo","twitter_site":"@KapitalisInfo","twitter_misc":{"\u00c9crit par":"webmaster kapitalis","Dur\u00e9e de lecture estim\u00e9e":"7 minutes"},"schema":{"@context":"https:\/\/schema.org","@graph":[{"@type":"Article","@id":"https:\/\/kapitalis.com\/tunisie\/2023\/11\/17\/muhammad-sinwar-revenu-dentre-les-morts-mene-lattaque-contre-israel\/#article","isPartOf":{"@id":"https:\/\/kapitalis.com\/tunisie\/2023\/11\/17\/muhammad-sinwar-revenu-dentre-les-morts-mene-lattaque-contre-israel\/"},"author":{"name":"webmaster kapitalis","@id":"https:\/\/kapitalis.com\/tunisie\/#\/schema\/person\/d71f33a9ca44f7bad4698210b480c8e9"},"headline":"Muhammad Sinwar, \u00abrevenu d\u2019entre les morts\u00bb, m\u00e8ne l\u2019attaque contre Isra\u00ebl","datePublished":"2023-11-17T06:44:24+00:00","dateModified":"2023-11-17T06:48:12+00:00","mainEntityOfPage":{"@id":"https:\/\/kapitalis.com\/tunisie\/2023\/11\/17\/muhammad-sinwar-revenu-dentre-les-morts-mene-lattaque-contre-israel\/"},"wordCount":1241,"commentCount":0,"publisher":{"@id":"https:\/\/kapitalis.com\/tunisie\/#organization"},"image":{"@id":"https:\/\/kapitalis.com\/tunisie\/2023\/11\/17\/muhammad-sinwar-revenu-dentre-les-morts-mene-lattaque-contre-israel\/#primaryimage"},"thumbnailUrl":"https:\/\/kapitalis.com\/tunisie\/wp-content\/uploads\/2023\/11\/Muhammed-Sinwar.jpg","keywords":["Brigades Izz Al-Din Al-Qassam","Gaza","Gilad Shalit","Hamas","Ismail Haniyeh","Marwan Issa","Mossad","Muhammed Deif","Muhammed Sinwar","Ronen Solomon","Tawfiq Abu Naim","Yahya Sinwar"],"articleSection":["A LA UNE","POLITIQUE","Tunisie"],"inLanguage":"fr-FR","potentialAction":[{"@type":"CommentAction","name":"Comment","target":["https:\/\/kapitalis.com\/tunisie\/2023\/11\/17\/muhammad-sinwar-revenu-dentre-les-morts-mene-lattaque-contre-israel\/#respond"]}]},{"@type":"WebPage","@id":"https:\/\/kapitalis.com\/tunisie\/2023\/11\/17\/muhammad-sinwar-revenu-dentre-les-morts-mene-lattaque-contre-israel\/","url":"https:\/\/kapitalis.com\/tunisie\/2023\/11\/17\/muhammad-sinwar-revenu-dentre-les-morts-mene-lattaque-contre-israel\/","name":"Muhammad Sinwar, \u00abrevenu d\u2019entre les morts\u00bb, m\u00e8ne l\u2019attaque contre Isra\u00ebl - Kapitalis","isPartOf":{"@id":"https:\/\/kapitalis.com\/tunisie\/#website"},"primaryImageOfPage":{"@id":"https:\/\/kapitalis.com\/tunisie\/2023\/11\/17\/muhammad-sinwar-revenu-dentre-les-morts-mene-lattaque-contre-israel\/#primaryimage"},"image":{"@id":"https:\/\/kapitalis.com\/tunisie\/2023\/11\/17\/muhammad-sinwar-revenu-dentre-les-morts-mene-lattaque-contre-israel\/#primaryimage"},"thumbnailUrl":"https:\/\/kapitalis.com\/tunisie\/wp-content\/uploads\/2023\/11\/Muhammed-Sinwar.jpg","datePublished":"2023-11-17T06:44:24+00:00","dateModified":"2023-11-17T06:48:12+00:00","breadcrumb":{"@id":"https:\/\/kapitalis.com\/tunisie\/2023\/11\/17\/muhammad-sinwar-revenu-dentre-les-morts-mene-lattaque-contre-israel\/#breadcrumb"},"inLanguage":"fr-FR","potentialAction":[{"@type":"ReadAction","target":["https:\/\/kapitalis.com\/tunisie\/2023\/11\/17\/muhammad-sinwar-revenu-dentre-les-morts-mene-lattaque-contre-israel\/"]}]},{"@type":"ImageObject","inLanguage":"fr-FR","@id":"https:\/\/kapitalis.com\/tunisie\/2023\/11\/17\/muhammad-sinwar-revenu-dentre-les-morts-mene-lattaque-contre-israel\/#primaryimage","url":"https:\/\/kapitalis.com\/tunisie\/wp-content\/uploads\/2023\/11\/Muhammed-Sinwar.jpg","contentUrl":"https:\/\/kapitalis.com\/tunisie\/wp-content\/uploads\/2023\/11\/Muhammed-Sinwar.jpg","width":1200,"height":630},{"@type":"BreadcrumbList","@id":"https:\/\/kapitalis.com\/tunisie\/2023\/11\/17\/muhammad-sinwar-revenu-dentre-les-morts-mene-lattaque-contre-israel\/#breadcrumb","itemListElement":[{"@type":"ListItem","position":1,"name":"Accueil","item":"https:\/\/kapitalis.com\/tunisie\/"},{"@type":"ListItem","position":2,"name":"Muhammad Sinwar, \u00abrevenu d\u2019entre les morts\u00bb, m\u00e8ne l\u2019attaque contre Isra\u00ebl"}]},{"@type":"WebSite","@id":"https:\/\/kapitalis.com\/tunisie\/#website","url":"https:\/\/kapitalis.com\/tunisie\/","name":"Kapitalis","description":"L&#039;actualit\u00e9 en Tunisie et dans le monde","publisher":{"@id":"https:\/\/kapitalis.com\/tunisie\/#organization"},"potentialAction":[{"@type":"SearchAction","target":{"@type":"EntryPoint","urlTemplate":"https:\/\/kapitalis.com\/tunisie\/?s={search_term_string}"},"query-input":{"@type":"PropertyValueSpecification","valueRequired":true,"valueName":"search_term_string"}}],"inLanguage":"fr-FR"},{"@type":"Organization","@id":"https:\/\/kapitalis.com\/tunisie\/#organization","name":"Kapitalis","url":"https:\/\/kapitalis.com\/tunisie\/","logo":{"@type":"ImageObject","inLanguage":"fr-FR","@id":"https:\/\/kapitalis.com\/tunisie\/#\/schema\/logo\/image\/","url":"https:\/\/kapitalis.com\/tunisie\/wp-content\/uploads\/2022\/05\/Kapitalis-big-size.png","contentUrl":"https:\/\/kapitalis.com\/tunisie\/wp-content\/uploads\/2022\/05\/Kapitalis-big-size.png","width":5000,"height":1500,"caption":"Kapitalis"},"image":{"@id":"https:\/\/kapitalis.com\/tunisie\/#\/schema\/logo\/image\/"},"sameAs":["https:\/\/www.facebook.com\/KapitalisInfo\/","https:\/\/x.com\/KapitalisInfo","https:\/\/www.youtube.com\/channel\/UC-yDYrHyfFBWWZaOw3FPg9Q"]},{"@type":"Person","@id":"https:\/\/kapitalis.com\/tunisie\/#\/schema\/person\/d71f33a9ca44f7bad4698210b480c8e9","name":"webmaster kapitalis","url":"https:\/\/kapitalis.com\/tunisie\/author\/webmaster-kapitalis\/"}]}},"_links":{"self":[{"href":"https:\/\/kapitalis.com\/tunisie\/wp-json\/wp\/v2\/posts\/10552062","targetHints":{"allow":["GET"]}}],"collection":[{"href":"https:\/\/kapitalis.com\/tunisie\/wp-json\/wp\/v2\/posts"}],"about":[{"href":"https:\/\/kapitalis.com\/tunisie\/wp-json\/wp\/v2\/types\/post"}],"author":[{"embeddable":true,"href":"https:\/\/kapitalis.com\/tunisie\/wp-json\/wp\/v2\/users\/8"}],"replies":[{"embeddable":true,"href":"https:\/\/kapitalis.com\/tunisie\/wp-json\/wp\/v2\/comments?post=10552062"}],"version-history":[{"count":2,"href":"https:\/\/kapitalis.com\/tunisie\/wp-json\/wp\/v2\/posts\/10552062\/revisions"}],"predecessor-version":[{"id":10552393,"href":"https:\/\/kapitalis.com\/tunisie\/wp-json\/wp\/v2\/posts\/10552062\/revisions\/10552393"}],"wp:featuredmedia":[{"embeddable":true,"href":"https:\/\/kapitalis.com\/tunisie\/wp-json\/wp\/v2\/media\/10552250"}],"wp:attachment":[{"href":"https:\/\/kapitalis.com\/tunisie\/wp-json\/wp\/v2\/media?parent=10552062"}],"wp:term":[{"taxonomy":"category","embeddable":true,"href":"https:\/\/kapitalis.com\/tunisie\/wp-json\/wp\/v2\/categories?post=10552062"},{"taxonomy":"post_tag","embeddable":true,"href":"https:\/\/kapitalis.com\/tunisie\/wp-json\/wp\/v2\/tags?post=10552062"}],"curies":[{"name":"wp","href":"https:\/\/api.w.org\/{rel}","templated":true}]}}