{"id":10552591,"date":"2023-11-17T08:11:46","date_gmt":"2023-11-17T07:11:46","guid":{"rendered":"https:\/\/kapitalis.com\/tunisie\/?p=10552591"},"modified":"2023-11-17T08:15:39","modified_gmt":"2023-11-17T07:15:39","slug":"tunisie-kais-saied-au-chevet-du-stade-del-menzah","status":"publish","type":"post","link":"https:\/\/kapitalis.com\/tunisie\/2023\/11\/17\/tunisie-kais-saied-au-chevet-du-stade-del-menzah\/","title":{"rendered":"Tunisie\u00a0: Ka\u00efs Sa\u00efed au chevet du stade d\u2019El-Menzah"},"content":{"rendered":"\n<p><strong><em>La th\u00e9orie du complot peut tout justifier et la lutte contre la corruption a bon dos, mais ni l\u2019une ni l\u2019autre n\u2019aidera \u00e0 faire avancer les chantiers qui tra\u00eenent en longueur dans toutes les r\u00e9gions du pays. \u00a0<\/em><\/strong><\/p>\n\n\n\n<!--more-->\n\n\n\n<p>Lors d\u2019une visite d\u2019inspection au stade olympique d\u2019El Menzah, hier apr\u00e8s-midi, jeudi 16 novembre 2023, le pr\u00e9sident de la r\u00e9publique, Ka\u00efs Sa\u00efed, a exprim\u00e9 ses pr\u00e9occupations quant \u00e0 certaines d\u00e9faillances enregistr\u00e9es au niveau des travaux, d\u00e9non\u00e7ant \u00e0 ce propos le non respect des \u00e9tudes pr\u00e9alables et les retards injustifi\u00e9s.<\/p>\n\n\n\n<p>Lors de cette visite, o\u00f9 il a pris connaissance de l\u2019\u00e9tat d\u2019avancement des travaux dans ce stade situ\u00e9 au c\u0153ur de la capitale et qui est rest\u00e9 ferm\u00e9 depuis plusieurs ann\u00e9es, le pr\u00e9sident \u00e9tait accompagn\u00e9 du ministre de la Jeunesse et des Sports, Kamel D\u00e9guiche. Il a \u00e9galement d\u00e9plor\u00e9 les graves d\u00e9passements, le non respect des normes au niveau des mat\u00e9riaux utilis\u00e9s et le gaspillage de l&rsquo;argent public.<\/p>\n\n\n\n<p>Les travaux du stade d&rsquo;El Menzah ont d\u00e9but\u00e9 le 10 juin 2022 et devraient s\u2019achever en novembre 2024 pour un co\u00fbt global de 100 millions de dinars. Ces travaux consistent au r\u00e9am\u00e9nagement des gradins, au renforcement de la structure du stade et \u00e0 la r\u00e9novation des vestiaires, de la tribune de presse, de la tribune d\u2019honneur, du tableau lumineux et de l\u2019\u00e9clairage. Mais au vu de l\u2019\u00e9tat d\u2019avancement des travaux, il est tr\u00e8s peu probable que le stade puisse \u00eatre ouvert dans les d\u00e9lais pr\u00e9vus.<\/p>\n\n\n<div class=\"wp-block-image\">\n<figure class=\"aligncenter size-large is-resized\"><img loading=\"lazy\" decoding=\"async\" width=\"1024\" height=\"538\" src=\"https:\/\/kapitalis.com\/tunisie\/wp-content\/uploads\/2023\/11\/Chantier-Stade-El-Menzah-1024x538.jpg\" alt=\"\" class=\"wp-image-10552635\" style=\"width:800px\" srcset=\"https:\/\/kapitalis.com\/tunisie\/wp-content\/uploads\/2023\/11\/Chantier-Stade-El-Menzah-1024x538.jpg 1024w, https:\/\/kapitalis.com\/tunisie\/wp-content\/uploads\/2023\/11\/Chantier-Stade-El-Menzah-300x158.jpg 300w, https:\/\/kapitalis.com\/tunisie\/wp-content\/uploads\/2023\/11\/Chantier-Stade-El-Menzah-768x403.jpg 768w, https:\/\/kapitalis.com\/tunisie\/wp-content\/uploads\/2023\/11\/Chantier-Stade-El-Menzah-580x305.jpg 580w, https:\/\/kapitalis.com\/tunisie\/wp-content\/uploads\/2023\/11\/Chantier-Stade-El-Menzah-860x452.jpg 860w, https:\/\/kapitalis.com\/tunisie\/wp-content\/uploads\/2023\/11\/Chantier-Stade-El-Menzah-1160x609.jpg 1160w, https:\/\/kapitalis.com\/tunisie\/wp-content\/uploads\/2023\/11\/Chantier-Stade-El-Menzah.jpg 1200w\" sizes=\"auto, (max-width: 1024px) 100vw, 1024px\" \/><\/figure>\n<\/div>\n\n\n<p>Mauvaise gouvernance, obsolescence des proc\u00e9dures d\u2019octroi des march\u00e9s publics ou corruption administrative av\u00e9r\u00e9e, comme le soutiennent les partisans du pr\u00e9sident Sa\u00efed\u00a0? On aimerait bien qu\u2019une enqu\u00eate digne de ce nom puisse d\u00e9m\u00ealer le vrai du faux. Car les accusations gratuites lanc\u00e9es \u00e0 droite et \u00e0 gauche ne feront pas avancer les travaux et garantir leur ach\u00e8vement dans les d\u00e9lais fix\u00e9s et selon les normes exig\u00e9es de s\u00e9curit\u00e9.<\/p>\n\n\n\n<p class=\"has-text-align-right\"><strong>I. B.<\/strong> <\/p>\n","protected":false},"excerpt":{"rendered":"<p>Mauvaise gouvernance, obsolescence  des proc\u00e9dures d\u2019octroi des march\u00e9s publics ou corruption administrative av\u00e9r\u00e9e ?<\/p>\n","protected":false},"author":8,"featured_media":10552629,"comment_status":"open","ping_status":"open","sticky":false,"template":"","format":"standard","meta":{"footnotes":""},"categories":[997,999,2433],"tags":[76012,112273,112272,62643],"class_list":["post-10552591","post","type-post","status-publish","format-standard","has-post-thumbnail","hentry","category-politique","category-sport","category-tunisie","tag-kais-saied-2","tag-kamel-deguiche-2","tag-stade-del-menzah-2","tag-tunisie"],"yoast_head":"<!-- This site is optimized with the Yoast SEO plugin v26.6 - https:\/\/yoast.com\/wordpress\/plugins\/seo\/ -->\n<title>Tunisie\u00a0: Ka\u00efs Sa\u00efed au chevet du stade d\u2019El-Menzah - Kapitalis<\/title>\n<meta name=\"robots\" content=\"index, follow, max-snippet:-1, max-image-preview:large, max-video-preview:-1\" \/>\n<link rel=\"canonical\" href=\"https:\/\/kapitalis.com\/tunisie\/2023\/11\/17\/tunisie-kais-saied-au-chevet-du-stade-del-menzah\/\" \/>\n<meta property=\"og:locale\" content=\"fr_FR\" \/>\n<meta property=\"og:type\" content=\"article\" \/>\n<meta property=\"og:title\" content=\"Tunisie\u00a0: Ka\u00efs Sa\u00efed au chevet du stade d\u2019El-Menzah - Kapitalis\" \/>\n<meta property=\"og:description\" content=\"Mauvaise gouvernance, obsolescence des proc\u00e9dures d\u2019octroi des march\u00e9s publics ou corruption administrative av\u00e9r\u00e9e ?\" \/>\n<meta property=\"og:url\" content=\"https:\/\/kapitalis.com\/tunisie\/2023\/11\/17\/tunisie-kais-saied-au-chevet-du-stade-del-menzah\/\" \/>\n<meta property=\"og:site_name\" content=\"Kapitalis\" \/>\n<meta property=\"article:publisher\" content=\"https:\/\/www.facebook.com\/KapitalisInfo\/\" \/>\n<meta property=\"article:published_time\" content=\"2023-11-17T07:11:46+00:00\" \/>\n<meta property=\"article:modified_time\" content=\"2023-11-17T07:15:39+00:00\" \/>\n<meta property=\"og:image\" content=\"https:\/\/kapitalis.com\/tunisie\/wp-content\/uploads\/2023\/11\/Kais-Saied-Chantier-Stade-El-Menzah.jpg\" \/>\n\t<meta property=\"og:image:width\" content=\"1200\" \/>\n\t<meta property=\"og:image:height\" content=\"630\" \/>\n\t<meta property=\"og:image:type\" content=\"image\/jpeg\" \/>\n<meta name=\"author\" content=\"webmaster kapitalis\" \/>\n<meta name=\"twitter:card\" content=\"summary_large_image\" \/>\n<meta name=\"twitter:creator\" content=\"@KapitalisInfo\" \/>\n<meta name=\"twitter:site\" content=\"@KapitalisInfo\" \/>\n<meta name=\"twitter:label1\" content=\"\u00c9crit par\" \/>\n\t<meta name=\"twitter:data1\" content=\"webmaster kapitalis\" \/>\n\t<meta name=\"twitter:label2\" content=\"Dur\u00e9e de lecture estim\u00e9e\" \/>\n\t<meta name=\"twitter:data2\" content=\"2 minutes\" \/>\n<script type=\"application\/ld+json\" class=\"yoast-schema-graph\">{\"@context\":\"https:\/\/schema.org\",\"@graph\":[{\"@type\":\"Article\",\"@id\":\"https:\/\/kapitalis.com\/tunisie\/2023\/11\/17\/tunisie-kais-saied-au-chevet-du-stade-del-menzah\/#article\",\"isPartOf\":{\"@id\":\"https:\/\/kapitalis.com\/tunisie\/2023\/11\/17\/tunisie-kais-saied-au-chevet-du-stade-del-menzah\/\"},\"author\":{\"name\":\"webmaster kapitalis\",\"@id\":\"https:\/\/kapitalis.com\/tunisie\/#\/schema\/person\/d71f33a9ca44f7bad4698210b480c8e9\"},\"headline\":\"Tunisie\u00a0: Ka\u00efs Sa\u00efed au chevet du stade d\u2019El-Menzah\",\"datePublished\":\"2023-11-17T07:11:46+00:00\",\"dateModified\":\"2023-11-17T07:15:39+00:00\",\"mainEntityOfPage\":{\"@id\":\"https:\/\/kapitalis.com\/tunisie\/2023\/11\/17\/tunisie-kais-saied-au-chevet-du-stade-del-menzah\/\"},\"wordCount\":368,\"commentCount\":4,\"publisher\":{\"@id\":\"https:\/\/kapitalis.com\/tunisie\/#organization\"},\"image\":{\"@id\":\"https:\/\/kapitalis.com\/tunisie\/2023\/11\/17\/tunisie-kais-saied-au-chevet-du-stade-del-menzah\/#primaryimage\"},\"thumbnailUrl\":\"https:\/\/kapitalis.com\/tunisie\/wp-content\/uploads\/2023\/11\/Kais-Saied-Chantier-Stade-El-Menzah.jpg\",\"keywords\":[\"Ka\u00efs Sa\u00efed\",\"Kamel D\u00e9guiche\",\"stade d\u2019El-Menzah\",\"Tunisie\"],\"articleSection\":[\"POLITIQUE\",\"SPORT\",\"Tunisie\"],\"inLanguage\":\"fr-FR\",\"potentialAction\":[{\"@type\":\"CommentAction\",\"name\":\"Comment\",\"target\":[\"https:\/\/kapitalis.com\/tunisie\/2023\/11\/17\/tunisie-kais-saied-au-chevet-du-stade-del-menzah\/#respond\"]}]},{\"@type\":\"WebPage\",\"@id\":\"https:\/\/kapitalis.com\/tunisie\/2023\/11\/17\/tunisie-kais-saied-au-chevet-du-stade-del-menzah\/\",\"url\":\"https:\/\/kapitalis.com\/tunisie\/2023\/11\/17\/tunisie-kais-saied-au-chevet-du-stade-del-menzah\/\",\"name\":\"Tunisie\u00a0: Ka\u00efs Sa\u00efed au chevet du stade d\u2019El-Menzah - Kapitalis\",\"isPartOf\":{\"@id\":\"https:\/\/kapitalis.com\/tunisie\/#website\"},\"primaryImageOfPage\":{\"@id\":\"https:\/\/kapitalis.com\/tunisie\/2023\/11\/17\/tunisie-kais-saied-au-chevet-du-stade-del-menzah\/#primaryimage\"},\"image\":{\"@id\":\"https:\/\/kapitalis.com\/tunisie\/2023\/11\/17\/tunisie-kais-saied-au-chevet-du-stade-del-menzah\/#primaryimage\"},\"thumbnailUrl\":\"https:\/\/kapitalis.com\/tunisie\/wp-content\/uploads\/2023\/11\/Kais-Saied-Chantier-Stade-El-Menzah.jpg\",\"datePublished\":\"2023-11-17T07:11:46+00:00\",\"dateModified\":\"2023-11-17T07:15:39+00:00\",\"breadcrumb\":{\"@id\":\"https:\/\/kapitalis.com\/tunisie\/2023\/11\/17\/tunisie-kais-saied-au-chevet-du-stade-del-menzah\/#breadcrumb\"},\"inLanguage\":\"fr-FR\",\"potentialAction\":[{\"@type\":\"ReadAction\",\"target\":[\"https:\/\/kapitalis.com\/tunisie\/2023\/11\/17\/tunisie-kais-saied-au-chevet-du-stade-del-menzah\/\"]}]},{\"@type\":\"ImageObject\",\"inLanguage\":\"fr-FR\",\"@id\":\"https:\/\/kapitalis.com\/tunisie\/2023\/11\/17\/tunisie-kais-saied-au-chevet-du-stade-del-menzah\/#primaryimage\",\"url\":\"https:\/\/kapitalis.com\/tunisie\/wp-content\/uploads\/2023\/11\/Kais-Saied-Chantier-Stade-El-Menzah.jpg\",\"contentUrl\":\"https:\/\/kapitalis.com\/tunisie\/wp-content\/uploads\/2023\/11\/Kais-Saied-Chantier-Stade-El-Menzah.jpg\",\"width\":1200,\"height\":630},{\"@type\":\"BreadcrumbList\",\"@id\":\"https:\/\/kapitalis.com\/tunisie\/2023\/11\/17\/tunisie-kais-saied-au-chevet-du-stade-del-menzah\/#breadcrumb\",\"itemListElement\":[{\"@type\":\"ListItem\",\"position\":1,\"name\":\"Accueil\",\"item\":\"https:\/\/kapitalis.com\/tunisie\/\"},{\"@type\":\"ListItem\",\"position\":2,\"name\":\"Tunisie\u00a0: Ka\u00efs Sa\u00efed au chevet du stade d\u2019El-Menzah\"}]},{\"@type\":\"WebSite\",\"@id\":\"https:\/\/kapitalis.com\/tunisie\/#website\",\"url\":\"https:\/\/kapitalis.com\/tunisie\/\",\"name\":\"Kapitalis\",\"description\":\"L&#039;actualit\u00e9 en Tunisie et dans le monde\",\"publisher\":{\"@id\":\"https:\/\/kapitalis.com\/tunisie\/#organization\"},\"potentialAction\":[{\"@type\":\"SearchAction\",\"target\":{\"@type\":\"EntryPoint\",\"urlTemplate\":\"https:\/\/kapitalis.com\/tunisie\/?s={search_term_string}\"},\"query-input\":{\"@type\":\"PropertyValueSpecification\",\"valueRequired\":true,\"valueName\":\"search_term_string\"}}],\"inLanguage\":\"fr-FR\"},{\"@type\":\"Organization\",\"@id\":\"https:\/\/kapitalis.com\/tunisie\/#organization\",\"name\":\"Kapitalis\",\"url\":\"https:\/\/kapitalis.com\/tunisie\/\",\"logo\":{\"@type\":\"ImageObject\",\"inLanguage\":\"fr-FR\",\"@id\":\"https:\/\/kapitalis.com\/tunisie\/#\/schema\/logo\/image\/\",\"url\":\"https:\/\/kapitalis.com\/tunisie\/wp-content\/uploads\/2022\/05\/Kapitalis-big-size.png\",\"contentUrl\":\"https:\/\/kapitalis.com\/tunisie\/wp-content\/uploads\/2022\/05\/Kapitalis-big-size.png\",\"width\":5000,\"height\":1500,\"caption\":\"Kapitalis\"},\"image\":{\"@id\":\"https:\/\/kapitalis.com\/tunisie\/#\/schema\/logo\/image\/\"},\"sameAs\":[\"https:\/\/www.facebook.com\/KapitalisInfo\/\",\"https:\/\/x.com\/KapitalisInfo\",\"https:\/\/www.youtube.com\/channel\/UC-yDYrHyfFBWWZaOw3FPg9Q\"]},{\"@type\":\"Person\",\"@id\":\"https:\/\/kapitalis.com\/tunisie\/#\/schema\/person\/d71f33a9ca44f7bad4698210b480c8e9\",\"name\":\"webmaster kapitalis\",\"url\":\"https:\/\/kapitalis.com\/tunisie\/author\/webmaster-kapitalis\/\"}]}<\/script>\n<!-- \/ Yoast SEO plugin. -->","yoast_head_json":{"title":"Tunisie\u00a0: Ka\u00efs Sa\u00efed au chevet du stade d\u2019El-Menzah - Kapitalis","robots":{"index":"index","follow":"follow","max-snippet":"max-snippet:-1","max-image-preview":"max-image-preview:large","max-video-preview":"max-video-preview:-1"},"canonical":"https:\/\/kapitalis.com\/tunisie\/2023\/11\/17\/tunisie-kais-saied-au-chevet-du-stade-del-menzah\/","og_locale":"fr_FR","og_type":"article","og_title":"Tunisie\u00a0: Ka\u00efs Sa\u00efed au chevet du stade d\u2019El-Menzah - Kapitalis","og_description":"Mauvaise gouvernance, obsolescence des proc\u00e9dures d\u2019octroi des march\u00e9s publics ou corruption administrative av\u00e9r\u00e9e ?","og_url":"https:\/\/kapitalis.com\/tunisie\/2023\/11\/17\/tunisie-kais-saied-au-chevet-du-stade-del-menzah\/","og_site_name":"Kapitalis","article_publisher":"https:\/\/www.facebook.com\/KapitalisInfo\/","article_published_time":"2023-11-17T07:11:46+00:00","article_modified_time":"2023-11-17T07:15:39+00:00","og_image":[{"width":1200,"height":630,"url":"https:\/\/kapitalis.com\/tunisie\/wp-content\/uploads\/2023\/11\/Kais-Saied-Chantier-Stade-El-Menzah.jpg","type":"image\/jpeg"}],"author":"webmaster kapitalis","twitter_card":"summary_large_image","twitter_creator":"@KapitalisInfo","twitter_site":"@KapitalisInfo","twitter_misc":{"\u00c9crit par":"webmaster kapitalis","Dur\u00e9e de lecture estim\u00e9e":"2 minutes"},"schema":{"@context":"https:\/\/schema.org","@graph":[{"@type":"Article","@id":"https:\/\/kapitalis.com\/tunisie\/2023\/11\/17\/tunisie-kais-saied-au-chevet-du-stade-del-menzah\/#article","isPartOf":{"@id":"https:\/\/kapitalis.com\/tunisie\/2023\/11\/17\/tunisie-kais-saied-au-chevet-du-stade-del-menzah\/"},"author":{"name":"webmaster kapitalis","@id":"https:\/\/kapitalis.com\/tunisie\/#\/schema\/person\/d71f33a9ca44f7bad4698210b480c8e9"},"headline":"Tunisie\u00a0: Ka\u00efs Sa\u00efed au chevet du stade d\u2019El-Menzah","datePublished":"2023-11-17T07:11:46+00:00","dateModified":"2023-11-17T07:15:39+00:00","mainEntityOfPage":{"@id":"https:\/\/kapitalis.com\/tunisie\/2023\/11\/17\/tunisie-kais-saied-au-chevet-du-stade-del-menzah\/"},"wordCount":368,"commentCount":4,"publisher":{"@id":"https:\/\/kapitalis.com\/tunisie\/#organization"},"image":{"@id":"https:\/\/kapitalis.com\/tunisie\/2023\/11\/17\/tunisie-kais-saied-au-chevet-du-stade-del-menzah\/#primaryimage"},"thumbnailUrl":"https:\/\/kapitalis.com\/tunisie\/wp-content\/uploads\/2023\/11\/Kais-Saied-Chantier-Stade-El-Menzah.jpg","keywords":["Ka\u00efs Sa\u00efed","Kamel D\u00e9guiche","stade d\u2019El-Menzah","Tunisie"],"articleSection":["POLITIQUE","SPORT","Tunisie"],"inLanguage":"fr-FR","potentialAction":[{"@type":"CommentAction","name":"Comment","target":["https:\/\/kapitalis.com\/tunisie\/2023\/11\/17\/tunisie-kais-saied-au-chevet-du-stade-del-menzah\/#respond"]}]},{"@type":"WebPage","@id":"https:\/\/kapitalis.com\/tunisie\/2023\/11\/17\/tunisie-kais-saied-au-chevet-du-stade-del-menzah\/","url":"https:\/\/kapitalis.com\/tunisie\/2023\/11\/17\/tunisie-kais-saied-au-chevet-du-stade-del-menzah\/","name":"Tunisie\u00a0: Ka\u00efs Sa\u00efed au chevet du stade d\u2019El-Menzah - Kapitalis","isPartOf":{"@id":"https:\/\/kapitalis.com\/tunisie\/#website"},"primaryImageOfPage":{"@id":"https:\/\/kapitalis.com\/tunisie\/2023\/11\/17\/tunisie-kais-saied-au-chevet-du-stade-del-menzah\/#primaryimage"},"image":{"@id":"https:\/\/kapitalis.com\/tunisie\/2023\/11\/17\/tunisie-kais-saied-au-chevet-du-stade-del-menzah\/#primaryimage"},"thumbnailUrl":"https:\/\/kapitalis.com\/tunisie\/wp-content\/uploads\/2023\/11\/Kais-Saied-Chantier-Stade-El-Menzah.jpg","datePublished":"2023-11-17T07:11:46+00:00","dateModified":"2023-11-17T07:15:39+00:00","breadcrumb":{"@id":"https:\/\/kapitalis.com\/tunisie\/2023\/11\/17\/tunisie-kais-saied-au-chevet-du-stade-del-menzah\/#breadcrumb"},"inLanguage":"fr-FR","potentialAction":[{"@type":"ReadAction","target":["https:\/\/kapitalis.com\/tunisie\/2023\/11\/17\/tunisie-kais-saied-au-chevet-du-stade-del-menzah\/"]}]},{"@type":"ImageObject","inLanguage":"fr-FR","@id":"https:\/\/kapitalis.com\/tunisie\/2023\/11\/17\/tunisie-kais-saied-au-chevet-du-stade-del-menzah\/#primaryimage","url":"https:\/\/kapitalis.com\/tunisie\/wp-content\/uploads\/2023\/11\/Kais-Saied-Chantier-Stade-El-Menzah.jpg","contentUrl":"https:\/\/kapitalis.com\/tunisie\/wp-content\/uploads\/2023\/11\/Kais-Saied-Chantier-Stade-El-Menzah.jpg","width":1200,"height":630},{"@type":"BreadcrumbList","@id":"https:\/\/kapitalis.com\/tunisie\/2023\/11\/17\/tunisie-kais-saied-au-chevet-du-stade-del-menzah\/#breadcrumb","itemListElement":[{"@type":"ListItem","position":1,"name":"Accueil","item":"https:\/\/kapitalis.com\/tunisie\/"},{"@type":"ListItem","position":2,"name":"Tunisie\u00a0: Ka\u00efs Sa\u00efed au chevet du stade d\u2019El-Menzah"}]},{"@type":"WebSite","@id":"https:\/\/kapitalis.com\/tunisie\/#website","url":"https:\/\/kapitalis.com\/tunisie\/","name":"Kapitalis","description":"L&#039;actualit\u00e9 en Tunisie et dans le monde","publisher":{"@id":"https:\/\/kapitalis.com\/tunisie\/#organization"},"potentialAction":[{"@type":"SearchAction","target":{"@type":"EntryPoint","urlTemplate":"https:\/\/kapitalis.com\/tunisie\/?s={search_term_string}"},"query-input":{"@type":"PropertyValueSpecification","valueRequired":true,"valueName":"search_term_string"}}],"inLanguage":"fr-FR"},{"@type":"Organization","@id":"https:\/\/kapitalis.com\/tunisie\/#organization","name":"Kapitalis","url":"https:\/\/kapitalis.com\/tunisie\/","logo":{"@type":"ImageObject","inLanguage":"fr-FR","@id":"https:\/\/kapitalis.com\/tunisie\/#\/schema\/logo\/image\/","url":"https:\/\/kapitalis.com\/tunisie\/wp-content\/uploads\/2022\/05\/Kapitalis-big-size.png","contentUrl":"https:\/\/kapitalis.com\/tunisie\/wp-content\/uploads\/2022\/05\/Kapitalis-big-size.png","width":5000,"height":1500,"caption":"Kapitalis"},"image":{"@id":"https:\/\/kapitalis.com\/tunisie\/#\/schema\/logo\/image\/"},"sameAs":["https:\/\/www.facebook.com\/KapitalisInfo\/","https:\/\/x.com\/KapitalisInfo","https:\/\/www.youtube.com\/channel\/UC-yDYrHyfFBWWZaOw3FPg9Q"]},{"@type":"Person","@id":"https:\/\/kapitalis.com\/tunisie\/#\/schema\/person\/d71f33a9ca44f7bad4698210b480c8e9","name":"webmaster kapitalis","url":"https:\/\/kapitalis.com\/tunisie\/author\/webmaster-kapitalis\/"}]}},"_links":{"self":[{"href":"https:\/\/kapitalis.com\/tunisie\/wp-json\/wp\/v2\/posts\/10552591","targetHints":{"allow":["GET"]}}],"collection":[{"href":"https:\/\/kapitalis.com\/tunisie\/wp-json\/wp\/v2\/posts"}],"about":[{"href":"https:\/\/kapitalis.com\/tunisie\/wp-json\/wp\/v2\/types\/post"}],"author":[{"embeddable":true,"href":"https:\/\/kapitalis.com\/tunisie\/wp-json\/wp\/v2\/users\/8"}],"replies":[{"embeddable":true,"href":"https:\/\/kapitalis.com\/tunisie\/wp-json\/wp\/v2\/comments?post=10552591"}],"version-history":[{"count":2,"href":"https:\/\/kapitalis.com\/tunisie\/wp-json\/wp\/v2\/posts\/10552591\/revisions"}],"predecessor-version":[{"id":10552805,"href":"https:\/\/kapitalis.com\/tunisie\/wp-json\/wp\/v2\/posts\/10552591\/revisions\/10552805"}],"wp:featuredmedia":[{"embeddable":true,"href":"https:\/\/kapitalis.com\/tunisie\/wp-json\/wp\/v2\/media\/10552629"}],"wp:attachment":[{"href":"https:\/\/kapitalis.com\/tunisie\/wp-json\/wp\/v2\/media?parent=10552591"}],"wp:term":[{"taxonomy":"category","embeddable":true,"href":"https:\/\/kapitalis.com\/tunisie\/wp-json\/wp\/v2\/categories?post=10552591"},{"taxonomy":"post_tag","embeddable":true,"href":"https:\/\/kapitalis.com\/tunisie\/wp-json\/wp\/v2\/tags?post=10552591"}],"curies":[{"name":"wp","href":"https:\/\/api.w.org\/{rel}","templated":true}]}}