{"id":105906,"date":"2017-07-12T12:34:02","date_gmt":"2017-07-12T11:34:02","guid":{"rendered":"http:\/\/kapitalis.com\/tunisie\/?p=105906"},"modified":"2017-07-12T12:34:46","modified_gmt":"2017-07-12T11:34:46","slug":"reseau-etranger-denlevement-dados-a-sousse-la-police-dement","status":"publish","type":"post","link":"https:\/\/kapitalis.com\/tunisie\/2017\/07\/12\/reseau-etranger-denlevement-dados-a-sousse-la-police-dement\/","title":{"rendered":"R\u00e9seau \u00e9tranger d\u2019enl\u00e8vement d\u2019ados \u00e0 Sousse : La police d\u00e9ment"},"content":{"rendered":"<p style=\"text-align: center;\"><img loading=\"lazy\" decoding=\"async\" class=\"alignnone size-full wp-image-105913\" src=\"http:\/\/kapitalis.com\/tunisie\/wp-content\/uploads\/2017\/07\/ado-enfants-viol-enlevement.jpg\" alt=\"\" width=\"626\" height=\"380\" \/><\/p>\n<p><em><strong>La rumeur sur un r\u00e9seau \u00e9tranger sp\u00e9cialis\u00e9 dans l&rsquo;enl\u00e8vement d\u2019enfants et des adolescents \u00e0 Sousse a \u00e9t\u00e9 d\u00e9mentie par une source s\u00e9curitaire.<\/strong><\/em><!--more--><\/p>\n<p>Suite \u00e0 la publication d\u2019un communiqu\u00e9, aujourd\u2019hui, par l&rsquo;association \u00abM\u00e9decins contre la dictature\u00bb, alertant sur l\u2019existence d\u2019un r\u00e9seau \u00e9tranger ayant enlev\u00e9, s\u00e9questr\u00e9 et drogu\u00e9 12 mineurs, Kapitalis a contact\u00e9 une source s\u00e9curitaire aupr\u00e8s de la police criminelle \u00e0 Sousse qui a d\u00e9menti ces rumeurs infond\u00e9es, en pr\u00e9cisant qu\u2019une enqu\u00eate a r\u00e9cemment \u00e9t\u00e9 ouverte sur le viol de 3 adolescentes portant un handicap mental.<\/p>\n<p>\u00ab<em>S&rsquo;il y avait une affaire aussi grave, il est impossible que l&rsquo;on ne le sache pas. Les parents des enfants enlev\u00e9s et la soci\u00e9t\u00e9 civile auraient eux aussi d\u00e9nonc\u00e9 et appel\u00e9 \u00e0 l&rsquo;aide<\/em>\u00bb, a indiqu\u00e9 la m\u00eame source.<\/p>\n<p>Une source aupr\u00e8s du minist\u00e8re de la Femme, de la Famille et de l&rsquo;Enfance de l\u2019enfance a pour sa part pr\u00e9cis\u00e9 que rien n\u2019indique l&rsquo;existence d&rsquo;une bande organis\u00e9e d\u2019enl\u00e8vement d&rsquo;enfants mais la protection de l&rsquo;enfance suit l&rsquo;affaire avec les autorit\u00e9s s\u00e9curitaires.<\/p>\n<p>Monia Kettana, pr\u00e9sidente de \u00abM\u00e9decins contre la dictature\u00bb, a confirm\u00e9 \u00e0 Kapitalis que son association a lanc\u00e9 l\u2019alerte apr\u00e8s avoir \u00e9t\u00e9 contact\u00e9e par le p\u00e8re de Fatma (14 ans), une ado r\u00e9cemment enlev\u00e9e et qui lui aurait indiqu\u00e9 qu&rsquo;elle s&rsquo;\u00e9tait retrouv\u00e9e dans un appartement \u00e0 Menchia, avec 11 autres enfants et adolescents.<\/p>\n<p>Selon la fillette, des \u00e9trangers se trouvaient dans cet appartement, dont une femme \u00ab<em>portant une blouse blanche et qui droguait les enfants avec une piq\u00fbre<\/em>\u00bb.<\/p>\n<p>Me Kettana, estime que la police ne peut pas \u00eatre au courant de cette affaire, car le chef du district de police a refus\u00e9 d\u2019ouvrir une enqu\u00eate \u00e0 ce sujet.<\/p>\n<p>Sur la base des diverses sources contact\u00e9es, il y a eu enl\u00e8vement et tr\u00e8s probablement viol de 3 adolescentes, mais on ne peut parler de bande organis\u00e9e dans l&rsquo;enl\u00e8vement des enfants. Et encore moins d&rsquo;\u00e9l\u00e9ments \u00e9trangers.<\/p>\n<p style=\"text-align: right;\"><strong>Y. N.<\/strong><\/p>\n","protected":false},"excerpt":{"rendered":"<p>La rumeur sur un r\u00e9seau \u00e9tranger sp\u00e9cialis\u00e9 dans l&rsquo;enl\u00e8vement d\u2019enfants et des adolescents \u00e0 Sousse a \u00e9t\u00e9 d\u00e9mentie par une source s\u00e9curitaire.<\/p>\n","protected":false},"author":6,"featured_media":105913,"comment_status":"open","ping_status":"open","sticky":false,"template":"","format":"standard","meta":{"footnotes":""},"categories":[998,2433],"tags":[321,1011,31205,16759,1932,854,950],"class_list":["post-105906","post","type-post","status-publish","format-standard","has-post-thumbnail","hentry","category-societe","category-tunisie","tag-enfants","tag-enlevement","tag-menchia","tag-mineurs","tag-sequestration","tag-sousse","tag-viol"],"yoast_head":"<!-- This site is optimized with the Yoast SEO plugin v26.6 - https:\/\/yoast.com\/wordpress\/plugins\/seo\/ -->\n<title>R\u00e9seau \u00e9tranger d\u2019enl\u00e8vement d\u2019ados \u00e0 Sousse : La police d\u00e9ment - Kapitalis<\/title>\n<meta name=\"robots\" content=\"index, follow, max-snippet:-1, max-image-preview:large, max-video-preview:-1\" \/>\n<link rel=\"canonical\" href=\"https:\/\/kapitalis.com\/tunisie\/2017\/07\/12\/reseau-etranger-denlevement-dados-a-sousse-la-police-dement\/\" \/>\n<meta property=\"og:locale\" content=\"fr_FR\" \/>\n<meta property=\"og:type\" content=\"article\" \/>\n<meta property=\"og:title\" content=\"R\u00e9seau \u00e9tranger d\u2019enl\u00e8vement d\u2019ados \u00e0 Sousse : La police d\u00e9ment - Kapitalis\" \/>\n<meta property=\"og:description\" content=\"La rumeur sur un r\u00e9seau \u00e9tranger sp\u00e9cialis\u00e9 dans l&rsquo;enl\u00e8vement d\u2019enfants et des adolescents \u00e0 Sousse a \u00e9t\u00e9 d\u00e9mentie par une source s\u00e9curitaire.\" \/>\n<meta property=\"og:url\" content=\"https:\/\/kapitalis.com\/tunisie\/2017\/07\/12\/reseau-etranger-denlevement-dados-a-sousse-la-police-dement\/\" \/>\n<meta property=\"og:site_name\" content=\"Kapitalis\" \/>\n<meta property=\"article:publisher\" content=\"https:\/\/www.facebook.com\/KapitalisInfo\/\" \/>\n<meta property=\"article:published_time\" content=\"2017-07-12T11:34:02+00:00\" \/>\n<meta property=\"article:modified_time\" content=\"2017-07-12T11:34:46+00:00\" \/>\n<meta property=\"og:image\" content=\"https:\/\/kapitalis.com\/tunisie\/wp-content\/uploads\/2022\/05\/kapitalis-logo-fb.png\" \/>\n\t<meta property=\"og:image:width\" content=\"1200\" \/>\n\t<meta property=\"og:image:height\" content=\"630\" \/>\n\t<meta property=\"og:image:type\" content=\"image\/png\" \/>\n<meta name=\"author\" content=\"Yusra NY\" \/>\n<meta name=\"twitter:card\" content=\"summary_large_image\" \/>\n<meta name=\"twitter:creator\" content=\"@KapitalisInfo\" \/>\n<meta name=\"twitter:site\" content=\"@KapitalisInfo\" \/>\n<meta name=\"twitter:label1\" content=\"\u00c9crit par\" \/>\n\t<meta name=\"twitter:data1\" content=\"Yusra NY\" \/>\n\t<meta name=\"twitter:label2\" content=\"Dur\u00e9e de lecture estim\u00e9e\" \/>\n\t<meta name=\"twitter:data2\" content=\"2 minutes\" \/>\n<script type=\"application\/ld+json\" class=\"yoast-schema-graph\">{\"@context\":\"https:\/\/schema.org\",\"@graph\":[{\"@type\":\"Article\",\"@id\":\"https:\/\/kapitalis.com\/tunisie\/2017\/07\/12\/reseau-etranger-denlevement-dados-a-sousse-la-police-dement\/#article\",\"isPartOf\":{\"@id\":\"https:\/\/kapitalis.com\/tunisie\/2017\/07\/12\/reseau-etranger-denlevement-dados-a-sousse-la-police-dement\/\"},\"author\":{\"name\":\"Yusra NY\",\"@id\":\"https:\/\/kapitalis.com\/tunisie\/#\/schema\/person\/74bbde0154d49d790a92aaeac5bc01d5\"},\"headline\":\"R\u00e9seau \u00e9tranger d\u2019enl\u00e8vement d\u2019ados \u00e0 Sousse : La police d\u00e9ment\",\"datePublished\":\"2017-07-12T11:34:02+00:00\",\"dateModified\":\"2017-07-12T11:34:46+00:00\",\"mainEntityOfPage\":{\"@id\":\"https:\/\/kapitalis.com\/tunisie\/2017\/07\/12\/reseau-etranger-denlevement-dados-a-sousse-la-police-dement\/\"},\"wordCount\":365,\"commentCount\":0,\"publisher\":{\"@id\":\"https:\/\/kapitalis.com\/tunisie\/#organization\"},\"image\":{\"@id\":\"https:\/\/kapitalis.com\/tunisie\/2017\/07\/12\/reseau-etranger-denlevement-dados-a-sousse-la-police-dement\/#primaryimage\"},\"thumbnailUrl\":\"\",\"keywords\":[\"enfants\",\"enl\u00e8vement\",\"Menchia\",\"mineurs\",\"s\u00e9questration\",\"Sousse\",\"viol\"],\"articleSection\":[\"SOCIETE\",\"Tunisie\"],\"inLanguage\":\"fr-FR\",\"potentialAction\":[{\"@type\":\"CommentAction\",\"name\":\"Comment\",\"target\":[\"https:\/\/kapitalis.com\/tunisie\/2017\/07\/12\/reseau-etranger-denlevement-dados-a-sousse-la-police-dement\/#respond\"]}]},{\"@type\":\"WebPage\",\"@id\":\"https:\/\/kapitalis.com\/tunisie\/2017\/07\/12\/reseau-etranger-denlevement-dados-a-sousse-la-police-dement\/\",\"url\":\"https:\/\/kapitalis.com\/tunisie\/2017\/07\/12\/reseau-etranger-denlevement-dados-a-sousse-la-police-dement\/\",\"name\":\"R\u00e9seau \u00e9tranger d\u2019enl\u00e8vement d\u2019ados \u00e0 Sousse : La police d\u00e9ment - Kapitalis\",\"isPartOf\":{\"@id\":\"https:\/\/kapitalis.com\/tunisie\/#website\"},\"primaryImageOfPage\":{\"@id\":\"https:\/\/kapitalis.com\/tunisie\/2017\/07\/12\/reseau-etranger-denlevement-dados-a-sousse-la-police-dement\/#primaryimage\"},\"image\":{\"@id\":\"https:\/\/kapitalis.com\/tunisie\/2017\/07\/12\/reseau-etranger-denlevement-dados-a-sousse-la-police-dement\/#primaryimage\"},\"thumbnailUrl\":\"\",\"datePublished\":\"2017-07-12T11:34:02+00:00\",\"dateModified\":\"2017-07-12T11:34:46+00:00\",\"breadcrumb\":{\"@id\":\"https:\/\/kapitalis.com\/tunisie\/2017\/07\/12\/reseau-etranger-denlevement-dados-a-sousse-la-police-dement\/#breadcrumb\"},\"inLanguage\":\"fr-FR\",\"potentialAction\":[{\"@type\":\"ReadAction\",\"target\":[\"https:\/\/kapitalis.com\/tunisie\/2017\/07\/12\/reseau-etranger-denlevement-dados-a-sousse-la-police-dement\/\"]}]},{\"@type\":\"ImageObject\",\"inLanguage\":\"fr-FR\",\"@id\":\"https:\/\/kapitalis.com\/tunisie\/2017\/07\/12\/reseau-etranger-denlevement-dados-a-sousse-la-police-dement\/#primaryimage\",\"url\":\"\",\"contentUrl\":\"\"},{\"@type\":\"BreadcrumbList\",\"@id\":\"https:\/\/kapitalis.com\/tunisie\/2017\/07\/12\/reseau-etranger-denlevement-dados-a-sousse-la-police-dement\/#breadcrumb\",\"itemListElement\":[{\"@type\":\"ListItem\",\"position\":1,\"name\":\"Accueil\",\"item\":\"https:\/\/kapitalis.com\/tunisie\/\"},{\"@type\":\"ListItem\",\"position\":2,\"name\":\"R\u00e9seau \u00e9tranger d\u2019enl\u00e8vement d\u2019ados \u00e0 Sousse : La police d\u00e9ment\"}]},{\"@type\":\"WebSite\",\"@id\":\"https:\/\/kapitalis.com\/tunisie\/#website\",\"url\":\"https:\/\/kapitalis.com\/tunisie\/\",\"name\":\"Kapitalis\",\"description\":\"L&#039;actualit\u00e9 en Tunisie et dans le monde\",\"publisher\":{\"@id\":\"https:\/\/kapitalis.com\/tunisie\/#organization\"},\"potentialAction\":[{\"@type\":\"SearchAction\",\"target\":{\"@type\":\"EntryPoint\",\"urlTemplate\":\"https:\/\/kapitalis.com\/tunisie\/?s={search_term_string}\"},\"query-input\":{\"@type\":\"PropertyValueSpecification\",\"valueRequired\":true,\"valueName\":\"search_term_string\"}}],\"inLanguage\":\"fr-FR\"},{\"@type\":\"Organization\",\"@id\":\"https:\/\/kapitalis.com\/tunisie\/#organization\",\"name\":\"Kapitalis\",\"url\":\"https:\/\/kapitalis.com\/tunisie\/\",\"logo\":{\"@type\":\"ImageObject\",\"inLanguage\":\"fr-FR\",\"@id\":\"https:\/\/kapitalis.com\/tunisie\/#\/schema\/logo\/image\/\",\"url\":\"https:\/\/kapitalis.com\/tunisie\/wp-content\/uploads\/2022\/05\/Kapitalis-big-size.png\",\"contentUrl\":\"https:\/\/kapitalis.com\/tunisie\/wp-content\/uploads\/2022\/05\/Kapitalis-big-size.png\",\"width\":5000,\"height\":1500,\"caption\":\"Kapitalis\"},\"image\":{\"@id\":\"https:\/\/kapitalis.com\/tunisie\/#\/schema\/logo\/image\/\"},\"sameAs\":[\"https:\/\/www.facebook.com\/KapitalisInfo\/\",\"https:\/\/x.com\/KapitalisInfo\",\"https:\/\/www.youtube.com\/channel\/UC-yDYrHyfFBWWZaOw3FPg9Q\"]},{\"@type\":\"Person\",\"@id\":\"https:\/\/kapitalis.com\/tunisie\/#\/schema\/person\/74bbde0154d49d790a92aaeac5bc01d5\",\"name\":\"Yusra NY\",\"url\":\"https:\/\/kapitalis.com\/tunisie\/author\/yuza_adam\/\"}]}<\/script>\n<!-- \/ Yoast SEO plugin. -->","yoast_head_json":{"title":"R\u00e9seau \u00e9tranger d\u2019enl\u00e8vement d\u2019ados \u00e0 Sousse : La police d\u00e9ment - Kapitalis","robots":{"index":"index","follow":"follow","max-snippet":"max-snippet:-1","max-image-preview":"max-image-preview:large","max-video-preview":"max-video-preview:-1"},"canonical":"https:\/\/kapitalis.com\/tunisie\/2017\/07\/12\/reseau-etranger-denlevement-dados-a-sousse-la-police-dement\/","og_locale":"fr_FR","og_type":"article","og_title":"R\u00e9seau \u00e9tranger d\u2019enl\u00e8vement d\u2019ados \u00e0 Sousse : La police d\u00e9ment - Kapitalis","og_description":"La rumeur sur un r\u00e9seau \u00e9tranger sp\u00e9cialis\u00e9 dans l&rsquo;enl\u00e8vement d\u2019enfants et des adolescents \u00e0 Sousse a \u00e9t\u00e9 d\u00e9mentie par une source s\u00e9curitaire.","og_url":"https:\/\/kapitalis.com\/tunisie\/2017\/07\/12\/reseau-etranger-denlevement-dados-a-sousse-la-police-dement\/","og_site_name":"Kapitalis","article_publisher":"https:\/\/www.facebook.com\/KapitalisInfo\/","article_published_time":"2017-07-12T11:34:02+00:00","article_modified_time":"2017-07-12T11:34:46+00:00","og_image":[{"width":1200,"height":630,"url":"https:\/\/kapitalis.com\/tunisie\/wp-content\/uploads\/2022\/05\/kapitalis-logo-fb.png","type":"image\/png"}],"author":"Yusra NY","twitter_card":"summary_large_image","twitter_creator":"@KapitalisInfo","twitter_site":"@KapitalisInfo","twitter_misc":{"\u00c9crit par":"Yusra NY","Dur\u00e9e de lecture estim\u00e9e":"2 minutes"},"schema":{"@context":"https:\/\/schema.org","@graph":[{"@type":"Article","@id":"https:\/\/kapitalis.com\/tunisie\/2017\/07\/12\/reseau-etranger-denlevement-dados-a-sousse-la-police-dement\/#article","isPartOf":{"@id":"https:\/\/kapitalis.com\/tunisie\/2017\/07\/12\/reseau-etranger-denlevement-dados-a-sousse-la-police-dement\/"},"author":{"name":"Yusra NY","@id":"https:\/\/kapitalis.com\/tunisie\/#\/schema\/person\/74bbde0154d49d790a92aaeac5bc01d5"},"headline":"R\u00e9seau \u00e9tranger d\u2019enl\u00e8vement d\u2019ados \u00e0 Sousse : La police d\u00e9ment","datePublished":"2017-07-12T11:34:02+00:00","dateModified":"2017-07-12T11:34:46+00:00","mainEntityOfPage":{"@id":"https:\/\/kapitalis.com\/tunisie\/2017\/07\/12\/reseau-etranger-denlevement-dados-a-sousse-la-police-dement\/"},"wordCount":365,"commentCount":0,"publisher":{"@id":"https:\/\/kapitalis.com\/tunisie\/#organization"},"image":{"@id":"https:\/\/kapitalis.com\/tunisie\/2017\/07\/12\/reseau-etranger-denlevement-dados-a-sousse-la-police-dement\/#primaryimage"},"thumbnailUrl":"","keywords":["enfants","enl\u00e8vement","Menchia","mineurs","s\u00e9questration","Sousse","viol"],"articleSection":["SOCIETE","Tunisie"],"inLanguage":"fr-FR","potentialAction":[{"@type":"CommentAction","name":"Comment","target":["https:\/\/kapitalis.com\/tunisie\/2017\/07\/12\/reseau-etranger-denlevement-dados-a-sousse-la-police-dement\/#respond"]}]},{"@type":"WebPage","@id":"https:\/\/kapitalis.com\/tunisie\/2017\/07\/12\/reseau-etranger-denlevement-dados-a-sousse-la-police-dement\/","url":"https:\/\/kapitalis.com\/tunisie\/2017\/07\/12\/reseau-etranger-denlevement-dados-a-sousse-la-police-dement\/","name":"R\u00e9seau \u00e9tranger d\u2019enl\u00e8vement d\u2019ados \u00e0 Sousse : La police d\u00e9ment - Kapitalis","isPartOf":{"@id":"https:\/\/kapitalis.com\/tunisie\/#website"},"primaryImageOfPage":{"@id":"https:\/\/kapitalis.com\/tunisie\/2017\/07\/12\/reseau-etranger-denlevement-dados-a-sousse-la-police-dement\/#primaryimage"},"image":{"@id":"https:\/\/kapitalis.com\/tunisie\/2017\/07\/12\/reseau-etranger-denlevement-dados-a-sousse-la-police-dement\/#primaryimage"},"thumbnailUrl":"","datePublished":"2017-07-12T11:34:02+00:00","dateModified":"2017-07-12T11:34:46+00:00","breadcrumb":{"@id":"https:\/\/kapitalis.com\/tunisie\/2017\/07\/12\/reseau-etranger-denlevement-dados-a-sousse-la-police-dement\/#breadcrumb"},"inLanguage":"fr-FR","potentialAction":[{"@type":"ReadAction","target":["https:\/\/kapitalis.com\/tunisie\/2017\/07\/12\/reseau-etranger-denlevement-dados-a-sousse-la-police-dement\/"]}]},{"@type":"ImageObject","inLanguage":"fr-FR","@id":"https:\/\/kapitalis.com\/tunisie\/2017\/07\/12\/reseau-etranger-denlevement-dados-a-sousse-la-police-dement\/#primaryimage","url":"","contentUrl":""},{"@type":"BreadcrumbList","@id":"https:\/\/kapitalis.com\/tunisie\/2017\/07\/12\/reseau-etranger-denlevement-dados-a-sousse-la-police-dement\/#breadcrumb","itemListElement":[{"@type":"ListItem","position":1,"name":"Accueil","item":"https:\/\/kapitalis.com\/tunisie\/"},{"@type":"ListItem","position":2,"name":"R\u00e9seau \u00e9tranger d\u2019enl\u00e8vement d\u2019ados \u00e0 Sousse : La police d\u00e9ment"}]},{"@type":"WebSite","@id":"https:\/\/kapitalis.com\/tunisie\/#website","url":"https:\/\/kapitalis.com\/tunisie\/","name":"Kapitalis","description":"L&#039;actualit\u00e9 en Tunisie et dans le monde","publisher":{"@id":"https:\/\/kapitalis.com\/tunisie\/#organization"},"potentialAction":[{"@type":"SearchAction","target":{"@type":"EntryPoint","urlTemplate":"https:\/\/kapitalis.com\/tunisie\/?s={search_term_string}"},"query-input":{"@type":"PropertyValueSpecification","valueRequired":true,"valueName":"search_term_string"}}],"inLanguage":"fr-FR"},{"@type":"Organization","@id":"https:\/\/kapitalis.com\/tunisie\/#organization","name":"Kapitalis","url":"https:\/\/kapitalis.com\/tunisie\/","logo":{"@type":"ImageObject","inLanguage":"fr-FR","@id":"https:\/\/kapitalis.com\/tunisie\/#\/schema\/logo\/image\/","url":"https:\/\/kapitalis.com\/tunisie\/wp-content\/uploads\/2022\/05\/Kapitalis-big-size.png","contentUrl":"https:\/\/kapitalis.com\/tunisie\/wp-content\/uploads\/2022\/05\/Kapitalis-big-size.png","width":5000,"height":1500,"caption":"Kapitalis"},"image":{"@id":"https:\/\/kapitalis.com\/tunisie\/#\/schema\/logo\/image\/"},"sameAs":["https:\/\/www.facebook.com\/KapitalisInfo\/","https:\/\/x.com\/KapitalisInfo","https:\/\/www.youtube.com\/channel\/UC-yDYrHyfFBWWZaOw3FPg9Q"]},{"@type":"Person","@id":"https:\/\/kapitalis.com\/tunisie\/#\/schema\/person\/74bbde0154d49d790a92aaeac5bc01d5","name":"Yusra NY","url":"https:\/\/kapitalis.com\/tunisie\/author\/yuza_adam\/"}]}},"_links":{"self":[{"href":"https:\/\/kapitalis.com\/tunisie\/wp-json\/wp\/v2\/posts\/105906","targetHints":{"allow":["GET"]}}],"collection":[{"href":"https:\/\/kapitalis.com\/tunisie\/wp-json\/wp\/v2\/posts"}],"about":[{"href":"https:\/\/kapitalis.com\/tunisie\/wp-json\/wp\/v2\/types\/post"}],"author":[{"embeddable":true,"href":"https:\/\/kapitalis.com\/tunisie\/wp-json\/wp\/v2\/users\/6"}],"replies":[{"embeddable":true,"href":"https:\/\/kapitalis.com\/tunisie\/wp-json\/wp\/v2\/comments?post=105906"}],"version-history":[{"count":0,"href":"https:\/\/kapitalis.com\/tunisie\/wp-json\/wp\/v2\/posts\/105906\/revisions"}],"wp:featuredmedia":[{"embeddable":true,"href":"https:\/\/kapitalis.com\/tunisie\/wp-json\/wp\/v2\/media\/105913"}],"wp:attachment":[{"href":"https:\/\/kapitalis.com\/tunisie\/wp-json\/wp\/v2\/media?parent=105906"}],"wp:term":[{"taxonomy":"category","embeddable":true,"href":"https:\/\/kapitalis.com\/tunisie\/wp-json\/wp\/v2\/categories?post=105906"},{"taxonomy":"post_tag","embeddable":true,"href":"https:\/\/kapitalis.com\/tunisie\/wp-json\/wp\/v2\/tags?post=105906"}],"curies":[{"name":"wp","href":"https:\/\/api.w.org\/{rel}","templated":true}]}}