{"id":10605782,"date":"2023-11-20T09:12:26","date_gmt":"2023-11-20T08:12:26","guid":{"rendered":"https:\/\/kapitalis.com\/tunisie\/?p=10605782"},"modified":"2023-11-20T09:12:28","modified_gmt":"2023-11-20T08:12:28","slug":"lutte-contre-la-migration-illegale-la-cooperation-tuniso-europeenne-va-bon-train","status":"publish","type":"post","link":"https:\/\/kapitalis.com\/tunisie\/2023\/11\/20\/lutte-contre-la-migration-illegale-la-cooperation-tuniso-europeenne-va-bon-train\/","title":{"rendered":"Lutte contre la migration ill\u00e9gale : la coop\u00e9ration tuniso-europ\u00e9enne va bon train"},"content":{"rendered":"\n<p><strong><em>Le ministre de l\u2019Int\u00e9rieur Kamel Feki a pr\u00e9sid\u00e9, vendredi 17 novembre 2023, \u00e0 Nefta, gouvernorat de Tozeur, la c\u00e9r\u00e9monie d\u2019inauguration du Centre de formation conjointe en gestion int\u00e9gr\u00e9e des fronti\u00e8res en pr\u00e9sence de son homologue autrichien Gerhard Karner, du ministre de l\u2019Immigration du Danemark Kaare Dybvad Bek et l\u2019ambassadrice des Pays-Bas \u00e0 Tunis,\u00a0Josephine Frantzen, pays europ\u00e9ens partenaires du projet. Un journal autrichien rend compte de l\u2019\u00e9v\u00e9nement dans l\u2019article ci-dessous.<\/em><\/strong><\/p>\n\n\n\n<!--more-->\n\n\n\n<p>L\u2019accord migratoire conclu cet \u00e9t\u00e9 entre l\u2019Union europ\u00e9enne (UE) et la Tunisie <em>\u00abcommence lentement \u00e0 produire ses effets\u00bb<\/em>, a d\u00e9clar\u00e9 jeudi 16 novembre 2023 le ministre de l\u2019Int\u00e9rieur de l\u2019Autriche Gerhard Karner (\u00d6VP) lors d\u2019un voyage de trois jours dans notre pays. Selon Frontex, 1.652 personnes ont quitt\u00e9 la Tunisie pour l\u2019Europe en octobre, contre 16.396 en septembre. L\u2019Autriche veut apporter sa contribution en formant des gardes-fronti\u00e8res [tunisiens, Ndlr].<\/p>\n\n\n\n<p>Cependant, le d\u00e9marrage de l\u2019accord sur la migration n\u2019a pas \u00e9t\u00e9 facile. Plusieurs institutions europ\u00e9ennes ont critiqu\u00e9 l\u2019accord, qui stipule que la Commission europ\u00e9enne (CE) pourrait verser une aide financi\u00e8re pouvant atteindre 900 millions d\u2019euros au pays \u00e9conomiquement durement touch\u00e9. Tunis elle-m\u00eame a rembours\u00e9 60 millions d\u2019euros d\u2019aide budg\u00e9taire en octobre, et le ministre de l\u2019Int\u00e9rieur, Kamel Feki, a d\u00e9clar\u00e9 : <em>\u00abEn aucun cas la Tunisie ne peut servir de garde-fronti\u00e8re pour d<\/em><em>\u2019<\/em><em>autres pays\u00bb<\/em>.<\/p>\n\n\n\n<p>Peu apr\u00e8s l\u2019annonce de l\u2019accord, il y a eu une sorte de<em> \u00abpanique\u00bb<\/em>, mais l\u2019accord apporte d\u00e9sormais ses premiers r\u00e9sultats. <em>\u00abIl est important que nous soutenions la Tunisie dans la protection des fronti\u00e8res; elle peut compter sur notre soutien\u00bb<\/em>, a d\u00e9clar\u00e9 Karner, qui a eu un entretien avec son homologue tunisien Kamel Feki jeudi dernier. Cela se fait<em> \u00absur un pied d\u2019\u00e9galit\u00e9\u00bb<\/em> et la coop\u00e9ration avec le pays tiers se d\u00e9roule bien, a soulign\u00e9 le ministre autrichien. Et d\u2019ajouter\u00a0: <em>\u00abJ\u2019ai toujours dit : la s\u00e9curit\u00e9 du continent plut\u00f4t que le sauvetage en mer. Les gens ne devraient m\u00eame pas entreprendre le dangereux voyage \u00e0 travers la mer.\u00bb<\/em><\/p>\n\n\n<div class=\"wp-block-image\">\n<figure class=\"aligncenter size-large is-resized\"><img loading=\"lazy\" decoding=\"async\" width=\"1024\" height=\"538\" src=\"https:\/\/kapitalis.com\/tunisie\/wp-content\/uploads\/2023\/11\/Inauguration-du-Centre-de-formation-des-gardes-cotes-Nefta-1024x538.jpg\" alt=\"\" class=\"wp-image-10605895\" style=\"width:800px\" srcset=\"https:\/\/kapitalis.com\/tunisie\/wp-content\/uploads\/2023\/11\/Inauguration-du-Centre-de-formation-des-gardes-cotes-Nefta-1024x538.jpg 1024w, https:\/\/kapitalis.com\/tunisie\/wp-content\/uploads\/2023\/11\/Inauguration-du-Centre-de-formation-des-gardes-cotes-Nefta-300x158.jpg 300w, https:\/\/kapitalis.com\/tunisie\/wp-content\/uploads\/2023\/11\/Inauguration-du-Centre-de-formation-des-gardes-cotes-Nefta-768x403.jpg 768w, https:\/\/kapitalis.com\/tunisie\/wp-content\/uploads\/2023\/11\/Inauguration-du-Centre-de-formation-des-gardes-cotes-Nefta-580x305.jpg 580w, https:\/\/kapitalis.com\/tunisie\/wp-content\/uploads\/2023\/11\/Inauguration-du-Centre-de-formation-des-gardes-cotes-Nefta-860x452.jpg 860w, https:\/\/kapitalis.com\/tunisie\/wp-content\/uploads\/2023\/11\/Inauguration-du-Centre-de-formation-des-gardes-cotes-Nefta-1160x609.jpg 1160w, https:\/\/kapitalis.com\/tunisie\/wp-content\/uploads\/2023\/11\/Inauguration-du-Centre-de-formation-des-gardes-cotes-Nefta.jpg 1200w\" sizes=\"auto, (max-width: 1024px) 100vw, 1024px\" \/><\/figure>\n<\/div>\n\n\n<p>L&rsquo;ann\u00e9e derni\u00e8re, l\u2019Autriche a d\u00e9nombr\u00e9 13 126 demandes d\u2019asile en provenance de Tunisie, contre 348 cette ann\u00e9e apr\u00e8s la suppression de l\u2019exemption de visa en novembre 2022. La r\u00e9union bilat\u00e9rale comprenait \u00e9galement la signature d\u2019un accord de secours en cas de catastrophe. <em>\u00abIl s<\/em><em>\u2019<\/em><em>agit d<\/em><em>\u2019<\/em><em>une aide rapide et non bureaucratique\u00bb<\/em>, a soulign\u00e9 Karner. Des pays comme l\u2019Allemagne, l\u2019Italie et l\u2019Espagne ont d\u00e9j\u00e0 conclu des accords de ce type.<\/p>\n\n\n\n<p>Le point central du voyage a \u00e9t\u00e9 l\u2019ouverture, vendredi 17 novembre, d\u2019un centre de formation pour les gardes-fronti\u00e8res.<\/p>\n\n\n\n<p>L\u2019Autriche et le Danemark ont \u200b\u200bfinanc\u00e9 conjointement le centre, qui peut accueillir 200 futurs gardes-fronti\u00e8res. L\u2019Autriche a contribu\u00e9 \u00e0 hauteur de pr\u00e8s d\u2019un million d\u2019euros. Karner et le ministre danois des Migrations, Kaare Dybvad Bek, ont remis \u00e0 cette occasion leurs certificats aux 15 premiers dipl\u00f4m\u00e9s. <em>\u00abNous pensons de la m\u00eame mani\u00e8re que les Danois, malgr\u00e9 les diff\u00e9rentes familles de partis\u00bb<\/em>, a d\u00e9clar\u00e9 Karner \u00e0 propos de son homologue social-d\u00e9mocrate.<\/p>\n\n\n\n<p>Karner explique pourquoi l\u2019Autriche suit sa propre voie malgr\u00e9 l\u2019accord avec l\u2019UE : <em>\u00abL<\/em><em>\u2019<\/em><em>UE a une responsabilit\u00e9 globale, mais chaque \u00c9tat membre a \u00e9galement une responsabilit\u00e9. Nous voulons ici envoyer un signal et faire avancer le dossier.\u00bb<\/em><\/p>\n\n\n\n<p>Le projet a \u00e9t\u00e9 coordonn\u00e9 par le Centre international pour le d\u00e9veloppement des politiques migratoires (ICMPD) bas\u00e9 \u00e0 Vienne, sous la direction de l\u2019ancien vice-chancelier de l\u2019\u00d6VP Michael Spindelegger. La prochaine \u00e9tape consiste \u00e0 agrandir les installations sanitaires et un terrain de sport; les Pays-Bas ont \u00e9galement annonc\u00e9 leur participation au projet. <em>\u00abNous ne vous donnons pas<\/em> (ICMPD, ndlr)<em> de l\u2019argent en vous disant \u2018faites quelque chose avec\u2019, c\u2019est une t\u00e2che concr\u00e8te du projet\u00bb<\/em>, a assur\u00e9 Karner. Diff\u00e9rents modules font partie de la formation, dont un sur la mani\u00e8re dont les droits de l\u2019homme sont respect\u00e9s.<\/p>\n\n\n\n<p class=\"has-text-align-right\"><em>Traduit de l\u2019allemand.<\/em><\/p>\n\n\n\n<p>D\u2019apr\u00e8s<a href=\"https:\/\/k.at\/news\/eu-migrationspakt-zeigt-laut-karner-erfolge\/402673039?fbclid=IwAR1rKu4av2bB8Dav4epM7-DVhRaYjIHp6LHlUZkI7zOAeK1vP-sXkpu0zdI\" target=\"_blank\" rel=\"noreferrer noopener\"> K.AT News<\/a>. <\/p>\n","protected":false},"excerpt":{"rendered":"<p>Selon Frontex, 1.652 personnes ont quitt\u00e9 la Tunisie pour l\u2019Europe en octobre, contre 16.396 en septembre.<\/p>\n","protected":false},"author":8,"featured_media":10605890,"comment_status":"open","ping_status":"open","sticky":false,"template":"","format":"standard","meta":{"footnotes":""},"categories":[992,997,2433],"tags":[1743,10729,112337,112334,112335,112336,96161,700,84086,937],"class_list":["post-10605782","post","type-post","status-publish","format-standard","has-post-thumbnail","hentry","category-a-la-une","category-politique","category-tunisie","tag-autriche","tag-danemark","tag-gardes-frontieres","tag-gerhard-karner","tag-josephine-frantzen","tag-kaare-dybvad-bek","tag-kamel-feki","tag-pays-bas","tag-politiques-migratoires","tag-union-europeenne"],"yoast_head":"<!-- This site is optimized with the Yoast SEO plugin v26.6 - https:\/\/yoast.com\/wordpress\/plugins\/seo\/ -->\n<title>Lutte contre la migration ill\u00e9gale : la coop\u00e9ration tuniso-europ\u00e9enne va bon train - Kapitalis<\/title>\n<meta name=\"robots\" content=\"index, follow, max-snippet:-1, max-image-preview:large, max-video-preview:-1\" \/>\n<link rel=\"canonical\" href=\"https:\/\/kapitalis.com\/tunisie\/2023\/11\/20\/lutte-contre-la-migration-illegale-la-cooperation-tuniso-europeenne-va-bon-train\/\" \/>\n<meta property=\"og:locale\" content=\"fr_FR\" \/>\n<meta property=\"og:type\" content=\"article\" \/>\n<meta property=\"og:title\" content=\"Lutte contre la migration ill\u00e9gale : la coop\u00e9ration tuniso-europ\u00e9enne va bon train - Kapitalis\" \/>\n<meta property=\"og:description\" content=\"Selon Frontex, 1.652 personnes ont quitt\u00e9 la Tunisie pour l\u2019Europe en octobre, contre 16.396 en septembre.\" \/>\n<meta property=\"og:url\" content=\"https:\/\/kapitalis.com\/tunisie\/2023\/11\/20\/lutte-contre-la-migration-illegale-la-cooperation-tuniso-europeenne-va-bon-train\/\" \/>\n<meta property=\"og:site_name\" content=\"Kapitalis\" \/>\n<meta property=\"article:publisher\" content=\"https:\/\/www.facebook.com\/KapitalisInfo\/\" \/>\n<meta property=\"article:published_time\" content=\"2023-11-20T08:12:26+00:00\" \/>\n<meta property=\"article:modified_time\" content=\"2023-11-20T08:12:28+00:00\" \/>\n<meta property=\"og:image\" content=\"https:\/\/kapitalis.com\/tunisie\/wp-content\/uploads\/2023\/11\/Inauguration-du-Centre-de-formation-des-gardes-cotes-Nefta-2.jpg\" \/>\n\t<meta property=\"og:image:width\" content=\"1200\" \/>\n\t<meta property=\"og:image:height\" content=\"630\" \/>\n\t<meta property=\"og:image:type\" content=\"image\/jpeg\" \/>\n<meta name=\"author\" content=\"webmaster kapitalis\" \/>\n<meta name=\"twitter:card\" content=\"summary_large_image\" \/>\n<meta name=\"twitter:creator\" content=\"@KapitalisInfo\" \/>\n<meta name=\"twitter:site\" content=\"@KapitalisInfo\" \/>\n<meta name=\"twitter:label1\" content=\"\u00c9crit par\" \/>\n\t<meta name=\"twitter:data1\" content=\"webmaster kapitalis\" \/>\n\t<meta name=\"twitter:label2\" content=\"Dur\u00e9e de lecture estim\u00e9e\" \/>\n\t<meta name=\"twitter:data2\" content=\"4 minutes\" \/>\n<script type=\"application\/ld+json\" class=\"yoast-schema-graph\">{\"@context\":\"https:\/\/schema.org\",\"@graph\":[{\"@type\":\"Article\",\"@id\":\"https:\/\/kapitalis.com\/tunisie\/2023\/11\/20\/lutte-contre-la-migration-illegale-la-cooperation-tuniso-europeenne-va-bon-train\/#article\",\"isPartOf\":{\"@id\":\"https:\/\/kapitalis.com\/tunisie\/2023\/11\/20\/lutte-contre-la-migration-illegale-la-cooperation-tuniso-europeenne-va-bon-train\/\"},\"author\":{\"name\":\"webmaster kapitalis\",\"@id\":\"https:\/\/kapitalis.com\/tunisie\/#\/schema\/person\/d71f33a9ca44f7bad4698210b480c8e9\"},\"headline\":\"Lutte contre la migration ill\u00e9gale : la coop\u00e9ration tuniso-europ\u00e9enne va bon train\",\"datePublished\":\"2023-11-20T08:12:26+00:00\",\"dateModified\":\"2023-11-20T08:12:28+00:00\",\"mainEntityOfPage\":{\"@id\":\"https:\/\/kapitalis.com\/tunisie\/2023\/11\/20\/lutte-contre-la-migration-illegale-la-cooperation-tuniso-europeenne-va-bon-train\/\"},\"wordCount\":714,\"commentCount\":0,\"publisher\":{\"@id\":\"https:\/\/kapitalis.com\/tunisie\/#organization\"},\"image\":{\"@id\":\"https:\/\/kapitalis.com\/tunisie\/2023\/11\/20\/lutte-contre-la-migration-illegale-la-cooperation-tuniso-europeenne-va-bon-train\/#primaryimage\"},\"thumbnailUrl\":\"https:\/\/kapitalis.com\/tunisie\/wp-content\/uploads\/2023\/11\/Inauguration-du-Centre-de-formation-des-gardes-cotes-Nefta-2.jpg\",\"keywords\":[\"Autriche\",\"Danemark\",\"gardes-fronti\u00e8res\",\"Gerhard Karner\",\"Josephine Frantzen\",\"Kaare Dybvad Bek\",\"Kamel Feki\",\"Pays-Bas\",\"politiques migratoires\",\"Union europ\u00e9enne\"],\"articleSection\":[\"A LA UNE\",\"POLITIQUE\",\"Tunisie\"],\"inLanguage\":\"fr-FR\",\"potentialAction\":[{\"@type\":\"CommentAction\",\"name\":\"Comment\",\"target\":[\"https:\/\/kapitalis.com\/tunisie\/2023\/11\/20\/lutte-contre-la-migration-illegale-la-cooperation-tuniso-europeenne-va-bon-train\/#respond\"]}]},{\"@type\":\"WebPage\",\"@id\":\"https:\/\/kapitalis.com\/tunisie\/2023\/11\/20\/lutte-contre-la-migration-illegale-la-cooperation-tuniso-europeenne-va-bon-train\/\",\"url\":\"https:\/\/kapitalis.com\/tunisie\/2023\/11\/20\/lutte-contre-la-migration-illegale-la-cooperation-tuniso-europeenne-va-bon-train\/\",\"name\":\"Lutte contre la migration ill\u00e9gale : la coop\u00e9ration tuniso-europ\u00e9enne va bon train - Kapitalis\",\"isPartOf\":{\"@id\":\"https:\/\/kapitalis.com\/tunisie\/#website\"},\"primaryImageOfPage\":{\"@id\":\"https:\/\/kapitalis.com\/tunisie\/2023\/11\/20\/lutte-contre-la-migration-illegale-la-cooperation-tuniso-europeenne-va-bon-train\/#primaryimage\"},\"image\":{\"@id\":\"https:\/\/kapitalis.com\/tunisie\/2023\/11\/20\/lutte-contre-la-migration-illegale-la-cooperation-tuniso-europeenne-va-bon-train\/#primaryimage\"},\"thumbnailUrl\":\"https:\/\/kapitalis.com\/tunisie\/wp-content\/uploads\/2023\/11\/Inauguration-du-Centre-de-formation-des-gardes-cotes-Nefta-2.jpg\",\"datePublished\":\"2023-11-20T08:12:26+00:00\",\"dateModified\":\"2023-11-20T08:12:28+00:00\",\"breadcrumb\":{\"@id\":\"https:\/\/kapitalis.com\/tunisie\/2023\/11\/20\/lutte-contre-la-migration-illegale-la-cooperation-tuniso-europeenne-va-bon-train\/#breadcrumb\"},\"inLanguage\":\"fr-FR\",\"potentialAction\":[{\"@type\":\"ReadAction\",\"target\":[\"https:\/\/kapitalis.com\/tunisie\/2023\/11\/20\/lutte-contre-la-migration-illegale-la-cooperation-tuniso-europeenne-va-bon-train\/\"]}]},{\"@type\":\"ImageObject\",\"inLanguage\":\"fr-FR\",\"@id\":\"https:\/\/kapitalis.com\/tunisie\/2023\/11\/20\/lutte-contre-la-migration-illegale-la-cooperation-tuniso-europeenne-va-bon-train\/#primaryimage\",\"url\":\"https:\/\/kapitalis.com\/tunisie\/wp-content\/uploads\/2023\/11\/Inauguration-du-Centre-de-formation-des-gardes-cotes-Nefta-2.jpg\",\"contentUrl\":\"https:\/\/kapitalis.com\/tunisie\/wp-content\/uploads\/2023\/11\/Inauguration-du-Centre-de-formation-des-gardes-cotes-Nefta-2.jpg\",\"width\":1200,\"height\":630},{\"@type\":\"BreadcrumbList\",\"@id\":\"https:\/\/kapitalis.com\/tunisie\/2023\/11\/20\/lutte-contre-la-migration-illegale-la-cooperation-tuniso-europeenne-va-bon-train\/#breadcrumb\",\"itemListElement\":[{\"@type\":\"ListItem\",\"position\":1,\"name\":\"Accueil\",\"item\":\"https:\/\/kapitalis.com\/tunisie\/\"},{\"@type\":\"ListItem\",\"position\":2,\"name\":\"Lutte contre la migration ill\u00e9gale : la coop\u00e9ration tuniso-europ\u00e9enne va bon train\"}]},{\"@type\":\"WebSite\",\"@id\":\"https:\/\/kapitalis.com\/tunisie\/#website\",\"url\":\"https:\/\/kapitalis.com\/tunisie\/\",\"name\":\"Kapitalis\",\"description\":\"L&#039;actualit\u00e9 en Tunisie et dans le monde\",\"publisher\":{\"@id\":\"https:\/\/kapitalis.com\/tunisie\/#organization\"},\"potentialAction\":[{\"@type\":\"SearchAction\",\"target\":{\"@type\":\"EntryPoint\",\"urlTemplate\":\"https:\/\/kapitalis.com\/tunisie\/?s={search_term_string}\"},\"query-input\":{\"@type\":\"PropertyValueSpecification\",\"valueRequired\":true,\"valueName\":\"search_term_string\"}}],\"inLanguage\":\"fr-FR\"},{\"@type\":\"Organization\",\"@id\":\"https:\/\/kapitalis.com\/tunisie\/#organization\",\"name\":\"Kapitalis\",\"url\":\"https:\/\/kapitalis.com\/tunisie\/\",\"logo\":{\"@type\":\"ImageObject\",\"inLanguage\":\"fr-FR\",\"@id\":\"https:\/\/kapitalis.com\/tunisie\/#\/schema\/logo\/image\/\",\"url\":\"https:\/\/kapitalis.com\/tunisie\/wp-content\/uploads\/2022\/05\/Kapitalis-big-size.png\",\"contentUrl\":\"https:\/\/kapitalis.com\/tunisie\/wp-content\/uploads\/2022\/05\/Kapitalis-big-size.png\",\"width\":5000,\"height\":1500,\"caption\":\"Kapitalis\"},\"image\":{\"@id\":\"https:\/\/kapitalis.com\/tunisie\/#\/schema\/logo\/image\/\"},\"sameAs\":[\"https:\/\/www.facebook.com\/KapitalisInfo\/\",\"https:\/\/x.com\/KapitalisInfo\",\"https:\/\/www.youtube.com\/channel\/UC-yDYrHyfFBWWZaOw3FPg9Q\"]},{\"@type\":\"Person\",\"@id\":\"https:\/\/kapitalis.com\/tunisie\/#\/schema\/person\/d71f33a9ca44f7bad4698210b480c8e9\",\"name\":\"webmaster kapitalis\",\"url\":\"https:\/\/kapitalis.com\/tunisie\/author\/webmaster-kapitalis\/\"}]}<\/script>\n<!-- \/ Yoast SEO plugin. -->","yoast_head_json":{"title":"Lutte contre la migration ill\u00e9gale : la coop\u00e9ration tuniso-europ\u00e9enne va bon train - Kapitalis","robots":{"index":"index","follow":"follow","max-snippet":"max-snippet:-1","max-image-preview":"max-image-preview:large","max-video-preview":"max-video-preview:-1"},"canonical":"https:\/\/kapitalis.com\/tunisie\/2023\/11\/20\/lutte-contre-la-migration-illegale-la-cooperation-tuniso-europeenne-va-bon-train\/","og_locale":"fr_FR","og_type":"article","og_title":"Lutte contre la migration ill\u00e9gale : la coop\u00e9ration tuniso-europ\u00e9enne va bon train - Kapitalis","og_description":"Selon Frontex, 1.652 personnes ont quitt\u00e9 la Tunisie pour l\u2019Europe en octobre, contre 16.396 en septembre.","og_url":"https:\/\/kapitalis.com\/tunisie\/2023\/11\/20\/lutte-contre-la-migration-illegale-la-cooperation-tuniso-europeenne-va-bon-train\/","og_site_name":"Kapitalis","article_publisher":"https:\/\/www.facebook.com\/KapitalisInfo\/","article_published_time":"2023-11-20T08:12:26+00:00","article_modified_time":"2023-11-20T08:12:28+00:00","og_image":[{"width":1200,"height":630,"url":"https:\/\/kapitalis.com\/tunisie\/wp-content\/uploads\/2023\/11\/Inauguration-du-Centre-de-formation-des-gardes-cotes-Nefta-2.jpg","type":"image\/jpeg"}],"author":"webmaster kapitalis","twitter_card":"summary_large_image","twitter_creator":"@KapitalisInfo","twitter_site":"@KapitalisInfo","twitter_misc":{"\u00c9crit par":"webmaster kapitalis","Dur\u00e9e de lecture estim\u00e9e":"4 minutes"},"schema":{"@context":"https:\/\/schema.org","@graph":[{"@type":"Article","@id":"https:\/\/kapitalis.com\/tunisie\/2023\/11\/20\/lutte-contre-la-migration-illegale-la-cooperation-tuniso-europeenne-va-bon-train\/#article","isPartOf":{"@id":"https:\/\/kapitalis.com\/tunisie\/2023\/11\/20\/lutte-contre-la-migration-illegale-la-cooperation-tuniso-europeenne-va-bon-train\/"},"author":{"name":"webmaster kapitalis","@id":"https:\/\/kapitalis.com\/tunisie\/#\/schema\/person\/d71f33a9ca44f7bad4698210b480c8e9"},"headline":"Lutte contre la migration ill\u00e9gale : la coop\u00e9ration tuniso-europ\u00e9enne va bon train","datePublished":"2023-11-20T08:12:26+00:00","dateModified":"2023-11-20T08:12:28+00:00","mainEntityOfPage":{"@id":"https:\/\/kapitalis.com\/tunisie\/2023\/11\/20\/lutte-contre-la-migration-illegale-la-cooperation-tuniso-europeenne-va-bon-train\/"},"wordCount":714,"commentCount":0,"publisher":{"@id":"https:\/\/kapitalis.com\/tunisie\/#organization"},"image":{"@id":"https:\/\/kapitalis.com\/tunisie\/2023\/11\/20\/lutte-contre-la-migration-illegale-la-cooperation-tuniso-europeenne-va-bon-train\/#primaryimage"},"thumbnailUrl":"https:\/\/kapitalis.com\/tunisie\/wp-content\/uploads\/2023\/11\/Inauguration-du-Centre-de-formation-des-gardes-cotes-Nefta-2.jpg","keywords":["Autriche","Danemark","gardes-fronti\u00e8res","Gerhard Karner","Josephine Frantzen","Kaare Dybvad Bek","Kamel Feki","Pays-Bas","politiques migratoires","Union europ\u00e9enne"],"articleSection":["A LA UNE","POLITIQUE","Tunisie"],"inLanguage":"fr-FR","potentialAction":[{"@type":"CommentAction","name":"Comment","target":["https:\/\/kapitalis.com\/tunisie\/2023\/11\/20\/lutte-contre-la-migration-illegale-la-cooperation-tuniso-europeenne-va-bon-train\/#respond"]}]},{"@type":"WebPage","@id":"https:\/\/kapitalis.com\/tunisie\/2023\/11\/20\/lutte-contre-la-migration-illegale-la-cooperation-tuniso-europeenne-va-bon-train\/","url":"https:\/\/kapitalis.com\/tunisie\/2023\/11\/20\/lutte-contre-la-migration-illegale-la-cooperation-tuniso-europeenne-va-bon-train\/","name":"Lutte contre la migration ill\u00e9gale : la coop\u00e9ration tuniso-europ\u00e9enne va bon train - Kapitalis","isPartOf":{"@id":"https:\/\/kapitalis.com\/tunisie\/#website"},"primaryImageOfPage":{"@id":"https:\/\/kapitalis.com\/tunisie\/2023\/11\/20\/lutte-contre-la-migration-illegale-la-cooperation-tuniso-europeenne-va-bon-train\/#primaryimage"},"image":{"@id":"https:\/\/kapitalis.com\/tunisie\/2023\/11\/20\/lutte-contre-la-migration-illegale-la-cooperation-tuniso-europeenne-va-bon-train\/#primaryimage"},"thumbnailUrl":"https:\/\/kapitalis.com\/tunisie\/wp-content\/uploads\/2023\/11\/Inauguration-du-Centre-de-formation-des-gardes-cotes-Nefta-2.jpg","datePublished":"2023-11-20T08:12:26+00:00","dateModified":"2023-11-20T08:12:28+00:00","breadcrumb":{"@id":"https:\/\/kapitalis.com\/tunisie\/2023\/11\/20\/lutte-contre-la-migration-illegale-la-cooperation-tuniso-europeenne-va-bon-train\/#breadcrumb"},"inLanguage":"fr-FR","potentialAction":[{"@type":"ReadAction","target":["https:\/\/kapitalis.com\/tunisie\/2023\/11\/20\/lutte-contre-la-migration-illegale-la-cooperation-tuniso-europeenne-va-bon-train\/"]}]},{"@type":"ImageObject","inLanguage":"fr-FR","@id":"https:\/\/kapitalis.com\/tunisie\/2023\/11\/20\/lutte-contre-la-migration-illegale-la-cooperation-tuniso-europeenne-va-bon-train\/#primaryimage","url":"https:\/\/kapitalis.com\/tunisie\/wp-content\/uploads\/2023\/11\/Inauguration-du-Centre-de-formation-des-gardes-cotes-Nefta-2.jpg","contentUrl":"https:\/\/kapitalis.com\/tunisie\/wp-content\/uploads\/2023\/11\/Inauguration-du-Centre-de-formation-des-gardes-cotes-Nefta-2.jpg","width":1200,"height":630},{"@type":"BreadcrumbList","@id":"https:\/\/kapitalis.com\/tunisie\/2023\/11\/20\/lutte-contre-la-migration-illegale-la-cooperation-tuniso-europeenne-va-bon-train\/#breadcrumb","itemListElement":[{"@type":"ListItem","position":1,"name":"Accueil","item":"https:\/\/kapitalis.com\/tunisie\/"},{"@type":"ListItem","position":2,"name":"Lutte contre la migration ill\u00e9gale : la coop\u00e9ration tuniso-europ\u00e9enne va bon train"}]},{"@type":"WebSite","@id":"https:\/\/kapitalis.com\/tunisie\/#website","url":"https:\/\/kapitalis.com\/tunisie\/","name":"Kapitalis","description":"L&#039;actualit\u00e9 en Tunisie et dans le monde","publisher":{"@id":"https:\/\/kapitalis.com\/tunisie\/#organization"},"potentialAction":[{"@type":"SearchAction","target":{"@type":"EntryPoint","urlTemplate":"https:\/\/kapitalis.com\/tunisie\/?s={search_term_string}"},"query-input":{"@type":"PropertyValueSpecification","valueRequired":true,"valueName":"search_term_string"}}],"inLanguage":"fr-FR"},{"@type":"Organization","@id":"https:\/\/kapitalis.com\/tunisie\/#organization","name":"Kapitalis","url":"https:\/\/kapitalis.com\/tunisie\/","logo":{"@type":"ImageObject","inLanguage":"fr-FR","@id":"https:\/\/kapitalis.com\/tunisie\/#\/schema\/logo\/image\/","url":"https:\/\/kapitalis.com\/tunisie\/wp-content\/uploads\/2022\/05\/Kapitalis-big-size.png","contentUrl":"https:\/\/kapitalis.com\/tunisie\/wp-content\/uploads\/2022\/05\/Kapitalis-big-size.png","width":5000,"height":1500,"caption":"Kapitalis"},"image":{"@id":"https:\/\/kapitalis.com\/tunisie\/#\/schema\/logo\/image\/"},"sameAs":["https:\/\/www.facebook.com\/KapitalisInfo\/","https:\/\/x.com\/KapitalisInfo","https:\/\/www.youtube.com\/channel\/UC-yDYrHyfFBWWZaOw3FPg9Q"]},{"@type":"Person","@id":"https:\/\/kapitalis.com\/tunisie\/#\/schema\/person\/d71f33a9ca44f7bad4698210b480c8e9","name":"webmaster kapitalis","url":"https:\/\/kapitalis.com\/tunisie\/author\/webmaster-kapitalis\/"}]}},"_links":{"self":[{"href":"https:\/\/kapitalis.com\/tunisie\/wp-json\/wp\/v2\/posts\/10605782","targetHints":{"allow":["GET"]}}],"collection":[{"href":"https:\/\/kapitalis.com\/tunisie\/wp-json\/wp\/v2\/posts"}],"about":[{"href":"https:\/\/kapitalis.com\/tunisie\/wp-json\/wp\/v2\/types\/post"}],"author":[{"embeddable":true,"href":"https:\/\/kapitalis.com\/tunisie\/wp-json\/wp\/v2\/users\/8"}],"replies":[{"embeddable":true,"href":"https:\/\/kapitalis.com\/tunisie\/wp-json\/wp\/v2\/comments?post=10605782"}],"version-history":[{"count":1,"href":"https:\/\/kapitalis.com\/tunisie\/wp-json\/wp\/v2\/posts\/10605782\/revisions"}],"predecessor-version":[{"id":10605945,"href":"https:\/\/kapitalis.com\/tunisie\/wp-json\/wp\/v2\/posts\/10605782\/revisions\/10605945"}],"wp:featuredmedia":[{"embeddable":true,"href":"https:\/\/kapitalis.com\/tunisie\/wp-json\/wp\/v2\/media\/10605890"}],"wp:attachment":[{"href":"https:\/\/kapitalis.com\/tunisie\/wp-json\/wp\/v2\/media?parent=10605782"}],"wp:term":[{"taxonomy":"category","embeddable":true,"href":"https:\/\/kapitalis.com\/tunisie\/wp-json\/wp\/v2\/categories?post=10605782"},{"taxonomy":"post_tag","embeddable":true,"href":"https:\/\/kapitalis.com\/tunisie\/wp-json\/wp\/v2\/tags?post=10605782"}],"curies":[{"name":"wp","href":"https:\/\/api.w.org\/{rel}","templated":true}]}}