{"id":10620335,"date":"2023-11-21T07:34:37","date_gmt":"2023-11-21T06:34:37","guid":{"rendered":"https:\/\/kapitalis.com\/tunisie\/?p=10620335"},"modified":"2023-11-21T07:34:38","modified_gmt":"2023-11-21T06:34:38","slug":"ue-oit-dix-ans-de-collaboration-pour-le-developpement-local-integre-en-tunisie","status":"publish","type":"post","link":"https:\/\/kapitalis.com\/tunisie\/2023\/11\/21\/ue-oit-dix-ans-de-collaboration-pour-le-developpement-local-integre-en-tunisie\/","title":{"rendered":"UE-OIT\u00a0: dix ans de collaboration pour le d\u00e9veloppement local int\u00e9gr\u00e9 en Tunisie"},"content":{"rendered":"\n<p><strong><em>Apr\u00e8s un mois de visites de terrain, inaugurations et ateliers \u00e0 travers le pays, l\u2019Union europ\u00e9enne (UE) et l\u2019Organisation internationale du travail (OIT) c\u00e9l\u00e8brent ce 21 novembre 2023 une d\u00e9cennie de partenariat en Tunisie.<\/em><\/strong><\/p>\n\n\n\n<!--more-->\n\n\n\n<p>Des repr\u00e9sentantes de l\u2019OIT, les ambassadeurs de l\u2019UE et de la Suisse, le ministre de l\u2019\u00c9conomie et de la Planification et son coll\u00e8gue de l\u2019Int\u00e9rieur sont attendus pour une matin\u00e9e au Palais des congr\u00e8s.<\/p>\n\n\n\n<p>Ils \u00e9changeront avec les principaux praticiens sur le r\u00f4le de la coop\u00e9ration dans le d\u00e9veloppement local int\u00e9gr\u00e9, l\u2019approche sp\u00e9cifique centr\u00e9e sur l\u2019humain, les progr\u00e8s accomplis et les pistes pour poursuivre cette fructueuse collaboration, rejointe par la Coop\u00e9ration suisse.<\/p>\n\n\n\n<p>Ils entendront des b\u00e9n\u00e9ficiaires, visiteront une exposition photo et go\u00fbteront aux produits confectionn\u00e9s par des artisanes accompagn\u00e9es par l\u2019Initiative pilote pour un d\u00e9veloppement local int\u00e9gr\u00e9 (IPDLI).<\/p>\n\n\n\n<h2 class=\"wp-block-heading\">Une approche centr\u00e9e sur l\u2019humain et la proximit\u00e9<\/h2>\n\n\n\n<p>L\u2019IPDLI travaille prioritairement dans des zones d\u00e9favoris\u00e9es et fragiles (for\u00eats, oasis&#8230;) et en faveur des populations vuln\u00e9rables (femmes, jeunes, ch\u00f4meurs, personnes non qualifi\u00e9es&#8230;).<\/p>\n\n\n\n<p>Depuis 10 ans et \u00e0 travers 72 projets, les conditions de vie de 400.000 Tunisiens\/Tunisiennes se sont am\u00e9lior\u00e9es de fa\u00e7on p\u00e9renne, gr\u00e2ce \u00e0 des investissements publics qui ont recours aux ressources locales (mat\u00e9riaux et main-d\u2019\u0153uvre).<\/p>\n\n\n\n<p>Ces interventions accompagnent l\u2019adaptation au changement climatique si violent dans les zones rurales, elles reposent sur des diagnostics pr\u00e9cis et une priorisation des besoins par les habitants et les communes.<\/p>\n\n\n\n<p>Par nature, le d\u00e9veloppement local int\u00e9gr\u00e9 favorise des interventions socialement inclusives et pourvoyeuses d\u2019emplois d\u00e9cents; il induit une implication de l\u2019ensemble des acteurs publics et priv\u00e9s au niveau local, mais aussi des services d\u00e9concentr\u00e9s de l\u2019Etat, des institutions et des partenaires sociaux \u00e0 l\u2019\u00e9chelle r\u00e9gionale\/nationale.<\/p>\n\n\n\n<p>L\u2019IPDLI intervient directement dans 7 gouvernorats et 19 communes du Nord-Ouest, du Centre et du Sud du pays.<\/p>\n\n\n\n<p>Concr\u00e8tement aujourd\u2019hui : des villages ont \u00e9t\u00e9 d\u00e9senclav\u00e9s, rendant possible et en toute saison l\u2019acc\u00e8s \u00e0 l\u2019\u00e9cole et au dispensaire, mais aussi la vente de produits agricoles; des coop\u00e9ratives ont \u00e9t\u00e9 cr\u00e9\u00e9es\/accompagn\u00e9es afin de rendre des femmes rurales \u00e9conomiquement autonomes; des p\u00e9rim\u00e8tres agricoles am\u00e9lior\u00e9s permettent une valorisation accrue de la production et en m\u00eame temps l\u2019am\u00e9nagement de sentiers \u00e9cotouristiques; des communes et des administrations d\u00e9concentr\u00e9es ont appris \u00e0 mieux travailler ensemble; des programmes publics et des projets de coop\u00e9ration progressent en synergie&#8230; <\/p>\n\n\n\n<p>Le d\u00e9veloppement local int\u00e9gr\u00e9 qui est exp\u00e9riment\u00e9 par la Tunisie et les programmes de coop\u00e9ration depuis une d\u00e9cennie projette le pays dans l\u2019avenir en offrant des perspectives pour les jeunes. Ce mode d\u2019action prouve tous les jours son efficacit\u00e9 pour r\u00e9pondre aux d\u00e9fis \u00e9conomiques, sociaux et \u00e9cologiques auxquels la population est confront\u00e9e.<\/p>\n","protected":false},"excerpt":{"rendered":"<p>L&rsquo;UE et l&rsquo;OIT c\u00e9l\u00e8brent ce 21 novembre 2023 une d\u00e9cennie de partenariat en Tunisie.<\/p>\n","protected":false},"author":8,"featured_media":10620557,"comment_status":"open","ping_status":"open","sticky":false,"template":"","format":"standard","meta":{"footnotes":""},"categories":[995,998,2433],"tags":[112353,112354,9846,937],"class_list":["post-10620335","post","type-post","status-publish","format-standard","has-post-thumbnail","hentry","category-economie","category-societe","category-tunisie","tag-developpement-local-integre","tag-ipdli","tag-oit","tag-union-europeenne"],"yoast_head":"<!-- This site is optimized with the Yoast SEO plugin v26.6 - https:\/\/yoast.com\/wordpress\/plugins\/seo\/ -->\n<title>UE-OIT\u00a0: dix ans de collaboration pour le d\u00e9veloppement local int\u00e9gr\u00e9 en Tunisie - Kapitalis<\/title>\n<meta name=\"robots\" content=\"index, follow, max-snippet:-1, max-image-preview:large, max-video-preview:-1\" \/>\n<link rel=\"canonical\" href=\"https:\/\/kapitalis.com\/tunisie\/2023\/11\/21\/ue-oit-dix-ans-de-collaboration-pour-le-developpement-local-integre-en-tunisie\/\" \/>\n<meta property=\"og:locale\" content=\"fr_FR\" \/>\n<meta property=\"og:type\" content=\"article\" \/>\n<meta property=\"og:title\" content=\"UE-OIT\u00a0: dix ans de collaboration pour le d\u00e9veloppement local int\u00e9gr\u00e9 en Tunisie - Kapitalis\" \/>\n<meta property=\"og:description\" content=\"L&#039;UE et l&#039;OIT c\u00e9l\u00e8brent ce 21 novembre 2023 une d\u00e9cennie de partenariat en Tunisie.\" \/>\n<meta property=\"og:url\" content=\"https:\/\/kapitalis.com\/tunisie\/2023\/11\/21\/ue-oit-dix-ans-de-collaboration-pour-le-developpement-local-integre-en-tunisie\/\" \/>\n<meta property=\"og:site_name\" content=\"Kapitalis\" \/>\n<meta property=\"article:publisher\" content=\"https:\/\/www.facebook.com\/KapitalisInfo\/\" \/>\n<meta property=\"article:published_time\" content=\"2023-11-21T06:34:37+00:00\" \/>\n<meta property=\"article:modified_time\" content=\"2023-11-21T06:34:38+00:00\" \/>\n<meta property=\"og:image\" content=\"https:\/\/kapitalis.com\/tunisie\/wp-content\/uploads\/2023\/11\/Tunisie-UE-OIT.jpg\" \/>\n\t<meta property=\"og:image:width\" content=\"1200\" \/>\n\t<meta property=\"og:image:height\" content=\"630\" \/>\n\t<meta property=\"og:image:type\" content=\"image\/jpeg\" \/>\n<meta name=\"author\" content=\"webmaster kapitalis\" \/>\n<meta name=\"twitter:card\" content=\"summary_large_image\" \/>\n<meta name=\"twitter:creator\" content=\"@KapitalisInfo\" \/>\n<meta name=\"twitter:site\" content=\"@KapitalisInfo\" \/>\n<meta name=\"twitter:label1\" content=\"\u00c9crit par\" \/>\n\t<meta name=\"twitter:data1\" content=\"webmaster kapitalis\" \/>\n\t<meta name=\"twitter:label2\" content=\"Dur\u00e9e de lecture estim\u00e9e\" \/>\n\t<meta name=\"twitter:data2\" content=\"3 minutes\" \/>\n<script type=\"application\/ld+json\" class=\"yoast-schema-graph\">{\"@context\":\"https:\/\/schema.org\",\"@graph\":[{\"@type\":\"Article\",\"@id\":\"https:\/\/kapitalis.com\/tunisie\/2023\/11\/21\/ue-oit-dix-ans-de-collaboration-pour-le-developpement-local-integre-en-tunisie\/#article\",\"isPartOf\":{\"@id\":\"https:\/\/kapitalis.com\/tunisie\/2023\/11\/21\/ue-oit-dix-ans-de-collaboration-pour-le-developpement-local-integre-en-tunisie\/\"},\"author\":{\"name\":\"webmaster kapitalis\",\"@id\":\"https:\/\/kapitalis.com\/tunisie\/#\/schema\/person\/d71f33a9ca44f7bad4698210b480c8e9\"},\"headline\":\"UE-OIT\u00a0: dix ans de collaboration pour le d\u00e9veloppement local int\u00e9gr\u00e9 en Tunisie\",\"datePublished\":\"2023-11-21T06:34:37+00:00\",\"dateModified\":\"2023-11-21T06:34:38+00:00\",\"mainEntityOfPage\":{\"@id\":\"https:\/\/kapitalis.com\/tunisie\/2023\/11\/21\/ue-oit-dix-ans-de-collaboration-pour-le-developpement-local-integre-en-tunisie\/\"},\"wordCount\":522,\"commentCount\":0,\"publisher\":{\"@id\":\"https:\/\/kapitalis.com\/tunisie\/#organization\"},\"image\":{\"@id\":\"https:\/\/kapitalis.com\/tunisie\/2023\/11\/21\/ue-oit-dix-ans-de-collaboration-pour-le-developpement-local-integre-en-tunisie\/#primaryimage\"},\"thumbnailUrl\":\"https:\/\/kapitalis.com\/tunisie\/wp-content\/uploads\/2023\/11\/Tunisie-UE-OIT.jpg\",\"keywords\":[\"d\u00e9veloppement local int\u00e9gr\u00e9\",\"IPDLI\",\"OIT\",\"Union europ\u00e9enne\"],\"articleSection\":[\"ECONOMIE\",\"SOCIETE\",\"Tunisie\"],\"inLanguage\":\"fr-FR\",\"potentialAction\":[{\"@type\":\"CommentAction\",\"name\":\"Comment\",\"target\":[\"https:\/\/kapitalis.com\/tunisie\/2023\/11\/21\/ue-oit-dix-ans-de-collaboration-pour-le-developpement-local-integre-en-tunisie\/#respond\"]}]},{\"@type\":\"WebPage\",\"@id\":\"https:\/\/kapitalis.com\/tunisie\/2023\/11\/21\/ue-oit-dix-ans-de-collaboration-pour-le-developpement-local-integre-en-tunisie\/\",\"url\":\"https:\/\/kapitalis.com\/tunisie\/2023\/11\/21\/ue-oit-dix-ans-de-collaboration-pour-le-developpement-local-integre-en-tunisie\/\",\"name\":\"UE-OIT\u00a0: dix ans de collaboration pour le d\u00e9veloppement local int\u00e9gr\u00e9 en Tunisie - Kapitalis\",\"isPartOf\":{\"@id\":\"https:\/\/kapitalis.com\/tunisie\/#website\"},\"primaryImageOfPage\":{\"@id\":\"https:\/\/kapitalis.com\/tunisie\/2023\/11\/21\/ue-oit-dix-ans-de-collaboration-pour-le-developpement-local-integre-en-tunisie\/#primaryimage\"},\"image\":{\"@id\":\"https:\/\/kapitalis.com\/tunisie\/2023\/11\/21\/ue-oit-dix-ans-de-collaboration-pour-le-developpement-local-integre-en-tunisie\/#primaryimage\"},\"thumbnailUrl\":\"https:\/\/kapitalis.com\/tunisie\/wp-content\/uploads\/2023\/11\/Tunisie-UE-OIT.jpg\",\"datePublished\":\"2023-11-21T06:34:37+00:00\",\"dateModified\":\"2023-11-21T06:34:38+00:00\",\"breadcrumb\":{\"@id\":\"https:\/\/kapitalis.com\/tunisie\/2023\/11\/21\/ue-oit-dix-ans-de-collaboration-pour-le-developpement-local-integre-en-tunisie\/#breadcrumb\"},\"inLanguage\":\"fr-FR\",\"potentialAction\":[{\"@type\":\"ReadAction\",\"target\":[\"https:\/\/kapitalis.com\/tunisie\/2023\/11\/21\/ue-oit-dix-ans-de-collaboration-pour-le-developpement-local-integre-en-tunisie\/\"]}]},{\"@type\":\"ImageObject\",\"inLanguage\":\"fr-FR\",\"@id\":\"https:\/\/kapitalis.com\/tunisie\/2023\/11\/21\/ue-oit-dix-ans-de-collaboration-pour-le-developpement-local-integre-en-tunisie\/#primaryimage\",\"url\":\"https:\/\/kapitalis.com\/tunisie\/wp-content\/uploads\/2023\/11\/Tunisie-UE-OIT.jpg\",\"contentUrl\":\"https:\/\/kapitalis.com\/tunisie\/wp-content\/uploads\/2023\/11\/Tunisie-UE-OIT.jpg\",\"width\":1200,\"height\":630},{\"@type\":\"BreadcrumbList\",\"@id\":\"https:\/\/kapitalis.com\/tunisie\/2023\/11\/21\/ue-oit-dix-ans-de-collaboration-pour-le-developpement-local-integre-en-tunisie\/#breadcrumb\",\"itemListElement\":[{\"@type\":\"ListItem\",\"position\":1,\"name\":\"Accueil\",\"item\":\"https:\/\/kapitalis.com\/tunisie\/\"},{\"@type\":\"ListItem\",\"position\":2,\"name\":\"UE-OIT\u00a0: dix ans de collaboration pour le d\u00e9veloppement local int\u00e9gr\u00e9 en Tunisie\"}]},{\"@type\":\"WebSite\",\"@id\":\"https:\/\/kapitalis.com\/tunisie\/#website\",\"url\":\"https:\/\/kapitalis.com\/tunisie\/\",\"name\":\"Kapitalis\",\"description\":\"L&#039;actualit\u00e9 en Tunisie et dans le monde\",\"publisher\":{\"@id\":\"https:\/\/kapitalis.com\/tunisie\/#organization\"},\"potentialAction\":[{\"@type\":\"SearchAction\",\"target\":{\"@type\":\"EntryPoint\",\"urlTemplate\":\"https:\/\/kapitalis.com\/tunisie\/?s={search_term_string}\"},\"query-input\":{\"@type\":\"PropertyValueSpecification\",\"valueRequired\":true,\"valueName\":\"search_term_string\"}}],\"inLanguage\":\"fr-FR\"},{\"@type\":\"Organization\",\"@id\":\"https:\/\/kapitalis.com\/tunisie\/#organization\",\"name\":\"Kapitalis\",\"url\":\"https:\/\/kapitalis.com\/tunisie\/\",\"logo\":{\"@type\":\"ImageObject\",\"inLanguage\":\"fr-FR\",\"@id\":\"https:\/\/kapitalis.com\/tunisie\/#\/schema\/logo\/image\/\",\"url\":\"https:\/\/kapitalis.com\/tunisie\/wp-content\/uploads\/2022\/05\/Kapitalis-big-size.png\",\"contentUrl\":\"https:\/\/kapitalis.com\/tunisie\/wp-content\/uploads\/2022\/05\/Kapitalis-big-size.png\",\"width\":5000,\"height\":1500,\"caption\":\"Kapitalis\"},\"image\":{\"@id\":\"https:\/\/kapitalis.com\/tunisie\/#\/schema\/logo\/image\/\"},\"sameAs\":[\"https:\/\/www.facebook.com\/KapitalisInfo\/\",\"https:\/\/x.com\/KapitalisInfo\",\"https:\/\/www.youtube.com\/channel\/UC-yDYrHyfFBWWZaOw3FPg9Q\"]},{\"@type\":\"Person\",\"@id\":\"https:\/\/kapitalis.com\/tunisie\/#\/schema\/person\/d71f33a9ca44f7bad4698210b480c8e9\",\"name\":\"webmaster kapitalis\",\"url\":\"https:\/\/kapitalis.com\/tunisie\/author\/webmaster-kapitalis\/\"}]}<\/script>\n<!-- \/ Yoast SEO plugin. -->","yoast_head_json":{"title":"UE-OIT\u00a0: dix ans de collaboration pour le d\u00e9veloppement local int\u00e9gr\u00e9 en Tunisie - Kapitalis","robots":{"index":"index","follow":"follow","max-snippet":"max-snippet:-1","max-image-preview":"max-image-preview:large","max-video-preview":"max-video-preview:-1"},"canonical":"https:\/\/kapitalis.com\/tunisie\/2023\/11\/21\/ue-oit-dix-ans-de-collaboration-pour-le-developpement-local-integre-en-tunisie\/","og_locale":"fr_FR","og_type":"article","og_title":"UE-OIT\u00a0: dix ans de collaboration pour le d\u00e9veloppement local int\u00e9gr\u00e9 en Tunisie - Kapitalis","og_description":"L'UE et l'OIT c\u00e9l\u00e8brent ce 21 novembre 2023 une d\u00e9cennie de partenariat en Tunisie.","og_url":"https:\/\/kapitalis.com\/tunisie\/2023\/11\/21\/ue-oit-dix-ans-de-collaboration-pour-le-developpement-local-integre-en-tunisie\/","og_site_name":"Kapitalis","article_publisher":"https:\/\/www.facebook.com\/KapitalisInfo\/","article_published_time":"2023-11-21T06:34:37+00:00","article_modified_time":"2023-11-21T06:34:38+00:00","og_image":[{"width":1200,"height":630,"url":"https:\/\/kapitalis.com\/tunisie\/wp-content\/uploads\/2023\/11\/Tunisie-UE-OIT.jpg","type":"image\/jpeg"}],"author":"webmaster kapitalis","twitter_card":"summary_large_image","twitter_creator":"@KapitalisInfo","twitter_site":"@KapitalisInfo","twitter_misc":{"\u00c9crit par":"webmaster kapitalis","Dur\u00e9e de lecture estim\u00e9e":"3 minutes"},"schema":{"@context":"https:\/\/schema.org","@graph":[{"@type":"Article","@id":"https:\/\/kapitalis.com\/tunisie\/2023\/11\/21\/ue-oit-dix-ans-de-collaboration-pour-le-developpement-local-integre-en-tunisie\/#article","isPartOf":{"@id":"https:\/\/kapitalis.com\/tunisie\/2023\/11\/21\/ue-oit-dix-ans-de-collaboration-pour-le-developpement-local-integre-en-tunisie\/"},"author":{"name":"webmaster kapitalis","@id":"https:\/\/kapitalis.com\/tunisie\/#\/schema\/person\/d71f33a9ca44f7bad4698210b480c8e9"},"headline":"UE-OIT\u00a0: dix ans de collaboration pour le d\u00e9veloppement local int\u00e9gr\u00e9 en Tunisie","datePublished":"2023-11-21T06:34:37+00:00","dateModified":"2023-11-21T06:34:38+00:00","mainEntityOfPage":{"@id":"https:\/\/kapitalis.com\/tunisie\/2023\/11\/21\/ue-oit-dix-ans-de-collaboration-pour-le-developpement-local-integre-en-tunisie\/"},"wordCount":522,"commentCount":0,"publisher":{"@id":"https:\/\/kapitalis.com\/tunisie\/#organization"},"image":{"@id":"https:\/\/kapitalis.com\/tunisie\/2023\/11\/21\/ue-oit-dix-ans-de-collaboration-pour-le-developpement-local-integre-en-tunisie\/#primaryimage"},"thumbnailUrl":"https:\/\/kapitalis.com\/tunisie\/wp-content\/uploads\/2023\/11\/Tunisie-UE-OIT.jpg","keywords":["d\u00e9veloppement local int\u00e9gr\u00e9","IPDLI","OIT","Union europ\u00e9enne"],"articleSection":["ECONOMIE","SOCIETE","Tunisie"],"inLanguage":"fr-FR","potentialAction":[{"@type":"CommentAction","name":"Comment","target":["https:\/\/kapitalis.com\/tunisie\/2023\/11\/21\/ue-oit-dix-ans-de-collaboration-pour-le-developpement-local-integre-en-tunisie\/#respond"]}]},{"@type":"WebPage","@id":"https:\/\/kapitalis.com\/tunisie\/2023\/11\/21\/ue-oit-dix-ans-de-collaboration-pour-le-developpement-local-integre-en-tunisie\/","url":"https:\/\/kapitalis.com\/tunisie\/2023\/11\/21\/ue-oit-dix-ans-de-collaboration-pour-le-developpement-local-integre-en-tunisie\/","name":"UE-OIT\u00a0: dix ans de collaboration pour le d\u00e9veloppement local int\u00e9gr\u00e9 en Tunisie - Kapitalis","isPartOf":{"@id":"https:\/\/kapitalis.com\/tunisie\/#website"},"primaryImageOfPage":{"@id":"https:\/\/kapitalis.com\/tunisie\/2023\/11\/21\/ue-oit-dix-ans-de-collaboration-pour-le-developpement-local-integre-en-tunisie\/#primaryimage"},"image":{"@id":"https:\/\/kapitalis.com\/tunisie\/2023\/11\/21\/ue-oit-dix-ans-de-collaboration-pour-le-developpement-local-integre-en-tunisie\/#primaryimage"},"thumbnailUrl":"https:\/\/kapitalis.com\/tunisie\/wp-content\/uploads\/2023\/11\/Tunisie-UE-OIT.jpg","datePublished":"2023-11-21T06:34:37+00:00","dateModified":"2023-11-21T06:34:38+00:00","breadcrumb":{"@id":"https:\/\/kapitalis.com\/tunisie\/2023\/11\/21\/ue-oit-dix-ans-de-collaboration-pour-le-developpement-local-integre-en-tunisie\/#breadcrumb"},"inLanguage":"fr-FR","potentialAction":[{"@type":"ReadAction","target":["https:\/\/kapitalis.com\/tunisie\/2023\/11\/21\/ue-oit-dix-ans-de-collaboration-pour-le-developpement-local-integre-en-tunisie\/"]}]},{"@type":"ImageObject","inLanguage":"fr-FR","@id":"https:\/\/kapitalis.com\/tunisie\/2023\/11\/21\/ue-oit-dix-ans-de-collaboration-pour-le-developpement-local-integre-en-tunisie\/#primaryimage","url":"https:\/\/kapitalis.com\/tunisie\/wp-content\/uploads\/2023\/11\/Tunisie-UE-OIT.jpg","contentUrl":"https:\/\/kapitalis.com\/tunisie\/wp-content\/uploads\/2023\/11\/Tunisie-UE-OIT.jpg","width":1200,"height":630},{"@type":"BreadcrumbList","@id":"https:\/\/kapitalis.com\/tunisie\/2023\/11\/21\/ue-oit-dix-ans-de-collaboration-pour-le-developpement-local-integre-en-tunisie\/#breadcrumb","itemListElement":[{"@type":"ListItem","position":1,"name":"Accueil","item":"https:\/\/kapitalis.com\/tunisie\/"},{"@type":"ListItem","position":2,"name":"UE-OIT\u00a0: dix ans de collaboration pour le d\u00e9veloppement local int\u00e9gr\u00e9 en Tunisie"}]},{"@type":"WebSite","@id":"https:\/\/kapitalis.com\/tunisie\/#website","url":"https:\/\/kapitalis.com\/tunisie\/","name":"Kapitalis","description":"L&#039;actualit\u00e9 en Tunisie et dans le monde","publisher":{"@id":"https:\/\/kapitalis.com\/tunisie\/#organization"},"potentialAction":[{"@type":"SearchAction","target":{"@type":"EntryPoint","urlTemplate":"https:\/\/kapitalis.com\/tunisie\/?s={search_term_string}"},"query-input":{"@type":"PropertyValueSpecification","valueRequired":true,"valueName":"search_term_string"}}],"inLanguage":"fr-FR"},{"@type":"Organization","@id":"https:\/\/kapitalis.com\/tunisie\/#organization","name":"Kapitalis","url":"https:\/\/kapitalis.com\/tunisie\/","logo":{"@type":"ImageObject","inLanguage":"fr-FR","@id":"https:\/\/kapitalis.com\/tunisie\/#\/schema\/logo\/image\/","url":"https:\/\/kapitalis.com\/tunisie\/wp-content\/uploads\/2022\/05\/Kapitalis-big-size.png","contentUrl":"https:\/\/kapitalis.com\/tunisie\/wp-content\/uploads\/2022\/05\/Kapitalis-big-size.png","width":5000,"height":1500,"caption":"Kapitalis"},"image":{"@id":"https:\/\/kapitalis.com\/tunisie\/#\/schema\/logo\/image\/"},"sameAs":["https:\/\/www.facebook.com\/KapitalisInfo\/","https:\/\/x.com\/KapitalisInfo","https:\/\/www.youtube.com\/channel\/UC-yDYrHyfFBWWZaOw3FPg9Q"]},{"@type":"Person","@id":"https:\/\/kapitalis.com\/tunisie\/#\/schema\/person\/d71f33a9ca44f7bad4698210b480c8e9","name":"webmaster kapitalis","url":"https:\/\/kapitalis.com\/tunisie\/author\/webmaster-kapitalis\/"}]}},"_links":{"self":[{"href":"https:\/\/kapitalis.com\/tunisie\/wp-json\/wp\/v2\/posts\/10620335","targetHints":{"allow":["GET"]}}],"collection":[{"href":"https:\/\/kapitalis.com\/tunisie\/wp-json\/wp\/v2\/posts"}],"about":[{"href":"https:\/\/kapitalis.com\/tunisie\/wp-json\/wp\/v2\/types\/post"}],"author":[{"embeddable":true,"href":"https:\/\/kapitalis.com\/tunisie\/wp-json\/wp\/v2\/users\/8"}],"replies":[{"embeddable":true,"href":"https:\/\/kapitalis.com\/tunisie\/wp-json\/wp\/v2\/comments?post=10620335"}],"version-history":[{"count":1,"href":"https:\/\/kapitalis.com\/tunisie\/wp-json\/wp\/v2\/posts\/10620335\/revisions"}],"predecessor-version":[{"id":10620566,"href":"https:\/\/kapitalis.com\/tunisie\/wp-json\/wp\/v2\/posts\/10620335\/revisions\/10620566"}],"wp:featuredmedia":[{"embeddable":true,"href":"https:\/\/kapitalis.com\/tunisie\/wp-json\/wp\/v2\/media\/10620557"}],"wp:attachment":[{"href":"https:\/\/kapitalis.com\/tunisie\/wp-json\/wp\/v2\/media?parent=10620335"}],"wp:term":[{"taxonomy":"category","embeddable":true,"href":"https:\/\/kapitalis.com\/tunisie\/wp-json\/wp\/v2\/categories?post=10620335"},{"taxonomy":"post_tag","embeddable":true,"href":"https:\/\/kapitalis.com\/tunisie\/wp-json\/wp\/v2\/tags?post=10620335"}],"curies":[{"name":"wp","href":"https:\/\/api.w.org\/{rel}","templated":true}]}}