{"id":10635139,"date":"2023-11-22T09:10:29","date_gmt":"2023-11-22T08:10:29","guid":{"rendered":"https:\/\/kapitalis.com\/tunisie\/?p=10635139"},"modified":"2023-11-22T09:10:31","modified_gmt":"2023-11-22T08:10:31","slug":"des-palestiniens-de-cisjordanie-forces-de-quitter-leurs-villages","status":"publish","type":"post","link":"https:\/\/kapitalis.com\/tunisie\/2023\/11\/22\/des-palestiniens-de-cisjordanie-forces-de-quitter-leurs-villages\/","title":{"rendered":"Des Palestiniens de Cisjordanie forc\u00e9s de quitter leurs villages"},"content":{"rendered":"\n<p><strong><em>T\u00e9moignage d\u2019un habitant palestinien d\u2019une zone rurale de Cisjordanie sur les harc\u00e8lements et les attaques quasi-quotidiennes que les membres de sa communaut\u00e9 subissent de la part des colons et des militaires isra\u00e9liens, qui veulent les obliger \u00e0 quitter leurs terres. \u00a0<\/em><\/strong><em>(Illustration : Zuhour Muhammad Awad, la grand-m\u00e8re de l&rsquo;auteur, se prom\u00e8ne dans le village de Tuba en mai 2021. Mme Awad dit \u00eatre n\u00e9e \u00e0 Tuba en 1948. Elle a pass\u00e9 sa vie \u00e0 s&rsquo;occuper des troupeaux de moutons et \u00e0 fabriquer du fromage et du yaourt.)<\/em><\/p>\n\n\n\n<p>Par <strong>Ali Awad<\/strong> *<\/p>\n\n\n\n<!--more-->\n\n\n\n<p>Je suis n\u00e9 en f\u00e9vrier 1998 \u00e0 Tuba, une communaut\u00e9 rurale de bergers de 80 habitants palestiniens situ\u00e9e dans les collines du sud d\u2019H\u00e9bron, en Cisjordanie, o\u00f9 ma famille vit depuis des g\u00e9n\u00e9rations.<\/p>\n\n\n\n<p>Au fil des ann\u00e9es, nous avons subi des attaques r\u00e9p\u00e9t\u00e9es de la part des colons isra\u00e9liens, dans le cadre d\u2019une campagne continue visant \u00e0 nous expulser de nos terres. Pourtant, rien ne m\u2019a pr\u00e9par\u00e9 \u00e0 ce qu\u2019est devenue notre vie depuis l\u2019attaque du Hamas du 7 octobre. Au cours des six derni\u00e8res semaines, les raids et le harc\u00e8lement des colons se sont intensifi\u00e9s que je ne sais pas combien de temps encore moi et les autres membres de ma communaut\u00e9 pourrons vivre ici.<\/p>\n\n\n\n<p>Sous couvert de guerre, les colons ont pris d\u2019assaut des villages de Cisjordanie, mena\u00e7ant les Palestiniens et d\u00e9truisant leurs maisons et leurs moyens de subsistance. L\u2019attention internationale s\u2019est principalement concentr\u00e9e sur les atrocit\u00e9s perp\u00e9tr\u00e9es en Isra\u00ebl et \u00e0 Gaza, notamment le d\u00e9placement interne de plus de la moiti\u00e9 de la population de la bande de Gaza.<\/p>\n\n\n\n<p>En Cisjordanie, des attaques de plus en plus violentes contre des villages ont contraint au moins 16 communaut\u00e9s palestiniennes \u2013 soit plus de 1 000 personnes \u2013 \u00e0 fuir leurs foyers depuis le 7 octobre.<\/p>\n\n\n\n<h2 class=\"wp-block-heading\">Harc\u00e8lements, raids et meurtres\u2026<\/h2>\n\n\n\n<p>Selon le Bureau des Nations Unies pour la coordination des affaires humanitaires, des colons ont attaqu\u00e9 des Palestiniens en plus de 250 incidents en Cisjordanie. Jusqu\u2019\u00e0 pr\u00e9sent, 200 Palestiniens ont \u00e9t\u00e9 tu\u00e9s, huit par des colons et les autres lors d\u2019affrontements avec les forces isra\u00e9liennes.<\/p>\n\n\n\n<p>Dans mon village et dans d\u2019autres villages des environs, les colons ont investi nos maisons et nous harc\u00e8lent sans rel\u00e2che, parfois plusieurs fois par jour. Moins d\u2019une semaine apr\u00e8s le d\u00e9but de la guerre, selon une vid\u00e9o publi\u00e9e par le groupe isra\u00e9lien de d\u00e9fense des droits humains B\u2019Tselem, un colon arm\u00e9 est entr\u00e9 dans le village d\u2019At-Tuwani, dans les collines du sud d\u2019H\u00e9bron, s\u2019est approch\u00e9 d\u2019un groupe de Palestiniens non arm\u00e9s marchant apr\u00e8s la pri\u00e8re du vendredi et a tir\u00e9 sur eux, dont l\u2019un dans le ventre, \u00e0 bout portant.<\/p>\n\n\n\n<figure class=\"wp-block-embed is-type-wp-embed is-provider-kapitalis wp-block-embed-kapitalis\"><div class=\"wp-block-embed__wrapper\">\n<blockquote class=\"wp-embedded-content\" data-secret=\"BrHpdsuIgt\"><a href=\"https:\/\/kapitalis.com\/tunisie\/2023\/11\/10\/les-palestiniens-sont-les-nouveaux-indiens-les-indiens-disrael\/\">Les Palestiniens sont les nouveaux Indiens, les Indiens d\u2019Isra\u00ebl<\/a><\/blockquote><iframe loading=\"lazy\" class=\"wp-embedded-content\" sandbox=\"allow-scripts\" security=\"restricted\" style=\"position: absolute; clip: rect(1px, 1px, 1px, 1px);\" title=\"\u00ab\u00a0Les Palestiniens sont les nouveaux Indiens, les Indiens d\u2019Isra\u00ebl\u00a0\u00bb &#8212; Kapitalis\" src=\"https:\/\/kapitalis.com\/tunisie\/2023\/11\/10\/les-palestiniens-sont-les-nouveaux-indiens-les-indiens-disrael\/embed\/#?secret=A0SZ7lUfuV#?secret=BrHpdsuIgt\" data-secret=\"BrHpdsuIgt\" width=\"600\" height=\"338\" frameborder=\"0\" marginwidth=\"0\" marginheight=\"0\" scrolling=\"no\"><\/iframe>\n<\/div><\/figure>\n\n\n\n<p>Dix minutes apr\u00e8s, \u00e0 Susya, des villageois ont d\u00e9clar\u00e9 que les colons avaient menac\u00e9 de tirer sur les habitants s\u2019ils n\u2019\u00e9vacuaient pas leurs maisons dans les 24 heures.<\/p>\n\n\n\n<p>Le 30 octobre, des colons ont incendi\u00e9 plusieurs maisons \u00e0 Khirbet a-Safai, un village situ\u00e9 \u00e0 moins d\u2019un mile \u00e0 l\u2019est de Tuba. Et les habitants du village voisin \u00e0 l\u2019ouest, Umm al-Khair, ont d\u00e9clar\u00e9 aux militants des droits de l\u2019homme que des colons arm\u00e9s en uniforme tenaient les gens sous la menace de leurs armes et les for\u00e7aient \u00e0 condamner le Hamas et \u00e0 promettre de hisser des drapeaux isra\u00e9liens dans le village, sinon ils seraient assassin\u00e9s.<\/p>\n\n\n\n<h2 class=\"wp-block-heading\">\u2026 pour nous forcer \u00e0 quitter nos foyers<\/h2>\n\n\n\n<p>Pour ceux d\u2019entre nous \u00e0 Tuba, cette vague d\u2019attaques fait partie d\u2019une longue s\u00e9rie de tentatives visant \u00e0 nous forcer \u00e0 quitter nos foyers. Et ce ne sont pas seulement les colons qui veulent notre d\u00e9part : les gouvernements isra\u00e9liens successifs ont \u00e9galement tent\u00e9 de se d\u00e9barrasser de nous au cours des derni\u00e8res d\u00e9cennies.<\/p>\n\n\n\n<p>Au d\u00e9but des ann\u00e9es 1980, notre village, ainsi que d\u2019autres dans une zone appel\u00e9e Masafer Yatta, ont \u00e9t\u00e9 d\u00e9sign\u00e9s par l\u2019arm\u00e9e comme zone de tir 918, terrain qu\u2019Isra\u00ebl convoitait pour y entra\u00eener ses forces (un document gouvernemental indique qu\u2019il y avait une intention pour d\u00e9placer les habitants vivant dans la r\u00e9gion.) Depuis, nous nous battons pour le droit de rester sur nos terres.<\/p>\n\n\n\n<p>Nous vivons dans la zone C de Cisjordanie, ce qui signifie que l\u2019arm\u00e9e isra\u00e9lienne exerce un contr\u00f4le civil et s\u00e9curitaire total sur nos vies. Isra\u00ebl a essay\u00e9 diverses tactiques pour nous faire partir, notamment en adoptant des politiques qui nous emp\u00eachent de construire des maisons dans notre propre village et ne nous permettent pas d\u2019\u00eatre connect\u00e9s au principal r\u00e9seau \u00e9lectrique ou aux infrastructures d\u2019eau.<\/p>\n\n\n\n<figure class=\"wp-block-embed is-type-wp-embed is-provider-kapitalis wp-block-embed-kapitalis\"><div class=\"wp-block-embed__wrapper\">\n<blockquote class=\"wp-embedded-content\" data-secret=\"KTkA6YGHGo\"><a href=\"https:\/\/kapitalis.com\/tunisie\/2023\/11\/10\/document-limpuissance-des-nations-unies-face-au-genocide-des-palestiniens\/\">Document\u00a0: l\u2019impuissance des Nations-Unies face au g\u00e9nocide des Palestiniens<\/a><\/blockquote><iframe loading=\"lazy\" class=\"wp-embedded-content\" sandbox=\"allow-scripts\" security=\"restricted\" style=\"position: absolute; clip: rect(1px, 1px, 1px, 1px);\" title=\"\u00ab\u00a0Document\u00a0: l\u2019impuissance des Nations-Unies face au g\u00e9nocide des Palestiniens\u00a0\u00bb &#8212; Kapitalis\" src=\"https:\/\/kapitalis.com\/tunisie\/2023\/11\/10\/document-limpuissance-des-nations-unies-face-au-genocide-des-palestiniens\/embed\/#?secret=UQ6VTSRvNK#?secret=KTkA6YGHGo\" data-secret=\"KTkA6YGHGo\" width=\"600\" height=\"338\" frameborder=\"0\" marginwidth=\"0\" marginheight=\"0\" scrolling=\"no\"><\/iframe>\n<\/div><\/figure>\n\n\n\n<p>Parfois, cela a \u00e9t\u00e9 beaucoup moins subtil : en novembre 1999, alors que j\u2019avais un an, l\u2019arm\u00e9e isra\u00e9lienne a charg\u00e9 tous les habitants et le b\u00e9tail de Tuba dans des camions et nous a d\u00e9pos\u00e9s sur le bord de la route \u00e0 plusieurs kilom\u00e8tres de l\u00e0. Nous avons pass\u00e9 les mois suivants entass\u00e9s dans des tentes de fortune, luttant pour nous prot\u00e9ger, nous et notre b\u00e9tail, des pluies froides de l\u2019hiver. Nous avons finalement \u00e9t\u00e9 autoris\u00e9s \u00e0 retourner <em>\u00abtemporairement\u00bb<\/em> dans notre village, en attendant une d\u00e9cision d\u00e9finitive du tribunal.<\/p>\n\n\n\n<p>Les colons de l\u2019avant-poste ill\u00e9gal de Havat Maon \u2013 construit pr\u00e8s de Tuba et en partie sur des terres palestiniennes priv\u00e9es peu de temps apr\u00e8s notre retour \u2013 ont \u00e9galement fait leur part. En 2002, ils ont coup\u00e9 la route principale qui reliait Tuba aux villages environnants, y compris l\u2019\u00e9cole des enfants la plus proche et la ville de Yatta, o\u00f9 nous achetons toute notre nourriture et nos fournitures m\u00e9dicales.<\/p>\n\n\n\n<p>Les colons ont \u00e9galement eu recours \u00e0 la violence, certaines dirig\u00e9es contre ma famille. Nous pensons que ce sont des colons voisins qui ont poignard\u00e9 mon oncle, attaqu\u00e9 mes cousins \u200b\u200bavec des pierres et, comme je l\u2019ai d\u00e9j\u00e0 \u00e9crit, mis le feu \u00e0 la provision d\u2019un an de nourriture pour nos troupeaux de moutons.<\/p>\n\n\n\n<h2 class=\"wp-block-heading\">Nous refusons d\u2019abandonner nos terres<\/h2>\n\n\n\n<p>Pendant tout ce temps, nous attendions la d\u00e9cision finale de la Haute Cour isra\u00e9lienne quant \u00e0 savoir si l\u2019arm\u00e9e isra\u00e9lienne pouvait nous forcer \u00e0 \u00e9vacuer. Puis, l\u2019ann\u00e9e derni\u00e8re, le tribunal s\u2019est prononc\u00e9 en faveur de l\u2019\u00c9tat, autorisant Isra\u00ebl \u00e0 expulser environ 1 200 Palestiniens, dont ceux de mon village. Nous sommes rest\u00e9s fermes face \u00e0 cette pression et refusons d\u2019abandonner nos terres et notre mode de vie traditionnel. Mais ces derni\u00e8res semaines, les attaques des colons ont \u00e9branl\u00e9 notre d\u00e9termination.<\/p>\n\n\n\n<p>Nous avons toujours pens\u00e9 que les militaires, qui d\u00e9molissent nos maisons et nous emp\u00eachent de nous d\u00e9placer librement, sont aid\u00e9s par les colons qui nous harc\u00e8lent. Cependant, depuis le d\u00e9but de la guerre il y a plus d\u2019un mois, les colons et les soldats de la r\u00e9gion semblaient avoir fusionn\u00e9 en une seule entit\u00e9, mettant fin au semblant de distance qui existait entre ces deux groupes violents. Les colons que nous reconnaissons apr\u00e8s des ann\u00e9es de harc\u00e8lement dans nos villages sont soudain devenus des soldats, comme r\u00e9servistes ou au sein des \u00e9quipes de s\u00e9curit\u00e9 civile d\u2019Itamar Ben-Gvir.<\/p>\n\n\n\n<figure class=\"wp-block-embed is-type-wp-embed is-provider-kapitalis wp-block-embed-kapitalis\"><div class=\"wp-block-embed__wrapper\">\n<blockquote class=\"wp-embedded-content\" data-secret=\"QtPOeIkPuo\"><a href=\"https:\/\/kapitalis.com\/tunisie\/2023\/10\/27\/des-colons-israeliens-terrorisent-les-palestiniens-en-cisjordanie\/\">Des colons isra\u00e9liens terrorisent les Palestiniens en Cisjordanie<\/a><\/blockquote><iframe loading=\"lazy\" class=\"wp-embedded-content\" sandbox=\"allow-scripts\" security=\"restricted\" style=\"position: absolute; clip: rect(1px, 1px, 1px, 1px);\" title=\"\u00ab\u00a0Des colons isra\u00e9liens terrorisent les Palestiniens en Cisjordanie\u00a0\u00bb &#8212; Kapitalis\" src=\"https:\/\/kapitalis.com\/tunisie\/2023\/10\/27\/des-colons-israeliens-terrorisent-les-palestiniens-en-cisjordanie\/embed\/#?secret=gtEA8DHyBn#?secret=QtPOeIkPuo\" data-secret=\"QtPOeIkPuo\" width=\"600\" height=\"338\" frameborder=\"0\" marginwidth=\"0\" marginheight=\"0\" scrolling=\"no\"><\/iframe>\n<\/div><\/figure>\n\n\n\n<p>Les r\u00e9servistes de l\u2019arm\u00e9e qui sont nouveaux dans la r\u00e9gion prennent apparemment d\u00e9sormais leurs ordres aupr\u00e8s des soldats colons locaux ou des \u00e9quipes de s\u00e9curit\u00e9. Ensemble, ils patrouillent dans nos communaut\u00e9s avec leurs M16 et menacent quiconque tente de faire pa\u00eetre son troupeau ou de quitter le village pour travailler ou faire des courses.<\/p>\n\n\n\n<h2 class=\"wp-block-heading\">Ils rendent nos vies invivables<\/h2>\n\n\n\n<p>\u00c0 Tuba, comme dans les villages voisins, les colons ont \u00e9galement pris pour cible les syst\u00e8mes d\u2019eau et les panneaux solaires que nous avons construits et dont nous d\u00e9pendons enti\u00e8rement, comme pour nous rappeler notre vuln\u00e9rabilit\u00e9. Ils profitent clairement de ce moment pour rendre nos vies invivables, et nous n\u2019avons aucune raison de croire que, surtout en temps de guerre, la violence que nous vivons dans nos communaut\u00e9s va baisser ou s\u2019arr\u00eater bient\u00f4t.<\/p>\n\n\n\n<p>Les autorit\u00e9s isra\u00e9liennes locales affirment qu\u2019elles enqu\u00eatent sur certaines des attaques les plus violentes, y compris les meurtres, mais elles ne montrent aucune capacit\u00e9 \u00e0 les contr\u00f4ler, d\u2019autant que les membres du gouvernement attisent le feu.<\/p>\n\n\n\n<p>Au cours des cinq derni\u00e8res semaines seulement, les habitants de cinq autres villages des collines du sud d\u2019H\u00e9bron ont \u00e9t\u00e9 contraints de faire leurs valises et de fuir leurs maisons. Si la situation ne change pas, je crains que les habitants de Tuba ne soient les prochains. Comme l\u2019affirmait r\u00e9cemment une lettre sign\u00e9e par 30 organisations non gouvernementales isra\u00e9liennes de d\u00e9fense des droits humains : <em>\u00abLa seule fa\u00e7on d\u2019arr\u00eater ce transfert forc\u00e9 en Cisjordanie est une intervention claire, forte et directe de la communaut\u00e9 internationale\u00bb<\/em>.<\/p>\n\n\n\n<p>D\u2019aussi loin que je me souvienne, la vie \u00e0 Tuba a \u00e9t\u00e9 difficile, mais elle a aussi toujours \u00e9t\u00e9 belle et calme. C\u2019est la vie que ma famille m\u00e8ne depuis des g\u00e9n\u00e9rations, et le mode de vie traditionnel que nous vivons est profond\u00e9ment li\u00e9 \u00e0 la terre qui nous entoure et aux animaux dont nous prenons soin. Les flancs des collines sont marqu\u00e9s de nos pas et de ceux de nos troupeaux, les rochers au sommet de la colline sont soigneusement dispos\u00e9s pour que nous puissions admirer le coucher de soleil sur le d\u00e9sert. Mais la peur que nous ressentons, \u00e0 Tuba et dans toute la zone C, p\u00e8se d\u00e9sormais lourdement sur ce paysage. Je ne sais pas si nous pourrons encore le supporter.<\/p>\n\n\n\n<p><em>Traduit de l<\/em><em>\u2019<\/em><em>anglais.<\/em><\/p>\n\n\n\n<p class=\"has-text-align-right\"><em>Ecrivain palestinien vivant en Cisjordanie.<\/em><\/p>\n\n\n\n<p><strong><em>Source<\/em><\/strong>: <a href=\"https:\/\/www.nytimes.com\/2023\/11\/20\/opinion\/israel-west-bank-palestinians.html?smid=nytcore-ios-share&amp;referringSource=articleShare\" target=\"_blank\" rel=\"noreferrer noopener\">The New York Times<\/a>.<em> <\/em><\/p>\n","protected":false},"excerpt":{"rendered":"<p>Comment les colons et les militaires isra\u00e9liens font pression sur les Palestiniens de Cisjordanie pour les pousser \u00e0 quitter leurs terres.  <\/p>\n","protected":false},"author":8,"featured_media":10635277,"comment_status":"open","ping_status":"open","sticky":false,"template":"","format":"standard","meta":{"footnotes":""},"categories":[992,997,1000,2433],"tags":[112380,83516,112381,4027,87428,26195,112171,2478,112382,2739,112379],"class_list":["post-10635139","post","type-post","status-publish","format-standard","has-post-thumbnail","hentry","category-a-la-une","category-politique","category-tribune","category-tunisie","tag-ali-awad","tag-armee-israelienne","tag-btselem-2","tag-cisjordanie","tag-colons-israeliens","tag-hamas","tag-hebron","tag-israel","tag-itamar-ben-gvir-2","tag-palestiniens","tag-tuba"],"yoast_head":"<!-- This site is optimized with the Yoast SEO plugin v26.6 - https:\/\/yoast.com\/wordpress\/plugins\/seo\/ -->\n<title>Des Palestiniens de Cisjordanie forc\u00e9s de quitter leurs villages - Kapitalis<\/title>\n<meta name=\"robots\" content=\"index, follow, max-snippet:-1, max-image-preview:large, max-video-preview:-1\" \/>\n<link rel=\"canonical\" href=\"https:\/\/kapitalis.com\/tunisie\/2023\/11\/22\/des-palestiniens-de-cisjordanie-forces-de-quitter-leurs-villages\/\" \/>\n<meta property=\"og:locale\" content=\"fr_FR\" \/>\n<meta property=\"og:type\" content=\"article\" \/>\n<meta property=\"og:title\" content=\"Des Palestiniens de Cisjordanie forc\u00e9s de quitter leurs villages - Kapitalis\" \/>\n<meta property=\"og:description\" content=\"Comment les colons et les militaires isra\u00e9liens font pression sur les Palestiniens de Cisjordanie pour les pousser \u00e0 quitter leurs terres.\" \/>\n<meta property=\"og:url\" content=\"https:\/\/kapitalis.com\/tunisie\/2023\/11\/22\/des-palestiniens-de-cisjordanie-forces-de-quitter-leurs-villages\/\" \/>\n<meta property=\"og:site_name\" content=\"Kapitalis\" \/>\n<meta property=\"article:publisher\" content=\"https:\/\/www.facebook.com\/KapitalisInfo\/\" \/>\n<meta property=\"article:published_time\" content=\"2023-11-22T08:10:29+00:00\" \/>\n<meta property=\"article:modified_time\" content=\"2023-11-22T08:10:31+00:00\" \/>\n<meta property=\"og:image\" content=\"https:\/\/kapitalis.com\/tunisie\/wp-content\/uploads\/2023\/11\/Tuba-Cisjordanie.jpg\" \/>\n\t<meta property=\"og:image:width\" content=\"1200\" \/>\n\t<meta property=\"og:image:height\" content=\"630\" \/>\n\t<meta property=\"og:image:type\" content=\"image\/jpeg\" \/>\n<meta name=\"author\" content=\"webmaster kapitalis\" \/>\n<meta name=\"twitter:card\" content=\"summary_large_image\" \/>\n<meta name=\"twitter:creator\" content=\"@KapitalisInfo\" \/>\n<meta name=\"twitter:site\" content=\"@KapitalisInfo\" \/>\n<meta name=\"twitter:label1\" content=\"\u00c9crit par\" \/>\n\t<meta name=\"twitter:data1\" content=\"webmaster kapitalis\" \/>\n\t<meta name=\"twitter:label2\" content=\"Dur\u00e9e de lecture estim\u00e9e\" \/>\n\t<meta name=\"twitter:data2\" content=\"8 minutes\" \/>\n<script type=\"application\/ld+json\" class=\"yoast-schema-graph\">{\"@context\":\"https:\/\/schema.org\",\"@graph\":[{\"@type\":\"Article\",\"@id\":\"https:\/\/kapitalis.com\/tunisie\/2023\/11\/22\/des-palestiniens-de-cisjordanie-forces-de-quitter-leurs-villages\/#article\",\"isPartOf\":{\"@id\":\"https:\/\/kapitalis.com\/tunisie\/2023\/11\/22\/des-palestiniens-de-cisjordanie-forces-de-quitter-leurs-villages\/\"},\"author\":{\"name\":\"webmaster kapitalis\",\"@id\":\"https:\/\/kapitalis.com\/tunisie\/#\/schema\/person\/d71f33a9ca44f7bad4698210b480c8e9\"},\"headline\":\"Des Palestiniens de Cisjordanie forc\u00e9s de quitter leurs villages\",\"datePublished\":\"2023-11-22T08:10:29+00:00\",\"dateModified\":\"2023-11-22T08:10:31+00:00\",\"mainEntityOfPage\":{\"@id\":\"https:\/\/kapitalis.com\/tunisie\/2023\/11\/22\/des-palestiniens-de-cisjordanie-forces-de-quitter-leurs-villages\/\"},\"wordCount\":1693,\"commentCount\":0,\"publisher\":{\"@id\":\"https:\/\/kapitalis.com\/tunisie\/#organization\"},\"image\":{\"@id\":\"https:\/\/kapitalis.com\/tunisie\/2023\/11\/22\/des-palestiniens-de-cisjordanie-forces-de-quitter-leurs-villages\/#primaryimage\"},\"thumbnailUrl\":\"https:\/\/kapitalis.com\/tunisie\/wp-content\/uploads\/2023\/11\/Tuba-Cisjordanie.jpg\",\"keywords\":[\"Ali Awad\",\"arm\u00e9e isra\u00e9lienne\",\"B\u2019Tselem\",\"Cisjordanie\",\"colons isra\u00e9liens\",\"Hamas\",\"H\u00e9bron\",\"Isra\u00ebl\",\"Itamar Ben-Gvir?\",\"Palestiniens\",\"Tuba\"],\"articleSection\":[\"A LA UNE\",\"POLITIQUE\",\"TRIBUNE\",\"Tunisie\"],\"inLanguage\":\"fr-FR\",\"potentialAction\":[{\"@type\":\"CommentAction\",\"name\":\"Comment\",\"target\":[\"https:\/\/kapitalis.com\/tunisie\/2023\/11\/22\/des-palestiniens-de-cisjordanie-forces-de-quitter-leurs-villages\/#respond\"]}]},{\"@type\":\"WebPage\",\"@id\":\"https:\/\/kapitalis.com\/tunisie\/2023\/11\/22\/des-palestiniens-de-cisjordanie-forces-de-quitter-leurs-villages\/\",\"url\":\"https:\/\/kapitalis.com\/tunisie\/2023\/11\/22\/des-palestiniens-de-cisjordanie-forces-de-quitter-leurs-villages\/\",\"name\":\"Des Palestiniens de Cisjordanie forc\u00e9s de quitter leurs villages - Kapitalis\",\"isPartOf\":{\"@id\":\"https:\/\/kapitalis.com\/tunisie\/#website\"},\"primaryImageOfPage\":{\"@id\":\"https:\/\/kapitalis.com\/tunisie\/2023\/11\/22\/des-palestiniens-de-cisjordanie-forces-de-quitter-leurs-villages\/#primaryimage\"},\"image\":{\"@id\":\"https:\/\/kapitalis.com\/tunisie\/2023\/11\/22\/des-palestiniens-de-cisjordanie-forces-de-quitter-leurs-villages\/#primaryimage\"},\"thumbnailUrl\":\"https:\/\/kapitalis.com\/tunisie\/wp-content\/uploads\/2023\/11\/Tuba-Cisjordanie.jpg\",\"datePublished\":\"2023-11-22T08:10:29+00:00\",\"dateModified\":\"2023-11-22T08:10:31+00:00\",\"breadcrumb\":{\"@id\":\"https:\/\/kapitalis.com\/tunisie\/2023\/11\/22\/des-palestiniens-de-cisjordanie-forces-de-quitter-leurs-villages\/#breadcrumb\"},\"inLanguage\":\"fr-FR\",\"potentialAction\":[{\"@type\":\"ReadAction\",\"target\":[\"https:\/\/kapitalis.com\/tunisie\/2023\/11\/22\/des-palestiniens-de-cisjordanie-forces-de-quitter-leurs-villages\/\"]}]},{\"@type\":\"ImageObject\",\"inLanguage\":\"fr-FR\",\"@id\":\"https:\/\/kapitalis.com\/tunisie\/2023\/11\/22\/des-palestiniens-de-cisjordanie-forces-de-quitter-leurs-villages\/#primaryimage\",\"url\":\"https:\/\/kapitalis.com\/tunisie\/wp-content\/uploads\/2023\/11\/Tuba-Cisjordanie.jpg\",\"contentUrl\":\"https:\/\/kapitalis.com\/tunisie\/wp-content\/uploads\/2023\/11\/Tuba-Cisjordanie.jpg\",\"width\":1200,\"height\":630},{\"@type\":\"BreadcrumbList\",\"@id\":\"https:\/\/kapitalis.com\/tunisie\/2023\/11\/22\/des-palestiniens-de-cisjordanie-forces-de-quitter-leurs-villages\/#breadcrumb\",\"itemListElement\":[{\"@type\":\"ListItem\",\"position\":1,\"name\":\"Accueil\",\"item\":\"https:\/\/kapitalis.com\/tunisie\/\"},{\"@type\":\"ListItem\",\"position\":2,\"name\":\"Des Palestiniens de Cisjordanie forc\u00e9s de quitter leurs villages\"}]},{\"@type\":\"WebSite\",\"@id\":\"https:\/\/kapitalis.com\/tunisie\/#website\",\"url\":\"https:\/\/kapitalis.com\/tunisie\/\",\"name\":\"Kapitalis\",\"description\":\"L&#039;actualit\u00e9 en Tunisie et dans le monde\",\"publisher\":{\"@id\":\"https:\/\/kapitalis.com\/tunisie\/#organization\"},\"potentialAction\":[{\"@type\":\"SearchAction\",\"target\":{\"@type\":\"EntryPoint\",\"urlTemplate\":\"https:\/\/kapitalis.com\/tunisie\/?s={search_term_string}\"},\"query-input\":{\"@type\":\"PropertyValueSpecification\",\"valueRequired\":true,\"valueName\":\"search_term_string\"}}],\"inLanguage\":\"fr-FR\"},{\"@type\":\"Organization\",\"@id\":\"https:\/\/kapitalis.com\/tunisie\/#organization\",\"name\":\"Kapitalis\",\"url\":\"https:\/\/kapitalis.com\/tunisie\/\",\"logo\":{\"@type\":\"ImageObject\",\"inLanguage\":\"fr-FR\",\"@id\":\"https:\/\/kapitalis.com\/tunisie\/#\/schema\/logo\/image\/\",\"url\":\"https:\/\/kapitalis.com\/tunisie\/wp-content\/uploads\/2022\/05\/Kapitalis-big-size.png\",\"contentUrl\":\"https:\/\/kapitalis.com\/tunisie\/wp-content\/uploads\/2022\/05\/Kapitalis-big-size.png\",\"width\":5000,\"height\":1500,\"caption\":\"Kapitalis\"},\"image\":{\"@id\":\"https:\/\/kapitalis.com\/tunisie\/#\/schema\/logo\/image\/\"},\"sameAs\":[\"https:\/\/www.facebook.com\/KapitalisInfo\/\",\"https:\/\/x.com\/KapitalisInfo\",\"https:\/\/www.youtube.com\/channel\/UC-yDYrHyfFBWWZaOw3FPg9Q\"]},{\"@type\":\"Person\",\"@id\":\"https:\/\/kapitalis.com\/tunisie\/#\/schema\/person\/d71f33a9ca44f7bad4698210b480c8e9\",\"name\":\"webmaster kapitalis\",\"url\":\"https:\/\/kapitalis.com\/tunisie\/author\/webmaster-kapitalis\/\"}]}<\/script>\n<!-- \/ Yoast SEO plugin. -->","yoast_head_json":{"title":"Des Palestiniens de Cisjordanie forc\u00e9s de quitter leurs villages - Kapitalis","robots":{"index":"index","follow":"follow","max-snippet":"max-snippet:-1","max-image-preview":"max-image-preview:large","max-video-preview":"max-video-preview:-1"},"canonical":"https:\/\/kapitalis.com\/tunisie\/2023\/11\/22\/des-palestiniens-de-cisjordanie-forces-de-quitter-leurs-villages\/","og_locale":"fr_FR","og_type":"article","og_title":"Des Palestiniens de Cisjordanie forc\u00e9s de quitter leurs villages - Kapitalis","og_description":"Comment les colons et les militaires isra\u00e9liens font pression sur les Palestiniens de Cisjordanie pour les pousser \u00e0 quitter leurs terres.","og_url":"https:\/\/kapitalis.com\/tunisie\/2023\/11\/22\/des-palestiniens-de-cisjordanie-forces-de-quitter-leurs-villages\/","og_site_name":"Kapitalis","article_publisher":"https:\/\/www.facebook.com\/KapitalisInfo\/","article_published_time":"2023-11-22T08:10:29+00:00","article_modified_time":"2023-11-22T08:10:31+00:00","og_image":[{"width":1200,"height":630,"url":"https:\/\/kapitalis.com\/tunisie\/wp-content\/uploads\/2023\/11\/Tuba-Cisjordanie.jpg","type":"image\/jpeg"}],"author":"webmaster kapitalis","twitter_card":"summary_large_image","twitter_creator":"@KapitalisInfo","twitter_site":"@KapitalisInfo","twitter_misc":{"\u00c9crit par":"webmaster kapitalis","Dur\u00e9e de lecture estim\u00e9e":"8 minutes"},"schema":{"@context":"https:\/\/schema.org","@graph":[{"@type":"Article","@id":"https:\/\/kapitalis.com\/tunisie\/2023\/11\/22\/des-palestiniens-de-cisjordanie-forces-de-quitter-leurs-villages\/#article","isPartOf":{"@id":"https:\/\/kapitalis.com\/tunisie\/2023\/11\/22\/des-palestiniens-de-cisjordanie-forces-de-quitter-leurs-villages\/"},"author":{"name":"webmaster kapitalis","@id":"https:\/\/kapitalis.com\/tunisie\/#\/schema\/person\/d71f33a9ca44f7bad4698210b480c8e9"},"headline":"Des Palestiniens de Cisjordanie forc\u00e9s de quitter leurs villages","datePublished":"2023-11-22T08:10:29+00:00","dateModified":"2023-11-22T08:10:31+00:00","mainEntityOfPage":{"@id":"https:\/\/kapitalis.com\/tunisie\/2023\/11\/22\/des-palestiniens-de-cisjordanie-forces-de-quitter-leurs-villages\/"},"wordCount":1693,"commentCount":0,"publisher":{"@id":"https:\/\/kapitalis.com\/tunisie\/#organization"},"image":{"@id":"https:\/\/kapitalis.com\/tunisie\/2023\/11\/22\/des-palestiniens-de-cisjordanie-forces-de-quitter-leurs-villages\/#primaryimage"},"thumbnailUrl":"https:\/\/kapitalis.com\/tunisie\/wp-content\/uploads\/2023\/11\/Tuba-Cisjordanie.jpg","keywords":["Ali Awad","arm\u00e9e isra\u00e9lienne","B\u2019Tselem","Cisjordanie","colons isra\u00e9liens","Hamas","H\u00e9bron","Isra\u00ebl","Itamar Ben-Gvir?","Palestiniens","Tuba"],"articleSection":["A LA UNE","POLITIQUE","TRIBUNE","Tunisie"],"inLanguage":"fr-FR","potentialAction":[{"@type":"CommentAction","name":"Comment","target":["https:\/\/kapitalis.com\/tunisie\/2023\/11\/22\/des-palestiniens-de-cisjordanie-forces-de-quitter-leurs-villages\/#respond"]}]},{"@type":"WebPage","@id":"https:\/\/kapitalis.com\/tunisie\/2023\/11\/22\/des-palestiniens-de-cisjordanie-forces-de-quitter-leurs-villages\/","url":"https:\/\/kapitalis.com\/tunisie\/2023\/11\/22\/des-palestiniens-de-cisjordanie-forces-de-quitter-leurs-villages\/","name":"Des Palestiniens de Cisjordanie forc\u00e9s de quitter leurs villages - Kapitalis","isPartOf":{"@id":"https:\/\/kapitalis.com\/tunisie\/#website"},"primaryImageOfPage":{"@id":"https:\/\/kapitalis.com\/tunisie\/2023\/11\/22\/des-palestiniens-de-cisjordanie-forces-de-quitter-leurs-villages\/#primaryimage"},"image":{"@id":"https:\/\/kapitalis.com\/tunisie\/2023\/11\/22\/des-palestiniens-de-cisjordanie-forces-de-quitter-leurs-villages\/#primaryimage"},"thumbnailUrl":"https:\/\/kapitalis.com\/tunisie\/wp-content\/uploads\/2023\/11\/Tuba-Cisjordanie.jpg","datePublished":"2023-11-22T08:10:29+00:00","dateModified":"2023-11-22T08:10:31+00:00","breadcrumb":{"@id":"https:\/\/kapitalis.com\/tunisie\/2023\/11\/22\/des-palestiniens-de-cisjordanie-forces-de-quitter-leurs-villages\/#breadcrumb"},"inLanguage":"fr-FR","potentialAction":[{"@type":"ReadAction","target":["https:\/\/kapitalis.com\/tunisie\/2023\/11\/22\/des-palestiniens-de-cisjordanie-forces-de-quitter-leurs-villages\/"]}]},{"@type":"ImageObject","inLanguage":"fr-FR","@id":"https:\/\/kapitalis.com\/tunisie\/2023\/11\/22\/des-palestiniens-de-cisjordanie-forces-de-quitter-leurs-villages\/#primaryimage","url":"https:\/\/kapitalis.com\/tunisie\/wp-content\/uploads\/2023\/11\/Tuba-Cisjordanie.jpg","contentUrl":"https:\/\/kapitalis.com\/tunisie\/wp-content\/uploads\/2023\/11\/Tuba-Cisjordanie.jpg","width":1200,"height":630},{"@type":"BreadcrumbList","@id":"https:\/\/kapitalis.com\/tunisie\/2023\/11\/22\/des-palestiniens-de-cisjordanie-forces-de-quitter-leurs-villages\/#breadcrumb","itemListElement":[{"@type":"ListItem","position":1,"name":"Accueil","item":"https:\/\/kapitalis.com\/tunisie\/"},{"@type":"ListItem","position":2,"name":"Des Palestiniens de Cisjordanie forc\u00e9s de quitter leurs villages"}]},{"@type":"WebSite","@id":"https:\/\/kapitalis.com\/tunisie\/#website","url":"https:\/\/kapitalis.com\/tunisie\/","name":"Kapitalis","description":"L&#039;actualit\u00e9 en Tunisie et dans le monde","publisher":{"@id":"https:\/\/kapitalis.com\/tunisie\/#organization"},"potentialAction":[{"@type":"SearchAction","target":{"@type":"EntryPoint","urlTemplate":"https:\/\/kapitalis.com\/tunisie\/?s={search_term_string}"},"query-input":{"@type":"PropertyValueSpecification","valueRequired":true,"valueName":"search_term_string"}}],"inLanguage":"fr-FR"},{"@type":"Organization","@id":"https:\/\/kapitalis.com\/tunisie\/#organization","name":"Kapitalis","url":"https:\/\/kapitalis.com\/tunisie\/","logo":{"@type":"ImageObject","inLanguage":"fr-FR","@id":"https:\/\/kapitalis.com\/tunisie\/#\/schema\/logo\/image\/","url":"https:\/\/kapitalis.com\/tunisie\/wp-content\/uploads\/2022\/05\/Kapitalis-big-size.png","contentUrl":"https:\/\/kapitalis.com\/tunisie\/wp-content\/uploads\/2022\/05\/Kapitalis-big-size.png","width":5000,"height":1500,"caption":"Kapitalis"},"image":{"@id":"https:\/\/kapitalis.com\/tunisie\/#\/schema\/logo\/image\/"},"sameAs":["https:\/\/www.facebook.com\/KapitalisInfo\/","https:\/\/x.com\/KapitalisInfo","https:\/\/www.youtube.com\/channel\/UC-yDYrHyfFBWWZaOw3FPg9Q"]},{"@type":"Person","@id":"https:\/\/kapitalis.com\/tunisie\/#\/schema\/person\/d71f33a9ca44f7bad4698210b480c8e9","name":"webmaster kapitalis","url":"https:\/\/kapitalis.com\/tunisie\/author\/webmaster-kapitalis\/"}]}},"_links":{"self":[{"href":"https:\/\/kapitalis.com\/tunisie\/wp-json\/wp\/v2\/posts\/10635139","targetHints":{"allow":["GET"]}}],"collection":[{"href":"https:\/\/kapitalis.com\/tunisie\/wp-json\/wp\/v2\/posts"}],"about":[{"href":"https:\/\/kapitalis.com\/tunisie\/wp-json\/wp\/v2\/types\/post"}],"author":[{"embeddable":true,"href":"https:\/\/kapitalis.com\/tunisie\/wp-json\/wp\/v2\/users\/8"}],"replies":[{"embeddable":true,"href":"https:\/\/kapitalis.com\/tunisie\/wp-json\/wp\/v2\/comments?post=10635139"}],"version-history":[{"count":1,"href":"https:\/\/kapitalis.com\/tunisie\/wp-json\/wp\/v2\/posts\/10635139\/revisions"}],"predecessor-version":[{"id":10635315,"href":"https:\/\/kapitalis.com\/tunisie\/wp-json\/wp\/v2\/posts\/10635139\/revisions\/10635315"}],"wp:featuredmedia":[{"embeddable":true,"href":"https:\/\/kapitalis.com\/tunisie\/wp-json\/wp\/v2\/media\/10635277"}],"wp:attachment":[{"href":"https:\/\/kapitalis.com\/tunisie\/wp-json\/wp\/v2\/media?parent=10635139"}],"wp:term":[{"taxonomy":"category","embeddable":true,"href":"https:\/\/kapitalis.com\/tunisie\/wp-json\/wp\/v2\/categories?post=10635139"},{"taxonomy":"post_tag","embeddable":true,"href":"https:\/\/kapitalis.com\/tunisie\/wp-json\/wp\/v2\/tags?post=10635139"}],"curies":[{"name":"wp","href":"https:\/\/api.w.org\/{rel}","templated":true}]}}