{"id":10636230,"date":"2023-11-22T10:38:07","date_gmt":"2023-11-22T09:38:07","guid":{"rendered":"https:\/\/kapitalis.com\/tunisie\/?p=10636230"},"modified":"2023-11-22T10:38:09","modified_gmt":"2023-11-22T09:38:09","slug":"qui-peut-encore-justifier-les-crimes-de-guerre-des-israeliens","status":"publish","type":"post","link":"https:\/\/kapitalis.com\/tunisie\/2023\/11\/22\/qui-peut-encore-justifier-les-crimes-de-guerre-des-israeliens\/","title":{"rendered":"Qui peut encore justifier les crimes de guerre des Isra\u00e9liens\u00a0?"},"content":{"rendered":"\n<p><strong><em>A force de se mettre au dessus de la loi, le sionisme est enfin en voie d\u2019\u00eatre consid\u00e9r\u00e9 comme une entreprise coloniale hors la loi et de l\u2019histoire.<\/em><\/strong><\/p>\n\n\n\n<p>Par <strong>Elyes Kasri<\/strong> *<\/p>\n\n\n\n<!--more-->\n\n\n<div class=\"wp-block-image\">\n<figure class=\"alignleft size-full\"><img decoding=\"async\" src=\"http:\/\/kapitalis.com\/tunisie\/wp-content\/uploads\/2021\/06\/Elyes-Kasri.jpg\" alt=\"\" class=\"wp-image-352204\"\/><\/figure>\n<\/div>\n\n\n<h2 class=\"wp-block-heading\">Crimes de guerre<\/h2>\n\n\n\n<p>L\u2019h\u00f4pital Al Chifa de Gaza n\u2019est pas seulement le tombeau de dizaines de patients palestiniens, apr\u00e8s la meurtre de plusieurs milliers d\u2019enfants palestiniens, mais surtout celui du projet sioniste isra\u00e9lien qui perd ainsi toute l\u00e9gitimit\u00e9 morale, s\u2019il en a jamais eu une, et se range d\u00e9shonorablement au rang de l\u2019arm\u00e9e nazie dans ses moments les plus inf\u00e2mes.<\/p>\n\n\n\n<p>Au lieu d\u2019Eretz Isra\u00ebl, Gaza ouvrira pour l\u2019establishment politique et militaire isra\u00e9lien les portes d\u2019un nouveau proc\u00e8s de Nuremberg avec une longue s\u00e9rie de condamnations pour crimes de guerre et contre l\u2019humanit\u00e9.<\/p>\n\n\n\n<p>Face \u00e0 tant d\u2019horreurs et d\u2019atrocit\u00e9s d\u00e9lib\u00e9r\u00e9es, planifi\u00e9es et syst\u00e9matiques qui n\u2019ont rien \u00e0 voir avec la l\u00e9gitime d\u00e9fense, le silence ou toute vaine tentative de justification de ces abominations ne sera rien d\u2019autre qu\u2019une complicit\u00e9 morale et possiblement l\u00e9gale dans le crime international le plus abject depuis la deuxi\u00e8me guerre mondiale.<\/p>\n\n\n\n<figure class=\"wp-block-embed is-type-wp-embed is-provider-kapitalis wp-block-embed-kapitalis\"><div class=\"wp-block-embed__wrapper\">\n<blockquote class=\"wp-embedded-content\" data-secret=\"aErvjBkF0D\"><a href=\"https:\/\/kapitalis.com\/tunisie\/2023\/11\/22\/des-palestiniens-de-cisjordanie-forces-de-quitter-leurs-villages\/\">Des Palestiniens de Cisjordanie forc\u00e9s de quitter leurs villages<\/a><\/blockquote><iframe loading=\"lazy\" class=\"wp-embedded-content\" sandbox=\"allow-scripts\" security=\"restricted\" style=\"position: absolute; clip: rect(1px, 1px, 1px, 1px);\" title=\"\u00ab\u00a0Des Palestiniens de Cisjordanie forc\u00e9s de quitter leurs villages\u00a0\u00bb &#8212; Kapitalis\" src=\"https:\/\/kapitalis.com\/tunisie\/2023\/11\/22\/des-palestiniens-de-cisjordanie-forces-de-quitter-leurs-villages\/embed\/#?secret=zXa3eMMasX#?secret=aErvjBkF0D\" data-secret=\"aErvjBkF0D\" width=\"600\" height=\"338\" frameborder=\"0\" marginwidth=\"0\" marginheight=\"0\" scrolling=\"no\"><\/iframe>\n<\/div><\/figure>\n\n\n\n<h2 class=\"wp-block-heading\">Folie sanguinaire<\/h2>\n\n\n\n<p>Sous pr\u00e9texte d\u2019\u00e9liminer le Hamas qualifi\u00e9 d\u2019organisation islamiste-terroriste pro-iranienne, Isra\u00ebl et ses complices am\u00e9ricains, occidentaux, indiens et arabes veulent en fait r\u00e9aliser le casse du XXIe si\u00e8cle m\u00eame si c\u2019est au prix de crimes contre l\u2019humanit\u00e9 allant jusqu\u2019au g\u00e9nocide cyniquement pr\u00e9m\u00e9dit\u00e9 et diaboliquement m\u00e9thodique.<\/p>\n\n\n\n<p>Ni l\u00e9gitime d\u00e9fense, ni l\u00e9gende \u00e9cul\u00e9e de la terre promise, Gaza est tout simplement devenue un butin \u00e9nerg\u00e9tique et une plaque tournante de transport international qui fait saliver m\u00eame les anciens amis et les faux fr\u00e8res arabes et musulmans.<\/p>\n\n\n\n<p>Depuis les croisades, les Palestiniens n\u2019ont pas fini de faire les frais de la folie sanguinaire, du cynisme et de la voracit\u00e9 de chaque \u00e9poque.<\/p>\n\n\n\n<figure class=\"wp-block-embed is-type-wp-embed is-provider-kapitalis wp-block-embed-kapitalis\"><div class=\"wp-block-embed__wrapper\">\n<blockquote class=\"wp-embedded-content\" data-secret=\"E8e8jpTfUm\"><a href=\"https:\/\/kapitalis.com\/tunisie\/2023\/11\/03\/lamnesie-coupable-de-loccident-face-aux-crimes-disrael\/\">L\u2019amn\u00e9sie coupable de l\u2019Occident face aux crimes d\u2019Isra\u00ebl<\/a><\/blockquote><iframe loading=\"lazy\" class=\"wp-embedded-content\" sandbox=\"allow-scripts\" security=\"restricted\" style=\"position: absolute; clip: rect(1px, 1px, 1px, 1px);\" title=\"\u00ab\u00a0L\u2019amn\u00e9sie coupable de l\u2019Occident face aux crimes d\u2019Isra\u00ebl\u00a0\u00bb &#8212; Kapitalis\" src=\"https:\/\/kapitalis.com\/tunisie\/2023\/11\/03\/lamnesie-coupable-de-loccident-face-aux-crimes-disrael\/embed\/#?secret=DxBfHi6a75#?secret=E8e8jpTfUm\" data-secret=\"E8e8jpTfUm\" width=\"600\" height=\"338\" frameborder=\"0\" marginwidth=\"0\" marginheight=\"0\" scrolling=\"no\"><\/iframe>\n<\/div><\/figure>\n\n\n\n<h2 class=\"wp-block-heading\">Regain de conscience<\/h2>\n\n\n\n<p>Alors que de plus en plus d\u2019Am\u00e9ricains, surtout les moins de 35 ans, sont \u00e9mus par les images du g\u00e9nocide palestinien commis \u00e0 Gaza par Isra\u00ebl et ses complices \u00e9trangers et en premier lieu les Etats-Unis d\u2019Am\u00e9rique, certains d\u00e9clarent avoir \u00e9t\u00e9 enfin lib\u00e9r\u00e9s de la mainmise de la propagande sioniste et de la d\u00e9formation d\u00e9lib\u00e9r\u00e9e des faits auxquelles l\u2019opinion publique am\u00e9ricaine a \u00e9t\u00e9 soumise pendant de nombreuses d\u00e9cennies par une presse et une classe politique aux ordres du r\u00e9seau d\u2019organisations et de donateurs sionistes plus loyaux \u00e0 Isra\u00ebl qu\u2019aux Etats- Unis d\u2019Am\u00e9rique.<\/p>\n\n\n\n<p>Certains vont m\u00eame jusqu\u2019\u00e0 pr\u00e9dire que la mainmise sioniste sur la politique \u00e9trang\u00e8re am\u00e9ricaine a \u00e9t\u00e9 irr\u00e9m\u00e9diablement \u00e9branl\u00e9e et ne sera plus d\u00e9sormais comme avant.<\/p>\n\n\n\n<p>Apr\u00e8s Volodymyr Zelensky, le clown rat\u00e9 qui conna\u00eetra possiblement le sort de Nicolae Ceau\u0219escu, viendra le tour de Benyamin Netanyahu et de sa bande de criminels de guerre qui feront face \u00e0 leur sort apr\u00e8s une fatigue et un l\u00e2chage am\u00e9ricains de plus en plus probables.<\/p>\n\n\n\n<p>A force de se mettre au dessus de la loi, le sionisme est enfin en voie d&rsquo;\u00eatre consid\u00e9r\u00e9 comme une entreprise coloniale hors la loi et de l\u2019histoire. <\/p>\n\n\n\n<p>* <em>Ancien ambassadeur.<\/em><\/p>\n\n\n\n<figure class=\"wp-block-embed is-type-wp-embed is-provider-kapitalis wp-block-embed-kapitalis\"><div class=\"wp-block-embed__wrapper\">\n<blockquote class=\"wp-embedded-content\" data-secret=\"lXuAB1v1l4\"><a href=\"https:\/\/kapitalis.com\/tunisie\/2023\/11\/02\/voila-pourquoi-israel-doit-etre-juge-pour-crimes-contre-lhumanite\/\">Voil\u00e0 pourquoi Isra\u00ebl doit \u00eatre jug\u00e9 pour crimes contre l\u2019humanit\u00e9<\/a><\/blockquote><iframe loading=\"lazy\" class=\"wp-embedded-content\" sandbox=\"allow-scripts\" security=\"restricted\" style=\"position: absolute; clip: rect(1px, 1px, 1px, 1px);\" title=\"\u00ab\u00a0Voil\u00e0 pourquoi Isra\u00ebl doit \u00eatre jug\u00e9 pour crimes contre l\u2019humanit\u00e9\u00a0\u00bb &#8212; Kapitalis\" src=\"https:\/\/kapitalis.com\/tunisie\/2023\/11\/02\/voila-pourquoi-israel-doit-etre-juge-pour-crimes-contre-lhumanite\/embed\/#?secret=ixGD2O5h6W#?secret=lXuAB1v1l4\" data-secret=\"lXuAB1v1l4\" width=\"600\" height=\"338\" frameborder=\"0\" marginwidth=\"0\" marginheight=\"0\" scrolling=\"no\"><\/iframe>\n<\/div><\/figure>\n","protected":false},"excerpt":{"rendered":"<p>Le sionisme est enfin en voie d\u2019\u00eatre consid\u00e9r\u00e9 comme une entreprise coloniale hors la loi et de l\u2019histoire.<\/p>\n","protected":false},"author":8,"featured_media":10342652,"comment_status":"open","ping_status":"open","sticky":false,"template":"","format":"standard","meta":{"footnotes":""},"categories":[992,997,1000,2433],"tags":[112388,111786,90202,349,2444,112385,2478,112387,2739,112386,97921],"class_list":["post-10636230","post","type-post","status-publish","format-standard","has-post-thumbnail","hentry","category-a-la-une","category-politique","category-tribune","category-tunisie","tag-benyamin-netanyahu","tag-crimes-contre-lhumanite","tag-crimes-de-guerre","tag-etats-unis","tag-gaza","tag-hopital-al-chifa","tag-israel","tag-nicolae-ceausescu","tag-palestiniens","tag-projet-sioniste","tag-volodymyr-zelensky"],"yoast_head":"<!-- This site is optimized with the Yoast SEO plugin v26.6 - https:\/\/yoast.com\/wordpress\/plugins\/seo\/ -->\n<title>Qui peut encore justifier les crimes de guerre des Isra\u00e9liens\u00a0? - Kapitalis<\/title>\n<meta name=\"robots\" content=\"index, follow, max-snippet:-1, max-image-preview:large, max-video-preview:-1\" \/>\n<link rel=\"canonical\" href=\"https:\/\/kapitalis.com\/tunisie\/2023\/11\/22\/qui-peut-encore-justifier-les-crimes-de-guerre-des-israeliens\/\" \/>\n<meta property=\"og:locale\" content=\"fr_FR\" \/>\n<meta property=\"og:type\" content=\"article\" \/>\n<meta property=\"og:title\" content=\"Qui peut encore justifier les crimes de guerre des Isra\u00e9liens\u00a0? - Kapitalis\" \/>\n<meta property=\"og:description\" content=\"Le sionisme est enfin en voie d\u2019\u00eatre consid\u00e9r\u00e9 comme une entreprise coloniale hors la loi et de l\u2019histoire.\" \/>\n<meta property=\"og:url\" content=\"https:\/\/kapitalis.com\/tunisie\/2023\/11\/22\/qui-peut-encore-justifier-les-crimes-de-guerre-des-israeliens\/\" \/>\n<meta property=\"og:site_name\" content=\"Kapitalis\" \/>\n<meta property=\"article:publisher\" content=\"https:\/\/www.facebook.com\/KapitalisInfo\/\" \/>\n<meta property=\"article:published_time\" content=\"2023-11-22T09:38:07+00:00\" \/>\n<meta property=\"article:modified_time\" content=\"2023-11-22T09:38:09+00:00\" \/>\n<meta property=\"og:image\" content=\"https:\/\/kapitalis.com\/tunisie\/wp-content\/uploads\/2023\/11\/Netanyahou-Gaza.gif\" \/>\n\t<meta property=\"og:image:width\" content=\"1200\" \/>\n\t<meta property=\"og:image:height\" content=\"630\" \/>\n\t<meta property=\"og:image:type\" content=\"image\/gif\" \/>\n<meta name=\"author\" content=\"webmaster kapitalis\" \/>\n<meta name=\"twitter:card\" content=\"summary_large_image\" \/>\n<meta name=\"twitter:creator\" content=\"@KapitalisInfo\" \/>\n<meta name=\"twitter:site\" content=\"@KapitalisInfo\" \/>\n<meta name=\"twitter:label1\" content=\"\u00c9crit par\" \/>\n\t<meta name=\"twitter:data1\" content=\"webmaster kapitalis\" \/>\n\t<meta name=\"twitter:label2\" content=\"Dur\u00e9e de lecture estim\u00e9e\" \/>\n\t<meta name=\"twitter:data2\" content=\"3 minutes\" \/>\n<script type=\"application\/ld+json\" class=\"yoast-schema-graph\">{\"@context\":\"https:\/\/schema.org\",\"@graph\":[{\"@type\":\"Article\",\"@id\":\"https:\/\/kapitalis.com\/tunisie\/2023\/11\/22\/qui-peut-encore-justifier-les-crimes-de-guerre-des-israeliens\/#article\",\"isPartOf\":{\"@id\":\"https:\/\/kapitalis.com\/tunisie\/2023\/11\/22\/qui-peut-encore-justifier-les-crimes-de-guerre-des-israeliens\/\"},\"author\":{\"name\":\"webmaster kapitalis\",\"@id\":\"https:\/\/kapitalis.com\/tunisie\/#\/schema\/person\/d71f33a9ca44f7bad4698210b480c8e9\"},\"headline\":\"Qui peut encore justifier les crimes de guerre des Isra\u00e9liens\u00a0?\",\"datePublished\":\"2023-11-22T09:38:07+00:00\",\"dateModified\":\"2023-11-22T09:38:09+00:00\",\"mainEntityOfPage\":{\"@id\":\"https:\/\/kapitalis.com\/tunisie\/2023\/11\/22\/qui-peut-encore-justifier-les-crimes-de-guerre-des-israeliens\/\"},\"wordCount\":601,\"commentCount\":3,\"publisher\":{\"@id\":\"https:\/\/kapitalis.com\/tunisie\/#organization\"},\"image\":{\"@id\":\"https:\/\/kapitalis.com\/tunisie\/2023\/11\/22\/qui-peut-encore-justifier-les-crimes-de-guerre-des-israeliens\/#primaryimage\"},\"thumbnailUrl\":\"https:\/\/kapitalis.com\/tunisie\/wp-content\/uploads\/2023\/11\/Netanyahou-Gaza.gif\",\"keywords\":[\"Benyamin Netanyahu\",\"crimes contre l\u2019humanit\u00e9\",\"crimes de guerre\",\"Etats Unis\",\"Gaza\",\"h\u00f4pital Al-Chifa\",\"Isra\u00ebl\",\"Nicolae Ceau\u0219escu\",\"Palestiniens\",\"projet sioniste\",\"Volodymyr Zelensky\"],\"articleSection\":[\"A LA UNE\",\"POLITIQUE\",\"TRIBUNE\",\"Tunisie\"],\"inLanguage\":\"fr-FR\",\"potentialAction\":[{\"@type\":\"CommentAction\",\"name\":\"Comment\",\"target\":[\"https:\/\/kapitalis.com\/tunisie\/2023\/11\/22\/qui-peut-encore-justifier-les-crimes-de-guerre-des-israeliens\/#respond\"]}]},{\"@type\":\"WebPage\",\"@id\":\"https:\/\/kapitalis.com\/tunisie\/2023\/11\/22\/qui-peut-encore-justifier-les-crimes-de-guerre-des-israeliens\/\",\"url\":\"https:\/\/kapitalis.com\/tunisie\/2023\/11\/22\/qui-peut-encore-justifier-les-crimes-de-guerre-des-israeliens\/\",\"name\":\"Qui peut encore justifier les crimes de guerre des Isra\u00e9liens\u00a0? - Kapitalis\",\"isPartOf\":{\"@id\":\"https:\/\/kapitalis.com\/tunisie\/#website\"},\"primaryImageOfPage\":{\"@id\":\"https:\/\/kapitalis.com\/tunisie\/2023\/11\/22\/qui-peut-encore-justifier-les-crimes-de-guerre-des-israeliens\/#primaryimage\"},\"image\":{\"@id\":\"https:\/\/kapitalis.com\/tunisie\/2023\/11\/22\/qui-peut-encore-justifier-les-crimes-de-guerre-des-israeliens\/#primaryimage\"},\"thumbnailUrl\":\"https:\/\/kapitalis.com\/tunisie\/wp-content\/uploads\/2023\/11\/Netanyahou-Gaza.gif\",\"datePublished\":\"2023-11-22T09:38:07+00:00\",\"dateModified\":\"2023-11-22T09:38:09+00:00\",\"breadcrumb\":{\"@id\":\"https:\/\/kapitalis.com\/tunisie\/2023\/11\/22\/qui-peut-encore-justifier-les-crimes-de-guerre-des-israeliens\/#breadcrumb\"},\"inLanguage\":\"fr-FR\",\"potentialAction\":[{\"@type\":\"ReadAction\",\"target\":[\"https:\/\/kapitalis.com\/tunisie\/2023\/11\/22\/qui-peut-encore-justifier-les-crimes-de-guerre-des-israeliens\/\"]}]},{\"@type\":\"ImageObject\",\"inLanguage\":\"fr-FR\",\"@id\":\"https:\/\/kapitalis.com\/tunisie\/2023\/11\/22\/qui-peut-encore-justifier-les-crimes-de-guerre-des-israeliens\/#primaryimage\",\"url\":\"https:\/\/kapitalis.com\/tunisie\/wp-content\/uploads\/2023\/11\/Netanyahou-Gaza.gif\",\"contentUrl\":\"https:\/\/kapitalis.com\/tunisie\/wp-content\/uploads\/2023\/11\/Netanyahou-Gaza.gif\",\"width\":1200,\"height\":630},{\"@type\":\"BreadcrumbList\",\"@id\":\"https:\/\/kapitalis.com\/tunisie\/2023\/11\/22\/qui-peut-encore-justifier-les-crimes-de-guerre-des-israeliens\/#breadcrumb\",\"itemListElement\":[{\"@type\":\"ListItem\",\"position\":1,\"name\":\"Accueil\",\"item\":\"https:\/\/kapitalis.com\/tunisie\/\"},{\"@type\":\"ListItem\",\"position\":2,\"name\":\"Qui peut encore justifier les crimes de guerre des Isra\u00e9liens\u00a0?\"}]},{\"@type\":\"WebSite\",\"@id\":\"https:\/\/kapitalis.com\/tunisie\/#website\",\"url\":\"https:\/\/kapitalis.com\/tunisie\/\",\"name\":\"Kapitalis\",\"description\":\"L&#039;actualit\u00e9 en Tunisie et dans le monde\",\"publisher\":{\"@id\":\"https:\/\/kapitalis.com\/tunisie\/#organization\"},\"potentialAction\":[{\"@type\":\"SearchAction\",\"target\":{\"@type\":\"EntryPoint\",\"urlTemplate\":\"https:\/\/kapitalis.com\/tunisie\/?s={search_term_string}\"},\"query-input\":{\"@type\":\"PropertyValueSpecification\",\"valueRequired\":true,\"valueName\":\"search_term_string\"}}],\"inLanguage\":\"fr-FR\"},{\"@type\":\"Organization\",\"@id\":\"https:\/\/kapitalis.com\/tunisie\/#organization\",\"name\":\"Kapitalis\",\"url\":\"https:\/\/kapitalis.com\/tunisie\/\",\"logo\":{\"@type\":\"ImageObject\",\"inLanguage\":\"fr-FR\",\"@id\":\"https:\/\/kapitalis.com\/tunisie\/#\/schema\/logo\/image\/\",\"url\":\"https:\/\/kapitalis.com\/tunisie\/wp-content\/uploads\/2022\/05\/Kapitalis-big-size.png\",\"contentUrl\":\"https:\/\/kapitalis.com\/tunisie\/wp-content\/uploads\/2022\/05\/Kapitalis-big-size.png\",\"width\":5000,\"height\":1500,\"caption\":\"Kapitalis\"},\"image\":{\"@id\":\"https:\/\/kapitalis.com\/tunisie\/#\/schema\/logo\/image\/\"},\"sameAs\":[\"https:\/\/www.facebook.com\/KapitalisInfo\/\",\"https:\/\/x.com\/KapitalisInfo\",\"https:\/\/www.youtube.com\/channel\/UC-yDYrHyfFBWWZaOw3FPg9Q\"]},{\"@type\":\"Person\",\"@id\":\"https:\/\/kapitalis.com\/tunisie\/#\/schema\/person\/d71f33a9ca44f7bad4698210b480c8e9\",\"name\":\"webmaster kapitalis\",\"url\":\"https:\/\/kapitalis.com\/tunisie\/author\/webmaster-kapitalis\/\"}]}<\/script>\n<!-- \/ Yoast SEO plugin. -->","yoast_head_json":{"title":"Qui peut encore justifier les crimes de guerre des Isra\u00e9liens\u00a0? - Kapitalis","robots":{"index":"index","follow":"follow","max-snippet":"max-snippet:-1","max-image-preview":"max-image-preview:large","max-video-preview":"max-video-preview:-1"},"canonical":"https:\/\/kapitalis.com\/tunisie\/2023\/11\/22\/qui-peut-encore-justifier-les-crimes-de-guerre-des-israeliens\/","og_locale":"fr_FR","og_type":"article","og_title":"Qui peut encore justifier les crimes de guerre des Isra\u00e9liens\u00a0? - Kapitalis","og_description":"Le sionisme est enfin en voie d\u2019\u00eatre consid\u00e9r\u00e9 comme une entreprise coloniale hors la loi et de l\u2019histoire.","og_url":"https:\/\/kapitalis.com\/tunisie\/2023\/11\/22\/qui-peut-encore-justifier-les-crimes-de-guerre-des-israeliens\/","og_site_name":"Kapitalis","article_publisher":"https:\/\/www.facebook.com\/KapitalisInfo\/","article_published_time":"2023-11-22T09:38:07+00:00","article_modified_time":"2023-11-22T09:38:09+00:00","og_image":[{"width":1200,"height":630,"url":"https:\/\/kapitalis.com\/tunisie\/wp-content\/uploads\/2023\/11\/Netanyahou-Gaza.gif","type":"image\/gif"}],"author":"webmaster kapitalis","twitter_card":"summary_large_image","twitter_creator":"@KapitalisInfo","twitter_site":"@KapitalisInfo","twitter_misc":{"\u00c9crit par":"webmaster kapitalis","Dur\u00e9e de lecture estim\u00e9e":"3 minutes"},"schema":{"@context":"https:\/\/schema.org","@graph":[{"@type":"Article","@id":"https:\/\/kapitalis.com\/tunisie\/2023\/11\/22\/qui-peut-encore-justifier-les-crimes-de-guerre-des-israeliens\/#article","isPartOf":{"@id":"https:\/\/kapitalis.com\/tunisie\/2023\/11\/22\/qui-peut-encore-justifier-les-crimes-de-guerre-des-israeliens\/"},"author":{"name":"webmaster kapitalis","@id":"https:\/\/kapitalis.com\/tunisie\/#\/schema\/person\/d71f33a9ca44f7bad4698210b480c8e9"},"headline":"Qui peut encore justifier les crimes de guerre des Isra\u00e9liens\u00a0?","datePublished":"2023-11-22T09:38:07+00:00","dateModified":"2023-11-22T09:38:09+00:00","mainEntityOfPage":{"@id":"https:\/\/kapitalis.com\/tunisie\/2023\/11\/22\/qui-peut-encore-justifier-les-crimes-de-guerre-des-israeliens\/"},"wordCount":601,"commentCount":3,"publisher":{"@id":"https:\/\/kapitalis.com\/tunisie\/#organization"},"image":{"@id":"https:\/\/kapitalis.com\/tunisie\/2023\/11\/22\/qui-peut-encore-justifier-les-crimes-de-guerre-des-israeliens\/#primaryimage"},"thumbnailUrl":"https:\/\/kapitalis.com\/tunisie\/wp-content\/uploads\/2023\/11\/Netanyahou-Gaza.gif","keywords":["Benyamin Netanyahu","crimes contre l\u2019humanit\u00e9","crimes de guerre","Etats Unis","Gaza","h\u00f4pital Al-Chifa","Isra\u00ebl","Nicolae Ceau\u0219escu","Palestiniens","projet sioniste","Volodymyr Zelensky"],"articleSection":["A LA UNE","POLITIQUE","TRIBUNE","Tunisie"],"inLanguage":"fr-FR","potentialAction":[{"@type":"CommentAction","name":"Comment","target":["https:\/\/kapitalis.com\/tunisie\/2023\/11\/22\/qui-peut-encore-justifier-les-crimes-de-guerre-des-israeliens\/#respond"]}]},{"@type":"WebPage","@id":"https:\/\/kapitalis.com\/tunisie\/2023\/11\/22\/qui-peut-encore-justifier-les-crimes-de-guerre-des-israeliens\/","url":"https:\/\/kapitalis.com\/tunisie\/2023\/11\/22\/qui-peut-encore-justifier-les-crimes-de-guerre-des-israeliens\/","name":"Qui peut encore justifier les crimes de guerre des Isra\u00e9liens\u00a0? - Kapitalis","isPartOf":{"@id":"https:\/\/kapitalis.com\/tunisie\/#website"},"primaryImageOfPage":{"@id":"https:\/\/kapitalis.com\/tunisie\/2023\/11\/22\/qui-peut-encore-justifier-les-crimes-de-guerre-des-israeliens\/#primaryimage"},"image":{"@id":"https:\/\/kapitalis.com\/tunisie\/2023\/11\/22\/qui-peut-encore-justifier-les-crimes-de-guerre-des-israeliens\/#primaryimage"},"thumbnailUrl":"https:\/\/kapitalis.com\/tunisie\/wp-content\/uploads\/2023\/11\/Netanyahou-Gaza.gif","datePublished":"2023-11-22T09:38:07+00:00","dateModified":"2023-11-22T09:38:09+00:00","breadcrumb":{"@id":"https:\/\/kapitalis.com\/tunisie\/2023\/11\/22\/qui-peut-encore-justifier-les-crimes-de-guerre-des-israeliens\/#breadcrumb"},"inLanguage":"fr-FR","potentialAction":[{"@type":"ReadAction","target":["https:\/\/kapitalis.com\/tunisie\/2023\/11\/22\/qui-peut-encore-justifier-les-crimes-de-guerre-des-israeliens\/"]}]},{"@type":"ImageObject","inLanguage":"fr-FR","@id":"https:\/\/kapitalis.com\/tunisie\/2023\/11\/22\/qui-peut-encore-justifier-les-crimes-de-guerre-des-israeliens\/#primaryimage","url":"https:\/\/kapitalis.com\/tunisie\/wp-content\/uploads\/2023\/11\/Netanyahou-Gaza.gif","contentUrl":"https:\/\/kapitalis.com\/tunisie\/wp-content\/uploads\/2023\/11\/Netanyahou-Gaza.gif","width":1200,"height":630},{"@type":"BreadcrumbList","@id":"https:\/\/kapitalis.com\/tunisie\/2023\/11\/22\/qui-peut-encore-justifier-les-crimes-de-guerre-des-israeliens\/#breadcrumb","itemListElement":[{"@type":"ListItem","position":1,"name":"Accueil","item":"https:\/\/kapitalis.com\/tunisie\/"},{"@type":"ListItem","position":2,"name":"Qui peut encore justifier les crimes de guerre des Isra\u00e9liens\u00a0?"}]},{"@type":"WebSite","@id":"https:\/\/kapitalis.com\/tunisie\/#website","url":"https:\/\/kapitalis.com\/tunisie\/","name":"Kapitalis","description":"L&#039;actualit\u00e9 en Tunisie et dans le monde","publisher":{"@id":"https:\/\/kapitalis.com\/tunisie\/#organization"},"potentialAction":[{"@type":"SearchAction","target":{"@type":"EntryPoint","urlTemplate":"https:\/\/kapitalis.com\/tunisie\/?s={search_term_string}"},"query-input":{"@type":"PropertyValueSpecification","valueRequired":true,"valueName":"search_term_string"}}],"inLanguage":"fr-FR"},{"@type":"Organization","@id":"https:\/\/kapitalis.com\/tunisie\/#organization","name":"Kapitalis","url":"https:\/\/kapitalis.com\/tunisie\/","logo":{"@type":"ImageObject","inLanguage":"fr-FR","@id":"https:\/\/kapitalis.com\/tunisie\/#\/schema\/logo\/image\/","url":"https:\/\/kapitalis.com\/tunisie\/wp-content\/uploads\/2022\/05\/Kapitalis-big-size.png","contentUrl":"https:\/\/kapitalis.com\/tunisie\/wp-content\/uploads\/2022\/05\/Kapitalis-big-size.png","width":5000,"height":1500,"caption":"Kapitalis"},"image":{"@id":"https:\/\/kapitalis.com\/tunisie\/#\/schema\/logo\/image\/"},"sameAs":["https:\/\/www.facebook.com\/KapitalisInfo\/","https:\/\/x.com\/KapitalisInfo","https:\/\/www.youtube.com\/channel\/UC-yDYrHyfFBWWZaOw3FPg9Q"]},{"@type":"Person","@id":"https:\/\/kapitalis.com\/tunisie\/#\/schema\/person\/d71f33a9ca44f7bad4698210b480c8e9","name":"webmaster kapitalis","url":"https:\/\/kapitalis.com\/tunisie\/author\/webmaster-kapitalis\/"}]}},"_links":{"self":[{"href":"https:\/\/kapitalis.com\/tunisie\/wp-json\/wp\/v2\/posts\/10636230","targetHints":{"allow":["GET"]}}],"collection":[{"href":"https:\/\/kapitalis.com\/tunisie\/wp-json\/wp\/v2\/posts"}],"about":[{"href":"https:\/\/kapitalis.com\/tunisie\/wp-json\/wp\/v2\/types\/post"}],"author":[{"embeddable":true,"href":"https:\/\/kapitalis.com\/tunisie\/wp-json\/wp\/v2\/users\/8"}],"replies":[{"embeddable":true,"href":"https:\/\/kapitalis.com\/tunisie\/wp-json\/wp\/v2\/comments?post=10636230"}],"version-history":[{"count":1,"href":"https:\/\/kapitalis.com\/tunisie\/wp-json\/wp\/v2\/posts\/10636230\/revisions"}],"predecessor-version":[{"id":10636334,"href":"https:\/\/kapitalis.com\/tunisie\/wp-json\/wp\/v2\/posts\/10636230\/revisions\/10636334"}],"wp:featuredmedia":[{"embeddable":true,"href":"https:\/\/kapitalis.com\/tunisie\/wp-json\/wp\/v2\/media\/10342652"}],"wp:attachment":[{"href":"https:\/\/kapitalis.com\/tunisie\/wp-json\/wp\/v2\/media?parent=10636230"}],"wp:term":[{"taxonomy":"category","embeddable":true,"href":"https:\/\/kapitalis.com\/tunisie\/wp-json\/wp\/v2\/categories?post=10636230"},{"taxonomy":"post_tag","embeddable":true,"href":"https:\/\/kapitalis.com\/tunisie\/wp-json\/wp\/v2\/tags?post=10636230"}],"curies":[{"name":"wp","href":"https:\/\/api.w.org\/{rel}","templated":true}]}}