{"id":10645030,"date":"2023-11-23T09:43:09","date_gmt":"2023-11-23T08:43:09","guid":{"rendered":"https:\/\/kapitalis.com\/tunisie\/?p=10645030"},"modified":"2023-11-23T09:43:11","modified_gmt":"2023-11-23T08:43:11","slug":"susan-sarandon-sanctionnees-pour-avoir-defendu-les-droits-des-palestiniens","status":"publish","type":"post","link":"https:\/\/kapitalis.com\/tunisie\/2023\/11\/23\/susan-sarandon-sanctionnees-pour-avoir-defendu-les-droits-des-palestiniens\/","title":{"rendered":"Susan Sarandon sanctionn\u00e9es pour avoir d\u00e9fendu les droits des Palestiniens"},"content":{"rendered":"\n<p><strong><em>L\u2019actrice laur\u00e9ate d\u2019un oscar en 1996 pour son r\u00f4le dans \u00abLa derni\u00e8re marche\u00bb a \u00e9t\u00e9 \u00e9cart\u00e9e par l\u2019agence qui la repr\u00e9sente apr\u00e8s avoir tenu des propos anti-isra\u00e9liens lors d\u2019un rassemblement pro-Palestine \u00e0 New York.<\/em><\/strong><\/p>\n\n\n\n<!--more-->\n\n\n\n<p>Dans le climat d\u2019inquisition que font r\u00e9gner les lobbies sionistes dans les pays occidentaux et notamment aux Etats-Unis, les prises de position sur la&nbsp;guerre d\u2019Isra\u00ebl contre Gaza peuvent co\u00fbter tr\u00e8s cher. L\u2019actrice am\u00e9ricaine&nbsp;Susan Sarandon vient d\u2019en faire l\u2019exp\u00e9rience \u00e0 ses d\u00e9pens en \u00e9tant exclue de la r\u00e9put\u00e9e agence d\u2019artistes UTA (United Talent Agency) apr\u00e8s avoir tenu des propos lors d\u2019un r\u00e9cent rassemblement pro-palestinien \u00e0 New York, selon la revue&nbsp;<a href=\"https:\/\/deadline.com\/2023\/11\/susan-sarandon-pro-palestinian-remarks-uta-dropped-1235632398\/\" target=\"_blank\" rel=\"noreferrer noopener\">Deadline<\/a>.<\/p>\n\n\n\n<p><em>\u00ab<\/em><em>Il y a beaucoup de gens qui ont peur d\u2019\u00eatre juifs en ce moment, et ils ont un avant-go\u00fbt de ce que \u00e7a fait d\u2019\u00eatre un musulma<\/em><em>n dans ce pays<\/em><em>\u00bb<\/em>, avait-elle d\u00e9clar\u00e9, avant d\u2019ajouter : <em>\u00ab<\/em><em>Tellement de gens ne comprennent pas le contexte dans lequel cet assaut du 7 octobre est survenu. Tellement de gens ne comprennent pas ce qui est arriv\u00e9 au peu<\/em><em>ple palestinien dans l\u2019Histoire<\/em><em>\u00bb<\/em>.<\/p>\n\n\n\n<p>L\u2019actrice de 77 ans qui avait d\u00e9j\u00e0 particip\u00e9 \u00e0 plusieurs&nbsp;manifestations en soutien \u00e0 la Palestine&nbsp;depuis&nbsp;l\u2019attaque du Hamas le 7 octobre&nbsp;est critiqu\u00e9e depuis plusieurs semaines suite aux innombrables messages pro-palestiniens post\u00e9s sur son compte sur ses r\u00e9seaux sociaux.<\/p>\n\n\n\n<p>L\u2019actrice \u00e9tait cliente d\u2019UTA depuis 2014. Son renvoi est un exemple parmi d\u2019autres ces derni\u00e8res semaines d\u2019agences artistiques ou productions qui ont pris la d\u00e9cision de mettre fin \u00e0 des collaborations suite \u00e0 des prises de position publiques sur le conflit.<\/p>\n\n\n\n<p>L\u2019actrice Melissa Barrera, qui devait jouer dans le film<em> \u2018\u2018Scream VII\u2019\u2019<\/em>, vient d\u2019\u00eatre renvoy\u00e9e apr\u00e8s une prise de position en faveur de la Palestine affich\u00e9e sur Instagram.<\/p>\n\n\n\n<p>Le mois dernier, Maha Dakhil, r\u00e9put\u00e9e pour \u00eatre l\u2019une des meilleures agentes de la CAA (Creative Artists Agency) et qui repr\u00e9sente notamment Tom Cruise ou&nbsp;Natalie Portman, a d\u00e9missionn\u00e9 du conseil d\u2019administration de l\u2019agence apr\u00e8s avoir republi\u00e9 une story sur Instagram qui indiquait : <em>\u00abVous \u00eates en train d\u2019apprendre qui soutient le g\u00e9nocide.\u00bb<\/em><\/p>\n\n\n\n<p class=\"has-text-align-right\"><strong>I. B.<\/strong><em> (avec <a href=\"https:\/\/www.leparisien.fr\/culture-loisirs\/cinema\/lactrice-americaine-susan-sarandon-ecartee-par-son-agence-apres-ses-propos-contre-israel-22-11-2023-ITQSKCS37NBS7LI4JLPBZHR7Q4.php?fbclid=IwAR0-wef0-uXAijbMIw5a0ALxu10NcSbaYyK4k0Y4mVDRi289fsUZXxQEy3Y\" target=\"_blank\" rel=\"noreferrer noopener\">Le Parisien.<\/a>).<\/em><\/p>\n\n\n\n<figure class=\"wp-block-embed is-type-wp-embed is-provider-kapitalis wp-block-embed-kapitalis\"><div class=\"wp-block-embed__wrapper\">\n<blockquote class=\"wp-embedded-content\" data-secret=\"sGrLo40TGA\"><a href=\"https:\/\/kapitalis.com\/tunisie\/2023\/11\/23\/climat-de-peur-aux-etats-unis-la-harvard-law-review-censure-un-article-sur-le-genocide-a-gaza\/\">Climat de peur aux Etats-Unis\u00a0: la Harvard Law Review censure un article sur le g\u00e9nocide \u00e0 Gaza<\/a><\/blockquote><iframe loading=\"lazy\" class=\"wp-embedded-content\" sandbox=\"allow-scripts\" security=\"restricted\" style=\"position: absolute; clip: rect(1px, 1px, 1px, 1px);\" title=\"\u00ab\u00a0Climat de peur aux Etats-Unis\u00a0: la Harvard Law Review censure un article sur le g\u00e9nocide \u00e0 Gaza\u00a0\u00bb &#8212; Kapitalis\" src=\"https:\/\/kapitalis.com\/tunisie\/2023\/11\/23\/climat-de-peur-aux-etats-unis-la-harvard-law-review-censure-un-article-sur-le-genocide-a-gaza\/embed\/#?secret=3A46CRFQp9#?secret=sGrLo40TGA\" data-secret=\"sGrLo40TGA\" width=\"600\" height=\"338\" frameborder=\"0\" marginwidth=\"0\" marginheight=\"0\" scrolling=\"no\"><\/iframe>\n<\/div><\/figure>\n","protected":false},"excerpt":{"rendered":"<p>L&rsquo;actrice am\u00e9ricaine Susan Sarandon \u00e9cart\u00e9e par l\u2019agence UTA pour avoir tenu des propos anti-isra\u00e9lien lors d\u2019un rassemblement pro-Palestine \u00e0 New York.<\/p>\n","protected":false},"author":8,"featured_media":10645123,"comment_status":"open","ping_status":"open","sticky":false,"template":"","format":"standard","meta":{"footnotes":""},"categories":[994,997,2433],"tags":[112424,2444,26195,2478,112423,112422,4026,2739,112420,112421],"class_list":["post-10645030","post","type-post","status-publish","format-standard","has-post-thumbnail","hentry","category-culture","category-politique","category-tunisie","tag-caa","tag-gaza","tag-hamas","tag-israel","tag-maha-dakhil","tag-melissa-barrera","tag-palestine","tag-palestiniens","tag-susan-sarandon","tag-uta"],"yoast_head":"<!-- This site is optimized with the Yoast SEO plugin v26.6 - https:\/\/yoast.com\/wordpress\/plugins\/seo\/ -->\n<title>Susan Sarandon sanctionn\u00e9es pour avoir d\u00e9fendu les droits des Palestiniens - Kapitalis<\/title>\n<meta name=\"robots\" content=\"index, follow, max-snippet:-1, max-image-preview:large, max-video-preview:-1\" \/>\n<link rel=\"canonical\" href=\"https:\/\/kapitalis.com\/tunisie\/2023\/11\/23\/susan-sarandon-sanctionnees-pour-avoir-defendu-les-droits-des-palestiniens\/\" \/>\n<meta property=\"og:locale\" content=\"fr_FR\" \/>\n<meta property=\"og:type\" content=\"article\" \/>\n<meta property=\"og:title\" content=\"Susan Sarandon sanctionn\u00e9es pour avoir d\u00e9fendu les droits des Palestiniens - Kapitalis\" \/>\n<meta property=\"og:description\" content=\"L&#039;actrice am\u00e9ricaine Susan Sarandon \u00e9cart\u00e9e par l\u2019agence UTA pour avoir tenu des propos anti-isra\u00e9lien lors d\u2019un rassemblement pro-Palestine \u00e0 New York.\" \/>\n<meta property=\"og:url\" content=\"https:\/\/kapitalis.com\/tunisie\/2023\/11\/23\/susan-sarandon-sanctionnees-pour-avoir-defendu-les-droits-des-palestiniens\/\" \/>\n<meta property=\"og:site_name\" content=\"Kapitalis\" \/>\n<meta property=\"article:publisher\" content=\"https:\/\/www.facebook.com\/KapitalisInfo\/\" \/>\n<meta property=\"article:published_time\" content=\"2023-11-23T08:43:09+00:00\" \/>\n<meta property=\"article:modified_time\" content=\"2023-11-23T08:43:11+00:00\" \/>\n<meta property=\"og:image\" content=\"https:\/\/kapitalis.com\/tunisie\/wp-content\/uploads\/2023\/11\/Susan-Sarandon-Palestine.jpg\" \/>\n\t<meta property=\"og:image:width\" content=\"1200\" \/>\n\t<meta property=\"og:image:height\" content=\"630\" \/>\n\t<meta property=\"og:image:type\" content=\"image\/jpeg\" \/>\n<meta name=\"author\" content=\"webmaster kapitalis\" \/>\n<meta name=\"twitter:card\" content=\"summary_large_image\" \/>\n<meta name=\"twitter:creator\" content=\"@KapitalisInfo\" \/>\n<meta name=\"twitter:site\" content=\"@KapitalisInfo\" \/>\n<meta name=\"twitter:label1\" content=\"\u00c9crit par\" \/>\n\t<meta name=\"twitter:data1\" content=\"webmaster kapitalis\" \/>\n\t<meta name=\"twitter:label2\" content=\"Dur\u00e9e de lecture estim\u00e9e\" \/>\n\t<meta name=\"twitter:data2\" content=\"2 minutes\" \/>\n<script type=\"application\/ld+json\" class=\"yoast-schema-graph\">{\"@context\":\"https:\/\/schema.org\",\"@graph\":[{\"@type\":\"Article\",\"@id\":\"https:\/\/kapitalis.com\/tunisie\/2023\/11\/23\/susan-sarandon-sanctionnees-pour-avoir-defendu-les-droits-des-palestiniens\/#article\",\"isPartOf\":{\"@id\":\"https:\/\/kapitalis.com\/tunisie\/2023\/11\/23\/susan-sarandon-sanctionnees-pour-avoir-defendu-les-droits-des-palestiniens\/\"},\"author\":{\"name\":\"webmaster kapitalis\",\"@id\":\"https:\/\/kapitalis.com\/tunisie\/#\/schema\/person\/d71f33a9ca44f7bad4698210b480c8e9\"},\"headline\":\"Susan Sarandon sanctionn\u00e9es pour avoir d\u00e9fendu les droits des Palestiniens\",\"datePublished\":\"2023-11-23T08:43:09+00:00\",\"dateModified\":\"2023-11-23T08:43:11+00:00\",\"mainEntityOfPage\":{\"@id\":\"https:\/\/kapitalis.com\/tunisie\/2023\/11\/23\/susan-sarandon-sanctionnees-pour-avoir-defendu-les-droits-des-palestiniens\/\"},\"wordCount\":415,\"commentCount\":0,\"publisher\":{\"@id\":\"https:\/\/kapitalis.com\/tunisie\/#organization\"},\"image\":{\"@id\":\"https:\/\/kapitalis.com\/tunisie\/2023\/11\/23\/susan-sarandon-sanctionnees-pour-avoir-defendu-les-droits-des-palestiniens\/#primaryimage\"},\"thumbnailUrl\":\"https:\/\/kapitalis.com\/tunisie\/wp-content\/uploads\/2023\/11\/Susan-Sarandon-Palestine.jpg\",\"keywords\":[\"CAA\",\"Gaza\",\"Hamas\",\"Isra\u00ebl\",\"Maha Dakhil\",\"Melissa Barrera\",\"Palestine\",\"Palestiniens\",\"Susan Sarandon\",\"UTA\"],\"articleSection\":[\"CULTURE\",\"POLITIQUE\",\"Tunisie\"],\"inLanguage\":\"fr-FR\",\"potentialAction\":[{\"@type\":\"CommentAction\",\"name\":\"Comment\",\"target\":[\"https:\/\/kapitalis.com\/tunisie\/2023\/11\/23\/susan-sarandon-sanctionnees-pour-avoir-defendu-les-droits-des-palestiniens\/#respond\"]}]},{\"@type\":\"WebPage\",\"@id\":\"https:\/\/kapitalis.com\/tunisie\/2023\/11\/23\/susan-sarandon-sanctionnees-pour-avoir-defendu-les-droits-des-palestiniens\/\",\"url\":\"https:\/\/kapitalis.com\/tunisie\/2023\/11\/23\/susan-sarandon-sanctionnees-pour-avoir-defendu-les-droits-des-palestiniens\/\",\"name\":\"Susan Sarandon sanctionn\u00e9es pour avoir d\u00e9fendu les droits des Palestiniens - Kapitalis\",\"isPartOf\":{\"@id\":\"https:\/\/kapitalis.com\/tunisie\/#website\"},\"primaryImageOfPage\":{\"@id\":\"https:\/\/kapitalis.com\/tunisie\/2023\/11\/23\/susan-sarandon-sanctionnees-pour-avoir-defendu-les-droits-des-palestiniens\/#primaryimage\"},\"image\":{\"@id\":\"https:\/\/kapitalis.com\/tunisie\/2023\/11\/23\/susan-sarandon-sanctionnees-pour-avoir-defendu-les-droits-des-palestiniens\/#primaryimage\"},\"thumbnailUrl\":\"https:\/\/kapitalis.com\/tunisie\/wp-content\/uploads\/2023\/11\/Susan-Sarandon-Palestine.jpg\",\"datePublished\":\"2023-11-23T08:43:09+00:00\",\"dateModified\":\"2023-11-23T08:43:11+00:00\",\"breadcrumb\":{\"@id\":\"https:\/\/kapitalis.com\/tunisie\/2023\/11\/23\/susan-sarandon-sanctionnees-pour-avoir-defendu-les-droits-des-palestiniens\/#breadcrumb\"},\"inLanguage\":\"fr-FR\",\"potentialAction\":[{\"@type\":\"ReadAction\",\"target\":[\"https:\/\/kapitalis.com\/tunisie\/2023\/11\/23\/susan-sarandon-sanctionnees-pour-avoir-defendu-les-droits-des-palestiniens\/\"]}]},{\"@type\":\"ImageObject\",\"inLanguage\":\"fr-FR\",\"@id\":\"https:\/\/kapitalis.com\/tunisie\/2023\/11\/23\/susan-sarandon-sanctionnees-pour-avoir-defendu-les-droits-des-palestiniens\/#primaryimage\",\"url\":\"https:\/\/kapitalis.com\/tunisie\/wp-content\/uploads\/2023\/11\/Susan-Sarandon-Palestine.jpg\",\"contentUrl\":\"https:\/\/kapitalis.com\/tunisie\/wp-content\/uploads\/2023\/11\/Susan-Sarandon-Palestine.jpg\",\"width\":1200,\"height\":630},{\"@type\":\"BreadcrumbList\",\"@id\":\"https:\/\/kapitalis.com\/tunisie\/2023\/11\/23\/susan-sarandon-sanctionnees-pour-avoir-defendu-les-droits-des-palestiniens\/#breadcrumb\",\"itemListElement\":[{\"@type\":\"ListItem\",\"position\":1,\"name\":\"Accueil\",\"item\":\"https:\/\/kapitalis.com\/tunisie\/\"},{\"@type\":\"ListItem\",\"position\":2,\"name\":\"Susan Sarandon sanctionn\u00e9es pour avoir d\u00e9fendu les droits des Palestiniens\"}]},{\"@type\":\"WebSite\",\"@id\":\"https:\/\/kapitalis.com\/tunisie\/#website\",\"url\":\"https:\/\/kapitalis.com\/tunisie\/\",\"name\":\"Kapitalis\",\"description\":\"L&#039;actualit\u00e9 en Tunisie et dans le monde\",\"publisher\":{\"@id\":\"https:\/\/kapitalis.com\/tunisie\/#organization\"},\"potentialAction\":[{\"@type\":\"SearchAction\",\"target\":{\"@type\":\"EntryPoint\",\"urlTemplate\":\"https:\/\/kapitalis.com\/tunisie\/?s={search_term_string}\"},\"query-input\":{\"@type\":\"PropertyValueSpecification\",\"valueRequired\":true,\"valueName\":\"search_term_string\"}}],\"inLanguage\":\"fr-FR\"},{\"@type\":\"Organization\",\"@id\":\"https:\/\/kapitalis.com\/tunisie\/#organization\",\"name\":\"Kapitalis\",\"url\":\"https:\/\/kapitalis.com\/tunisie\/\",\"logo\":{\"@type\":\"ImageObject\",\"inLanguage\":\"fr-FR\",\"@id\":\"https:\/\/kapitalis.com\/tunisie\/#\/schema\/logo\/image\/\",\"url\":\"https:\/\/kapitalis.com\/tunisie\/wp-content\/uploads\/2022\/05\/Kapitalis-big-size.png\",\"contentUrl\":\"https:\/\/kapitalis.com\/tunisie\/wp-content\/uploads\/2022\/05\/Kapitalis-big-size.png\",\"width\":5000,\"height\":1500,\"caption\":\"Kapitalis\"},\"image\":{\"@id\":\"https:\/\/kapitalis.com\/tunisie\/#\/schema\/logo\/image\/\"},\"sameAs\":[\"https:\/\/www.facebook.com\/KapitalisInfo\/\",\"https:\/\/x.com\/KapitalisInfo\",\"https:\/\/www.youtube.com\/channel\/UC-yDYrHyfFBWWZaOw3FPg9Q\"]},{\"@type\":\"Person\",\"@id\":\"https:\/\/kapitalis.com\/tunisie\/#\/schema\/person\/d71f33a9ca44f7bad4698210b480c8e9\",\"name\":\"webmaster kapitalis\",\"url\":\"https:\/\/kapitalis.com\/tunisie\/author\/webmaster-kapitalis\/\"}]}<\/script>\n<!-- \/ Yoast SEO plugin. -->","yoast_head_json":{"title":"Susan Sarandon sanctionn\u00e9es pour avoir d\u00e9fendu les droits des Palestiniens - Kapitalis","robots":{"index":"index","follow":"follow","max-snippet":"max-snippet:-1","max-image-preview":"max-image-preview:large","max-video-preview":"max-video-preview:-1"},"canonical":"https:\/\/kapitalis.com\/tunisie\/2023\/11\/23\/susan-sarandon-sanctionnees-pour-avoir-defendu-les-droits-des-palestiniens\/","og_locale":"fr_FR","og_type":"article","og_title":"Susan Sarandon sanctionn\u00e9es pour avoir d\u00e9fendu les droits des Palestiniens - Kapitalis","og_description":"L'actrice am\u00e9ricaine Susan Sarandon \u00e9cart\u00e9e par l\u2019agence UTA pour avoir tenu des propos anti-isra\u00e9lien lors d\u2019un rassemblement pro-Palestine \u00e0 New York.","og_url":"https:\/\/kapitalis.com\/tunisie\/2023\/11\/23\/susan-sarandon-sanctionnees-pour-avoir-defendu-les-droits-des-palestiniens\/","og_site_name":"Kapitalis","article_publisher":"https:\/\/www.facebook.com\/KapitalisInfo\/","article_published_time":"2023-11-23T08:43:09+00:00","article_modified_time":"2023-11-23T08:43:11+00:00","og_image":[{"width":1200,"height":630,"url":"https:\/\/kapitalis.com\/tunisie\/wp-content\/uploads\/2023\/11\/Susan-Sarandon-Palestine.jpg","type":"image\/jpeg"}],"author":"webmaster kapitalis","twitter_card":"summary_large_image","twitter_creator":"@KapitalisInfo","twitter_site":"@KapitalisInfo","twitter_misc":{"\u00c9crit par":"webmaster kapitalis","Dur\u00e9e de lecture estim\u00e9e":"2 minutes"},"schema":{"@context":"https:\/\/schema.org","@graph":[{"@type":"Article","@id":"https:\/\/kapitalis.com\/tunisie\/2023\/11\/23\/susan-sarandon-sanctionnees-pour-avoir-defendu-les-droits-des-palestiniens\/#article","isPartOf":{"@id":"https:\/\/kapitalis.com\/tunisie\/2023\/11\/23\/susan-sarandon-sanctionnees-pour-avoir-defendu-les-droits-des-palestiniens\/"},"author":{"name":"webmaster kapitalis","@id":"https:\/\/kapitalis.com\/tunisie\/#\/schema\/person\/d71f33a9ca44f7bad4698210b480c8e9"},"headline":"Susan Sarandon sanctionn\u00e9es pour avoir d\u00e9fendu les droits des Palestiniens","datePublished":"2023-11-23T08:43:09+00:00","dateModified":"2023-11-23T08:43:11+00:00","mainEntityOfPage":{"@id":"https:\/\/kapitalis.com\/tunisie\/2023\/11\/23\/susan-sarandon-sanctionnees-pour-avoir-defendu-les-droits-des-palestiniens\/"},"wordCount":415,"commentCount":0,"publisher":{"@id":"https:\/\/kapitalis.com\/tunisie\/#organization"},"image":{"@id":"https:\/\/kapitalis.com\/tunisie\/2023\/11\/23\/susan-sarandon-sanctionnees-pour-avoir-defendu-les-droits-des-palestiniens\/#primaryimage"},"thumbnailUrl":"https:\/\/kapitalis.com\/tunisie\/wp-content\/uploads\/2023\/11\/Susan-Sarandon-Palestine.jpg","keywords":["CAA","Gaza","Hamas","Isra\u00ebl","Maha Dakhil","Melissa Barrera","Palestine","Palestiniens","Susan Sarandon","UTA"],"articleSection":["CULTURE","POLITIQUE","Tunisie"],"inLanguage":"fr-FR","potentialAction":[{"@type":"CommentAction","name":"Comment","target":["https:\/\/kapitalis.com\/tunisie\/2023\/11\/23\/susan-sarandon-sanctionnees-pour-avoir-defendu-les-droits-des-palestiniens\/#respond"]}]},{"@type":"WebPage","@id":"https:\/\/kapitalis.com\/tunisie\/2023\/11\/23\/susan-sarandon-sanctionnees-pour-avoir-defendu-les-droits-des-palestiniens\/","url":"https:\/\/kapitalis.com\/tunisie\/2023\/11\/23\/susan-sarandon-sanctionnees-pour-avoir-defendu-les-droits-des-palestiniens\/","name":"Susan Sarandon sanctionn\u00e9es pour avoir d\u00e9fendu les droits des Palestiniens - Kapitalis","isPartOf":{"@id":"https:\/\/kapitalis.com\/tunisie\/#website"},"primaryImageOfPage":{"@id":"https:\/\/kapitalis.com\/tunisie\/2023\/11\/23\/susan-sarandon-sanctionnees-pour-avoir-defendu-les-droits-des-palestiniens\/#primaryimage"},"image":{"@id":"https:\/\/kapitalis.com\/tunisie\/2023\/11\/23\/susan-sarandon-sanctionnees-pour-avoir-defendu-les-droits-des-palestiniens\/#primaryimage"},"thumbnailUrl":"https:\/\/kapitalis.com\/tunisie\/wp-content\/uploads\/2023\/11\/Susan-Sarandon-Palestine.jpg","datePublished":"2023-11-23T08:43:09+00:00","dateModified":"2023-11-23T08:43:11+00:00","breadcrumb":{"@id":"https:\/\/kapitalis.com\/tunisie\/2023\/11\/23\/susan-sarandon-sanctionnees-pour-avoir-defendu-les-droits-des-palestiniens\/#breadcrumb"},"inLanguage":"fr-FR","potentialAction":[{"@type":"ReadAction","target":["https:\/\/kapitalis.com\/tunisie\/2023\/11\/23\/susan-sarandon-sanctionnees-pour-avoir-defendu-les-droits-des-palestiniens\/"]}]},{"@type":"ImageObject","inLanguage":"fr-FR","@id":"https:\/\/kapitalis.com\/tunisie\/2023\/11\/23\/susan-sarandon-sanctionnees-pour-avoir-defendu-les-droits-des-palestiniens\/#primaryimage","url":"https:\/\/kapitalis.com\/tunisie\/wp-content\/uploads\/2023\/11\/Susan-Sarandon-Palestine.jpg","contentUrl":"https:\/\/kapitalis.com\/tunisie\/wp-content\/uploads\/2023\/11\/Susan-Sarandon-Palestine.jpg","width":1200,"height":630},{"@type":"BreadcrumbList","@id":"https:\/\/kapitalis.com\/tunisie\/2023\/11\/23\/susan-sarandon-sanctionnees-pour-avoir-defendu-les-droits-des-palestiniens\/#breadcrumb","itemListElement":[{"@type":"ListItem","position":1,"name":"Accueil","item":"https:\/\/kapitalis.com\/tunisie\/"},{"@type":"ListItem","position":2,"name":"Susan Sarandon sanctionn\u00e9es pour avoir d\u00e9fendu les droits des Palestiniens"}]},{"@type":"WebSite","@id":"https:\/\/kapitalis.com\/tunisie\/#website","url":"https:\/\/kapitalis.com\/tunisie\/","name":"Kapitalis","description":"L&#039;actualit\u00e9 en Tunisie et dans le monde","publisher":{"@id":"https:\/\/kapitalis.com\/tunisie\/#organization"},"potentialAction":[{"@type":"SearchAction","target":{"@type":"EntryPoint","urlTemplate":"https:\/\/kapitalis.com\/tunisie\/?s={search_term_string}"},"query-input":{"@type":"PropertyValueSpecification","valueRequired":true,"valueName":"search_term_string"}}],"inLanguage":"fr-FR"},{"@type":"Organization","@id":"https:\/\/kapitalis.com\/tunisie\/#organization","name":"Kapitalis","url":"https:\/\/kapitalis.com\/tunisie\/","logo":{"@type":"ImageObject","inLanguage":"fr-FR","@id":"https:\/\/kapitalis.com\/tunisie\/#\/schema\/logo\/image\/","url":"https:\/\/kapitalis.com\/tunisie\/wp-content\/uploads\/2022\/05\/Kapitalis-big-size.png","contentUrl":"https:\/\/kapitalis.com\/tunisie\/wp-content\/uploads\/2022\/05\/Kapitalis-big-size.png","width":5000,"height":1500,"caption":"Kapitalis"},"image":{"@id":"https:\/\/kapitalis.com\/tunisie\/#\/schema\/logo\/image\/"},"sameAs":["https:\/\/www.facebook.com\/KapitalisInfo\/","https:\/\/x.com\/KapitalisInfo","https:\/\/www.youtube.com\/channel\/UC-yDYrHyfFBWWZaOw3FPg9Q"]},{"@type":"Person","@id":"https:\/\/kapitalis.com\/tunisie\/#\/schema\/person\/d71f33a9ca44f7bad4698210b480c8e9","name":"webmaster kapitalis","url":"https:\/\/kapitalis.com\/tunisie\/author\/webmaster-kapitalis\/"}]}},"_links":{"self":[{"href":"https:\/\/kapitalis.com\/tunisie\/wp-json\/wp\/v2\/posts\/10645030","targetHints":{"allow":["GET"]}}],"collection":[{"href":"https:\/\/kapitalis.com\/tunisie\/wp-json\/wp\/v2\/posts"}],"about":[{"href":"https:\/\/kapitalis.com\/tunisie\/wp-json\/wp\/v2\/types\/post"}],"author":[{"embeddable":true,"href":"https:\/\/kapitalis.com\/tunisie\/wp-json\/wp\/v2\/users\/8"}],"replies":[{"embeddable":true,"href":"https:\/\/kapitalis.com\/tunisie\/wp-json\/wp\/v2\/comments?post=10645030"}],"version-history":[{"count":1,"href":"https:\/\/kapitalis.com\/tunisie\/wp-json\/wp\/v2\/posts\/10645030\/revisions"}],"predecessor-version":[{"id":10645158,"href":"https:\/\/kapitalis.com\/tunisie\/wp-json\/wp\/v2\/posts\/10645030\/revisions\/10645158"}],"wp:featuredmedia":[{"embeddable":true,"href":"https:\/\/kapitalis.com\/tunisie\/wp-json\/wp\/v2\/media\/10645123"}],"wp:attachment":[{"href":"https:\/\/kapitalis.com\/tunisie\/wp-json\/wp\/v2\/media?parent=10645030"}],"wp:term":[{"taxonomy":"category","embeddable":true,"href":"https:\/\/kapitalis.com\/tunisie\/wp-json\/wp\/v2\/categories?post=10645030"},{"taxonomy":"post_tag","embeddable":true,"href":"https:\/\/kapitalis.com\/tunisie\/wp-json\/wp\/v2\/tags?post=10645030"}],"curies":[{"name":"wp","href":"https:\/\/api.w.org\/{rel}","templated":true}]}}