{"id":10648142,"date":"2023-11-22T23:30:00","date_gmt":"2023-11-22T22:30:00","guid":{"rendered":"https:\/\/kapitalis.com\/tunisie\/?p=10648142"},"modified":"2023-11-23T13:48:14","modified_gmt":"2023-11-23T12:48:14","slug":"marathon-comar-2023-j-11-tunis-court-chante-et-danse","status":"publish","type":"post","link":"https:\/\/kapitalis.com\/tunisie\/2023\/11\/22\/marathon-comar-2023-j-11-tunis-court-chante-et-danse\/","title":{"rendered":"Marathon Comar 2023 J-11\u00a0: Tunis court, chante et danse"},"content":{"rendered":"\n<p><strong><em>Le Marathon Comar de Tunis-Carthage, organis\u00e9 par les Assurances Comar, aura lieu le 3 d\u00e9cembre 2023, et permettra \u00e0 quelque 7000 professionnels et amateurs de la course \u00e0 pied d\u2019effectuer une boucle joignant la capitale \u00e0 sa banlieue.<\/em><\/strong><\/p>\n\n\n\n<!--more-->\n\n\n\n<p>Le marathon \u00e9tant, \u00e0 la fois, une comp\u00e9tition sportive et une f\u00eate populaire, la participation massive des coureurs est recherch\u00e9e par les organisateurs qui ciblent aussi bien les champions de cette discipline en qu\u00eate de performances, de titres et de r\u00e9compenses, que les amateurs issus des clubs de running, les coureurs de dimanche ou les simples curieux, soucieux de prendre part \u00e0 un \u00e9v\u00e9nement sportif et populaire qui, le temps d\u2019une course, accapare l\u2019attention du public et suscite l\u2019int\u00e9r\u00eat m\u00e9dias.<\/p>\n\n\n\n<p>C\u2019est pourquoi, on s\u2019attend \u00e0 ce que la ligne de d\u00e9part de la 36<sup>e<\/sup> \u00e9dition du Marathon Comar verra s\u2019aligner, tour \u00e0 tour, des athl\u00e8tes accomplis qui ont d\u00e9j\u00e0 un bon palmar\u00e8s pour avoir souvent pris part \u00e0 des comp\u00e9titions similaires, que des athl\u00e8tes amateurs qui esp\u00e8rent am\u00e9liorer leurs performances ou des coureurs lambdas, si l\u2019on peut les qualifier ainsi, hommes et femmes, jeunes et moins jeunes, voire des s\u00e9niors et des enfants, qui participent pour le plaisir ou pour tester leurs capacit\u00e9s et leurs sensations.<\/p>\n\n\n\n<p>C\u2019est pour permettre cette large participation que les organisateurs du Marathon Comar ont, d\u00e8s le d\u00e9but, con\u00e7u un programme diversifi\u00e9 susceptible de cibler le plus grand nombre o\u00f9 sport, culture, tourisme et f\u00eate populaire se conjuguent pour faire de Tunis, le temps d\u2019une journ\u00e9e, un lieu de partage, de convivialit\u00e9 et de joie de vivre. &nbsp;&nbsp;&nbsp;&nbsp;&nbsp;&nbsp;&nbsp;&nbsp;<\/p>\n\n\n\n<p>A cet effet, il y aura, comme chaque ann\u00e9e, le marathon proprement dit long de 42,195 Km, qui verra s\u2019aligner des coureurs chevronn\u00e9s, \u00e0 c\u00f4t\u00e9 du semi-marathon long de 21,1 Km ouvert aux amateurs de running de tous \u00e2ges et de toutes conditions,&nbsp;et de la course pour tous longue de 5 Km d\u00e9di\u00e9e aux coureurs de dimanche soucieux de maintenir leur forme physique et d\u2019entretenir leurs sensations.<\/p>\n\n\n\n<p>Tous ces coureurs, et notamment les \u00e9trangers, se font souvent accompagner par leurs proches qui viennent prendre part \u00e0 la f\u00eate, mais aussi pour d\u00e9couvrir la ville de Tunis et ses environs, qui ne manquent pas d\u2019attractions touristiques&nbsp;: des ruelles chatoyantes de la m\u00e9dina de Tunis, aux jardins rutilants de La Marsa et de Sidi Bou Sa\u00efd, en passant par les vestiges punico-romains de l\u2019immortelle Carthage.<\/p>\n\n\n\n<p class=\"has-text-align-right\"><strong>I. B.<\/strong><\/p>\n","protected":false},"excerpt":{"rendered":"<p>Le Marathon Comar de Tunis-Carthage est un \u00e9v\u00e9nement o\u00f9 sport, culture, tourisme et f\u00eate populaire se conjuguent pour faire de Tunis, le temps d\u2019une journ\u00e9e, un lieu de partage, de convivialit\u00e9 et de joie de vivre. \u00a0<\/p>\n","protected":false},"author":8,"featured_media":5213960,"comment_status":"open","ping_status":"open","sticky":false,"template":"","format":"standard","meta":{"footnotes":""},"categories":[999,2433],"tags":[22214,1234,2991,7573,827,64491],"class_list":["post-10648142","post","type-post","status-publish","format-standard","has-post-thumbnail","hentry","category-sport","category-tunisie","tag-assurances-comar","tag-carthage","tag-la-marsa","tag-marathon-comar","tag-sidi-bou-said","tag-tunis"],"yoast_head":"<!-- This site is optimized with the Yoast SEO plugin v26.6 - https:\/\/yoast.com\/wordpress\/plugins\/seo\/ -->\n<title>Marathon Comar 2023 J-11\u00a0: Tunis court, chante et danse - Kapitalis<\/title>\n<meta name=\"robots\" content=\"index, follow, max-snippet:-1, max-image-preview:large, max-video-preview:-1\" \/>\n<link rel=\"canonical\" href=\"https:\/\/kapitalis.com\/tunisie\/2023\/11\/22\/marathon-comar-2023-j-11-tunis-court-chante-et-danse\/\" \/>\n<meta property=\"og:locale\" content=\"fr_FR\" \/>\n<meta property=\"og:type\" content=\"article\" \/>\n<meta property=\"og:title\" content=\"Marathon Comar 2023 J-11\u00a0: Tunis court, chante et danse - Kapitalis\" \/>\n<meta property=\"og:description\" content=\"Le Marathon Comar de Tunis-Carthage est un \u00e9v\u00e9nement o\u00f9 sport, culture, tourisme et f\u00eate populaire se conjuguent pour faire de Tunis, le temps d\u2019une journ\u00e9e, un lieu de partage, de convivialit\u00e9 et de joie de vivre. \u00a0\" \/>\n<meta property=\"og:url\" content=\"https:\/\/kapitalis.com\/tunisie\/2023\/11\/22\/marathon-comar-2023-j-11-tunis-court-chante-et-danse\/\" \/>\n<meta property=\"og:site_name\" content=\"Kapitalis\" \/>\n<meta property=\"article:publisher\" content=\"https:\/\/www.facebook.com\/KapitalisInfo\/\" \/>\n<meta property=\"article:published_time\" content=\"2023-11-22T22:30:00+00:00\" \/>\n<meta property=\"article:modified_time\" content=\"2023-11-23T12:48:14+00:00\" \/>\n<meta property=\"og:image\" content=\"https:\/\/kapitalis.com\/tunisie\/wp-content\/uploads\/2022\/11\/marathon-comar.jpg\" \/>\n\t<meta property=\"og:image:width\" content=\"1200\" \/>\n\t<meta property=\"og:image:height\" content=\"630\" \/>\n\t<meta property=\"og:image:type\" content=\"image\/jpeg\" \/>\n<meta name=\"author\" content=\"webmaster kapitalis\" \/>\n<meta name=\"twitter:card\" content=\"summary_large_image\" \/>\n<meta name=\"twitter:creator\" content=\"@KapitalisInfo\" \/>\n<meta name=\"twitter:site\" content=\"@KapitalisInfo\" \/>\n<meta name=\"twitter:label1\" content=\"\u00c9crit par\" \/>\n\t<meta name=\"twitter:data1\" content=\"webmaster kapitalis\" \/>\n\t<meta name=\"twitter:label2\" content=\"Dur\u00e9e de lecture estim\u00e9e\" \/>\n\t<meta name=\"twitter:data2\" content=\"3 minutes\" \/>\n<script type=\"application\/ld+json\" class=\"yoast-schema-graph\">{\"@context\":\"https:\/\/schema.org\",\"@graph\":[{\"@type\":\"Article\",\"@id\":\"https:\/\/kapitalis.com\/tunisie\/2023\/11\/22\/marathon-comar-2023-j-11-tunis-court-chante-et-danse\/#article\",\"isPartOf\":{\"@id\":\"https:\/\/kapitalis.com\/tunisie\/2023\/11\/22\/marathon-comar-2023-j-11-tunis-court-chante-et-danse\/\"},\"author\":{\"name\":\"webmaster kapitalis\",\"@id\":\"https:\/\/kapitalis.com\/tunisie\/#\/schema\/person\/d71f33a9ca44f7bad4698210b480c8e9\"},\"headline\":\"Marathon Comar 2023 J-11\u00a0: Tunis court, chante et danse\",\"datePublished\":\"2023-11-22T22:30:00+00:00\",\"dateModified\":\"2023-11-23T12:48:14+00:00\",\"mainEntityOfPage\":{\"@id\":\"https:\/\/kapitalis.com\/tunisie\/2023\/11\/22\/marathon-comar-2023-j-11-tunis-court-chante-et-danse\/\"},\"wordCount\":445,\"commentCount\":0,\"publisher\":{\"@id\":\"https:\/\/kapitalis.com\/tunisie\/#organization\"},\"image\":{\"@id\":\"https:\/\/kapitalis.com\/tunisie\/2023\/11\/22\/marathon-comar-2023-j-11-tunis-court-chante-et-danse\/#primaryimage\"},\"thumbnailUrl\":\"https:\/\/kapitalis.com\/tunisie\/wp-content\/uploads\/2022\/11\/marathon-comar.jpg\",\"keywords\":[\"Assurances Comar\",\"Carthage\",\"La Marsa\",\"Marathon Comar\",\"Sidi Bou Sa\u00efd\",\"Tunis\"],\"articleSection\":[\"SPORT\",\"Tunisie\"],\"inLanguage\":\"fr-FR\",\"potentialAction\":[{\"@type\":\"CommentAction\",\"name\":\"Comment\",\"target\":[\"https:\/\/kapitalis.com\/tunisie\/2023\/11\/22\/marathon-comar-2023-j-11-tunis-court-chante-et-danse\/#respond\"]}]},{\"@type\":\"WebPage\",\"@id\":\"https:\/\/kapitalis.com\/tunisie\/2023\/11\/22\/marathon-comar-2023-j-11-tunis-court-chante-et-danse\/\",\"url\":\"https:\/\/kapitalis.com\/tunisie\/2023\/11\/22\/marathon-comar-2023-j-11-tunis-court-chante-et-danse\/\",\"name\":\"Marathon Comar 2023 J-11\u00a0: Tunis court, chante et danse - Kapitalis\",\"isPartOf\":{\"@id\":\"https:\/\/kapitalis.com\/tunisie\/#website\"},\"primaryImageOfPage\":{\"@id\":\"https:\/\/kapitalis.com\/tunisie\/2023\/11\/22\/marathon-comar-2023-j-11-tunis-court-chante-et-danse\/#primaryimage\"},\"image\":{\"@id\":\"https:\/\/kapitalis.com\/tunisie\/2023\/11\/22\/marathon-comar-2023-j-11-tunis-court-chante-et-danse\/#primaryimage\"},\"thumbnailUrl\":\"https:\/\/kapitalis.com\/tunisie\/wp-content\/uploads\/2022\/11\/marathon-comar.jpg\",\"datePublished\":\"2023-11-22T22:30:00+00:00\",\"dateModified\":\"2023-11-23T12:48:14+00:00\",\"breadcrumb\":{\"@id\":\"https:\/\/kapitalis.com\/tunisie\/2023\/11\/22\/marathon-comar-2023-j-11-tunis-court-chante-et-danse\/#breadcrumb\"},\"inLanguage\":\"fr-FR\",\"potentialAction\":[{\"@type\":\"ReadAction\",\"target\":[\"https:\/\/kapitalis.com\/tunisie\/2023\/11\/22\/marathon-comar-2023-j-11-tunis-court-chante-et-danse\/\"]}]},{\"@type\":\"ImageObject\",\"inLanguage\":\"fr-FR\",\"@id\":\"https:\/\/kapitalis.com\/tunisie\/2023\/11\/22\/marathon-comar-2023-j-11-tunis-court-chante-et-danse\/#primaryimage\",\"url\":\"https:\/\/kapitalis.com\/tunisie\/wp-content\/uploads\/2022\/11\/marathon-comar.jpg\",\"contentUrl\":\"https:\/\/kapitalis.com\/tunisie\/wp-content\/uploads\/2022\/11\/marathon-comar.jpg\",\"width\":1200,\"height\":630},{\"@type\":\"BreadcrumbList\",\"@id\":\"https:\/\/kapitalis.com\/tunisie\/2023\/11\/22\/marathon-comar-2023-j-11-tunis-court-chante-et-danse\/#breadcrumb\",\"itemListElement\":[{\"@type\":\"ListItem\",\"position\":1,\"name\":\"Accueil\",\"item\":\"https:\/\/kapitalis.com\/tunisie\/\"},{\"@type\":\"ListItem\",\"position\":2,\"name\":\"Marathon Comar 2023 J-11\u00a0: Tunis court, chante et danse\"}]},{\"@type\":\"WebSite\",\"@id\":\"https:\/\/kapitalis.com\/tunisie\/#website\",\"url\":\"https:\/\/kapitalis.com\/tunisie\/\",\"name\":\"Kapitalis\",\"description\":\"L&#039;actualit\u00e9 en Tunisie et dans le monde\",\"publisher\":{\"@id\":\"https:\/\/kapitalis.com\/tunisie\/#organization\"},\"potentialAction\":[{\"@type\":\"SearchAction\",\"target\":{\"@type\":\"EntryPoint\",\"urlTemplate\":\"https:\/\/kapitalis.com\/tunisie\/?s={search_term_string}\"},\"query-input\":{\"@type\":\"PropertyValueSpecification\",\"valueRequired\":true,\"valueName\":\"search_term_string\"}}],\"inLanguage\":\"fr-FR\"},{\"@type\":\"Organization\",\"@id\":\"https:\/\/kapitalis.com\/tunisie\/#organization\",\"name\":\"Kapitalis\",\"url\":\"https:\/\/kapitalis.com\/tunisie\/\",\"logo\":{\"@type\":\"ImageObject\",\"inLanguage\":\"fr-FR\",\"@id\":\"https:\/\/kapitalis.com\/tunisie\/#\/schema\/logo\/image\/\",\"url\":\"https:\/\/kapitalis.com\/tunisie\/wp-content\/uploads\/2022\/05\/Kapitalis-big-size.png\",\"contentUrl\":\"https:\/\/kapitalis.com\/tunisie\/wp-content\/uploads\/2022\/05\/Kapitalis-big-size.png\",\"width\":5000,\"height\":1500,\"caption\":\"Kapitalis\"},\"image\":{\"@id\":\"https:\/\/kapitalis.com\/tunisie\/#\/schema\/logo\/image\/\"},\"sameAs\":[\"https:\/\/www.facebook.com\/KapitalisInfo\/\",\"https:\/\/x.com\/KapitalisInfo\",\"https:\/\/www.youtube.com\/channel\/UC-yDYrHyfFBWWZaOw3FPg9Q\"]},{\"@type\":\"Person\",\"@id\":\"https:\/\/kapitalis.com\/tunisie\/#\/schema\/person\/d71f33a9ca44f7bad4698210b480c8e9\",\"name\":\"webmaster kapitalis\",\"url\":\"https:\/\/kapitalis.com\/tunisie\/author\/webmaster-kapitalis\/\"}]}<\/script>\n<!-- \/ Yoast SEO plugin. -->","yoast_head_json":{"title":"Marathon Comar 2023 J-11\u00a0: Tunis court, chante et danse - Kapitalis","robots":{"index":"index","follow":"follow","max-snippet":"max-snippet:-1","max-image-preview":"max-image-preview:large","max-video-preview":"max-video-preview:-1"},"canonical":"https:\/\/kapitalis.com\/tunisie\/2023\/11\/22\/marathon-comar-2023-j-11-tunis-court-chante-et-danse\/","og_locale":"fr_FR","og_type":"article","og_title":"Marathon Comar 2023 J-11\u00a0: Tunis court, chante et danse - Kapitalis","og_description":"Le Marathon Comar de Tunis-Carthage est un \u00e9v\u00e9nement o\u00f9 sport, culture, tourisme et f\u00eate populaire se conjuguent pour faire de Tunis, le temps d\u2019une journ\u00e9e, un lieu de partage, de convivialit\u00e9 et de joie de vivre. \u00a0","og_url":"https:\/\/kapitalis.com\/tunisie\/2023\/11\/22\/marathon-comar-2023-j-11-tunis-court-chante-et-danse\/","og_site_name":"Kapitalis","article_publisher":"https:\/\/www.facebook.com\/KapitalisInfo\/","article_published_time":"2023-11-22T22:30:00+00:00","article_modified_time":"2023-11-23T12:48:14+00:00","og_image":[{"width":1200,"height":630,"url":"https:\/\/kapitalis.com\/tunisie\/wp-content\/uploads\/2022\/11\/marathon-comar.jpg","type":"image\/jpeg"}],"author":"webmaster kapitalis","twitter_card":"summary_large_image","twitter_creator":"@KapitalisInfo","twitter_site":"@KapitalisInfo","twitter_misc":{"\u00c9crit par":"webmaster kapitalis","Dur\u00e9e de lecture estim\u00e9e":"3 minutes"},"schema":{"@context":"https:\/\/schema.org","@graph":[{"@type":"Article","@id":"https:\/\/kapitalis.com\/tunisie\/2023\/11\/22\/marathon-comar-2023-j-11-tunis-court-chante-et-danse\/#article","isPartOf":{"@id":"https:\/\/kapitalis.com\/tunisie\/2023\/11\/22\/marathon-comar-2023-j-11-tunis-court-chante-et-danse\/"},"author":{"name":"webmaster kapitalis","@id":"https:\/\/kapitalis.com\/tunisie\/#\/schema\/person\/d71f33a9ca44f7bad4698210b480c8e9"},"headline":"Marathon Comar 2023 J-11\u00a0: Tunis court, chante et danse","datePublished":"2023-11-22T22:30:00+00:00","dateModified":"2023-11-23T12:48:14+00:00","mainEntityOfPage":{"@id":"https:\/\/kapitalis.com\/tunisie\/2023\/11\/22\/marathon-comar-2023-j-11-tunis-court-chante-et-danse\/"},"wordCount":445,"commentCount":0,"publisher":{"@id":"https:\/\/kapitalis.com\/tunisie\/#organization"},"image":{"@id":"https:\/\/kapitalis.com\/tunisie\/2023\/11\/22\/marathon-comar-2023-j-11-tunis-court-chante-et-danse\/#primaryimage"},"thumbnailUrl":"https:\/\/kapitalis.com\/tunisie\/wp-content\/uploads\/2022\/11\/marathon-comar.jpg","keywords":["Assurances Comar","Carthage","La Marsa","Marathon Comar","Sidi Bou Sa\u00efd","Tunis"],"articleSection":["SPORT","Tunisie"],"inLanguage":"fr-FR","potentialAction":[{"@type":"CommentAction","name":"Comment","target":["https:\/\/kapitalis.com\/tunisie\/2023\/11\/22\/marathon-comar-2023-j-11-tunis-court-chante-et-danse\/#respond"]}]},{"@type":"WebPage","@id":"https:\/\/kapitalis.com\/tunisie\/2023\/11\/22\/marathon-comar-2023-j-11-tunis-court-chante-et-danse\/","url":"https:\/\/kapitalis.com\/tunisie\/2023\/11\/22\/marathon-comar-2023-j-11-tunis-court-chante-et-danse\/","name":"Marathon Comar 2023 J-11\u00a0: Tunis court, chante et danse - Kapitalis","isPartOf":{"@id":"https:\/\/kapitalis.com\/tunisie\/#website"},"primaryImageOfPage":{"@id":"https:\/\/kapitalis.com\/tunisie\/2023\/11\/22\/marathon-comar-2023-j-11-tunis-court-chante-et-danse\/#primaryimage"},"image":{"@id":"https:\/\/kapitalis.com\/tunisie\/2023\/11\/22\/marathon-comar-2023-j-11-tunis-court-chante-et-danse\/#primaryimage"},"thumbnailUrl":"https:\/\/kapitalis.com\/tunisie\/wp-content\/uploads\/2022\/11\/marathon-comar.jpg","datePublished":"2023-11-22T22:30:00+00:00","dateModified":"2023-11-23T12:48:14+00:00","breadcrumb":{"@id":"https:\/\/kapitalis.com\/tunisie\/2023\/11\/22\/marathon-comar-2023-j-11-tunis-court-chante-et-danse\/#breadcrumb"},"inLanguage":"fr-FR","potentialAction":[{"@type":"ReadAction","target":["https:\/\/kapitalis.com\/tunisie\/2023\/11\/22\/marathon-comar-2023-j-11-tunis-court-chante-et-danse\/"]}]},{"@type":"ImageObject","inLanguage":"fr-FR","@id":"https:\/\/kapitalis.com\/tunisie\/2023\/11\/22\/marathon-comar-2023-j-11-tunis-court-chante-et-danse\/#primaryimage","url":"https:\/\/kapitalis.com\/tunisie\/wp-content\/uploads\/2022\/11\/marathon-comar.jpg","contentUrl":"https:\/\/kapitalis.com\/tunisie\/wp-content\/uploads\/2022\/11\/marathon-comar.jpg","width":1200,"height":630},{"@type":"BreadcrumbList","@id":"https:\/\/kapitalis.com\/tunisie\/2023\/11\/22\/marathon-comar-2023-j-11-tunis-court-chante-et-danse\/#breadcrumb","itemListElement":[{"@type":"ListItem","position":1,"name":"Accueil","item":"https:\/\/kapitalis.com\/tunisie\/"},{"@type":"ListItem","position":2,"name":"Marathon Comar 2023 J-11\u00a0: Tunis court, chante et danse"}]},{"@type":"WebSite","@id":"https:\/\/kapitalis.com\/tunisie\/#website","url":"https:\/\/kapitalis.com\/tunisie\/","name":"Kapitalis","description":"L&#039;actualit\u00e9 en Tunisie et dans le monde","publisher":{"@id":"https:\/\/kapitalis.com\/tunisie\/#organization"},"potentialAction":[{"@type":"SearchAction","target":{"@type":"EntryPoint","urlTemplate":"https:\/\/kapitalis.com\/tunisie\/?s={search_term_string}"},"query-input":{"@type":"PropertyValueSpecification","valueRequired":true,"valueName":"search_term_string"}}],"inLanguage":"fr-FR"},{"@type":"Organization","@id":"https:\/\/kapitalis.com\/tunisie\/#organization","name":"Kapitalis","url":"https:\/\/kapitalis.com\/tunisie\/","logo":{"@type":"ImageObject","inLanguage":"fr-FR","@id":"https:\/\/kapitalis.com\/tunisie\/#\/schema\/logo\/image\/","url":"https:\/\/kapitalis.com\/tunisie\/wp-content\/uploads\/2022\/05\/Kapitalis-big-size.png","contentUrl":"https:\/\/kapitalis.com\/tunisie\/wp-content\/uploads\/2022\/05\/Kapitalis-big-size.png","width":5000,"height":1500,"caption":"Kapitalis"},"image":{"@id":"https:\/\/kapitalis.com\/tunisie\/#\/schema\/logo\/image\/"},"sameAs":["https:\/\/www.facebook.com\/KapitalisInfo\/","https:\/\/x.com\/KapitalisInfo","https:\/\/www.youtube.com\/channel\/UC-yDYrHyfFBWWZaOw3FPg9Q"]},{"@type":"Person","@id":"https:\/\/kapitalis.com\/tunisie\/#\/schema\/person\/d71f33a9ca44f7bad4698210b480c8e9","name":"webmaster kapitalis","url":"https:\/\/kapitalis.com\/tunisie\/author\/webmaster-kapitalis\/"}]}},"_links":{"self":[{"href":"https:\/\/kapitalis.com\/tunisie\/wp-json\/wp\/v2\/posts\/10648142","targetHints":{"allow":["GET"]}}],"collection":[{"href":"https:\/\/kapitalis.com\/tunisie\/wp-json\/wp\/v2\/posts"}],"about":[{"href":"https:\/\/kapitalis.com\/tunisie\/wp-json\/wp\/v2\/types\/post"}],"author":[{"embeddable":true,"href":"https:\/\/kapitalis.com\/tunisie\/wp-json\/wp\/v2\/users\/8"}],"replies":[{"embeddable":true,"href":"https:\/\/kapitalis.com\/tunisie\/wp-json\/wp\/v2\/comments?post=10648142"}],"version-history":[{"count":1,"href":"https:\/\/kapitalis.com\/tunisie\/wp-json\/wp\/v2\/posts\/10648142\/revisions"}],"predecessor-version":[{"id":10648185,"href":"https:\/\/kapitalis.com\/tunisie\/wp-json\/wp\/v2\/posts\/10648142\/revisions\/10648185"}],"wp:featuredmedia":[{"embeddable":true,"href":"https:\/\/kapitalis.com\/tunisie\/wp-json\/wp\/v2\/media\/5213960"}],"wp:attachment":[{"href":"https:\/\/kapitalis.com\/tunisie\/wp-json\/wp\/v2\/media?parent=10648142"}],"wp:term":[{"taxonomy":"category","embeddable":true,"href":"https:\/\/kapitalis.com\/tunisie\/wp-json\/wp\/v2\/categories?post=10648142"},{"taxonomy":"post_tag","embeddable":true,"href":"https:\/\/kapitalis.com\/tunisie\/wp-json\/wp\/v2\/tags?post=10648142"}],"curies":[{"name":"wp","href":"https:\/\/api.w.org\/{rel}","templated":true}]}}