{"id":106531,"date":"2017-07-17T12:54:32","date_gmt":"2017-07-17T11:54:32","guid":{"rendered":"http:\/\/kapitalis.com\/tunisie\/?p=106531"},"modified":"2017-07-17T12:56:07","modified_gmt":"2017-07-17T11:56:07","slug":"jebel-mghila-ceremonie-a-la-memoire-de-khalifa-soltani","status":"publish","type":"post","link":"https:\/\/kapitalis.com\/tunisie\/2017\/07\/17\/jebel-mghila-ceremonie-a-la-memoire-de-khalifa-soltani\/","title":{"rendered":"Jebel Mghila : C\u00e9r\u00e9monie \u00e0 la m\u00e9moire de Khalifa Soltani"},"content":{"rendered":"<p style=\"text-align: center;\"><img loading=\"lazy\" decoding=\"async\" class=\"alignnone size-full wp-image-106546\" src=\"http:\/\/kapitalis.com\/tunisie\/wp-content\/uploads\/2017\/07\/Jebel-Mghila.jpg\" alt=\"\" width=\"626\" height=\"380\" \/><\/p>\n<p><em><strong>Des activistes de la soci\u00e9t\u00e9 civile ont organis\u00e9, dimanche 17 juin 2017, une c\u00e9r\u00e9monie \u00e0 la m\u00e9moire de Khalifa Soltani, enlev\u00e9 et tu\u00e9 par des terroristes, le 3 juin denier.<\/strong><\/em><!--more--><\/p>\n<p>L\u2019Association de la tol\u00e9rance a organis\u00e9 la c\u00e9r\u00e9monie du 40<sup>e <\/sup>jour de la mort du jeune homme et rendu hommage \u00e0 Zaara Soltani, la m\u00e8re de Khalifa et Mabrouk, le berger enlev\u00e9 et tu\u00e9 lui aussi par des terroriste, le 13 novembre 2015.<\/p>\n<p>Les participants se sont recueillis sur la tombe du martyr et y ont d\u00e9pos\u00e9 des gerbes de fleurs. Ils ont fait part de leur soutien \u00e0 la famille et surtout \u00e0 la m\u00e8re courage, qui a quitt\u00e9, la semaine derni\u00e8re, son village, apr\u00e8s avoir b\u00e9n\u00e9fici\u00e9 d\u2019une habitation dans une autre r\u00e9gion.<\/p>\n<p style=\"text-align: right;\"><strong>Y. N.<\/strong><\/p>\n<p>&nbsp;<\/p>\n","protected":false},"excerpt":{"rendered":"<p>Des activistes de la soci\u00e9t\u00e9 civile ont organis\u00e9, dimanche 17 juin 2017, une c\u00e9r\u00e9monie \u00e0 la m\u00e9moire de Khalifa Soltani, enlev\u00e9 et tu\u00e9 par des terroristes, le 3 juin denier.<\/p>\n","protected":false},"author":6,"featured_media":106546,"comment_status":"open","ping_status":"open","sticky":false,"template":"","format":"standard","meta":{"footnotes":""},"categories":[998,2433],"tags":[1611,4625,525,32071,9779,581,899],"class_list":["post-106531","post","type-post","status-publish","format-standard","has-post-thumbnail","hentry","category-societe","category-tunisie","tag-ceremonie","tag-jebel-mghila","tag-kasserine","tag-khalifa-soltani","tag-mabrouk-soltani","tag-martyr","tag-terroristes"],"yoast_head":"<!-- This site is optimized with the Yoast SEO plugin v26.6 - https:\/\/yoast.com\/wordpress\/plugins\/seo\/ -->\n<title>Jebel Mghila : C\u00e9r\u00e9monie \u00e0 la m\u00e9moire de Khalifa Soltani - Kapitalis<\/title>\n<meta name=\"robots\" content=\"index, follow, max-snippet:-1, max-image-preview:large, max-video-preview:-1\" \/>\n<link rel=\"canonical\" href=\"https:\/\/kapitalis.com\/tunisie\/2017\/07\/17\/jebel-mghila-ceremonie-a-la-memoire-de-khalifa-soltani\/\" \/>\n<meta property=\"og:locale\" content=\"fr_FR\" \/>\n<meta property=\"og:type\" content=\"article\" \/>\n<meta property=\"og:title\" content=\"Jebel Mghila : C\u00e9r\u00e9monie \u00e0 la m\u00e9moire de Khalifa Soltani - Kapitalis\" \/>\n<meta property=\"og:description\" content=\"Des activistes de la soci\u00e9t\u00e9 civile ont organis\u00e9, dimanche 17 juin 2017, une c\u00e9r\u00e9monie \u00e0 la m\u00e9moire de Khalifa Soltani, enlev\u00e9 et tu\u00e9 par des terroristes, le 3 juin denier.\" \/>\n<meta property=\"og:url\" content=\"https:\/\/kapitalis.com\/tunisie\/2017\/07\/17\/jebel-mghila-ceremonie-a-la-memoire-de-khalifa-soltani\/\" \/>\n<meta property=\"og:site_name\" content=\"Kapitalis\" \/>\n<meta property=\"article:publisher\" content=\"https:\/\/www.facebook.com\/KapitalisInfo\/\" \/>\n<meta property=\"article:published_time\" content=\"2017-07-17T11:54:32+00:00\" \/>\n<meta property=\"article:modified_time\" content=\"2017-07-17T11:56:07+00:00\" \/>\n<meta property=\"og:image\" content=\"https:\/\/kapitalis.com\/tunisie\/wp-content\/uploads\/2022\/05\/kapitalis-logo-fb.png\" \/>\n\t<meta property=\"og:image:width\" content=\"1200\" \/>\n\t<meta property=\"og:image:height\" content=\"630\" \/>\n\t<meta property=\"og:image:type\" content=\"image\/png\" \/>\n<meta name=\"author\" content=\"Yusra NY\" \/>\n<meta name=\"twitter:card\" content=\"summary_large_image\" \/>\n<meta name=\"twitter:creator\" content=\"@KapitalisInfo\" \/>\n<meta name=\"twitter:site\" content=\"@KapitalisInfo\" \/>\n<meta name=\"twitter:label1\" content=\"\u00c9crit par\" \/>\n\t<meta name=\"twitter:data1\" content=\"Yusra NY\" \/>\n\t<meta name=\"twitter:label2\" content=\"Dur\u00e9e de lecture estim\u00e9e\" \/>\n\t<meta name=\"twitter:data2\" content=\"1 minute\" \/>\n<script type=\"application\/ld+json\" class=\"yoast-schema-graph\">{\"@context\":\"https:\/\/schema.org\",\"@graph\":[{\"@type\":\"Article\",\"@id\":\"https:\/\/kapitalis.com\/tunisie\/2017\/07\/17\/jebel-mghila-ceremonie-a-la-memoire-de-khalifa-soltani\/#article\",\"isPartOf\":{\"@id\":\"https:\/\/kapitalis.com\/tunisie\/2017\/07\/17\/jebel-mghila-ceremonie-a-la-memoire-de-khalifa-soltani\/\"},\"author\":{\"name\":\"Yusra NY\",\"@id\":\"https:\/\/kapitalis.com\/tunisie\/#\/schema\/person\/74bbde0154d49d790a92aaeac5bc01d5\"},\"headline\":\"Jebel Mghila : C\u00e9r\u00e9monie \u00e0 la m\u00e9moire de Khalifa Soltani\",\"datePublished\":\"2017-07-17T11:54:32+00:00\",\"dateModified\":\"2017-07-17T11:56:07+00:00\",\"mainEntityOfPage\":{\"@id\":\"https:\/\/kapitalis.com\/tunisie\/2017\/07\/17\/jebel-mghila-ceremonie-a-la-memoire-de-khalifa-soltani\/\"},\"wordCount\":146,\"commentCount\":0,\"publisher\":{\"@id\":\"https:\/\/kapitalis.com\/tunisie\/#organization\"},\"image\":{\"@id\":\"https:\/\/kapitalis.com\/tunisie\/2017\/07\/17\/jebel-mghila-ceremonie-a-la-memoire-de-khalifa-soltani\/#primaryimage\"},\"thumbnailUrl\":\"\",\"keywords\":[\"c\u00e9r\u00e9monie\",\"Jebel Mghila\",\"Kasserine\",\"Khalifa Soltani\",\"Mabrouk Soltani\",\"martyr\",\"terroristes\"],\"articleSection\":[\"SOCIETE\",\"Tunisie\"],\"inLanguage\":\"fr-FR\",\"potentialAction\":[{\"@type\":\"CommentAction\",\"name\":\"Comment\",\"target\":[\"https:\/\/kapitalis.com\/tunisie\/2017\/07\/17\/jebel-mghila-ceremonie-a-la-memoire-de-khalifa-soltani\/#respond\"]}]},{\"@type\":\"WebPage\",\"@id\":\"https:\/\/kapitalis.com\/tunisie\/2017\/07\/17\/jebel-mghila-ceremonie-a-la-memoire-de-khalifa-soltani\/\",\"url\":\"https:\/\/kapitalis.com\/tunisie\/2017\/07\/17\/jebel-mghila-ceremonie-a-la-memoire-de-khalifa-soltani\/\",\"name\":\"Jebel Mghila : C\u00e9r\u00e9monie \u00e0 la m\u00e9moire de Khalifa Soltani - Kapitalis\",\"isPartOf\":{\"@id\":\"https:\/\/kapitalis.com\/tunisie\/#website\"},\"primaryImageOfPage\":{\"@id\":\"https:\/\/kapitalis.com\/tunisie\/2017\/07\/17\/jebel-mghila-ceremonie-a-la-memoire-de-khalifa-soltani\/#primaryimage\"},\"image\":{\"@id\":\"https:\/\/kapitalis.com\/tunisie\/2017\/07\/17\/jebel-mghila-ceremonie-a-la-memoire-de-khalifa-soltani\/#primaryimage\"},\"thumbnailUrl\":\"\",\"datePublished\":\"2017-07-17T11:54:32+00:00\",\"dateModified\":\"2017-07-17T11:56:07+00:00\",\"breadcrumb\":{\"@id\":\"https:\/\/kapitalis.com\/tunisie\/2017\/07\/17\/jebel-mghila-ceremonie-a-la-memoire-de-khalifa-soltani\/#breadcrumb\"},\"inLanguage\":\"fr-FR\",\"potentialAction\":[{\"@type\":\"ReadAction\",\"target\":[\"https:\/\/kapitalis.com\/tunisie\/2017\/07\/17\/jebel-mghila-ceremonie-a-la-memoire-de-khalifa-soltani\/\"]}]},{\"@type\":\"ImageObject\",\"inLanguage\":\"fr-FR\",\"@id\":\"https:\/\/kapitalis.com\/tunisie\/2017\/07\/17\/jebel-mghila-ceremonie-a-la-memoire-de-khalifa-soltani\/#primaryimage\",\"url\":\"\",\"contentUrl\":\"\"},{\"@type\":\"BreadcrumbList\",\"@id\":\"https:\/\/kapitalis.com\/tunisie\/2017\/07\/17\/jebel-mghila-ceremonie-a-la-memoire-de-khalifa-soltani\/#breadcrumb\",\"itemListElement\":[{\"@type\":\"ListItem\",\"position\":1,\"name\":\"Accueil\",\"item\":\"https:\/\/kapitalis.com\/tunisie\/\"},{\"@type\":\"ListItem\",\"position\":2,\"name\":\"Jebel Mghila : C\u00e9r\u00e9monie \u00e0 la m\u00e9moire de Khalifa Soltani\"}]},{\"@type\":\"WebSite\",\"@id\":\"https:\/\/kapitalis.com\/tunisie\/#website\",\"url\":\"https:\/\/kapitalis.com\/tunisie\/\",\"name\":\"Kapitalis\",\"description\":\"L&#039;actualit\u00e9 en Tunisie et dans le monde\",\"publisher\":{\"@id\":\"https:\/\/kapitalis.com\/tunisie\/#organization\"},\"potentialAction\":[{\"@type\":\"SearchAction\",\"target\":{\"@type\":\"EntryPoint\",\"urlTemplate\":\"https:\/\/kapitalis.com\/tunisie\/?s={search_term_string}\"},\"query-input\":{\"@type\":\"PropertyValueSpecification\",\"valueRequired\":true,\"valueName\":\"search_term_string\"}}],\"inLanguage\":\"fr-FR\"},{\"@type\":\"Organization\",\"@id\":\"https:\/\/kapitalis.com\/tunisie\/#organization\",\"name\":\"Kapitalis\",\"url\":\"https:\/\/kapitalis.com\/tunisie\/\",\"logo\":{\"@type\":\"ImageObject\",\"inLanguage\":\"fr-FR\",\"@id\":\"https:\/\/kapitalis.com\/tunisie\/#\/schema\/logo\/image\/\",\"url\":\"https:\/\/kapitalis.com\/tunisie\/wp-content\/uploads\/2022\/05\/Kapitalis-big-size.png\",\"contentUrl\":\"https:\/\/kapitalis.com\/tunisie\/wp-content\/uploads\/2022\/05\/Kapitalis-big-size.png\",\"width\":5000,\"height\":1500,\"caption\":\"Kapitalis\"},\"image\":{\"@id\":\"https:\/\/kapitalis.com\/tunisie\/#\/schema\/logo\/image\/\"},\"sameAs\":[\"https:\/\/www.facebook.com\/KapitalisInfo\/\",\"https:\/\/x.com\/KapitalisInfo\",\"https:\/\/www.youtube.com\/channel\/UC-yDYrHyfFBWWZaOw3FPg9Q\"]},{\"@type\":\"Person\",\"@id\":\"https:\/\/kapitalis.com\/tunisie\/#\/schema\/person\/74bbde0154d49d790a92aaeac5bc01d5\",\"name\":\"Yusra NY\",\"url\":\"https:\/\/kapitalis.com\/tunisie\/author\/yuza_adam\/\"}]}<\/script>\n<!-- \/ Yoast SEO plugin. -->","yoast_head_json":{"title":"Jebel Mghila : C\u00e9r\u00e9monie \u00e0 la m\u00e9moire de Khalifa Soltani - Kapitalis","robots":{"index":"index","follow":"follow","max-snippet":"max-snippet:-1","max-image-preview":"max-image-preview:large","max-video-preview":"max-video-preview:-1"},"canonical":"https:\/\/kapitalis.com\/tunisie\/2017\/07\/17\/jebel-mghila-ceremonie-a-la-memoire-de-khalifa-soltani\/","og_locale":"fr_FR","og_type":"article","og_title":"Jebel Mghila : C\u00e9r\u00e9monie \u00e0 la m\u00e9moire de Khalifa Soltani - Kapitalis","og_description":"Des activistes de la soci\u00e9t\u00e9 civile ont organis\u00e9, dimanche 17 juin 2017, une c\u00e9r\u00e9monie \u00e0 la m\u00e9moire de Khalifa Soltani, enlev\u00e9 et tu\u00e9 par des terroristes, le 3 juin denier.","og_url":"https:\/\/kapitalis.com\/tunisie\/2017\/07\/17\/jebel-mghila-ceremonie-a-la-memoire-de-khalifa-soltani\/","og_site_name":"Kapitalis","article_publisher":"https:\/\/www.facebook.com\/KapitalisInfo\/","article_published_time":"2017-07-17T11:54:32+00:00","article_modified_time":"2017-07-17T11:56:07+00:00","og_image":[{"width":1200,"height":630,"url":"https:\/\/kapitalis.com\/tunisie\/wp-content\/uploads\/2022\/05\/kapitalis-logo-fb.png","type":"image\/png"}],"author":"Yusra NY","twitter_card":"summary_large_image","twitter_creator":"@KapitalisInfo","twitter_site":"@KapitalisInfo","twitter_misc":{"\u00c9crit par":"Yusra NY","Dur\u00e9e de lecture estim\u00e9e":"1 minute"},"schema":{"@context":"https:\/\/schema.org","@graph":[{"@type":"Article","@id":"https:\/\/kapitalis.com\/tunisie\/2017\/07\/17\/jebel-mghila-ceremonie-a-la-memoire-de-khalifa-soltani\/#article","isPartOf":{"@id":"https:\/\/kapitalis.com\/tunisie\/2017\/07\/17\/jebel-mghila-ceremonie-a-la-memoire-de-khalifa-soltani\/"},"author":{"name":"Yusra NY","@id":"https:\/\/kapitalis.com\/tunisie\/#\/schema\/person\/74bbde0154d49d790a92aaeac5bc01d5"},"headline":"Jebel Mghila : C\u00e9r\u00e9monie \u00e0 la m\u00e9moire de Khalifa Soltani","datePublished":"2017-07-17T11:54:32+00:00","dateModified":"2017-07-17T11:56:07+00:00","mainEntityOfPage":{"@id":"https:\/\/kapitalis.com\/tunisie\/2017\/07\/17\/jebel-mghila-ceremonie-a-la-memoire-de-khalifa-soltani\/"},"wordCount":146,"commentCount":0,"publisher":{"@id":"https:\/\/kapitalis.com\/tunisie\/#organization"},"image":{"@id":"https:\/\/kapitalis.com\/tunisie\/2017\/07\/17\/jebel-mghila-ceremonie-a-la-memoire-de-khalifa-soltani\/#primaryimage"},"thumbnailUrl":"","keywords":["c\u00e9r\u00e9monie","Jebel Mghila","Kasserine","Khalifa Soltani","Mabrouk Soltani","martyr","terroristes"],"articleSection":["SOCIETE","Tunisie"],"inLanguage":"fr-FR","potentialAction":[{"@type":"CommentAction","name":"Comment","target":["https:\/\/kapitalis.com\/tunisie\/2017\/07\/17\/jebel-mghila-ceremonie-a-la-memoire-de-khalifa-soltani\/#respond"]}]},{"@type":"WebPage","@id":"https:\/\/kapitalis.com\/tunisie\/2017\/07\/17\/jebel-mghila-ceremonie-a-la-memoire-de-khalifa-soltani\/","url":"https:\/\/kapitalis.com\/tunisie\/2017\/07\/17\/jebel-mghila-ceremonie-a-la-memoire-de-khalifa-soltani\/","name":"Jebel Mghila : C\u00e9r\u00e9monie \u00e0 la m\u00e9moire de Khalifa Soltani - Kapitalis","isPartOf":{"@id":"https:\/\/kapitalis.com\/tunisie\/#website"},"primaryImageOfPage":{"@id":"https:\/\/kapitalis.com\/tunisie\/2017\/07\/17\/jebel-mghila-ceremonie-a-la-memoire-de-khalifa-soltani\/#primaryimage"},"image":{"@id":"https:\/\/kapitalis.com\/tunisie\/2017\/07\/17\/jebel-mghila-ceremonie-a-la-memoire-de-khalifa-soltani\/#primaryimage"},"thumbnailUrl":"","datePublished":"2017-07-17T11:54:32+00:00","dateModified":"2017-07-17T11:56:07+00:00","breadcrumb":{"@id":"https:\/\/kapitalis.com\/tunisie\/2017\/07\/17\/jebel-mghila-ceremonie-a-la-memoire-de-khalifa-soltani\/#breadcrumb"},"inLanguage":"fr-FR","potentialAction":[{"@type":"ReadAction","target":["https:\/\/kapitalis.com\/tunisie\/2017\/07\/17\/jebel-mghila-ceremonie-a-la-memoire-de-khalifa-soltani\/"]}]},{"@type":"ImageObject","inLanguage":"fr-FR","@id":"https:\/\/kapitalis.com\/tunisie\/2017\/07\/17\/jebel-mghila-ceremonie-a-la-memoire-de-khalifa-soltani\/#primaryimage","url":"","contentUrl":""},{"@type":"BreadcrumbList","@id":"https:\/\/kapitalis.com\/tunisie\/2017\/07\/17\/jebel-mghila-ceremonie-a-la-memoire-de-khalifa-soltani\/#breadcrumb","itemListElement":[{"@type":"ListItem","position":1,"name":"Accueil","item":"https:\/\/kapitalis.com\/tunisie\/"},{"@type":"ListItem","position":2,"name":"Jebel Mghila : C\u00e9r\u00e9monie \u00e0 la m\u00e9moire de Khalifa Soltani"}]},{"@type":"WebSite","@id":"https:\/\/kapitalis.com\/tunisie\/#website","url":"https:\/\/kapitalis.com\/tunisie\/","name":"Kapitalis","description":"L&#039;actualit\u00e9 en Tunisie et dans le monde","publisher":{"@id":"https:\/\/kapitalis.com\/tunisie\/#organization"},"potentialAction":[{"@type":"SearchAction","target":{"@type":"EntryPoint","urlTemplate":"https:\/\/kapitalis.com\/tunisie\/?s={search_term_string}"},"query-input":{"@type":"PropertyValueSpecification","valueRequired":true,"valueName":"search_term_string"}}],"inLanguage":"fr-FR"},{"@type":"Organization","@id":"https:\/\/kapitalis.com\/tunisie\/#organization","name":"Kapitalis","url":"https:\/\/kapitalis.com\/tunisie\/","logo":{"@type":"ImageObject","inLanguage":"fr-FR","@id":"https:\/\/kapitalis.com\/tunisie\/#\/schema\/logo\/image\/","url":"https:\/\/kapitalis.com\/tunisie\/wp-content\/uploads\/2022\/05\/Kapitalis-big-size.png","contentUrl":"https:\/\/kapitalis.com\/tunisie\/wp-content\/uploads\/2022\/05\/Kapitalis-big-size.png","width":5000,"height":1500,"caption":"Kapitalis"},"image":{"@id":"https:\/\/kapitalis.com\/tunisie\/#\/schema\/logo\/image\/"},"sameAs":["https:\/\/www.facebook.com\/KapitalisInfo\/","https:\/\/x.com\/KapitalisInfo","https:\/\/www.youtube.com\/channel\/UC-yDYrHyfFBWWZaOw3FPg9Q"]},{"@type":"Person","@id":"https:\/\/kapitalis.com\/tunisie\/#\/schema\/person\/74bbde0154d49d790a92aaeac5bc01d5","name":"Yusra NY","url":"https:\/\/kapitalis.com\/tunisie\/author\/yuza_adam\/"}]}},"_links":{"self":[{"href":"https:\/\/kapitalis.com\/tunisie\/wp-json\/wp\/v2\/posts\/106531","targetHints":{"allow":["GET"]}}],"collection":[{"href":"https:\/\/kapitalis.com\/tunisie\/wp-json\/wp\/v2\/posts"}],"about":[{"href":"https:\/\/kapitalis.com\/tunisie\/wp-json\/wp\/v2\/types\/post"}],"author":[{"embeddable":true,"href":"https:\/\/kapitalis.com\/tunisie\/wp-json\/wp\/v2\/users\/6"}],"replies":[{"embeddable":true,"href":"https:\/\/kapitalis.com\/tunisie\/wp-json\/wp\/v2\/comments?post=106531"}],"version-history":[{"count":0,"href":"https:\/\/kapitalis.com\/tunisie\/wp-json\/wp\/v2\/posts\/106531\/revisions"}],"wp:featuredmedia":[{"embeddable":true,"href":"https:\/\/kapitalis.com\/tunisie\/wp-json\/wp\/v2\/media\/106546"}],"wp:attachment":[{"href":"https:\/\/kapitalis.com\/tunisie\/wp-json\/wp\/v2\/media?parent=106531"}],"wp:term":[{"taxonomy":"category","embeddable":true,"href":"https:\/\/kapitalis.com\/tunisie\/wp-json\/wp\/v2\/categories?post=106531"},{"taxonomy":"post_tag","embeddable":true,"href":"https:\/\/kapitalis.com\/tunisie\/wp-json\/wp\/v2\/tags?post=106531"}],"curies":[{"name":"wp","href":"https:\/\/api.w.org\/{rel}","templated":true}]}}