{"id":10656480,"date":"2023-11-23T23:45:00","date_gmt":"2023-11-23T22:45:00","guid":{"rendered":"https:\/\/kapitalis.com\/tunisie\/?p=10656480"},"modified":"2023-11-24T07:36:35","modified_gmt":"2023-11-24T06:36:35","slug":"marathon-comar-j-11-les-africains-au-sommet-de-lafrique","status":"publish","type":"post","link":"https:\/\/kapitalis.com\/tunisie\/2023\/11\/23\/marathon-comar-j-11-les-africains-au-sommet-de-lafrique\/","title":{"rendered":"Marathon Comar J-11\u00a0: Les Africains au sommet de l\u2019Afrique"},"content":{"rendered":"\n<p><strong><em>La 36<sup>e<\/sup> \u00e9dition du Marathon Comar, organis\u00e9 par les Assurances Comar, se tiendra le 3 d\u00e9cembre 2023, et les organisateurs tablent sur un nouveau record de 7000 participants, professionnels et amateurs, contre 5700 lors de la pr\u00e9c\u00e9dente \u00e9dition issus de 30 nationalit\u00e9s, notamment africaines.<\/em><\/strong> <strong><em>Et pour cause&#8230; <\/em><\/strong><\/p>\n\n\n\n<!--more-->\n\n\n\n<p>G\u00e9n\u00e9ralement, un participant sur cinq est \u00e9tranger. Les Maghr\u00e9bins et les Africains sont souvent les plus nombreux \u00e0 prendre la ligne de d\u00e9part aux c\u00f4t\u00e9s des Tunisiens, mais la plupart des nationalit\u00e9s arabes, europ\u00e9ennes et am\u00e9ricaines sont \u00e9galement repr\u00e9sent\u00e9es, et de plus en plus nombreux \u00e0 d\u00e9couvrir le Marathon Comar et \u00e0 y participer, en incitant souvent leurs parents et amis \u00e0 les accompagner pour le plaisir de participer \u00e0 une f\u00eate sportive et populaire et d\u00e9couvrir Tunis et ses environs qui ne manquent pas d\u2019attractions touristiques et autres.<\/p>\n\n\n\n<p>Cet \u00e9v\u00e9nement a \u00e9t\u00e9 lanc\u00e9 il y a 38 ans. Il a commenc\u00e9 comme une course locale \u00e0 laquelle prennent part des Tunisiennes et des Tunisiens amateurs de running et qui, dans les ann\u00e9es 1980 et 1990, \u00e9taient relativement peu nombreux, mais au fil des ans, des efforts ont \u00e9t\u00e9 faits par les Assurances Comar pour communiquer sur cet \u00e9v\u00e9nement sur des supports internationaux. Et on peut dire qu\u2019Internet et les r\u00e9seaux sociaux ont fait le reste, les coureurs communiquant entre eux dans des forums sp\u00e9cialis\u00e9s pour faire du Marathon Comar un rendez-vous couru par les coureurs du monde entier. Mais quand et comment cet \u00e9v\u00e9nement a-t-il acquis sa dimension internationale&nbsp;?<\/p>\n\n\n\n<p>On peut situer ce tournant en 2008 lorsque des coureurs \u00e9thiopiens et kenyans, qui sont de grands sp\u00e9cialistes de la discipline, ont commenc\u00e9 \u00e0 remporter la course. Cette ann\u00e9e l\u00e0, en effet, les vainqueurs ont en effet \u00e9t\u00e9 le Kenyan Muia Philip Makau, suivi du Suisse d\u2019origine \u00e9thiopienne Tesfaye Eticha, second, et de l\u2019Alg\u00e9rien Abed Boualem. <\/p>\n\n\n\n<p>C\u2019est depuis cette date qu\u2019a commenc\u00e9 le r\u00e8gne des Africains subsahariens sur le Marathon Comar. Parmi les coureurs noirs qui ont remport\u00e9 la course, on peut citer Kipchirchir Vincent (Kenya), Muia Philip Makau (Kenya), Kithuka Joseph Kituku (Kenya), Samuel Goitom Hadgu (Erythr\u00e9e), Mathew Kipsaat (Kenya), Melly Kipchirchir Rogers (Kenya), Bernard Sang (Kenya) et Kiptoo Edwin (Kenya).<\/p>\n\n\n\n<p>M\u00eame si certains athl\u00e8tes maghr\u00e9bins parviennent encore \u00e0 disputer le leadership de la comp\u00e9tition et \u00e0 bien se placer dans le classement final, cette domination africaine et notamment kenyane et \u00e9thiopienne promet de durer encore longtemps. Et pour cause, comme l\u2019explique V\u00e9ronique Billat, directrice du laboratoire d\u2019\u00e9tude de la physiologie de l\u2019exercice de l\u2019INSERM (France)\u00a0interrog\u00e9e \u00e0 ce sujet : <em>\u00abL\u2019Ethiopie est sur un plateau central dont l\u2019altitude varie entre 1 800 et 3 000m; le Kenya a une altitude moyenne de 1 850m).\u00a0En s&rsquo;entra\u00eenant en altitude, les coureurs de ces pays auraient la capacit\u00e9 \u00e0 consommer de l\u2019oxyg\u00e8ne avec un rendement sup\u00e9rieur aux autres athl\u00e8tes du m\u00eame niveau\u00bb<\/em>.<\/p>\n\n\n\n<p class=\"has-text-align-right\"><strong>I. B.<\/strong><\/p>\n\n\n\n<figure class=\"wp-block-embed is-type-wp-embed is-provider-kapitalis wp-block-embed-kapitalis\"><div class=\"wp-block-embed__wrapper\">\n<blockquote class=\"wp-embedded-content\" data-secret=\"OsKiXID8MD\"><a href=\"https:\/\/kapitalis.com\/tunisie\/2023\/11\/22\/marathon-comar-2023-j-11-tunis-court-chante-et-danse\/\">Marathon Comar 2023 J-11\u00a0: Tunis court, chante et danse<\/a><\/blockquote><iframe loading=\"lazy\" class=\"wp-embedded-content\" sandbox=\"allow-scripts\" security=\"restricted\" style=\"position: absolute; clip: rect(1px, 1px, 1px, 1px);\" title=\"\u00ab\u00a0Marathon Comar 2023 J-11\u00a0: Tunis court, chante et danse\u00a0\u00bb &#8212; Kapitalis\" src=\"https:\/\/kapitalis.com\/tunisie\/2023\/11\/22\/marathon-comar-2023-j-11-tunis-court-chante-et-danse\/embed\/#?secret=pkezOKZLnd#?secret=OsKiXID8MD\" data-secret=\"OsKiXID8MD\" width=\"600\" height=\"338\" frameborder=\"0\" marginwidth=\"0\" marginheight=\"0\" scrolling=\"no\"><\/iframe>\n<\/div><\/figure>\n\n\n\n<figure class=\"wp-block-embed is-type-wp-embed is-provider-kapitalis wp-block-embed-kapitalis\"><div class=\"wp-block-embed__wrapper\">\n<blockquote class=\"wp-embedded-content\" data-secret=\"KSpyq2tItD\"><a href=\"https:\/\/kapitalis.com\/tunisie\/2023\/11\/21\/marathon-comar-2023-j-12\/\">Marathon Comar 2023 J-12\u00a0: pour une Tunisie plus verte<\/a><\/blockquote><iframe loading=\"lazy\" class=\"wp-embedded-content\" sandbox=\"allow-scripts\" security=\"restricted\" style=\"position: absolute; clip: rect(1px, 1px, 1px, 1px);\" title=\"\u00ab\u00a0Marathon Comar 2023 J-12\u00a0: pour une Tunisie plus verte\u00a0\u00bb &#8212; Kapitalis\" src=\"https:\/\/kapitalis.com\/tunisie\/2023\/11\/21\/marathon-comar-2023-j-12\/embed\/#?secret=NXmxNKzQQK#?secret=KSpyq2tItD\" data-secret=\"KSpyq2tItD\" width=\"600\" height=\"338\" frameborder=\"0\" marginwidth=\"0\" marginheight=\"0\" scrolling=\"no\"><\/iframe>\n<\/div><\/figure>\n\n\n\n<figure class=\"wp-block-embed is-type-wp-embed is-provider-kapitalis wp-block-embed-kapitalis\"><div class=\"wp-block-embed__wrapper\">\n<blockquote class=\"wp-embedded-content\" data-secret=\"VhMpCK0RJc\"><a href=\"https:\/\/kapitalis.com\/tunisie\/2023\/11\/20\/marathon-comar-2023-j-13-courir-lesprit-tranquille\/\">Marathon Comar 2023 J-13\u00a0: courir l\u2019esprit tranquille<\/a><\/blockquote><iframe loading=\"lazy\" class=\"wp-embedded-content\" sandbox=\"allow-scripts\" security=\"restricted\" style=\"position: absolute; clip: rect(1px, 1px, 1px, 1px);\" title=\"\u00ab\u00a0Marathon Comar 2023 J-13\u00a0: courir l\u2019esprit tranquille\u00a0\u00bb &#8212; Kapitalis\" src=\"https:\/\/kapitalis.com\/tunisie\/2023\/11\/20\/marathon-comar-2023-j-13-courir-lesprit-tranquille\/embed\/#?secret=BfXUj9Zf0T#?secret=VhMpCK0RJc\" data-secret=\"VhMpCK0RJc\" width=\"600\" height=\"338\" frameborder=\"0\" marginwidth=\"0\" marginheight=\"0\" scrolling=\"no\"><\/iframe>\n<\/div><\/figure>\n\n\n\n<p class=\"has-text-align-right\"> <\/p>\n","protected":false},"excerpt":{"rendered":"<p>M\u00eame si certains athl\u00e8tes maghr\u00e9bins parviennent encore \u00e0 disputer le leadership du Marathon Comar, la domination africaine promet d&rsquo;y durer encore longtemps. <\/p>\n","protected":false},"author":8,"featured_media":10656593,"comment_status":"open","ping_status":"open","sticky":false,"template":"","format":"standard","meta":{"footnotes":""},"categories":[999,2433],"tags":[41,22214,31642,12536,7573],"class_list":["post-10656480","post","type-post","status-publish","format-standard","has-post-thumbnail","hentry","category-sport","category-tunisie","tag-afrique","tag-assurances-comar","tag-ethiopie","tag-kenya","tag-marathon-comar"],"yoast_head":"<!-- This site is optimized with the Yoast SEO plugin v26.6 - https:\/\/yoast.com\/wordpress\/plugins\/seo\/ -->\n<title>Marathon Comar J-11\u00a0: Les Africains au sommet de l\u2019Afrique - Kapitalis<\/title>\n<meta name=\"robots\" content=\"index, follow, max-snippet:-1, max-image-preview:large, max-video-preview:-1\" \/>\n<link rel=\"canonical\" href=\"https:\/\/kapitalis.com\/tunisie\/2023\/11\/23\/marathon-comar-j-11-les-africains-au-sommet-de-lafrique\/\" \/>\n<meta property=\"og:locale\" content=\"fr_FR\" \/>\n<meta property=\"og:type\" content=\"article\" \/>\n<meta property=\"og:title\" content=\"Marathon Comar J-11\u00a0: Les Africains au sommet de l\u2019Afrique - Kapitalis\" \/>\n<meta property=\"og:description\" content=\"M\u00eame si certains athl\u00e8tes maghr\u00e9bins parviennent encore \u00e0 disputer le leadership du Marathon Comar, la domination africaine promet d&#039;y durer encore longtemps.\" \/>\n<meta property=\"og:url\" content=\"https:\/\/kapitalis.com\/tunisie\/2023\/11\/23\/marathon-comar-j-11-les-africains-au-sommet-de-lafrique\/\" \/>\n<meta property=\"og:site_name\" content=\"Kapitalis\" \/>\n<meta property=\"article:publisher\" content=\"https:\/\/www.facebook.com\/KapitalisInfo\/\" \/>\n<meta property=\"article:published_time\" content=\"2023-11-23T22:45:00+00:00\" \/>\n<meta property=\"article:modified_time\" content=\"2023-11-24T06:36:35+00:00\" \/>\n<meta property=\"og:image\" content=\"https:\/\/kapitalis.com\/tunisie\/wp-content\/uploads\/2023\/11\/Marathon-Comar-Afrique.jpg\" \/>\n\t<meta property=\"og:image:width\" content=\"1200\" \/>\n\t<meta property=\"og:image:height\" content=\"630\" \/>\n\t<meta property=\"og:image:type\" content=\"image\/jpeg\" \/>\n<meta name=\"author\" content=\"webmaster kapitalis\" \/>\n<meta name=\"twitter:card\" content=\"summary_large_image\" \/>\n<meta name=\"twitter:creator\" content=\"@KapitalisInfo\" \/>\n<meta name=\"twitter:site\" content=\"@KapitalisInfo\" \/>\n<meta name=\"twitter:label1\" content=\"\u00c9crit par\" \/>\n\t<meta name=\"twitter:data1\" content=\"webmaster kapitalis\" \/>\n\t<meta name=\"twitter:label2\" content=\"Dur\u00e9e de lecture estim\u00e9e\" \/>\n\t<meta name=\"twitter:data2\" content=\"3 minutes\" \/>\n<script type=\"application\/ld+json\" class=\"yoast-schema-graph\">{\"@context\":\"https:\/\/schema.org\",\"@graph\":[{\"@type\":\"Article\",\"@id\":\"https:\/\/kapitalis.com\/tunisie\/2023\/11\/23\/marathon-comar-j-11-les-africains-au-sommet-de-lafrique\/#article\",\"isPartOf\":{\"@id\":\"https:\/\/kapitalis.com\/tunisie\/2023\/11\/23\/marathon-comar-j-11-les-africains-au-sommet-de-lafrique\/\"},\"author\":{\"name\":\"webmaster kapitalis\",\"@id\":\"https:\/\/kapitalis.com\/tunisie\/#\/schema\/person\/d71f33a9ca44f7bad4698210b480c8e9\"},\"headline\":\"Marathon Comar J-11\u00a0: Les Africains au sommet de l\u2019Afrique\",\"datePublished\":\"2023-11-23T22:45:00+00:00\",\"dateModified\":\"2023-11-24T06:36:35+00:00\",\"mainEntityOfPage\":{\"@id\":\"https:\/\/kapitalis.com\/tunisie\/2023\/11\/23\/marathon-comar-j-11-les-africains-au-sommet-de-lafrique\/\"},\"wordCount\":531,\"commentCount\":0,\"publisher\":{\"@id\":\"https:\/\/kapitalis.com\/tunisie\/#organization\"},\"image\":{\"@id\":\"https:\/\/kapitalis.com\/tunisie\/2023\/11\/23\/marathon-comar-j-11-les-africains-au-sommet-de-lafrique\/#primaryimage\"},\"thumbnailUrl\":\"https:\/\/kapitalis.com\/tunisie\/wp-content\/uploads\/2023\/11\/Marathon-Comar-Afrique.jpg\",\"keywords\":[\"Afrique\",\"Assurances Comar\",\"Ethiopie\",\"Kenya\",\"Marathon Comar\"],\"articleSection\":[\"SPORT\",\"Tunisie\"],\"inLanguage\":\"fr-FR\",\"potentialAction\":[{\"@type\":\"CommentAction\",\"name\":\"Comment\",\"target\":[\"https:\/\/kapitalis.com\/tunisie\/2023\/11\/23\/marathon-comar-j-11-les-africains-au-sommet-de-lafrique\/#respond\"]}]},{\"@type\":\"WebPage\",\"@id\":\"https:\/\/kapitalis.com\/tunisie\/2023\/11\/23\/marathon-comar-j-11-les-africains-au-sommet-de-lafrique\/\",\"url\":\"https:\/\/kapitalis.com\/tunisie\/2023\/11\/23\/marathon-comar-j-11-les-africains-au-sommet-de-lafrique\/\",\"name\":\"Marathon Comar J-11\u00a0: Les Africains au sommet de l\u2019Afrique - Kapitalis\",\"isPartOf\":{\"@id\":\"https:\/\/kapitalis.com\/tunisie\/#website\"},\"primaryImageOfPage\":{\"@id\":\"https:\/\/kapitalis.com\/tunisie\/2023\/11\/23\/marathon-comar-j-11-les-africains-au-sommet-de-lafrique\/#primaryimage\"},\"image\":{\"@id\":\"https:\/\/kapitalis.com\/tunisie\/2023\/11\/23\/marathon-comar-j-11-les-africains-au-sommet-de-lafrique\/#primaryimage\"},\"thumbnailUrl\":\"https:\/\/kapitalis.com\/tunisie\/wp-content\/uploads\/2023\/11\/Marathon-Comar-Afrique.jpg\",\"datePublished\":\"2023-11-23T22:45:00+00:00\",\"dateModified\":\"2023-11-24T06:36:35+00:00\",\"breadcrumb\":{\"@id\":\"https:\/\/kapitalis.com\/tunisie\/2023\/11\/23\/marathon-comar-j-11-les-africains-au-sommet-de-lafrique\/#breadcrumb\"},\"inLanguage\":\"fr-FR\",\"potentialAction\":[{\"@type\":\"ReadAction\",\"target\":[\"https:\/\/kapitalis.com\/tunisie\/2023\/11\/23\/marathon-comar-j-11-les-africains-au-sommet-de-lafrique\/\"]}]},{\"@type\":\"ImageObject\",\"inLanguage\":\"fr-FR\",\"@id\":\"https:\/\/kapitalis.com\/tunisie\/2023\/11\/23\/marathon-comar-j-11-les-africains-au-sommet-de-lafrique\/#primaryimage\",\"url\":\"https:\/\/kapitalis.com\/tunisie\/wp-content\/uploads\/2023\/11\/Marathon-Comar-Afrique.jpg\",\"contentUrl\":\"https:\/\/kapitalis.com\/tunisie\/wp-content\/uploads\/2023\/11\/Marathon-Comar-Afrique.jpg\",\"width\":1200,\"height\":630},{\"@type\":\"BreadcrumbList\",\"@id\":\"https:\/\/kapitalis.com\/tunisie\/2023\/11\/23\/marathon-comar-j-11-les-africains-au-sommet-de-lafrique\/#breadcrumb\",\"itemListElement\":[{\"@type\":\"ListItem\",\"position\":1,\"name\":\"Accueil\",\"item\":\"https:\/\/kapitalis.com\/tunisie\/\"},{\"@type\":\"ListItem\",\"position\":2,\"name\":\"Marathon Comar J-11\u00a0: Les Africains au sommet de l\u2019Afrique\"}]},{\"@type\":\"WebSite\",\"@id\":\"https:\/\/kapitalis.com\/tunisie\/#website\",\"url\":\"https:\/\/kapitalis.com\/tunisie\/\",\"name\":\"Kapitalis\",\"description\":\"L&#039;actualit\u00e9 en Tunisie et dans le monde\",\"publisher\":{\"@id\":\"https:\/\/kapitalis.com\/tunisie\/#organization\"},\"potentialAction\":[{\"@type\":\"SearchAction\",\"target\":{\"@type\":\"EntryPoint\",\"urlTemplate\":\"https:\/\/kapitalis.com\/tunisie\/?s={search_term_string}\"},\"query-input\":{\"@type\":\"PropertyValueSpecification\",\"valueRequired\":true,\"valueName\":\"search_term_string\"}}],\"inLanguage\":\"fr-FR\"},{\"@type\":\"Organization\",\"@id\":\"https:\/\/kapitalis.com\/tunisie\/#organization\",\"name\":\"Kapitalis\",\"url\":\"https:\/\/kapitalis.com\/tunisie\/\",\"logo\":{\"@type\":\"ImageObject\",\"inLanguage\":\"fr-FR\",\"@id\":\"https:\/\/kapitalis.com\/tunisie\/#\/schema\/logo\/image\/\",\"url\":\"https:\/\/kapitalis.com\/tunisie\/wp-content\/uploads\/2022\/05\/Kapitalis-big-size.png\",\"contentUrl\":\"https:\/\/kapitalis.com\/tunisie\/wp-content\/uploads\/2022\/05\/Kapitalis-big-size.png\",\"width\":5000,\"height\":1500,\"caption\":\"Kapitalis\"},\"image\":{\"@id\":\"https:\/\/kapitalis.com\/tunisie\/#\/schema\/logo\/image\/\"},\"sameAs\":[\"https:\/\/www.facebook.com\/KapitalisInfo\/\",\"https:\/\/x.com\/KapitalisInfo\",\"https:\/\/www.youtube.com\/channel\/UC-yDYrHyfFBWWZaOw3FPg9Q\"]},{\"@type\":\"Person\",\"@id\":\"https:\/\/kapitalis.com\/tunisie\/#\/schema\/person\/d71f33a9ca44f7bad4698210b480c8e9\",\"name\":\"webmaster kapitalis\",\"url\":\"https:\/\/kapitalis.com\/tunisie\/author\/webmaster-kapitalis\/\"}]}<\/script>\n<!-- \/ Yoast SEO plugin. -->","yoast_head_json":{"title":"Marathon Comar J-11\u00a0: Les Africains au sommet de l\u2019Afrique - Kapitalis","robots":{"index":"index","follow":"follow","max-snippet":"max-snippet:-1","max-image-preview":"max-image-preview:large","max-video-preview":"max-video-preview:-1"},"canonical":"https:\/\/kapitalis.com\/tunisie\/2023\/11\/23\/marathon-comar-j-11-les-africains-au-sommet-de-lafrique\/","og_locale":"fr_FR","og_type":"article","og_title":"Marathon Comar J-11\u00a0: Les Africains au sommet de l\u2019Afrique - Kapitalis","og_description":"M\u00eame si certains athl\u00e8tes maghr\u00e9bins parviennent encore \u00e0 disputer le leadership du Marathon Comar, la domination africaine promet d'y durer encore longtemps.","og_url":"https:\/\/kapitalis.com\/tunisie\/2023\/11\/23\/marathon-comar-j-11-les-africains-au-sommet-de-lafrique\/","og_site_name":"Kapitalis","article_publisher":"https:\/\/www.facebook.com\/KapitalisInfo\/","article_published_time":"2023-11-23T22:45:00+00:00","article_modified_time":"2023-11-24T06:36:35+00:00","og_image":[{"width":1200,"height":630,"url":"https:\/\/kapitalis.com\/tunisie\/wp-content\/uploads\/2023\/11\/Marathon-Comar-Afrique.jpg","type":"image\/jpeg"}],"author":"webmaster kapitalis","twitter_card":"summary_large_image","twitter_creator":"@KapitalisInfo","twitter_site":"@KapitalisInfo","twitter_misc":{"\u00c9crit par":"webmaster kapitalis","Dur\u00e9e de lecture estim\u00e9e":"3 minutes"},"schema":{"@context":"https:\/\/schema.org","@graph":[{"@type":"Article","@id":"https:\/\/kapitalis.com\/tunisie\/2023\/11\/23\/marathon-comar-j-11-les-africains-au-sommet-de-lafrique\/#article","isPartOf":{"@id":"https:\/\/kapitalis.com\/tunisie\/2023\/11\/23\/marathon-comar-j-11-les-africains-au-sommet-de-lafrique\/"},"author":{"name":"webmaster kapitalis","@id":"https:\/\/kapitalis.com\/tunisie\/#\/schema\/person\/d71f33a9ca44f7bad4698210b480c8e9"},"headline":"Marathon Comar J-11\u00a0: Les Africains au sommet de l\u2019Afrique","datePublished":"2023-11-23T22:45:00+00:00","dateModified":"2023-11-24T06:36:35+00:00","mainEntityOfPage":{"@id":"https:\/\/kapitalis.com\/tunisie\/2023\/11\/23\/marathon-comar-j-11-les-africains-au-sommet-de-lafrique\/"},"wordCount":531,"commentCount":0,"publisher":{"@id":"https:\/\/kapitalis.com\/tunisie\/#organization"},"image":{"@id":"https:\/\/kapitalis.com\/tunisie\/2023\/11\/23\/marathon-comar-j-11-les-africains-au-sommet-de-lafrique\/#primaryimage"},"thumbnailUrl":"https:\/\/kapitalis.com\/tunisie\/wp-content\/uploads\/2023\/11\/Marathon-Comar-Afrique.jpg","keywords":["Afrique","Assurances Comar","Ethiopie","Kenya","Marathon Comar"],"articleSection":["SPORT","Tunisie"],"inLanguage":"fr-FR","potentialAction":[{"@type":"CommentAction","name":"Comment","target":["https:\/\/kapitalis.com\/tunisie\/2023\/11\/23\/marathon-comar-j-11-les-africains-au-sommet-de-lafrique\/#respond"]}]},{"@type":"WebPage","@id":"https:\/\/kapitalis.com\/tunisie\/2023\/11\/23\/marathon-comar-j-11-les-africains-au-sommet-de-lafrique\/","url":"https:\/\/kapitalis.com\/tunisie\/2023\/11\/23\/marathon-comar-j-11-les-africains-au-sommet-de-lafrique\/","name":"Marathon Comar J-11\u00a0: Les Africains au sommet de l\u2019Afrique - Kapitalis","isPartOf":{"@id":"https:\/\/kapitalis.com\/tunisie\/#website"},"primaryImageOfPage":{"@id":"https:\/\/kapitalis.com\/tunisie\/2023\/11\/23\/marathon-comar-j-11-les-africains-au-sommet-de-lafrique\/#primaryimage"},"image":{"@id":"https:\/\/kapitalis.com\/tunisie\/2023\/11\/23\/marathon-comar-j-11-les-africains-au-sommet-de-lafrique\/#primaryimage"},"thumbnailUrl":"https:\/\/kapitalis.com\/tunisie\/wp-content\/uploads\/2023\/11\/Marathon-Comar-Afrique.jpg","datePublished":"2023-11-23T22:45:00+00:00","dateModified":"2023-11-24T06:36:35+00:00","breadcrumb":{"@id":"https:\/\/kapitalis.com\/tunisie\/2023\/11\/23\/marathon-comar-j-11-les-africains-au-sommet-de-lafrique\/#breadcrumb"},"inLanguage":"fr-FR","potentialAction":[{"@type":"ReadAction","target":["https:\/\/kapitalis.com\/tunisie\/2023\/11\/23\/marathon-comar-j-11-les-africains-au-sommet-de-lafrique\/"]}]},{"@type":"ImageObject","inLanguage":"fr-FR","@id":"https:\/\/kapitalis.com\/tunisie\/2023\/11\/23\/marathon-comar-j-11-les-africains-au-sommet-de-lafrique\/#primaryimage","url":"https:\/\/kapitalis.com\/tunisie\/wp-content\/uploads\/2023\/11\/Marathon-Comar-Afrique.jpg","contentUrl":"https:\/\/kapitalis.com\/tunisie\/wp-content\/uploads\/2023\/11\/Marathon-Comar-Afrique.jpg","width":1200,"height":630},{"@type":"BreadcrumbList","@id":"https:\/\/kapitalis.com\/tunisie\/2023\/11\/23\/marathon-comar-j-11-les-africains-au-sommet-de-lafrique\/#breadcrumb","itemListElement":[{"@type":"ListItem","position":1,"name":"Accueil","item":"https:\/\/kapitalis.com\/tunisie\/"},{"@type":"ListItem","position":2,"name":"Marathon Comar J-11\u00a0: Les Africains au sommet de l\u2019Afrique"}]},{"@type":"WebSite","@id":"https:\/\/kapitalis.com\/tunisie\/#website","url":"https:\/\/kapitalis.com\/tunisie\/","name":"Kapitalis","description":"L&#039;actualit\u00e9 en Tunisie et dans le monde","publisher":{"@id":"https:\/\/kapitalis.com\/tunisie\/#organization"},"potentialAction":[{"@type":"SearchAction","target":{"@type":"EntryPoint","urlTemplate":"https:\/\/kapitalis.com\/tunisie\/?s={search_term_string}"},"query-input":{"@type":"PropertyValueSpecification","valueRequired":true,"valueName":"search_term_string"}}],"inLanguage":"fr-FR"},{"@type":"Organization","@id":"https:\/\/kapitalis.com\/tunisie\/#organization","name":"Kapitalis","url":"https:\/\/kapitalis.com\/tunisie\/","logo":{"@type":"ImageObject","inLanguage":"fr-FR","@id":"https:\/\/kapitalis.com\/tunisie\/#\/schema\/logo\/image\/","url":"https:\/\/kapitalis.com\/tunisie\/wp-content\/uploads\/2022\/05\/Kapitalis-big-size.png","contentUrl":"https:\/\/kapitalis.com\/tunisie\/wp-content\/uploads\/2022\/05\/Kapitalis-big-size.png","width":5000,"height":1500,"caption":"Kapitalis"},"image":{"@id":"https:\/\/kapitalis.com\/tunisie\/#\/schema\/logo\/image\/"},"sameAs":["https:\/\/www.facebook.com\/KapitalisInfo\/","https:\/\/x.com\/KapitalisInfo","https:\/\/www.youtube.com\/channel\/UC-yDYrHyfFBWWZaOw3FPg9Q"]},{"@type":"Person","@id":"https:\/\/kapitalis.com\/tunisie\/#\/schema\/person\/d71f33a9ca44f7bad4698210b480c8e9","name":"webmaster kapitalis","url":"https:\/\/kapitalis.com\/tunisie\/author\/webmaster-kapitalis\/"}]}},"_links":{"self":[{"href":"https:\/\/kapitalis.com\/tunisie\/wp-json\/wp\/v2\/posts\/10656480","targetHints":{"allow":["GET"]}}],"collection":[{"href":"https:\/\/kapitalis.com\/tunisie\/wp-json\/wp\/v2\/posts"}],"about":[{"href":"https:\/\/kapitalis.com\/tunisie\/wp-json\/wp\/v2\/types\/post"}],"author":[{"embeddable":true,"href":"https:\/\/kapitalis.com\/tunisie\/wp-json\/wp\/v2\/users\/8"}],"replies":[{"embeddable":true,"href":"https:\/\/kapitalis.com\/tunisie\/wp-json\/wp\/v2\/comments?post=10656480"}],"version-history":[{"count":1,"href":"https:\/\/kapitalis.com\/tunisie\/wp-json\/wp\/v2\/posts\/10656480\/revisions"}],"predecessor-version":[{"id":10656603,"href":"https:\/\/kapitalis.com\/tunisie\/wp-json\/wp\/v2\/posts\/10656480\/revisions\/10656603"}],"wp:featuredmedia":[{"embeddable":true,"href":"https:\/\/kapitalis.com\/tunisie\/wp-json\/wp\/v2\/media\/10656593"}],"wp:attachment":[{"href":"https:\/\/kapitalis.com\/tunisie\/wp-json\/wp\/v2\/media?parent=10656480"}],"wp:term":[{"taxonomy":"category","embeddable":true,"href":"https:\/\/kapitalis.com\/tunisie\/wp-json\/wp\/v2\/categories?post=10656480"},{"taxonomy":"post_tag","embeddable":true,"href":"https:\/\/kapitalis.com\/tunisie\/wp-json\/wp\/v2\/tags?post=10656480"}],"curies":[{"name":"wp","href":"https:\/\/api.w.org\/{rel}","templated":true}]}}