{"id":106608,"date":"2017-07-17T17:37:07","date_gmt":"2017-07-17T16:37:07","guid":{"rendered":"http:\/\/kapitalis.com\/tunisie\/?p=106608"},"modified":"2017-07-17T17:37:07","modified_gmt":"2017-07-17T16:37:07","slug":"hotel-lti-bellevue-park-contrat-de-gestion-avec-der-touritisk","status":"publish","type":"post","link":"https:\/\/kapitalis.com\/tunisie\/2017\/07\/17\/hotel-lti-bellevue-park-contrat-de-gestion-avec-der-touritisk\/","title":{"rendered":"H\u00f4tel lti Bellevue Park : Contrat de gestion avec DER Touritisk"},"content":{"rendered":"<p style=\"text-align: center;\"><img loading=\"lazy\" decoding=\"async\" class=\"alignnone size-full wp-image-106609\" src=\"http:\/\/kapitalis.com\/tunisie\/wp-content\/uploads\/2017\/07\/Hichem-Driss-ITI.jpg\" alt=\"\" width=\"626\" height=\"380\" \/><br \/>\n<em>Rolf Krahl, CFO de DTH , Hichem Driss, propri\u00e9taire du lti Bellevue Park, et Christian Grage, DG de DTH.<\/em><\/p>\n<p><em><strong>La soci\u00e9t\u00e9 de gestion h\u00f4teli\u00e8re DER Touritisk a sign\u00e9 r\u00e9cemment un contrat de gestion pour compte de l\u2019h\u00f4tel lti Bellevue Park, \u00e0 Sousse.<\/strong><\/em><\/p>\n<p><!--more--><\/p>\n<p>Avec DER Touritisk Hotels (DTH), lti Bellevue Park, h\u00f4tel pris\u00e9 de la cat\u00e9gorie 4 \u00e9toiles superior, situ\u00e9 \u00e0 Port El Kantaoui, \u00e0 Hammam-Sousse, s\u2019engage dans une nouvelle voie.<\/p>\n<p><em>\u00abAvec un contrat de gestion pour compte, nous avons en tant que cha\u00eene h\u00f4teli\u00e8re une plus grande influence sur la qualit\u00e9 et l\u2019exploitation de chaque unit\u00e9. C\u2019est une \u00e9tape importante pour notre strat\u00e9gie future\u00bb,<\/em> explique Christian Grage, directeur g\u00e9n\u00e9ral de DTH Hotels.<\/p>\n<p>Un contrat de gestion pour compte est fond\u00e9 sur la confiance entre le propri\u00e9taire et l\u2019exploitant, une responsabilit\u00e9 active et une collaboration renforc\u00e9e et strat\u00e9gique avec le propri\u00e9taire.<\/p>\n<p><em>\u00abNous continuons \u00e9galement \u00e0 cibler des partenaires h\u00f4teliers exp\u00e9riment\u00e9s et tourn\u00e9s vers l\u2019avenir, afin de d\u00e9velopper ensemble des destinations dans des zones cibles et d\u2019offrir de nouvelles perspectives et de nouvelles exp\u00e9riences aux vacanciers comme aux employ\u00e9s\u00bb<\/em>, a ajout\u00e9 M. Grage.<\/p>\n<p>Les 380 chambres d\u2019lti Bellevue Park seront compl\u00e8tement r\u00e9nov\u00e9es dans les prochains mois, avant la r\u00e9ouverture de l\u2019h\u00f4tel en janvier 2018 en tant que 5 \u00e9toiles sous la banni\u00e8re lti.<\/p>\n<p>L\u2019h\u00f4tel offre tous les \u00e9quipements d\u2019un \u00e9tablissement ouvert toute l\u2019ann\u00e9e, y compris une piscine couverte chauff\u00e9e, un centre Spa et un mini-club. La superficie des chambres est d\u2019au moins 30 m2. Les chambres familiales, avec deux chambres \u00e0 coucher et deux salles de bains, offrent une g\u00e9n\u00e9reuse surface de 75 m2.<\/p>\n<p>En hiver, les clients disposent d\u2019un large programme de sport, culture et activit\u00e9s de loisirs. Le terrain de golf voisin, El Kantaoui (36 trous), propose aux clients de l\u2019h\u00f4tel des r\u00e9ductions sur les greenfees.<\/p>\n<p>lti hotels est la marque h\u00f4teli\u00e8re avec un petit quelque chose en plus pour les h\u00f4tels de prestige 4 et 5 \u00e9toiles. Elle est pr\u00e9sente sur les \u00eeles espagnoles et grecques, \u00e0 Madeire, en Egypte, en Bulgarie, au Maroc, en Tunisie et en Turquie.<\/p>\n<p>Le groupe DER Touristik repr\u00e9sente 5,43 milliards d\u2019euros de chiffre d\u2019affaires et environ 10.600 employ\u00e9-e-s (2015) \u00e0 travers des soci\u00e9t\u00e9s touristiques de premier plan en Europe. Il est la branche voyages du groupe commercial et touristique international Rewe.<br \/>\n7,1 millions de clients en provenance de 14 pays europ\u00e9ens voyagent chaque ann\u00e9e avec les soci\u00e9t\u00e9s du groupe DER Touristik dans 14 destinations \u00e0 travers le monde.<\/p>\n<p>Parmi les soci\u00e9t\u00e9s de voyages, on compte par volume d\u2019activit\u00e9 les marques ITS, Jahn Reisen, Travelix, Dertour, Meier\u2019s Weltreisen et ADAC Reisen ainsi que Clevertours (Allemagne), Kuoni (Suisse et Grande-Bretagne), Helvetic Tours (Suisse) et Apollo (Europe du Nord).<\/p>\n<p>En Autriche et en Europe de l\u2019Est, le groupe DER Touristik est repr\u00e9sent\u00e9 par ses propres op\u00e9rateurs et des partenariats (ITS Billa, ITS Coop Travel, Jahn Reisen, Dertour, Meier\u2019s Weltreisen, Transair) ainsi que via une participation majoritaire dans Exim Holding (Exim Tours, Kartago Tours).<\/p>\n<p>Le groupe DER Touristik op\u00e8re dans la distribution de voyages \u00e0 travers environ 2400 points de vente en Europe. En Allemagne, il est leader du march\u00e9 avec 2100 agences de voyages \u2013 lesquelles rel\u00e8vent de la cha\u00eene DER Reiseb\u00fcro, de la franchise Derpart ainsi que de l\u2019organisation d\u2019agences de voyages ind\u00e9pendantes de taille moyenne r\u00e9unies sous la marque DER Touristik Partner-Service (DTPS).<\/p>\n<p>La branche voyages d\u2019affaires FCM Travel Solutions compte des entreprises moyennes et des soci\u00e9t\u00e9s actives \u00e0 l\u2019international, outre des services \u00e9tendus autour de la gestion des voyages d\u2019affaires.<\/p>\n<p>En Suisse, DER Touristik dispose de 80 agences de voyages (Kuoni, Helvetic Tours, Rewi Reisen et Premium Specialists), en Grande-Bretagne se trouvent 49 Kuoni Stores. En Europe de l\u2019Est, 200 filiales du holding Exim renforcent le r\u00e9seau d\u2019agences de voyages.<\/p>\n<p>Enfin, la compagnie charter su\u00e9doise Novair et 78 h\u00f4tels des marques Club Calimera, PrimaSol, lti hotels, Cooee et Playitas (resorts sportifs \u00e0 Fuerteventura) appartiennent au groupe.<\/p>\n<p><em><strong>Source<\/strong><\/em> : communiqu\u00e9.<\/p>\n<p>&nbsp;<\/p>\n<p>&nbsp;<\/p>\n<p>&nbsp;<\/p>\n","protected":false},"excerpt":{"rendered":"<p>Rolf Krahl, CFO de DTH , Hichem Driss, propri\u00e9taire du lti Bellevue Park, et Christian Grage, DG de DTH. La soci\u00e9t\u00e9 de gestion h\u00f4teli\u00e8re DER Touritisk a sign\u00e9 r\u00e9cemment un contrat de gestion pour compte de l\u2019h\u00f4tel lti Bellevue Park, \u00e0 Sousse.<\/p>\n","protected":false},"author":8,"featured_media":106609,"comment_status":"open","ping_status":"open","sticky":false,"template":"","format":"standard","meta":{"footnotes":""},"categories":[995,2433],"tags":[2857,12045],"class_list":["post-106608","post","type-post","status-publish","format-standard","has-post-thumbnail","hentry","category-economie","category-tunisie","tag-hammam-sousse","tag-port-el-kantaoui"],"yoast_head":"<!-- This site is optimized with the Yoast SEO plugin v26.6 - https:\/\/yoast.com\/wordpress\/plugins\/seo\/ -->\n<title>H\u00f4tel lti Bellevue Park : Contrat de gestion avec DER Touritisk - Kapitalis<\/title>\n<meta name=\"robots\" content=\"index, follow, max-snippet:-1, max-image-preview:large, max-video-preview:-1\" \/>\n<link rel=\"canonical\" href=\"https:\/\/kapitalis.com\/tunisie\/2017\/07\/17\/hotel-lti-bellevue-park-contrat-de-gestion-avec-der-touritisk\/\" \/>\n<meta property=\"og:locale\" content=\"fr_FR\" \/>\n<meta property=\"og:type\" content=\"article\" \/>\n<meta property=\"og:title\" content=\"H\u00f4tel lti Bellevue Park : Contrat de gestion avec DER Touritisk - Kapitalis\" \/>\n<meta property=\"og:description\" content=\"Rolf Krahl, CFO de DTH , Hichem Driss, propri\u00e9taire du lti Bellevue Park, et Christian Grage, DG de DTH. La soci\u00e9t\u00e9 de gestion h\u00f4teli\u00e8re DER Touritisk a sign\u00e9 r\u00e9cemment un contrat de gestion pour compte de l\u2019h\u00f4tel lti Bellevue Park, \u00e0 Sousse.\" \/>\n<meta property=\"og:url\" content=\"https:\/\/kapitalis.com\/tunisie\/2017\/07\/17\/hotel-lti-bellevue-park-contrat-de-gestion-avec-der-touritisk\/\" \/>\n<meta property=\"og:site_name\" content=\"Kapitalis\" \/>\n<meta property=\"article:publisher\" content=\"https:\/\/www.facebook.com\/KapitalisInfo\/\" \/>\n<meta property=\"article:published_time\" content=\"2017-07-17T16:37:07+00:00\" \/>\n<meta property=\"og:image\" content=\"https:\/\/kapitalis.com\/tunisie\/wp-content\/uploads\/2022\/05\/kapitalis-logo-fb.png\" \/>\n\t<meta property=\"og:image:width\" content=\"1200\" \/>\n\t<meta property=\"og:image:height\" content=\"630\" \/>\n\t<meta property=\"og:image:type\" content=\"image\/png\" \/>\n<meta name=\"author\" content=\"webmaster kapitalis\" \/>\n<meta name=\"twitter:card\" content=\"summary_large_image\" \/>\n<meta name=\"twitter:creator\" content=\"@KapitalisInfo\" \/>\n<meta name=\"twitter:site\" content=\"@KapitalisInfo\" \/>\n<meta name=\"twitter:label1\" content=\"\u00c9crit par\" \/>\n\t<meta name=\"twitter:data1\" content=\"webmaster kapitalis\" \/>\n\t<meta name=\"twitter:label2\" content=\"Dur\u00e9e de lecture estim\u00e9e\" \/>\n\t<meta name=\"twitter:data2\" content=\"4 minutes\" \/>\n<script type=\"application\/ld+json\" class=\"yoast-schema-graph\">{\"@context\":\"https:\/\/schema.org\",\"@graph\":[{\"@type\":\"Article\",\"@id\":\"https:\/\/kapitalis.com\/tunisie\/2017\/07\/17\/hotel-lti-bellevue-park-contrat-de-gestion-avec-der-touritisk\/#article\",\"isPartOf\":{\"@id\":\"https:\/\/kapitalis.com\/tunisie\/2017\/07\/17\/hotel-lti-bellevue-park-contrat-de-gestion-avec-der-touritisk\/\"},\"author\":{\"name\":\"webmaster kapitalis\",\"@id\":\"https:\/\/kapitalis.com\/tunisie\/#\/schema\/person\/d71f33a9ca44f7bad4698210b480c8e9\"},\"headline\":\"H\u00f4tel lti Bellevue Park : Contrat de gestion avec DER Touritisk\",\"datePublished\":\"2017-07-17T16:37:07+00:00\",\"mainEntityOfPage\":{\"@id\":\"https:\/\/kapitalis.com\/tunisie\/2017\/07\/17\/hotel-lti-bellevue-park-contrat-de-gestion-avec-der-touritisk\/\"},\"wordCount\":719,\"commentCount\":0,\"publisher\":{\"@id\":\"https:\/\/kapitalis.com\/tunisie\/#organization\"},\"image\":{\"@id\":\"https:\/\/kapitalis.com\/tunisie\/2017\/07\/17\/hotel-lti-bellevue-park-contrat-de-gestion-avec-der-touritisk\/#primaryimage\"},\"thumbnailUrl\":\"\",\"keywords\":[\"Hammam Sousse\",\"Port El-Kantaoui\"],\"articleSection\":[\"ECONOMIE\",\"Tunisie\"],\"inLanguage\":\"fr-FR\",\"potentialAction\":[{\"@type\":\"CommentAction\",\"name\":\"Comment\",\"target\":[\"https:\/\/kapitalis.com\/tunisie\/2017\/07\/17\/hotel-lti-bellevue-park-contrat-de-gestion-avec-der-touritisk\/#respond\"]}]},{\"@type\":\"WebPage\",\"@id\":\"https:\/\/kapitalis.com\/tunisie\/2017\/07\/17\/hotel-lti-bellevue-park-contrat-de-gestion-avec-der-touritisk\/\",\"url\":\"https:\/\/kapitalis.com\/tunisie\/2017\/07\/17\/hotel-lti-bellevue-park-contrat-de-gestion-avec-der-touritisk\/\",\"name\":\"H\u00f4tel lti Bellevue Park : Contrat de gestion avec DER Touritisk - Kapitalis\",\"isPartOf\":{\"@id\":\"https:\/\/kapitalis.com\/tunisie\/#website\"},\"primaryImageOfPage\":{\"@id\":\"https:\/\/kapitalis.com\/tunisie\/2017\/07\/17\/hotel-lti-bellevue-park-contrat-de-gestion-avec-der-touritisk\/#primaryimage\"},\"image\":{\"@id\":\"https:\/\/kapitalis.com\/tunisie\/2017\/07\/17\/hotel-lti-bellevue-park-contrat-de-gestion-avec-der-touritisk\/#primaryimage\"},\"thumbnailUrl\":\"\",\"datePublished\":\"2017-07-17T16:37:07+00:00\",\"breadcrumb\":{\"@id\":\"https:\/\/kapitalis.com\/tunisie\/2017\/07\/17\/hotel-lti-bellevue-park-contrat-de-gestion-avec-der-touritisk\/#breadcrumb\"},\"inLanguage\":\"fr-FR\",\"potentialAction\":[{\"@type\":\"ReadAction\",\"target\":[\"https:\/\/kapitalis.com\/tunisie\/2017\/07\/17\/hotel-lti-bellevue-park-contrat-de-gestion-avec-der-touritisk\/\"]}]},{\"@type\":\"ImageObject\",\"inLanguage\":\"fr-FR\",\"@id\":\"https:\/\/kapitalis.com\/tunisie\/2017\/07\/17\/hotel-lti-bellevue-park-contrat-de-gestion-avec-der-touritisk\/#primaryimage\",\"url\":\"\",\"contentUrl\":\"\"},{\"@type\":\"BreadcrumbList\",\"@id\":\"https:\/\/kapitalis.com\/tunisie\/2017\/07\/17\/hotel-lti-bellevue-park-contrat-de-gestion-avec-der-touritisk\/#breadcrumb\",\"itemListElement\":[{\"@type\":\"ListItem\",\"position\":1,\"name\":\"Accueil\",\"item\":\"https:\/\/kapitalis.com\/tunisie\/\"},{\"@type\":\"ListItem\",\"position\":2,\"name\":\"H\u00f4tel lti Bellevue Park : Contrat de gestion avec DER Touritisk\"}]},{\"@type\":\"WebSite\",\"@id\":\"https:\/\/kapitalis.com\/tunisie\/#website\",\"url\":\"https:\/\/kapitalis.com\/tunisie\/\",\"name\":\"Kapitalis\",\"description\":\"L&#039;actualit\u00e9 en Tunisie et dans le monde\",\"publisher\":{\"@id\":\"https:\/\/kapitalis.com\/tunisie\/#organization\"},\"potentialAction\":[{\"@type\":\"SearchAction\",\"target\":{\"@type\":\"EntryPoint\",\"urlTemplate\":\"https:\/\/kapitalis.com\/tunisie\/?s={search_term_string}\"},\"query-input\":{\"@type\":\"PropertyValueSpecification\",\"valueRequired\":true,\"valueName\":\"search_term_string\"}}],\"inLanguage\":\"fr-FR\"},{\"@type\":\"Organization\",\"@id\":\"https:\/\/kapitalis.com\/tunisie\/#organization\",\"name\":\"Kapitalis\",\"url\":\"https:\/\/kapitalis.com\/tunisie\/\",\"logo\":{\"@type\":\"ImageObject\",\"inLanguage\":\"fr-FR\",\"@id\":\"https:\/\/kapitalis.com\/tunisie\/#\/schema\/logo\/image\/\",\"url\":\"https:\/\/kapitalis.com\/tunisie\/wp-content\/uploads\/2022\/05\/Kapitalis-big-size.png\",\"contentUrl\":\"https:\/\/kapitalis.com\/tunisie\/wp-content\/uploads\/2022\/05\/Kapitalis-big-size.png\",\"width\":5000,\"height\":1500,\"caption\":\"Kapitalis\"},\"image\":{\"@id\":\"https:\/\/kapitalis.com\/tunisie\/#\/schema\/logo\/image\/\"},\"sameAs\":[\"https:\/\/www.facebook.com\/KapitalisInfo\/\",\"https:\/\/x.com\/KapitalisInfo\",\"https:\/\/www.youtube.com\/channel\/UC-yDYrHyfFBWWZaOw3FPg9Q\"]},{\"@type\":\"Person\",\"@id\":\"https:\/\/kapitalis.com\/tunisie\/#\/schema\/person\/d71f33a9ca44f7bad4698210b480c8e9\",\"name\":\"webmaster kapitalis\",\"url\":\"https:\/\/kapitalis.com\/tunisie\/author\/webmaster-kapitalis\/\"}]}<\/script>\n<!-- \/ Yoast SEO plugin. -->","yoast_head_json":{"title":"H\u00f4tel lti Bellevue Park : Contrat de gestion avec DER Touritisk - Kapitalis","robots":{"index":"index","follow":"follow","max-snippet":"max-snippet:-1","max-image-preview":"max-image-preview:large","max-video-preview":"max-video-preview:-1"},"canonical":"https:\/\/kapitalis.com\/tunisie\/2017\/07\/17\/hotel-lti-bellevue-park-contrat-de-gestion-avec-der-touritisk\/","og_locale":"fr_FR","og_type":"article","og_title":"H\u00f4tel lti Bellevue Park : Contrat de gestion avec DER Touritisk - Kapitalis","og_description":"Rolf Krahl, CFO de DTH , Hichem Driss, propri\u00e9taire du lti Bellevue Park, et Christian Grage, DG de DTH. La soci\u00e9t\u00e9 de gestion h\u00f4teli\u00e8re DER Touritisk a sign\u00e9 r\u00e9cemment un contrat de gestion pour compte de l\u2019h\u00f4tel lti Bellevue Park, \u00e0 Sousse.","og_url":"https:\/\/kapitalis.com\/tunisie\/2017\/07\/17\/hotel-lti-bellevue-park-contrat-de-gestion-avec-der-touritisk\/","og_site_name":"Kapitalis","article_publisher":"https:\/\/www.facebook.com\/KapitalisInfo\/","article_published_time":"2017-07-17T16:37:07+00:00","og_image":[{"width":1200,"height":630,"url":"https:\/\/kapitalis.com\/tunisie\/wp-content\/uploads\/2022\/05\/kapitalis-logo-fb.png","type":"image\/png"}],"author":"webmaster kapitalis","twitter_card":"summary_large_image","twitter_creator":"@KapitalisInfo","twitter_site":"@KapitalisInfo","twitter_misc":{"\u00c9crit par":"webmaster kapitalis","Dur\u00e9e de lecture estim\u00e9e":"4 minutes"},"schema":{"@context":"https:\/\/schema.org","@graph":[{"@type":"Article","@id":"https:\/\/kapitalis.com\/tunisie\/2017\/07\/17\/hotel-lti-bellevue-park-contrat-de-gestion-avec-der-touritisk\/#article","isPartOf":{"@id":"https:\/\/kapitalis.com\/tunisie\/2017\/07\/17\/hotel-lti-bellevue-park-contrat-de-gestion-avec-der-touritisk\/"},"author":{"name":"webmaster kapitalis","@id":"https:\/\/kapitalis.com\/tunisie\/#\/schema\/person\/d71f33a9ca44f7bad4698210b480c8e9"},"headline":"H\u00f4tel lti Bellevue Park : Contrat de gestion avec DER Touritisk","datePublished":"2017-07-17T16:37:07+00:00","mainEntityOfPage":{"@id":"https:\/\/kapitalis.com\/tunisie\/2017\/07\/17\/hotel-lti-bellevue-park-contrat-de-gestion-avec-der-touritisk\/"},"wordCount":719,"commentCount":0,"publisher":{"@id":"https:\/\/kapitalis.com\/tunisie\/#organization"},"image":{"@id":"https:\/\/kapitalis.com\/tunisie\/2017\/07\/17\/hotel-lti-bellevue-park-contrat-de-gestion-avec-der-touritisk\/#primaryimage"},"thumbnailUrl":"","keywords":["Hammam Sousse","Port El-Kantaoui"],"articleSection":["ECONOMIE","Tunisie"],"inLanguage":"fr-FR","potentialAction":[{"@type":"CommentAction","name":"Comment","target":["https:\/\/kapitalis.com\/tunisie\/2017\/07\/17\/hotel-lti-bellevue-park-contrat-de-gestion-avec-der-touritisk\/#respond"]}]},{"@type":"WebPage","@id":"https:\/\/kapitalis.com\/tunisie\/2017\/07\/17\/hotel-lti-bellevue-park-contrat-de-gestion-avec-der-touritisk\/","url":"https:\/\/kapitalis.com\/tunisie\/2017\/07\/17\/hotel-lti-bellevue-park-contrat-de-gestion-avec-der-touritisk\/","name":"H\u00f4tel lti Bellevue Park : Contrat de gestion avec DER Touritisk - Kapitalis","isPartOf":{"@id":"https:\/\/kapitalis.com\/tunisie\/#website"},"primaryImageOfPage":{"@id":"https:\/\/kapitalis.com\/tunisie\/2017\/07\/17\/hotel-lti-bellevue-park-contrat-de-gestion-avec-der-touritisk\/#primaryimage"},"image":{"@id":"https:\/\/kapitalis.com\/tunisie\/2017\/07\/17\/hotel-lti-bellevue-park-contrat-de-gestion-avec-der-touritisk\/#primaryimage"},"thumbnailUrl":"","datePublished":"2017-07-17T16:37:07+00:00","breadcrumb":{"@id":"https:\/\/kapitalis.com\/tunisie\/2017\/07\/17\/hotel-lti-bellevue-park-contrat-de-gestion-avec-der-touritisk\/#breadcrumb"},"inLanguage":"fr-FR","potentialAction":[{"@type":"ReadAction","target":["https:\/\/kapitalis.com\/tunisie\/2017\/07\/17\/hotel-lti-bellevue-park-contrat-de-gestion-avec-der-touritisk\/"]}]},{"@type":"ImageObject","inLanguage":"fr-FR","@id":"https:\/\/kapitalis.com\/tunisie\/2017\/07\/17\/hotel-lti-bellevue-park-contrat-de-gestion-avec-der-touritisk\/#primaryimage","url":"","contentUrl":""},{"@type":"BreadcrumbList","@id":"https:\/\/kapitalis.com\/tunisie\/2017\/07\/17\/hotel-lti-bellevue-park-contrat-de-gestion-avec-der-touritisk\/#breadcrumb","itemListElement":[{"@type":"ListItem","position":1,"name":"Accueil","item":"https:\/\/kapitalis.com\/tunisie\/"},{"@type":"ListItem","position":2,"name":"H\u00f4tel lti Bellevue Park : Contrat de gestion avec DER Touritisk"}]},{"@type":"WebSite","@id":"https:\/\/kapitalis.com\/tunisie\/#website","url":"https:\/\/kapitalis.com\/tunisie\/","name":"Kapitalis","description":"L&#039;actualit\u00e9 en Tunisie et dans le monde","publisher":{"@id":"https:\/\/kapitalis.com\/tunisie\/#organization"},"potentialAction":[{"@type":"SearchAction","target":{"@type":"EntryPoint","urlTemplate":"https:\/\/kapitalis.com\/tunisie\/?s={search_term_string}"},"query-input":{"@type":"PropertyValueSpecification","valueRequired":true,"valueName":"search_term_string"}}],"inLanguage":"fr-FR"},{"@type":"Organization","@id":"https:\/\/kapitalis.com\/tunisie\/#organization","name":"Kapitalis","url":"https:\/\/kapitalis.com\/tunisie\/","logo":{"@type":"ImageObject","inLanguage":"fr-FR","@id":"https:\/\/kapitalis.com\/tunisie\/#\/schema\/logo\/image\/","url":"https:\/\/kapitalis.com\/tunisie\/wp-content\/uploads\/2022\/05\/Kapitalis-big-size.png","contentUrl":"https:\/\/kapitalis.com\/tunisie\/wp-content\/uploads\/2022\/05\/Kapitalis-big-size.png","width":5000,"height":1500,"caption":"Kapitalis"},"image":{"@id":"https:\/\/kapitalis.com\/tunisie\/#\/schema\/logo\/image\/"},"sameAs":["https:\/\/www.facebook.com\/KapitalisInfo\/","https:\/\/x.com\/KapitalisInfo","https:\/\/www.youtube.com\/channel\/UC-yDYrHyfFBWWZaOw3FPg9Q"]},{"@type":"Person","@id":"https:\/\/kapitalis.com\/tunisie\/#\/schema\/person\/d71f33a9ca44f7bad4698210b480c8e9","name":"webmaster kapitalis","url":"https:\/\/kapitalis.com\/tunisie\/author\/webmaster-kapitalis\/"}]}},"_links":{"self":[{"href":"https:\/\/kapitalis.com\/tunisie\/wp-json\/wp\/v2\/posts\/106608","targetHints":{"allow":["GET"]}}],"collection":[{"href":"https:\/\/kapitalis.com\/tunisie\/wp-json\/wp\/v2\/posts"}],"about":[{"href":"https:\/\/kapitalis.com\/tunisie\/wp-json\/wp\/v2\/types\/post"}],"author":[{"embeddable":true,"href":"https:\/\/kapitalis.com\/tunisie\/wp-json\/wp\/v2\/users\/8"}],"replies":[{"embeddable":true,"href":"https:\/\/kapitalis.com\/tunisie\/wp-json\/wp\/v2\/comments?post=106608"}],"version-history":[{"count":0,"href":"https:\/\/kapitalis.com\/tunisie\/wp-json\/wp\/v2\/posts\/106608\/revisions"}],"wp:featuredmedia":[{"embeddable":true,"href":"https:\/\/kapitalis.com\/tunisie\/wp-json\/wp\/v2\/media\/106609"}],"wp:attachment":[{"href":"https:\/\/kapitalis.com\/tunisie\/wp-json\/wp\/v2\/media?parent=106608"}],"wp:term":[{"taxonomy":"category","embeddable":true,"href":"https:\/\/kapitalis.com\/tunisie\/wp-json\/wp\/v2\/categories?post=106608"},{"taxonomy":"post_tag","embeddable":true,"href":"https:\/\/kapitalis.com\/tunisie\/wp-json\/wp\/v2\/tags?post=106608"}],"curies":[{"name":"wp","href":"https:\/\/api.w.org\/{rel}","templated":true}]}}