{"id":106659,"date":"2017-07-18T11:24:40","date_gmt":"2017-07-18T10:24:40","guid":{"rendered":"http:\/\/kapitalis.com\/tunisie\/?p=106659"},"modified":"2017-07-18T11:33:13","modified_gmt":"2017-07-18T10:33:13","slug":"sousse-le-corps-de-said-repeche-ce-matin","status":"publish","type":"post","link":"https:\/\/kapitalis.com\/tunisie\/2017\/07\/18\/sousse-le-corps-de-said-repeche-ce-matin\/","title":{"rendered":"Sousse : Le corps de Sa\u00efd rep\u00each\u00e9 ce matin"},"content":{"rendered":"<p style=\"text-align: center;\"><img loading=\"lazy\" decoding=\"async\" class=\"alignnone size-full wp-image-106665\" src=\"http:\/\/kapitalis.com\/tunisie\/wp-content\/uploads\/2017\/07\/Sousse-said-noyade-Ben-Guerdane.jpg\" alt=\"\" width=\"626\" height=\"380\" \/><\/p>\n<p style=\"text-align: center;\"><em>Sa\u00efd peu de temps avant la noyade.<\/em><\/p>\n<p><em><strong>Sa\u00efd Hmid (32 ans), originaire de Ben Guerdane,\u00a0s&rsquo;est noy\u00e9 hier, lundi 17 juillet 2017, \u00e0 Sousse.\u00a0Son corps\u00a0<\/strong><\/em><em><strong>a \u00e9t\u00e9 rep\u00each\u00e9 ce matin.\u00a0<\/strong><\/em><!--more--><\/p>\n<p>La protection civile a retrouv\u00e9 le corps du noy\u00e9 \u00e0 Menchia, \u00e0 Hammam-Sousse, et l&rsquo;a transport\u00e9 \u00e0 l&rsquo;h\u00f4pital.<\/p>\n<p>Sa\u00efd s\u2019\u00e9tait rendu, le weekend dernier, avec groupe d\u2019amis, \u00e0 la plage de Tazarka, puis, lundi, \u00e0 celle de Sousse, pour une partie de baignade.<\/p>\n<p>La mer \u00e9tait tr\u00e8s agit\u00e9e mais, indiff\u00e9rent aux conseils de ses amis, qui lui d\u00e9conseillaient, de s&rsquo;\u00e9loigner du rivage, Sa\u00efd a fini par \u00eatre port\u00e9 par les courants\u2026<\/p>\n<p style=\"text-align: right;\"><strong>Y. N.<\/strong><\/p>\n","protected":false},"excerpt":{"rendered":"<p>Sa\u00efd peu de temps avant la noyade. Sa\u00efd Hmid (32 ans), originaire de Ben Guerdane,\u00a0s&rsquo;est noy\u00e9 hier, lundi 17 juillet 2017, \u00e0 Sousse.\u00a0Son corps\u00a0a \u00e9t\u00e9 rep\u00each\u00e9 ce matin.\u00a0<\/p>\n","protected":false},"author":6,"featured_media":106665,"comment_status":"open","ping_status":"open","sticky":false,"template":"","format":"standard","meta":{"footnotes":""},"categories":[998,2433],"tags":[1818,31205,666,719,754,854,15371],"class_list":["post-106659","post","type-post","status-publish","format-standard","has-post-thumbnail","hentry","category-societe","category-tunisie","tag-ben-guerdane","tag-menchia","tag-noyade","tag-plage","tag-protection-civile","tag-sousse","tag-tazarka"],"yoast_head":"<!-- This site is optimized with the Yoast SEO plugin v26.6 - https:\/\/yoast.com\/wordpress\/plugins\/seo\/ -->\n<title>Sousse : Le corps de Sa\u00efd rep\u00each\u00e9 ce matin - Kapitalis<\/title>\n<meta name=\"robots\" content=\"index, follow, max-snippet:-1, max-image-preview:large, max-video-preview:-1\" \/>\n<link rel=\"canonical\" href=\"https:\/\/kapitalis.com\/tunisie\/2017\/07\/18\/sousse-le-corps-de-said-repeche-ce-matin\/\" \/>\n<meta property=\"og:locale\" content=\"fr_FR\" \/>\n<meta property=\"og:type\" content=\"article\" \/>\n<meta property=\"og:title\" content=\"Sousse : Le corps de Sa\u00efd rep\u00each\u00e9 ce matin - Kapitalis\" \/>\n<meta property=\"og:description\" content=\"Sa\u00efd peu de temps avant la noyade. Sa\u00efd Hmid (32 ans), originaire de Ben Guerdane,\u00a0s&rsquo;est noy\u00e9 hier, lundi 17 juillet 2017, \u00e0 Sousse.\u00a0Son corps\u00a0a \u00e9t\u00e9 rep\u00each\u00e9 ce matin.\u00a0\" \/>\n<meta property=\"og:url\" content=\"https:\/\/kapitalis.com\/tunisie\/2017\/07\/18\/sousse-le-corps-de-said-repeche-ce-matin\/\" \/>\n<meta property=\"og:site_name\" content=\"Kapitalis\" \/>\n<meta property=\"article:publisher\" content=\"https:\/\/www.facebook.com\/KapitalisInfo\/\" \/>\n<meta property=\"article:published_time\" content=\"2017-07-18T10:24:40+00:00\" \/>\n<meta property=\"article:modified_time\" content=\"2017-07-18T10:33:13+00:00\" \/>\n<meta property=\"og:image\" content=\"https:\/\/kapitalis.com\/tunisie\/wp-content\/uploads\/2022\/05\/kapitalis-logo-fb.png\" \/>\n\t<meta property=\"og:image:width\" content=\"1200\" \/>\n\t<meta property=\"og:image:height\" content=\"630\" \/>\n\t<meta property=\"og:image:type\" content=\"image\/png\" \/>\n<meta name=\"author\" content=\"Yusra NY\" \/>\n<meta name=\"twitter:card\" content=\"summary_large_image\" \/>\n<meta name=\"twitter:creator\" content=\"@KapitalisInfo\" \/>\n<meta name=\"twitter:site\" content=\"@KapitalisInfo\" \/>\n<meta name=\"twitter:label1\" content=\"\u00c9crit par\" \/>\n\t<meta name=\"twitter:data1\" content=\"Yusra NY\" \/>\n\t<meta name=\"twitter:label2\" content=\"Dur\u00e9e de lecture estim\u00e9e\" \/>\n\t<meta name=\"twitter:data2\" content=\"1 minute\" \/>\n<script type=\"application\/ld+json\" class=\"yoast-schema-graph\">{\"@context\":\"https:\/\/schema.org\",\"@graph\":[{\"@type\":\"Article\",\"@id\":\"https:\/\/kapitalis.com\/tunisie\/2017\/07\/18\/sousse-le-corps-de-said-repeche-ce-matin\/#article\",\"isPartOf\":{\"@id\":\"https:\/\/kapitalis.com\/tunisie\/2017\/07\/18\/sousse-le-corps-de-said-repeche-ce-matin\/\"},\"author\":{\"name\":\"Yusra NY\",\"@id\":\"https:\/\/kapitalis.com\/tunisie\/#\/schema\/person\/74bbde0154d49d790a92aaeac5bc01d5\"},\"headline\":\"Sousse : Le corps de Sa\u00efd rep\u00each\u00e9 ce matin\",\"datePublished\":\"2017-07-18T10:24:40+00:00\",\"dateModified\":\"2017-07-18T10:33:13+00:00\",\"mainEntityOfPage\":{\"@id\":\"https:\/\/kapitalis.com\/tunisie\/2017\/07\/18\/sousse-le-corps-de-said-repeche-ce-matin\/\"},\"wordCount\":118,\"commentCount\":0,\"publisher\":{\"@id\":\"https:\/\/kapitalis.com\/tunisie\/#organization\"},\"image\":{\"@id\":\"https:\/\/kapitalis.com\/tunisie\/2017\/07\/18\/sousse-le-corps-de-said-repeche-ce-matin\/#primaryimage\"},\"thumbnailUrl\":\"\",\"keywords\":[\"Ben Guerdane\",\"Menchia\",\"noyade\",\"plage\",\"protection civile\",\"Sousse\",\"Tazarka\"],\"articleSection\":[\"SOCIETE\",\"Tunisie\"],\"inLanguage\":\"fr-FR\",\"potentialAction\":[{\"@type\":\"CommentAction\",\"name\":\"Comment\",\"target\":[\"https:\/\/kapitalis.com\/tunisie\/2017\/07\/18\/sousse-le-corps-de-said-repeche-ce-matin\/#respond\"]}]},{\"@type\":\"WebPage\",\"@id\":\"https:\/\/kapitalis.com\/tunisie\/2017\/07\/18\/sousse-le-corps-de-said-repeche-ce-matin\/\",\"url\":\"https:\/\/kapitalis.com\/tunisie\/2017\/07\/18\/sousse-le-corps-de-said-repeche-ce-matin\/\",\"name\":\"Sousse : Le corps de Sa\u00efd rep\u00each\u00e9 ce matin - Kapitalis\",\"isPartOf\":{\"@id\":\"https:\/\/kapitalis.com\/tunisie\/#website\"},\"primaryImageOfPage\":{\"@id\":\"https:\/\/kapitalis.com\/tunisie\/2017\/07\/18\/sousse-le-corps-de-said-repeche-ce-matin\/#primaryimage\"},\"image\":{\"@id\":\"https:\/\/kapitalis.com\/tunisie\/2017\/07\/18\/sousse-le-corps-de-said-repeche-ce-matin\/#primaryimage\"},\"thumbnailUrl\":\"\",\"datePublished\":\"2017-07-18T10:24:40+00:00\",\"dateModified\":\"2017-07-18T10:33:13+00:00\",\"breadcrumb\":{\"@id\":\"https:\/\/kapitalis.com\/tunisie\/2017\/07\/18\/sousse-le-corps-de-said-repeche-ce-matin\/#breadcrumb\"},\"inLanguage\":\"fr-FR\",\"potentialAction\":[{\"@type\":\"ReadAction\",\"target\":[\"https:\/\/kapitalis.com\/tunisie\/2017\/07\/18\/sousse-le-corps-de-said-repeche-ce-matin\/\"]}]},{\"@type\":\"ImageObject\",\"inLanguage\":\"fr-FR\",\"@id\":\"https:\/\/kapitalis.com\/tunisie\/2017\/07\/18\/sousse-le-corps-de-said-repeche-ce-matin\/#primaryimage\",\"url\":\"\",\"contentUrl\":\"\"},{\"@type\":\"BreadcrumbList\",\"@id\":\"https:\/\/kapitalis.com\/tunisie\/2017\/07\/18\/sousse-le-corps-de-said-repeche-ce-matin\/#breadcrumb\",\"itemListElement\":[{\"@type\":\"ListItem\",\"position\":1,\"name\":\"Accueil\",\"item\":\"https:\/\/kapitalis.com\/tunisie\/\"},{\"@type\":\"ListItem\",\"position\":2,\"name\":\"Sousse : Le corps de Sa\u00efd rep\u00each\u00e9 ce matin\"}]},{\"@type\":\"WebSite\",\"@id\":\"https:\/\/kapitalis.com\/tunisie\/#website\",\"url\":\"https:\/\/kapitalis.com\/tunisie\/\",\"name\":\"Kapitalis\",\"description\":\"L&#039;actualit\u00e9 en Tunisie et dans le monde\",\"publisher\":{\"@id\":\"https:\/\/kapitalis.com\/tunisie\/#organization\"},\"potentialAction\":[{\"@type\":\"SearchAction\",\"target\":{\"@type\":\"EntryPoint\",\"urlTemplate\":\"https:\/\/kapitalis.com\/tunisie\/?s={search_term_string}\"},\"query-input\":{\"@type\":\"PropertyValueSpecification\",\"valueRequired\":true,\"valueName\":\"search_term_string\"}}],\"inLanguage\":\"fr-FR\"},{\"@type\":\"Organization\",\"@id\":\"https:\/\/kapitalis.com\/tunisie\/#organization\",\"name\":\"Kapitalis\",\"url\":\"https:\/\/kapitalis.com\/tunisie\/\",\"logo\":{\"@type\":\"ImageObject\",\"inLanguage\":\"fr-FR\",\"@id\":\"https:\/\/kapitalis.com\/tunisie\/#\/schema\/logo\/image\/\",\"url\":\"https:\/\/kapitalis.com\/tunisie\/wp-content\/uploads\/2022\/05\/Kapitalis-big-size.png\",\"contentUrl\":\"https:\/\/kapitalis.com\/tunisie\/wp-content\/uploads\/2022\/05\/Kapitalis-big-size.png\",\"width\":5000,\"height\":1500,\"caption\":\"Kapitalis\"},\"image\":{\"@id\":\"https:\/\/kapitalis.com\/tunisie\/#\/schema\/logo\/image\/\"},\"sameAs\":[\"https:\/\/www.facebook.com\/KapitalisInfo\/\",\"https:\/\/x.com\/KapitalisInfo\",\"https:\/\/www.youtube.com\/channel\/UC-yDYrHyfFBWWZaOw3FPg9Q\"]},{\"@type\":\"Person\",\"@id\":\"https:\/\/kapitalis.com\/tunisie\/#\/schema\/person\/74bbde0154d49d790a92aaeac5bc01d5\",\"name\":\"Yusra NY\",\"url\":\"https:\/\/kapitalis.com\/tunisie\/author\/yuza_adam\/\"}]}<\/script>\n<!-- \/ Yoast SEO plugin. -->","yoast_head_json":{"title":"Sousse : Le corps de Sa\u00efd rep\u00each\u00e9 ce matin - Kapitalis","robots":{"index":"index","follow":"follow","max-snippet":"max-snippet:-1","max-image-preview":"max-image-preview:large","max-video-preview":"max-video-preview:-1"},"canonical":"https:\/\/kapitalis.com\/tunisie\/2017\/07\/18\/sousse-le-corps-de-said-repeche-ce-matin\/","og_locale":"fr_FR","og_type":"article","og_title":"Sousse : Le corps de Sa\u00efd rep\u00each\u00e9 ce matin - Kapitalis","og_description":"Sa\u00efd peu de temps avant la noyade. Sa\u00efd Hmid (32 ans), originaire de Ben Guerdane,\u00a0s&rsquo;est noy\u00e9 hier, lundi 17 juillet 2017, \u00e0 Sousse.\u00a0Son corps\u00a0a \u00e9t\u00e9 rep\u00each\u00e9 ce matin.\u00a0","og_url":"https:\/\/kapitalis.com\/tunisie\/2017\/07\/18\/sousse-le-corps-de-said-repeche-ce-matin\/","og_site_name":"Kapitalis","article_publisher":"https:\/\/www.facebook.com\/KapitalisInfo\/","article_published_time":"2017-07-18T10:24:40+00:00","article_modified_time":"2017-07-18T10:33:13+00:00","og_image":[{"width":1200,"height":630,"url":"https:\/\/kapitalis.com\/tunisie\/wp-content\/uploads\/2022\/05\/kapitalis-logo-fb.png","type":"image\/png"}],"author":"Yusra NY","twitter_card":"summary_large_image","twitter_creator":"@KapitalisInfo","twitter_site":"@KapitalisInfo","twitter_misc":{"\u00c9crit par":"Yusra NY","Dur\u00e9e de lecture estim\u00e9e":"1 minute"},"schema":{"@context":"https:\/\/schema.org","@graph":[{"@type":"Article","@id":"https:\/\/kapitalis.com\/tunisie\/2017\/07\/18\/sousse-le-corps-de-said-repeche-ce-matin\/#article","isPartOf":{"@id":"https:\/\/kapitalis.com\/tunisie\/2017\/07\/18\/sousse-le-corps-de-said-repeche-ce-matin\/"},"author":{"name":"Yusra NY","@id":"https:\/\/kapitalis.com\/tunisie\/#\/schema\/person\/74bbde0154d49d790a92aaeac5bc01d5"},"headline":"Sousse : Le corps de Sa\u00efd rep\u00each\u00e9 ce matin","datePublished":"2017-07-18T10:24:40+00:00","dateModified":"2017-07-18T10:33:13+00:00","mainEntityOfPage":{"@id":"https:\/\/kapitalis.com\/tunisie\/2017\/07\/18\/sousse-le-corps-de-said-repeche-ce-matin\/"},"wordCount":118,"commentCount":0,"publisher":{"@id":"https:\/\/kapitalis.com\/tunisie\/#organization"},"image":{"@id":"https:\/\/kapitalis.com\/tunisie\/2017\/07\/18\/sousse-le-corps-de-said-repeche-ce-matin\/#primaryimage"},"thumbnailUrl":"","keywords":["Ben Guerdane","Menchia","noyade","plage","protection civile","Sousse","Tazarka"],"articleSection":["SOCIETE","Tunisie"],"inLanguage":"fr-FR","potentialAction":[{"@type":"CommentAction","name":"Comment","target":["https:\/\/kapitalis.com\/tunisie\/2017\/07\/18\/sousse-le-corps-de-said-repeche-ce-matin\/#respond"]}]},{"@type":"WebPage","@id":"https:\/\/kapitalis.com\/tunisie\/2017\/07\/18\/sousse-le-corps-de-said-repeche-ce-matin\/","url":"https:\/\/kapitalis.com\/tunisie\/2017\/07\/18\/sousse-le-corps-de-said-repeche-ce-matin\/","name":"Sousse : Le corps de Sa\u00efd rep\u00each\u00e9 ce matin - Kapitalis","isPartOf":{"@id":"https:\/\/kapitalis.com\/tunisie\/#website"},"primaryImageOfPage":{"@id":"https:\/\/kapitalis.com\/tunisie\/2017\/07\/18\/sousse-le-corps-de-said-repeche-ce-matin\/#primaryimage"},"image":{"@id":"https:\/\/kapitalis.com\/tunisie\/2017\/07\/18\/sousse-le-corps-de-said-repeche-ce-matin\/#primaryimage"},"thumbnailUrl":"","datePublished":"2017-07-18T10:24:40+00:00","dateModified":"2017-07-18T10:33:13+00:00","breadcrumb":{"@id":"https:\/\/kapitalis.com\/tunisie\/2017\/07\/18\/sousse-le-corps-de-said-repeche-ce-matin\/#breadcrumb"},"inLanguage":"fr-FR","potentialAction":[{"@type":"ReadAction","target":["https:\/\/kapitalis.com\/tunisie\/2017\/07\/18\/sousse-le-corps-de-said-repeche-ce-matin\/"]}]},{"@type":"ImageObject","inLanguage":"fr-FR","@id":"https:\/\/kapitalis.com\/tunisie\/2017\/07\/18\/sousse-le-corps-de-said-repeche-ce-matin\/#primaryimage","url":"","contentUrl":""},{"@type":"BreadcrumbList","@id":"https:\/\/kapitalis.com\/tunisie\/2017\/07\/18\/sousse-le-corps-de-said-repeche-ce-matin\/#breadcrumb","itemListElement":[{"@type":"ListItem","position":1,"name":"Accueil","item":"https:\/\/kapitalis.com\/tunisie\/"},{"@type":"ListItem","position":2,"name":"Sousse : Le corps de Sa\u00efd rep\u00each\u00e9 ce matin"}]},{"@type":"WebSite","@id":"https:\/\/kapitalis.com\/tunisie\/#website","url":"https:\/\/kapitalis.com\/tunisie\/","name":"Kapitalis","description":"L&#039;actualit\u00e9 en Tunisie et dans le monde","publisher":{"@id":"https:\/\/kapitalis.com\/tunisie\/#organization"},"potentialAction":[{"@type":"SearchAction","target":{"@type":"EntryPoint","urlTemplate":"https:\/\/kapitalis.com\/tunisie\/?s={search_term_string}"},"query-input":{"@type":"PropertyValueSpecification","valueRequired":true,"valueName":"search_term_string"}}],"inLanguage":"fr-FR"},{"@type":"Organization","@id":"https:\/\/kapitalis.com\/tunisie\/#organization","name":"Kapitalis","url":"https:\/\/kapitalis.com\/tunisie\/","logo":{"@type":"ImageObject","inLanguage":"fr-FR","@id":"https:\/\/kapitalis.com\/tunisie\/#\/schema\/logo\/image\/","url":"https:\/\/kapitalis.com\/tunisie\/wp-content\/uploads\/2022\/05\/Kapitalis-big-size.png","contentUrl":"https:\/\/kapitalis.com\/tunisie\/wp-content\/uploads\/2022\/05\/Kapitalis-big-size.png","width":5000,"height":1500,"caption":"Kapitalis"},"image":{"@id":"https:\/\/kapitalis.com\/tunisie\/#\/schema\/logo\/image\/"},"sameAs":["https:\/\/www.facebook.com\/KapitalisInfo\/","https:\/\/x.com\/KapitalisInfo","https:\/\/www.youtube.com\/channel\/UC-yDYrHyfFBWWZaOw3FPg9Q"]},{"@type":"Person","@id":"https:\/\/kapitalis.com\/tunisie\/#\/schema\/person\/74bbde0154d49d790a92aaeac5bc01d5","name":"Yusra NY","url":"https:\/\/kapitalis.com\/tunisie\/author\/yuza_adam\/"}]}},"_links":{"self":[{"href":"https:\/\/kapitalis.com\/tunisie\/wp-json\/wp\/v2\/posts\/106659","targetHints":{"allow":["GET"]}}],"collection":[{"href":"https:\/\/kapitalis.com\/tunisie\/wp-json\/wp\/v2\/posts"}],"about":[{"href":"https:\/\/kapitalis.com\/tunisie\/wp-json\/wp\/v2\/types\/post"}],"author":[{"embeddable":true,"href":"https:\/\/kapitalis.com\/tunisie\/wp-json\/wp\/v2\/users\/6"}],"replies":[{"embeddable":true,"href":"https:\/\/kapitalis.com\/tunisie\/wp-json\/wp\/v2\/comments?post=106659"}],"version-history":[{"count":0,"href":"https:\/\/kapitalis.com\/tunisie\/wp-json\/wp\/v2\/posts\/106659\/revisions"}],"wp:featuredmedia":[{"embeddable":true,"href":"https:\/\/kapitalis.com\/tunisie\/wp-json\/wp\/v2\/media\/106665"}],"wp:attachment":[{"href":"https:\/\/kapitalis.com\/tunisie\/wp-json\/wp\/v2\/media?parent=106659"}],"wp:term":[{"taxonomy":"category","embeddable":true,"href":"https:\/\/kapitalis.com\/tunisie\/wp-json\/wp\/v2\/categories?post=106659"},{"taxonomy":"post_tag","embeddable":true,"href":"https:\/\/kapitalis.com\/tunisie\/wp-json\/wp\/v2\/tags?post=106659"}],"curies":[{"name":"wp","href":"https:\/\/api.w.org\/{rel}","templated":true}]}}