{"id":10670989,"date":"2023-11-25T10:11:56","date_gmt":"2023-11-25T09:11:56","guid":{"rendered":"https:\/\/kapitalis.com\/tunisie\/?p=10670989"},"modified":"2023-11-25T10:11:58","modified_gmt":"2023-11-25T09:11:58","slug":"tunisie-kais-saied-monte-sur-ses-grands-chevaux-video","status":"publish","type":"post","link":"https:\/\/kapitalis.com\/tunisie\/2023\/11\/25\/tunisie-kais-saied-monte-sur-ses-grands-chevaux-video\/","title":{"rendered":"Tunisie\u00a0: Ka\u00efs Sa\u00efed monte sur ses grands chevaux (Vid\u00e9o)"},"content":{"rendered":"\n<p><strong><em>Ka\u00efs Sa\u00efed a pr\u00e9venu \u00abtous ceux qui se croient au-dessus des lois\u00bb, les avertissant qu\u2019il agira avec force pour \u00ables frapper au plus profond d\u2019eux-m\u00eames\u00bb, en utilisant des m\u00e9taphores guerri\u00e8res.<\/em><\/strong> <a href=\"https:\/\/www.facebook.com\/Presidence.tn\/videos\/723173159719890\/\" target=\"_blank\" rel=\"noreferrer noopener\">Vid\u00e9o<\/a><\/p>\n\n\n\n<!--more-->\n\n\n\n<p>Le pr\u00e9sident de la r\u00e9publique a \u00e9voqu\u00e9, lors d\u2019une rencontre, vendredi 24 novembre 2023, au palais de Carthage, avec le Premier ministre Ahmed Hachani, la ministre de la Justice Leila Jaffel et la ministre des Finances Sihem Boughdiri Nemsia, les lacunes de la loi sur la r\u00e9conciliation p\u00e9nale qu\u2019il avait lui-m\u00eame promulgu\u00e9e il y a un an et demi par d\u00e9cret mais qui ne semble pas avoir donn\u00e9 les r\u00e9sultats escompt\u00e9s en termes de ressources financi\u00e8res pour l\u2019Etat, a fait part de sa volont\u00e9 de rem\u00e9dier \u00e0 ses lacunes qui auraient permis, selon lui, \u00e0 <em>\u00abdes personnes, tant \u00e0 l<\/em><em>\u2019<\/em><em>int\u00e9rieur qu<\/em><em>\u2019<\/em><em>\u00e0 l<\/em><em>\u2019<\/em><em>ext\u00e9rieur de l<\/em><em>\u2019<\/em><em>administration, qui se croient au-dessus des lois\u00bb<\/em>, de la prendre \u00e0 la l\u00e9g\u00e8re et de s\u2019y soustraire.<\/p>\n\n\n\n<p><em>\u00abCet avertissement s<\/em><em>\u2019<\/em><em>adresse \u00e0 tous, \u00e0 ceux qui veulent fomenter la s\u00e9dition dans le pays, \u00e0 ceux qui veulent affamer le peuple et aux criminels d\u00e9tenteurs de monopoles qui pensent pouvoir encore perturber le travail de l<\/em><em>\u2019<\/em><em>\u00c9tat\u00bb<\/em>, a lanc\u00e9 le chef de l\u2019Etat, &nbsp;soulignant la n\u00e9cessit\u00e9 pour chaque fonctionnaire d\u2019assumer son enti\u00e8re responsabilit\u00e9, de remplir son devoir et de ne faire preuve d\u2019aucune indulgence envers qui que ce soit.<\/p>\n\n\n\n<figure class=\"wp-block-embed is-type-wp-embed is-provider-kapitalis wp-block-embed-kapitalis\"><div class=\"wp-block-embed__wrapper\">\n<blockquote class=\"wp-embedded-content\" data-secret=\"pMcSuRVPdp\"><a href=\"https:\/\/kapitalis.com\/tunisie\/2023\/11\/25\/kais-saied-declare-la-guerre-aux-ong-finances-de-letranger-video\/\">Ka\u00efs Sa\u00efed d\u00e9clare la guerre aux ONG financ\u00e9s de l\u2019\u00e9tranger (Vid\u00e9o)<\/a><\/blockquote><iframe loading=\"lazy\" class=\"wp-embedded-content\" sandbox=\"allow-scripts\" security=\"restricted\" style=\"position: absolute; clip: rect(1px, 1px, 1px, 1px);\" title=\"\u00ab\u00a0Ka\u00efs Sa\u00efed d\u00e9clare la guerre aux ONG financ\u00e9s de l\u2019\u00e9tranger (Vid\u00e9o)\u00a0\u00bb &#8212; Kapitalis\" src=\"https:\/\/kapitalis.com\/tunisie\/2023\/11\/25\/kais-saied-declare-la-guerre-aux-ong-finances-de-letranger-video\/embed\/#?secret=P3pbrWiRHq#?secret=pMcSuRVPdp\" data-secret=\"pMcSuRVPdp\" width=\"600\" height=\"338\" frameborder=\"0\" marginwidth=\"0\" marginheight=\"0\" scrolling=\"no\"><\/iframe>\n<\/div><\/figure>\n\n\n\n<p>Le pr\u00e9sident de la r\u00e9publique a \u00e9voqu\u00e9, dans ce contexte, le cas d\u2019une personne \u2013 qu\u2019il n\u2019a pas nomm\u00e9e \u2013 vis\u00e9e par le d\u00e9cret de r\u00e9conciliation p\u00e9nale, mais qui a offert une somme ne d\u00e9passant pas 30 000 dinars pour voir son dossier class\u00e9, alors qu\u2019elle devait restituer <em>\u00abdes milliards\u00bb<\/em>, c\u2019est-\u00e0-dire des millions de dinars.<\/p>\n\n\n\n<p>Le chef de l\u2019Etat a soulign\u00e9 que ceux qui se cachent derri\u00e8re une entit\u00e9 \u00e9trang\u00e8re ou invoquent toute autre raison n\u2019ont pas fait une r\u00e9conciliation honn\u00eate et seront donc traduits en justice. <em>\u00abNous n<\/em><em>\u2019<\/em><em>avons aucune intention de harceler qui que ce soit, mais chacun doit se rendre compte qu<\/em><em>\u2019<\/em><em>il n<\/em><em>\u2019<\/em><em>est pas au-dessus des lois\u00bb<\/em>, a-t-il soulign\u00e9, en appelant le pouvoir judiciaire \u00e0 assumer son enti\u00e8re responsabilit\u00e9. <em>\u00abQuiconque si\u00e8ge \u00e0 la magistrature doit appliquer la loi de mani\u00e8re \u00e9gale \u00e0 tous\u00bb<\/em>, a ajout\u00e9 Sa\u00efed, reprochant ainsi, clairement, \u00e0 l\u2019administration publique, y compris la justice, d\u2019\u00eatre indulgentes sinon complaisances&nbsp; voire complices avec ce qu\u2019il qualifie de <em>\u00abcorrompus\u00bb, \u00abcorrupteurs\u00bb, \u00absp\u00e9culateurs\u00bb, \u00abd\u00e9tenteurs de monopoles\u00bb et \u00abcomploteurs contre l<\/em><em>\u2019<\/em><em>Etat\u00bb<\/em>.<\/p>\n\n\n\n<p>Ces accusations sont lanc\u00e9es dans un contexte de crise financi\u00e8re, de p\u00e9nuries, de hausses des prix et de baisse du pouvoir d\u2019achat, alors que les sources de financement ext\u00e9rieur s\u2019ass\u00e8chent. Elles traduisent aussi, ne fut-ce que par le ton mena\u00e7ant et belliqueux, l\u2019impatience du chef de l\u2019Etat face aux difficult\u00e9s qu\u2019il trouve \u00e0 solutionner tous ces probl\u00e8mes.<\/p>\n\n\n\n<p class=\"has-text-align-right\"><strong> I.B.<\/strong> (avec Tap).<\/p>\n\n\n\n<figure class=\"wp-block-embed is-type-wp-embed is-provider-kapitalis wp-block-embed-kapitalis\"><div class=\"wp-block-embed__wrapper\">\n<blockquote class=\"wp-embedded-content\" data-secret=\"kUvNle3V7F\"><a href=\"https:\/\/kapitalis.com\/tunisie\/2023\/11\/25\/kais-saied-reaffirme-sa-determination-a-assainir-le-secteur-de-la-justice-video\/\">Ka\u00efs Sa\u00efed r\u00e9affirme sa d\u00e9termination \u00e0 assainir le secteur de la justice (Vid\u00e9o)<\/a><\/blockquote><iframe loading=\"lazy\" class=\"wp-embedded-content\" sandbox=\"allow-scripts\" security=\"restricted\" style=\"position: absolute; clip: rect(1px, 1px, 1px, 1px);\" title=\"\u00ab\u00a0Ka\u00efs Sa\u00efed r\u00e9affirme sa d\u00e9termination \u00e0 assainir le secteur de la justice (Vid\u00e9o)\u00a0\u00bb &#8212; Kapitalis\" src=\"https:\/\/kapitalis.com\/tunisie\/2023\/11\/25\/kais-saied-reaffirme-sa-determination-a-assainir-le-secteur-de-la-justice-video\/embed\/#?secret=8fbOjyUzvx#?secret=kUvNle3V7F\" data-secret=\"kUvNle3V7F\" width=\"600\" height=\"338\" frameborder=\"0\" marginwidth=\"0\" marginheight=\"0\" scrolling=\"no\"><\/iframe>\n<\/div><\/figure>\n\n\n\n<p class=\"has-text-align-right\"> <\/p>\n","protected":false},"excerpt":{"rendered":"<p>Ka\u00efs Sa\u00efed part en guerre contre \u00abtous ceux qui se croient au-dessus des lois\u00bb. <\/p>\n","protected":false},"author":8,"featured_media":10671033,"comment_status":"open","ping_status":"open","sticky":false,"template":"","format":"standard","meta":{"footnotes":""},"categories":[997,2433,4806],"tags":[110245,76012,87491,97231,92423,62643],"class_list":["post-10670989","post","type-post","status-publish","format-standard","has-post-thumbnail","hentry","category-politique","category-tunisie","category-videos","tag-ahmed-hachani","tag-kais-saied-2","tag-leila-jaffel-2","tag-reconciliation-penale","tag-sihem-boughdiri-nemsia","tag-tunisie"],"yoast_head":"<!-- This site is optimized with the Yoast SEO plugin v26.6 - https:\/\/yoast.com\/wordpress\/plugins\/seo\/ -->\n<title>Tunisie\u00a0: Ka\u00efs Sa\u00efed monte sur ses grands chevaux (Vid\u00e9o) - Kapitalis<\/title>\n<meta name=\"robots\" content=\"index, follow, max-snippet:-1, max-image-preview:large, max-video-preview:-1\" \/>\n<link rel=\"canonical\" href=\"https:\/\/kapitalis.com\/tunisie\/2023\/11\/25\/tunisie-kais-saied-monte-sur-ses-grands-chevaux-video\/\" \/>\n<meta property=\"og:locale\" content=\"fr_FR\" \/>\n<meta property=\"og:type\" content=\"article\" \/>\n<meta property=\"og:title\" content=\"Tunisie\u00a0: Ka\u00efs Sa\u00efed monte sur ses grands chevaux (Vid\u00e9o) - Kapitalis\" \/>\n<meta property=\"og:description\" content=\"Ka\u00efs Sa\u00efed part en guerre contre \u00abtous ceux qui se croient au-dessus des lois\u00bb.\" \/>\n<meta property=\"og:url\" content=\"https:\/\/kapitalis.com\/tunisie\/2023\/11\/25\/tunisie-kais-saied-monte-sur-ses-grands-chevaux-video\/\" \/>\n<meta property=\"og:site_name\" content=\"Kapitalis\" \/>\n<meta property=\"article:publisher\" content=\"https:\/\/www.facebook.com\/KapitalisInfo\/\" \/>\n<meta property=\"article:published_time\" content=\"2023-11-25T09:11:56+00:00\" \/>\n<meta property=\"article:modified_time\" content=\"2023-11-25T09:11:58+00:00\" \/>\n<meta property=\"og:image\" content=\"https:\/\/kapitalis.com\/tunisie\/wp-content\/uploads\/2023\/11\/Kais-Saied-2.jpg\" \/>\n\t<meta property=\"og:image:width\" content=\"1200\" \/>\n\t<meta property=\"og:image:height\" content=\"630\" \/>\n\t<meta property=\"og:image:type\" content=\"image\/jpeg\" \/>\n<meta name=\"author\" content=\"webmaster kapitalis\" \/>\n<meta name=\"twitter:card\" content=\"summary_large_image\" \/>\n<meta name=\"twitter:creator\" content=\"@KapitalisInfo\" \/>\n<meta name=\"twitter:site\" content=\"@KapitalisInfo\" \/>\n<meta name=\"twitter:label1\" content=\"\u00c9crit par\" \/>\n\t<meta name=\"twitter:data1\" content=\"webmaster kapitalis\" \/>\n\t<meta name=\"twitter:label2\" content=\"Dur\u00e9e de lecture estim\u00e9e\" \/>\n\t<meta name=\"twitter:data2\" content=\"3 minutes\" \/>\n<script type=\"application\/ld+json\" class=\"yoast-schema-graph\">{\"@context\":\"https:\/\/schema.org\",\"@graph\":[{\"@type\":\"Article\",\"@id\":\"https:\/\/kapitalis.com\/tunisie\/2023\/11\/25\/tunisie-kais-saied-monte-sur-ses-grands-chevaux-video\/#article\",\"isPartOf\":{\"@id\":\"https:\/\/kapitalis.com\/tunisie\/2023\/11\/25\/tunisie-kais-saied-monte-sur-ses-grands-chevaux-video\/\"},\"author\":{\"name\":\"webmaster kapitalis\",\"@id\":\"https:\/\/kapitalis.com\/tunisie\/#\/schema\/person\/d71f33a9ca44f7bad4698210b480c8e9\"},\"headline\":\"Tunisie\u00a0: Ka\u00efs Sa\u00efed monte sur ses grands chevaux (Vid\u00e9o)\",\"datePublished\":\"2023-11-25T09:11:56+00:00\",\"dateModified\":\"2023-11-25T09:11:58+00:00\",\"mainEntityOfPage\":{\"@id\":\"https:\/\/kapitalis.com\/tunisie\/2023\/11\/25\/tunisie-kais-saied-monte-sur-ses-grands-chevaux-video\/\"},\"wordCount\":542,\"commentCount\":5,\"publisher\":{\"@id\":\"https:\/\/kapitalis.com\/tunisie\/#organization\"},\"image\":{\"@id\":\"https:\/\/kapitalis.com\/tunisie\/2023\/11\/25\/tunisie-kais-saied-monte-sur-ses-grands-chevaux-video\/#primaryimage\"},\"thumbnailUrl\":\"https:\/\/kapitalis.com\/tunisie\/wp-content\/uploads\/2023\/11\/Kais-Saied-2.jpg\",\"keywords\":[\"Ahmed Hachani\",\"Ka\u00efs Sa\u00efed\",\"Leila Jaffel\",\"r\u00e9conciliation p\u00e9nale\",\"Sihem Boughdiri Nemsia\",\"Tunisie\"],\"articleSection\":[\"POLITIQUE\",\"Tunisie\",\"VIDEOS\"],\"inLanguage\":\"fr-FR\",\"potentialAction\":[{\"@type\":\"CommentAction\",\"name\":\"Comment\",\"target\":[\"https:\/\/kapitalis.com\/tunisie\/2023\/11\/25\/tunisie-kais-saied-monte-sur-ses-grands-chevaux-video\/#respond\"]}]},{\"@type\":\"WebPage\",\"@id\":\"https:\/\/kapitalis.com\/tunisie\/2023\/11\/25\/tunisie-kais-saied-monte-sur-ses-grands-chevaux-video\/\",\"url\":\"https:\/\/kapitalis.com\/tunisie\/2023\/11\/25\/tunisie-kais-saied-monte-sur-ses-grands-chevaux-video\/\",\"name\":\"Tunisie\u00a0: Ka\u00efs Sa\u00efed monte sur ses grands chevaux (Vid\u00e9o) - Kapitalis\",\"isPartOf\":{\"@id\":\"https:\/\/kapitalis.com\/tunisie\/#website\"},\"primaryImageOfPage\":{\"@id\":\"https:\/\/kapitalis.com\/tunisie\/2023\/11\/25\/tunisie-kais-saied-monte-sur-ses-grands-chevaux-video\/#primaryimage\"},\"image\":{\"@id\":\"https:\/\/kapitalis.com\/tunisie\/2023\/11\/25\/tunisie-kais-saied-monte-sur-ses-grands-chevaux-video\/#primaryimage\"},\"thumbnailUrl\":\"https:\/\/kapitalis.com\/tunisie\/wp-content\/uploads\/2023\/11\/Kais-Saied-2.jpg\",\"datePublished\":\"2023-11-25T09:11:56+00:00\",\"dateModified\":\"2023-11-25T09:11:58+00:00\",\"breadcrumb\":{\"@id\":\"https:\/\/kapitalis.com\/tunisie\/2023\/11\/25\/tunisie-kais-saied-monte-sur-ses-grands-chevaux-video\/#breadcrumb\"},\"inLanguage\":\"fr-FR\",\"potentialAction\":[{\"@type\":\"ReadAction\",\"target\":[\"https:\/\/kapitalis.com\/tunisie\/2023\/11\/25\/tunisie-kais-saied-monte-sur-ses-grands-chevaux-video\/\"]}]},{\"@type\":\"ImageObject\",\"inLanguage\":\"fr-FR\",\"@id\":\"https:\/\/kapitalis.com\/tunisie\/2023\/11\/25\/tunisie-kais-saied-monte-sur-ses-grands-chevaux-video\/#primaryimage\",\"url\":\"https:\/\/kapitalis.com\/tunisie\/wp-content\/uploads\/2023\/11\/Kais-Saied-2.jpg\",\"contentUrl\":\"https:\/\/kapitalis.com\/tunisie\/wp-content\/uploads\/2023\/11\/Kais-Saied-2.jpg\",\"width\":1200,\"height\":630},{\"@type\":\"BreadcrumbList\",\"@id\":\"https:\/\/kapitalis.com\/tunisie\/2023\/11\/25\/tunisie-kais-saied-monte-sur-ses-grands-chevaux-video\/#breadcrumb\",\"itemListElement\":[{\"@type\":\"ListItem\",\"position\":1,\"name\":\"Accueil\",\"item\":\"https:\/\/kapitalis.com\/tunisie\/\"},{\"@type\":\"ListItem\",\"position\":2,\"name\":\"Tunisie\u00a0: Ka\u00efs Sa\u00efed monte sur ses grands chevaux (Vid\u00e9o)\"}]},{\"@type\":\"WebSite\",\"@id\":\"https:\/\/kapitalis.com\/tunisie\/#website\",\"url\":\"https:\/\/kapitalis.com\/tunisie\/\",\"name\":\"Kapitalis\",\"description\":\"L&#039;actualit\u00e9 en Tunisie et dans le monde\",\"publisher\":{\"@id\":\"https:\/\/kapitalis.com\/tunisie\/#organization\"},\"potentialAction\":[{\"@type\":\"SearchAction\",\"target\":{\"@type\":\"EntryPoint\",\"urlTemplate\":\"https:\/\/kapitalis.com\/tunisie\/?s={search_term_string}\"},\"query-input\":{\"@type\":\"PropertyValueSpecification\",\"valueRequired\":true,\"valueName\":\"search_term_string\"}}],\"inLanguage\":\"fr-FR\"},{\"@type\":\"Organization\",\"@id\":\"https:\/\/kapitalis.com\/tunisie\/#organization\",\"name\":\"Kapitalis\",\"url\":\"https:\/\/kapitalis.com\/tunisie\/\",\"logo\":{\"@type\":\"ImageObject\",\"inLanguage\":\"fr-FR\",\"@id\":\"https:\/\/kapitalis.com\/tunisie\/#\/schema\/logo\/image\/\",\"url\":\"https:\/\/kapitalis.com\/tunisie\/wp-content\/uploads\/2022\/05\/Kapitalis-big-size.png\",\"contentUrl\":\"https:\/\/kapitalis.com\/tunisie\/wp-content\/uploads\/2022\/05\/Kapitalis-big-size.png\",\"width\":5000,\"height\":1500,\"caption\":\"Kapitalis\"},\"image\":{\"@id\":\"https:\/\/kapitalis.com\/tunisie\/#\/schema\/logo\/image\/\"},\"sameAs\":[\"https:\/\/www.facebook.com\/KapitalisInfo\/\",\"https:\/\/x.com\/KapitalisInfo\",\"https:\/\/www.youtube.com\/channel\/UC-yDYrHyfFBWWZaOw3FPg9Q\"]},{\"@type\":\"Person\",\"@id\":\"https:\/\/kapitalis.com\/tunisie\/#\/schema\/person\/d71f33a9ca44f7bad4698210b480c8e9\",\"name\":\"webmaster kapitalis\",\"url\":\"https:\/\/kapitalis.com\/tunisie\/author\/webmaster-kapitalis\/\"}]}<\/script>\n<!-- \/ Yoast SEO plugin. -->","yoast_head_json":{"title":"Tunisie\u00a0: Ka\u00efs Sa\u00efed monte sur ses grands chevaux (Vid\u00e9o) - Kapitalis","robots":{"index":"index","follow":"follow","max-snippet":"max-snippet:-1","max-image-preview":"max-image-preview:large","max-video-preview":"max-video-preview:-1"},"canonical":"https:\/\/kapitalis.com\/tunisie\/2023\/11\/25\/tunisie-kais-saied-monte-sur-ses-grands-chevaux-video\/","og_locale":"fr_FR","og_type":"article","og_title":"Tunisie\u00a0: Ka\u00efs Sa\u00efed monte sur ses grands chevaux (Vid\u00e9o) - Kapitalis","og_description":"Ka\u00efs Sa\u00efed part en guerre contre \u00abtous ceux qui se croient au-dessus des lois\u00bb.","og_url":"https:\/\/kapitalis.com\/tunisie\/2023\/11\/25\/tunisie-kais-saied-monte-sur-ses-grands-chevaux-video\/","og_site_name":"Kapitalis","article_publisher":"https:\/\/www.facebook.com\/KapitalisInfo\/","article_published_time":"2023-11-25T09:11:56+00:00","article_modified_time":"2023-11-25T09:11:58+00:00","og_image":[{"width":1200,"height":630,"url":"https:\/\/kapitalis.com\/tunisie\/wp-content\/uploads\/2023\/11\/Kais-Saied-2.jpg","type":"image\/jpeg"}],"author":"webmaster kapitalis","twitter_card":"summary_large_image","twitter_creator":"@KapitalisInfo","twitter_site":"@KapitalisInfo","twitter_misc":{"\u00c9crit par":"webmaster kapitalis","Dur\u00e9e de lecture estim\u00e9e":"3 minutes"},"schema":{"@context":"https:\/\/schema.org","@graph":[{"@type":"Article","@id":"https:\/\/kapitalis.com\/tunisie\/2023\/11\/25\/tunisie-kais-saied-monte-sur-ses-grands-chevaux-video\/#article","isPartOf":{"@id":"https:\/\/kapitalis.com\/tunisie\/2023\/11\/25\/tunisie-kais-saied-monte-sur-ses-grands-chevaux-video\/"},"author":{"name":"webmaster kapitalis","@id":"https:\/\/kapitalis.com\/tunisie\/#\/schema\/person\/d71f33a9ca44f7bad4698210b480c8e9"},"headline":"Tunisie\u00a0: Ka\u00efs Sa\u00efed monte sur ses grands chevaux (Vid\u00e9o)","datePublished":"2023-11-25T09:11:56+00:00","dateModified":"2023-11-25T09:11:58+00:00","mainEntityOfPage":{"@id":"https:\/\/kapitalis.com\/tunisie\/2023\/11\/25\/tunisie-kais-saied-monte-sur-ses-grands-chevaux-video\/"},"wordCount":542,"commentCount":5,"publisher":{"@id":"https:\/\/kapitalis.com\/tunisie\/#organization"},"image":{"@id":"https:\/\/kapitalis.com\/tunisie\/2023\/11\/25\/tunisie-kais-saied-monte-sur-ses-grands-chevaux-video\/#primaryimage"},"thumbnailUrl":"https:\/\/kapitalis.com\/tunisie\/wp-content\/uploads\/2023\/11\/Kais-Saied-2.jpg","keywords":["Ahmed Hachani","Ka\u00efs Sa\u00efed","Leila Jaffel","r\u00e9conciliation p\u00e9nale","Sihem Boughdiri Nemsia","Tunisie"],"articleSection":["POLITIQUE","Tunisie","VIDEOS"],"inLanguage":"fr-FR","potentialAction":[{"@type":"CommentAction","name":"Comment","target":["https:\/\/kapitalis.com\/tunisie\/2023\/11\/25\/tunisie-kais-saied-monte-sur-ses-grands-chevaux-video\/#respond"]}]},{"@type":"WebPage","@id":"https:\/\/kapitalis.com\/tunisie\/2023\/11\/25\/tunisie-kais-saied-monte-sur-ses-grands-chevaux-video\/","url":"https:\/\/kapitalis.com\/tunisie\/2023\/11\/25\/tunisie-kais-saied-monte-sur-ses-grands-chevaux-video\/","name":"Tunisie\u00a0: Ka\u00efs Sa\u00efed monte sur ses grands chevaux (Vid\u00e9o) - Kapitalis","isPartOf":{"@id":"https:\/\/kapitalis.com\/tunisie\/#website"},"primaryImageOfPage":{"@id":"https:\/\/kapitalis.com\/tunisie\/2023\/11\/25\/tunisie-kais-saied-monte-sur-ses-grands-chevaux-video\/#primaryimage"},"image":{"@id":"https:\/\/kapitalis.com\/tunisie\/2023\/11\/25\/tunisie-kais-saied-monte-sur-ses-grands-chevaux-video\/#primaryimage"},"thumbnailUrl":"https:\/\/kapitalis.com\/tunisie\/wp-content\/uploads\/2023\/11\/Kais-Saied-2.jpg","datePublished":"2023-11-25T09:11:56+00:00","dateModified":"2023-11-25T09:11:58+00:00","breadcrumb":{"@id":"https:\/\/kapitalis.com\/tunisie\/2023\/11\/25\/tunisie-kais-saied-monte-sur-ses-grands-chevaux-video\/#breadcrumb"},"inLanguage":"fr-FR","potentialAction":[{"@type":"ReadAction","target":["https:\/\/kapitalis.com\/tunisie\/2023\/11\/25\/tunisie-kais-saied-monte-sur-ses-grands-chevaux-video\/"]}]},{"@type":"ImageObject","inLanguage":"fr-FR","@id":"https:\/\/kapitalis.com\/tunisie\/2023\/11\/25\/tunisie-kais-saied-monte-sur-ses-grands-chevaux-video\/#primaryimage","url":"https:\/\/kapitalis.com\/tunisie\/wp-content\/uploads\/2023\/11\/Kais-Saied-2.jpg","contentUrl":"https:\/\/kapitalis.com\/tunisie\/wp-content\/uploads\/2023\/11\/Kais-Saied-2.jpg","width":1200,"height":630},{"@type":"BreadcrumbList","@id":"https:\/\/kapitalis.com\/tunisie\/2023\/11\/25\/tunisie-kais-saied-monte-sur-ses-grands-chevaux-video\/#breadcrumb","itemListElement":[{"@type":"ListItem","position":1,"name":"Accueil","item":"https:\/\/kapitalis.com\/tunisie\/"},{"@type":"ListItem","position":2,"name":"Tunisie\u00a0: Ka\u00efs Sa\u00efed monte sur ses grands chevaux (Vid\u00e9o)"}]},{"@type":"WebSite","@id":"https:\/\/kapitalis.com\/tunisie\/#website","url":"https:\/\/kapitalis.com\/tunisie\/","name":"Kapitalis","description":"L&#039;actualit\u00e9 en Tunisie et dans le monde","publisher":{"@id":"https:\/\/kapitalis.com\/tunisie\/#organization"},"potentialAction":[{"@type":"SearchAction","target":{"@type":"EntryPoint","urlTemplate":"https:\/\/kapitalis.com\/tunisie\/?s={search_term_string}"},"query-input":{"@type":"PropertyValueSpecification","valueRequired":true,"valueName":"search_term_string"}}],"inLanguage":"fr-FR"},{"@type":"Organization","@id":"https:\/\/kapitalis.com\/tunisie\/#organization","name":"Kapitalis","url":"https:\/\/kapitalis.com\/tunisie\/","logo":{"@type":"ImageObject","inLanguage":"fr-FR","@id":"https:\/\/kapitalis.com\/tunisie\/#\/schema\/logo\/image\/","url":"https:\/\/kapitalis.com\/tunisie\/wp-content\/uploads\/2022\/05\/Kapitalis-big-size.png","contentUrl":"https:\/\/kapitalis.com\/tunisie\/wp-content\/uploads\/2022\/05\/Kapitalis-big-size.png","width":5000,"height":1500,"caption":"Kapitalis"},"image":{"@id":"https:\/\/kapitalis.com\/tunisie\/#\/schema\/logo\/image\/"},"sameAs":["https:\/\/www.facebook.com\/KapitalisInfo\/","https:\/\/x.com\/KapitalisInfo","https:\/\/www.youtube.com\/channel\/UC-yDYrHyfFBWWZaOw3FPg9Q"]},{"@type":"Person","@id":"https:\/\/kapitalis.com\/tunisie\/#\/schema\/person\/d71f33a9ca44f7bad4698210b480c8e9","name":"webmaster kapitalis","url":"https:\/\/kapitalis.com\/tunisie\/author\/webmaster-kapitalis\/"}]}},"_links":{"self":[{"href":"https:\/\/kapitalis.com\/tunisie\/wp-json\/wp\/v2\/posts\/10670989","targetHints":{"allow":["GET"]}}],"collection":[{"href":"https:\/\/kapitalis.com\/tunisie\/wp-json\/wp\/v2\/posts"}],"about":[{"href":"https:\/\/kapitalis.com\/tunisie\/wp-json\/wp\/v2\/types\/post"}],"author":[{"embeddable":true,"href":"https:\/\/kapitalis.com\/tunisie\/wp-json\/wp\/v2\/users\/8"}],"replies":[{"embeddable":true,"href":"https:\/\/kapitalis.com\/tunisie\/wp-json\/wp\/v2\/comments?post=10670989"}],"version-history":[{"count":1,"href":"https:\/\/kapitalis.com\/tunisie\/wp-json\/wp\/v2\/posts\/10670989\/revisions"}],"predecessor-version":[{"id":10671051,"href":"https:\/\/kapitalis.com\/tunisie\/wp-json\/wp\/v2\/posts\/10670989\/revisions\/10671051"}],"wp:featuredmedia":[{"embeddable":true,"href":"https:\/\/kapitalis.com\/tunisie\/wp-json\/wp\/v2\/media\/10671033"}],"wp:attachment":[{"href":"https:\/\/kapitalis.com\/tunisie\/wp-json\/wp\/v2\/media?parent=10670989"}],"wp:term":[{"taxonomy":"category","embeddable":true,"href":"https:\/\/kapitalis.com\/tunisie\/wp-json\/wp\/v2\/categories?post=10670989"},{"taxonomy":"post_tag","embeddable":true,"href":"https:\/\/kapitalis.com\/tunisie\/wp-json\/wp\/v2\/tags?post=10670989"}],"curies":[{"name":"wp","href":"https:\/\/api.w.org\/{rel}","templated":true}]}}