{"id":106976,"date":"2017-07-20T14:24:06","date_gmt":"2017-07-20T13:24:06","guid":{"rendered":"http:\/\/kapitalis.com\/tunisie\/?p=106976"},"modified":"2017-07-20T14:31:04","modified_gmt":"2017-07-20T13:31:04","slug":"ennahdha-et-nidaa-opposes-a-la-normalisation-avec-la-syrie","status":"publish","type":"post","link":"https:\/\/kapitalis.com\/tunisie\/2017\/07\/20\/ennahdha-et-nidaa-opposes-a-la-normalisation-avec-la-syrie\/","title":{"rendered":"Ennahdha et Nidaa oppos\u00e9s \u00e0 la normalisation avec la Syrie"},"content":{"rendered":"<p style=\"text-align: center;\"><img loading=\"lazy\" decoding=\"async\" class=\"alignnone size-full wp-image-87654\" src=\"http:\/\/kapitalis.com\/tunisie\/wp-content\/uploads\/2017\/03\/Tunisie-Syrie.jpg\" alt=\"\" width=\"626\" height=\"380\" \/><\/p>\n<p style=\"text-align: center;\"><em>Manifestation \u00e0 Tunis pour la reprise des relations entre Tunis et Damas.\u00a0<\/em><\/p>\n<p><em><strong>La p\u00e9tition appelant \u00e0 r\u00e9tablir les relations diplomatiques entre la Tunisie et la Syrie a \u00e9t\u00e9 rejet\u00e9e, mercredi 19 juillet 2017, par l\u2019Assembl\u00e9e.<\/strong><\/em><!--more--><\/p>\n<p>En mars dernier, un groupe de parlementaires tunisiens s\u2019\u00e9tait rendu en Syrie et rencontra le pr\u00e9sident Bachar Al-Assad. Au retour des d\u00e9put\u00e9s, une p\u00e9tition a \u00e9t\u00e9 sign\u00e9e et pr\u00e9sent\u00e9e \u00e0 l&rsquo;Assembl\u00e9e, en avril, par 4 pr\u00e9sidents de blocs parlementaires\u00a0(Al Horra, Union patriotique libre(UPL), Front populaire et Afek Tounes).\u00a0Soumise, hier, au vote, 68 d\u00e9put\u00e9s ont vot\u00e9 pour, 6 contre et 27 se sont abstenus. Or, il fallait au moins 109 voix pour la faire passer.<\/p>\n<p>Les deux partis les plus repr\u00e9sent\u00e9s au parlement, Ennahdha et Nidaa, ont, \u00e0 l&rsquo;\u00e9vidence, fait tomber ce projet de reprise des relations entre Tunis et Damas, rompues, en 2012, par l\u2019ancien pr\u00e9sident provisoire de la r\u00e9publique, Moncef Marzouki, et par le gouvernement de la \u00ab<em>tro\u00efka<\/em>\u00bb, l&rsquo;ex-coalition gouvernementale conduite par le parti islamiste Ennahdha.<\/p>\n<p>La Syrie \u00e9tait pr\u00eate \u00e0 renouer ses relations diplomatiques avec la Tunisie, \u00e0 lui livrer les dossiers des terroristes arr\u00eat\u00e9s dans les camps syriens (dont 54 que la Tunisie n\u2019a m\u00eame pas voulu faire rapatrier) et \u00e0 aider \u00e0 enqu\u00eater sur les responsables des r\u00e9seaux tunisiens d\u2019envoi de jeunes pour le jihad en Syrie. Et \u00e7a, on l&rsquo;a compris, n\u2019arrange pas tout le monde, et surtout pas les islamistes, dont la responsabilit\u00e9 dans la mise en place de ces r\u00e9seaux, en 2012 et 2013, est un secret de polichinelle\u2026<\/p>\n<p>Reste que la position de Nidaa pose probl\u00e8me: les d\u00e9put\u00e9s de ce parti aujourd&rsquo;hui en charpie ont-ils oubli\u00e9 que l&rsquo;actuel pr\u00e9sident de la r\u00e9publique, B\u00e9ji Ca\u00efd Essebsi, avait promis, lors de sa campagne \u00e9lectorale, d&rsquo;oeuvrer, une fois \u00e9lu, \u00e0 la reprise des relations avec la Syrie ? Ou la parole de leur fondateur et pr\u00e9sident d&rsquo;honneur n&rsquo;a-t-elle, aujourd&rsquo;hui, \u00e0 leurs yeux, aucun poids ?<\/p>\n<p>Ce vote montre s&rsquo;il en est encore besoin que Nidaa, port\u00e9 au pouvoir pour son opposition \u00e0 Ennahdha, est devenu aujourd&rsquo;hui une succursale du parti islamiste. Le jour J, les \u00e9lecteurs s&rsquo;en souviendront&#8230;<\/p>\n<p style=\"text-align: right;\"><strong>Y. N.<\/strong><\/p>\n","protected":false},"excerpt":{"rendered":"<p>Manifestation \u00e0 Tunis pour la reprise des relations entre Tunis et Damas.\u00a0 La p\u00e9tition appelant \u00e0 r\u00e9tablir les relations diplomatiques entre la Tunisie et la Syrie a \u00e9t\u00e9 rejet\u00e9e, mercredi 19 juillet 2017, par l\u2019Assembl\u00e9e.<\/p>\n","protected":false},"author":6,"featured_media":0,"comment_status":"open","ping_status":"open","sticky":false,"template":"","format":"standard","meta":{"footnotes":""},"categories":[997,2433],"tags":[93,5428,582,873,899,3654],"class_list":["post-106976","post","type-post","status-publish","format-standard","hentry","category-politique","category-tunisie","tag-assemblee","tag-damas","tag-marzouki","tag-syrie","tag-terroristes","tag-troika"],"yoast_head":"<!-- This site is optimized with the Yoast SEO plugin v26.6 - https:\/\/yoast.com\/wordpress\/plugins\/seo\/ -->\n<title>Ennahdha et Nidaa oppos\u00e9s \u00e0 la normalisation avec la Syrie - Kapitalis<\/title>\n<meta name=\"robots\" content=\"index, follow, max-snippet:-1, max-image-preview:large, max-video-preview:-1\" \/>\n<link rel=\"canonical\" href=\"https:\/\/kapitalis.com\/tunisie\/2017\/07\/20\/ennahdha-et-nidaa-opposes-a-la-normalisation-avec-la-syrie\/\" \/>\n<meta property=\"og:locale\" content=\"fr_FR\" \/>\n<meta property=\"og:type\" content=\"article\" \/>\n<meta property=\"og:title\" content=\"Ennahdha et Nidaa oppos\u00e9s \u00e0 la normalisation avec la Syrie - Kapitalis\" \/>\n<meta property=\"og:description\" content=\"Manifestation \u00e0 Tunis pour la reprise des relations entre Tunis et Damas.\u00a0 La p\u00e9tition appelant \u00e0 r\u00e9tablir les relations diplomatiques entre la Tunisie et la Syrie a \u00e9t\u00e9 rejet\u00e9e, mercredi 19 juillet 2017, par l\u2019Assembl\u00e9e.\" \/>\n<meta property=\"og:url\" content=\"https:\/\/kapitalis.com\/tunisie\/2017\/07\/20\/ennahdha-et-nidaa-opposes-a-la-normalisation-avec-la-syrie\/\" \/>\n<meta property=\"og:site_name\" content=\"Kapitalis\" \/>\n<meta property=\"article:publisher\" content=\"https:\/\/www.facebook.com\/KapitalisInfo\/\" \/>\n<meta property=\"article:published_time\" content=\"2017-07-20T13:24:06+00:00\" \/>\n<meta property=\"article:modified_time\" content=\"2017-07-20T13:31:04+00:00\" \/>\n<meta property=\"og:image\" content=\"http:\/\/kapitalis.com\/tunisie\/wp-content\/uploads\/2017\/03\/Tunisie-Syrie.jpg\" \/>\n<meta name=\"author\" content=\"Yusra NY\" \/>\n<meta name=\"twitter:card\" content=\"summary_large_image\" \/>\n<meta name=\"twitter:creator\" content=\"@KapitalisInfo\" \/>\n<meta name=\"twitter:site\" content=\"@KapitalisInfo\" \/>\n<meta name=\"twitter:label1\" content=\"\u00c9crit par\" \/>\n\t<meta name=\"twitter:data1\" content=\"Yusra NY\" \/>\n\t<meta name=\"twitter:label2\" content=\"Dur\u00e9e de lecture estim\u00e9e\" \/>\n\t<meta name=\"twitter:data2\" content=\"2 minutes\" \/>\n<script type=\"application\/ld+json\" class=\"yoast-schema-graph\">{\"@context\":\"https:\/\/schema.org\",\"@graph\":[{\"@type\":\"Article\",\"@id\":\"https:\/\/kapitalis.com\/tunisie\/2017\/07\/20\/ennahdha-et-nidaa-opposes-a-la-normalisation-avec-la-syrie\/#article\",\"isPartOf\":{\"@id\":\"https:\/\/kapitalis.com\/tunisie\/2017\/07\/20\/ennahdha-et-nidaa-opposes-a-la-normalisation-avec-la-syrie\/\"},\"author\":{\"name\":\"Yusra NY\",\"@id\":\"https:\/\/kapitalis.com\/tunisie\/#\/schema\/person\/74bbde0154d49d790a92aaeac5bc01d5\"},\"headline\":\"Ennahdha et Nidaa oppos\u00e9s \u00e0 la normalisation avec la Syrie\",\"datePublished\":\"2017-07-20T13:24:06+00:00\",\"dateModified\":\"2017-07-20T13:31:04+00:00\",\"mainEntityOfPage\":{\"@id\":\"https:\/\/kapitalis.com\/tunisie\/2017\/07\/20\/ennahdha-et-nidaa-opposes-a-la-normalisation-avec-la-syrie\/\"},\"wordCount\":381,\"commentCount\":12,\"publisher\":{\"@id\":\"https:\/\/kapitalis.com\/tunisie\/#organization\"},\"image\":{\"@id\":\"https:\/\/kapitalis.com\/tunisie\/2017\/07\/20\/ennahdha-et-nidaa-opposes-a-la-normalisation-avec-la-syrie\/#primaryimage\"},\"thumbnailUrl\":\"http:\/\/kapitalis.com\/tunisie\/wp-content\/uploads\/2017\/03\/Tunisie-Syrie.jpg\",\"keywords\":[\"Assembl\u00e9e\",\"Damas\",\"Marzouki\",\"Syrie\",\"terroristes\",\"tro\u00efka\"],\"articleSection\":[\"POLITIQUE\",\"Tunisie\"],\"inLanguage\":\"fr-FR\",\"potentialAction\":[{\"@type\":\"CommentAction\",\"name\":\"Comment\",\"target\":[\"https:\/\/kapitalis.com\/tunisie\/2017\/07\/20\/ennahdha-et-nidaa-opposes-a-la-normalisation-avec-la-syrie\/#respond\"]}]},{\"@type\":\"WebPage\",\"@id\":\"https:\/\/kapitalis.com\/tunisie\/2017\/07\/20\/ennahdha-et-nidaa-opposes-a-la-normalisation-avec-la-syrie\/\",\"url\":\"https:\/\/kapitalis.com\/tunisie\/2017\/07\/20\/ennahdha-et-nidaa-opposes-a-la-normalisation-avec-la-syrie\/\",\"name\":\"Ennahdha et Nidaa oppos\u00e9s \u00e0 la normalisation avec la Syrie - Kapitalis\",\"isPartOf\":{\"@id\":\"https:\/\/kapitalis.com\/tunisie\/#website\"},\"primaryImageOfPage\":{\"@id\":\"https:\/\/kapitalis.com\/tunisie\/2017\/07\/20\/ennahdha-et-nidaa-opposes-a-la-normalisation-avec-la-syrie\/#primaryimage\"},\"image\":{\"@id\":\"https:\/\/kapitalis.com\/tunisie\/2017\/07\/20\/ennahdha-et-nidaa-opposes-a-la-normalisation-avec-la-syrie\/#primaryimage\"},\"thumbnailUrl\":\"http:\/\/kapitalis.com\/tunisie\/wp-content\/uploads\/2017\/03\/Tunisie-Syrie.jpg\",\"datePublished\":\"2017-07-20T13:24:06+00:00\",\"dateModified\":\"2017-07-20T13:31:04+00:00\",\"breadcrumb\":{\"@id\":\"https:\/\/kapitalis.com\/tunisie\/2017\/07\/20\/ennahdha-et-nidaa-opposes-a-la-normalisation-avec-la-syrie\/#breadcrumb\"},\"inLanguage\":\"fr-FR\",\"potentialAction\":[{\"@type\":\"ReadAction\",\"target\":[\"https:\/\/kapitalis.com\/tunisie\/2017\/07\/20\/ennahdha-et-nidaa-opposes-a-la-normalisation-avec-la-syrie\/\"]}]},{\"@type\":\"ImageObject\",\"inLanguage\":\"fr-FR\",\"@id\":\"https:\/\/kapitalis.com\/tunisie\/2017\/07\/20\/ennahdha-et-nidaa-opposes-a-la-normalisation-avec-la-syrie\/#primaryimage\",\"url\":\"http:\/\/kapitalis.com\/tunisie\/wp-content\/uploads\/2017\/03\/Tunisie-Syrie.jpg\",\"contentUrl\":\"http:\/\/kapitalis.com\/tunisie\/wp-content\/uploads\/2017\/03\/Tunisie-Syrie.jpg\"},{\"@type\":\"BreadcrumbList\",\"@id\":\"https:\/\/kapitalis.com\/tunisie\/2017\/07\/20\/ennahdha-et-nidaa-opposes-a-la-normalisation-avec-la-syrie\/#breadcrumb\",\"itemListElement\":[{\"@type\":\"ListItem\",\"position\":1,\"name\":\"Accueil\",\"item\":\"https:\/\/kapitalis.com\/tunisie\/\"},{\"@type\":\"ListItem\",\"position\":2,\"name\":\"Ennahdha et Nidaa oppos\u00e9s \u00e0 la normalisation avec la Syrie\"}]},{\"@type\":\"WebSite\",\"@id\":\"https:\/\/kapitalis.com\/tunisie\/#website\",\"url\":\"https:\/\/kapitalis.com\/tunisie\/\",\"name\":\"Kapitalis\",\"description\":\"L&#039;actualit\u00e9 en Tunisie et dans le monde\",\"publisher\":{\"@id\":\"https:\/\/kapitalis.com\/tunisie\/#organization\"},\"potentialAction\":[{\"@type\":\"SearchAction\",\"target\":{\"@type\":\"EntryPoint\",\"urlTemplate\":\"https:\/\/kapitalis.com\/tunisie\/?s={search_term_string}\"},\"query-input\":{\"@type\":\"PropertyValueSpecification\",\"valueRequired\":true,\"valueName\":\"search_term_string\"}}],\"inLanguage\":\"fr-FR\"},{\"@type\":\"Organization\",\"@id\":\"https:\/\/kapitalis.com\/tunisie\/#organization\",\"name\":\"Kapitalis\",\"url\":\"https:\/\/kapitalis.com\/tunisie\/\",\"logo\":{\"@type\":\"ImageObject\",\"inLanguage\":\"fr-FR\",\"@id\":\"https:\/\/kapitalis.com\/tunisie\/#\/schema\/logo\/image\/\",\"url\":\"https:\/\/kapitalis.com\/tunisie\/wp-content\/uploads\/2022\/05\/Kapitalis-big-size.png\",\"contentUrl\":\"https:\/\/kapitalis.com\/tunisie\/wp-content\/uploads\/2022\/05\/Kapitalis-big-size.png\",\"width\":5000,\"height\":1500,\"caption\":\"Kapitalis\"},\"image\":{\"@id\":\"https:\/\/kapitalis.com\/tunisie\/#\/schema\/logo\/image\/\"},\"sameAs\":[\"https:\/\/www.facebook.com\/KapitalisInfo\/\",\"https:\/\/x.com\/KapitalisInfo\",\"https:\/\/www.youtube.com\/channel\/UC-yDYrHyfFBWWZaOw3FPg9Q\"]},{\"@type\":\"Person\",\"@id\":\"https:\/\/kapitalis.com\/tunisie\/#\/schema\/person\/74bbde0154d49d790a92aaeac5bc01d5\",\"name\":\"Yusra NY\",\"url\":\"https:\/\/kapitalis.com\/tunisie\/author\/yuza_adam\/\"}]}<\/script>\n<!-- \/ Yoast SEO plugin. -->","yoast_head_json":{"title":"Ennahdha et Nidaa oppos\u00e9s \u00e0 la normalisation avec la Syrie - Kapitalis","robots":{"index":"index","follow":"follow","max-snippet":"max-snippet:-1","max-image-preview":"max-image-preview:large","max-video-preview":"max-video-preview:-1"},"canonical":"https:\/\/kapitalis.com\/tunisie\/2017\/07\/20\/ennahdha-et-nidaa-opposes-a-la-normalisation-avec-la-syrie\/","og_locale":"fr_FR","og_type":"article","og_title":"Ennahdha et Nidaa oppos\u00e9s \u00e0 la normalisation avec la Syrie - Kapitalis","og_description":"Manifestation \u00e0 Tunis pour la reprise des relations entre Tunis et Damas.\u00a0 La p\u00e9tition appelant \u00e0 r\u00e9tablir les relations diplomatiques entre la Tunisie et la Syrie a \u00e9t\u00e9 rejet\u00e9e, mercredi 19 juillet 2017, par l\u2019Assembl\u00e9e.","og_url":"https:\/\/kapitalis.com\/tunisie\/2017\/07\/20\/ennahdha-et-nidaa-opposes-a-la-normalisation-avec-la-syrie\/","og_site_name":"Kapitalis","article_publisher":"https:\/\/www.facebook.com\/KapitalisInfo\/","article_published_time":"2017-07-20T13:24:06+00:00","article_modified_time":"2017-07-20T13:31:04+00:00","og_image":[{"url":"http:\/\/kapitalis.com\/tunisie\/wp-content\/uploads\/2017\/03\/Tunisie-Syrie.jpg","type":"","width":"","height":""}],"author":"Yusra NY","twitter_card":"summary_large_image","twitter_creator":"@KapitalisInfo","twitter_site":"@KapitalisInfo","twitter_misc":{"\u00c9crit par":"Yusra NY","Dur\u00e9e de lecture estim\u00e9e":"2 minutes"},"schema":{"@context":"https:\/\/schema.org","@graph":[{"@type":"Article","@id":"https:\/\/kapitalis.com\/tunisie\/2017\/07\/20\/ennahdha-et-nidaa-opposes-a-la-normalisation-avec-la-syrie\/#article","isPartOf":{"@id":"https:\/\/kapitalis.com\/tunisie\/2017\/07\/20\/ennahdha-et-nidaa-opposes-a-la-normalisation-avec-la-syrie\/"},"author":{"name":"Yusra NY","@id":"https:\/\/kapitalis.com\/tunisie\/#\/schema\/person\/74bbde0154d49d790a92aaeac5bc01d5"},"headline":"Ennahdha et Nidaa oppos\u00e9s \u00e0 la normalisation avec la Syrie","datePublished":"2017-07-20T13:24:06+00:00","dateModified":"2017-07-20T13:31:04+00:00","mainEntityOfPage":{"@id":"https:\/\/kapitalis.com\/tunisie\/2017\/07\/20\/ennahdha-et-nidaa-opposes-a-la-normalisation-avec-la-syrie\/"},"wordCount":381,"commentCount":12,"publisher":{"@id":"https:\/\/kapitalis.com\/tunisie\/#organization"},"image":{"@id":"https:\/\/kapitalis.com\/tunisie\/2017\/07\/20\/ennahdha-et-nidaa-opposes-a-la-normalisation-avec-la-syrie\/#primaryimage"},"thumbnailUrl":"http:\/\/kapitalis.com\/tunisie\/wp-content\/uploads\/2017\/03\/Tunisie-Syrie.jpg","keywords":["Assembl\u00e9e","Damas","Marzouki","Syrie","terroristes","tro\u00efka"],"articleSection":["POLITIQUE","Tunisie"],"inLanguage":"fr-FR","potentialAction":[{"@type":"CommentAction","name":"Comment","target":["https:\/\/kapitalis.com\/tunisie\/2017\/07\/20\/ennahdha-et-nidaa-opposes-a-la-normalisation-avec-la-syrie\/#respond"]}]},{"@type":"WebPage","@id":"https:\/\/kapitalis.com\/tunisie\/2017\/07\/20\/ennahdha-et-nidaa-opposes-a-la-normalisation-avec-la-syrie\/","url":"https:\/\/kapitalis.com\/tunisie\/2017\/07\/20\/ennahdha-et-nidaa-opposes-a-la-normalisation-avec-la-syrie\/","name":"Ennahdha et Nidaa oppos\u00e9s \u00e0 la normalisation avec la Syrie - Kapitalis","isPartOf":{"@id":"https:\/\/kapitalis.com\/tunisie\/#website"},"primaryImageOfPage":{"@id":"https:\/\/kapitalis.com\/tunisie\/2017\/07\/20\/ennahdha-et-nidaa-opposes-a-la-normalisation-avec-la-syrie\/#primaryimage"},"image":{"@id":"https:\/\/kapitalis.com\/tunisie\/2017\/07\/20\/ennahdha-et-nidaa-opposes-a-la-normalisation-avec-la-syrie\/#primaryimage"},"thumbnailUrl":"http:\/\/kapitalis.com\/tunisie\/wp-content\/uploads\/2017\/03\/Tunisie-Syrie.jpg","datePublished":"2017-07-20T13:24:06+00:00","dateModified":"2017-07-20T13:31:04+00:00","breadcrumb":{"@id":"https:\/\/kapitalis.com\/tunisie\/2017\/07\/20\/ennahdha-et-nidaa-opposes-a-la-normalisation-avec-la-syrie\/#breadcrumb"},"inLanguage":"fr-FR","potentialAction":[{"@type":"ReadAction","target":["https:\/\/kapitalis.com\/tunisie\/2017\/07\/20\/ennahdha-et-nidaa-opposes-a-la-normalisation-avec-la-syrie\/"]}]},{"@type":"ImageObject","inLanguage":"fr-FR","@id":"https:\/\/kapitalis.com\/tunisie\/2017\/07\/20\/ennahdha-et-nidaa-opposes-a-la-normalisation-avec-la-syrie\/#primaryimage","url":"http:\/\/kapitalis.com\/tunisie\/wp-content\/uploads\/2017\/03\/Tunisie-Syrie.jpg","contentUrl":"http:\/\/kapitalis.com\/tunisie\/wp-content\/uploads\/2017\/03\/Tunisie-Syrie.jpg"},{"@type":"BreadcrumbList","@id":"https:\/\/kapitalis.com\/tunisie\/2017\/07\/20\/ennahdha-et-nidaa-opposes-a-la-normalisation-avec-la-syrie\/#breadcrumb","itemListElement":[{"@type":"ListItem","position":1,"name":"Accueil","item":"https:\/\/kapitalis.com\/tunisie\/"},{"@type":"ListItem","position":2,"name":"Ennahdha et Nidaa oppos\u00e9s \u00e0 la normalisation avec la Syrie"}]},{"@type":"WebSite","@id":"https:\/\/kapitalis.com\/tunisie\/#website","url":"https:\/\/kapitalis.com\/tunisie\/","name":"Kapitalis","description":"L&#039;actualit\u00e9 en Tunisie et dans le monde","publisher":{"@id":"https:\/\/kapitalis.com\/tunisie\/#organization"},"potentialAction":[{"@type":"SearchAction","target":{"@type":"EntryPoint","urlTemplate":"https:\/\/kapitalis.com\/tunisie\/?s={search_term_string}"},"query-input":{"@type":"PropertyValueSpecification","valueRequired":true,"valueName":"search_term_string"}}],"inLanguage":"fr-FR"},{"@type":"Organization","@id":"https:\/\/kapitalis.com\/tunisie\/#organization","name":"Kapitalis","url":"https:\/\/kapitalis.com\/tunisie\/","logo":{"@type":"ImageObject","inLanguage":"fr-FR","@id":"https:\/\/kapitalis.com\/tunisie\/#\/schema\/logo\/image\/","url":"https:\/\/kapitalis.com\/tunisie\/wp-content\/uploads\/2022\/05\/Kapitalis-big-size.png","contentUrl":"https:\/\/kapitalis.com\/tunisie\/wp-content\/uploads\/2022\/05\/Kapitalis-big-size.png","width":5000,"height":1500,"caption":"Kapitalis"},"image":{"@id":"https:\/\/kapitalis.com\/tunisie\/#\/schema\/logo\/image\/"},"sameAs":["https:\/\/www.facebook.com\/KapitalisInfo\/","https:\/\/x.com\/KapitalisInfo","https:\/\/www.youtube.com\/channel\/UC-yDYrHyfFBWWZaOw3FPg9Q"]},{"@type":"Person","@id":"https:\/\/kapitalis.com\/tunisie\/#\/schema\/person\/74bbde0154d49d790a92aaeac5bc01d5","name":"Yusra NY","url":"https:\/\/kapitalis.com\/tunisie\/author\/yuza_adam\/"}]}},"_links":{"self":[{"href":"https:\/\/kapitalis.com\/tunisie\/wp-json\/wp\/v2\/posts\/106976","targetHints":{"allow":["GET"]}}],"collection":[{"href":"https:\/\/kapitalis.com\/tunisie\/wp-json\/wp\/v2\/posts"}],"about":[{"href":"https:\/\/kapitalis.com\/tunisie\/wp-json\/wp\/v2\/types\/post"}],"author":[{"embeddable":true,"href":"https:\/\/kapitalis.com\/tunisie\/wp-json\/wp\/v2\/users\/6"}],"replies":[{"embeddable":true,"href":"https:\/\/kapitalis.com\/tunisie\/wp-json\/wp\/v2\/comments?post=106976"}],"version-history":[{"count":0,"href":"https:\/\/kapitalis.com\/tunisie\/wp-json\/wp\/v2\/posts\/106976\/revisions"}],"wp:attachment":[{"href":"https:\/\/kapitalis.com\/tunisie\/wp-json\/wp\/v2\/media?parent=106976"}],"wp:term":[{"taxonomy":"category","embeddable":true,"href":"https:\/\/kapitalis.com\/tunisie\/wp-json\/wp\/v2\/categories?post=106976"},{"taxonomy":"post_tag","embeddable":true,"href":"https:\/\/kapitalis.com\/tunisie\/wp-json\/wp\/v2\/tags?post=106976"}],"curies":[{"name":"wp","href":"https:\/\/api.w.org\/{rel}","templated":true}]}}