{"id":10697728,"date":"2023-11-26T12:52:30","date_gmt":"2023-11-26T11:52:30","guid":{"rendered":"https:\/\/kapitalis.com\/tunisie\/?p=10697728"},"modified":"2023-11-26T12:52:32","modified_gmt":"2023-11-26T11:52:32","slug":"lettre-ouverte-au-premier-ministre-belge-a-propos-de-sa-position-sur-gaza","status":"publish","type":"post","link":"https:\/\/kapitalis.com\/tunisie\/2023\/11\/26\/lettre-ouverte-au-premier-ministre-belge-a-propos-de-sa-position-sur-gaza\/","title":{"rendered":"Lettre ouverte au Premier ministre belge \u00e0 propos de sa position sur Gaza"},"content":{"rendered":"\n<p><strong><em>Dans\u00a0la lettre ouverte que nous publions ci-dessous, l\u2019auteur, Tunisien vivant en Belgique depuis 60 ans, exprime toute sa profonde reconnaissance pour le Premier ministre belge, Alexander De Croo, qui a appel\u00e9 r\u00e9cemment \u00e0 mettre fin \u00e0 la violence isra\u00e9lienne \u00e0 Gaza, \u00e0 fournir de l\u2019aide humanitaire aux Palestiniens et \u00e0 lib\u00e9rer les otages isra\u00e9liens du Hamas. ** <\/em><\/strong><\/p>\n\n\n\n<p>Par<strong> Kh\u00e9ma\u00efs Gharbi<\/strong> *<\/p>\n\n\n\n<!--more-->\n\n\n<div class=\"wp-block-image\">\n<figure class=\"alignleft size-full\"><img loading=\"lazy\" decoding=\"async\" width=\"200\" height=\"200\" src=\"https:\/\/kapitalis.com\/tunisie\/wp-content\/uploads\/2023\/09\/Khemais-Gharbi.jpg\" alt=\"\" class=\"wp-image-9639164\" srcset=\"https:\/\/kapitalis.com\/tunisie\/wp-content\/uploads\/2023\/09\/Khemais-Gharbi.jpg 200w, https:\/\/kapitalis.com\/tunisie\/wp-content\/uploads\/2023\/09\/Khemais-Gharbi-150x150.jpg 150w, https:\/\/kapitalis.com\/tunisie\/wp-content\/uploads\/2023\/09\/Khemais-Gharbi-120x120.jpg 120w\" sizes=\"auto, (max-width: 200px) 100vw, 200px\" \/><\/figure>\n<\/div>\n\n\n<p>Monsieur le Premier ministre,<\/p>\n\n\n\n<p>Je tiens \u00e0 vous exprimer ma profonde reconnaissance suite \u00e0 votre r\u00e9cente d\u00e9claration publique condamnant les bombardements aveugles affectant gravement les civils palestiniens. Votre position refl\u00e8te non seulement votre engagement envers la paix et les droits de l\u2019homme, mais \u00e9galement la solidarit\u00e9 de la Belgique envers les principes humanitaires fondamentaux.<\/p>\n\n\n\n<p>Votre parfaite symbiose avec les valeurs caract\u00e9ristiques de la Belgique, en tant que nation toujours m\u00e9diane, humaniste, et \u00e0 l\u2019avant-garde de la d\u00e9fense du droit international, est admirable et m\u00e9rite d\u2019\u00eatre relev\u00e9e et salu\u00e9e.<\/p>\n\n\n\n<p>Votre condamnation des actes causant la perte de vies humaines, avec 14 000 morts en 50 jours, 25 000 bless\u00e9s, et 50 000 maisons d\u00e9truites, t\u00e9moigne de la compassion et de la responsabilit\u00e9 qui d\u00e9finissent votre politique sur la sc\u00e8ne internationale.<\/p>\n\n\n\n<p>Votre solidarit\u00e9 d\u00e9clar\u00e9e envers la population civile de Gaza est un honneur pour vous-m\u00eame, votre gouvernement et pour la Belgique.<\/p>\n\n\n\n<p>Cette position courageuse transcende les fronti\u00e8res, suscitant des \u00e9loges et des reconnaissances de dizaines de millions de citoyens, voire davantage, \u00e0 travers le monde arabe. Votre prise de position claire et sans \u00e9quivoque a \u00e9t\u00e9 diffus\u00e9e dans tous les pays arabes, illustrant l\u2019impact positif de la Belgique sur la sc\u00e8ne mondiale.<\/p>\n\n\n\n<p>J\u2019ai eu en effet l\u2019occasion ces deux derniers jours de constater cet \u00e9lan de reconnaissance en parcourant des cha\u00eenes arabes, o\u00f9 des millions de citoyens se sont f\u00e9licit\u00e9s de votre engagement en faveur de la paix. Le t\u00e9moignage (annex\u00e9 \u00e0 ce courriel) d\u2019une petite fille de Gaza, implorant le monde de voler au secours de sa ville d\u00e9vast\u00e9e, a renforc\u00e9 la pertinence de votre position. Ses paroles poignantes, r\u00e9clamant de l\u2019aide face \u00e0 la faim, \u00e0 la soif, et \u00e0 la d\u00e9solation, r\u00e9sonnent profond\u00e9ment dans tous les c\u0153urs et soulignent l\u2019urgence d\u2019une action humanitaire rapide et salutaire.<\/p>\n\n\n\n<p>En cette p\u00e9riode critique, votre intervention courageuse et \u00e9clair\u00e9e ainsi que votre compassion d\u00e9montrent la capacit\u00e9 de la Belgique \u00e0 \u00eatre un phare d\u2019espoir et de justice dans les r\u00e9gions du monde o\u00f9 ces valeurs font d\u00e9faut.<\/p>\n\n\n\n<p>Je vous f\u00e9licite \u00e0 pers\u00e9v\u00e9rer dans votre engagement en faveur de la paix et \u00e0 continuer de d\u00e9fendre les valeurs qui font de la Belgique un exemple inspirant pour le monde.<\/p>\n\n\n\n<p>Je me sens combl\u00e9 et honor\u00e9 d\u2019avoir choisi la Belgique comme pays d\u2019adoption il y a plus de 60 ans, alors que je n\u2019avais que 20 ans. Mon attachement \u00e0 ce pays s\u2019est constamment renforc\u00e9 au fil des ann\u00e9es, au point o\u00f9 j\u2019ai ressenti le d\u00e9sir de mieux le servir avec les moyens dont je disposais. La publication de mon modeste ouvrage <em>\u00abFen\u00eatre sur la Belgique\u00bb<\/em> en 1988, s\u2019inscrivait dans cette volont\u00e9 de contribuer \u00e0 une meilleure connaissance de la Belgique, notamment pour faciliter l\u2019int\u00e9gration des immigrants. Traduit \u00e9galement en n\u00e9erlandais sous le titre <em>\u00ab Belgi\u00eb in de Kijker\u00bb<\/em>, il a \u00e9t\u00e9 chaleureusement accueilli par le grand public ainsi que par les m\u00e9dias francophones et n\u00e9erlandophones.<\/p>\n\n\n\n<p>Aujourd\u2019hui, \u00e0 un \u00e2ge o\u00f9 l\u2019on se livre parfois \u00e0 une r\u00e9trospective personnelle, je retrouve toutes les bonnes raisons qui ont motiv\u00e9 mon choix initial. Cela s\u2019explique notamment par l\u2019humanisme dont vous faites preuve, Monsieur le Premier ministre Alexander De Croo, ainsi que par le r\u00f4le important que la Belgique joue dans le monde.<\/p>\n\n\n\n<p>Veuillez agr\u00e9er, Monsieur le Premier ministre, Alexander De Croo l\u2019expression de ma plus haute consid\u00e9ration.<\/p>\n\n\n\n<p><em>* Enseignant sup\u00e9rieur \u00e0 la retraite, Bruxelles.<\/em><\/p>\n\n\n\n<p><em>** Avec son homologue espagnol Perdo Sanchez, Alexander De Croo s\u2019est rendu vendredi 24 novembre 2023, au poste fronti\u00e8re de Rafah, entre l\u2019\u00c9gypte et la Bande de Gaza, juste au moment o\u00f9 un cessez-le-feu entre Isra\u00ebl et le Hamas est entr\u00e9 en vigueur. Les deux Premiers ministres font pression pour un \u00e9change continu d\u2019aide et d\u2019otages afin que le cessez-le-feu de plusieurs jours se transforme en une tr\u00eave permanente. Sans aller aussi loin que son homologue espagnol, qui a form\u00e9 l\u2019espoir que la communaut\u00e9 internationale reconna\u00eetra la Palestine comme un \u00c9tat, De Croo a soulign\u00e9 la priorit\u00e9 de mettre fin \u00e0 la violence isra\u00e9lienne \u00e0 Gaza, de fournir de l\u2019aide humanitaire et de lib\u00e9rer les otages isra\u00e9liens du Hamas, <\/em>\u00abcar ces mesures aideront r\u00e9ellement la population qui souffre\u00bb<em>, a-t-il d\u00e9clar\u00e9.<\/em><\/p>\n\n\n\n<figure class=\"wp-block-embed is-type-wp-embed is-provider-kapitalis wp-block-embed-kapitalis\"><div class=\"wp-block-embed__wrapper\">\n<blockquote class=\"wp-embedded-content\" data-secret=\"4YE21yIqgP\"><a href=\"https:\/\/kapitalis.com\/tunisie\/2023\/11\/23\/le-jour-ou-jai-fait-linterprete-pour-yasser-arafat\/\">Le jour o\u00f9 j\u2019ai fait l\u2019interpr\u00e8te pour Yasser Arafat<\/a><\/blockquote><iframe loading=\"lazy\" class=\"wp-embedded-content\" sandbox=\"allow-scripts\" security=\"restricted\" style=\"position: absolute; clip: rect(1px, 1px, 1px, 1px);\" title=\"\u00ab\u00a0Le jour o\u00f9 j\u2019ai fait l\u2019interpr\u00e8te pour Yasser Arafat\u00a0\u00bb &#8212; Kapitalis\" src=\"https:\/\/kapitalis.com\/tunisie\/2023\/11\/23\/le-jour-ou-jai-fait-linterprete-pour-yasser-arafat\/embed\/#?secret=Y5cjSoC8JS#?secret=4YE21yIqgP\" data-secret=\"4YE21yIqgP\" width=\"600\" height=\"338\" frameborder=\"0\" marginwidth=\"0\" marginheight=\"0\" scrolling=\"no\"><\/iframe>\n<\/div><\/figure>\n","protected":false},"excerpt":{"rendered":"<p>Hommage au Premier ministre belge, Alexander De Croo pour son appel \u00e0 mettre fin \u00e0 la violence isra\u00e9lienne \u00e0 Gaza. <\/p>\n","protected":false},"author":8,"featured_media":10697810,"comment_status":"open","ping_status":"open","sticky":false,"template":"","format":"standard","meta":{"footnotes":""},"categories":[992,997,1000,2433],"tags":[112495,138,111620,341,2444,26195,2478,110730,112496],"class_list":["post-10697728","post","type-post","status-publish","format-standard","has-post-thumbnail","hentry","category-a-la-une","category-politique","category-tribune","category-tunisie","tag-alexander-de-croo","tag-belgique","tag-cessez-le-feu","tag-espagne","tag-gaza","tag-hamas","tag-israel","tag-khemais-gharbi-2","tag-perdo-sanchez"],"yoast_head":"<!-- This site is optimized with the Yoast SEO plugin v26.6 - https:\/\/yoast.com\/wordpress\/plugins\/seo\/ -->\n<title>Lettre ouverte au Premier ministre belge \u00e0 propos de sa position sur Gaza - Kapitalis<\/title>\n<meta name=\"robots\" content=\"index, follow, max-snippet:-1, max-image-preview:large, max-video-preview:-1\" \/>\n<link rel=\"canonical\" href=\"https:\/\/kapitalis.com\/tunisie\/2023\/11\/26\/lettre-ouverte-au-premier-ministre-belge-a-propos-de-sa-position-sur-gaza\/\" \/>\n<meta property=\"og:locale\" content=\"fr_FR\" \/>\n<meta property=\"og:type\" content=\"article\" \/>\n<meta property=\"og:title\" content=\"Lettre ouverte au Premier ministre belge \u00e0 propos de sa position sur Gaza - Kapitalis\" \/>\n<meta property=\"og:description\" content=\"Hommage au Premier ministre belge, Alexander De Croo pour son appel \u00e0 mettre fin \u00e0 la violence isra\u00e9lienne \u00e0 Gaza.\" \/>\n<meta property=\"og:url\" content=\"https:\/\/kapitalis.com\/tunisie\/2023\/11\/26\/lettre-ouverte-au-premier-ministre-belge-a-propos-de-sa-position-sur-gaza\/\" \/>\n<meta property=\"og:site_name\" content=\"Kapitalis\" \/>\n<meta property=\"article:publisher\" content=\"https:\/\/www.facebook.com\/KapitalisInfo\/\" \/>\n<meta property=\"article:published_time\" content=\"2023-11-26T11:52:30+00:00\" \/>\n<meta property=\"article:modified_time\" content=\"2023-11-26T11:52:32+00:00\" \/>\n<meta property=\"og:image\" content=\"https:\/\/kapitalis.com\/tunisie\/wp-content\/uploads\/2023\/11\/Alexander-de-Croo-Gaza-Rafah.jpg\" \/>\n\t<meta property=\"og:image:width\" content=\"1200\" \/>\n\t<meta property=\"og:image:height\" content=\"630\" \/>\n\t<meta property=\"og:image:type\" content=\"image\/jpeg\" \/>\n<meta name=\"author\" content=\"webmaster kapitalis\" \/>\n<meta name=\"twitter:card\" content=\"summary_large_image\" \/>\n<meta name=\"twitter:creator\" content=\"@KapitalisInfo\" \/>\n<meta name=\"twitter:site\" content=\"@KapitalisInfo\" \/>\n<meta name=\"twitter:label1\" content=\"\u00c9crit par\" \/>\n\t<meta name=\"twitter:data1\" content=\"webmaster kapitalis\" \/>\n\t<meta name=\"twitter:label2\" content=\"Dur\u00e9e de lecture estim\u00e9e\" \/>\n\t<meta name=\"twitter:data2\" content=\"5 minutes\" \/>\n<script type=\"application\/ld+json\" class=\"yoast-schema-graph\">{\"@context\":\"https:\/\/schema.org\",\"@graph\":[{\"@type\":\"Article\",\"@id\":\"https:\/\/kapitalis.com\/tunisie\/2023\/11\/26\/lettre-ouverte-au-premier-ministre-belge-a-propos-de-sa-position-sur-gaza\/#article\",\"isPartOf\":{\"@id\":\"https:\/\/kapitalis.com\/tunisie\/2023\/11\/26\/lettre-ouverte-au-premier-ministre-belge-a-propos-de-sa-position-sur-gaza\/\"},\"author\":{\"name\":\"webmaster kapitalis\",\"@id\":\"https:\/\/kapitalis.com\/tunisie\/#\/schema\/person\/d71f33a9ca44f7bad4698210b480c8e9\"},\"headline\":\"Lettre ouverte au Premier ministre belge \u00e0 propos de sa position sur Gaza\",\"datePublished\":\"2023-11-26T11:52:30+00:00\",\"dateModified\":\"2023-11-26T11:52:32+00:00\",\"mainEntityOfPage\":{\"@id\":\"https:\/\/kapitalis.com\/tunisie\/2023\/11\/26\/lettre-ouverte-au-premier-ministre-belge-a-propos-de-sa-position-sur-gaza\/\"},\"wordCount\":823,\"commentCount\":0,\"publisher\":{\"@id\":\"https:\/\/kapitalis.com\/tunisie\/#organization\"},\"image\":{\"@id\":\"https:\/\/kapitalis.com\/tunisie\/2023\/11\/26\/lettre-ouverte-au-premier-ministre-belge-a-propos-de-sa-position-sur-gaza\/#primaryimage\"},\"thumbnailUrl\":\"https:\/\/kapitalis.com\/tunisie\/wp-content\/uploads\/2023\/11\/Alexander-de-Croo-Gaza-Rafah.jpg\",\"keywords\":[\"Alexander De Croo\",\"Belgique\",\"cessez-le-feu\",\"Espagne\",\"Gaza\",\"Hamas\",\"Isra\u00ebl\",\"Kh\u00e9ma\u00efs Gharbi\",\"Perdo Sanchez\"],\"articleSection\":[\"A LA UNE\",\"POLITIQUE\",\"TRIBUNE\",\"Tunisie\"],\"inLanguage\":\"fr-FR\",\"potentialAction\":[{\"@type\":\"CommentAction\",\"name\":\"Comment\",\"target\":[\"https:\/\/kapitalis.com\/tunisie\/2023\/11\/26\/lettre-ouverte-au-premier-ministre-belge-a-propos-de-sa-position-sur-gaza\/#respond\"]}]},{\"@type\":\"WebPage\",\"@id\":\"https:\/\/kapitalis.com\/tunisie\/2023\/11\/26\/lettre-ouverte-au-premier-ministre-belge-a-propos-de-sa-position-sur-gaza\/\",\"url\":\"https:\/\/kapitalis.com\/tunisie\/2023\/11\/26\/lettre-ouverte-au-premier-ministre-belge-a-propos-de-sa-position-sur-gaza\/\",\"name\":\"Lettre ouverte au Premier ministre belge \u00e0 propos de sa position sur Gaza - Kapitalis\",\"isPartOf\":{\"@id\":\"https:\/\/kapitalis.com\/tunisie\/#website\"},\"primaryImageOfPage\":{\"@id\":\"https:\/\/kapitalis.com\/tunisie\/2023\/11\/26\/lettre-ouverte-au-premier-ministre-belge-a-propos-de-sa-position-sur-gaza\/#primaryimage\"},\"image\":{\"@id\":\"https:\/\/kapitalis.com\/tunisie\/2023\/11\/26\/lettre-ouverte-au-premier-ministre-belge-a-propos-de-sa-position-sur-gaza\/#primaryimage\"},\"thumbnailUrl\":\"https:\/\/kapitalis.com\/tunisie\/wp-content\/uploads\/2023\/11\/Alexander-de-Croo-Gaza-Rafah.jpg\",\"datePublished\":\"2023-11-26T11:52:30+00:00\",\"dateModified\":\"2023-11-26T11:52:32+00:00\",\"breadcrumb\":{\"@id\":\"https:\/\/kapitalis.com\/tunisie\/2023\/11\/26\/lettre-ouverte-au-premier-ministre-belge-a-propos-de-sa-position-sur-gaza\/#breadcrumb\"},\"inLanguage\":\"fr-FR\",\"potentialAction\":[{\"@type\":\"ReadAction\",\"target\":[\"https:\/\/kapitalis.com\/tunisie\/2023\/11\/26\/lettre-ouverte-au-premier-ministre-belge-a-propos-de-sa-position-sur-gaza\/\"]}]},{\"@type\":\"ImageObject\",\"inLanguage\":\"fr-FR\",\"@id\":\"https:\/\/kapitalis.com\/tunisie\/2023\/11\/26\/lettre-ouverte-au-premier-ministre-belge-a-propos-de-sa-position-sur-gaza\/#primaryimage\",\"url\":\"https:\/\/kapitalis.com\/tunisie\/wp-content\/uploads\/2023\/11\/Alexander-de-Croo-Gaza-Rafah.jpg\",\"contentUrl\":\"https:\/\/kapitalis.com\/tunisie\/wp-content\/uploads\/2023\/11\/Alexander-de-Croo-Gaza-Rafah.jpg\",\"width\":1200,\"height\":630},{\"@type\":\"BreadcrumbList\",\"@id\":\"https:\/\/kapitalis.com\/tunisie\/2023\/11\/26\/lettre-ouverte-au-premier-ministre-belge-a-propos-de-sa-position-sur-gaza\/#breadcrumb\",\"itemListElement\":[{\"@type\":\"ListItem\",\"position\":1,\"name\":\"Accueil\",\"item\":\"https:\/\/kapitalis.com\/tunisie\/\"},{\"@type\":\"ListItem\",\"position\":2,\"name\":\"Lettre ouverte au Premier ministre belge \u00e0 propos de sa position sur Gaza\"}]},{\"@type\":\"WebSite\",\"@id\":\"https:\/\/kapitalis.com\/tunisie\/#website\",\"url\":\"https:\/\/kapitalis.com\/tunisie\/\",\"name\":\"Kapitalis\",\"description\":\"L&#039;actualit\u00e9 en Tunisie et dans le monde\",\"publisher\":{\"@id\":\"https:\/\/kapitalis.com\/tunisie\/#organization\"},\"potentialAction\":[{\"@type\":\"SearchAction\",\"target\":{\"@type\":\"EntryPoint\",\"urlTemplate\":\"https:\/\/kapitalis.com\/tunisie\/?s={search_term_string}\"},\"query-input\":{\"@type\":\"PropertyValueSpecification\",\"valueRequired\":true,\"valueName\":\"search_term_string\"}}],\"inLanguage\":\"fr-FR\"},{\"@type\":\"Organization\",\"@id\":\"https:\/\/kapitalis.com\/tunisie\/#organization\",\"name\":\"Kapitalis\",\"url\":\"https:\/\/kapitalis.com\/tunisie\/\",\"logo\":{\"@type\":\"ImageObject\",\"inLanguage\":\"fr-FR\",\"@id\":\"https:\/\/kapitalis.com\/tunisie\/#\/schema\/logo\/image\/\",\"url\":\"https:\/\/kapitalis.com\/tunisie\/wp-content\/uploads\/2022\/05\/Kapitalis-big-size.png\",\"contentUrl\":\"https:\/\/kapitalis.com\/tunisie\/wp-content\/uploads\/2022\/05\/Kapitalis-big-size.png\",\"width\":5000,\"height\":1500,\"caption\":\"Kapitalis\"},\"image\":{\"@id\":\"https:\/\/kapitalis.com\/tunisie\/#\/schema\/logo\/image\/\"},\"sameAs\":[\"https:\/\/www.facebook.com\/KapitalisInfo\/\",\"https:\/\/x.com\/KapitalisInfo\",\"https:\/\/www.youtube.com\/channel\/UC-yDYrHyfFBWWZaOw3FPg9Q\"]},{\"@type\":\"Person\",\"@id\":\"https:\/\/kapitalis.com\/tunisie\/#\/schema\/person\/d71f33a9ca44f7bad4698210b480c8e9\",\"name\":\"webmaster kapitalis\",\"url\":\"https:\/\/kapitalis.com\/tunisie\/author\/webmaster-kapitalis\/\"}]}<\/script>\n<!-- \/ Yoast SEO plugin. -->","yoast_head_json":{"title":"Lettre ouverte au Premier ministre belge \u00e0 propos de sa position sur Gaza - Kapitalis","robots":{"index":"index","follow":"follow","max-snippet":"max-snippet:-1","max-image-preview":"max-image-preview:large","max-video-preview":"max-video-preview:-1"},"canonical":"https:\/\/kapitalis.com\/tunisie\/2023\/11\/26\/lettre-ouverte-au-premier-ministre-belge-a-propos-de-sa-position-sur-gaza\/","og_locale":"fr_FR","og_type":"article","og_title":"Lettre ouverte au Premier ministre belge \u00e0 propos de sa position sur Gaza - Kapitalis","og_description":"Hommage au Premier ministre belge, Alexander De Croo pour son appel \u00e0 mettre fin \u00e0 la violence isra\u00e9lienne \u00e0 Gaza.","og_url":"https:\/\/kapitalis.com\/tunisie\/2023\/11\/26\/lettre-ouverte-au-premier-ministre-belge-a-propos-de-sa-position-sur-gaza\/","og_site_name":"Kapitalis","article_publisher":"https:\/\/www.facebook.com\/KapitalisInfo\/","article_published_time":"2023-11-26T11:52:30+00:00","article_modified_time":"2023-11-26T11:52:32+00:00","og_image":[{"width":1200,"height":630,"url":"https:\/\/kapitalis.com\/tunisie\/wp-content\/uploads\/2023\/11\/Alexander-de-Croo-Gaza-Rafah.jpg","type":"image\/jpeg"}],"author":"webmaster kapitalis","twitter_card":"summary_large_image","twitter_creator":"@KapitalisInfo","twitter_site":"@KapitalisInfo","twitter_misc":{"\u00c9crit par":"webmaster kapitalis","Dur\u00e9e de lecture estim\u00e9e":"5 minutes"},"schema":{"@context":"https:\/\/schema.org","@graph":[{"@type":"Article","@id":"https:\/\/kapitalis.com\/tunisie\/2023\/11\/26\/lettre-ouverte-au-premier-ministre-belge-a-propos-de-sa-position-sur-gaza\/#article","isPartOf":{"@id":"https:\/\/kapitalis.com\/tunisie\/2023\/11\/26\/lettre-ouverte-au-premier-ministre-belge-a-propos-de-sa-position-sur-gaza\/"},"author":{"name":"webmaster kapitalis","@id":"https:\/\/kapitalis.com\/tunisie\/#\/schema\/person\/d71f33a9ca44f7bad4698210b480c8e9"},"headline":"Lettre ouverte au Premier ministre belge \u00e0 propos de sa position sur Gaza","datePublished":"2023-11-26T11:52:30+00:00","dateModified":"2023-11-26T11:52:32+00:00","mainEntityOfPage":{"@id":"https:\/\/kapitalis.com\/tunisie\/2023\/11\/26\/lettre-ouverte-au-premier-ministre-belge-a-propos-de-sa-position-sur-gaza\/"},"wordCount":823,"commentCount":0,"publisher":{"@id":"https:\/\/kapitalis.com\/tunisie\/#organization"},"image":{"@id":"https:\/\/kapitalis.com\/tunisie\/2023\/11\/26\/lettre-ouverte-au-premier-ministre-belge-a-propos-de-sa-position-sur-gaza\/#primaryimage"},"thumbnailUrl":"https:\/\/kapitalis.com\/tunisie\/wp-content\/uploads\/2023\/11\/Alexander-de-Croo-Gaza-Rafah.jpg","keywords":["Alexander De Croo","Belgique","cessez-le-feu","Espagne","Gaza","Hamas","Isra\u00ebl","Kh\u00e9ma\u00efs Gharbi","Perdo Sanchez"],"articleSection":["A LA UNE","POLITIQUE","TRIBUNE","Tunisie"],"inLanguage":"fr-FR","potentialAction":[{"@type":"CommentAction","name":"Comment","target":["https:\/\/kapitalis.com\/tunisie\/2023\/11\/26\/lettre-ouverte-au-premier-ministre-belge-a-propos-de-sa-position-sur-gaza\/#respond"]}]},{"@type":"WebPage","@id":"https:\/\/kapitalis.com\/tunisie\/2023\/11\/26\/lettre-ouverte-au-premier-ministre-belge-a-propos-de-sa-position-sur-gaza\/","url":"https:\/\/kapitalis.com\/tunisie\/2023\/11\/26\/lettre-ouverte-au-premier-ministre-belge-a-propos-de-sa-position-sur-gaza\/","name":"Lettre ouverte au Premier ministre belge \u00e0 propos de sa position sur Gaza - Kapitalis","isPartOf":{"@id":"https:\/\/kapitalis.com\/tunisie\/#website"},"primaryImageOfPage":{"@id":"https:\/\/kapitalis.com\/tunisie\/2023\/11\/26\/lettre-ouverte-au-premier-ministre-belge-a-propos-de-sa-position-sur-gaza\/#primaryimage"},"image":{"@id":"https:\/\/kapitalis.com\/tunisie\/2023\/11\/26\/lettre-ouverte-au-premier-ministre-belge-a-propos-de-sa-position-sur-gaza\/#primaryimage"},"thumbnailUrl":"https:\/\/kapitalis.com\/tunisie\/wp-content\/uploads\/2023\/11\/Alexander-de-Croo-Gaza-Rafah.jpg","datePublished":"2023-11-26T11:52:30+00:00","dateModified":"2023-11-26T11:52:32+00:00","breadcrumb":{"@id":"https:\/\/kapitalis.com\/tunisie\/2023\/11\/26\/lettre-ouverte-au-premier-ministre-belge-a-propos-de-sa-position-sur-gaza\/#breadcrumb"},"inLanguage":"fr-FR","potentialAction":[{"@type":"ReadAction","target":["https:\/\/kapitalis.com\/tunisie\/2023\/11\/26\/lettre-ouverte-au-premier-ministre-belge-a-propos-de-sa-position-sur-gaza\/"]}]},{"@type":"ImageObject","inLanguage":"fr-FR","@id":"https:\/\/kapitalis.com\/tunisie\/2023\/11\/26\/lettre-ouverte-au-premier-ministre-belge-a-propos-de-sa-position-sur-gaza\/#primaryimage","url":"https:\/\/kapitalis.com\/tunisie\/wp-content\/uploads\/2023\/11\/Alexander-de-Croo-Gaza-Rafah.jpg","contentUrl":"https:\/\/kapitalis.com\/tunisie\/wp-content\/uploads\/2023\/11\/Alexander-de-Croo-Gaza-Rafah.jpg","width":1200,"height":630},{"@type":"BreadcrumbList","@id":"https:\/\/kapitalis.com\/tunisie\/2023\/11\/26\/lettre-ouverte-au-premier-ministre-belge-a-propos-de-sa-position-sur-gaza\/#breadcrumb","itemListElement":[{"@type":"ListItem","position":1,"name":"Accueil","item":"https:\/\/kapitalis.com\/tunisie\/"},{"@type":"ListItem","position":2,"name":"Lettre ouverte au Premier ministre belge \u00e0 propos de sa position sur Gaza"}]},{"@type":"WebSite","@id":"https:\/\/kapitalis.com\/tunisie\/#website","url":"https:\/\/kapitalis.com\/tunisie\/","name":"Kapitalis","description":"L&#039;actualit\u00e9 en Tunisie et dans le monde","publisher":{"@id":"https:\/\/kapitalis.com\/tunisie\/#organization"},"potentialAction":[{"@type":"SearchAction","target":{"@type":"EntryPoint","urlTemplate":"https:\/\/kapitalis.com\/tunisie\/?s={search_term_string}"},"query-input":{"@type":"PropertyValueSpecification","valueRequired":true,"valueName":"search_term_string"}}],"inLanguage":"fr-FR"},{"@type":"Organization","@id":"https:\/\/kapitalis.com\/tunisie\/#organization","name":"Kapitalis","url":"https:\/\/kapitalis.com\/tunisie\/","logo":{"@type":"ImageObject","inLanguage":"fr-FR","@id":"https:\/\/kapitalis.com\/tunisie\/#\/schema\/logo\/image\/","url":"https:\/\/kapitalis.com\/tunisie\/wp-content\/uploads\/2022\/05\/Kapitalis-big-size.png","contentUrl":"https:\/\/kapitalis.com\/tunisie\/wp-content\/uploads\/2022\/05\/Kapitalis-big-size.png","width":5000,"height":1500,"caption":"Kapitalis"},"image":{"@id":"https:\/\/kapitalis.com\/tunisie\/#\/schema\/logo\/image\/"},"sameAs":["https:\/\/www.facebook.com\/KapitalisInfo\/","https:\/\/x.com\/KapitalisInfo","https:\/\/www.youtube.com\/channel\/UC-yDYrHyfFBWWZaOw3FPg9Q"]},{"@type":"Person","@id":"https:\/\/kapitalis.com\/tunisie\/#\/schema\/person\/d71f33a9ca44f7bad4698210b480c8e9","name":"webmaster kapitalis","url":"https:\/\/kapitalis.com\/tunisie\/author\/webmaster-kapitalis\/"}]}},"_links":{"self":[{"href":"https:\/\/kapitalis.com\/tunisie\/wp-json\/wp\/v2\/posts\/10697728","targetHints":{"allow":["GET"]}}],"collection":[{"href":"https:\/\/kapitalis.com\/tunisie\/wp-json\/wp\/v2\/posts"}],"about":[{"href":"https:\/\/kapitalis.com\/tunisie\/wp-json\/wp\/v2\/types\/post"}],"author":[{"embeddable":true,"href":"https:\/\/kapitalis.com\/tunisie\/wp-json\/wp\/v2\/users\/8"}],"replies":[{"embeddable":true,"href":"https:\/\/kapitalis.com\/tunisie\/wp-json\/wp\/v2\/comments?post=10697728"}],"version-history":[{"count":1,"href":"https:\/\/kapitalis.com\/tunisie\/wp-json\/wp\/v2\/posts\/10697728\/revisions"}],"predecessor-version":[{"id":10697838,"href":"https:\/\/kapitalis.com\/tunisie\/wp-json\/wp\/v2\/posts\/10697728\/revisions\/10697838"}],"wp:featuredmedia":[{"embeddable":true,"href":"https:\/\/kapitalis.com\/tunisie\/wp-json\/wp\/v2\/media\/10697810"}],"wp:attachment":[{"href":"https:\/\/kapitalis.com\/tunisie\/wp-json\/wp\/v2\/media?parent=10697728"}],"wp:term":[{"taxonomy":"category","embeddable":true,"href":"https:\/\/kapitalis.com\/tunisie\/wp-json\/wp\/v2\/categories?post=10697728"},{"taxonomy":"post_tag","embeddable":true,"href":"https:\/\/kapitalis.com\/tunisie\/wp-json\/wp\/v2\/tags?post=10697728"}],"curies":[{"name":"wp","href":"https:\/\/api.w.org\/{rel}","templated":true}]}}