{"id":10717483,"date":"2023-11-28T06:58:36","date_gmt":"2023-11-28T05:58:36","guid":{"rendered":"https:\/\/kapitalis.com\/tunisie\/?p=10717483"},"modified":"2023-11-28T06:58:38","modified_gmt":"2023-11-28T05:58:38","slug":"la-mort-dune-jeune-fille-israelienne-tuee-par-larmee-israelienne-remet-a-lordre-du-jour-son-protocole-hannibal","status":"publish","type":"post","link":"https:\/\/kapitalis.com\/tunisie\/2023\/11\/28\/la-mort-dune-jeune-fille-israelienne-tuee-par-larmee-israelienne-remet-a-lordre-du-jour-son-protocole-hannibal\/","title":{"rendered":"La mort d\u2019une jeune fille isra\u00e9lienne tu\u00e9e par l\u2019arm\u00e9e isra\u00e9lienne remet \u00e0 l\u2019ordre du jour son \u00abprotocole Hannibal\u00bb"},"content":{"rendered":"\n<p><strong><em>Les m\u00e9dias isra\u00e9liens ont rapport\u00e9 que Liel Hetzroni, 12 ans, a \u00e9t\u00e9 tu\u00e9e lors d\u2019une attaque du Hamas au kibboutz Be&rsquo;eri le 7 octobre, mais d\u2019autres affirment le contraire. Un t\u00e9moin isra\u00e9lien a d\u00e9clar\u00e9 que lors de l\u2019attaque du Hamas sur le sud d\u2019Isra\u00ebl, l\u2019arm\u00e9e a encercl\u00e9 une maison o\u00f9 se trouvaient des membres du groupe palestinien et des Isra\u00e9liens, puis a ouvert le feu avec des chars d\u2019assaut, les tuant tous.<\/em><\/strong><\/p>\n\n\n\n<!--more-->\n\n\n\n<p>Il semble qu\u2019il s\u2019agisse de la derni\u00e8re application du <em>\u00abprotocole Hannibal\u00bb<\/em>, qui consiste \u00e0 tuer les prisonniers d\u00e9tenus par l\u2019ennemi afin d\u2019\u00e9viter que des civils isra\u00e9liens ne soient emmen\u00e9s \u00e0 Gaza en tant qu\u2019otages.<\/p>\n\n\n\n<p>Selon ces informations des m\u00e9dias isra\u00e9liens, apr\u00e8s la mort de Liel, son grand-p\u00e8re Avia, son fr\u00e8re jumeau Yanai et sa tante Ayala ont \u00e9t\u00e9 emmen\u00e9s dans un autre lieu, o\u00f9 ils ont \u00e9t\u00e9 tu\u00e9s avec plus de 10 autres otages, puis le Hamas aurait mis le feu au b\u00e2timent.<\/p>\n\n\n\n<p>Les autorit\u00e9s isra\u00e9liennes ont indiqu\u00e9 qu\u2019il avait fallu deux semaines pour que Yanai soit identifi\u00e9 gr\u00e2ce \u00e0 son ADN, tandis que Liel, dont le corps a \u00e9t\u00e9 br\u00fbl\u00e9 au point d\u2019\u00eatre m\u00e9connaissable, a \u00e9t\u00e9 identifi\u00e9 au bout de six semaines.<\/p>\n\n\n\n<p>L\u2019ancien Premier ministre isra\u00e9lien Naftali Bennett a indiqu\u00e9 sur son compte X que Liel avait \u00e9t\u00e9<em> \u00abtu\u00e9 par des monstres du Hamas\u00bb<\/em> le 7 octobre.<\/p>\n\n\n\n<h2 class=\"wp-block-heading\">Des civils se trouvaient dans la maison<\/h2>\n\n\n\n<p>Yasmin Porat, qui se trouvait dans la maison o\u00f9 les jumeaux ont \u00e9t\u00e9 retenus en otage, a donn\u00e9 des d\u00e9tails sur le jour de l\u2019incident lors d\u2019une interview radio avec la cha\u00eene publique isra\u00e9lienne Kan, le 15 novembre.<\/p>\n\n\n\n<p>Mme Porat a d\u00e9clar\u00e9 que la maison o\u00f9 elle se trouvait avec des membres du Hamas a \u00e9t\u00e9 encercl\u00e9e par les forces de s\u00e9curit\u00e9 isra\u00e9liennes, qu\u2019il y a eu de violents affrontements entre les parties et qu\u2019au bout d\u2019un moment, l\u2019un des membres du Hamas a d\u00e9cid\u00e9 de se rendre et est sorti avec elle.<\/p>\n\n\n\n<p>Elle a d\u00e9clar\u00e9 que les forces de s\u00e9curit\u00e9 isra\u00e9liennes les ont interrog\u00e9s, elle et le membre du Hamas, et que pendant son interrogatoire, qui a dur\u00e9 trois heures, elle les a inform\u00e9s du nombre de civils qui se trouvaient dans la maison, de l\u2019endroit o\u00f9 les civils \u00e9taient gard\u00e9s et des d\u00e9tails techniques dont elle se souvenait \u00e0 propos de la maison.<\/p>\n\n\n\n<p>Porat a not\u00e9 que les affrontements se poursuivaient pendant l\u2019interrogatoire et a indiqu\u00e9 qu\u2019un char d\u2019assaut \u00e9tait arriv\u00e9 devant la maison vers 19h30, heure locale, apr\u00e8s environ quatre heures de tirs crois\u00e9s entre l\u2019arm\u00e9e isra\u00e9lienne et le Hamas.<\/p>\n\n\n\n<p><em>\u00abJ\u2019ai pens\u00e9 : &lsquo;Pourquoi tirent-ils sur la maison avec un char ?&rsquo; J\u2019ai demand\u00e9 aux personnes qui m\u2019accompagnaient : &lsquo;Pourquoi tirent-ils sur la maison avec un char ?\u2019 Ils m\u2019ont r\u00e9pondu qu\u2019ils tiraient pour d\u00e9molir les murs afin d\u2019aider \u00e0 lib\u00e9rer la maison du Hamas\u00bb<\/em>, raconte-t-elle.<\/p>\n\n\n\n<h2 class=\"wp-block-heading\">La jeune Isra\u00e9lienne \u00aba cess\u00e9 de crier apr\u00e8s les tirs du char\u00bb<\/h2>\n\n\n\n<p><em>\u00abJe sais que le char a tir\u00e9 deux fois\u00bb<\/em>, a d\u00e9clar\u00e9 Porat, ajoutant qu\u2019elle avait tir\u00e9 la m\u00eame conclusion de ce que lui avait dit Hadas Dagan, l\u2019autre survivante de l\u2019incident et propri\u00e9taire de la maison o\u00f9 ils \u00e9taient retenus en otage.<\/p>\n\n\n\n<p>Hadas Dagan lui a dit que Liel \u00e9tait en vie jusqu\u2019aux deux grandes explosions qui se sont produites apr\u00e8s l\u2019arriv\u00e9e du char d\u2019assaut.<\/p>\n\n\n\n<p><em>\u00abLa propri\u00e9taire de la maison m\u2019a dit qu\u2019elle n\u2019avait pas cess\u00e9 de crier pendant toutes ces heures. J\u2019ai dit : &lsquo;Je me souviens. J\u2019\u00e9tais l\u00e0 la premi\u00e8re heure, et elle n\u2019a pas cess\u00e9 de crier&rsquo;. Puis elle m\u2019a dit : &lsquo;Yasmin, elle a cess\u00e9 de crier lorsque les deux coups de feu ont \u00e9t\u00e9 tir\u00e9s. Puis le silence s\u2019est install\u00e9\u00bb<\/em>.<\/p>\n\n\n\n<p><em>\u00abApr\u00e8s ce tr\u00e8s gros incident, apr\u00e8s deux tirs de chars, presque tout le monde est mort. C\u2019est du moins ce que j\u2019ai compris de ma conversation avec Hadas\u00bb<\/em>, a-t-elle ajout\u00e9.<\/p>\n\n\n\n<p>Porat a d\u00e9clar\u00e9 qu\u2019elle avait vu une partie de la maison en feu sur les photos prises apr\u00e8s l\u2019incident et a d\u00e9clar\u00e9 \u00e0 propos de la mort de Liel : <em>\u00abSi vous me demandez, je devine en me basant sur ce qui s\u2019est pass\u00e9 dans d\u2019autres maisons, qu\u2019elle a apparemment \u00e9t\u00e9 compl\u00e8tement br\u00fbl\u00e9e\u00bb<\/em>.<\/p>\n\n\n\n<figure class=\"wp-block-embed is-type-wp-embed is-provider-kapitalis wp-block-embed-kapitalis\"><div class=\"wp-block-embed__wrapper\">\n<blockquote class=\"wp-embedded-content\" data-secret=\"FxCVBDJgz2\"><a href=\"https:\/\/kapitalis.com\/tunisie\/2023\/11\/19\/un-helicoptere-israelien-ouvre-le-feu-sur-des-fetards-israeliens\/\">Un h\u00e9licopt\u00e8re isra\u00e9lien ouvre le feu sur des f\u00eatards isra\u00e9liens<\/a><\/blockquote><iframe loading=\"lazy\" class=\"wp-embedded-content\" sandbox=\"allow-scripts\" security=\"restricted\" style=\"position: absolute; clip: rect(1px, 1px, 1px, 1px);\" title=\"\u00ab\u00a0Un h\u00e9licopt\u00e8re isra\u00e9lien ouvre le feu sur des f\u00eatards isra\u00e9liens\u00a0\u00bb &#8212; Kapitalis\" src=\"https:\/\/kapitalis.com\/tunisie\/2023\/11\/19\/un-helicoptere-israelien-ouvre-le-feu-sur-des-fetards-israeliens\/embed\/#?secret=35zCCYDafg#?secret=FxCVBDJgz2\" data-secret=\"FxCVBDJgz2\" width=\"600\" height=\"338\" frameborder=\"0\" marginwidth=\"0\" marginheight=\"0\" scrolling=\"no\"><\/iframe>\n<\/div><\/figure>\n\n\n\n<h2 class=\"wp-block-heading\">R\u00e9v\u00e9lation d\u2019un pilote de chasse isra\u00e9lien<\/h2>\n\n\n\n<p>Un pilote des forces arm\u00e9es isra\u00e9liennes a d\u00e9clar\u00e9 que l\u2019arm\u00e9e avait mis en \u0153uvre le protocole Hannibal lors de l\u2019attaque surprise du Hamas le 7 octobre.<\/p>\n\n\n\n<p>Les rapports des m\u00e9dias isra\u00e9liens sur le nombre \u00e9lev\u00e9 de victimes civiles lors de l\u2019assaut transfrontalier du Hamas et les h\u00e9licopt\u00e8res militaires isra\u00e9liens tirant sur des combattants palestiniens et des <a href=\"https:\/\/kapitalis.com\/tunisie\/2023\/11\/19\/un-helicoptere-israelien-ouvre-le-feu-sur-des-fetards-israeliens\/\" target=\"_blank\" rel=\"noreferrer noopener\">civils lors d\u2019un festival de musique<\/a> pr\u00e8s de la bande de Gaza ont donn\u00e9 lieu \u00e0 des d\u00e9bats sur l\u2019application du protocole Hannibal par l\u2019arm\u00e9e.<\/p>\n\n\n\n<p>Dans une interview accord\u00e9e au quotidien isra\u00e9lien <em>Haaretz<\/em>, le lieutenant-colonel Nof Erez a attir\u00e9 l\u2019attention sur la possibilit\u00e9 que les forces isra\u00e9liennes r\u00e9pondant \u00e0 l\u2019attaque du Hamas aient appliqu\u00e9 la directive.<\/p>\n\n\n\n<p>Selon Erez, le protocole Hannibal, qu\u2019Isra\u00ebl aurait suspendu en 2016, a \u00e9t\u00e9 formul\u00e9 par l\u2019arm\u00e9e isra\u00e9lienne il y a 30 ans sur la base des \u00e9v\u00e9nements survenus au Liban.<\/p>\n\n\n\n<p><em>\u00abLe protocole Hannibal est intentionnel, et si la d\u00e9cision a \u00e9t\u00e9 prise de le mettre en <\/em><em>\u0153uvre, il est ex<\/em><em>\u00e9cut\u00e9 intentionnellement. Si les captifs ont \u00e9t\u00e9 abattus involontairement, c\u2019est une autre affaire\u00bb<\/em>, a-t-il d\u00e9clar\u00e9 \u00e0 propos de l\u2019attaque du 7 octobre, lorsque des combattants du Hamas se sont infiltr\u00e9s dans les zones entourant la bande de Gaza, notamment lors d\u2019un festival de musique pr\u00e8s de la colonie de Re&rsquo;im.<\/p>\n\n\n\n<p>Erez a pr\u00e9cis\u00e9 que ce jour-l\u00e0, on ne sait pas si les avions de guerre et les drones isra\u00e9liens ont touch\u00e9 les otages en tirant.<\/p>\n\n\n\n<p><em>\u00abLe protocole Hannibal, pour lequel nous organisons des exercices depuis 20 ans, concerne un seul v\u00e9hicule avec des otages \u00e0 bord. On sait par quelle partie de la cl\u00f4ture il passe, de quel c\u00f4t\u00e9 de la route il se dirige, et m\u00eame quel itin\u00e9raire il emprunte&nbsp;\u00bb<\/em>, a-t-il d\u00e9clar\u00e9.<\/p>\n\n\n\n<p><em>\u00abCe que nous avons vu ici est un \u2018Hannibal de masse\u2019. Il y avait de nombreuses br\u00e8ches dans les cl\u00f4tures. Il y avait des milliers de personnes dans de nombreux v\u00e9hicules diff\u00e9rents, avec ou sans otages\u00bb<\/em>, a-t-il ajout\u00e9.<\/p>\n\n\n\n<p>M. Erez, qui a coordonn\u00e9 une mission d\u2019\u00e9vacuation de bless\u00e9s par h\u00e9licopt\u00e8re lors des attaques isra\u00e9liennes en cours sur Gaza, a d\u00e9clar\u00e9 : <em>\u00abC\u2019\u00e9tait une t\u00e2che impossible d\u2019identifier et de faire ce qui \u00e9tait autoris\u00e9\u00bb<\/em>.<\/p>\n\n\n\n<p><em>\u00abJe sais que ceux qui d\u00e9tenaient les syst\u00e8mes d\u2019armes, qu\u2019il s\u2019agisse des drones ou des pilotes de chasse, ont fait tout ce qu\u2019ils pouvaient sans coordination avec les forces terrestres, parce que ces derni\u00e8res n\u2019\u00e9taient pas encore sur place\u00bb<\/em>, a-t-il ajout\u00e9.<\/p>\n\n\n\n<p>M. Erez aurait \u00e9t\u00e9 d\u00e9mis de ses fonctions le 31 octobre apr\u00e8s avoir critiqu\u00e9 le Premier ministre Benyamin Netanyahou. Un porte-parole militaire a d\u00e9clar\u00e9 qu\u2019il avait \u00e9t\u00e9 d\u00e9mis de ses fonctions pour s\u2019\u00eatre exprim\u00e9 sur des <em>\u00abquestions politiques\u00bb<\/em> alors qu\u2019il \u00e9tait en service actif.<\/p>\n\n\n\n<h2 class=\"wp-block-heading\">Rapports de la presse isra\u00e9lienne<\/h2>\n\n\n\n<p>Citant des sources polici\u00e8res, <em>Haaretz<\/em> a rapport\u00e9 dimanche qu\u2019un h\u00e9licopt\u00e8re isra\u00e9lien avait \u00e9galement tir\u00e9 sur des f\u00eatards isra\u00e9liens lors de la riposte \u00e0 l\u2019attaque du Hamas.<\/p>\n\n\n\n<p>L\u2019\u00e9valuation des hauts responsables de la s\u00e9curit\u00e9 isra\u00e9lienne, bas\u00e9e sur les enregistrements des interrogatoires des membres du Hamas et sur une enqu\u00eate de police sur l\u2019incident, indique que le Hamas n\u2019avait pas connaissance du festival de musique, o\u00f9 364 personnes ont \u00e9t\u00e9 tu\u00e9es.<\/p>\n\n\n\n<p>Le rapport inclut des informations provenant de l\u2019enqu\u00eate de police, indiquant que la plupart des participants au festival ont r\u00e9ussi \u00e0 s\u2019\u00e9chapper parce que la f\u00eate a \u00e9t\u00e9 interrompue une demi-heure avant les premiers coups de feu.<\/p>\n\n\n\n<p>Un autre journal isra\u00e9lien, <em>Yedioth Ahronoth<\/em>, a \u00e9galement fait \u00e9tat de la r\u00e9ponse a\u00e9rienne de l\u2019arm\u00e9e \u00e0 l\u2019attaque du Hamas contre le festival. <em>\u00abLes forces infiltr\u00e9es<\/em> (du Hamas) <em>ont re\u00e7u l\u2019ordre de marcher lentement vers les colonies et les postes de l\u2019arm\u00e9e, et \u00e0 l\u2019int\u00e9rieur de ceux-ci, et de ne courir sous aucun pr\u00e9texte, afin de faire croire aux pilotes qu\u2019il s&rsquo;agit d\u2019Isra\u00e9liens. La tromperie a fonctionn\u00e9 pendant un certain temps, jusqu\u2019\u00e0 ce que les pilotes d\u2019Apache comprennent qu\u2019ils devaient contourner les restrictions. Lorsque les pilotes ont r\u00e9alis\u00e9 qu\u2019il \u00e9tait difficile de faire la distinction entre les terroristes et les Isra\u00e9liens, certains ont d\u00e9cid\u00e9 de leur propre chef, vers 9 heures du matin, d\u2019utiliser l\u2019artillerie contre les terroristes sans obtenir l\u2019autorisation de leurs sup\u00e9rieurs\u00bb<\/em>, pr\u00e9cise le quotidien en langue h\u00e9bra\u00efque.<\/p>\n\n\n\n<h2 class=\"wp-block-heading\">Censure sur les informations relatives \u00e0 Gaza<\/h2>\n\n\n\n<p>Dans une mise en garde adress\u00e9e aux m\u00e9dias nationaux apr\u00e8s la publication du rapport de <em>Haaretz<\/em>, les forces de police du pays ont ni\u00e9 qu\u2019il existait une quelconque <em>\u00abindication selon laquelle une activit\u00e9 a\u00e9rienne dans la r\u00e9gion aurait port\u00e9 pr\u00e9judice \u00e0 des civils\u00bb<\/em>.<\/p>\n\n\n\n<p>La d\u00e9claration du bureau du porte-parole de la police isra\u00e9lienne indique que les actions de l\u2019arm\u00e9e lors du festival n\u2019ont pas \u00e9t\u00e9 \u00e9valu\u00e9es dans le cadre de l\u2019enqu\u00eate.<\/p>\n\n\n\n<p>Malgr\u00e9 cela, la d\u00e9claration contient des \u00e9valuations des r\u00e9sultats des activit\u00e9s a\u00e9riennes sur le site du festival.<\/p>\n\n\n\n<p>Il invite les m\u00e9dias \u00e0 faire preuve de responsabilit\u00e9 dans leurs reportages et \u00e0 ne se fier qu\u2019aux sources officielles.<\/p>\n\n\n\n<p>Par ailleurs, l\u2019unit\u00e9 de censure militaire, affili\u00e9e \u00e0 la direction du renseignement militaire de l\u2019arm\u00e9e isra\u00e9lienne, a envoy\u00e9 une lettre \u00e0 la presse le 26 octobre, imposant des restrictions sur les informations relatives \u00e0 Gaza.<\/p>\n\n\n\n<p>Ils ont d\u00e9clar\u00e9 que toutes les nouvelles et les images concernant le d\u00e9roulement de la guerre dans la bande sous blocus et les activit\u00e9s de l\u2019arm\u00e9e isra\u00e9lienne devaient \u00eatre envoy\u00e9es \u00e0 leur <em>\u00abunit\u00e9 de censure\u00bb<\/em> avant d\u2019\u00eatre publi\u00e9es.<\/p>\n\n\n\n<p>Dans des images diffus\u00e9es par la cha\u00eene de t\u00e9l\u00e9vision isra\u00e9lienne Channel 12 le 11 novembre, un journaliste isra\u00e9lien en reportage \u00e0 l\u2019h\u00f4pital Barzilai de la ville d\u2019Ashkelon, situ\u00e9e dans le sud d\u2019Isra\u00ebl, a d\u00e9clar\u00e9 qu\u2019en raison de la censure annonc\u00e9e apr\u00e8s le 7 octobre, il ne pouvait pas fournir d\u2019informations sur l\u2019\u00e9tat des soldats emmen\u00e9s \u00e0 l\u2019h\u00f4pital.<\/p>\n\n\n\n<p><em>\u00abNous devons dire que toutes les informations que nous avons transmises devant l\u2019h\u00f4pital Barzilai ont \u00e9t\u00e9 censur\u00e9es par l\u2019arm\u00e9e isra\u00e9lienne. Nous pouvons dire que des soldats bless\u00e9s sont arriv\u00e9s ici, mais nous ne sommes pas autoris\u00e9s \u00e0 en parler tant que l\u2019autorisation n\u2019a pas \u00e9t\u00e9 accord\u00e9e\u00bb<\/em>, a d\u00e9clar\u00e9 le journaliste.<\/p>\n\n\n\n<p><strong><em>Source\u00a0<\/em><\/strong>: <a href=\"https:\/\/www.aa.com.tr\/fr\/monde\/la-mort-dune-jeune-fille-isra%C3%A9lienne-remet-%C3%A0-lordre-du-jour-le-protocole-hannibal-de-larm%C3%A9e-isra%C3%A9lienne\/3065710\" target=\"_blank\" rel=\"noreferrer noopener\">Anadolu Agency<\/a>. <\/p>\n","protected":false},"excerpt":{"rendered":"<p>Le protocole Hannibal est une tactique de guerre de l&rsquo;arm\u00e9e isra\u00e9lienne qui consiste \u00e0 tuer les Isra\u00e9liens pour emp\u00eacher qu&rsquo;ils soient pris en otages par les ennemis.   <\/p>\n","protected":false},"author":8,"featured_media":10717513,"comment_status":"open","ping_status":"open","sticky":false,"template":"","format":"standard","meta":{"footnotes":""},"categories":[997,2433],"tags":[83516,27112,2444,26195,112520,112523,112522,112521],"class_list":["post-10717483","post","type-post","status-publish","format-standard","has-post-thumbnail","hentry","category-politique","category-tunisie","tag-armee-israelienne","tag-benyamin-netanyahou","tag-gaza","tag-hamas","tag-liel-hetzroni","tag-nof-erez","tag-protocole-hannibal","tag-yasmin-porat"],"yoast_head":"<!-- This site is optimized with the Yoast SEO plugin v26.6 - https:\/\/yoast.com\/wordpress\/plugins\/seo\/ -->\n<title>La mort d\u2019une jeune fille isra\u00e9lienne tu\u00e9e par l\u2019arm\u00e9e isra\u00e9lienne remet \u00e0 l\u2019ordre du jour son \u00abprotocole Hannibal\u00bb - Kapitalis<\/title>\n<meta name=\"robots\" content=\"index, follow, max-snippet:-1, max-image-preview:large, max-video-preview:-1\" \/>\n<link rel=\"canonical\" href=\"https:\/\/kapitalis.com\/tunisie\/2023\/11\/28\/la-mort-dune-jeune-fille-israelienne-tuee-par-larmee-israelienne-remet-a-lordre-du-jour-son-protocole-hannibal\/\" \/>\n<meta property=\"og:locale\" content=\"fr_FR\" \/>\n<meta property=\"og:type\" content=\"article\" \/>\n<meta property=\"og:title\" content=\"La mort d\u2019une jeune fille isra\u00e9lienne tu\u00e9e par l\u2019arm\u00e9e isra\u00e9lienne remet \u00e0 l\u2019ordre du jour son \u00abprotocole Hannibal\u00bb - Kapitalis\" \/>\n<meta property=\"og:description\" content=\"Le protocole Hannibal est une tactique de guerre de l&#039;arm\u00e9e isra\u00e9lienne qui consiste \u00e0 tuer les Isra\u00e9liens pour emp\u00eacher qu&#039;ils soient pris en otages par les ennemis.\" \/>\n<meta property=\"og:url\" content=\"https:\/\/kapitalis.com\/tunisie\/2023\/11\/28\/la-mort-dune-jeune-fille-israelienne-tuee-par-larmee-israelienne-remet-a-lordre-du-jour-son-protocole-hannibal\/\" \/>\n<meta property=\"og:site_name\" content=\"Kapitalis\" \/>\n<meta property=\"article:publisher\" content=\"https:\/\/www.facebook.com\/KapitalisInfo\/\" \/>\n<meta property=\"article:published_time\" content=\"2023-11-28T05:58:36+00:00\" \/>\n<meta property=\"article:modified_time\" content=\"2023-11-28T05:58:38+00:00\" \/>\n<meta property=\"og:image\" content=\"https:\/\/kapitalis.com\/tunisie\/wp-content\/uploads\/2023\/11\/Liel-Hetzroni-jeune-israelienne-tuee-par-armee-israelienne.jpg\" \/>\n\t<meta property=\"og:image:width\" content=\"1200\" \/>\n\t<meta property=\"og:image:height\" content=\"630\" \/>\n\t<meta property=\"og:image:type\" content=\"image\/jpeg\" \/>\n<meta name=\"author\" content=\"webmaster kapitalis\" \/>\n<meta name=\"twitter:card\" content=\"summary_large_image\" \/>\n<meta name=\"twitter:creator\" content=\"@KapitalisInfo\" \/>\n<meta name=\"twitter:site\" content=\"@KapitalisInfo\" \/>\n<meta name=\"twitter:label1\" content=\"\u00c9crit par\" \/>\n\t<meta name=\"twitter:data1\" content=\"webmaster kapitalis\" \/>\n\t<meta name=\"twitter:label2\" content=\"Dur\u00e9e de lecture estim\u00e9e\" \/>\n\t<meta name=\"twitter:data2\" content=\"9 minutes\" \/>\n<script type=\"application\/ld+json\" class=\"yoast-schema-graph\">{\"@context\":\"https:\/\/schema.org\",\"@graph\":[{\"@type\":\"Article\",\"@id\":\"https:\/\/kapitalis.com\/tunisie\/2023\/11\/28\/la-mort-dune-jeune-fille-israelienne-tuee-par-larmee-israelienne-remet-a-lordre-du-jour-son-protocole-hannibal\/#article\",\"isPartOf\":{\"@id\":\"https:\/\/kapitalis.com\/tunisie\/2023\/11\/28\/la-mort-dune-jeune-fille-israelienne-tuee-par-larmee-israelienne-remet-a-lordre-du-jour-son-protocole-hannibal\/\"},\"author\":{\"name\":\"webmaster kapitalis\",\"@id\":\"https:\/\/kapitalis.com\/tunisie\/#\/schema\/person\/d71f33a9ca44f7bad4698210b480c8e9\"},\"headline\":\"La mort d\u2019une jeune fille isra\u00e9lienne tu\u00e9e par l\u2019arm\u00e9e isra\u00e9lienne remet \u00e0 l\u2019ordre du jour son \u00abprotocole Hannibal\u00bb\",\"datePublished\":\"2023-11-28T05:58:36+00:00\",\"dateModified\":\"2023-11-28T05:58:38+00:00\",\"mainEntityOfPage\":{\"@id\":\"https:\/\/kapitalis.com\/tunisie\/2023\/11\/28\/la-mort-dune-jeune-fille-israelienne-tuee-par-larmee-israelienne-remet-a-lordre-du-jour-son-protocole-hannibal\/\"},\"wordCount\":1972,\"commentCount\":0,\"publisher\":{\"@id\":\"https:\/\/kapitalis.com\/tunisie\/#organization\"},\"image\":{\"@id\":\"https:\/\/kapitalis.com\/tunisie\/2023\/11\/28\/la-mort-dune-jeune-fille-israelienne-tuee-par-larmee-israelienne-remet-a-lordre-du-jour-son-protocole-hannibal\/#primaryimage\"},\"thumbnailUrl\":\"https:\/\/kapitalis.com\/tunisie\/wp-content\/uploads\/2023\/11\/Liel-Hetzroni-jeune-israelienne-tuee-par-armee-israelienne.jpg\",\"keywords\":[\"arm\u00e9e isra\u00e9lienne\",\"Benyamin Netanyahou\",\"Gaza\",\"Hamas\",\"Liel Hetzroni\",\"Nof Erez\",\"protocole Hannibal\",\"Yasmin Porat\"],\"articleSection\":[\"POLITIQUE\",\"Tunisie\"],\"inLanguage\":\"fr-FR\",\"potentialAction\":[{\"@type\":\"CommentAction\",\"name\":\"Comment\",\"target\":[\"https:\/\/kapitalis.com\/tunisie\/2023\/11\/28\/la-mort-dune-jeune-fille-israelienne-tuee-par-larmee-israelienne-remet-a-lordre-du-jour-son-protocole-hannibal\/#respond\"]}]},{\"@type\":\"WebPage\",\"@id\":\"https:\/\/kapitalis.com\/tunisie\/2023\/11\/28\/la-mort-dune-jeune-fille-israelienne-tuee-par-larmee-israelienne-remet-a-lordre-du-jour-son-protocole-hannibal\/\",\"url\":\"https:\/\/kapitalis.com\/tunisie\/2023\/11\/28\/la-mort-dune-jeune-fille-israelienne-tuee-par-larmee-israelienne-remet-a-lordre-du-jour-son-protocole-hannibal\/\",\"name\":\"La mort d\u2019une jeune fille isra\u00e9lienne tu\u00e9e par l\u2019arm\u00e9e isra\u00e9lienne remet \u00e0 l\u2019ordre du jour son \u00abprotocole Hannibal\u00bb - Kapitalis\",\"isPartOf\":{\"@id\":\"https:\/\/kapitalis.com\/tunisie\/#website\"},\"primaryImageOfPage\":{\"@id\":\"https:\/\/kapitalis.com\/tunisie\/2023\/11\/28\/la-mort-dune-jeune-fille-israelienne-tuee-par-larmee-israelienne-remet-a-lordre-du-jour-son-protocole-hannibal\/#primaryimage\"},\"image\":{\"@id\":\"https:\/\/kapitalis.com\/tunisie\/2023\/11\/28\/la-mort-dune-jeune-fille-israelienne-tuee-par-larmee-israelienne-remet-a-lordre-du-jour-son-protocole-hannibal\/#primaryimage\"},\"thumbnailUrl\":\"https:\/\/kapitalis.com\/tunisie\/wp-content\/uploads\/2023\/11\/Liel-Hetzroni-jeune-israelienne-tuee-par-armee-israelienne.jpg\",\"datePublished\":\"2023-11-28T05:58:36+00:00\",\"dateModified\":\"2023-11-28T05:58:38+00:00\",\"breadcrumb\":{\"@id\":\"https:\/\/kapitalis.com\/tunisie\/2023\/11\/28\/la-mort-dune-jeune-fille-israelienne-tuee-par-larmee-israelienne-remet-a-lordre-du-jour-son-protocole-hannibal\/#breadcrumb\"},\"inLanguage\":\"fr-FR\",\"potentialAction\":[{\"@type\":\"ReadAction\",\"target\":[\"https:\/\/kapitalis.com\/tunisie\/2023\/11\/28\/la-mort-dune-jeune-fille-israelienne-tuee-par-larmee-israelienne-remet-a-lordre-du-jour-son-protocole-hannibal\/\"]}]},{\"@type\":\"ImageObject\",\"inLanguage\":\"fr-FR\",\"@id\":\"https:\/\/kapitalis.com\/tunisie\/2023\/11\/28\/la-mort-dune-jeune-fille-israelienne-tuee-par-larmee-israelienne-remet-a-lordre-du-jour-son-protocole-hannibal\/#primaryimage\",\"url\":\"https:\/\/kapitalis.com\/tunisie\/wp-content\/uploads\/2023\/11\/Liel-Hetzroni-jeune-israelienne-tuee-par-armee-israelienne.jpg\",\"contentUrl\":\"https:\/\/kapitalis.com\/tunisie\/wp-content\/uploads\/2023\/11\/Liel-Hetzroni-jeune-israelienne-tuee-par-armee-israelienne.jpg\",\"width\":1200,\"height\":630},{\"@type\":\"BreadcrumbList\",\"@id\":\"https:\/\/kapitalis.com\/tunisie\/2023\/11\/28\/la-mort-dune-jeune-fille-israelienne-tuee-par-larmee-israelienne-remet-a-lordre-du-jour-son-protocole-hannibal\/#breadcrumb\",\"itemListElement\":[{\"@type\":\"ListItem\",\"position\":1,\"name\":\"Accueil\",\"item\":\"https:\/\/kapitalis.com\/tunisie\/\"},{\"@type\":\"ListItem\",\"position\":2,\"name\":\"La mort d\u2019une jeune fille isra\u00e9lienne tu\u00e9e par l\u2019arm\u00e9e isra\u00e9lienne remet \u00e0 l\u2019ordre du jour son \u00abprotocole Hannibal\u00bb\"}]},{\"@type\":\"WebSite\",\"@id\":\"https:\/\/kapitalis.com\/tunisie\/#website\",\"url\":\"https:\/\/kapitalis.com\/tunisie\/\",\"name\":\"Kapitalis\",\"description\":\"L&#039;actualit\u00e9 en Tunisie et dans le monde\",\"publisher\":{\"@id\":\"https:\/\/kapitalis.com\/tunisie\/#organization\"},\"potentialAction\":[{\"@type\":\"SearchAction\",\"target\":{\"@type\":\"EntryPoint\",\"urlTemplate\":\"https:\/\/kapitalis.com\/tunisie\/?s={search_term_string}\"},\"query-input\":{\"@type\":\"PropertyValueSpecification\",\"valueRequired\":true,\"valueName\":\"search_term_string\"}}],\"inLanguage\":\"fr-FR\"},{\"@type\":\"Organization\",\"@id\":\"https:\/\/kapitalis.com\/tunisie\/#organization\",\"name\":\"Kapitalis\",\"url\":\"https:\/\/kapitalis.com\/tunisie\/\",\"logo\":{\"@type\":\"ImageObject\",\"inLanguage\":\"fr-FR\",\"@id\":\"https:\/\/kapitalis.com\/tunisie\/#\/schema\/logo\/image\/\",\"url\":\"https:\/\/kapitalis.com\/tunisie\/wp-content\/uploads\/2022\/05\/Kapitalis-big-size.png\",\"contentUrl\":\"https:\/\/kapitalis.com\/tunisie\/wp-content\/uploads\/2022\/05\/Kapitalis-big-size.png\",\"width\":5000,\"height\":1500,\"caption\":\"Kapitalis\"},\"image\":{\"@id\":\"https:\/\/kapitalis.com\/tunisie\/#\/schema\/logo\/image\/\"},\"sameAs\":[\"https:\/\/www.facebook.com\/KapitalisInfo\/\",\"https:\/\/x.com\/KapitalisInfo\",\"https:\/\/www.youtube.com\/channel\/UC-yDYrHyfFBWWZaOw3FPg9Q\"]},{\"@type\":\"Person\",\"@id\":\"https:\/\/kapitalis.com\/tunisie\/#\/schema\/person\/d71f33a9ca44f7bad4698210b480c8e9\",\"name\":\"webmaster kapitalis\",\"url\":\"https:\/\/kapitalis.com\/tunisie\/author\/webmaster-kapitalis\/\"}]}<\/script>\n<!-- \/ Yoast SEO plugin. -->","yoast_head_json":{"title":"La mort d\u2019une jeune fille isra\u00e9lienne tu\u00e9e par l\u2019arm\u00e9e isra\u00e9lienne remet \u00e0 l\u2019ordre du jour son \u00abprotocole Hannibal\u00bb - Kapitalis","robots":{"index":"index","follow":"follow","max-snippet":"max-snippet:-1","max-image-preview":"max-image-preview:large","max-video-preview":"max-video-preview:-1"},"canonical":"https:\/\/kapitalis.com\/tunisie\/2023\/11\/28\/la-mort-dune-jeune-fille-israelienne-tuee-par-larmee-israelienne-remet-a-lordre-du-jour-son-protocole-hannibal\/","og_locale":"fr_FR","og_type":"article","og_title":"La mort d\u2019une jeune fille isra\u00e9lienne tu\u00e9e par l\u2019arm\u00e9e isra\u00e9lienne remet \u00e0 l\u2019ordre du jour son \u00abprotocole Hannibal\u00bb - Kapitalis","og_description":"Le protocole Hannibal est une tactique de guerre de l'arm\u00e9e isra\u00e9lienne qui consiste \u00e0 tuer les Isra\u00e9liens pour emp\u00eacher qu'ils soient pris en otages par les ennemis.","og_url":"https:\/\/kapitalis.com\/tunisie\/2023\/11\/28\/la-mort-dune-jeune-fille-israelienne-tuee-par-larmee-israelienne-remet-a-lordre-du-jour-son-protocole-hannibal\/","og_site_name":"Kapitalis","article_publisher":"https:\/\/www.facebook.com\/KapitalisInfo\/","article_published_time":"2023-11-28T05:58:36+00:00","article_modified_time":"2023-11-28T05:58:38+00:00","og_image":[{"width":1200,"height":630,"url":"https:\/\/kapitalis.com\/tunisie\/wp-content\/uploads\/2023\/11\/Liel-Hetzroni-jeune-israelienne-tuee-par-armee-israelienne.jpg","type":"image\/jpeg"}],"author":"webmaster kapitalis","twitter_card":"summary_large_image","twitter_creator":"@KapitalisInfo","twitter_site":"@KapitalisInfo","twitter_misc":{"\u00c9crit par":"webmaster kapitalis","Dur\u00e9e de lecture estim\u00e9e":"9 minutes"},"schema":{"@context":"https:\/\/schema.org","@graph":[{"@type":"Article","@id":"https:\/\/kapitalis.com\/tunisie\/2023\/11\/28\/la-mort-dune-jeune-fille-israelienne-tuee-par-larmee-israelienne-remet-a-lordre-du-jour-son-protocole-hannibal\/#article","isPartOf":{"@id":"https:\/\/kapitalis.com\/tunisie\/2023\/11\/28\/la-mort-dune-jeune-fille-israelienne-tuee-par-larmee-israelienne-remet-a-lordre-du-jour-son-protocole-hannibal\/"},"author":{"name":"webmaster kapitalis","@id":"https:\/\/kapitalis.com\/tunisie\/#\/schema\/person\/d71f33a9ca44f7bad4698210b480c8e9"},"headline":"La mort d\u2019une jeune fille isra\u00e9lienne tu\u00e9e par l\u2019arm\u00e9e isra\u00e9lienne remet \u00e0 l\u2019ordre du jour son \u00abprotocole Hannibal\u00bb","datePublished":"2023-11-28T05:58:36+00:00","dateModified":"2023-11-28T05:58:38+00:00","mainEntityOfPage":{"@id":"https:\/\/kapitalis.com\/tunisie\/2023\/11\/28\/la-mort-dune-jeune-fille-israelienne-tuee-par-larmee-israelienne-remet-a-lordre-du-jour-son-protocole-hannibal\/"},"wordCount":1972,"commentCount":0,"publisher":{"@id":"https:\/\/kapitalis.com\/tunisie\/#organization"},"image":{"@id":"https:\/\/kapitalis.com\/tunisie\/2023\/11\/28\/la-mort-dune-jeune-fille-israelienne-tuee-par-larmee-israelienne-remet-a-lordre-du-jour-son-protocole-hannibal\/#primaryimage"},"thumbnailUrl":"https:\/\/kapitalis.com\/tunisie\/wp-content\/uploads\/2023\/11\/Liel-Hetzroni-jeune-israelienne-tuee-par-armee-israelienne.jpg","keywords":["arm\u00e9e isra\u00e9lienne","Benyamin Netanyahou","Gaza","Hamas","Liel Hetzroni","Nof Erez","protocole Hannibal","Yasmin Porat"],"articleSection":["POLITIQUE","Tunisie"],"inLanguage":"fr-FR","potentialAction":[{"@type":"CommentAction","name":"Comment","target":["https:\/\/kapitalis.com\/tunisie\/2023\/11\/28\/la-mort-dune-jeune-fille-israelienne-tuee-par-larmee-israelienne-remet-a-lordre-du-jour-son-protocole-hannibal\/#respond"]}]},{"@type":"WebPage","@id":"https:\/\/kapitalis.com\/tunisie\/2023\/11\/28\/la-mort-dune-jeune-fille-israelienne-tuee-par-larmee-israelienne-remet-a-lordre-du-jour-son-protocole-hannibal\/","url":"https:\/\/kapitalis.com\/tunisie\/2023\/11\/28\/la-mort-dune-jeune-fille-israelienne-tuee-par-larmee-israelienne-remet-a-lordre-du-jour-son-protocole-hannibal\/","name":"La mort d\u2019une jeune fille isra\u00e9lienne tu\u00e9e par l\u2019arm\u00e9e isra\u00e9lienne remet \u00e0 l\u2019ordre du jour son \u00abprotocole Hannibal\u00bb - Kapitalis","isPartOf":{"@id":"https:\/\/kapitalis.com\/tunisie\/#website"},"primaryImageOfPage":{"@id":"https:\/\/kapitalis.com\/tunisie\/2023\/11\/28\/la-mort-dune-jeune-fille-israelienne-tuee-par-larmee-israelienne-remet-a-lordre-du-jour-son-protocole-hannibal\/#primaryimage"},"image":{"@id":"https:\/\/kapitalis.com\/tunisie\/2023\/11\/28\/la-mort-dune-jeune-fille-israelienne-tuee-par-larmee-israelienne-remet-a-lordre-du-jour-son-protocole-hannibal\/#primaryimage"},"thumbnailUrl":"https:\/\/kapitalis.com\/tunisie\/wp-content\/uploads\/2023\/11\/Liel-Hetzroni-jeune-israelienne-tuee-par-armee-israelienne.jpg","datePublished":"2023-11-28T05:58:36+00:00","dateModified":"2023-11-28T05:58:38+00:00","breadcrumb":{"@id":"https:\/\/kapitalis.com\/tunisie\/2023\/11\/28\/la-mort-dune-jeune-fille-israelienne-tuee-par-larmee-israelienne-remet-a-lordre-du-jour-son-protocole-hannibal\/#breadcrumb"},"inLanguage":"fr-FR","potentialAction":[{"@type":"ReadAction","target":["https:\/\/kapitalis.com\/tunisie\/2023\/11\/28\/la-mort-dune-jeune-fille-israelienne-tuee-par-larmee-israelienne-remet-a-lordre-du-jour-son-protocole-hannibal\/"]}]},{"@type":"ImageObject","inLanguage":"fr-FR","@id":"https:\/\/kapitalis.com\/tunisie\/2023\/11\/28\/la-mort-dune-jeune-fille-israelienne-tuee-par-larmee-israelienne-remet-a-lordre-du-jour-son-protocole-hannibal\/#primaryimage","url":"https:\/\/kapitalis.com\/tunisie\/wp-content\/uploads\/2023\/11\/Liel-Hetzroni-jeune-israelienne-tuee-par-armee-israelienne.jpg","contentUrl":"https:\/\/kapitalis.com\/tunisie\/wp-content\/uploads\/2023\/11\/Liel-Hetzroni-jeune-israelienne-tuee-par-armee-israelienne.jpg","width":1200,"height":630},{"@type":"BreadcrumbList","@id":"https:\/\/kapitalis.com\/tunisie\/2023\/11\/28\/la-mort-dune-jeune-fille-israelienne-tuee-par-larmee-israelienne-remet-a-lordre-du-jour-son-protocole-hannibal\/#breadcrumb","itemListElement":[{"@type":"ListItem","position":1,"name":"Accueil","item":"https:\/\/kapitalis.com\/tunisie\/"},{"@type":"ListItem","position":2,"name":"La mort d\u2019une jeune fille isra\u00e9lienne tu\u00e9e par l\u2019arm\u00e9e isra\u00e9lienne remet \u00e0 l\u2019ordre du jour son \u00abprotocole Hannibal\u00bb"}]},{"@type":"WebSite","@id":"https:\/\/kapitalis.com\/tunisie\/#website","url":"https:\/\/kapitalis.com\/tunisie\/","name":"Kapitalis","description":"L&#039;actualit\u00e9 en Tunisie et dans le monde","publisher":{"@id":"https:\/\/kapitalis.com\/tunisie\/#organization"},"potentialAction":[{"@type":"SearchAction","target":{"@type":"EntryPoint","urlTemplate":"https:\/\/kapitalis.com\/tunisie\/?s={search_term_string}"},"query-input":{"@type":"PropertyValueSpecification","valueRequired":true,"valueName":"search_term_string"}}],"inLanguage":"fr-FR"},{"@type":"Organization","@id":"https:\/\/kapitalis.com\/tunisie\/#organization","name":"Kapitalis","url":"https:\/\/kapitalis.com\/tunisie\/","logo":{"@type":"ImageObject","inLanguage":"fr-FR","@id":"https:\/\/kapitalis.com\/tunisie\/#\/schema\/logo\/image\/","url":"https:\/\/kapitalis.com\/tunisie\/wp-content\/uploads\/2022\/05\/Kapitalis-big-size.png","contentUrl":"https:\/\/kapitalis.com\/tunisie\/wp-content\/uploads\/2022\/05\/Kapitalis-big-size.png","width":5000,"height":1500,"caption":"Kapitalis"},"image":{"@id":"https:\/\/kapitalis.com\/tunisie\/#\/schema\/logo\/image\/"},"sameAs":["https:\/\/www.facebook.com\/KapitalisInfo\/","https:\/\/x.com\/KapitalisInfo","https:\/\/www.youtube.com\/channel\/UC-yDYrHyfFBWWZaOw3FPg9Q"]},{"@type":"Person","@id":"https:\/\/kapitalis.com\/tunisie\/#\/schema\/person\/d71f33a9ca44f7bad4698210b480c8e9","name":"webmaster kapitalis","url":"https:\/\/kapitalis.com\/tunisie\/author\/webmaster-kapitalis\/"}]}},"_links":{"self":[{"href":"https:\/\/kapitalis.com\/tunisie\/wp-json\/wp\/v2\/posts\/10717483","targetHints":{"allow":["GET"]}}],"collection":[{"href":"https:\/\/kapitalis.com\/tunisie\/wp-json\/wp\/v2\/posts"}],"about":[{"href":"https:\/\/kapitalis.com\/tunisie\/wp-json\/wp\/v2\/types\/post"}],"author":[{"embeddable":true,"href":"https:\/\/kapitalis.com\/tunisie\/wp-json\/wp\/v2\/users\/8"}],"replies":[{"embeddable":true,"href":"https:\/\/kapitalis.com\/tunisie\/wp-json\/wp\/v2\/comments?post=10717483"}],"version-history":[{"count":1,"href":"https:\/\/kapitalis.com\/tunisie\/wp-json\/wp\/v2\/posts\/10717483\/revisions"}],"predecessor-version":[{"id":10717534,"href":"https:\/\/kapitalis.com\/tunisie\/wp-json\/wp\/v2\/posts\/10717483\/revisions\/10717534"}],"wp:featuredmedia":[{"embeddable":true,"href":"https:\/\/kapitalis.com\/tunisie\/wp-json\/wp\/v2\/media\/10717513"}],"wp:attachment":[{"href":"https:\/\/kapitalis.com\/tunisie\/wp-json\/wp\/v2\/media?parent=10717483"}],"wp:term":[{"taxonomy":"category","embeddable":true,"href":"https:\/\/kapitalis.com\/tunisie\/wp-json\/wp\/v2\/categories?post=10717483"},{"taxonomy":"post_tag","embeddable":true,"href":"https:\/\/kapitalis.com\/tunisie\/wp-json\/wp\/v2\/tags?post=10717483"}],"curies":[{"name":"wp","href":"https:\/\/api.w.org\/{rel}","templated":true}]}}