{"id":10717764,"date":"2023-11-28T07:45:13","date_gmt":"2023-11-28T06:45:13","guid":{"rendered":"https:\/\/kapitalis.com\/tunisie\/?p=10717764"},"modified":"2023-11-28T07:45:14","modified_gmt":"2023-11-28T06:45:14","slug":"tunisie-sortie-en-salles-de-laiguille-de-abdelhamid-bouchnak","status":"publish","type":"post","link":"https:\/\/kapitalis.com\/tunisie\/2023\/11\/28\/tunisie-sortie-en-salles-de-laiguille-de-abdelhamid-bouchnak\/","title":{"rendered":"Tunisie\u00a0: sortie en salles de \u2018\u2018L\u2019Aiguille\u2019\u2019 de Abdelhamid Bouchnak"},"content":{"rendered":"\n<p><strong><em>\u2018\u2018L\u2019Aiguille\u2019\u2019, long m\u00e9trage de fiction de Abdelhamid Bouchnak, fera sa sortie nationale, le mercredi 6 d\u00e9cembre 2023, sur grand \u00e9cran.<\/em><\/strong><\/p>\n\n\n\n<!--more-->\n\n\n\n<p>Son avant-premi\u00e8re est pr\u00e9vue, ce vendredi 1<sup>er<\/sup> d\u00e9cembre, dans 14 salles tunisiennes.<\/p>\n\n\n\n<p>En solidarit\u00e9 avec la Palestine, toute la recette de ces projections sera vers\u00e9e au Croissant Rouge tunisien (CRT) qui m\u00e8ne une campagne nationale d\u2019aide \u00e0 la bande de Gaza, lit-on sur la page Facebook du distributeur du film, Hakka Distribution.<\/p>\n\n\n\n<p>Abdelhamid Bouchnak, r\u00e9alisateur et sc\u00e9nariste qui produit des \u0153uvres pour le cin\u00e9ma et la t\u00e9l\u00e9vision est de retour avec <em>\u2018\u2018L\u2019Aiguille\u2019\u2019<\/em> (The Needle, titre en anglais), produit par Shkoon productions.<\/p>\n\n\n\n<p>Cette fiction (1h53 min) qui a \u00e9t\u00e9 retenue en s\u00e9lection officielle de l&rsquo;\u00e9dition 2023 des Journ\u00e9es cin\u00e9matographiques de Carthage (JCC) qui, rappelle-t-on, a \u00e9t\u00e9 annul\u00e9e.<\/p>\n\n\n\n<p>Le casting est compos\u00e9 de Fatma Sfar, Bilel Slatnia, Jamel Madani et Sabah Bouzouita. La musique est l&rsquo;\u0153uvre de Hamza Bouchnak.<\/p>\n\n\n\n<p>L\u2019histoire: Dali et Mariem attendent avec impatience l&rsquo;arriv\u00e9e de leur premier enfant. Le jour de l\u2019accouchement, le m\u00e9decin leur apprend que le b\u00e9b\u00e9 a une particularit\u00e9 rare : il porte les deux sexes, m\u00e2le et femelle. Boulevers\u00e9 par cette nouvelle et confront\u00e9 \u00e0 ses d\u00e9mons, Dali n\u2019arrive plus \u00e0 jouer son r\u00f4le aupr\u00e8s de Mariem et de leur enfant.<\/p>\n\n\n\n<p>Abdelhamid Bouchnak dipl\u00f4m\u00e9 de l\u2019\u00c9cole sup\u00e9rieure de l\u2019audiovisuel et du cin\u00e9ma (Esac) \u00e0 Gammarth et de l\u2019Universit\u00e9 de Montr\u00e9al, g\u00e8re, depuis 2012, la soci\u00e9t\u00e9 Shkoon Production. Apr\u00e8s la r\u00e9alisation de plusieurs travaux cin\u00e9matographiques, tels que la web-s\u00e9rie <em>\u2018\u2018Ta7ana\u2019\u2019<\/em>, la s\u00e9rie t\u00e9l\u00e9vis\u00e9e, <em>\u2018\u2018Hedhoukom\u2019\u2019 <\/em>et des courts m\u00e9trages (<em>\u2018\u2018Alliance\u2019\u2019<\/em> en 2011 et <em>\u2018\u2018Bonbon\u2019\u2019<\/em> en 2016), il r\u00e9alise <em>\u2018\u2018Jadis Kerkouane\u2019\u2019<\/em>, un doc-fiction historique.<\/p>\n\n\n\n<p>En 2018, il r\u00e9alise son premier long m\u00e9trage, <em>\u2018\u2018Dachra\u2019\u2019<\/em> qui \u00e9tait s\u00e9lectionn\u00e9 \u00e0 la Semaine internationale de la critique de la Mostra de Venise. En 2019, il r\u00e9alise la saison 1 de la s\u00e9rie <em>\u2018\u2018Nouba\u2019\u2019<\/em>, diffus\u00e9e sur Nessma durant le mois du ramadan. La saison 2 de la m\u00eame s\u00e9rie, intitul\u00e9e <em>\u2018\u2018Och\u00e8g Eddenia\u2019\u2019<\/em>, est diffus\u00e9e en 2020 sur Attessia TV et la plateforme Artify.<\/p>\n\n\n\n<p>En 2021, il r\u00e9alise la s\u00e9rie <em>\u2018\u2018Ken Ya Makenech\u2019\u2019<\/em> durant le mois du ramadan et diffus\u00e9e sur la T\u00e9l\u00e9vision tunisienne 1, laur\u00e9ate du deuxi\u00e8me prix de la 21<sup>e<\/sup> \u00e9dition du Festival arabe de la radio et de la t\u00e9l\u00e9vision de l&rsquo;Asbu.<\/p>\n\n\n\n<p>Son film <em>\u2018\u2018Papillon d\u2019or\u2019\u2019<\/em> (<em>\u2018\u2018Fartattou Ethehab\u2019\u2019<\/em>, titre en arabe), \u00e9tait le candidat de la Tunisie pour l\u2019Oscar du meilleur film international de la 94<sup>e<\/sup> c\u00e9r\u00e9monie des Oscars de 2022. Ce long-m\u00e9trage de fiction (92&prime;), du genre drame fantastique, n\u2019a pas \u00e9t\u00e9 pr\u00e9s\u00e9lectionn\u00e9. Il a \u00e9t\u00e9 pr\u00e9sent\u00e9 en comp\u00e9tition officielle des Journ\u00e9es cin\u00e9matographiques de Carthage (JCC) en 2021. <\/p>\n\n\n\n<p><strong><em>D\u2019apr\u00e8s Tap<\/em><\/strong>.<\/p>\n\n\n\n<figure class=\"wp-block-embed is-type-wp-embed is-provider-kapitalis wp-block-embed-kapitalis\"><div class=\"wp-block-embed__wrapper\">\n<blockquote class=\"wp-embedded-content\" data-secret=\"pzBUvnlyHO\"><a href=\"https:\/\/kapitalis.com\/tunisie\/2023\/11\/24\/the-needle-de-abdelhamid-bouchnak-dans-les-salles-a-partir-du-6-decembre\/\">\u00abThe Needle\u00bb de Abdelhamid Bouchnak dans les salles \u00e0 partir du 6 d\u00e9cembre<\/a><\/blockquote><iframe loading=\"lazy\" class=\"wp-embedded-content\" sandbox=\"allow-scripts\" security=\"restricted\" style=\"position: absolute; clip: rect(1px, 1px, 1px, 1px);\" title=\"\u00ab\u00a0\u00abThe Needle\u00bb de Abdelhamid Bouchnak dans les salles \u00e0 partir du 6 d\u00e9cembre\u00a0\u00bb &#8212; Kapitalis\" src=\"https:\/\/kapitalis.com\/tunisie\/2023\/11\/24\/the-needle-de-abdelhamid-bouchnak-dans-les-salles-a-partir-du-6-decembre\/embed\/#?secret=rCAmH8CZua#?secret=pzBUvnlyHO\" data-secret=\"pzBUvnlyHO\" width=\"600\" height=\"338\" frameborder=\"0\" marginwidth=\"0\" marginheight=\"0\" scrolling=\"no\"><\/iframe>\n<\/div><\/figure>\n","protected":false},"excerpt":{"rendered":"<p>\u2018L\u2019Aiguille\u2019\u2019, long m\u00e9trage de fiction de Abdelhamid Bouchnak, fera sa sortie nationale, le mercredi 6 d\u00e9cembre 2023.<\/p>\n","protected":false},"author":8,"featured_media":10717809,"comment_status":"open","ping_status":"open","sticky":false,"template":"","format":"standard","meta":{"footnotes":""},"categories":[994,2433],"tags":[34363,112525,112526,28871,8504,112524,83395,112457,62643],"class_list":["post-10717764","post","type-post","status-publish","format-standard","has-post-thumbnail","hentry","category-culture","category-tunisie","tag-abdelhamid-bouchnak","tag-bilel-slatnia","tag-fatma-sfar","tag-hakka-distribution","tag-jamel-madani","tag-laiguille","tag-sabah-bouzouita","tag-shkoon-productions","tag-tunisie"],"yoast_head":"<!-- This site is optimized with the Yoast SEO plugin v26.6 - https:\/\/yoast.com\/wordpress\/plugins\/seo\/ -->\n<title>Tunisie\u00a0: sortie en salles de \u2018\u2018L\u2019Aiguille\u2019\u2019 de Abdelhamid Bouchnak - Kapitalis<\/title>\n<meta name=\"robots\" content=\"index, follow, max-snippet:-1, max-image-preview:large, max-video-preview:-1\" \/>\n<link rel=\"canonical\" href=\"https:\/\/kapitalis.com\/tunisie\/2023\/11\/28\/tunisie-sortie-en-salles-de-laiguille-de-abdelhamid-bouchnak\/\" \/>\n<meta property=\"og:locale\" content=\"fr_FR\" \/>\n<meta property=\"og:type\" content=\"article\" \/>\n<meta property=\"og:title\" content=\"Tunisie\u00a0: sortie en salles de \u2018\u2018L\u2019Aiguille\u2019\u2019 de Abdelhamid Bouchnak - Kapitalis\" \/>\n<meta property=\"og:description\" content=\"\u2018L\u2019Aiguille\u2019\u2019, long m\u00e9trage de fiction de Abdelhamid Bouchnak, fera sa sortie nationale, le mercredi 6 d\u00e9cembre 2023.\" \/>\n<meta property=\"og:url\" content=\"https:\/\/kapitalis.com\/tunisie\/2023\/11\/28\/tunisie-sortie-en-salles-de-laiguille-de-abdelhamid-bouchnak\/\" \/>\n<meta property=\"og:site_name\" content=\"Kapitalis\" \/>\n<meta property=\"article:publisher\" content=\"https:\/\/www.facebook.com\/KapitalisInfo\/\" \/>\n<meta property=\"article:published_time\" content=\"2023-11-28T06:45:13+00:00\" \/>\n<meta property=\"article:modified_time\" content=\"2023-11-28T06:45:14+00:00\" \/>\n<meta property=\"og:image\" content=\"https:\/\/kapitalis.com\/tunisie\/wp-content\/uploads\/2023\/11\/Lotfi-Bouchnak-Aiguille.jpg\" \/>\n\t<meta property=\"og:image:width\" content=\"1200\" \/>\n\t<meta property=\"og:image:height\" content=\"630\" \/>\n\t<meta property=\"og:image:type\" content=\"image\/jpeg\" \/>\n<meta name=\"author\" content=\"webmaster kapitalis\" \/>\n<meta name=\"twitter:card\" content=\"summary_large_image\" \/>\n<meta name=\"twitter:creator\" content=\"@KapitalisInfo\" \/>\n<meta name=\"twitter:site\" content=\"@KapitalisInfo\" \/>\n<meta name=\"twitter:label1\" content=\"\u00c9crit par\" \/>\n\t<meta name=\"twitter:data1\" content=\"webmaster kapitalis\" \/>\n\t<meta name=\"twitter:label2\" content=\"Dur\u00e9e de lecture estim\u00e9e\" \/>\n\t<meta name=\"twitter:data2\" content=\"3 minutes\" \/>\n<script type=\"application\/ld+json\" class=\"yoast-schema-graph\">{\"@context\":\"https:\/\/schema.org\",\"@graph\":[{\"@type\":\"Article\",\"@id\":\"https:\/\/kapitalis.com\/tunisie\/2023\/11\/28\/tunisie-sortie-en-salles-de-laiguille-de-abdelhamid-bouchnak\/#article\",\"isPartOf\":{\"@id\":\"https:\/\/kapitalis.com\/tunisie\/2023\/11\/28\/tunisie-sortie-en-salles-de-laiguille-de-abdelhamid-bouchnak\/\"},\"author\":{\"name\":\"webmaster kapitalis\",\"@id\":\"https:\/\/kapitalis.com\/tunisie\/#\/schema\/person\/d71f33a9ca44f7bad4698210b480c8e9\"},\"headline\":\"Tunisie\u00a0: sortie en salles de \u2018\u2018L\u2019Aiguille\u2019\u2019 de Abdelhamid Bouchnak\",\"datePublished\":\"2023-11-28T06:45:13+00:00\",\"dateModified\":\"2023-11-28T06:45:14+00:00\",\"mainEntityOfPage\":{\"@id\":\"https:\/\/kapitalis.com\/tunisie\/2023\/11\/28\/tunisie-sortie-en-salles-de-laiguille-de-abdelhamid-bouchnak\/\"},\"wordCount\":509,\"commentCount\":0,\"publisher\":{\"@id\":\"https:\/\/kapitalis.com\/tunisie\/#organization\"},\"image\":{\"@id\":\"https:\/\/kapitalis.com\/tunisie\/2023\/11\/28\/tunisie-sortie-en-salles-de-laiguille-de-abdelhamid-bouchnak\/#primaryimage\"},\"thumbnailUrl\":\"https:\/\/kapitalis.com\/tunisie\/wp-content\/uploads\/2023\/11\/Lotfi-Bouchnak-Aiguille.jpg\",\"keywords\":[\"Abdelhamid Bouchnak\",\"Bilel Slatnia\",\"Fatma Sfar\",\"Hakka Distribution\",\"Jamel Madani\",\"L\u2019Aiguille\",\"Sabah Bouzouita\",\"Shkoon productions\",\"Tunisie\"],\"articleSection\":[\"CULTURE\",\"Tunisie\"],\"inLanguage\":\"fr-FR\",\"potentialAction\":[{\"@type\":\"CommentAction\",\"name\":\"Comment\",\"target\":[\"https:\/\/kapitalis.com\/tunisie\/2023\/11\/28\/tunisie-sortie-en-salles-de-laiguille-de-abdelhamid-bouchnak\/#respond\"]}]},{\"@type\":\"WebPage\",\"@id\":\"https:\/\/kapitalis.com\/tunisie\/2023\/11\/28\/tunisie-sortie-en-salles-de-laiguille-de-abdelhamid-bouchnak\/\",\"url\":\"https:\/\/kapitalis.com\/tunisie\/2023\/11\/28\/tunisie-sortie-en-salles-de-laiguille-de-abdelhamid-bouchnak\/\",\"name\":\"Tunisie\u00a0: sortie en salles de \u2018\u2018L\u2019Aiguille\u2019\u2019 de Abdelhamid Bouchnak - Kapitalis\",\"isPartOf\":{\"@id\":\"https:\/\/kapitalis.com\/tunisie\/#website\"},\"primaryImageOfPage\":{\"@id\":\"https:\/\/kapitalis.com\/tunisie\/2023\/11\/28\/tunisie-sortie-en-salles-de-laiguille-de-abdelhamid-bouchnak\/#primaryimage\"},\"image\":{\"@id\":\"https:\/\/kapitalis.com\/tunisie\/2023\/11\/28\/tunisie-sortie-en-salles-de-laiguille-de-abdelhamid-bouchnak\/#primaryimage\"},\"thumbnailUrl\":\"https:\/\/kapitalis.com\/tunisie\/wp-content\/uploads\/2023\/11\/Lotfi-Bouchnak-Aiguille.jpg\",\"datePublished\":\"2023-11-28T06:45:13+00:00\",\"dateModified\":\"2023-11-28T06:45:14+00:00\",\"breadcrumb\":{\"@id\":\"https:\/\/kapitalis.com\/tunisie\/2023\/11\/28\/tunisie-sortie-en-salles-de-laiguille-de-abdelhamid-bouchnak\/#breadcrumb\"},\"inLanguage\":\"fr-FR\",\"potentialAction\":[{\"@type\":\"ReadAction\",\"target\":[\"https:\/\/kapitalis.com\/tunisie\/2023\/11\/28\/tunisie-sortie-en-salles-de-laiguille-de-abdelhamid-bouchnak\/\"]}]},{\"@type\":\"ImageObject\",\"inLanguage\":\"fr-FR\",\"@id\":\"https:\/\/kapitalis.com\/tunisie\/2023\/11\/28\/tunisie-sortie-en-salles-de-laiguille-de-abdelhamid-bouchnak\/#primaryimage\",\"url\":\"https:\/\/kapitalis.com\/tunisie\/wp-content\/uploads\/2023\/11\/Lotfi-Bouchnak-Aiguille.jpg\",\"contentUrl\":\"https:\/\/kapitalis.com\/tunisie\/wp-content\/uploads\/2023\/11\/Lotfi-Bouchnak-Aiguille.jpg\",\"width\":1200,\"height\":630},{\"@type\":\"BreadcrumbList\",\"@id\":\"https:\/\/kapitalis.com\/tunisie\/2023\/11\/28\/tunisie-sortie-en-salles-de-laiguille-de-abdelhamid-bouchnak\/#breadcrumb\",\"itemListElement\":[{\"@type\":\"ListItem\",\"position\":1,\"name\":\"Accueil\",\"item\":\"https:\/\/kapitalis.com\/tunisie\/\"},{\"@type\":\"ListItem\",\"position\":2,\"name\":\"Tunisie\u00a0: sortie en salles de \u2018\u2018L\u2019Aiguille\u2019\u2019 de Abdelhamid Bouchnak\"}]},{\"@type\":\"WebSite\",\"@id\":\"https:\/\/kapitalis.com\/tunisie\/#website\",\"url\":\"https:\/\/kapitalis.com\/tunisie\/\",\"name\":\"Kapitalis\",\"description\":\"L&#039;actualit\u00e9 en Tunisie et dans le monde\",\"publisher\":{\"@id\":\"https:\/\/kapitalis.com\/tunisie\/#organization\"},\"potentialAction\":[{\"@type\":\"SearchAction\",\"target\":{\"@type\":\"EntryPoint\",\"urlTemplate\":\"https:\/\/kapitalis.com\/tunisie\/?s={search_term_string}\"},\"query-input\":{\"@type\":\"PropertyValueSpecification\",\"valueRequired\":true,\"valueName\":\"search_term_string\"}}],\"inLanguage\":\"fr-FR\"},{\"@type\":\"Organization\",\"@id\":\"https:\/\/kapitalis.com\/tunisie\/#organization\",\"name\":\"Kapitalis\",\"url\":\"https:\/\/kapitalis.com\/tunisie\/\",\"logo\":{\"@type\":\"ImageObject\",\"inLanguage\":\"fr-FR\",\"@id\":\"https:\/\/kapitalis.com\/tunisie\/#\/schema\/logo\/image\/\",\"url\":\"https:\/\/kapitalis.com\/tunisie\/wp-content\/uploads\/2022\/05\/Kapitalis-big-size.png\",\"contentUrl\":\"https:\/\/kapitalis.com\/tunisie\/wp-content\/uploads\/2022\/05\/Kapitalis-big-size.png\",\"width\":5000,\"height\":1500,\"caption\":\"Kapitalis\"},\"image\":{\"@id\":\"https:\/\/kapitalis.com\/tunisie\/#\/schema\/logo\/image\/\"},\"sameAs\":[\"https:\/\/www.facebook.com\/KapitalisInfo\/\",\"https:\/\/x.com\/KapitalisInfo\",\"https:\/\/www.youtube.com\/channel\/UC-yDYrHyfFBWWZaOw3FPg9Q\"]},{\"@type\":\"Person\",\"@id\":\"https:\/\/kapitalis.com\/tunisie\/#\/schema\/person\/d71f33a9ca44f7bad4698210b480c8e9\",\"name\":\"webmaster kapitalis\",\"url\":\"https:\/\/kapitalis.com\/tunisie\/author\/webmaster-kapitalis\/\"}]}<\/script>\n<!-- \/ Yoast SEO plugin. -->","yoast_head_json":{"title":"Tunisie\u00a0: sortie en salles de \u2018\u2018L\u2019Aiguille\u2019\u2019 de Abdelhamid Bouchnak - Kapitalis","robots":{"index":"index","follow":"follow","max-snippet":"max-snippet:-1","max-image-preview":"max-image-preview:large","max-video-preview":"max-video-preview:-1"},"canonical":"https:\/\/kapitalis.com\/tunisie\/2023\/11\/28\/tunisie-sortie-en-salles-de-laiguille-de-abdelhamid-bouchnak\/","og_locale":"fr_FR","og_type":"article","og_title":"Tunisie\u00a0: sortie en salles de \u2018\u2018L\u2019Aiguille\u2019\u2019 de Abdelhamid Bouchnak - Kapitalis","og_description":"\u2018L\u2019Aiguille\u2019\u2019, long m\u00e9trage de fiction de Abdelhamid Bouchnak, fera sa sortie nationale, le mercredi 6 d\u00e9cembre 2023.","og_url":"https:\/\/kapitalis.com\/tunisie\/2023\/11\/28\/tunisie-sortie-en-salles-de-laiguille-de-abdelhamid-bouchnak\/","og_site_name":"Kapitalis","article_publisher":"https:\/\/www.facebook.com\/KapitalisInfo\/","article_published_time":"2023-11-28T06:45:13+00:00","article_modified_time":"2023-11-28T06:45:14+00:00","og_image":[{"width":1200,"height":630,"url":"https:\/\/kapitalis.com\/tunisie\/wp-content\/uploads\/2023\/11\/Lotfi-Bouchnak-Aiguille.jpg","type":"image\/jpeg"}],"author":"webmaster kapitalis","twitter_card":"summary_large_image","twitter_creator":"@KapitalisInfo","twitter_site":"@KapitalisInfo","twitter_misc":{"\u00c9crit par":"webmaster kapitalis","Dur\u00e9e de lecture estim\u00e9e":"3 minutes"},"schema":{"@context":"https:\/\/schema.org","@graph":[{"@type":"Article","@id":"https:\/\/kapitalis.com\/tunisie\/2023\/11\/28\/tunisie-sortie-en-salles-de-laiguille-de-abdelhamid-bouchnak\/#article","isPartOf":{"@id":"https:\/\/kapitalis.com\/tunisie\/2023\/11\/28\/tunisie-sortie-en-salles-de-laiguille-de-abdelhamid-bouchnak\/"},"author":{"name":"webmaster kapitalis","@id":"https:\/\/kapitalis.com\/tunisie\/#\/schema\/person\/d71f33a9ca44f7bad4698210b480c8e9"},"headline":"Tunisie\u00a0: sortie en salles de \u2018\u2018L\u2019Aiguille\u2019\u2019 de Abdelhamid Bouchnak","datePublished":"2023-11-28T06:45:13+00:00","dateModified":"2023-11-28T06:45:14+00:00","mainEntityOfPage":{"@id":"https:\/\/kapitalis.com\/tunisie\/2023\/11\/28\/tunisie-sortie-en-salles-de-laiguille-de-abdelhamid-bouchnak\/"},"wordCount":509,"commentCount":0,"publisher":{"@id":"https:\/\/kapitalis.com\/tunisie\/#organization"},"image":{"@id":"https:\/\/kapitalis.com\/tunisie\/2023\/11\/28\/tunisie-sortie-en-salles-de-laiguille-de-abdelhamid-bouchnak\/#primaryimage"},"thumbnailUrl":"https:\/\/kapitalis.com\/tunisie\/wp-content\/uploads\/2023\/11\/Lotfi-Bouchnak-Aiguille.jpg","keywords":["Abdelhamid Bouchnak","Bilel Slatnia","Fatma Sfar","Hakka Distribution","Jamel Madani","L\u2019Aiguille","Sabah Bouzouita","Shkoon productions","Tunisie"],"articleSection":["CULTURE","Tunisie"],"inLanguage":"fr-FR","potentialAction":[{"@type":"CommentAction","name":"Comment","target":["https:\/\/kapitalis.com\/tunisie\/2023\/11\/28\/tunisie-sortie-en-salles-de-laiguille-de-abdelhamid-bouchnak\/#respond"]}]},{"@type":"WebPage","@id":"https:\/\/kapitalis.com\/tunisie\/2023\/11\/28\/tunisie-sortie-en-salles-de-laiguille-de-abdelhamid-bouchnak\/","url":"https:\/\/kapitalis.com\/tunisie\/2023\/11\/28\/tunisie-sortie-en-salles-de-laiguille-de-abdelhamid-bouchnak\/","name":"Tunisie\u00a0: sortie en salles de \u2018\u2018L\u2019Aiguille\u2019\u2019 de Abdelhamid Bouchnak - Kapitalis","isPartOf":{"@id":"https:\/\/kapitalis.com\/tunisie\/#website"},"primaryImageOfPage":{"@id":"https:\/\/kapitalis.com\/tunisie\/2023\/11\/28\/tunisie-sortie-en-salles-de-laiguille-de-abdelhamid-bouchnak\/#primaryimage"},"image":{"@id":"https:\/\/kapitalis.com\/tunisie\/2023\/11\/28\/tunisie-sortie-en-salles-de-laiguille-de-abdelhamid-bouchnak\/#primaryimage"},"thumbnailUrl":"https:\/\/kapitalis.com\/tunisie\/wp-content\/uploads\/2023\/11\/Lotfi-Bouchnak-Aiguille.jpg","datePublished":"2023-11-28T06:45:13+00:00","dateModified":"2023-11-28T06:45:14+00:00","breadcrumb":{"@id":"https:\/\/kapitalis.com\/tunisie\/2023\/11\/28\/tunisie-sortie-en-salles-de-laiguille-de-abdelhamid-bouchnak\/#breadcrumb"},"inLanguage":"fr-FR","potentialAction":[{"@type":"ReadAction","target":["https:\/\/kapitalis.com\/tunisie\/2023\/11\/28\/tunisie-sortie-en-salles-de-laiguille-de-abdelhamid-bouchnak\/"]}]},{"@type":"ImageObject","inLanguage":"fr-FR","@id":"https:\/\/kapitalis.com\/tunisie\/2023\/11\/28\/tunisie-sortie-en-salles-de-laiguille-de-abdelhamid-bouchnak\/#primaryimage","url":"https:\/\/kapitalis.com\/tunisie\/wp-content\/uploads\/2023\/11\/Lotfi-Bouchnak-Aiguille.jpg","contentUrl":"https:\/\/kapitalis.com\/tunisie\/wp-content\/uploads\/2023\/11\/Lotfi-Bouchnak-Aiguille.jpg","width":1200,"height":630},{"@type":"BreadcrumbList","@id":"https:\/\/kapitalis.com\/tunisie\/2023\/11\/28\/tunisie-sortie-en-salles-de-laiguille-de-abdelhamid-bouchnak\/#breadcrumb","itemListElement":[{"@type":"ListItem","position":1,"name":"Accueil","item":"https:\/\/kapitalis.com\/tunisie\/"},{"@type":"ListItem","position":2,"name":"Tunisie\u00a0: sortie en salles de \u2018\u2018L\u2019Aiguille\u2019\u2019 de Abdelhamid Bouchnak"}]},{"@type":"WebSite","@id":"https:\/\/kapitalis.com\/tunisie\/#website","url":"https:\/\/kapitalis.com\/tunisie\/","name":"Kapitalis","description":"L&#039;actualit\u00e9 en Tunisie et dans le monde","publisher":{"@id":"https:\/\/kapitalis.com\/tunisie\/#organization"},"potentialAction":[{"@type":"SearchAction","target":{"@type":"EntryPoint","urlTemplate":"https:\/\/kapitalis.com\/tunisie\/?s={search_term_string}"},"query-input":{"@type":"PropertyValueSpecification","valueRequired":true,"valueName":"search_term_string"}}],"inLanguage":"fr-FR"},{"@type":"Organization","@id":"https:\/\/kapitalis.com\/tunisie\/#organization","name":"Kapitalis","url":"https:\/\/kapitalis.com\/tunisie\/","logo":{"@type":"ImageObject","inLanguage":"fr-FR","@id":"https:\/\/kapitalis.com\/tunisie\/#\/schema\/logo\/image\/","url":"https:\/\/kapitalis.com\/tunisie\/wp-content\/uploads\/2022\/05\/Kapitalis-big-size.png","contentUrl":"https:\/\/kapitalis.com\/tunisie\/wp-content\/uploads\/2022\/05\/Kapitalis-big-size.png","width":5000,"height":1500,"caption":"Kapitalis"},"image":{"@id":"https:\/\/kapitalis.com\/tunisie\/#\/schema\/logo\/image\/"},"sameAs":["https:\/\/www.facebook.com\/KapitalisInfo\/","https:\/\/x.com\/KapitalisInfo","https:\/\/www.youtube.com\/channel\/UC-yDYrHyfFBWWZaOw3FPg9Q"]},{"@type":"Person","@id":"https:\/\/kapitalis.com\/tunisie\/#\/schema\/person\/d71f33a9ca44f7bad4698210b480c8e9","name":"webmaster kapitalis","url":"https:\/\/kapitalis.com\/tunisie\/author\/webmaster-kapitalis\/"}]}},"_links":{"self":[{"href":"https:\/\/kapitalis.com\/tunisie\/wp-json\/wp\/v2\/posts\/10717764","targetHints":{"allow":["GET"]}}],"collection":[{"href":"https:\/\/kapitalis.com\/tunisie\/wp-json\/wp\/v2\/posts"}],"about":[{"href":"https:\/\/kapitalis.com\/tunisie\/wp-json\/wp\/v2\/types\/post"}],"author":[{"embeddable":true,"href":"https:\/\/kapitalis.com\/tunisie\/wp-json\/wp\/v2\/users\/8"}],"replies":[{"embeddable":true,"href":"https:\/\/kapitalis.com\/tunisie\/wp-json\/wp\/v2\/comments?post=10717764"}],"version-history":[{"count":1,"href":"https:\/\/kapitalis.com\/tunisie\/wp-json\/wp\/v2\/posts\/10717764\/revisions"}],"predecessor-version":[{"id":10717819,"href":"https:\/\/kapitalis.com\/tunisie\/wp-json\/wp\/v2\/posts\/10717764\/revisions\/10717819"}],"wp:featuredmedia":[{"embeddable":true,"href":"https:\/\/kapitalis.com\/tunisie\/wp-json\/wp\/v2\/media\/10717809"}],"wp:attachment":[{"href":"https:\/\/kapitalis.com\/tunisie\/wp-json\/wp\/v2\/media?parent=10717764"}],"wp:term":[{"taxonomy":"category","embeddable":true,"href":"https:\/\/kapitalis.com\/tunisie\/wp-json\/wp\/v2\/categories?post=10717764"},{"taxonomy":"post_tag","embeddable":true,"href":"https:\/\/kapitalis.com\/tunisie\/wp-json\/wp\/v2\/tags?post=10717764"}],"curies":[{"name":"wp","href":"https:\/\/api.w.org\/{rel}","templated":true}]}}