{"id":1072241,"date":"2022-05-29T23:50:52","date_gmt":"2022-05-29T22:50:52","guid":{"rendered":"https:\/\/kapitalis.com\/tunisie\/?p=1072241"},"modified":"2022-05-29T23:50:53","modified_gmt":"2022-05-29T22:50:53","slug":"tunisie-inauguration-de-la-rue-claudia-cardinale-a-la-goulette-photos","status":"publish","type":"post","link":"https:\/\/kapitalis.com\/tunisie\/2022\/05\/29\/tunisie-inauguration-de-la-rue-claudia-cardinale-a-la-goulette-photos\/","title":{"rendered":"Tunisie : Inauguration de la rue Claudia Cardinale \u00e0 la Goulette (Photos)"},"content":{"rendered":"\n<p><strong><em>La rue Claudia Cardinale \u00e0 la Goulette a \u00e9t\u00e9 inaugur\u00e9e ce matin en pr\u00e9sence de la star tuniso-italienne.<\/em><\/strong><\/p>\n\n\n\n<!--more-->\n\n\n\n<p>La grande actrice internationale Claudia Cardinale se trouve en ce moment \u00e0 Tunis pour un programme de visite de plusieurs espaces de la Capitale, dont son quartier natal, Piccola Sicila, \u00e0 La Goulette, o\u00f9 une rue portant son nom a \u00e9t\u00e9 inaugur\u00e9e aujourd\u2019hui, une initiative de la Municipalit\u00e9 de la Goulette.<\/p>\n\n\n<div class=\"wp-block-image\">\n<figure class=\"aligncenter size-large\"><img loading=\"lazy\" decoding=\"async\" width=\"1024\" height=\"538\" src=\"https:\/\/kapitalis.com\/tunisie\/wp-content\/uploads\/2022\/05\/rue-Claudia-Cardinale...-1024x538.jpg\" alt=\"\" class=\"wp-image-1073163\" srcset=\"https:\/\/kapitalis.com\/tunisie\/wp-content\/uploads\/2022\/05\/rue-Claudia-Cardinale...-1024x538.jpg 1024w, https:\/\/kapitalis.com\/tunisie\/wp-content\/uploads\/2022\/05\/rue-Claudia-Cardinale...-300x158.jpg 300w, https:\/\/kapitalis.com\/tunisie\/wp-content\/uploads\/2022\/05\/rue-Claudia-Cardinale...-768x403.jpg 768w, https:\/\/kapitalis.com\/tunisie\/wp-content\/uploads\/2022\/05\/rue-Claudia-Cardinale...-580x305.jpg 580w, https:\/\/kapitalis.com\/tunisie\/wp-content\/uploads\/2022\/05\/rue-Claudia-Cardinale...-860x452.jpg 860w, https:\/\/kapitalis.com\/tunisie\/wp-content\/uploads\/2022\/05\/rue-Claudia-Cardinale...-1160x609.jpg 1160w, https:\/\/kapitalis.com\/tunisie\/wp-content\/uploads\/2022\/05\/rue-Claudia-Cardinale....jpg 1200w\" sizes=\"auto, (max-width: 1024px) 100vw, 1024px\" \/><\/figure>\n<\/div>\n\n\n<p>La ministre des Affaires culturelles Hayet Guettat Guermazi, l\u2019ambassadeur italien Larenzo Fanara et des repr\u00e9sentants de la municipalit\u00e9 de la Goulette \u00e9taient pr\u00e9sents \u00e0 l\u2019inauguration de la rue Claudia Cardinale o\u00f9 on vient de r\u00e9aliser une \u00e9norme fresque murale avec son portrait, peinte par les deux artistes Mokhtar Ghrab et Hamadi Rebah.<\/p>\n\n\n<div class=\"wp-block-image\">\n<figure class=\"aligncenter size-large\"><img loading=\"lazy\" decoding=\"async\" width=\"1024\" height=\"538\" src=\"https:\/\/kapitalis.com\/tunisie\/wp-content\/uploads\/2022\/05\/rue-Claudia-Cardinale.-2-1024x538.jpg\" alt=\"\" class=\"wp-image-1073172\" srcset=\"https:\/\/kapitalis.com\/tunisie\/wp-content\/uploads\/2022\/05\/rue-Claudia-Cardinale.-2-1024x538.jpg 1024w, https:\/\/kapitalis.com\/tunisie\/wp-content\/uploads\/2022\/05\/rue-Claudia-Cardinale.-2-300x158.jpg 300w, https:\/\/kapitalis.com\/tunisie\/wp-content\/uploads\/2022\/05\/rue-Claudia-Cardinale.-2-768x403.jpg 768w, https:\/\/kapitalis.com\/tunisie\/wp-content\/uploads\/2022\/05\/rue-Claudia-Cardinale.-2-580x305.jpg 580w, https:\/\/kapitalis.com\/tunisie\/wp-content\/uploads\/2022\/05\/rue-Claudia-Cardinale.-2-860x452.jpg 860w, https:\/\/kapitalis.com\/tunisie\/wp-content\/uploads\/2022\/05\/rue-Claudia-Cardinale.-2-1160x609.jpg 1160w, https:\/\/kapitalis.com\/tunisie\/wp-content\/uploads\/2022\/05\/rue-Claudia-Cardinale.-2.jpg 1200w\" sizes=\"auto, (max-width: 1024px) 100vw, 1024px\" \/><\/figure>\n<\/div>\n\n\n<p>Claudia Cardinale a \u00e9galement assist\u00e9 hier soir \u00e0 un concert de musique \u00e0 l\u2019\u00e9glise Saint-Augustin et Saint-Fid\u00e8le, elle a \u00e9t\u00e9 aussi en visite \u00e0 la Cit\u00e9 de la Culture de Tunis pour l\u2019inauguration d\u2019une exposition et la projection du film \u00ab\u00a0Siciliens d\u2019Afrique\u00a0: Tunisie terre promise\u00a0\u00bb r\u00e9alis\u00e9 par Marcello Bivona et produit par Alfonso Campisi.<\/p>\n\n\n<div class=\"wp-block-image\">\n<figure class=\"aligncenter size-large\"><img loading=\"lazy\" decoding=\"async\" width=\"1024\" height=\"538\" src=\"https:\/\/kapitalis.com\/tunisie\/wp-content\/uploads\/2022\/05\/rue-Claudia-Cardinale..-1-1024x538.jpg\" alt=\"\" class=\"wp-image-1073177\" srcset=\"https:\/\/kapitalis.com\/tunisie\/wp-content\/uploads\/2022\/05\/rue-Claudia-Cardinale..-1-1024x538.jpg 1024w, https:\/\/kapitalis.com\/tunisie\/wp-content\/uploads\/2022\/05\/rue-Claudia-Cardinale..-1-300x158.jpg 300w, https:\/\/kapitalis.com\/tunisie\/wp-content\/uploads\/2022\/05\/rue-Claudia-Cardinale..-1-768x403.jpg 768w, https:\/\/kapitalis.com\/tunisie\/wp-content\/uploads\/2022\/05\/rue-Claudia-Cardinale..-1-580x305.jpg 580w, https:\/\/kapitalis.com\/tunisie\/wp-content\/uploads\/2022\/05\/rue-Claudia-Cardinale..-1-860x452.jpg 860w, https:\/\/kapitalis.com\/tunisie\/wp-content\/uploads\/2022\/05\/rue-Claudia-Cardinale..-1-1160x609.jpg 1160w, https:\/\/kapitalis.com\/tunisie\/wp-content\/uploads\/2022\/05\/rue-Claudia-Cardinale..-1.jpg 1200w\" sizes=\"auto, (max-width: 1024px) 100vw, 1024px\" \/><\/figure>\n<\/div>\n\n\n<p class=\"has-text-align-right\"><strong>F.B<\/strong><\/p>\n","protected":false},"excerpt":{"rendered":"<p>La rue Claudia Cardinale \u00e0 la Goulette a \u00e9t\u00e9 inaugur\u00e9e ce matin en pr\u00e9sence de la star tuniso-italienne.<\/p>\n","protected":false},"author":26,"featured_media":1073121,"comment_status":"open","ping_status":"open","sticky":false,"template":"","format":"standard","meta":{"footnotes":""},"categories":[994,2433],"tags":[24475,2917,100160,62643],"class_list":["post-1072241","post","type-post","status-publish","format-standard","has-post-thumbnail","hentry","category-culture","category-tunisie","tag-claudia-cardinale","tag-la-goulette","tag-rue-claudia-cardinale","tag-tunisie"],"yoast_head":"<!-- This site is optimized with the Yoast SEO plugin v26.6 - https:\/\/yoast.com\/wordpress\/plugins\/seo\/ -->\n<title>Tunisie : Inauguration de la rue Claudia Cardinale \u00e0 la Goulette (Photos) - Kapitalis<\/title>\n<meta name=\"robots\" content=\"index, follow, max-snippet:-1, max-image-preview:large, max-video-preview:-1\" \/>\n<link rel=\"canonical\" href=\"https:\/\/kapitalis.com\/tunisie\/2022\/05\/29\/tunisie-inauguration-de-la-rue-claudia-cardinale-a-la-goulette-photos\/\" \/>\n<meta property=\"og:locale\" content=\"fr_FR\" \/>\n<meta property=\"og:type\" content=\"article\" \/>\n<meta property=\"og:title\" content=\"Tunisie : Inauguration de la rue Claudia Cardinale \u00e0 la Goulette (Photos) - Kapitalis\" \/>\n<meta property=\"og:description\" content=\"La rue Claudia Cardinale \u00e0 la Goulette a \u00e9t\u00e9 inaugur\u00e9e ce matin en pr\u00e9sence de la star tuniso-italienne.\" \/>\n<meta property=\"og:url\" content=\"https:\/\/kapitalis.com\/tunisie\/2022\/05\/29\/tunisie-inauguration-de-la-rue-claudia-cardinale-a-la-goulette-photos\/\" \/>\n<meta property=\"og:site_name\" content=\"Kapitalis\" \/>\n<meta property=\"article:publisher\" content=\"https:\/\/www.facebook.com\/KapitalisInfo\/\" \/>\n<meta property=\"article:published_time\" content=\"2022-05-29T22:50:52+00:00\" \/>\n<meta property=\"article:modified_time\" content=\"2022-05-29T22:50:53+00:00\" \/>\n<meta property=\"og:image\" content=\"https:\/\/kapitalis.com\/tunisie\/wp-content\/uploads\/2022\/05\/Rue-Claudia-Cardinale.jpg\" \/>\n\t<meta property=\"og:image:width\" content=\"1200\" \/>\n\t<meta property=\"og:image:height\" content=\"630\" \/>\n\t<meta property=\"og:image:type\" content=\"image\/jpeg\" \/>\n<meta name=\"author\" content=\"Fawz BenAli\" \/>\n<meta name=\"twitter:card\" content=\"summary_large_image\" \/>\n<meta name=\"twitter:creator\" content=\"@KapitalisInfo\" \/>\n<meta name=\"twitter:site\" content=\"@KapitalisInfo\" \/>\n<meta name=\"twitter:label1\" content=\"\u00c9crit par\" \/>\n\t<meta name=\"twitter:data1\" content=\"Fawz BenAli\" \/>\n\t<meta name=\"twitter:label2\" content=\"Dur\u00e9e de lecture estim\u00e9e\" \/>\n\t<meta name=\"twitter:data2\" content=\"2 minutes\" \/>\n<script type=\"application\/ld+json\" class=\"yoast-schema-graph\">{\"@context\":\"https:\/\/schema.org\",\"@graph\":[{\"@type\":\"Article\",\"@id\":\"https:\/\/kapitalis.com\/tunisie\/2022\/05\/29\/tunisie-inauguration-de-la-rue-claudia-cardinale-a-la-goulette-photos\/#article\",\"isPartOf\":{\"@id\":\"https:\/\/kapitalis.com\/tunisie\/2022\/05\/29\/tunisie-inauguration-de-la-rue-claudia-cardinale-a-la-goulette-photos\/\"},\"author\":{\"name\":\"Fawz BenAli\",\"@id\":\"https:\/\/kapitalis.com\/tunisie\/#\/schema\/person\/73a5ecc1f6ae540c6ed91342eadca948\"},\"headline\":\"Tunisie : Inauguration de la rue Claudia Cardinale \u00e0 la Goulette (Photos)\",\"datePublished\":\"2022-05-29T22:50:52+00:00\",\"dateModified\":\"2022-05-29T22:50:53+00:00\",\"mainEntityOfPage\":{\"@id\":\"https:\/\/kapitalis.com\/tunisie\/2022\/05\/29\/tunisie-inauguration-de-la-rue-claudia-cardinale-a-la-goulette-photos\/\"},\"wordCount\":195,\"commentCount\":1,\"publisher\":{\"@id\":\"https:\/\/kapitalis.com\/tunisie\/#organization\"},\"image\":{\"@id\":\"https:\/\/kapitalis.com\/tunisie\/2022\/05\/29\/tunisie-inauguration-de-la-rue-claudia-cardinale-a-la-goulette-photos\/#primaryimage\"},\"thumbnailUrl\":\"https:\/\/kapitalis.com\/tunisie\/wp-content\/uploads\/2022\/05\/Rue-Claudia-Cardinale.jpg\",\"keywords\":[\"Claudia Cardinale\",\"La Goulette\",\"rue Claudia Cardinale\",\"Tunisie\"],\"articleSection\":[\"CULTURE\",\"Tunisie\"],\"inLanguage\":\"fr-FR\",\"potentialAction\":[{\"@type\":\"CommentAction\",\"name\":\"Comment\",\"target\":[\"https:\/\/kapitalis.com\/tunisie\/2022\/05\/29\/tunisie-inauguration-de-la-rue-claudia-cardinale-a-la-goulette-photos\/#respond\"]}]},{\"@type\":\"WebPage\",\"@id\":\"https:\/\/kapitalis.com\/tunisie\/2022\/05\/29\/tunisie-inauguration-de-la-rue-claudia-cardinale-a-la-goulette-photos\/\",\"url\":\"https:\/\/kapitalis.com\/tunisie\/2022\/05\/29\/tunisie-inauguration-de-la-rue-claudia-cardinale-a-la-goulette-photos\/\",\"name\":\"Tunisie : Inauguration de la rue Claudia Cardinale \u00e0 la Goulette (Photos) - Kapitalis\",\"isPartOf\":{\"@id\":\"https:\/\/kapitalis.com\/tunisie\/#website\"},\"primaryImageOfPage\":{\"@id\":\"https:\/\/kapitalis.com\/tunisie\/2022\/05\/29\/tunisie-inauguration-de-la-rue-claudia-cardinale-a-la-goulette-photos\/#primaryimage\"},\"image\":{\"@id\":\"https:\/\/kapitalis.com\/tunisie\/2022\/05\/29\/tunisie-inauguration-de-la-rue-claudia-cardinale-a-la-goulette-photos\/#primaryimage\"},\"thumbnailUrl\":\"https:\/\/kapitalis.com\/tunisie\/wp-content\/uploads\/2022\/05\/Rue-Claudia-Cardinale.jpg\",\"datePublished\":\"2022-05-29T22:50:52+00:00\",\"dateModified\":\"2022-05-29T22:50:53+00:00\",\"breadcrumb\":{\"@id\":\"https:\/\/kapitalis.com\/tunisie\/2022\/05\/29\/tunisie-inauguration-de-la-rue-claudia-cardinale-a-la-goulette-photos\/#breadcrumb\"},\"inLanguage\":\"fr-FR\",\"potentialAction\":[{\"@type\":\"ReadAction\",\"target\":[\"https:\/\/kapitalis.com\/tunisie\/2022\/05\/29\/tunisie-inauguration-de-la-rue-claudia-cardinale-a-la-goulette-photos\/\"]}]},{\"@type\":\"ImageObject\",\"inLanguage\":\"fr-FR\",\"@id\":\"https:\/\/kapitalis.com\/tunisie\/2022\/05\/29\/tunisie-inauguration-de-la-rue-claudia-cardinale-a-la-goulette-photos\/#primaryimage\",\"url\":\"https:\/\/kapitalis.com\/tunisie\/wp-content\/uploads\/2022\/05\/Rue-Claudia-Cardinale.jpg\",\"contentUrl\":\"https:\/\/kapitalis.com\/tunisie\/wp-content\/uploads\/2022\/05\/Rue-Claudia-Cardinale.jpg\",\"width\":1200,\"height\":630},{\"@type\":\"BreadcrumbList\",\"@id\":\"https:\/\/kapitalis.com\/tunisie\/2022\/05\/29\/tunisie-inauguration-de-la-rue-claudia-cardinale-a-la-goulette-photos\/#breadcrumb\",\"itemListElement\":[{\"@type\":\"ListItem\",\"position\":1,\"name\":\"Accueil\",\"item\":\"https:\/\/kapitalis.com\/tunisie\/\"},{\"@type\":\"ListItem\",\"position\":2,\"name\":\"Tunisie : Inauguration de la rue Claudia Cardinale \u00e0 la Goulette (Photos)\"}]},{\"@type\":\"WebSite\",\"@id\":\"https:\/\/kapitalis.com\/tunisie\/#website\",\"url\":\"https:\/\/kapitalis.com\/tunisie\/\",\"name\":\"Kapitalis\",\"description\":\"L&#039;actualit\u00e9 en Tunisie et dans le monde\",\"publisher\":{\"@id\":\"https:\/\/kapitalis.com\/tunisie\/#organization\"},\"potentialAction\":[{\"@type\":\"SearchAction\",\"target\":{\"@type\":\"EntryPoint\",\"urlTemplate\":\"https:\/\/kapitalis.com\/tunisie\/?s={search_term_string}\"},\"query-input\":{\"@type\":\"PropertyValueSpecification\",\"valueRequired\":true,\"valueName\":\"search_term_string\"}}],\"inLanguage\":\"fr-FR\"},{\"@type\":\"Organization\",\"@id\":\"https:\/\/kapitalis.com\/tunisie\/#organization\",\"name\":\"Kapitalis\",\"url\":\"https:\/\/kapitalis.com\/tunisie\/\",\"logo\":{\"@type\":\"ImageObject\",\"inLanguage\":\"fr-FR\",\"@id\":\"https:\/\/kapitalis.com\/tunisie\/#\/schema\/logo\/image\/\",\"url\":\"https:\/\/kapitalis.com\/tunisie\/wp-content\/uploads\/2022\/05\/Kapitalis-big-size.png\",\"contentUrl\":\"https:\/\/kapitalis.com\/tunisie\/wp-content\/uploads\/2022\/05\/Kapitalis-big-size.png\",\"width\":5000,\"height\":1500,\"caption\":\"Kapitalis\"},\"image\":{\"@id\":\"https:\/\/kapitalis.com\/tunisie\/#\/schema\/logo\/image\/\"},\"sameAs\":[\"https:\/\/www.facebook.com\/KapitalisInfo\/\",\"https:\/\/x.com\/KapitalisInfo\",\"https:\/\/www.youtube.com\/channel\/UC-yDYrHyfFBWWZaOw3FPg9Q\"]},{\"@type\":\"Person\",\"@id\":\"https:\/\/kapitalis.com\/tunisie\/#\/schema\/person\/73a5ecc1f6ae540c6ed91342eadca948\",\"name\":\"Fawz BenAli\",\"url\":\"https:\/\/kapitalis.com\/tunisie\/author\/fawz\/\"}]}<\/script>\n<!-- \/ Yoast SEO plugin. -->","yoast_head_json":{"title":"Tunisie : Inauguration de la rue Claudia Cardinale \u00e0 la Goulette (Photos) - Kapitalis","robots":{"index":"index","follow":"follow","max-snippet":"max-snippet:-1","max-image-preview":"max-image-preview:large","max-video-preview":"max-video-preview:-1"},"canonical":"https:\/\/kapitalis.com\/tunisie\/2022\/05\/29\/tunisie-inauguration-de-la-rue-claudia-cardinale-a-la-goulette-photos\/","og_locale":"fr_FR","og_type":"article","og_title":"Tunisie : Inauguration de la rue Claudia Cardinale \u00e0 la Goulette (Photos) - Kapitalis","og_description":"La rue Claudia Cardinale \u00e0 la Goulette a \u00e9t\u00e9 inaugur\u00e9e ce matin en pr\u00e9sence de la star tuniso-italienne.","og_url":"https:\/\/kapitalis.com\/tunisie\/2022\/05\/29\/tunisie-inauguration-de-la-rue-claudia-cardinale-a-la-goulette-photos\/","og_site_name":"Kapitalis","article_publisher":"https:\/\/www.facebook.com\/KapitalisInfo\/","article_published_time":"2022-05-29T22:50:52+00:00","article_modified_time":"2022-05-29T22:50:53+00:00","og_image":[{"width":1200,"height":630,"url":"https:\/\/kapitalis.com\/tunisie\/wp-content\/uploads\/2022\/05\/Rue-Claudia-Cardinale.jpg","type":"image\/jpeg"}],"author":"Fawz BenAli","twitter_card":"summary_large_image","twitter_creator":"@KapitalisInfo","twitter_site":"@KapitalisInfo","twitter_misc":{"\u00c9crit par":"Fawz BenAli","Dur\u00e9e de lecture estim\u00e9e":"2 minutes"},"schema":{"@context":"https:\/\/schema.org","@graph":[{"@type":"Article","@id":"https:\/\/kapitalis.com\/tunisie\/2022\/05\/29\/tunisie-inauguration-de-la-rue-claudia-cardinale-a-la-goulette-photos\/#article","isPartOf":{"@id":"https:\/\/kapitalis.com\/tunisie\/2022\/05\/29\/tunisie-inauguration-de-la-rue-claudia-cardinale-a-la-goulette-photos\/"},"author":{"name":"Fawz BenAli","@id":"https:\/\/kapitalis.com\/tunisie\/#\/schema\/person\/73a5ecc1f6ae540c6ed91342eadca948"},"headline":"Tunisie : Inauguration de la rue Claudia Cardinale \u00e0 la Goulette (Photos)","datePublished":"2022-05-29T22:50:52+00:00","dateModified":"2022-05-29T22:50:53+00:00","mainEntityOfPage":{"@id":"https:\/\/kapitalis.com\/tunisie\/2022\/05\/29\/tunisie-inauguration-de-la-rue-claudia-cardinale-a-la-goulette-photos\/"},"wordCount":195,"commentCount":1,"publisher":{"@id":"https:\/\/kapitalis.com\/tunisie\/#organization"},"image":{"@id":"https:\/\/kapitalis.com\/tunisie\/2022\/05\/29\/tunisie-inauguration-de-la-rue-claudia-cardinale-a-la-goulette-photos\/#primaryimage"},"thumbnailUrl":"https:\/\/kapitalis.com\/tunisie\/wp-content\/uploads\/2022\/05\/Rue-Claudia-Cardinale.jpg","keywords":["Claudia Cardinale","La Goulette","rue Claudia Cardinale","Tunisie"],"articleSection":["CULTURE","Tunisie"],"inLanguage":"fr-FR","potentialAction":[{"@type":"CommentAction","name":"Comment","target":["https:\/\/kapitalis.com\/tunisie\/2022\/05\/29\/tunisie-inauguration-de-la-rue-claudia-cardinale-a-la-goulette-photos\/#respond"]}]},{"@type":"WebPage","@id":"https:\/\/kapitalis.com\/tunisie\/2022\/05\/29\/tunisie-inauguration-de-la-rue-claudia-cardinale-a-la-goulette-photos\/","url":"https:\/\/kapitalis.com\/tunisie\/2022\/05\/29\/tunisie-inauguration-de-la-rue-claudia-cardinale-a-la-goulette-photos\/","name":"Tunisie : Inauguration de la rue Claudia Cardinale \u00e0 la Goulette (Photos) - Kapitalis","isPartOf":{"@id":"https:\/\/kapitalis.com\/tunisie\/#website"},"primaryImageOfPage":{"@id":"https:\/\/kapitalis.com\/tunisie\/2022\/05\/29\/tunisie-inauguration-de-la-rue-claudia-cardinale-a-la-goulette-photos\/#primaryimage"},"image":{"@id":"https:\/\/kapitalis.com\/tunisie\/2022\/05\/29\/tunisie-inauguration-de-la-rue-claudia-cardinale-a-la-goulette-photos\/#primaryimage"},"thumbnailUrl":"https:\/\/kapitalis.com\/tunisie\/wp-content\/uploads\/2022\/05\/Rue-Claudia-Cardinale.jpg","datePublished":"2022-05-29T22:50:52+00:00","dateModified":"2022-05-29T22:50:53+00:00","breadcrumb":{"@id":"https:\/\/kapitalis.com\/tunisie\/2022\/05\/29\/tunisie-inauguration-de-la-rue-claudia-cardinale-a-la-goulette-photos\/#breadcrumb"},"inLanguage":"fr-FR","potentialAction":[{"@type":"ReadAction","target":["https:\/\/kapitalis.com\/tunisie\/2022\/05\/29\/tunisie-inauguration-de-la-rue-claudia-cardinale-a-la-goulette-photos\/"]}]},{"@type":"ImageObject","inLanguage":"fr-FR","@id":"https:\/\/kapitalis.com\/tunisie\/2022\/05\/29\/tunisie-inauguration-de-la-rue-claudia-cardinale-a-la-goulette-photos\/#primaryimage","url":"https:\/\/kapitalis.com\/tunisie\/wp-content\/uploads\/2022\/05\/Rue-Claudia-Cardinale.jpg","contentUrl":"https:\/\/kapitalis.com\/tunisie\/wp-content\/uploads\/2022\/05\/Rue-Claudia-Cardinale.jpg","width":1200,"height":630},{"@type":"BreadcrumbList","@id":"https:\/\/kapitalis.com\/tunisie\/2022\/05\/29\/tunisie-inauguration-de-la-rue-claudia-cardinale-a-la-goulette-photos\/#breadcrumb","itemListElement":[{"@type":"ListItem","position":1,"name":"Accueil","item":"https:\/\/kapitalis.com\/tunisie\/"},{"@type":"ListItem","position":2,"name":"Tunisie : Inauguration de la rue Claudia Cardinale \u00e0 la Goulette (Photos)"}]},{"@type":"WebSite","@id":"https:\/\/kapitalis.com\/tunisie\/#website","url":"https:\/\/kapitalis.com\/tunisie\/","name":"Kapitalis","description":"L&#039;actualit\u00e9 en Tunisie et dans le monde","publisher":{"@id":"https:\/\/kapitalis.com\/tunisie\/#organization"},"potentialAction":[{"@type":"SearchAction","target":{"@type":"EntryPoint","urlTemplate":"https:\/\/kapitalis.com\/tunisie\/?s={search_term_string}"},"query-input":{"@type":"PropertyValueSpecification","valueRequired":true,"valueName":"search_term_string"}}],"inLanguage":"fr-FR"},{"@type":"Organization","@id":"https:\/\/kapitalis.com\/tunisie\/#organization","name":"Kapitalis","url":"https:\/\/kapitalis.com\/tunisie\/","logo":{"@type":"ImageObject","inLanguage":"fr-FR","@id":"https:\/\/kapitalis.com\/tunisie\/#\/schema\/logo\/image\/","url":"https:\/\/kapitalis.com\/tunisie\/wp-content\/uploads\/2022\/05\/Kapitalis-big-size.png","contentUrl":"https:\/\/kapitalis.com\/tunisie\/wp-content\/uploads\/2022\/05\/Kapitalis-big-size.png","width":5000,"height":1500,"caption":"Kapitalis"},"image":{"@id":"https:\/\/kapitalis.com\/tunisie\/#\/schema\/logo\/image\/"},"sameAs":["https:\/\/www.facebook.com\/KapitalisInfo\/","https:\/\/x.com\/KapitalisInfo","https:\/\/www.youtube.com\/channel\/UC-yDYrHyfFBWWZaOw3FPg9Q"]},{"@type":"Person","@id":"https:\/\/kapitalis.com\/tunisie\/#\/schema\/person\/73a5ecc1f6ae540c6ed91342eadca948","name":"Fawz BenAli","url":"https:\/\/kapitalis.com\/tunisie\/author\/fawz\/"}]}},"_links":{"self":[{"href":"https:\/\/kapitalis.com\/tunisie\/wp-json\/wp\/v2\/posts\/1072241","targetHints":{"allow":["GET"]}}],"collection":[{"href":"https:\/\/kapitalis.com\/tunisie\/wp-json\/wp\/v2\/posts"}],"about":[{"href":"https:\/\/kapitalis.com\/tunisie\/wp-json\/wp\/v2\/types\/post"}],"author":[{"embeddable":true,"href":"https:\/\/kapitalis.com\/tunisie\/wp-json\/wp\/v2\/users\/26"}],"replies":[{"embeddable":true,"href":"https:\/\/kapitalis.com\/tunisie\/wp-json\/wp\/v2\/comments?post=1072241"}],"version-history":[{"count":0,"href":"https:\/\/kapitalis.com\/tunisie\/wp-json\/wp\/v2\/posts\/1072241\/revisions"}],"wp:featuredmedia":[{"embeddable":true,"href":"https:\/\/kapitalis.com\/tunisie\/wp-json\/wp\/v2\/media\/1073121"}],"wp:attachment":[{"href":"https:\/\/kapitalis.com\/tunisie\/wp-json\/wp\/v2\/media?parent=1072241"}],"wp:term":[{"taxonomy":"category","embeddable":true,"href":"https:\/\/kapitalis.com\/tunisie\/wp-json\/wp\/v2\/categories?post=1072241"},{"taxonomy":"post_tag","embeddable":true,"href":"https:\/\/kapitalis.com\/tunisie\/wp-json\/wp\/v2\/tags?post=1072241"}],"curies":[{"name":"wp","href":"https:\/\/api.w.org\/{rel}","templated":true}]}}