{"id":10729341,"date":"2023-12-03T07:30:00","date_gmt":"2023-12-03T06:30:00","guid":{"rendered":"https:\/\/kapitalis.com\/tunisie\/?p=10729341"},"modified":"2023-12-03T10:33:52","modified_gmt":"2023-12-03T09:33:52","slug":"le-poeme-du-dimanche-deux-inedits-dandre-velter","status":"publish","type":"post","link":"https:\/\/kapitalis.com\/tunisie\/2023\/12\/03\/le-poeme-du-dimanche-deux-inedits-dandre-velter\/","title":{"rendered":"Le po\u00e8me du dimanche\u00a0: deux in\u00e9dits d\u2019Andr\u00e9 Velter"},"content":{"rendered":"\n<p><strong><em>Po\u00e8te, essayiste, homme de radio, Andr\u00e9 Velter est en 1945 \u00e0 Signy-l\u2019Abbaye, dans les Ardennes fran\u00e7aises. Il a choisi de vivre en voyageur, notamment en Afghanistan, au Tibet, au N\u00e9pal, en Inde.<\/em><\/strong> <em>(Photo: \u00a0Sophie Neuleau).<\/em><\/p>\n\n\n\n<!--more-->\n\n\n\n<p>Il publie principalement chez Gallimard (livres r\u00e9cents&nbsp;: <em>Jusqu\u2019au bout de la route, S\u00e9duire l\u2019univers, Trafiquer dans l\u2019infini<\/em>) et chez Actes Sud avec Ernest Pignon-Ernest (<em>Ceux de la po\u00e9sie v\u00e9cue, Annoncer la couleur, Au feu du d\u00e9sir m\u00eame<\/em>). Il a cr\u00e9\u00e9 et anim\u00e9 l\u2019\u00e9mission <em>Po\u00e9sie sur Parole<\/em> (France Culture 1987-2008), dirig\u00e9 la revue<em> Caravanes<\/em> (\u00e9ditions Ph\u00e9bus 1989-2003) et la collection Po\u00e9sie\/Gallimard(1998-2017).<\/p>\n\n\n\n<p>Heureux de donner \u00e0 lire aux lecteurs de la rubrique <em>\u2018\u2018Le po\u00e8me du dimanche\u2019\u2019 <\/em>l\u2019une des voix puissantes et marquantes de la po\u00e9sie de langue fran\u00e7aise contemporaine.<\/p>\n\n\n\n<p class=\"has-text-align-right\"><strong>Tahar Bekri<\/strong><\/p>\n\n\n\n<h2 class=\"wp-block-heading has-text-align-center\">Devant lui<\/h2>\n\n\n\n<p>L\u2019homme au grand chapeau, le vagabond de Zoran Music, revient quand l\u2019heure est pass\u00e9e \u2013 et ponctuel pourtant.<\/p>\n\n\n\n<p>Sur les chemins de nulle part, trac\u00e9s une fois pour toutes de Venise \u00e0 Trieste et d\u2019Udine \u00e0 Dachau, il suit d\u2019impossibles caravanes, tandis que les chiens aboient \u00e0 leur ordinaire.<\/p>\n\n\n\n<p>C\u2019est qu\u2019il n\u2019est d\u2019aucun monde, surtout pas de celui des hommes \u00e0 t\u00eate de fonctionnaire, d\u2019id\u00e9ologue ou de bourreau qui r\u00e9gentent l\u2019agencement tribal et les charniers.<\/p>\n\n\n\n<p>Seul le peu de poussi\u00e8re qui se l\u00e8ve devant lui rythme son exil, son irr\u00e9m\u00e9diable d\u00e9part, et les bienfaits du vent \u2013 dans le sillage \u00e0 demi effac\u00e9 des petits chevaux dalmates de son enfance.<\/p>\n\n\n\n<h2 class=\"wp-block-heading has-text-align-center\">Les m\u00eames cartes<\/h2>\n\n\n\n<p><em>Les po\u00e8tes grecs se demandent souvent,<br>entre mythologie r\u00e9activ\u00e9e<br>et s\u00e9diments de massacres,<br>ce qu\u2019il en est du po\u00e8me,<br>et s\u2019il est possible de rep\u00e9rer un po\u00e8me r\u00e9ussi<br>tandis que l\u2019on rebat ind\u00e9finiment les m\u00eames cartes<br>en attendant le joker qui ne viendra pas.<\/em><\/p>\n\n\n\n<p><em>Le jeu des mots n\u2019est pas un simple jeu de mots.<br>Il y a des atouts d\u00e9faillants,<br>des Dames de pique sans c\u0153ur,<br>des Valets hors d\u2019usage,<br>des couleurs qui s\u2019\u00e9vadent,<br>des impasses symphoniques,<br>et un complice toujours, qui fait le mort.<\/em><\/p>\n\n\n\n<p><em>La partie ne se gagne ni ne se perd.<br>Il y a des noms d\u2019oiseaux malades,<br>des chutes de sens et de sons,<br>des bibelots inutiles,<br>des fleurs de rh\u00e9toriques fan\u00e9es,<br>des silences traduits de travers,<br>et un tra\u00eetre toujours, qui fait le mort.<\/em><\/p>\n\n\n\n<p><em>Les po\u00e8tes grecs savent de quoi ils parlent.<br>Ils viennent de si loin<br>qu\u2019ils ne rencontrent que des contemporains<br>sous les murs de Myc\u00e8nes comme au fin fond du labyrinthe,<br>et qu\u2019il leur faut choisir entre Achille ou Ulysse<br>en pariant chaque matin, po\u00e8me apr\u00e8s po\u00e8me,<br>puisqu\u2019il n\u2019est pas possible de s\u2019en sortir indemne.<\/em><\/p>\n\n\n\n<p class=\"has-text-align-right\"><strong><em>(Remerciements \u00e0 l\u2019auteur)<\/em><\/strong><\/p>\n","protected":false},"excerpt":{"rendered":"<p>Po\u00e8te, essayiste, homme de radio, Andr\u00e9 Velter est l\u2019une des voix puissantes et marquantes de la po\u00e9sie de langue fran\u00e7aise contemporaine.<\/p>\n","protected":false},"author":8,"featured_media":10729402,"comment_status":"open","ping_status":"open","sticky":false,"template":"","format":"standard","meta":{"footnotes":""},"categories":[992,994],"tags":[112557,98275,112558,112647],"class_list":["post-10729341","post","type-post","status-publish","format-standard","has-post-thumbnail","hentry","category-a-la-une","category-culture","tag-andre-velter","tag-poete-francais","tag-signy-labbaye","tag-sophie-neuleau"],"yoast_head":"<!-- This site is optimized with the Yoast SEO plugin v26.6 - https:\/\/yoast.com\/wordpress\/plugins\/seo\/ -->\n<title>Le po\u00e8me du dimanche\u00a0: deux in\u00e9dits d\u2019Andr\u00e9 Velter - Kapitalis<\/title>\n<meta name=\"robots\" content=\"index, follow, max-snippet:-1, max-image-preview:large, max-video-preview:-1\" \/>\n<link rel=\"canonical\" href=\"https:\/\/kapitalis.com\/tunisie\/2023\/12\/03\/le-poeme-du-dimanche-deux-inedits-dandre-velter\/\" \/>\n<meta property=\"og:locale\" content=\"fr_FR\" \/>\n<meta property=\"og:type\" content=\"article\" \/>\n<meta property=\"og:title\" content=\"Le po\u00e8me du dimanche\u00a0: deux in\u00e9dits d\u2019Andr\u00e9 Velter - Kapitalis\" \/>\n<meta property=\"og:description\" content=\"Po\u00e8te, essayiste, homme de radio, Andr\u00e9 Velter est l\u2019une des voix puissantes et marquantes de la po\u00e9sie de langue fran\u00e7aise contemporaine.\" \/>\n<meta property=\"og:url\" content=\"https:\/\/kapitalis.com\/tunisie\/2023\/12\/03\/le-poeme-du-dimanche-deux-inedits-dandre-velter\/\" \/>\n<meta property=\"og:site_name\" content=\"Kapitalis\" \/>\n<meta property=\"article:publisher\" content=\"https:\/\/www.facebook.com\/KapitalisInfo\/\" \/>\n<meta property=\"article:published_time\" content=\"2023-12-03T06:30:00+00:00\" \/>\n<meta property=\"article:modified_time\" content=\"2023-12-03T09:33:52+00:00\" \/>\n<meta property=\"og:image\" content=\"https:\/\/kapitalis.com\/tunisie\/wp-content\/uploads\/2023\/11\/Andre-Velter-.jpg\" \/>\n\t<meta property=\"og:image:width\" content=\"1200\" \/>\n\t<meta property=\"og:image:height\" content=\"630\" \/>\n\t<meta property=\"og:image:type\" content=\"image\/jpeg\" \/>\n<meta name=\"author\" content=\"webmaster kapitalis\" \/>\n<meta name=\"twitter:card\" content=\"summary_large_image\" \/>\n<meta name=\"twitter:creator\" content=\"@KapitalisInfo\" \/>\n<meta name=\"twitter:site\" content=\"@KapitalisInfo\" \/>\n<meta name=\"twitter:label1\" content=\"\u00c9crit par\" \/>\n\t<meta name=\"twitter:data1\" content=\"webmaster kapitalis\" \/>\n\t<meta name=\"twitter:label2\" content=\"Dur\u00e9e de lecture estim\u00e9e\" \/>\n\t<meta name=\"twitter:data2\" content=\"3 minutes\" \/>\n<script type=\"application\/ld+json\" class=\"yoast-schema-graph\">{\"@context\":\"https:\/\/schema.org\",\"@graph\":[{\"@type\":\"Article\",\"@id\":\"https:\/\/kapitalis.com\/tunisie\/2023\/12\/03\/le-poeme-du-dimanche-deux-inedits-dandre-velter\/#article\",\"isPartOf\":{\"@id\":\"https:\/\/kapitalis.com\/tunisie\/2023\/12\/03\/le-poeme-du-dimanche-deux-inedits-dandre-velter\/\"},\"author\":{\"name\":\"webmaster kapitalis\",\"@id\":\"https:\/\/kapitalis.com\/tunisie\/#\/schema\/person\/d71f33a9ca44f7bad4698210b480c8e9\"},\"headline\":\"Le po\u00e8me du dimanche\u00a0: deux in\u00e9dits d\u2019Andr\u00e9 Velter\",\"datePublished\":\"2023-12-03T06:30:00+00:00\",\"dateModified\":\"2023-12-03T09:33:52+00:00\",\"mainEntityOfPage\":{\"@id\":\"https:\/\/kapitalis.com\/tunisie\/2023\/12\/03\/le-poeme-du-dimanche-deux-inedits-dandre-velter\/\"},\"wordCount\":498,\"commentCount\":0,\"publisher\":{\"@id\":\"https:\/\/kapitalis.com\/tunisie\/#organization\"},\"image\":{\"@id\":\"https:\/\/kapitalis.com\/tunisie\/2023\/12\/03\/le-poeme-du-dimanche-deux-inedits-dandre-velter\/#primaryimage\"},\"thumbnailUrl\":\"https:\/\/kapitalis.com\/tunisie\/wp-content\/uploads\/2023\/11\/Andre-Velter-.jpg\",\"keywords\":[\"Andr\u00e9 Velter\",\"po\u00e8te fran\u00e7ais\",\"Signy-l\u2019Abbaye\",\"Sophie Neuleau\"],\"articleSection\":[\"A LA UNE\",\"CULTURE\"],\"inLanguage\":\"fr-FR\",\"potentialAction\":[{\"@type\":\"CommentAction\",\"name\":\"Comment\",\"target\":[\"https:\/\/kapitalis.com\/tunisie\/2023\/12\/03\/le-poeme-du-dimanche-deux-inedits-dandre-velter\/#respond\"]}]},{\"@type\":\"WebPage\",\"@id\":\"https:\/\/kapitalis.com\/tunisie\/2023\/12\/03\/le-poeme-du-dimanche-deux-inedits-dandre-velter\/\",\"url\":\"https:\/\/kapitalis.com\/tunisie\/2023\/12\/03\/le-poeme-du-dimanche-deux-inedits-dandre-velter\/\",\"name\":\"Le po\u00e8me du dimanche\u00a0: deux in\u00e9dits d\u2019Andr\u00e9 Velter - Kapitalis\",\"isPartOf\":{\"@id\":\"https:\/\/kapitalis.com\/tunisie\/#website\"},\"primaryImageOfPage\":{\"@id\":\"https:\/\/kapitalis.com\/tunisie\/2023\/12\/03\/le-poeme-du-dimanche-deux-inedits-dandre-velter\/#primaryimage\"},\"image\":{\"@id\":\"https:\/\/kapitalis.com\/tunisie\/2023\/12\/03\/le-poeme-du-dimanche-deux-inedits-dandre-velter\/#primaryimage\"},\"thumbnailUrl\":\"https:\/\/kapitalis.com\/tunisie\/wp-content\/uploads\/2023\/11\/Andre-Velter-.jpg\",\"datePublished\":\"2023-12-03T06:30:00+00:00\",\"dateModified\":\"2023-12-03T09:33:52+00:00\",\"breadcrumb\":{\"@id\":\"https:\/\/kapitalis.com\/tunisie\/2023\/12\/03\/le-poeme-du-dimanche-deux-inedits-dandre-velter\/#breadcrumb\"},\"inLanguage\":\"fr-FR\",\"potentialAction\":[{\"@type\":\"ReadAction\",\"target\":[\"https:\/\/kapitalis.com\/tunisie\/2023\/12\/03\/le-poeme-du-dimanche-deux-inedits-dandre-velter\/\"]}]},{\"@type\":\"ImageObject\",\"inLanguage\":\"fr-FR\",\"@id\":\"https:\/\/kapitalis.com\/tunisie\/2023\/12\/03\/le-poeme-du-dimanche-deux-inedits-dandre-velter\/#primaryimage\",\"url\":\"https:\/\/kapitalis.com\/tunisie\/wp-content\/uploads\/2023\/11\/Andre-Velter-.jpg\",\"contentUrl\":\"https:\/\/kapitalis.com\/tunisie\/wp-content\/uploads\/2023\/11\/Andre-Velter-.jpg\",\"width\":1200,\"height\":630},{\"@type\":\"BreadcrumbList\",\"@id\":\"https:\/\/kapitalis.com\/tunisie\/2023\/12\/03\/le-poeme-du-dimanche-deux-inedits-dandre-velter\/#breadcrumb\",\"itemListElement\":[{\"@type\":\"ListItem\",\"position\":1,\"name\":\"Accueil\",\"item\":\"https:\/\/kapitalis.com\/tunisie\/\"},{\"@type\":\"ListItem\",\"position\":2,\"name\":\"Le po\u00e8me du dimanche\u00a0: deux in\u00e9dits d\u2019Andr\u00e9 Velter\"}]},{\"@type\":\"WebSite\",\"@id\":\"https:\/\/kapitalis.com\/tunisie\/#website\",\"url\":\"https:\/\/kapitalis.com\/tunisie\/\",\"name\":\"Kapitalis\",\"description\":\"L&#039;actualit\u00e9 en Tunisie et dans le monde\",\"publisher\":{\"@id\":\"https:\/\/kapitalis.com\/tunisie\/#organization\"},\"potentialAction\":[{\"@type\":\"SearchAction\",\"target\":{\"@type\":\"EntryPoint\",\"urlTemplate\":\"https:\/\/kapitalis.com\/tunisie\/?s={search_term_string}\"},\"query-input\":{\"@type\":\"PropertyValueSpecification\",\"valueRequired\":true,\"valueName\":\"search_term_string\"}}],\"inLanguage\":\"fr-FR\"},{\"@type\":\"Organization\",\"@id\":\"https:\/\/kapitalis.com\/tunisie\/#organization\",\"name\":\"Kapitalis\",\"url\":\"https:\/\/kapitalis.com\/tunisie\/\",\"logo\":{\"@type\":\"ImageObject\",\"inLanguage\":\"fr-FR\",\"@id\":\"https:\/\/kapitalis.com\/tunisie\/#\/schema\/logo\/image\/\",\"url\":\"https:\/\/kapitalis.com\/tunisie\/wp-content\/uploads\/2022\/05\/Kapitalis-big-size.png\",\"contentUrl\":\"https:\/\/kapitalis.com\/tunisie\/wp-content\/uploads\/2022\/05\/Kapitalis-big-size.png\",\"width\":5000,\"height\":1500,\"caption\":\"Kapitalis\"},\"image\":{\"@id\":\"https:\/\/kapitalis.com\/tunisie\/#\/schema\/logo\/image\/\"},\"sameAs\":[\"https:\/\/www.facebook.com\/KapitalisInfo\/\",\"https:\/\/x.com\/KapitalisInfo\",\"https:\/\/www.youtube.com\/channel\/UC-yDYrHyfFBWWZaOw3FPg9Q\"]},{\"@type\":\"Person\",\"@id\":\"https:\/\/kapitalis.com\/tunisie\/#\/schema\/person\/d71f33a9ca44f7bad4698210b480c8e9\",\"name\":\"webmaster kapitalis\",\"url\":\"https:\/\/kapitalis.com\/tunisie\/author\/webmaster-kapitalis\/\"}]}<\/script>\n<!-- \/ Yoast SEO plugin. -->","yoast_head_json":{"title":"Le po\u00e8me du dimanche\u00a0: deux in\u00e9dits d\u2019Andr\u00e9 Velter - Kapitalis","robots":{"index":"index","follow":"follow","max-snippet":"max-snippet:-1","max-image-preview":"max-image-preview:large","max-video-preview":"max-video-preview:-1"},"canonical":"https:\/\/kapitalis.com\/tunisie\/2023\/12\/03\/le-poeme-du-dimanche-deux-inedits-dandre-velter\/","og_locale":"fr_FR","og_type":"article","og_title":"Le po\u00e8me du dimanche\u00a0: deux in\u00e9dits d\u2019Andr\u00e9 Velter - Kapitalis","og_description":"Po\u00e8te, essayiste, homme de radio, Andr\u00e9 Velter est l\u2019une des voix puissantes et marquantes de la po\u00e9sie de langue fran\u00e7aise contemporaine.","og_url":"https:\/\/kapitalis.com\/tunisie\/2023\/12\/03\/le-poeme-du-dimanche-deux-inedits-dandre-velter\/","og_site_name":"Kapitalis","article_publisher":"https:\/\/www.facebook.com\/KapitalisInfo\/","article_published_time":"2023-12-03T06:30:00+00:00","article_modified_time":"2023-12-03T09:33:52+00:00","og_image":[{"width":1200,"height":630,"url":"https:\/\/kapitalis.com\/tunisie\/wp-content\/uploads\/2023\/11\/Andre-Velter-.jpg","type":"image\/jpeg"}],"author":"webmaster kapitalis","twitter_card":"summary_large_image","twitter_creator":"@KapitalisInfo","twitter_site":"@KapitalisInfo","twitter_misc":{"\u00c9crit par":"webmaster kapitalis","Dur\u00e9e de lecture estim\u00e9e":"3 minutes"},"schema":{"@context":"https:\/\/schema.org","@graph":[{"@type":"Article","@id":"https:\/\/kapitalis.com\/tunisie\/2023\/12\/03\/le-poeme-du-dimanche-deux-inedits-dandre-velter\/#article","isPartOf":{"@id":"https:\/\/kapitalis.com\/tunisie\/2023\/12\/03\/le-poeme-du-dimanche-deux-inedits-dandre-velter\/"},"author":{"name":"webmaster kapitalis","@id":"https:\/\/kapitalis.com\/tunisie\/#\/schema\/person\/d71f33a9ca44f7bad4698210b480c8e9"},"headline":"Le po\u00e8me du dimanche\u00a0: deux in\u00e9dits d\u2019Andr\u00e9 Velter","datePublished":"2023-12-03T06:30:00+00:00","dateModified":"2023-12-03T09:33:52+00:00","mainEntityOfPage":{"@id":"https:\/\/kapitalis.com\/tunisie\/2023\/12\/03\/le-poeme-du-dimanche-deux-inedits-dandre-velter\/"},"wordCount":498,"commentCount":0,"publisher":{"@id":"https:\/\/kapitalis.com\/tunisie\/#organization"},"image":{"@id":"https:\/\/kapitalis.com\/tunisie\/2023\/12\/03\/le-poeme-du-dimanche-deux-inedits-dandre-velter\/#primaryimage"},"thumbnailUrl":"https:\/\/kapitalis.com\/tunisie\/wp-content\/uploads\/2023\/11\/Andre-Velter-.jpg","keywords":["Andr\u00e9 Velter","po\u00e8te fran\u00e7ais","Signy-l\u2019Abbaye","Sophie Neuleau"],"articleSection":["A LA UNE","CULTURE"],"inLanguage":"fr-FR","potentialAction":[{"@type":"CommentAction","name":"Comment","target":["https:\/\/kapitalis.com\/tunisie\/2023\/12\/03\/le-poeme-du-dimanche-deux-inedits-dandre-velter\/#respond"]}]},{"@type":"WebPage","@id":"https:\/\/kapitalis.com\/tunisie\/2023\/12\/03\/le-poeme-du-dimanche-deux-inedits-dandre-velter\/","url":"https:\/\/kapitalis.com\/tunisie\/2023\/12\/03\/le-poeme-du-dimanche-deux-inedits-dandre-velter\/","name":"Le po\u00e8me du dimanche\u00a0: deux in\u00e9dits d\u2019Andr\u00e9 Velter - Kapitalis","isPartOf":{"@id":"https:\/\/kapitalis.com\/tunisie\/#website"},"primaryImageOfPage":{"@id":"https:\/\/kapitalis.com\/tunisie\/2023\/12\/03\/le-poeme-du-dimanche-deux-inedits-dandre-velter\/#primaryimage"},"image":{"@id":"https:\/\/kapitalis.com\/tunisie\/2023\/12\/03\/le-poeme-du-dimanche-deux-inedits-dandre-velter\/#primaryimage"},"thumbnailUrl":"https:\/\/kapitalis.com\/tunisie\/wp-content\/uploads\/2023\/11\/Andre-Velter-.jpg","datePublished":"2023-12-03T06:30:00+00:00","dateModified":"2023-12-03T09:33:52+00:00","breadcrumb":{"@id":"https:\/\/kapitalis.com\/tunisie\/2023\/12\/03\/le-poeme-du-dimanche-deux-inedits-dandre-velter\/#breadcrumb"},"inLanguage":"fr-FR","potentialAction":[{"@type":"ReadAction","target":["https:\/\/kapitalis.com\/tunisie\/2023\/12\/03\/le-poeme-du-dimanche-deux-inedits-dandre-velter\/"]}]},{"@type":"ImageObject","inLanguage":"fr-FR","@id":"https:\/\/kapitalis.com\/tunisie\/2023\/12\/03\/le-poeme-du-dimanche-deux-inedits-dandre-velter\/#primaryimage","url":"https:\/\/kapitalis.com\/tunisie\/wp-content\/uploads\/2023\/11\/Andre-Velter-.jpg","contentUrl":"https:\/\/kapitalis.com\/tunisie\/wp-content\/uploads\/2023\/11\/Andre-Velter-.jpg","width":1200,"height":630},{"@type":"BreadcrumbList","@id":"https:\/\/kapitalis.com\/tunisie\/2023\/12\/03\/le-poeme-du-dimanche-deux-inedits-dandre-velter\/#breadcrumb","itemListElement":[{"@type":"ListItem","position":1,"name":"Accueil","item":"https:\/\/kapitalis.com\/tunisie\/"},{"@type":"ListItem","position":2,"name":"Le po\u00e8me du dimanche\u00a0: deux in\u00e9dits d\u2019Andr\u00e9 Velter"}]},{"@type":"WebSite","@id":"https:\/\/kapitalis.com\/tunisie\/#website","url":"https:\/\/kapitalis.com\/tunisie\/","name":"Kapitalis","description":"L&#039;actualit\u00e9 en Tunisie et dans le monde","publisher":{"@id":"https:\/\/kapitalis.com\/tunisie\/#organization"},"potentialAction":[{"@type":"SearchAction","target":{"@type":"EntryPoint","urlTemplate":"https:\/\/kapitalis.com\/tunisie\/?s={search_term_string}"},"query-input":{"@type":"PropertyValueSpecification","valueRequired":true,"valueName":"search_term_string"}}],"inLanguage":"fr-FR"},{"@type":"Organization","@id":"https:\/\/kapitalis.com\/tunisie\/#organization","name":"Kapitalis","url":"https:\/\/kapitalis.com\/tunisie\/","logo":{"@type":"ImageObject","inLanguage":"fr-FR","@id":"https:\/\/kapitalis.com\/tunisie\/#\/schema\/logo\/image\/","url":"https:\/\/kapitalis.com\/tunisie\/wp-content\/uploads\/2022\/05\/Kapitalis-big-size.png","contentUrl":"https:\/\/kapitalis.com\/tunisie\/wp-content\/uploads\/2022\/05\/Kapitalis-big-size.png","width":5000,"height":1500,"caption":"Kapitalis"},"image":{"@id":"https:\/\/kapitalis.com\/tunisie\/#\/schema\/logo\/image\/"},"sameAs":["https:\/\/www.facebook.com\/KapitalisInfo\/","https:\/\/x.com\/KapitalisInfo","https:\/\/www.youtube.com\/channel\/UC-yDYrHyfFBWWZaOw3FPg9Q"]},{"@type":"Person","@id":"https:\/\/kapitalis.com\/tunisie\/#\/schema\/person\/d71f33a9ca44f7bad4698210b480c8e9","name":"webmaster kapitalis","url":"https:\/\/kapitalis.com\/tunisie\/author\/webmaster-kapitalis\/"}]}},"_links":{"self":[{"href":"https:\/\/kapitalis.com\/tunisie\/wp-json\/wp\/v2\/posts\/10729341","targetHints":{"allow":["GET"]}}],"collection":[{"href":"https:\/\/kapitalis.com\/tunisie\/wp-json\/wp\/v2\/posts"}],"about":[{"href":"https:\/\/kapitalis.com\/tunisie\/wp-json\/wp\/v2\/types\/post"}],"author":[{"embeddable":true,"href":"https:\/\/kapitalis.com\/tunisie\/wp-json\/wp\/v2\/users\/8"}],"replies":[{"embeddable":true,"href":"https:\/\/kapitalis.com\/tunisie\/wp-json\/wp\/v2\/comments?post=10729341"}],"version-history":[{"count":2,"href":"https:\/\/kapitalis.com\/tunisie\/wp-json\/wp\/v2\/posts\/10729341\/revisions"}],"predecessor-version":[{"id":10787326,"href":"https:\/\/kapitalis.com\/tunisie\/wp-json\/wp\/v2\/posts\/10729341\/revisions\/10787326"}],"wp:featuredmedia":[{"embeddable":true,"href":"https:\/\/kapitalis.com\/tunisie\/wp-json\/wp\/v2\/media\/10729402"}],"wp:attachment":[{"href":"https:\/\/kapitalis.com\/tunisie\/wp-json\/wp\/v2\/media?parent=10729341"}],"wp:term":[{"taxonomy":"category","embeddable":true,"href":"https:\/\/kapitalis.com\/tunisie\/wp-json\/wp\/v2\/categories?post=10729341"},{"taxonomy":"post_tag","embeddable":true,"href":"https:\/\/kapitalis.com\/tunisie\/wp-json\/wp\/v2\/tags?post=10729341"}],"curies":[{"name":"wp","href":"https:\/\/api.w.org\/{rel}","templated":true}]}}