{"id":10741087,"date":"2023-11-30T07:41:49","date_gmt":"2023-11-30T06:41:49","guid":{"rendered":"https:\/\/kapitalis.com\/tunisie\/?p=10741087"},"modified":"2023-11-30T07:43:18","modified_gmt":"2023-11-30T06:43:18","slug":"marche-culturelle-a-manouba-dediee-a-loccasion-de-la-journee-mondiale-des-personnes-handicapees","status":"publish","type":"post","link":"https:\/\/kapitalis.com\/tunisie\/2023\/11\/30\/marche-culturelle-a-manouba-dediee-a-loccasion-de-la-journee-mondiale-des-personnes-handicapees\/","title":{"rendered":"\u00abMarche Culturelle\u00bb \u00e0 Manouba \u00e0 l\u2019occasion de la Journ\u00e9e mondiale des personnes handicap\u00e9es"},"content":{"rendered":"\n<p><strong><em>L\u2019association Abysse Plong\u00e9e organise, vendredi 1<sup>er<\/sup> d\u00e9cembre 2023, \u00e0 Manouba, une journ\u00e9e d\u00e9di\u00e9e au sport et \u00e0 la culture intitul\u00e9e \u00abMarche Culturelle\u00bb \u00e0 l\u2019occasion de la Journ\u00e9e mondiale des personnes handicap\u00e9es.<\/em><\/strong><\/p>\n\n\n\n<!--more-->\n\n\n\n<p>L\u2019\u00e9v\u00e9nement est organis\u00e9 dans le cadre du projet Dive4All avec le soutien de\u00a0l\u2019association Maghroum&rsquo;in &#8211;\u00a0\u0645\u063a\u0631\u0648\u0645\u064a\u0646, et en partenariat avec le Commissariat r\u00e9gional de la jeunesse du sport de Manouba et l\u2019Institut sup\u00e9rieur de l\u2019\u00e9ducation sp\u00e9cialis\u00e9e (ISES) relevant de l\u2019Universit\u00e9 de la Manouba\u00a0sous tutelle du minist\u00e8re de l\u2019Enseignement sup\u00e9rieur et de la Recherche scientifique et du minist\u00e8re des Affaires sociales. Centr\u00e9 sur le bien-\u00eatre des enfants \u00e0 besoins sp\u00e9cifiques, il vise \u00e0 promouvoir les valeurs de citoyennet\u00e9, d\u2019inclusion sociale et \u00e0 sensibiliser la communaut\u00e9 \u00e0 l\u2019importance du soutien aux initiatives visant \u00e0 am\u00e9liorer la qualit\u00e9 de vie des enfants en situation de handicap.<\/p>\n\n\n\n<p>La journ\u00e9e d\u00e9butera par une marche symbolique de 1 km, partant de l\u2019ISES, une occasion pour la communaut\u00e9 de se rassembler en faveur de l\u2019inclusion et du soutien aux enfants \u00e0 besoins sp\u00e9cifiques.<\/p>\n\n\n\n<p>La marche sera suivie d\u2019une visite du Mus\u00e9e national militaire Palais Warda, offrant une exp\u00e9rience culturelle enrichissante pour les participants.<\/p>\n\n\n\n<p>Cette initiative rev\u00eat une importance particuli\u00e8re dans la mesure o\u00f9 elle contribue significativement \u00e0 l&rsquo;am\u00e9lioration de la qualit\u00e9 de vie des enfants en situation de handicap. Le sport et la culture sont des catalyseurs puissants de changement, favorisant le d\u00e9veloppement physique, \u00e9motionnel et social des enfants concern\u00e9s.<\/p>\n\n\n\n<p>En mettant l\u2019accent sur la citoyennet\u00e9 et l\u2019inclusion sociale, Abysse s\u2019engage \u00e0 cr\u00e9er des opportunit\u00e9s permettant \u00e0 ces enfants de participer pleinement \u00e0 la vie de la communaut\u00e9. Cette marche culturelle s\u2019inscrit dans une d\u00e9marche plus large visant \u00e0 sensibiliser le public aux d\u00e9fis auxquels font face ces enfants et \u00e0 encourager la mise en place de politiques et de pratiques favorables \u00e0 leur \u00e9panouissement.<\/p>\n\n\n\n<p>Abysse Plong\u00e9e est une association dont la mission r\u00e9side dans la promotion de l\u2019inclusion sociale \u00e0 travers des initiatives ax\u00e9es sur le sport et la culture. Le projet Dive4All cherche \u00e0 cr\u00e9er un monde dans lequel chaque enfant, ind\u00e9pendamment de ses capacit\u00e9s, a la possibilit\u00e9 de s\u2019\u00e9panouir pleinement.<\/p>\n\n\n\n<p><strong><em>D\u2019apr\u00e8s communiqu\u00e9.<\/em><\/strong><\/p>\n","protected":false},"excerpt":{"rendered":"<p>A Manouba, une journ\u00e9e d\u00e9di\u00e9e aux enfants \u00e0 besoins sp\u00e9cifiques.<\/p>\n","protected":false},"author":8,"featured_media":10741142,"comment_status":"open","ping_status":"open","sticky":false,"template":"","format":"standard","meta":{"footnotes":""},"categories":[998,2433],"tags":[93301,112573,112572,571,96172,112574,78195],"class_list":["post-10741087","post","type-post","status-publish","format-standard","has-post-thumbnail","hentry","category-societe","category-tunisie","tag-abysse-plongee","tag-enfants-a-besoins-specifiques","tag-maghroumin","tag-manouba","tag-musee-national-militaire","tag-palais-warda","tag-personnes-handicapees"],"yoast_head":"<!-- This site is optimized with the Yoast SEO plugin v26.6 - https:\/\/yoast.com\/wordpress\/plugins\/seo\/ -->\n<title>\u00abMarche Culturelle\u00bb \u00e0 Manouba \u00e0 l\u2019occasion de la Journ\u00e9e mondiale des personnes handicap\u00e9es - Kapitalis<\/title>\n<meta name=\"robots\" content=\"index, follow, max-snippet:-1, max-image-preview:large, max-video-preview:-1\" \/>\n<link rel=\"canonical\" href=\"https:\/\/kapitalis.com\/tunisie\/2023\/11\/30\/marche-culturelle-a-manouba-dediee-a-loccasion-de-la-journee-mondiale-des-personnes-handicapees\/\" \/>\n<meta property=\"og:locale\" content=\"fr_FR\" \/>\n<meta property=\"og:type\" content=\"article\" \/>\n<meta property=\"og:title\" content=\"\u00abMarche Culturelle\u00bb \u00e0 Manouba \u00e0 l\u2019occasion de la Journ\u00e9e mondiale des personnes handicap\u00e9es - Kapitalis\" \/>\n<meta property=\"og:description\" content=\"A Manouba, une journ\u00e9e d\u00e9di\u00e9e aux enfants \u00e0 besoins sp\u00e9cifiques.\" \/>\n<meta property=\"og:url\" content=\"https:\/\/kapitalis.com\/tunisie\/2023\/11\/30\/marche-culturelle-a-manouba-dediee-a-loccasion-de-la-journee-mondiale-des-personnes-handicapees\/\" \/>\n<meta property=\"og:site_name\" content=\"Kapitalis\" \/>\n<meta property=\"article:publisher\" content=\"https:\/\/www.facebook.com\/KapitalisInfo\/\" \/>\n<meta property=\"article:published_time\" content=\"2023-11-30T06:41:49+00:00\" \/>\n<meta property=\"article:modified_time\" content=\"2023-11-30T06:43:18+00:00\" \/>\n<meta property=\"og:image\" content=\"https:\/\/kapitalis.com\/tunisie\/wp-content\/uploads\/2023\/11\/Abysse-Plongee.jpg\" \/>\n\t<meta property=\"og:image:width\" content=\"1200\" \/>\n\t<meta property=\"og:image:height\" content=\"630\" \/>\n\t<meta property=\"og:image:type\" content=\"image\/jpeg\" \/>\n<meta name=\"author\" content=\"webmaster kapitalis\" \/>\n<meta name=\"twitter:card\" content=\"summary_large_image\" \/>\n<meta name=\"twitter:creator\" content=\"@KapitalisInfo\" \/>\n<meta name=\"twitter:site\" content=\"@KapitalisInfo\" \/>\n<meta name=\"twitter:label1\" content=\"\u00c9crit par\" \/>\n\t<meta name=\"twitter:data1\" content=\"webmaster kapitalis\" \/>\n\t<meta name=\"twitter:label2\" content=\"Dur\u00e9e de lecture estim\u00e9e\" \/>\n\t<meta name=\"twitter:data2\" content=\"2 minutes\" \/>\n<script type=\"application\/ld+json\" class=\"yoast-schema-graph\">{\"@context\":\"https:\/\/schema.org\",\"@graph\":[{\"@type\":\"Article\",\"@id\":\"https:\/\/kapitalis.com\/tunisie\/2023\/11\/30\/marche-culturelle-a-manouba-dediee-a-loccasion-de-la-journee-mondiale-des-personnes-handicapees\/#article\",\"isPartOf\":{\"@id\":\"https:\/\/kapitalis.com\/tunisie\/2023\/11\/30\/marche-culturelle-a-manouba-dediee-a-loccasion-de-la-journee-mondiale-des-personnes-handicapees\/\"},\"author\":{\"name\":\"webmaster kapitalis\",\"@id\":\"https:\/\/kapitalis.com\/tunisie\/#\/schema\/person\/d71f33a9ca44f7bad4698210b480c8e9\"},\"headline\":\"\u00abMarche Culturelle\u00bb \u00e0 Manouba \u00e0 l\u2019occasion de la Journ\u00e9e mondiale des personnes handicap\u00e9es\",\"datePublished\":\"2023-11-30T06:41:49+00:00\",\"dateModified\":\"2023-11-30T06:43:18+00:00\",\"mainEntityOfPage\":{\"@id\":\"https:\/\/kapitalis.com\/tunisie\/2023\/11\/30\/marche-culturelle-a-manouba-dediee-a-loccasion-de-la-journee-mondiale-des-personnes-handicapees\/\"},\"wordCount\":406,\"commentCount\":0,\"publisher\":{\"@id\":\"https:\/\/kapitalis.com\/tunisie\/#organization\"},\"image\":{\"@id\":\"https:\/\/kapitalis.com\/tunisie\/2023\/11\/30\/marche-culturelle-a-manouba-dediee-a-loccasion-de-la-journee-mondiale-des-personnes-handicapees\/#primaryimage\"},\"thumbnailUrl\":\"https:\/\/kapitalis.com\/tunisie\/wp-content\/uploads\/2023\/11\/Abysse-Plongee.jpg\",\"keywords\":[\"Abysse Plong\u00e9e\",\"enfants \u00e0 besoins sp\u00e9cifiques\",\"Maghroum'in\",\"Manouba\",\"Mus\u00e9e national militaire\",\"Palais Warda\",\"personnes handicap\u00e9es\"],\"articleSection\":[\"SOCIETE\",\"Tunisie\"],\"inLanguage\":\"fr-FR\",\"potentialAction\":[{\"@type\":\"CommentAction\",\"name\":\"Comment\",\"target\":[\"https:\/\/kapitalis.com\/tunisie\/2023\/11\/30\/marche-culturelle-a-manouba-dediee-a-loccasion-de-la-journee-mondiale-des-personnes-handicapees\/#respond\"]}]},{\"@type\":\"WebPage\",\"@id\":\"https:\/\/kapitalis.com\/tunisie\/2023\/11\/30\/marche-culturelle-a-manouba-dediee-a-loccasion-de-la-journee-mondiale-des-personnes-handicapees\/\",\"url\":\"https:\/\/kapitalis.com\/tunisie\/2023\/11\/30\/marche-culturelle-a-manouba-dediee-a-loccasion-de-la-journee-mondiale-des-personnes-handicapees\/\",\"name\":\"\u00abMarche Culturelle\u00bb \u00e0 Manouba \u00e0 l\u2019occasion de la Journ\u00e9e mondiale des personnes handicap\u00e9es - Kapitalis\",\"isPartOf\":{\"@id\":\"https:\/\/kapitalis.com\/tunisie\/#website\"},\"primaryImageOfPage\":{\"@id\":\"https:\/\/kapitalis.com\/tunisie\/2023\/11\/30\/marche-culturelle-a-manouba-dediee-a-loccasion-de-la-journee-mondiale-des-personnes-handicapees\/#primaryimage\"},\"image\":{\"@id\":\"https:\/\/kapitalis.com\/tunisie\/2023\/11\/30\/marche-culturelle-a-manouba-dediee-a-loccasion-de-la-journee-mondiale-des-personnes-handicapees\/#primaryimage\"},\"thumbnailUrl\":\"https:\/\/kapitalis.com\/tunisie\/wp-content\/uploads\/2023\/11\/Abysse-Plongee.jpg\",\"datePublished\":\"2023-11-30T06:41:49+00:00\",\"dateModified\":\"2023-11-30T06:43:18+00:00\",\"breadcrumb\":{\"@id\":\"https:\/\/kapitalis.com\/tunisie\/2023\/11\/30\/marche-culturelle-a-manouba-dediee-a-loccasion-de-la-journee-mondiale-des-personnes-handicapees\/#breadcrumb\"},\"inLanguage\":\"fr-FR\",\"potentialAction\":[{\"@type\":\"ReadAction\",\"target\":[\"https:\/\/kapitalis.com\/tunisie\/2023\/11\/30\/marche-culturelle-a-manouba-dediee-a-loccasion-de-la-journee-mondiale-des-personnes-handicapees\/\"]}]},{\"@type\":\"ImageObject\",\"inLanguage\":\"fr-FR\",\"@id\":\"https:\/\/kapitalis.com\/tunisie\/2023\/11\/30\/marche-culturelle-a-manouba-dediee-a-loccasion-de-la-journee-mondiale-des-personnes-handicapees\/#primaryimage\",\"url\":\"https:\/\/kapitalis.com\/tunisie\/wp-content\/uploads\/2023\/11\/Abysse-Plongee.jpg\",\"contentUrl\":\"https:\/\/kapitalis.com\/tunisie\/wp-content\/uploads\/2023\/11\/Abysse-Plongee.jpg\",\"width\":1200,\"height\":630},{\"@type\":\"BreadcrumbList\",\"@id\":\"https:\/\/kapitalis.com\/tunisie\/2023\/11\/30\/marche-culturelle-a-manouba-dediee-a-loccasion-de-la-journee-mondiale-des-personnes-handicapees\/#breadcrumb\",\"itemListElement\":[{\"@type\":\"ListItem\",\"position\":1,\"name\":\"Accueil\",\"item\":\"https:\/\/kapitalis.com\/tunisie\/\"},{\"@type\":\"ListItem\",\"position\":2,\"name\":\"\u00abMarche Culturelle\u00bb \u00e0 Manouba \u00e0 l\u2019occasion de la Journ\u00e9e mondiale des personnes handicap\u00e9es\"}]},{\"@type\":\"WebSite\",\"@id\":\"https:\/\/kapitalis.com\/tunisie\/#website\",\"url\":\"https:\/\/kapitalis.com\/tunisie\/\",\"name\":\"Kapitalis\",\"description\":\"L&#039;actualit\u00e9 en Tunisie et dans le monde\",\"publisher\":{\"@id\":\"https:\/\/kapitalis.com\/tunisie\/#organization\"},\"potentialAction\":[{\"@type\":\"SearchAction\",\"target\":{\"@type\":\"EntryPoint\",\"urlTemplate\":\"https:\/\/kapitalis.com\/tunisie\/?s={search_term_string}\"},\"query-input\":{\"@type\":\"PropertyValueSpecification\",\"valueRequired\":true,\"valueName\":\"search_term_string\"}}],\"inLanguage\":\"fr-FR\"},{\"@type\":\"Organization\",\"@id\":\"https:\/\/kapitalis.com\/tunisie\/#organization\",\"name\":\"Kapitalis\",\"url\":\"https:\/\/kapitalis.com\/tunisie\/\",\"logo\":{\"@type\":\"ImageObject\",\"inLanguage\":\"fr-FR\",\"@id\":\"https:\/\/kapitalis.com\/tunisie\/#\/schema\/logo\/image\/\",\"url\":\"https:\/\/kapitalis.com\/tunisie\/wp-content\/uploads\/2022\/05\/Kapitalis-big-size.png\",\"contentUrl\":\"https:\/\/kapitalis.com\/tunisie\/wp-content\/uploads\/2022\/05\/Kapitalis-big-size.png\",\"width\":5000,\"height\":1500,\"caption\":\"Kapitalis\"},\"image\":{\"@id\":\"https:\/\/kapitalis.com\/tunisie\/#\/schema\/logo\/image\/\"},\"sameAs\":[\"https:\/\/www.facebook.com\/KapitalisInfo\/\",\"https:\/\/x.com\/KapitalisInfo\",\"https:\/\/www.youtube.com\/channel\/UC-yDYrHyfFBWWZaOw3FPg9Q\"]},{\"@type\":\"Person\",\"@id\":\"https:\/\/kapitalis.com\/tunisie\/#\/schema\/person\/d71f33a9ca44f7bad4698210b480c8e9\",\"name\":\"webmaster kapitalis\",\"url\":\"https:\/\/kapitalis.com\/tunisie\/author\/webmaster-kapitalis\/\"}]}<\/script>\n<!-- \/ Yoast SEO plugin. -->","yoast_head_json":{"title":"\u00abMarche Culturelle\u00bb \u00e0 Manouba \u00e0 l\u2019occasion de la Journ\u00e9e mondiale des personnes handicap\u00e9es - Kapitalis","robots":{"index":"index","follow":"follow","max-snippet":"max-snippet:-1","max-image-preview":"max-image-preview:large","max-video-preview":"max-video-preview:-1"},"canonical":"https:\/\/kapitalis.com\/tunisie\/2023\/11\/30\/marche-culturelle-a-manouba-dediee-a-loccasion-de-la-journee-mondiale-des-personnes-handicapees\/","og_locale":"fr_FR","og_type":"article","og_title":"\u00abMarche Culturelle\u00bb \u00e0 Manouba \u00e0 l\u2019occasion de la Journ\u00e9e mondiale des personnes handicap\u00e9es - Kapitalis","og_description":"A Manouba, une journ\u00e9e d\u00e9di\u00e9e aux enfants \u00e0 besoins sp\u00e9cifiques.","og_url":"https:\/\/kapitalis.com\/tunisie\/2023\/11\/30\/marche-culturelle-a-manouba-dediee-a-loccasion-de-la-journee-mondiale-des-personnes-handicapees\/","og_site_name":"Kapitalis","article_publisher":"https:\/\/www.facebook.com\/KapitalisInfo\/","article_published_time":"2023-11-30T06:41:49+00:00","article_modified_time":"2023-11-30T06:43:18+00:00","og_image":[{"width":1200,"height":630,"url":"https:\/\/kapitalis.com\/tunisie\/wp-content\/uploads\/2023\/11\/Abysse-Plongee.jpg","type":"image\/jpeg"}],"author":"webmaster kapitalis","twitter_card":"summary_large_image","twitter_creator":"@KapitalisInfo","twitter_site":"@KapitalisInfo","twitter_misc":{"\u00c9crit par":"webmaster kapitalis","Dur\u00e9e de lecture estim\u00e9e":"2 minutes"},"schema":{"@context":"https:\/\/schema.org","@graph":[{"@type":"Article","@id":"https:\/\/kapitalis.com\/tunisie\/2023\/11\/30\/marche-culturelle-a-manouba-dediee-a-loccasion-de-la-journee-mondiale-des-personnes-handicapees\/#article","isPartOf":{"@id":"https:\/\/kapitalis.com\/tunisie\/2023\/11\/30\/marche-culturelle-a-manouba-dediee-a-loccasion-de-la-journee-mondiale-des-personnes-handicapees\/"},"author":{"name":"webmaster kapitalis","@id":"https:\/\/kapitalis.com\/tunisie\/#\/schema\/person\/d71f33a9ca44f7bad4698210b480c8e9"},"headline":"\u00abMarche Culturelle\u00bb \u00e0 Manouba \u00e0 l\u2019occasion de la Journ\u00e9e mondiale des personnes handicap\u00e9es","datePublished":"2023-11-30T06:41:49+00:00","dateModified":"2023-11-30T06:43:18+00:00","mainEntityOfPage":{"@id":"https:\/\/kapitalis.com\/tunisie\/2023\/11\/30\/marche-culturelle-a-manouba-dediee-a-loccasion-de-la-journee-mondiale-des-personnes-handicapees\/"},"wordCount":406,"commentCount":0,"publisher":{"@id":"https:\/\/kapitalis.com\/tunisie\/#organization"},"image":{"@id":"https:\/\/kapitalis.com\/tunisie\/2023\/11\/30\/marche-culturelle-a-manouba-dediee-a-loccasion-de-la-journee-mondiale-des-personnes-handicapees\/#primaryimage"},"thumbnailUrl":"https:\/\/kapitalis.com\/tunisie\/wp-content\/uploads\/2023\/11\/Abysse-Plongee.jpg","keywords":["Abysse Plong\u00e9e","enfants \u00e0 besoins sp\u00e9cifiques","Maghroum'in","Manouba","Mus\u00e9e national militaire","Palais Warda","personnes handicap\u00e9es"],"articleSection":["SOCIETE","Tunisie"],"inLanguage":"fr-FR","potentialAction":[{"@type":"CommentAction","name":"Comment","target":["https:\/\/kapitalis.com\/tunisie\/2023\/11\/30\/marche-culturelle-a-manouba-dediee-a-loccasion-de-la-journee-mondiale-des-personnes-handicapees\/#respond"]}]},{"@type":"WebPage","@id":"https:\/\/kapitalis.com\/tunisie\/2023\/11\/30\/marche-culturelle-a-manouba-dediee-a-loccasion-de-la-journee-mondiale-des-personnes-handicapees\/","url":"https:\/\/kapitalis.com\/tunisie\/2023\/11\/30\/marche-culturelle-a-manouba-dediee-a-loccasion-de-la-journee-mondiale-des-personnes-handicapees\/","name":"\u00abMarche Culturelle\u00bb \u00e0 Manouba \u00e0 l\u2019occasion de la Journ\u00e9e mondiale des personnes handicap\u00e9es - Kapitalis","isPartOf":{"@id":"https:\/\/kapitalis.com\/tunisie\/#website"},"primaryImageOfPage":{"@id":"https:\/\/kapitalis.com\/tunisie\/2023\/11\/30\/marche-culturelle-a-manouba-dediee-a-loccasion-de-la-journee-mondiale-des-personnes-handicapees\/#primaryimage"},"image":{"@id":"https:\/\/kapitalis.com\/tunisie\/2023\/11\/30\/marche-culturelle-a-manouba-dediee-a-loccasion-de-la-journee-mondiale-des-personnes-handicapees\/#primaryimage"},"thumbnailUrl":"https:\/\/kapitalis.com\/tunisie\/wp-content\/uploads\/2023\/11\/Abysse-Plongee.jpg","datePublished":"2023-11-30T06:41:49+00:00","dateModified":"2023-11-30T06:43:18+00:00","breadcrumb":{"@id":"https:\/\/kapitalis.com\/tunisie\/2023\/11\/30\/marche-culturelle-a-manouba-dediee-a-loccasion-de-la-journee-mondiale-des-personnes-handicapees\/#breadcrumb"},"inLanguage":"fr-FR","potentialAction":[{"@type":"ReadAction","target":["https:\/\/kapitalis.com\/tunisie\/2023\/11\/30\/marche-culturelle-a-manouba-dediee-a-loccasion-de-la-journee-mondiale-des-personnes-handicapees\/"]}]},{"@type":"ImageObject","inLanguage":"fr-FR","@id":"https:\/\/kapitalis.com\/tunisie\/2023\/11\/30\/marche-culturelle-a-manouba-dediee-a-loccasion-de-la-journee-mondiale-des-personnes-handicapees\/#primaryimage","url":"https:\/\/kapitalis.com\/tunisie\/wp-content\/uploads\/2023\/11\/Abysse-Plongee.jpg","contentUrl":"https:\/\/kapitalis.com\/tunisie\/wp-content\/uploads\/2023\/11\/Abysse-Plongee.jpg","width":1200,"height":630},{"@type":"BreadcrumbList","@id":"https:\/\/kapitalis.com\/tunisie\/2023\/11\/30\/marche-culturelle-a-manouba-dediee-a-loccasion-de-la-journee-mondiale-des-personnes-handicapees\/#breadcrumb","itemListElement":[{"@type":"ListItem","position":1,"name":"Accueil","item":"https:\/\/kapitalis.com\/tunisie\/"},{"@type":"ListItem","position":2,"name":"\u00abMarche Culturelle\u00bb \u00e0 Manouba \u00e0 l\u2019occasion de la Journ\u00e9e mondiale des personnes handicap\u00e9es"}]},{"@type":"WebSite","@id":"https:\/\/kapitalis.com\/tunisie\/#website","url":"https:\/\/kapitalis.com\/tunisie\/","name":"Kapitalis","description":"L&#039;actualit\u00e9 en Tunisie et dans le monde","publisher":{"@id":"https:\/\/kapitalis.com\/tunisie\/#organization"},"potentialAction":[{"@type":"SearchAction","target":{"@type":"EntryPoint","urlTemplate":"https:\/\/kapitalis.com\/tunisie\/?s={search_term_string}"},"query-input":{"@type":"PropertyValueSpecification","valueRequired":true,"valueName":"search_term_string"}}],"inLanguage":"fr-FR"},{"@type":"Organization","@id":"https:\/\/kapitalis.com\/tunisie\/#organization","name":"Kapitalis","url":"https:\/\/kapitalis.com\/tunisie\/","logo":{"@type":"ImageObject","inLanguage":"fr-FR","@id":"https:\/\/kapitalis.com\/tunisie\/#\/schema\/logo\/image\/","url":"https:\/\/kapitalis.com\/tunisie\/wp-content\/uploads\/2022\/05\/Kapitalis-big-size.png","contentUrl":"https:\/\/kapitalis.com\/tunisie\/wp-content\/uploads\/2022\/05\/Kapitalis-big-size.png","width":5000,"height":1500,"caption":"Kapitalis"},"image":{"@id":"https:\/\/kapitalis.com\/tunisie\/#\/schema\/logo\/image\/"},"sameAs":["https:\/\/www.facebook.com\/KapitalisInfo\/","https:\/\/x.com\/KapitalisInfo","https:\/\/www.youtube.com\/channel\/UC-yDYrHyfFBWWZaOw3FPg9Q"]},{"@type":"Person","@id":"https:\/\/kapitalis.com\/tunisie\/#\/schema\/person\/d71f33a9ca44f7bad4698210b480c8e9","name":"webmaster kapitalis","url":"https:\/\/kapitalis.com\/tunisie\/author\/webmaster-kapitalis\/"}]}},"_links":{"self":[{"href":"https:\/\/kapitalis.com\/tunisie\/wp-json\/wp\/v2\/posts\/10741087","targetHints":{"allow":["GET"]}}],"collection":[{"href":"https:\/\/kapitalis.com\/tunisie\/wp-json\/wp\/v2\/posts"}],"about":[{"href":"https:\/\/kapitalis.com\/tunisie\/wp-json\/wp\/v2\/types\/post"}],"author":[{"embeddable":true,"href":"https:\/\/kapitalis.com\/tunisie\/wp-json\/wp\/v2\/users\/8"}],"replies":[{"embeddable":true,"href":"https:\/\/kapitalis.com\/tunisie\/wp-json\/wp\/v2\/comments?post=10741087"}],"version-history":[{"count":2,"href":"https:\/\/kapitalis.com\/tunisie\/wp-json\/wp\/v2\/posts\/10741087\/revisions"}],"predecessor-version":[{"id":10741177,"href":"https:\/\/kapitalis.com\/tunisie\/wp-json\/wp\/v2\/posts\/10741087\/revisions\/10741177"}],"wp:featuredmedia":[{"embeddable":true,"href":"https:\/\/kapitalis.com\/tunisie\/wp-json\/wp\/v2\/media\/10741142"}],"wp:attachment":[{"href":"https:\/\/kapitalis.com\/tunisie\/wp-json\/wp\/v2\/media?parent=10741087"}],"wp:term":[{"taxonomy":"category","embeddable":true,"href":"https:\/\/kapitalis.com\/tunisie\/wp-json\/wp\/v2\/categories?post=10741087"},{"taxonomy":"post_tag","embeddable":true,"href":"https:\/\/kapitalis.com\/tunisie\/wp-json\/wp\/v2\/tags?post=10741087"}],"curies":[{"name":"wp","href":"https:\/\/api.w.org\/{rel}","templated":true}]}}