{"id":10742025,"date":"2023-11-30T08:56:50","date_gmt":"2023-11-30T07:56:50","guid":{"rendered":"https:\/\/kapitalis.com\/tunisie\/?p=10742025"},"modified":"2023-11-30T08:56:51","modified_gmt":"2023-11-30T07:56:51","slug":"tunisie-saied-continue-de-tempeter-contre-une-administration-publique-recalcitrante","status":"publish","type":"post","link":"https:\/\/kapitalis.com\/tunisie\/2023\/11\/30\/tunisie-saied-continue-de-tempeter-contre-une-administration-publique-recalcitrante\/","title":{"rendered":"Tunisie : Sa\u00efed continue de temp\u00eater contre une administration publique r\u00e9calcitrante"},"content":{"rendered":"\n<p><strong><em>Le pr\u00e9sident de la r\u00e9publique, Ka\u00efs Sa\u00efed continue de temp\u00eater contre ceux qui, au sein de l\u2019administration publique, qui est sous son autorit\u00e9 directe, puisqu\u2019il peut \u00e0 tout moment limoger toute personne qu\u2019il estime indigne de son poste par simple d\u00e9cret, et il ne s\u2019est pas priv\u00e9 jusque-l\u00e0 de le faire.<\/em><\/strong><\/p>\n\n\n\n<!--more-->\n\n\n\n<p>C\u2019est ainsi que lors de son entretien, mercredi 29 novembre 2023, au Palais de Carthage, avec le Premier ministre Ahmed Hachani, le chef de l\u2019Etat a d\u00e9clar\u00e9 que <em>\u00abceux qui entravent d\u00e9lib\u00e9r\u00e9ment la mise en \u0153uvre des projets en Tunisie ne sont pas dignes de leurs responsabilit\u00e9s\u00bb<\/em>, en appelant \u00e0 diligenter la mise en \u0153uvre de plusieurs projets suspendus depuis des ann\u00e9es et \u00e0 acc\u00e9l\u00e9rer l\u2019op\u00e9ration de contr\u00f4le des recrutements au sein de la fonction publique, d\u2019autant que ses r\u00e9sultats pr\u00e9liminaires ont d\u00e9voil\u00e9, selon lui, <em>\u00abplusieurs violations\u00bb<\/em> des proc\u00e9dures l\u00e9gales.<\/p>\n\n\n\n<p>Par ces d\u00e9clarations, tr\u00e8s r\u00e9currentes, Sa\u00efed offre l&rsquo;image d&rsquo;un chef d&rsquo;Etat contrari\u00e9, sabot\u00e9 par l&rsquo;administration dont il a la charge. Il tient un discours que tiendrait volontiers un opposant politique ou un analyste politique mais qui, dans la bouche d&rsquo;un pr\u00e9sident de la r\u00e9publique qui, de par la constitution qu&rsquo;il a lui-m\u00eame r\u00e9dig\u00e9 et fait promulguer, a tous les pouvoirs, sonnent tout de m\u00eame \u00e9trangement.     <\/p>\n\n\n\n<p>La r\u00e9union a \u00e9galement port\u00e9 sur une s\u00e9rie de projets de loi et de d\u00e9crets-lois qui seront discut\u00e9s lors du prochain conseil des ministres, notamment celui de l\u2019Office national des fourrages, indique un communiqu\u00e9 de la pr\u00e9sidence de la r\u00e9publique. Cette d\u00e9cision intervient au moment o\u00f9 les prix des aliments pour animaux atteignent des cimes qui obligent certains petits \u00e9leveurs \u00e0 vendre leurs b\u00e9tails car ils ne peuvent plus les nourrir.<\/p>\n\n\n\n<p>Hier, le prix d\u2019une <em>\u00abbala&nbsp;gort\u00bb<\/em> ou foin dans les diff\u00e9rents march\u00e9s de la r\u00e9gion du Sahel s\u2019\u00e9levait \u00e0 40 dinars, contre moins de 15 dinars il y a un an.<\/p>\n\n\n\n<p class=\"has-text-align-right\"><strong>I. B.<\/strong><\/p>\n","protected":false},"excerpt":{"rendered":"<p>C&rsquo;est l&rsquo;histoire d&rsquo;un chef d&rsquo;Etat contrari\u00e9, sabot\u00e9 par l&rsquo;administration dont il a la charge.<\/p>\n","protected":false},"author":8,"featured_media":10742152,"comment_status":"open","ping_status":"open","sticky":false,"template":"","format":"standard","meta":{"footnotes":""},"categories":[997,2433],"tags":[4224,110245,76012,112576,62643],"class_list":["post-10742025","post","type-post","status-publish","format-standard","has-post-thumbnail","hentry","category-politique","category-tunisie","tag-administration-publique","tag-ahmed-hachani","tag-kais-saied-2","tag-office-national-des-fourrages","tag-tunisie"],"yoast_head":"<!-- This site is optimized with the Yoast SEO plugin v26.6 - https:\/\/yoast.com\/wordpress\/plugins\/seo\/ -->\n<title>Tunisie : Sa\u00efed continue de temp\u00eater contre une administration publique r\u00e9calcitrante - Kapitalis<\/title>\n<meta name=\"robots\" content=\"index, follow, max-snippet:-1, max-image-preview:large, max-video-preview:-1\" \/>\n<link rel=\"canonical\" href=\"https:\/\/kapitalis.com\/tunisie\/2023\/11\/30\/tunisie-saied-continue-de-tempeter-contre-une-administration-publique-recalcitrante\/\" \/>\n<meta property=\"og:locale\" content=\"fr_FR\" \/>\n<meta property=\"og:type\" content=\"article\" \/>\n<meta property=\"og:title\" content=\"Tunisie : Sa\u00efed continue de temp\u00eater contre une administration publique r\u00e9calcitrante - Kapitalis\" \/>\n<meta property=\"og:description\" content=\"C&#039;est l&#039;histoire d&#039;un chef d&#039;Etat contrari\u00e9, sabot\u00e9 par l&#039;administration dont il a la charge.\" \/>\n<meta property=\"og:url\" content=\"https:\/\/kapitalis.com\/tunisie\/2023\/11\/30\/tunisie-saied-continue-de-tempeter-contre-une-administration-publique-recalcitrante\/\" \/>\n<meta property=\"og:site_name\" content=\"Kapitalis\" \/>\n<meta property=\"article:publisher\" content=\"https:\/\/www.facebook.com\/KapitalisInfo\/\" \/>\n<meta property=\"article:published_time\" content=\"2023-11-30T07:56:50+00:00\" \/>\n<meta property=\"article:modified_time\" content=\"2023-11-30T07:56:51+00:00\" \/>\n<meta property=\"og:image\" content=\"https:\/\/kapitalis.com\/tunisie\/wp-content\/uploads\/2023\/11\/Kais-Saied-Ahmed-Hachani-1.jpg\" \/>\n\t<meta property=\"og:image:width\" content=\"1200\" \/>\n\t<meta property=\"og:image:height\" content=\"630\" \/>\n\t<meta property=\"og:image:type\" content=\"image\/jpeg\" \/>\n<meta name=\"author\" content=\"webmaster kapitalis\" \/>\n<meta name=\"twitter:card\" content=\"summary_large_image\" \/>\n<meta name=\"twitter:creator\" content=\"@KapitalisInfo\" \/>\n<meta name=\"twitter:site\" content=\"@KapitalisInfo\" \/>\n<meta name=\"twitter:label1\" content=\"\u00c9crit par\" \/>\n\t<meta name=\"twitter:data1\" content=\"webmaster kapitalis\" \/>\n\t<meta name=\"twitter:label2\" content=\"Dur\u00e9e de lecture estim\u00e9e\" \/>\n\t<meta name=\"twitter:data2\" content=\"2 minutes\" \/>\n<script type=\"application\/ld+json\" class=\"yoast-schema-graph\">{\"@context\":\"https:\/\/schema.org\",\"@graph\":[{\"@type\":\"Article\",\"@id\":\"https:\/\/kapitalis.com\/tunisie\/2023\/11\/30\/tunisie-saied-continue-de-tempeter-contre-une-administration-publique-recalcitrante\/#article\",\"isPartOf\":{\"@id\":\"https:\/\/kapitalis.com\/tunisie\/2023\/11\/30\/tunisie-saied-continue-de-tempeter-contre-une-administration-publique-recalcitrante\/\"},\"author\":{\"name\":\"webmaster kapitalis\",\"@id\":\"https:\/\/kapitalis.com\/tunisie\/#\/schema\/person\/d71f33a9ca44f7bad4698210b480c8e9\"},\"headline\":\"Tunisie : Sa\u00efed continue de temp\u00eater contre une administration publique r\u00e9calcitrante\",\"datePublished\":\"2023-11-30T07:56:50+00:00\",\"dateModified\":\"2023-11-30T07:56:51+00:00\",\"mainEntityOfPage\":{\"@id\":\"https:\/\/kapitalis.com\/tunisie\/2023\/11\/30\/tunisie-saied-continue-de-tempeter-contre-une-administration-publique-recalcitrante\/\"},\"wordCount\":367,\"commentCount\":5,\"publisher\":{\"@id\":\"https:\/\/kapitalis.com\/tunisie\/#organization\"},\"image\":{\"@id\":\"https:\/\/kapitalis.com\/tunisie\/2023\/11\/30\/tunisie-saied-continue-de-tempeter-contre-une-administration-publique-recalcitrante\/#primaryimage\"},\"thumbnailUrl\":\"https:\/\/kapitalis.com\/tunisie\/wp-content\/uploads\/2023\/11\/Kais-Saied-Ahmed-Hachani-1.jpg\",\"keywords\":[\"administration publique\",\"Ahmed Hachani\",\"Ka\u00efs Sa\u00efed\",\"Office national des fourrages\",\"Tunisie\"],\"articleSection\":[\"POLITIQUE\",\"Tunisie\"],\"inLanguage\":\"fr-FR\",\"potentialAction\":[{\"@type\":\"CommentAction\",\"name\":\"Comment\",\"target\":[\"https:\/\/kapitalis.com\/tunisie\/2023\/11\/30\/tunisie-saied-continue-de-tempeter-contre-une-administration-publique-recalcitrante\/#respond\"]}]},{\"@type\":\"WebPage\",\"@id\":\"https:\/\/kapitalis.com\/tunisie\/2023\/11\/30\/tunisie-saied-continue-de-tempeter-contre-une-administration-publique-recalcitrante\/\",\"url\":\"https:\/\/kapitalis.com\/tunisie\/2023\/11\/30\/tunisie-saied-continue-de-tempeter-contre-une-administration-publique-recalcitrante\/\",\"name\":\"Tunisie : Sa\u00efed continue de temp\u00eater contre une administration publique r\u00e9calcitrante - Kapitalis\",\"isPartOf\":{\"@id\":\"https:\/\/kapitalis.com\/tunisie\/#website\"},\"primaryImageOfPage\":{\"@id\":\"https:\/\/kapitalis.com\/tunisie\/2023\/11\/30\/tunisie-saied-continue-de-tempeter-contre-une-administration-publique-recalcitrante\/#primaryimage\"},\"image\":{\"@id\":\"https:\/\/kapitalis.com\/tunisie\/2023\/11\/30\/tunisie-saied-continue-de-tempeter-contre-une-administration-publique-recalcitrante\/#primaryimage\"},\"thumbnailUrl\":\"https:\/\/kapitalis.com\/tunisie\/wp-content\/uploads\/2023\/11\/Kais-Saied-Ahmed-Hachani-1.jpg\",\"datePublished\":\"2023-11-30T07:56:50+00:00\",\"dateModified\":\"2023-11-30T07:56:51+00:00\",\"breadcrumb\":{\"@id\":\"https:\/\/kapitalis.com\/tunisie\/2023\/11\/30\/tunisie-saied-continue-de-tempeter-contre-une-administration-publique-recalcitrante\/#breadcrumb\"},\"inLanguage\":\"fr-FR\",\"potentialAction\":[{\"@type\":\"ReadAction\",\"target\":[\"https:\/\/kapitalis.com\/tunisie\/2023\/11\/30\/tunisie-saied-continue-de-tempeter-contre-une-administration-publique-recalcitrante\/\"]}]},{\"@type\":\"ImageObject\",\"inLanguage\":\"fr-FR\",\"@id\":\"https:\/\/kapitalis.com\/tunisie\/2023\/11\/30\/tunisie-saied-continue-de-tempeter-contre-une-administration-publique-recalcitrante\/#primaryimage\",\"url\":\"https:\/\/kapitalis.com\/tunisie\/wp-content\/uploads\/2023\/11\/Kais-Saied-Ahmed-Hachani-1.jpg\",\"contentUrl\":\"https:\/\/kapitalis.com\/tunisie\/wp-content\/uploads\/2023\/11\/Kais-Saied-Ahmed-Hachani-1.jpg\",\"width\":1200,\"height\":630},{\"@type\":\"BreadcrumbList\",\"@id\":\"https:\/\/kapitalis.com\/tunisie\/2023\/11\/30\/tunisie-saied-continue-de-tempeter-contre-une-administration-publique-recalcitrante\/#breadcrumb\",\"itemListElement\":[{\"@type\":\"ListItem\",\"position\":1,\"name\":\"Accueil\",\"item\":\"https:\/\/kapitalis.com\/tunisie\/\"},{\"@type\":\"ListItem\",\"position\":2,\"name\":\"Tunisie : Sa\u00efed continue de temp\u00eater contre une administration publique r\u00e9calcitrante\"}]},{\"@type\":\"WebSite\",\"@id\":\"https:\/\/kapitalis.com\/tunisie\/#website\",\"url\":\"https:\/\/kapitalis.com\/tunisie\/\",\"name\":\"Kapitalis\",\"description\":\"L&#039;actualit\u00e9 en Tunisie et dans le monde\",\"publisher\":{\"@id\":\"https:\/\/kapitalis.com\/tunisie\/#organization\"},\"potentialAction\":[{\"@type\":\"SearchAction\",\"target\":{\"@type\":\"EntryPoint\",\"urlTemplate\":\"https:\/\/kapitalis.com\/tunisie\/?s={search_term_string}\"},\"query-input\":{\"@type\":\"PropertyValueSpecification\",\"valueRequired\":true,\"valueName\":\"search_term_string\"}}],\"inLanguage\":\"fr-FR\"},{\"@type\":\"Organization\",\"@id\":\"https:\/\/kapitalis.com\/tunisie\/#organization\",\"name\":\"Kapitalis\",\"url\":\"https:\/\/kapitalis.com\/tunisie\/\",\"logo\":{\"@type\":\"ImageObject\",\"inLanguage\":\"fr-FR\",\"@id\":\"https:\/\/kapitalis.com\/tunisie\/#\/schema\/logo\/image\/\",\"url\":\"https:\/\/kapitalis.com\/tunisie\/wp-content\/uploads\/2022\/05\/Kapitalis-big-size.png\",\"contentUrl\":\"https:\/\/kapitalis.com\/tunisie\/wp-content\/uploads\/2022\/05\/Kapitalis-big-size.png\",\"width\":5000,\"height\":1500,\"caption\":\"Kapitalis\"},\"image\":{\"@id\":\"https:\/\/kapitalis.com\/tunisie\/#\/schema\/logo\/image\/\"},\"sameAs\":[\"https:\/\/www.facebook.com\/KapitalisInfo\/\",\"https:\/\/x.com\/KapitalisInfo\",\"https:\/\/www.youtube.com\/channel\/UC-yDYrHyfFBWWZaOw3FPg9Q\"]},{\"@type\":\"Person\",\"@id\":\"https:\/\/kapitalis.com\/tunisie\/#\/schema\/person\/d71f33a9ca44f7bad4698210b480c8e9\",\"name\":\"webmaster kapitalis\",\"url\":\"https:\/\/kapitalis.com\/tunisie\/author\/webmaster-kapitalis\/\"}]}<\/script>\n<!-- \/ Yoast SEO plugin. -->","yoast_head_json":{"title":"Tunisie : Sa\u00efed continue de temp\u00eater contre une administration publique r\u00e9calcitrante - Kapitalis","robots":{"index":"index","follow":"follow","max-snippet":"max-snippet:-1","max-image-preview":"max-image-preview:large","max-video-preview":"max-video-preview:-1"},"canonical":"https:\/\/kapitalis.com\/tunisie\/2023\/11\/30\/tunisie-saied-continue-de-tempeter-contre-une-administration-publique-recalcitrante\/","og_locale":"fr_FR","og_type":"article","og_title":"Tunisie : Sa\u00efed continue de temp\u00eater contre une administration publique r\u00e9calcitrante - Kapitalis","og_description":"C'est l'histoire d'un chef d'Etat contrari\u00e9, sabot\u00e9 par l'administration dont il a la charge.","og_url":"https:\/\/kapitalis.com\/tunisie\/2023\/11\/30\/tunisie-saied-continue-de-tempeter-contre-une-administration-publique-recalcitrante\/","og_site_name":"Kapitalis","article_publisher":"https:\/\/www.facebook.com\/KapitalisInfo\/","article_published_time":"2023-11-30T07:56:50+00:00","article_modified_time":"2023-11-30T07:56:51+00:00","og_image":[{"width":1200,"height":630,"url":"https:\/\/kapitalis.com\/tunisie\/wp-content\/uploads\/2023\/11\/Kais-Saied-Ahmed-Hachani-1.jpg","type":"image\/jpeg"}],"author":"webmaster kapitalis","twitter_card":"summary_large_image","twitter_creator":"@KapitalisInfo","twitter_site":"@KapitalisInfo","twitter_misc":{"\u00c9crit par":"webmaster kapitalis","Dur\u00e9e de lecture estim\u00e9e":"2 minutes"},"schema":{"@context":"https:\/\/schema.org","@graph":[{"@type":"Article","@id":"https:\/\/kapitalis.com\/tunisie\/2023\/11\/30\/tunisie-saied-continue-de-tempeter-contre-une-administration-publique-recalcitrante\/#article","isPartOf":{"@id":"https:\/\/kapitalis.com\/tunisie\/2023\/11\/30\/tunisie-saied-continue-de-tempeter-contre-une-administration-publique-recalcitrante\/"},"author":{"name":"webmaster kapitalis","@id":"https:\/\/kapitalis.com\/tunisie\/#\/schema\/person\/d71f33a9ca44f7bad4698210b480c8e9"},"headline":"Tunisie : Sa\u00efed continue de temp\u00eater contre une administration publique r\u00e9calcitrante","datePublished":"2023-11-30T07:56:50+00:00","dateModified":"2023-11-30T07:56:51+00:00","mainEntityOfPage":{"@id":"https:\/\/kapitalis.com\/tunisie\/2023\/11\/30\/tunisie-saied-continue-de-tempeter-contre-une-administration-publique-recalcitrante\/"},"wordCount":367,"commentCount":5,"publisher":{"@id":"https:\/\/kapitalis.com\/tunisie\/#organization"},"image":{"@id":"https:\/\/kapitalis.com\/tunisie\/2023\/11\/30\/tunisie-saied-continue-de-tempeter-contre-une-administration-publique-recalcitrante\/#primaryimage"},"thumbnailUrl":"https:\/\/kapitalis.com\/tunisie\/wp-content\/uploads\/2023\/11\/Kais-Saied-Ahmed-Hachani-1.jpg","keywords":["administration publique","Ahmed Hachani","Ka\u00efs Sa\u00efed","Office national des fourrages","Tunisie"],"articleSection":["POLITIQUE","Tunisie"],"inLanguage":"fr-FR","potentialAction":[{"@type":"CommentAction","name":"Comment","target":["https:\/\/kapitalis.com\/tunisie\/2023\/11\/30\/tunisie-saied-continue-de-tempeter-contre-une-administration-publique-recalcitrante\/#respond"]}]},{"@type":"WebPage","@id":"https:\/\/kapitalis.com\/tunisie\/2023\/11\/30\/tunisie-saied-continue-de-tempeter-contre-une-administration-publique-recalcitrante\/","url":"https:\/\/kapitalis.com\/tunisie\/2023\/11\/30\/tunisie-saied-continue-de-tempeter-contre-une-administration-publique-recalcitrante\/","name":"Tunisie : Sa\u00efed continue de temp\u00eater contre une administration publique r\u00e9calcitrante - Kapitalis","isPartOf":{"@id":"https:\/\/kapitalis.com\/tunisie\/#website"},"primaryImageOfPage":{"@id":"https:\/\/kapitalis.com\/tunisie\/2023\/11\/30\/tunisie-saied-continue-de-tempeter-contre-une-administration-publique-recalcitrante\/#primaryimage"},"image":{"@id":"https:\/\/kapitalis.com\/tunisie\/2023\/11\/30\/tunisie-saied-continue-de-tempeter-contre-une-administration-publique-recalcitrante\/#primaryimage"},"thumbnailUrl":"https:\/\/kapitalis.com\/tunisie\/wp-content\/uploads\/2023\/11\/Kais-Saied-Ahmed-Hachani-1.jpg","datePublished":"2023-11-30T07:56:50+00:00","dateModified":"2023-11-30T07:56:51+00:00","breadcrumb":{"@id":"https:\/\/kapitalis.com\/tunisie\/2023\/11\/30\/tunisie-saied-continue-de-tempeter-contre-une-administration-publique-recalcitrante\/#breadcrumb"},"inLanguage":"fr-FR","potentialAction":[{"@type":"ReadAction","target":["https:\/\/kapitalis.com\/tunisie\/2023\/11\/30\/tunisie-saied-continue-de-tempeter-contre-une-administration-publique-recalcitrante\/"]}]},{"@type":"ImageObject","inLanguage":"fr-FR","@id":"https:\/\/kapitalis.com\/tunisie\/2023\/11\/30\/tunisie-saied-continue-de-tempeter-contre-une-administration-publique-recalcitrante\/#primaryimage","url":"https:\/\/kapitalis.com\/tunisie\/wp-content\/uploads\/2023\/11\/Kais-Saied-Ahmed-Hachani-1.jpg","contentUrl":"https:\/\/kapitalis.com\/tunisie\/wp-content\/uploads\/2023\/11\/Kais-Saied-Ahmed-Hachani-1.jpg","width":1200,"height":630},{"@type":"BreadcrumbList","@id":"https:\/\/kapitalis.com\/tunisie\/2023\/11\/30\/tunisie-saied-continue-de-tempeter-contre-une-administration-publique-recalcitrante\/#breadcrumb","itemListElement":[{"@type":"ListItem","position":1,"name":"Accueil","item":"https:\/\/kapitalis.com\/tunisie\/"},{"@type":"ListItem","position":2,"name":"Tunisie : Sa\u00efed continue de temp\u00eater contre une administration publique r\u00e9calcitrante"}]},{"@type":"WebSite","@id":"https:\/\/kapitalis.com\/tunisie\/#website","url":"https:\/\/kapitalis.com\/tunisie\/","name":"Kapitalis","description":"L&#039;actualit\u00e9 en Tunisie et dans le monde","publisher":{"@id":"https:\/\/kapitalis.com\/tunisie\/#organization"},"potentialAction":[{"@type":"SearchAction","target":{"@type":"EntryPoint","urlTemplate":"https:\/\/kapitalis.com\/tunisie\/?s={search_term_string}"},"query-input":{"@type":"PropertyValueSpecification","valueRequired":true,"valueName":"search_term_string"}}],"inLanguage":"fr-FR"},{"@type":"Organization","@id":"https:\/\/kapitalis.com\/tunisie\/#organization","name":"Kapitalis","url":"https:\/\/kapitalis.com\/tunisie\/","logo":{"@type":"ImageObject","inLanguage":"fr-FR","@id":"https:\/\/kapitalis.com\/tunisie\/#\/schema\/logo\/image\/","url":"https:\/\/kapitalis.com\/tunisie\/wp-content\/uploads\/2022\/05\/Kapitalis-big-size.png","contentUrl":"https:\/\/kapitalis.com\/tunisie\/wp-content\/uploads\/2022\/05\/Kapitalis-big-size.png","width":5000,"height":1500,"caption":"Kapitalis"},"image":{"@id":"https:\/\/kapitalis.com\/tunisie\/#\/schema\/logo\/image\/"},"sameAs":["https:\/\/www.facebook.com\/KapitalisInfo\/","https:\/\/x.com\/KapitalisInfo","https:\/\/www.youtube.com\/channel\/UC-yDYrHyfFBWWZaOw3FPg9Q"]},{"@type":"Person","@id":"https:\/\/kapitalis.com\/tunisie\/#\/schema\/person\/d71f33a9ca44f7bad4698210b480c8e9","name":"webmaster kapitalis","url":"https:\/\/kapitalis.com\/tunisie\/author\/webmaster-kapitalis\/"}]}},"_links":{"self":[{"href":"https:\/\/kapitalis.com\/tunisie\/wp-json\/wp\/v2\/posts\/10742025","targetHints":{"allow":["GET"]}}],"collection":[{"href":"https:\/\/kapitalis.com\/tunisie\/wp-json\/wp\/v2\/posts"}],"about":[{"href":"https:\/\/kapitalis.com\/tunisie\/wp-json\/wp\/v2\/types\/post"}],"author":[{"embeddable":true,"href":"https:\/\/kapitalis.com\/tunisie\/wp-json\/wp\/v2\/users\/8"}],"replies":[{"embeddable":true,"href":"https:\/\/kapitalis.com\/tunisie\/wp-json\/wp\/v2\/comments?post=10742025"}],"version-history":[{"count":1,"href":"https:\/\/kapitalis.com\/tunisie\/wp-json\/wp\/v2\/posts\/10742025\/revisions"}],"predecessor-version":[{"id":10742162,"href":"https:\/\/kapitalis.com\/tunisie\/wp-json\/wp\/v2\/posts\/10742025\/revisions\/10742162"}],"wp:featuredmedia":[{"embeddable":true,"href":"https:\/\/kapitalis.com\/tunisie\/wp-json\/wp\/v2\/media\/10742152"}],"wp:attachment":[{"href":"https:\/\/kapitalis.com\/tunisie\/wp-json\/wp\/v2\/media?parent=10742025"}],"wp:term":[{"taxonomy":"category","embeddable":true,"href":"https:\/\/kapitalis.com\/tunisie\/wp-json\/wp\/v2\/categories?post=10742025"},{"taxonomy":"post_tag","embeddable":true,"href":"https:\/\/kapitalis.com\/tunisie\/wp-json\/wp\/v2\/tags?post=10742025"}],"curies":[{"name":"wp","href":"https:\/\/api.w.org\/{rel}","templated":true}]}}