{"id":1075086,"date":"2022-05-30T07:07:05","date_gmt":"2022-05-30T06:07:05","guid":{"rendered":"https:\/\/kapitalis.com\/tunisie\/?p=1075086"},"modified":"2022-05-30T07:07:06","modified_gmt":"2022-05-30T06:07:06","slug":"tunisie-isie-ouverture-de-linscription-sur-les-listes-electorales","status":"publish","type":"post","link":"https:\/\/kapitalis.com\/tunisie\/2022\/05\/30\/tunisie-isie-ouverture-de-linscription-sur-les-listes-electorales\/","title":{"rendered":"Tunisie &#8211; Isie\u00a0: ouverture de l&rsquo;inscription sur les listes \u00e9lectorales"},"content":{"rendered":"\n<p><strong><em>La Haute autorit\u00e9 ind\u00e9pendante pour les \u00e9lections (Isie) a lanc\u00e9, dimanche 29 mai 2022, le programme d&rsquo;inscription sur les listes \u00e9lectorales \u00e0 travers des \u00e9quipes mobiles \u00e0 travers les diff\u00e9rentes r\u00e9gions de la Tunisie.<\/em><\/strong><\/p>\n\n\n\n<!--more-->\n\n\n\n<p>A l&rsquo;approche du r\u00e9f\u00e9rendum du 25 juillet sur la nouvelle constitution et des l\u00e9gislatives anticip\u00e9es du 17 d\u00e9cembre, des travaux sont en cours pour installer les bureaux d&rsquo;inscription permanents sur les listes \u00e9lectorales dans diff\u00e9rents lieux tr\u00e8s fr\u00e9quent\u00e9s par les citoyens, afin de rapprocher et de faciliter l&rsquo;inscription au plus grand nombre possible de Tunisiens.<\/p>\n\n\n\n<p>L&rsquo;instance rappelle \u00e0 tous les citoyens qu&rsquo;ils peuvent v\u00e9rifier leur inscription sur les listes \u00e9lectorales via les services de t\u00e9l\u00e9phonie mobile en appuyant sur 195 *, puis en entrant le num\u00e9ro de carte d&rsquo;identit\u00e9 nationale, puis en appuyant sur # pour v\u00e9rifier les bureaux de vote dans lesquels ils se sont pr\u00e9c\u00e9demment inscrits.<\/p>\n\n\n<div class=\"wp-block-image\">\n<figure class=\"aligncenter size-large is-resized\"><img decoding=\"async\" src=\"https:\/\/kapitalis.com\/tunisie\/wp-content\/uploads\/2022\/05\/Isie-Gafsa-1024x538.jpg\" alt=\"\" class=\"wp-image-1075110\" width=\"600\" srcset=\"https:\/\/kapitalis.com\/tunisie\/wp-content\/uploads\/2022\/05\/Isie-Gafsa-1024x538.jpg 1024w, https:\/\/kapitalis.com\/tunisie\/wp-content\/uploads\/2022\/05\/Isie-Gafsa-300x158.jpg 300w, https:\/\/kapitalis.com\/tunisie\/wp-content\/uploads\/2022\/05\/Isie-Gafsa-768x403.jpg 768w, https:\/\/kapitalis.com\/tunisie\/wp-content\/uploads\/2022\/05\/Isie-Gafsa-580x305.jpg 580w, https:\/\/kapitalis.com\/tunisie\/wp-content\/uploads\/2022\/05\/Isie-Gafsa-860x452.jpg 860w, https:\/\/kapitalis.com\/tunisie\/wp-content\/uploads\/2022\/05\/Isie-Gafsa-1160x609.jpg 1160w, https:\/\/kapitalis.com\/tunisie\/wp-content\/uploads\/2022\/05\/Isie-Gafsa.jpg 1200w\" sizes=\"(max-width: 1024px) 100vw, 1024px\" \/><\/figure>\n<\/div>\n\n\n<p>Tout citoyen qui souhaite s&rsquo;inscrire pour la premi\u00e8re fois ou mettre \u00e0 jour son ancienne inscription peut s&rsquo;adresser au centre permanent ou mobile le plus proche muni de sa carte d&rsquo;identit\u00e9 nationale.<\/p>\n\n\n\n<p class=\"has-text-align-right\"><strong>I. B.<\/strong><\/p>\n","protected":false},"excerpt":{"rendered":"<p>L&rsquo;Isie a ouvert l&rsquo;inscription sur les listes \u00e9lectorales \u00e0 travers des \u00e9quipes mobiles \u00e0 travers les diff\u00e9rentes r\u00e9gions de la Tunisie.<\/p>\n","protected":false},"author":8,"featured_media":1075109,"comment_status":"open","ping_status":"open","sticky":false,"template":"","format":"standard","meta":{"footnotes":""},"categories":[997,2433],"tags":[499,2328,62643],"class_list":["post-1075086","post","type-post","status-publish","format-standard","has-post-thumbnail","hentry","category-politique","category-tunisie","tag-isie","tag-listes-electorales","tag-tunisie"],"yoast_head":"<!-- This site is optimized with the Yoast SEO plugin v26.6 - https:\/\/yoast.com\/wordpress\/plugins\/seo\/ -->\n<title>Tunisie - Isie\u00a0: ouverture de l&#039;inscription sur les listes \u00e9lectorales - Kapitalis<\/title>\n<meta name=\"robots\" content=\"index, follow, max-snippet:-1, max-image-preview:large, max-video-preview:-1\" \/>\n<link rel=\"canonical\" href=\"https:\/\/kapitalis.com\/tunisie\/2022\/05\/30\/tunisie-isie-ouverture-de-linscription-sur-les-listes-electorales\/\" \/>\n<meta property=\"og:locale\" content=\"fr_FR\" \/>\n<meta property=\"og:type\" content=\"article\" \/>\n<meta property=\"og:title\" content=\"Tunisie - Isie\u00a0: ouverture de l&#039;inscription sur les listes \u00e9lectorales - Kapitalis\" \/>\n<meta property=\"og:description\" content=\"L&#039;Isie a ouvert l&#039;inscription sur les listes \u00e9lectorales \u00e0 travers des \u00e9quipes mobiles \u00e0 travers les diff\u00e9rentes r\u00e9gions de la Tunisie.\" \/>\n<meta property=\"og:url\" content=\"https:\/\/kapitalis.com\/tunisie\/2022\/05\/30\/tunisie-isie-ouverture-de-linscription-sur-les-listes-electorales\/\" \/>\n<meta property=\"og:site_name\" content=\"Kapitalis\" \/>\n<meta property=\"article:publisher\" content=\"https:\/\/www.facebook.com\/KapitalisInfo\/\" \/>\n<meta property=\"article:published_time\" content=\"2022-05-30T06:07:05+00:00\" \/>\n<meta property=\"article:modified_time\" content=\"2022-05-30T06:07:06+00:00\" \/>\n<meta property=\"og:image\" content=\"https:\/\/kapitalis.com\/tunisie\/wp-content\/uploads\/2022\/05\/Isie-Gafsa-2.jpg\" \/>\n\t<meta property=\"og:image:width\" content=\"1200\" \/>\n\t<meta property=\"og:image:height\" content=\"630\" \/>\n\t<meta property=\"og:image:type\" content=\"image\/jpeg\" \/>\n<meta name=\"author\" content=\"webmaster kapitalis\" \/>\n<meta name=\"twitter:card\" content=\"summary_large_image\" \/>\n<meta name=\"twitter:creator\" content=\"@KapitalisInfo\" \/>\n<meta name=\"twitter:site\" content=\"@KapitalisInfo\" \/>\n<meta name=\"twitter:label1\" content=\"\u00c9crit par\" \/>\n\t<meta name=\"twitter:data1\" content=\"webmaster kapitalis\" \/>\n\t<meta name=\"twitter:label2\" content=\"Dur\u00e9e de lecture estim\u00e9e\" \/>\n\t<meta name=\"twitter:data2\" content=\"2 minutes\" \/>\n<script type=\"application\/ld+json\" class=\"yoast-schema-graph\">{\"@context\":\"https:\/\/schema.org\",\"@graph\":[{\"@type\":\"Article\",\"@id\":\"https:\/\/kapitalis.com\/tunisie\/2022\/05\/30\/tunisie-isie-ouverture-de-linscription-sur-les-listes-electorales\/#article\",\"isPartOf\":{\"@id\":\"https:\/\/kapitalis.com\/tunisie\/2022\/05\/30\/tunisie-isie-ouverture-de-linscription-sur-les-listes-electorales\/\"},\"author\":{\"name\":\"webmaster kapitalis\",\"@id\":\"https:\/\/kapitalis.com\/tunisie\/#\/schema\/person\/d71f33a9ca44f7bad4698210b480c8e9\"},\"headline\":\"Tunisie &#8211; Isie\u00a0: ouverture de l&rsquo;inscription sur les listes \u00e9lectorales\",\"datePublished\":\"2022-05-30T06:07:05+00:00\",\"dateModified\":\"2022-05-30T06:07:06+00:00\",\"mainEntityOfPage\":{\"@id\":\"https:\/\/kapitalis.com\/tunisie\/2022\/05\/30\/tunisie-isie-ouverture-de-linscription-sur-les-listes-electorales\/\"},\"wordCount\":195,\"commentCount\":0,\"publisher\":{\"@id\":\"https:\/\/kapitalis.com\/tunisie\/#organization\"},\"image\":{\"@id\":\"https:\/\/kapitalis.com\/tunisie\/2022\/05\/30\/tunisie-isie-ouverture-de-linscription-sur-les-listes-electorales\/#primaryimage\"},\"thumbnailUrl\":\"https:\/\/kapitalis.com\/tunisie\/wp-content\/uploads\/2022\/05\/Isie-Gafsa-2.jpg\",\"keywords\":[\"Isie\",\"listes \u00e9lectorales\",\"Tunisie\"],\"articleSection\":[\"POLITIQUE\",\"Tunisie\"],\"inLanguage\":\"fr-FR\",\"potentialAction\":[{\"@type\":\"CommentAction\",\"name\":\"Comment\",\"target\":[\"https:\/\/kapitalis.com\/tunisie\/2022\/05\/30\/tunisie-isie-ouverture-de-linscription-sur-les-listes-electorales\/#respond\"]}]},{\"@type\":\"WebPage\",\"@id\":\"https:\/\/kapitalis.com\/tunisie\/2022\/05\/30\/tunisie-isie-ouverture-de-linscription-sur-les-listes-electorales\/\",\"url\":\"https:\/\/kapitalis.com\/tunisie\/2022\/05\/30\/tunisie-isie-ouverture-de-linscription-sur-les-listes-electorales\/\",\"name\":\"Tunisie - Isie\u00a0: ouverture de l'inscription sur les listes \u00e9lectorales - Kapitalis\",\"isPartOf\":{\"@id\":\"https:\/\/kapitalis.com\/tunisie\/#website\"},\"primaryImageOfPage\":{\"@id\":\"https:\/\/kapitalis.com\/tunisie\/2022\/05\/30\/tunisie-isie-ouverture-de-linscription-sur-les-listes-electorales\/#primaryimage\"},\"image\":{\"@id\":\"https:\/\/kapitalis.com\/tunisie\/2022\/05\/30\/tunisie-isie-ouverture-de-linscription-sur-les-listes-electorales\/#primaryimage\"},\"thumbnailUrl\":\"https:\/\/kapitalis.com\/tunisie\/wp-content\/uploads\/2022\/05\/Isie-Gafsa-2.jpg\",\"datePublished\":\"2022-05-30T06:07:05+00:00\",\"dateModified\":\"2022-05-30T06:07:06+00:00\",\"breadcrumb\":{\"@id\":\"https:\/\/kapitalis.com\/tunisie\/2022\/05\/30\/tunisie-isie-ouverture-de-linscription-sur-les-listes-electorales\/#breadcrumb\"},\"inLanguage\":\"fr-FR\",\"potentialAction\":[{\"@type\":\"ReadAction\",\"target\":[\"https:\/\/kapitalis.com\/tunisie\/2022\/05\/30\/tunisie-isie-ouverture-de-linscription-sur-les-listes-electorales\/\"]}]},{\"@type\":\"ImageObject\",\"inLanguage\":\"fr-FR\",\"@id\":\"https:\/\/kapitalis.com\/tunisie\/2022\/05\/30\/tunisie-isie-ouverture-de-linscription-sur-les-listes-electorales\/#primaryimage\",\"url\":\"https:\/\/kapitalis.com\/tunisie\/wp-content\/uploads\/2022\/05\/Isie-Gafsa-2.jpg\",\"contentUrl\":\"https:\/\/kapitalis.com\/tunisie\/wp-content\/uploads\/2022\/05\/Isie-Gafsa-2.jpg\",\"width\":1200,\"height\":630},{\"@type\":\"BreadcrumbList\",\"@id\":\"https:\/\/kapitalis.com\/tunisie\/2022\/05\/30\/tunisie-isie-ouverture-de-linscription-sur-les-listes-electorales\/#breadcrumb\",\"itemListElement\":[{\"@type\":\"ListItem\",\"position\":1,\"name\":\"Accueil\",\"item\":\"https:\/\/kapitalis.com\/tunisie\/\"},{\"@type\":\"ListItem\",\"position\":2,\"name\":\"Tunisie &#8211; Isie\u00a0: ouverture de l&rsquo;inscription sur les listes \u00e9lectorales\"}]},{\"@type\":\"WebSite\",\"@id\":\"https:\/\/kapitalis.com\/tunisie\/#website\",\"url\":\"https:\/\/kapitalis.com\/tunisie\/\",\"name\":\"Kapitalis\",\"description\":\"L&#039;actualit\u00e9 en Tunisie et dans le monde\",\"publisher\":{\"@id\":\"https:\/\/kapitalis.com\/tunisie\/#organization\"},\"potentialAction\":[{\"@type\":\"SearchAction\",\"target\":{\"@type\":\"EntryPoint\",\"urlTemplate\":\"https:\/\/kapitalis.com\/tunisie\/?s={search_term_string}\"},\"query-input\":{\"@type\":\"PropertyValueSpecification\",\"valueRequired\":true,\"valueName\":\"search_term_string\"}}],\"inLanguage\":\"fr-FR\"},{\"@type\":\"Organization\",\"@id\":\"https:\/\/kapitalis.com\/tunisie\/#organization\",\"name\":\"Kapitalis\",\"url\":\"https:\/\/kapitalis.com\/tunisie\/\",\"logo\":{\"@type\":\"ImageObject\",\"inLanguage\":\"fr-FR\",\"@id\":\"https:\/\/kapitalis.com\/tunisie\/#\/schema\/logo\/image\/\",\"url\":\"https:\/\/kapitalis.com\/tunisie\/wp-content\/uploads\/2022\/05\/Kapitalis-big-size.png\",\"contentUrl\":\"https:\/\/kapitalis.com\/tunisie\/wp-content\/uploads\/2022\/05\/Kapitalis-big-size.png\",\"width\":5000,\"height\":1500,\"caption\":\"Kapitalis\"},\"image\":{\"@id\":\"https:\/\/kapitalis.com\/tunisie\/#\/schema\/logo\/image\/\"},\"sameAs\":[\"https:\/\/www.facebook.com\/KapitalisInfo\/\",\"https:\/\/x.com\/KapitalisInfo\",\"https:\/\/www.youtube.com\/channel\/UC-yDYrHyfFBWWZaOw3FPg9Q\"]},{\"@type\":\"Person\",\"@id\":\"https:\/\/kapitalis.com\/tunisie\/#\/schema\/person\/d71f33a9ca44f7bad4698210b480c8e9\",\"name\":\"webmaster kapitalis\",\"url\":\"https:\/\/kapitalis.com\/tunisie\/author\/webmaster-kapitalis\/\"}]}<\/script>\n<!-- \/ Yoast SEO plugin. -->","yoast_head_json":{"title":"Tunisie - Isie\u00a0: ouverture de l'inscription sur les listes \u00e9lectorales - Kapitalis","robots":{"index":"index","follow":"follow","max-snippet":"max-snippet:-1","max-image-preview":"max-image-preview:large","max-video-preview":"max-video-preview:-1"},"canonical":"https:\/\/kapitalis.com\/tunisie\/2022\/05\/30\/tunisie-isie-ouverture-de-linscription-sur-les-listes-electorales\/","og_locale":"fr_FR","og_type":"article","og_title":"Tunisie - Isie\u00a0: ouverture de l'inscription sur les listes \u00e9lectorales - Kapitalis","og_description":"L'Isie a ouvert l'inscription sur les listes \u00e9lectorales \u00e0 travers des \u00e9quipes mobiles \u00e0 travers les diff\u00e9rentes r\u00e9gions de la Tunisie.","og_url":"https:\/\/kapitalis.com\/tunisie\/2022\/05\/30\/tunisie-isie-ouverture-de-linscription-sur-les-listes-electorales\/","og_site_name":"Kapitalis","article_publisher":"https:\/\/www.facebook.com\/KapitalisInfo\/","article_published_time":"2022-05-30T06:07:05+00:00","article_modified_time":"2022-05-30T06:07:06+00:00","og_image":[{"width":1200,"height":630,"url":"https:\/\/kapitalis.com\/tunisie\/wp-content\/uploads\/2022\/05\/Isie-Gafsa-2.jpg","type":"image\/jpeg"}],"author":"webmaster kapitalis","twitter_card":"summary_large_image","twitter_creator":"@KapitalisInfo","twitter_site":"@KapitalisInfo","twitter_misc":{"\u00c9crit par":"webmaster kapitalis","Dur\u00e9e de lecture estim\u00e9e":"2 minutes"},"schema":{"@context":"https:\/\/schema.org","@graph":[{"@type":"Article","@id":"https:\/\/kapitalis.com\/tunisie\/2022\/05\/30\/tunisie-isie-ouverture-de-linscription-sur-les-listes-electorales\/#article","isPartOf":{"@id":"https:\/\/kapitalis.com\/tunisie\/2022\/05\/30\/tunisie-isie-ouverture-de-linscription-sur-les-listes-electorales\/"},"author":{"name":"webmaster kapitalis","@id":"https:\/\/kapitalis.com\/tunisie\/#\/schema\/person\/d71f33a9ca44f7bad4698210b480c8e9"},"headline":"Tunisie &#8211; Isie\u00a0: ouverture de l&rsquo;inscription sur les listes \u00e9lectorales","datePublished":"2022-05-30T06:07:05+00:00","dateModified":"2022-05-30T06:07:06+00:00","mainEntityOfPage":{"@id":"https:\/\/kapitalis.com\/tunisie\/2022\/05\/30\/tunisie-isie-ouverture-de-linscription-sur-les-listes-electorales\/"},"wordCount":195,"commentCount":0,"publisher":{"@id":"https:\/\/kapitalis.com\/tunisie\/#organization"},"image":{"@id":"https:\/\/kapitalis.com\/tunisie\/2022\/05\/30\/tunisie-isie-ouverture-de-linscription-sur-les-listes-electorales\/#primaryimage"},"thumbnailUrl":"https:\/\/kapitalis.com\/tunisie\/wp-content\/uploads\/2022\/05\/Isie-Gafsa-2.jpg","keywords":["Isie","listes \u00e9lectorales","Tunisie"],"articleSection":["POLITIQUE","Tunisie"],"inLanguage":"fr-FR","potentialAction":[{"@type":"CommentAction","name":"Comment","target":["https:\/\/kapitalis.com\/tunisie\/2022\/05\/30\/tunisie-isie-ouverture-de-linscription-sur-les-listes-electorales\/#respond"]}]},{"@type":"WebPage","@id":"https:\/\/kapitalis.com\/tunisie\/2022\/05\/30\/tunisie-isie-ouverture-de-linscription-sur-les-listes-electorales\/","url":"https:\/\/kapitalis.com\/tunisie\/2022\/05\/30\/tunisie-isie-ouverture-de-linscription-sur-les-listes-electorales\/","name":"Tunisie - Isie\u00a0: ouverture de l'inscription sur les listes \u00e9lectorales - Kapitalis","isPartOf":{"@id":"https:\/\/kapitalis.com\/tunisie\/#website"},"primaryImageOfPage":{"@id":"https:\/\/kapitalis.com\/tunisie\/2022\/05\/30\/tunisie-isie-ouverture-de-linscription-sur-les-listes-electorales\/#primaryimage"},"image":{"@id":"https:\/\/kapitalis.com\/tunisie\/2022\/05\/30\/tunisie-isie-ouverture-de-linscription-sur-les-listes-electorales\/#primaryimage"},"thumbnailUrl":"https:\/\/kapitalis.com\/tunisie\/wp-content\/uploads\/2022\/05\/Isie-Gafsa-2.jpg","datePublished":"2022-05-30T06:07:05+00:00","dateModified":"2022-05-30T06:07:06+00:00","breadcrumb":{"@id":"https:\/\/kapitalis.com\/tunisie\/2022\/05\/30\/tunisie-isie-ouverture-de-linscription-sur-les-listes-electorales\/#breadcrumb"},"inLanguage":"fr-FR","potentialAction":[{"@type":"ReadAction","target":["https:\/\/kapitalis.com\/tunisie\/2022\/05\/30\/tunisie-isie-ouverture-de-linscription-sur-les-listes-electorales\/"]}]},{"@type":"ImageObject","inLanguage":"fr-FR","@id":"https:\/\/kapitalis.com\/tunisie\/2022\/05\/30\/tunisie-isie-ouverture-de-linscription-sur-les-listes-electorales\/#primaryimage","url":"https:\/\/kapitalis.com\/tunisie\/wp-content\/uploads\/2022\/05\/Isie-Gafsa-2.jpg","contentUrl":"https:\/\/kapitalis.com\/tunisie\/wp-content\/uploads\/2022\/05\/Isie-Gafsa-2.jpg","width":1200,"height":630},{"@type":"BreadcrumbList","@id":"https:\/\/kapitalis.com\/tunisie\/2022\/05\/30\/tunisie-isie-ouverture-de-linscription-sur-les-listes-electorales\/#breadcrumb","itemListElement":[{"@type":"ListItem","position":1,"name":"Accueil","item":"https:\/\/kapitalis.com\/tunisie\/"},{"@type":"ListItem","position":2,"name":"Tunisie &#8211; Isie\u00a0: ouverture de l&rsquo;inscription sur les listes \u00e9lectorales"}]},{"@type":"WebSite","@id":"https:\/\/kapitalis.com\/tunisie\/#website","url":"https:\/\/kapitalis.com\/tunisie\/","name":"Kapitalis","description":"L&#039;actualit\u00e9 en Tunisie et dans le monde","publisher":{"@id":"https:\/\/kapitalis.com\/tunisie\/#organization"},"potentialAction":[{"@type":"SearchAction","target":{"@type":"EntryPoint","urlTemplate":"https:\/\/kapitalis.com\/tunisie\/?s={search_term_string}"},"query-input":{"@type":"PropertyValueSpecification","valueRequired":true,"valueName":"search_term_string"}}],"inLanguage":"fr-FR"},{"@type":"Organization","@id":"https:\/\/kapitalis.com\/tunisie\/#organization","name":"Kapitalis","url":"https:\/\/kapitalis.com\/tunisie\/","logo":{"@type":"ImageObject","inLanguage":"fr-FR","@id":"https:\/\/kapitalis.com\/tunisie\/#\/schema\/logo\/image\/","url":"https:\/\/kapitalis.com\/tunisie\/wp-content\/uploads\/2022\/05\/Kapitalis-big-size.png","contentUrl":"https:\/\/kapitalis.com\/tunisie\/wp-content\/uploads\/2022\/05\/Kapitalis-big-size.png","width":5000,"height":1500,"caption":"Kapitalis"},"image":{"@id":"https:\/\/kapitalis.com\/tunisie\/#\/schema\/logo\/image\/"},"sameAs":["https:\/\/www.facebook.com\/KapitalisInfo\/","https:\/\/x.com\/KapitalisInfo","https:\/\/www.youtube.com\/channel\/UC-yDYrHyfFBWWZaOw3FPg9Q"]},{"@type":"Person","@id":"https:\/\/kapitalis.com\/tunisie\/#\/schema\/person\/d71f33a9ca44f7bad4698210b480c8e9","name":"webmaster kapitalis","url":"https:\/\/kapitalis.com\/tunisie\/author\/webmaster-kapitalis\/"}]}},"_links":{"self":[{"href":"https:\/\/kapitalis.com\/tunisie\/wp-json\/wp\/v2\/posts\/1075086","targetHints":{"allow":["GET"]}}],"collection":[{"href":"https:\/\/kapitalis.com\/tunisie\/wp-json\/wp\/v2\/posts"}],"about":[{"href":"https:\/\/kapitalis.com\/tunisie\/wp-json\/wp\/v2\/types\/post"}],"author":[{"embeddable":true,"href":"https:\/\/kapitalis.com\/tunisie\/wp-json\/wp\/v2\/users\/8"}],"replies":[{"embeddable":true,"href":"https:\/\/kapitalis.com\/tunisie\/wp-json\/wp\/v2\/comments?post=1075086"}],"version-history":[{"count":0,"href":"https:\/\/kapitalis.com\/tunisie\/wp-json\/wp\/v2\/posts\/1075086\/revisions"}],"wp:featuredmedia":[{"embeddable":true,"href":"https:\/\/kapitalis.com\/tunisie\/wp-json\/wp\/v2\/media\/1075109"}],"wp:attachment":[{"href":"https:\/\/kapitalis.com\/tunisie\/wp-json\/wp\/v2\/media?parent=1075086"}],"wp:term":[{"taxonomy":"category","embeddable":true,"href":"https:\/\/kapitalis.com\/tunisie\/wp-json\/wp\/v2\/categories?post=1075086"},{"taxonomy":"post_tag","embeddable":true,"href":"https:\/\/kapitalis.com\/tunisie\/wp-json\/wp\/v2\/tags?post=1075086"}],"curies":[{"name":"wp","href":"https:\/\/api.w.org\/{rel}","templated":true}]}}