{"id":10754790,"date":"2023-12-01T07:44:16","date_gmt":"2023-12-01T06:44:16","guid":{"rendered":"https:\/\/kapitalis.com\/tunisie\/?p=10754790"},"modified":"2023-12-01T07:44:18","modified_gmt":"2023-12-01T06:44:18","slug":"rapport-violence-et-abus-infliges-aux-enfants-palestiniens-par-larmee-israelienne","status":"publish","type":"post","link":"https:\/\/kapitalis.com\/tunisie\/2023\/12\/01\/rapport-violence-et-abus-infliges-aux-enfants-palestiniens-par-larmee-israelienne\/","title":{"rendered":"Rapport : violence et abus inflig\u00e9s aux enfants palestiniens par l\u2019arm\u00e9e isra\u00e9lienne"},"content":{"rendered":"\n<p><strong><em>Nous rendons compte ci-dessous du rapport publi\u00e9 le 10 juillet 2023 \u00e0 Ramallah par l\u2019organisation internationale Save The Childen sur les souffrances inflig\u00e9es aux enfants palestiniens dans le syst\u00e8me p\u00e9nitentiaire isra\u00e9lien. Ces abus se sont aggrav\u00e9s depuis le 7 octobre dernier. \u00a0\u00a0<\/em><\/strong><\/p>\n\n\n\n<!--more-->\n\n\n\n<p>Les enfants palestiniens plac\u00e9s dans le syst\u00e8me de d\u00e9tention militaire isra\u00e9lien sont confront\u00e9s \u00e0 des violences physiques et psychologiques : quatre sur cinq (86%) d\u2019entre eux sont battus et 69% sont fouill\u00e9s \u00e0 nu, selon une nouvelle \u00e9tude de Save the Children. Pr\u00e8s de la moiti\u00e9 (42%) sont bless\u00e9s au moment de leur arrestation, notamment des blessures par balle et des fractures. Certains signalent des violences \u00e0 caract\u00e8re sexuel et d\u2019autres sont transf\u00e9r\u00e9s au tribunal ou entre centres de d\u00e9tention dans de petites cages, a indiqu\u00e9 l\u2019organisation de d\u00e9fense des droits de l\u2019enfant.<\/p>\n\n\n\n<p>Cette nouvelle recherche intervient alors que le rapporteur sp\u00e9cial des Nations Unies sur la situation des droits de l\u2019homme dans les territoires palestiniens occup\u00e9s depuis 1967 pr\u00e9sente des preuves au Conseil des droits de l\u2019homme sur les enfants palestiniens en d\u00e9tention. On estime qu\u2019entre 500 et 1 000 enfants sont d\u00e9tenus par l\u2019arm\u00e9e isra\u00e9lienne chaque ann\u00e9e.<\/p>\n\n\n\n<p>Save the Children affirme que ces pratiques constituent une pr\u00e9occupation majeure et de longue date en mati\u00e8re de droits humains et appelle le gouvernement isra\u00e9lien \u00e0 mettre fin \u00e0 la d\u00e9tention des enfants palestiniens en vertu de la loi militaire et \u00e0 leurs poursuites devant les tribunaux militaires.<\/p>\n\n\n\n<p>Save the Children et une organisation partenaire ont consult\u00e9 228 anciens jeunes prisonniers de toute la Cisjordanie, d\u00e9tenus entre un et 18 mois, et ont constat\u00e9 que la plupart des enfants \u00e9taient battus, menott\u00e9s et avaient les yeux band\u00e9s lors de leur arrestation. Ils sont \u00e9galement interrog\u00e9s dans des lieux inconnus sans la pr\u00e9sence d\u2019un soignant, et sont souvent priv\u00e9s de nourriture, d\u2019eau et de sommeil, ou d\u2019acc\u00e8s \u00e0 un avocat, selon l\u2019\u00e9tude. Le principal crime pr\u00e9sum\u00e9 pour ces d\u00e9tentions est le jet de pierres, qui peut entra\u00eener une peine de 20 ans de prison pour les enfants palestiniens.<\/p>\n\n\n\n<h2 class=\"wp-block-heading\">Des violences physiques et \u00e9motionnelles<\/h2>\n\n\n\n<p>Khalil*, qui a \u00e9t\u00e9 arr\u00eat\u00e9 alors qu\u2019il avait 13 ans, a d\u00e9clar\u00e9 qu\u2019il n\u2019avait pas re\u00e7u de soins de sant\u00e9 essentiels : <em>\u00abJ\u2019avais une blessure \u00e0 la jambe, j\u2019avais un pl\u00e2tre et j\u2019ai d\u00fb ramper pour pouvoir bouger. J\u2019ai senti mon corps se d\u00e9chirer. Je n\u2019avais pas de canne pour m\u2019aider \u00e0 marcher, j\u2019ai continu\u00e9 \u00e0 demander de l\u2019aide aux soldats pendant le transfert, mais personne ne m\u2019a aid\u00e9.\u00bb<\/em><\/p>\n\n\n\n<p>La nouvelle recherche fait suite au rapport 2020 de Save the Children <em>\u00abDefenceless\u00bb<\/em> et r\u00e9v\u00e8le que l\u2019impact des violences physiques et \u00e9motionnelles pendant la d\u00e9tention a explos\u00e9, avec de profondes cons\u00e9quences sur la capacit\u00e9 des enfants \u00e0 se r\u00e9tablir.<\/p>\n\n\n\n<p>Khalil* poursuit : <em>\u00abLe soldat a menac\u00e9 de me tuer lorsqu\u2019il m\u2019a arr\u00eat\u00e9 pour la deuxi\u00e8me fois. Il m\u2019a demand\u00e9 : \u2018\u2018Veux-tu subir le m\u00eame sort que ton cousin ?\u2019\u2019 qui avait \u00e9t\u00e9 tu\u00e9. Il m\u2019a promis que j\u2019aurais le m\u00eame sort et que je mourrais, mais qu\u2019il m\u2019enverrait d\u2019abord en prison. Il m\u2019a dit qu\u2019il reviendrait me chercher \u2013 et chaque jour, j\u2019attends que ce jour vienne.\u00bb<\/em><\/p>\n\n\n\n<p>Certains enfants ont d\u00e9clar\u00e9 qu\u2019ils pensaient que diff\u00e9rents types d\u2019abus visaient \u00e0 les pousser \u00e0 admettre des choses qui n\u2019\u00e9taient pas vraies afin d\u2019incriminer les autres, y compris les membres de leur famille.<\/p>\n\n\n\n<p>Yasmeen*, la m\u00e8re d&rsquo;Ahmed* arr\u00eat\u00e9 quand il avait 14 ans, a d\u00e9clar\u00e9 :<em> \u00abLors de l\u2019interrogatoire, ils ont convaincu Ahmed* de d\u00e9noncer son fr\u00e8re en \u00e9change de sa lib\u00e9ration. Il \u00e9tait na\u00eff et ne comprenait pas ce qui se passait. Il a dit ce qu\u2019ils lui ont dit de dire; quelques jours plus tard, ils sont venus chez nous et ont arr\u00eat\u00e9 mon autre fils.\u00bb<\/em><\/p>\n\n\n\n<figure class=\"wp-block-embed is-type-wp-embed is-provider-kapitalis wp-block-embed-kapitalis\"><div class=\"wp-block-embed__wrapper\">\n<blockquote class=\"wp-embedded-content\" data-secret=\"14KfCzqln6\"><a href=\"https:\/\/kapitalis.com\/tunisie\/2023\/11\/29\/les-israeliens-cassent-les-bras-et-les-doigts-de-lenfant-prisonnier-mohamed-nazzel-video\/\">Les Isra\u00e9liens cassent les bras et les doigts de l\u2019enfant prisonnier Mohamed Nazzel (vid\u00e9o)<\/a><\/blockquote><iframe loading=\"lazy\" class=\"wp-embedded-content\" sandbox=\"allow-scripts\" security=\"restricted\" style=\"position: absolute; clip: rect(1px, 1px, 1px, 1px);\" title=\"\u00ab\u00a0Les Isra\u00e9liens cassent les bras et les doigts de l\u2019enfant prisonnier Mohamed Nazzel (vid\u00e9o)\u00a0\u00bb &#8212; Kapitalis\" src=\"https:\/\/kapitalis.com\/tunisie\/2023\/11\/29\/les-israeliens-cassent-les-bras-et-les-doigts-de-lenfant-prisonnier-mohamed-nazzel-video\/embed\/#?secret=28FdIsU2tm#?secret=14KfCzqln6\" data-secret=\"14KfCzqln6\" width=\"600\" height=\"338\" frameborder=\"0\" marginwidth=\"0\" marginheight=\"0\" scrolling=\"no\"><\/iframe>\n<\/div><\/figure>\n\n\n\n<p>La nouvelle enqu\u00eate de Save the Children a montr\u00e9 que :<\/p>\n\n\n\n<p>&#8211; Lors de leur arrestation, 42% des enfants ont \u00e9t\u00e9 bless\u00e9s, notamment par balle et avec des fractures, et 65% des enfants ont \u00e9t\u00e9 arr\u00eat\u00e9s pendant la nuit, principalement entre minuit et l\u2019aube. La moiti\u00e9 de toutes les arrestations ont eu lieu dans le foyer pour enfants.<\/p>\n\n\n\n<p>&#8211; La majorit\u00e9 des enfants ont subi des niveaux \u00e9pouvantables de violence physique et \u00e9motionnelle, notamment avoir \u00e9t\u00e9 battus (86%), menac\u00e9s de violence (70%) et frapp\u00e9s avec des b\u00e2tons ou des armes \u00e0 feu (60%).<\/p>\n\n\n\n<p>&#8211; Certains enfants ont signal\u00e9 des violences et des abus de nature sexuelle, notamment des coups ou des attouchements sur les parties g\u00e9nitales, et 69% ont d\u00e9clar\u00e9 avoir \u00e9t\u00e9 fouill\u00e9s \u00e0 nu.<\/p>\n\n\n\n<p>&#8211; 60% des enfants ont \u00e9t\u00e9 plac\u00e9s en isolement cellulaire pour une dur\u00e9e allant d\u2019un jour \u00e0 48 jours.<\/p>\n\n\n\n<p>&#8211; Les enfants se sont vu refuser l\u2019acc\u00e8s aux services de base, 70% ont d\u00e9clar\u00e9 souffrir de la faim et 68% ont d\u00e9clar\u00e9 ne recevoir aucun soin de sant\u00e9.<\/p>\n\n\n\n<p>&#8211; 58% des enfants se sont vu refuser des visites ou des communications avec leur famille pendant leur d\u00e9tention.<\/p>\n\n\n\n<p>&#8211; La majorit\u00e9 des enfants d\u00e9tenus sont des gar\u00e7ons \u2013 une tendance refl\u00e9t\u00e9e par l\u2019enqu\u00eate, les gar\u00e7ons repr\u00e9sentant 97% des personnes interrog\u00e9es.<\/p>\n\n\n\n<p>&#8211; Les enfants sont de plus en plus incapables de reprendre pleinement leur vie normale apr\u00e8s leur sortie de d\u00e9tention, le nombre d\u2019enfants faisant des cauchemars fr\u00e9quents passant de 39% \u00e0 53% et ceux souffrant d\u2019insomnie ou de difficult\u00e9s \u00e0 dormir explosant de 47% \u00e0 73%, par rapport \u00e0 la m\u00eame p\u00e9riode. Les enfants ont \u00e9t\u00e9 interrog\u00e9s en 2020.<\/p>\n\n\n\n<h2 class=\"wp-block-heading\"><em>\u00abRien ne justifie de battre et de d\u00e9shabiller des enfants<em>\u00bb<\/em><\/em><\/h2>\n\n\n\n<p>Lana*, la m\u00e8re de Mohammed*, qui a \u00e9t\u00e9 arr\u00eat\u00e9 quand il avait 14 ans, a d\u00e9clar\u00e9 : <em>\u00abApr\u00e8s la lib\u00e9ration de mon fils, il voulait rester \u00e0 mes c\u00f4t\u00e9s et dormir \u00e0 c\u00f4t\u00e9 de moi. Il refuse de quitter la maison. Cela a \u00e9t\u00e9 un d\u00e9fi pour nous. Je sens qu\u2019il est traumatis\u00e9. Il a \u00e9t\u00e9 arr\u00eat\u00e9 mardi soir, maintenant tous les mardis il a l\u2019impression qu\u2019on vient le chercher.\u00bb<\/em><\/p>\n\n\n\n<p>Les recherches de Save the Children ont \u00e9galement montr\u00e9 comment les soins aux enfants et leur espoir pour l\u2019avenir ont diminu\u00e9, passant de 96% en 2020 \u00e0 68% en 2023, une augmentation alarmante dans un contexte o\u00f9 le soutien psychosocial disponible est limit\u00e9.<\/p>\n\n\n\n<p>Jason Lee, directeur national de Save the Children dans le territoire palestinien occup\u00e9, a d\u00e9clar\u00e9 : <em>\u00abChaque ann\u00e9e, environ 500 \u00e0 700 enfants palestiniens entrent en contact avec le syst\u00e8me judiciaire militaire isra\u00e9lien; ils sont les seuls enfants au monde \u00e0 faire l\u2019objet de poursuites syst\u00e9matiques devant les tribunaux militaires. Nos recherches montrent \u2013 <\/em><em>\u200b\u200b<\/em><em>une fois de plus \u2013 qu\u2019ils sont victimes d\u2019abus graves et g\u00e9n\u00e9ralis\u00e9s de la part de ceux qui sont cens\u00e9s s\u2019occuper d\u2019eux.\u00bb<\/em><\/p>\n\n\n\n<p><em>\u00abRien ne justifie de battre et de d\u00e9shabiller des enfants, de les traiter comme des animaux ou de leur voler leur avenir. Il s\u2019agit d\u2019une crise de protection de l\u2019enfance qui ne peut plus \u00eatre ignor\u00e9e. Il faut enfin mettre un terme \u00e0 ce syst\u00e8me de d\u00e9tention militaire abusif\u00bb<\/em>, a-t-il ajout\u00e9.<\/p>\n\n\n\n<p>Save the Children appelle le gouvernement isra\u00e9lien \u00e0 respecter tous les droits des enfants et le droit international. Aucun enfant ne devrait \u00eatre poursuivi devant des tribunaux militaires ou tout autre tribunal d\u00e9pourvu de droits complets \u00e0 un proc\u00e8s \u00e9quitable et de normes de justice pour mineurs.<\/p>\n\n\n\n<p>Save the Children appelle \u00e0 un moratoire imm\u00e9diat sur les autorit\u00e9s militaires isra\u00e9liennes qui arr\u00eatent, d\u00e9tiennent et poursuivent des enfants.<\/p>\n\n\n\n<p><strong><em>Source<\/em><\/strong>: <a href=\"https:\/\/www.savethechildren.net\/news\/stripped-beaten-and-blindfolded-new-research-reveals-ongoing-violence-and-abuse-palestinian\" target=\"_blank\" rel=\"noreferrer noopener\">Save The Children<\/a>. <\/p>\n","protected":false},"excerpt":{"rendered":"<p>Save The Childen d\u00e9voile les souffrances inflig\u00e9es aux enfants palestiniens dans le syst\u00e8me p\u00e9nitentiaire isra\u00e9lien. <\/p>\n","protected":false},"author":8,"featured_media":10754847,"comment_status":"open","ping_status":"open","sticky":false,"template":"","format":"standard","meta":{"footnotes":""},"categories":[992,997,2433],"tags":[4027,112597,2478,4026,87700,112596],"class_list":["post-10754790","post","type-post","status-publish","format-standard","has-post-thumbnail","hentry","category-a-la-une","category-politique","category-tunisie","tag-cisjordanie","tag-enfants-prisonniers","tag-israel","tag-palestine","tag-ramallah","tag-save-the-childen"],"yoast_head":"<!-- This site is optimized with the Yoast SEO plugin v26.6 - https:\/\/yoast.com\/wordpress\/plugins\/seo\/ -->\n<title>Rapport : violence et abus inflig\u00e9s aux enfants palestiniens par l\u2019arm\u00e9e isra\u00e9lienne - Kapitalis<\/title>\n<meta name=\"robots\" content=\"index, follow, max-snippet:-1, max-image-preview:large, max-video-preview:-1\" \/>\n<link rel=\"canonical\" href=\"https:\/\/kapitalis.com\/tunisie\/2023\/12\/01\/rapport-violence-et-abus-infliges-aux-enfants-palestiniens-par-larmee-israelienne\/\" \/>\n<meta property=\"og:locale\" content=\"fr_FR\" \/>\n<meta property=\"og:type\" content=\"article\" \/>\n<meta property=\"og:title\" content=\"Rapport : violence et abus inflig\u00e9s aux enfants palestiniens par l\u2019arm\u00e9e isra\u00e9lienne - Kapitalis\" \/>\n<meta property=\"og:description\" content=\"Save The Childen d\u00e9voile les souffrances inflig\u00e9es aux enfants palestiniens dans le syst\u00e8me p\u00e9nitentiaire isra\u00e9lien.\" \/>\n<meta property=\"og:url\" content=\"https:\/\/kapitalis.com\/tunisie\/2023\/12\/01\/rapport-violence-et-abus-infliges-aux-enfants-palestiniens-par-larmee-israelienne\/\" \/>\n<meta property=\"og:site_name\" content=\"Kapitalis\" \/>\n<meta property=\"article:publisher\" content=\"https:\/\/www.facebook.com\/KapitalisInfo\/\" \/>\n<meta property=\"article:published_time\" content=\"2023-12-01T06:44:16+00:00\" \/>\n<meta property=\"article:modified_time\" content=\"2023-12-01T06:44:18+00:00\" \/>\n<meta property=\"og:image\" content=\"https:\/\/kapitalis.com\/tunisie\/wp-content\/uploads\/2023\/12\/Enfants-palestiniens-violentes.jpg\" \/>\n\t<meta property=\"og:image:width\" content=\"1200\" \/>\n\t<meta property=\"og:image:height\" content=\"630\" \/>\n\t<meta property=\"og:image:type\" content=\"image\/jpeg\" \/>\n<meta name=\"author\" content=\"webmaster kapitalis\" \/>\n<meta name=\"twitter:card\" content=\"summary_large_image\" \/>\n<meta name=\"twitter:creator\" content=\"@KapitalisInfo\" \/>\n<meta name=\"twitter:site\" content=\"@KapitalisInfo\" \/>\n<meta name=\"twitter:label1\" content=\"\u00c9crit par\" \/>\n\t<meta name=\"twitter:data1\" content=\"webmaster kapitalis\" \/>\n\t<meta name=\"twitter:label2\" content=\"Dur\u00e9e de lecture estim\u00e9e\" \/>\n\t<meta name=\"twitter:data2\" content=\"7 minutes\" \/>\n<script type=\"application\/ld+json\" class=\"yoast-schema-graph\">{\"@context\":\"https:\/\/schema.org\",\"@graph\":[{\"@type\":\"Article\",\"@id\":\"https:\/\/kapitalis.com\/tunisie\/2023\/12\/01\/rapport-violence-et-abus-infliges-aux-enfants-palestiniens-par-larmee-israelienne\/#article\",\"isPartOf\":{\"@id\":\"https:\/\/kapitalis.com\/tunisie\/2023\/12\/01\/rapport-violence-et-abus-infliges-aux-enfants-palestiniens-par-larmee-israelienne\/\"},\"author\":{\"name\":\"webmaster kapitalis\",\"@id\":\"https:\/\/kapitalis.com\/tunisie\/#\/schema\/person\/d71f33a9ca44f7bad4698210b480c8e9\"},\"headline\":\"Rapport : violence et abus inflig\u00e9s aux enfants palestiniens par l\u2019arm\u00e9e isra\u00e9lienne\",\"datePublished\":\"2023-12-01T06:44:16+00:00\",\"dateModified\":\"2023-12-01T06:44:18+00:00\",\"mainEntityOfPage\":{\"@id\":\"https:\/\/kapitalis.com\/tunisie\/2023\/12\/01\/rapport-violence-et-abus-infliges-aux-enfants-palestiniens-par-larmee-israelienne\/\"},\"wordCount\":1335,\"commentCount\":0,\"publisher\":{\"@id\":\"https:\/\/kapitalis.com\/tunisie\/#organization\"},\"image\":{\"@id\":\"https:\/\/kapitalis.com\/tunisie\/2023\/12\/01\/rapport-violence-et-abus-infliges-aux-enfants-palestiniens-par-larmee-israelienne\/#primaryimage\"},\"thumbnailUrl\":\"https:\/\/kapitalis.com\/tunisie\/wp-content\/uploads\/2023\/12\/Enfants-palestiniens-violentes.jpg\",\"keywords\":[\"Cisjordanie\",\"enfants prisonniers\",\"Isra\u00ebl\",\"Palestine\",\"Ramallah\",\"Save The Childen\"],\"articleSection\":[\"A LA UNE\",\"POLITIQUE\",\"Tunisie\"],\"inLanguage\":\"fr-FR\",\"potentialAction\":[{\"@type\":\"CommentAction\",\"name\":\"Comment\",\"target\":[\"https:\/\/kapitalis.com\/tunisie\/2023\/12\/01\/rapport-violence-et-abus-infliges-aux-enfants-palestiniens-par-larmee-israelienne\/#respond\"]}]},{\"@type\":\"WebPage\",\"@id\":\"https:\/\/kapitalis.com\/tunisie\/2023\/12\/01\/rapport-violence-et-abus-infliges-aux-enfants-palestiniens-par-larmee-israelienne\/\",\"url\":\"https:\/\/kapitalis.com\/tunisie\/2023\/12\/01\/rapport-violence-et-abus-infliges-aux-enfants-palestiniens-par-larmee-israelienne\/\",\"name\":\"Rapport : violence et abus inflig\u00e9s aux enfants palestiniens par l\u2019arm\u00e9e isra\u00e9lienne - Kapitalis\",\"isPartOf\":{\"@id\":\"https:\/\/kapitalis.com\/tunisie\/#website\"},\"primaryImageOfPage\":{\"@id\":\"https:\/\/kapitalis.com\/tunisie\/2023\/12\/01\/rapport-violence-et-abus-infliges-aux-enfants-palestiniens-par-larmee-israelienne\/#primaryimage\"},\"image\":{\"@id\":\"https:\/\/kapitalis.com\/tunisie\/2023\/12\/01\/rapport-violence-et-abus-infliges-aux-enfants-palestiniens-par-larmee-israelienne\/#primaryimage\"},\"thumbnailUrl\":\"https:\/\/kapitalis.com\/tunisie\/wp-content\/uploads\/2023\/12\/Enfants-palestiniens-violentes.jpg\",\"datePublished\":\"2023-12-01T06:44:16+00:00\",\"dateModified\":\"2023-12-01T06:44:18+00:00\",\"breadcrumb\":{\"@id\":\"https:\/\/kapitalis.com\/tunisie\/2023\/12\/01\/rapport-violence-et-abus-infliges-aux-enfants-palestiniens-par-larmee-israelienne\/#breadcrumb\"},\"inLanguage\":\"fr-FR\",\"potentialAction\":[{\"@type\":\"ReadAction\",\"target\":[\"https:\/\/kapitalis.com\/tunisie\/2023\/12\/01\/rapport-violence-et-abus-infliges-aux-enfants-palestiniens-par-larmee-israelienne\/\"]}]},{\"@type\":\"ImageObject\",\"inLanguage\":\"fr-FR\",\"@id\":\"https:\/\/kapitalis.com\/tunisie\/2023\/12\/01\/rapport-violence-et-abus-infliges-aux-enfants-palestiniens-par-larmee-israelienne\/#primaryimage\",\"url\":\"https:\/\/kapitalis.com\/tunisie\/wp-content\/uploads\/2023\/12\/Enfants-palestiniens-violentes.jpg\",\"contentUrl\":\"https:\/\/kapitalis.com\/tunisie\/wp-content\/uploads\/2023\/12\/Enfants-palestiniens-violentes.jpg\",\"width\":1200,\"height\":630},{\"@type\":\"BreadcrumbList\",\"@id\":\"https:\/\/kapitalis.com\/tunisie\/2023\/12\/01\/rapport-violence-et-abus-infliges-aux-enfants-palestiniens-par-larmee-israelienne\/#breadcrumb\",\"itemListElement\":[{\"@type\":\"ListItem\",\"position\":1,\"name\":\"Accueil\",\"item\":\"https:\/\/kapitalis.com\/tunisie\/\"},{\"@type\":\"ListItem\",\"position\":2,\"name\":\"Rapport : violence et abus inflig\u00e9s aux enfants palestiniens par l\u2019arm\u00e9e isra\u00e9lienne\"}]},{\"@type\":\"WebSite\",\"@id\":\"https:\/\/kapitalis.com\/tunisie\/#website\",\"url\":\"https:\/\/kapitalis.com\/tunisie\/\",\"name\":\"Kapitalis\",\"description\":\"L&#039;actualit\u00e9 en Tunisie et dans le monde\",\"publisher\":{\"@id\":\"https:\/\/kapitalis.com\/tunisie\/#organization\"},\"potentialAction\":[{\"@type\":\"SearchAction\",\"target\":{\"@type\":\"EntryPoint\",\"urlTemplate\":\"https:\/\/kapitalis.com\/tunisie\/?s={search_term_string}\"},\"query-input\":{\"@type\":\"PropertyValueSpecification\",\"valueRequired\":true,\"valueName\":\"search_term_string\"}}],\"inLanguage\":\"fr-FR\"},{\"@type\":\"Organization\",\"@id\":\"https:\/\/kapitalis.com\/tunisie\/#organization\",\"name\":\"Kapitalis\",\"url\":\"https:\/\/kapitalis.com\/tunisie\/\",\"logo\":{\"@type\":\"ImageObject\",\"inLanguage\":\"fr-FR\",\"@id\":\"https:\/\/kapitalis.com\/tunisie\/#\/schema\/logo\/image\/\",\"url\":\"https:\/\/kapitalis.com\/tunisie\/wp-content\/uploads\/2022\/05\/Kapitalis-big-size.png\",\"contentUrl\":\"https:\/\/kapitalis.com\/tunisie\/wp-content\/uploads\/2022\/05\/Kapitalis-big-size.png\",\"width\":5000,\"height\":1500,\"caption\":\"Kapitalis\"},\"image\":{\"@id\":\"https:\/\/kapitalis.com\/tunisie\/#\/schema\/logo\/image\/\"},\"sameAs\":[\"https:\/\/www.facebook.com\/KapitalisInfo\/\",\"https:\/\/x.com\/KapitalisInfo\",\"https:\/\/www.youtube.com\/channel\/UC-yDYrHyfFBWWZaOw3FPg9Q\"]},{\"@type\":\"Person\",\"@id\":\"https:\/\/kapitalis.com\/tunisie\/#\/schema\/person\/d71f33a9ca44f7bad4698210b480c8e9\",\"name\":\"webmaster kapitalis\",\"url\":\"https:\/\/kapitalis.com\/tunisie\/author\/webmaster-kapitalis\/\"}]}<\/script>\n<!-- \/ Yoast SEO plugin. -->","yoast_head_json":{"title":"Rapport : violence et abus inflig\u00e9s aux enfants palestiniens par l\u2019arm\u00e9e isra\u00e9lienne - Kapitalis","robots":{"index":"index","follow":"follow","max-snippet":"max-snippet:-1","max-image-preview":"max-image-preview:large","max-video-preview":"max-video-preview:-1"},"canonical":"https:\/\/kapitalis.com\/tunisie\/2023\/12\/01\/rapport-violence-et-abus-infliges-aux-enfants-palestiniens-par-larmee-israelienne\/","og_locale":"fr_FR","og_type":"article","og_title":"Rapport : violence et abus inflig\u00e9s aux enfants palestiniens par l\u2019arm\u00e9e isra\u00e9lienne - Kapitalis","og_description":"Save The Childen d\u00e9voile les souffrances inflig\u00e9es aux enfants palestiniens dans le syst\u00e8me p\u00e9nitentiaire isra\u00e9lien.","og_url":"https:\/\/kapitalis.com\/tunisie\/2023\/12\/01\/rapport-violence-et-abus-infliges-aux-enfants-palestiniens-par-larmee-israelienne\/","og_site_name":"Kapitalis","article_publisher":"https:\/\/www.facebook.com\/KapitalisInfo\/","article_published_time":"2023-12-01T06:44:16+00:00","article_modified_time":"2023-12-01T06:44:18+00:00","og_image":[{"width":1200,"height":630,"url":"https:\/\/kapitalis.com\/tunisie\/wp-content\/uploads\/2023\/12\/Enfants-palestiniens-violentes.jpg","type":"image\/jpeg"}],"author":"webmaster kapitalis","twitter_card":"summary_large_image","twitter_creator":"@KapitalisInfo","twitter_site":"@KapitalisInfo","twitter_misc":{"\u00c9crit par":"webmaster kapitalis","Dur\u00e9e de lecture estim\u00e9e":"7 minutes"},"schema":{"@context":"https:\/\/schema.org","@graph":[{"@type":"Article","@id":"https:\/\/kapitalis.com\/tunisie\/2023\/12\/01\/rapport-violence-et-abus-infliges-aux-enfants-palestiniens-par-larmee-israelienne\/#article","isPartOf":{"@id":"https:\/\/kapitalis.com\/tunisie\/2023\/12\/01\/rapport-violence-et-abus-infliges-aux-enfants-palestiniens-par-larmee-israelienne\/"},"author":{"name":"webmaster kapitalis","@id":"https:\/\/kapitalis.com\/tunisie\/#\/schema\/person\/d71f33a9ca44f7bad4698210b480c8e9"},"headline":"Rapport : violence et abus inflig\u00e9s aux enfants palestiniens par l\u2019arm\u00e9e isra\u00e9lienne","datePublished":"2023-12-01T06:44:16+00:00","dateModified":"2023-12-01T06:44:18+00:00","mainEntityOfPage":{"@id":"https:\/\/kapitalis.com\/tunisie\/2023\/12\/01\/rapport-violence-et-abus-infliges-aux-enfants-palestiniens-par-larmee-israelienne\/"},"wordCount":1335,"commentCount":0,"publisher":{"@id":"https:\/\/kapitalis.com\/tunisie\/#organization"},"image":{"@id":"https:\/\/kapitalis.com\/tunisie\/2023\/12\/01\/rapport-violence-et-abus-infliges-aux-enfants-palestiniens-par-larmee-israelienne\/#primaryimage"},"thumbnailUrl":"https:\/\/kapitalis.com\/tunisie\/wp-content\/uploads\/2023\/12\/Enfants-palestiniens-violentes.jpg","keywords":["Cisjordanie","enfants prisonniers","Isra\u00ebl","Palestine","Ramallah","Save The Childen"],"articleSection":["A LA UNE","POLITIQUE","Tunisie"],"inLanguage":"fr-FR","potentialAction":[{"@type":"CommentAction","name":"Comment","target":["https:\/\/kapitalis.com\/tunisie\/2023\/12\/01\/rapport-violence-et-abus-infliges-aux-enfants-palestiniens-par-larmee-israelienne\/#respond"]}]},{"@type":"WebPage","@id":"https:\/\/kapitalis.com\/tunisie\/2023\/12\/01\/rapport-violence-et-abus-infliges-aux-enfants-palestiniens-par-larmee-israelienne\/","url":"https:\/\/kapitalis.com\/tunisie\/2023\/12\/01\/rapport-violence-et-abus-infliges-aux-enfants-palestiniens-par-larmee-israelienne\/","name":"Rapport : violence et abus inflig\u00e9s aux enfants palestiniens par l\u2019arm\u00e9e isra\u00e9lienne - Kapitalis","isPartOf":{"@id":"https:\/\/kapitalis.com\/tunisie\/#website"},"primaryImageOfPage":{"@id":"https:\/\/kapitalis.com\/tunisie\/2023\/12\/01\/rapport-violence-et-abus-infliges-aux-enfants-palestiniens-par-larmee-israelienne\/#primaryimage"},"image":{"@id":"https:\/\/kapitalis.com\/tunisie\/2023\/12\/01\/rapport-violence-et-abus-infliges-aux-enfants-palestiniens-par-larmee-israelienne\/#primaryimage"},"thumbnailUrl":"https:\/\/kapitalis.com\/tunisie\/wp-content\/uploads\/2023\/12\/Enfants-palestiniens-violentes.jpg","datePublished":"2023-12-01T06:44:16+00:00","dateModified":"2023-12-01T06:44:18+00:00","breadcrumb":{"@id":"https:\/\/kapitalis.com\/tunisie\/2023\/12\/01\/rapport-violence-et-abus-infliges-aux-enfants-palestiniens-par-larmee-israelienne\/#breadcrumb"},"inLanguage":"fr-FR","potentialAction":[{"@type":"ReadAction","target":["https:\/\/kapitalis.com\/tunisie\/2023\/12\/01\/rapport-violence-et-abus-infliges-aux-enfants-palestiniens-par-larmee-israelienne\/"]}]},{"@type":"ImageObject","inLanguage":"fr-FR","@id":"https:\/\/kapitalis.com\/tunisie\/2023\/12\/01\/rapport-violence-et-abus-infliges-aux-enfants-palestiniens-par-larmee-israelienne\/#primaryimage","url":"https:\/\/kapitalis.com\/tunisie\/wp-content\/uploads\/2023\/12\/Enfants-palestiniens-violentes.jpg","contentUrl":"https:\/\/kapitalis.com\/tunisie\/wp-content\/uploads\/2023\/12\/Enfants-palestiniens-violentes.jpg","width":1200,"height":630},{"@type":"BreadcrumbList","@id":"https:\/\/kapitalis.com\/tunisie\/2023\/12\/01\/rapport-violence-et-abus-infliges-aux-enfants-palestiniens-par-larmee-israelienne\/#breadcrumb","itemListElement":[{"@type":"ListItem","position":1,"name":"Accueil","item":"https:\/\/kapitalis.com\/tunisie\/"},{"@type":"ListItem","position":2,"name":"Rapport : violence et abus inflig\u00e9s aux enfants palestiniens par l\u2019arm\u00e9e isra\u00e9lienne"}]},{"@type":"WebSite","@id":"https:\/\/kapitalis.com\/tunisie\/#website","url":"https:\/\/kapitalis.com\/tunisie\/","name":"Kapitalis","description":"L&#039;actualit\u00e9 en Tunisie et dans le monde","publisher":{"@id":"https:\/\/kapitalis.com\/tunisie\/#organization"},"potentialAction":[{"@type":"SearchAction","target":{"@type":"EntryPoint","urlTemplate":"https:\/\/kapitalis.com\/tunisie\/?s={search_term_string}"},"query-input":{"@type":"PropertyValueSpecification","valueRequired":true,"valueName":"search_term_string"}}],"inLanguage":"fr-FR"},{"@type":"Organization","@id":"https:\/\/kapitalis.com\/tunisie\/#organization","name":"Kapitalis","url":"https:\/\/kapitalis.com\/tunisie\/","logo":{"@type":"ImageObject","inLanguage":"fr-FR","@id":"https:\/\/kapitalis.com\/tunisie\/#\/schema\/logo\/image\/","url":"https:\/\/kapitalis.com\/tunisie\/wp-content\/uploads\/2022\/05\/Kapitalis-big-size.png","contentUrl":"https:\/\/kapitalis.com\/tunisie\/wp-content\/uploads\/2022\/05\/Kapitalis-big-size.png","width":5000,"height":1500,"caption":"Kapitalis"},"image":{"@id":"https:\/\/kapitalis.com\/tunisie\/#\/schema\/logo\/image\/"},"sameAs":["https:\/\/www.facebook.com\/KapitalisInfo\/","https:\/\/x.com\/KapitalisInfo","https:\/\/www.youtube.com\/channel\/UC-yDYrHyfFBWWZaOw3FPg9Q"]},{"@type":"Person","@id":"https:\/\/kapitalis.com\/tunisie\/#\/schema\/person\/d71f33a9ca44f7bad4698210b480c8e9","name":"webmaster kapitalis","url":"https:\/\/kapitalis.com\/tunisie\/author\/webmaster-kapitalis\/"}]}},"_links":{"self":[{"href":"https:\/\/kapitalis.com\/tunisie\/wp-json\/wp\/v2\/posts\/10754790","targetHints":{"allow":["GET"]}}],"collection":[{"href":"https:\/\/kapitalis.com\/tunisie\/wp-json\/wp\/v2\/posts"}],"about":[{"href":"https:\/\/kapitalis.com\/tunisie\/wp-json\/wp\/v2\/types\/post"}],"author":[{"embeddable":true,"href":"https:\/\/kapitalis.com\/tunisie\/wp-json\/wp\/v2\/users\/8"}],"replies":[{"embeddable":true,"href":"https:\/\/kapitalis.com\/tunisie\/wp-json\/wp\/v2\/comments?post=10754790"}],"version-history":[{"count":1,"href":"https:\/\/kapitalis.com\/tunisie\/wp-json\/wp\/v2\/posts\/10754790\/revisions"}],"predecessor-version":[{"id":10754860,"href":"https:\/\/kapitalis.com\/tunisie\/wp-json\/wp\/v2\/posts\/10754790\/revisions\/10754860"}],"wp:featuredmedia":[{"embeddable":true,"href":"https:\/\/kapitalis.com\/tunisie\/wp-json\/wp\/v2\/media\/10754847"}],"wp:attachment":[{"href":"https:\/\/kapitalis.com\/tunisie\/wp-json\/wp\/v2\/media?parent=10754790"}],"wp:term":[{"taxonomy":"category","embeddable":true,"href":"https:\/\/kapitalis.com\/tunisie\/wp-json\/wp\/v2\/categories?post=10754790"},{"taxonomy":"post_tag","embeddable":true,"href":"https:\/\/kapitalis.com\/tunisie\/wp-json\/wp\/v2\/tags?post=10754790"}],"curies":[{"name":"wp","href":"https:\/\/api.w.org\/{rel}","templated":true}]}}