{"id":1075655,"date":"2022-05-30T08:28:28","date_gmt":"2022-05-30T07:28:28","guid":{"rendered":"https:\/\/kapitalis.com\/tunisie\/?p=1075655"},"modified":"2022-05-30T08:28:29","modified_gmt":"2022-05-30T07:28:29","slug":"tunisie-adel-khabthani-lance-le-forum-national-pour-la-republique","status":"publish","type":"post","link":"https:\/\/kapitalis.com\/tunisie\/2022\/05\/30\/tunisie-adel-khabthani-lance-le-forum-national-pour-la-republique\/","title":{"rendered":"Tunisie\u00a0: Adel Khabthani lance le Forum national pour la r\u00e9publique"},"content":{"rendered":"\n<p><strong><em>Le pr\u00e9sident d&rsquo;Al-Mountada Al-Watani Lil-Joumhouria (Forum national pour la r\u00e9publique), l&rsquo;ancien gouverneur de Sfax, Adel Khabthani, a pr\u00e9sent\u00e9 sa perception de la situation g\u00e9n\u00e9rale actuelle de la Tunisie et ses propositions pour la sortir de la crise qu&rsquo;elle traverse, et qui n\u00e9cessit\u00e9, selon ses termes, une intervention d&rsquo;urgence.<\/em><\/strong><\/p>\n\n\n\n<!--more-->\n\n\n\n<p>Parmi les propositions les plus importantes, Adel Khabthani a cit\u00e9 la r\u00e9forme de l&rsquo;administration et et la num\u00e9risation de ses services, ainsi que l&rsquo;encadrement plus pouss\u00e9 des comp\u00e9tences et la modification de certains articles de la constitution relatifs au syst\u00e8me de gouvernance, surtout que le syst\u00e8me parlementaire exp\u00e9riment\u00e9 depuis 2011 s&rsquo;est av\u00e9r\u00e9 inefficace, a-t-il expliqu\u00e9, en insistant \u00e9galement sur la n\u00e9cessit\u00e9 de poursuivre en justice les corrompus qui ont caus\u00e9 la faillite du pays, mais sans esprit revanchard.<\/p>\n\n\n\n<p>Dans une d\u00e9claration \u00e0 Mosa\u00efque FM, en marge du 1er Forum national pour la r\u00e9publique, qui s&rsquo;est tenu dans la ville de Sousse sous le th\u00e8me <em>\u00abQuelles r\u00e9formes pour la relance ?\u00bb<\/em> \u00e0 laquelle ont particip\u00e9 plusieurs personnalit\u00e9s de la soci\u00e9t\u00e9 civile, M. Khathani a soulign\u00e9 que les r\u00e9formes doivent \u00eatre le fruit de consultations et non impos\u00e9es et unilat\u00e9rales, selon ses termes, appelant dans ce contexte \u00e0 d\u00e9passer les divergences politiciennes.<\/p>\n\n\n\n<p><em>\u00abNous ambitionnons de construire un projet national qui inclut toutes les \u00e9nergies, sans exclusive et n&rsquo;incluant que celles qui s&rsquo;excluent&nbsp;elles-m\u00eames\u00bb<\/em>, a lanc\u00e9 M. Khabthani, en souligant son d\u00e9saccord avec <em>\u00abceux qui croient au califat\u00bb<\/em>, par allusion aux partis ayant un r\u00e9f\u00e9rence religieuse.<\/p>\n\n\n\n<p>Le Forum national pour la r\u00e9publique est un espace de r\u00e9flexion et de proposition r\u00e9unissant des comp\u00e9tences nationales qui croient \u00e0 la r\u00e9publique et \u00e0 l&rsquo;\u00c9tat civil, a encore expliqu\u00e9 M. Khabthani, en annon\u00e7ant le d\u00e9marrage de r\u00e9unions r\u00e9gionales pour \u00e9couter les pr\u00e9occupations des citoyens.<\/p>\n\n\n\n<p class=\"has-text-align-right\"><strong>I. B.<\/strong><\/p>\n","protected":false},"excerpt":{"rendered":"<p>Adel Khabthani, pr\u00e9sident du Forum national pour la r\u00e9publique, pr\u00e9sent\u00e9 sa perception de la situation g\u00e9n\u00e9rale actuelle de la Tunisie et ses propositions pour la sortir de la crise qu&rsquo;elle traverse. <\/p>\n","protected":false},"author":8,"featured_media":1075678,"comment_status":"open","ping_status":"open","sticky":false,"template":"","format":"standard","meta":{"footnotes":""},"categories":[995,2433],"tags":[28634,100165,823,854,62643],"class_list":["post-1075655","post","type-post","status-publish","format-standard","has-post-thumbnail","hentry","category-economie","category-tunisie","tag-adel-khabthani","tag-al-mountada-al-watani","tag-sfax","tag-sousse","tag-tunisie"],"yoast_head":"<!-- This site is optimized with the Yoast SEO plugin v26.6 - https:\/\/yoast.com\/wordpress\/plugins\/seo\/ -->\n<title>Tunisie\u00a0: Adel Khabthani lance le Forum national pour la r\u00e9publique - Kapitalis<\/title>\n<meta name=\"robots\" content=\"index, follow, max-snippet:-1, max-image-preview:large, max-video-preview:-1\" \/>\n<link rel=\"canonical\" href=\"https:\/\/kapitalis.com\/tunisie\/2022\/05\/30\/tunisie-adel-khabthani-lance-le-forum-national-pour-la-republique\/\" \/>\n<meta property=\"og:locale\" content=\"fr_FR\" \/>\n<meta property=\"og:type\" content=\"article\" \/>\n<meta property=\"og:title\" content=\"Tunisie\u00a0: Adel Khabthani lance le Forum national pour la r\u00e9publique - Kapitalis\" \/>\n<meta property=\"og:description\" content=\"Adel Khabthani, pr\u00e9sident du Forum national pour la r\u00e9publique, pr\u00e9sent\u00e9 sa perception de la situation g\u00e9n\u00e9rale actuelle de la Tunisie et ses propositions pour la sortir de la crise qu&#039;elle traverse.\" \/>\n<meta property=\"og:url\" content=\"https:\/\/kapitalis.com\/tunisie\/2022\/05\/30\/tunisie-adel-khabthani-lance-le-forum-national-pour-la-republique\/\" \/>\n<meta property=\"og:site_name\" content=\"Kapitalis\" \/>\n<meta property=\"article:publisher\" content=\"https:\/\/www.facebook.com\/KapitalisInfo\/\" \/>\n<meta property=\"article:published_time\" content=\"2022-05-30T07:28:28+00:00\" \/>\n<meta property=\"article:modified_time\" content=\"2022-05-30T07:28:29+00:00\" \/>\n<meta property=\"og:image\" content=\"https:\/\/kapitalis.com\/tunisie\/wp-content\/uploads\/2022\/05\/Adel-Khabthani.jpg\" \/>\n\t<meta property=\"og:image:width\" content=\"1200\" \/>\n\t<meta property=\"og:image:height\" content=\"630\" \/>\n\t<meta property=\"og:image:type\" content=\"image\/jpeg\" \/>\n<meta name=\"author\" content=\"webmaster kapitalis\" \/>\n<meta name=\"twitter:card\" content=\"summary_large_image\" \/>\n<meta name=\"twitter:creator\" content=\"@KapitalisInfo\" \/>\n<meta name=\"twitter:site\" content=\"@KapitalisInfo\" \/>\n<meta name=\"twitter:label1\" content=\"\u00c9crit par\" \/>\n\t<meta name=\"twitter:data1\" content=\"webmaster kapitalis\" \/>\n\t<meta name=\"twitter:label2\" content=\"Dur\u00e9e de lecture estim\u00e9e\" \/>\n\t<meta name=\"twitter:data2\" content=\"2 minutes\" \/>\n<script type=\"application\/ld+json\" class=\"yoast-schema-graph\">{\"@context\":\"https:\/\/schema.org\",\"@graph\":[{\"@type\":\"Article\",\"@id\":\"https:\/\/kapitalis.com\/tunisie\/2022\/05\/30\/tunisie-adel-khabthani-lance-le-forum-national-pour-la-republique\/#article\",\"isPartOf\":{\"@id\":\"https:\/\/kapitalis.com\/tunisie\/2022\/05\/30\/tunisie-adel-khabthani-lance-le-forum-national-pour-la-republique\/\"},\"author\":{\"name\":\"webmaster kapitalis\",\"@id\":\"https:\/\/kapitalis.com\/tunisie\/#\/schema\/person\/d71f33a9ca44f7bad4698210b480c8e9\"},\"headline\":\"Tunisie\u00a0: Adel Khabthani lance le Forum national pour la r\u00e9publique\",\"datePublished\":\"2022-05-30T07:28:28+00:00\",\"dateModified\":\"2022-05-30T07:28:29+00:00\",\"mainEntityOfPage\":{\"@id\":\"https:\/\/kapitalis.com\/tunisie\/2022\/05\/30\/tunisie-adel-khabthani-lance-le-forum-national-pour-la-republique\/\"},\"wordCount\":333,\"commentCount\":0,\"publisher\":{\"@id\":\"https:\/\/kapitalis.com\/tunisie\/#organization\"},\"image\":{\"@id\":\"https:\/\/kapitalis.com\/tunisie\/2022\/05\/30\/tunisie-adel-khabthani-lance-le-forum-national-pour-la-republique\/#primaryimage\"},\"thumbnailUrl\":\"https:\/\/kapitalis.com\/tunisie\/wp-content\/uploads\/2022\/05\/Adel-Khabthani.jpg\",\"keywords\":[\"Adel Khabthani\",\"Al-Mountada Al-Watani\",\"Sfax\",\"Sousse\",\"Tunisie\"],\"articleSection\":[\"ECONOMIE\",\"Tunisie\"],\"inLanguage\":\"fr-FR\",\"potentialAction\":[{\"@type\":\"CommentAction\",\"name\":\"Comment\",\"target\":[\"https:\/\/kapitalis.com\/tunisie\/2022\/05\/30\/tunisie-adel-khabthani-lance-le-forum-national-pour-la-republique\/#respond\"]}]},{\"@type\":\"WebPage\",\"@id\":\"https:\/\/kapitalis.com\/tunisie\/2022\/05\/30\/tunisie-adel-khabthani-lance-le-forum-national-pour-la-republique\/\",\"url\":\"https:\/\/kapitalis.com\/tunisie\/2022\/05\/30\/tunisie-adel-khabthani-lance-le-forum-national-pour-la-republique\/\",\"name\":\"Tunisie\u00a0: Adel Khabthani lance le Forum national pour la r\u00e9publique - Kapitalis\",\"isPartOf\":{\"@id\":\"https:\/\/kapitalis.com\/tunisie\/#website\"},\"primaryImageOfPage\":{\"@id\":\"https:\/\/kapitalis.com\/tunisie\/2022\/05\/30\/tunisie-adel-khabthani-lance-le-forum-national-pour-la-republique\/#primaryimage\"},\"image\":{\"@id\":\"https:\/\/kapitalis.com\/tunisie\/2022\/05\/30\/tunisie-adel-khabthani-lance-le-forum-national-pour-la-republique\/#primaryimage\"},\"thumbnailUrl\":\"https:\/\/kapitalis.com\/tunisie\/wp-content\/uploads\/2022\/05\/Adel-Khabthani.jpg\",\"datePublished\":\"2022-05-30T07:28:28+00:00\",\"dateModified\":\"2022-05-30T07:28:29+00:00\",\"breadcrumb\":{\"@id\":\"https:\/\/kapitalis.com\/tunisie\/2022\/05\/30\/tunisie-adel-khabthani-lance-le-forum-national-pour-la-republique\/#breadcrumb\"},\"inLanguage\":\"fr-FR\",\"potentialAction\":[{\"@type\":\"ReadAction\",\"target\":[\"https:\/\/kapitalis.com\/tunisie\/2022\/05\/30\/tunisie-adel-khabthani-lance-le-forum-national-pour-la-republique\/\"]}]},{\"@type\":\"ImageObject\",\"inLanguage\":\"fr-FR\",\"@id\":\"https:\/\/kapitalis.com\/tunisie\/2022\/05\/30\/tunisie-adel-khabthani-lance-le-forum-national-pour-la-republique\/#primaryimage\",\"url\":\"https:\/\/kapitalis.com\/tunisie\/wp-content\/uploads\/2022\/05\/Adel-Khabthani.jpg\",\"contentUrl\":\"https:\/\/kapitalis.com\/tunisie\/wp-content\/uploads\/2022\/05\/Adel-Khabthani.jpg\",\"width\":1200,\"height\":630},{\"@type\":\"BreadcrumbList\",\"@id\":\"https:\/\/kapitalis.com\/tunisie\/2022\/05\/30\/tunisie-adel-khabthani-lance-le-forum-national-pour-la-republique\/#breadcrumb\",\"itemListElement\":[{\"@type\":\"ListItem\",\"position\":1,\"name\":\"Accueil\",\"item\":\"https:\/\/kapitalis.com\/tunisie\/\"},{\"@type\":\"ListItem\",\"position\":2,\"name\":\"Tunisie\u00a0: Adel Khabthani lance le Forum national pour la r\u00e9publique\"}]},{\"@type\":\"WebSite\",\"@id\":\"https:\/\/kapitalis.com\/tunisie\/#website\",\"url\":\"https:\/\/kapitalis.com\/tunisie\/\",\"name\":\"Kapitalis\",\"description\":\"L&#039;actualit\u00e9 en Tunisie et dans le monde\",\"publisher\":{\"@id\":\"https:\/\/kapitalis.com\/tunisie\/#organization\"},\"potentialAction\":[{\"@type\":\"SearchAction\",\"target\":{\"@type\":\"EntryPoint\",\"urlTemplate\":\"https:\/\/kapitalis.com\/tunisie\/?s={search_term_string}\"},\"query-input\":{\"@type\":\"PropertyValueSpecification\",\"valueRequired\":true,\"valueName\":\"search_term_string\"}}],\"inLanguage\":\"fr-FR\"},{\"@type\":\"Organization\",\"@id\":\"https:\/\/kapitalis.com\/tunisie\/#organization\",\"name\":\"Kapitalis\",\"url\":\"https:\/\/kapitalis.com\/tunisie\/\",\"logo\":{\"@type\":\"ImageObject\",\"inLanguage\":\"fr-FR\",\"@id\":\"https:\/\/kapitalis.com\/tunisie\/#\/schema\/logo\/image\/\",\"url\":\"https:\/\/kapitalis.com\/tunisie\/wp-content\/uploads\/2022\/05\/Kapitalis-big-size.png\",\"contentUrl\":\"https:\/\/kapitalis.com\/tunisie\/wp-content\/uploads\/2022\/05\/Kapitalis-big-size.png\",\"width\":5000,\"height\":1500,\"caption\":\"Kapitalis\"},\"image\":{\"@id\":\"https:\/\/kapitalis.com\/tunisie\/#\/schema\/logo\/image\/\"},\"sameAs\":[\"https:\/\/www.facebook.com\/KapitalisInfo\/\",\"https:\/\/x.com\/KapitalisInfo\",\"https:\/\/www.youtube.com\/channel\/UC-yDYrHyfFBWWZaOw3FPg9Q\"]},{\"@type\":\"Person\",\"@id\":\"https:\/\/kapitalis.com\/tunisie\/#\/schema\/person\/d71f33a9ca44f7bad4698210b480c8e9\",\"name\":\"webmaster kapitalis\",\"url\":\"https:\/\/kapitalis.com\/tunisie\/author\/webmaster-kapitalis\/\"}]}<\/script>\n<!-- \/ Yoast SEO plugin. -->","yoast_head_json":{"title":"Tunisie\u00a0: Adel Khabthani lance le Forum national pour la r\u00e9publique - Kapitalis","robots":{"index":"index","follow":"follow","max-snippet":"max-snippet:-1","max-image-preview":"max-image-preview:large","max-video-preview":"max-video-preview:-1"},"canonical":"https:\/\/kapitalis.com\/tunisie\/2022\/05\/30\/tunisie-adel-khabthani-lance-le-forum-national-pour-la-republique\/","og_locale":"fr_FR","og_type":"article","og_title":"Tunisie\u00a0: Adel Khabthani lance le Forum national pour la r\u00e9publique - Kapitalis","og_description":"Adel Khabthani, pr\u00e9sident du Forum national pour la r\u00e9publique, pr\u00e9sent\u00e9 sa perception de la situation g\u00e9n\u00e9rale actuelle de la Tunisie et ses propositions pour la sortir de la crise qu'elle traverse.","og_url":"https:\/\/kapitalis.com\/tunisie\/2022\/05\/30\/tunisie-adel-khabthani-lance-le-forum-national-pour-la-republique\/","og_site_name":"Kapitalis","article_publisher":"https:\/\/www.facebook.com\/KapitalisInfo\/","article_published_time":"2022-05-30T07:28:28+00:00","article_modified_time":"2022-05-30T07:28:29+00:00","og_image":[{"width":1200,"height":630,"url":"https:\/\/kapitalis.com\/tunisie\/wp-content\/uploads\/2022\/05\/Adel-Khabthani.jpg","type":"image\/jpeg"}],"author":"webmaster kapitalis","twitter_card":"summary_large_image","twitter_creator":"@KapitalisInfo","twitter_site":"@KapitalisInfo","twitter_misc":{"\u00c9crit par":"webmaster kapitalis","Dur\u00e9e de lecture estim\u00e9e":"2 minutes"},"schema":{"@context":"https:\/\/schema.org","@graph":[{"@type":"Article","@id":"https:\/\/kapitalis.com\/tunisie\/2022\/05\/30\/tunisie-adel-khabthani-lance-le-forum-national-pour-la-republique\/#article","isPartOf":{"@id":"https:\/\/kapitalis.com\/tunisie\/2022\/05\/30\/tunisie-adel-khabthani-lance-le-forum-national-pour-la-republique\/"},"author":{"name":"webmaster kapitalis","@id":"https:\/\/kapitalis.com\/tunisie\/#\/schema\/person\/d71f33a9ca44f7bad4698210b480c8e9"},"headline":"Tunisie\u00a0: Adel Khabthani lance le Forum national pour la r\u00e9publique","datePublished":"2022-05-30T07:28:28+00:00","dateModified":"2022-05-30T07:28:29+00:00","mainEntityOfPage":{"@id":"https:\/\/kapitalis.com\/tunisie\/2022\/05\/30\/tunisie-adel-khabthani-lance-le-forum-national-pour-la-republique\/"},"wordCount":333,"commentCount":0,"publisher":{"@id":"https:\/\/kapitalis.com\/tunisie\/#organization"},"image":{"@id":"https:\/\/kapitalis.com\/tunisie\/2022\/05\/30\/tunisie-adel-khabthani-lance-le-forum-national-pour-la-republique\/#primaryimage"},"thumbnailUrl":"https:\/\/kapitalis.com\/tunisie\/wp-content\/uploads\/2022\/05\/Adel-Khabthani.jpg","keywords":["Adel Khabthani","Al-Mountada Al-Watani","Sfax","Sousse","Tunisie"],"articleSection":["ECONOMIE","Tunisie"],"inLanguage":"fr-FR","potentialAction":[{"@type":"CommentAction","name":"Comment","target":["https:\/\/kapitalis.com\/tunisie\/2022\/05\/30\/tunisie-adel-khabthani-lance-le-forum-national-pour-la-republique\/#respond"]}]},{"@type":"WebPage","@id":"https:\/\/kapitalis.com\/tunisie\/2022\/05\/30\/tunisie-adel-khabthani-lance-le-forum-national-pour-la-republique\/","url":"https:\/\/kapitalis.com\/tunisie\/2022\/05\/30\/tunisie-adel-khabthani-lance-le-forum-national-pour-la-republique\/","name":"Tunisie\u00a0: Adel Khabthani lance le Forum national pour la r\u00e9publique - Kapitalis","isPartOf":{"@id":"https:\/\/kapitalis.com\/tunisie\/#website"},"primaryImageOfPage":{"@id":"https:\/\/kapitalis.com\/tunisie\/2022\/05\/30\/tunisie-adel-khabthani-lance-le-forum-national-pour-la-republique\/#primaryimage"},"image":{"@id":"https:\/\/kapitalis.com\/tunisie\/2022\/05\/30\/tunisie-adel-khabthani-lance-le-forum-national-pour-la-republique\/#primaryimage"},"thumbnailUrl":"https:\/\/kapitalis.com\/tunisie\/wp-content\/uploads\/2022\/05\/Adel-Khabthani.jpg","datePublished":"2022-05-30T07:28:28+00:00","dateModified":"2022-05-30T07:28:29+00:00","breadcrumb":{"@id":"https:\/\/kapitalis.com\/tunisie\/2022\/05\/30\/tunisie-adel-khabthani-lance-le-forum-national-pour-la-republique\/#breadcrumb"},"inLanguage":"fr-FR","potentialAction":[{"@type":"ReadAction","target":["https:\/\/kapitalis.com\/tunisie\/2022\/05\/30\/tunisie-adel-khabthani-lance-le-forum-national-pour-la-republique\/"]}]},{"@type":"ImageObject","inLanguage":"fr-FR","@id":"https:\/\/kapitalis.com\/tunisie\/2022\/05\/30\/tunisie-adel-khabthani-lance-le-forum-national-pour-la-republique\/#primaryimage","url":"https:\/\/kapitalis.com\/tunisie\/wp-content\/uploads\/2022\/05\/Adel-Khabthani.jpg","contentUrl":"https:\/\/kapitalis.com\/tunisie\/wp-content\/uploads\/2022\/05\/Adel-Khabthani.jpg","width":1200,"height":630},{"@type":"BreadcrumbList","@id":"https:\/\/kapitalis.com\/tunisie\/2022\/05\/30\/tunisie-adel-khabthani-lance-le-forum-national-pour-la-republique\/#breadcrumb","itemListElement":[{"@type":"ListItem","position":1,"name":"Accueil","item":"https:\/\/kapitalis.com\/tunisie\/"},{"@type":"ListItem","position":2,"name":"Tunisie\u00a0: Adel Khabthani lance le Forum national pour la r\u00e9publique"}]},{"@type":"WebSite","@id":"https:\/\/kapitalis.com\/tunisie\/#website","url":"https:\/\/kapitalis.com\/tunisie\/","name":"Kapitalis","description":"L&#039;actualit\u00e9 en Tunisie et dans le monde","publisher":{"@id":"https:\/\/kapitalis.com\/tunisie\/#organization"},"potentialAction":[{"@type":"SearchAction","target":{"@type":"EntryPoint","urlTemplate":"https:\/\/kapitalis.com\/tunisie\/?s={search_term_string}"},"query-input":{"@type":"PropertyValueSpecification","valueRequired":true,"valueName":"search_term_string"}}],"inLanguage":"fr-FR"},{"@type":"Organization","@id":"https:\/\/kapitalis.com\/tunisie\/#organization","name":"Kapitalis","url":"https:\/\/kapitalis.com\/tunisie\/","logo":{"@type":"ImageObject","inLanguage":"fr-FR","@id":"https:\/\/kapitalis.com\/tunisie\/#\/schema\/logo\/image\/","url":"https:\/\/kapitalis.com\/tunisie\/wp-content\/uploads\/2022\/05\/Kapitalis-big-size.png","contentUrl":"https:\/\/kapitalis.com\/tunisie\/wp-content\/uploads\/2022\/05\/Kapitalis-big-size.png","width":5000,"height":1500,"caption":"Kapitalis"},"image":{"@id":"https:\/\/kapitalis.com\/tunisie\/#\/schema\/logo\/image\/"},"sameAs":["https:\/\/www.facebook.com\/KapitalisInfo\/","https:\/\/x.com\/KapitalisInfo","https:\/\/www.youtube.com\/channel\/UC-yDYrHyfFBWWZaOw3FPg9Q"]},{"@type":"Person","@id":"https:\/\/kapitalis.com\/tunisie\/#\/schema\/person\/d71f33a9ca44f7bad4698210b480c8e9","name":"webmaster kapitalis","url":"https:\/\/kapitalis.com\/tunisie\/author\/webmaster-kapitalis\/"}]}},"_links":{"self":[{"href":"https:\/\/kapitalis.com\/tunisie\/wp-json\/wp\/v2\/posts\/1075655","targetHints":{"allow":["GET"]}}],"collection":[{"href":"https:\/\/kapitalis.com\/tunisie\/wp-json\/wp\/v2\/posts"}],"about":[{"href":"https:\/\/kapitalis.com\/tunisie\/wp-json\/wp\/v2\/types\/post"}],"author":[{"embeddable":true,"href":"https:\/\/kapitalis.com\/tunisie\/wp-json\/wp\/v2\/users\/8"}],"replies":[{"embeddable":true,"href":"https:\/\/kapitalis.com\/tunisie\/wp-json\/wp\/v2\/comments?post=1075655"}],"version-history":[{"count":0,"href":"https:\/\/kapitalis.com\/tunisie\/wp-json\/wp\/v2\/posts\/1075655\/revisions"}],"wp:featuredmedia":[{"embeddable":true,"href":"https:\/\/kapitalis.com\/tunisie\/wp-json\/wp\/v2\/media\/1075678"}],"wp:attachment":[{"href":"https:\/\/kapitalis.com\/tunisie\/wp-json\/wp\/v2\/media?parent=1075655"}],"wp:term":[{"taxonomy":"category","embeddable":true,"href":"https:\/\/kapitalis.com\/tunisie\/wp-json\/wp\/v2\/categories?post=1075655"},{"taxonomy":"post_tag","embeddable":true,"href":"https:\/\/kapitalis.com\/tunisie\/wp-json\/wp\/v2\/tags?post=1075655"}],"curies":[{"name":"wp","href":"https:\/\/api.w.org\/{rel}","templated":true}]}}