{"id":107633,"date":"2017-07-25T13:25:23","date_gmt":"2017-07-25T12:25:23","guid":{"rendered":"http:\/\/kapitalis.com\/tunisie\/?p=107633"},"modified":"2017-07-25T13:31:11","modified_gmt":"2017-07-25T12:31:11","slug":"tunis-la-place-mohamed-brahmi-inauguree-4-ans-apres-son-assassinat","status":"publish","type":"post","link":"https:\/\/kapitalis.com\/tunisie\/2017\/07\/25\/tunis-la-place-mohamed-brahmi-inauguree-4-ans-apres-son-assassinat\/","title":{"rendered":"Tunis: La Place Mohamed Brahmi inaugur\u00e9e 4 ans apr\u00e8s son assassinat"},"content":{"rendered":"<p style=\"text-align: center;\"><img loading=\"lazy\" decoding=\"async\" class=\"alignnone size-full wp-image-107643\" src=\"http:\/\/kapitalis.com\/tunisie\/wp-content\/uploads\/2017\/07\/Place-Med-Brahmi-Tunis.jpg\" alt=\"\" width=\"626\" height=\"380\" \/><\/p>\n<p><em><strong>La Place Jeanne d&rsquo;Arc \u00e0 Tunis a \u00e9t\u00e9 baptis\u00e9e, aujourd\u2019hui, au nom de Mohamed Brahmi, \u00e0 l\u2019occasion de la comm\u00e9moration du 4e anniversaire de son assassinat.<\/strong><\/em><!--more--><\/p>\n<p>La c\u00e9r\u00e9monie d\u2019inauguration a \u00e9t\u00e9 pr\u00e9sid\u00e9e, ce mardi 25 juillet 2017, par le chef de l\u2019Etat B\u00e9ji Ca\u00efd Essebsi, en pr\u00e9sence de Mohamed Ennaceur, pr\u00e9sident de l\u2019Assembl\u00e9e, Mbarka Brahmi, \u00e9pouse du martyr et d\u00e9put\u00e9e Front populaire, des dirigeants du Front, des membres de la famille de Chokri Bela\u00efd (assassin\u00e9 lui aussi le 6 f\u00e9vrier 2013), ainsi que des activistes de la soci\u00e9t\u00e9 civile.<\/p>\n<p>A l\u2019occasion de la comm\u00e9moration de ce triste anniversaire, Mbarka Brahmi a indiqu\u00e9 que l\u2019inauguration d\u2019une place portant le nom du martyr est une reconnaissance \u00e0 sa m\u00e9moire mais ce n\u2019est pas suffisant.<\/p>\n<p style=\"text-align: center;\"><img loading=\"lazy\" decoding=\"async\" class=\"alignnone size-full wp-image-107644\" src=\"http:\/\/kapitalis.com\/tunisie\/wp-content\/uploads\/2017\/07\/Mohamed-Brahmi.jpg\" alt=\"\" width=\"500\" height=\"300\" \/><\/p>\n<p style=\"text-align: center;\"><em>Feu Mohamed Brahmi.<\/em><\/p>\n<p>\u00ab<em>M\u00eame si l\u2019on donne le nom de Mohamed Brahmi \u00e0 toutes les rues du monde, cela ne r\u00e9v\u00e9lera pas la v\u00e9rit\u00e9 sur cet assassinat politique, dont les commanditaires n\u2019ont pas \u00e9t\u00e9 identifi\u00e9s ni arr\u00eat\u00e9s. Ce qui n\u2019est pas \u00e9tonnant, parce que la justice n\u2019est pas neutre et la \u00ab\u00a0tro\u00efka\u00a0\u00bb<\/em><em>\u00a0a int\u00e9gr\u00e9 les siens dans toutes les administrations tunisiennes<\/em>\u00bb, a indiqu\u00e9 Mme Brahmi, en marge de cette comm\u00e9moration.<\/p>\n<p>Rappelons que sous la <em>\u00ab\u00a0tro\u00efka\u00a0\u00bb<\/em>, l&rsquo;ancienne coalition gouvernementale conduite par le parti islamiste Ennahdha, qui a r\u00e9gn\u00e9 de janvier 2012 \u00e0 janvier 2014, le minist\u00e8re tunisien de l\u2019Int\u00e9rieur avait \u00e9t\u00e9 alert\u00e9 par la CIA, le service de renseignements am\u00e9ricain, sur un projet d\u2019assassinat de Mohamed Brahmi, deux semaines avant le meurtre, mais aucune d\u00e9cision n\u2019avait alors \u00e9t\u00e9 prise pour assurer sa protection.<\/p>\n<p>La seule v\u00e9rit\u00e9 connue est que l\u2019assassinat a \u00e9t\u00e9 perp\u00e9tr\u00e9 par des extr\u00e9mistes religieux, sous la direction d&rsquo;un certain Abou Bakr Al-Hakim, qui avait des liens avec la police parall\u00e8le, sera exfiltr\u00e9 probablement par elle et mourra en Syrie.<\/p>\n<p>L&rsquo;affaire du meurtre de Brahmi, comme celle relative au meurtre de Belaid, tra\u00eene au niveau de la justice et plusieurs d\u00e9passements de proc\u00e9dure ont \u00e9t\u00e9 constat\u00e9s et r\u00e9v\u00e9l\u00e9s par le comit\u00e9 de d\u00e9fense de la famille Brahmi.<\/p>\n<p style=\"text-align: right;\"><strong>Y. N.<\/strong><\/p>\n","protected":false},"excerpt":{"rendered":"<p>La Place Jeanne d&rsquo;Arc \u00e0 Tunis a \u00e9t\u00e9 baptis\u00e9e, aujourd\u2019hui, au nom de Mohamed Brahmi, \u00e0 l\u2019occasion de la comm\u00e9moration du 4e anniversaire de son assassinat.<\/p>\n","protected":false},"author":6,"featured_media":107643,"comment_status":"open","ping_status":"open","sticky":false,"template":"","format":"standard","meta":{"footnotes":""},"categories":[997,2433],"tags":[2500,93,204,9359,7342,625],"class_list":["post-107633","post","type-post","status-publish","format-standard","has-post-thumbnail","hentry","category-politique","category-tunisie","tag-assassinat-politique","tag-assemblee","tag-chokri-belaid","tag-deputee","tag-mbarka-brahmi","tag-mohamed-brahmi"],"yoast_head":"<!-- This site is optimized with the Yoast SEO plugin v26.6 - https:\/\/yoast.com\/wordpress\/plugins\/seo\/ -->\n<title>Tunis: La Place Mohamed Brahmi inaugur\u00e9e 4 ans apr\u00e8s son assassinat - Kapitalis<\/title>\n<meta name=\"robots\" content=\"index, follow, max-snippet:-1, max-image-preview:large, max-video-preview:-1\" \/>\n<link rel=\"canonical\" href=\"https:\/\/kapitalis.com\/tunisie\/2017\/07\/25\/tunis-la-place-mohamed-brahmi-inauguree-4-ans-apres-son-assassinat\/\" \/>\n<meta property=\"og:locale\" content=\"fr_FR\" \/>\n<meta property=\"og:type\" content=\"article\" \/>\n<meta property=\"og:title\" content=\"Tunis: La Place Mohamed Brahmi inaugur\u00e9e 4 ans apr\u00e8s son assassinat - Kapitalis\" \/>\n<meta property=\"og:description\" content=\"La Place Jeanne d&rsquo;Arc \u00e0 Tunis a \u00e9t\u00e9 baptis\u00e9e, aujourd\u2019hui, au nom de Mohamed Brahmi, \u00e0 l\u2019occasion de la comm\u00e9moration du 4e anniversaire de son assassinat.\" \/>\n<meta property=\"og:url\" content=\"https:\/\/kapitalis.com\/tunisie\/2017\/07\/25\/tunis-la-place-mohamed-brahmi-inauguree-4-ans-apres-son-assassinat\/\" \/>\n<meta property=\"og:site_name\" content=\"Kapitalis\" \/>\n<meta property=\"article:publisher\" content=\"https:\/\/www.facebook.com\/KapitalisInfo\/\" \/>\n<meta property=\"article:published_time\" content=\"2017-07-25T12:25:23+00:00\" \/>\n<meta property=\"article:modified_time\" content=\"2017-07-25T12:31:11+00:00\" \/>\n<meta property=\"og:image\" content=\"https:\/\/kapitalis.com\/tunisie\/wp-content\/uploads\/2022\/05\/kapitalis-logo-fb.png\" \/>\n\t<meta property=\"og:image:width\" content=\"1200\" \/>\n\t<meta property=\"og:image:height\" content=\"630\" \/>\n\t<meta property=\"og:image:type\" content=\"image\/png\" \/>\n<meta name=\"author\" content=\"Yusra NY\" \/>\n<meta name=\"twitter:card\" content=\"summary_large_image\" \/>\n<meta name=\"twitter:creator\" content=\"@KapitalisInfo\" \/>\n<meta name=\"twitter:site\" content=\"@KapitalisInfo\" \/>\n<meta name=\"twitter:label1\" content=\"\u00c9crit par\" \/>\n\t<meta name=\"twitter:data1\" content=\"Yusra NY\" \/>\n\t<meta name=\"twitter:label2\" content=\"Dur\u00e9e de lecture estim\u00e9e\" \/>\n\t<meta name=\"twitter:data2\" content=\"2 minutes\" \/>\n<script type=\"application\/ld+json\" class=\"yoast-schema-graph\">{\"@context\":\"https:\/\/schema.org\",\"@graph\":[{\"@type\":\"Article\",\"@id\":\"https:\/\/kapitalis.com\/tunisie\/2017\/07\/25\/tunis-la-place-mohamed-brahmi-inauguree-4-ans-apres-son-assassinat\/#article\",\"isPartOf\":{\"@id\":\"https:\/\/kapitalis.com\/tunisie\/2017\/07\/25\/tunis-la-place-mohamed-brahmi-inauguree-4-ans-apres-son-assassinat\/\"},\"author\":{\"name\":\"Yusra NY\",\"@id\":\"https:\/\/kapitalis.com\/tunisie\/#\/schema\/person\/74bbde0154d49d790a92aaeac5bc01d5\"},\"headline\":\"Tunis: La Place Mohamed Brahmi inaugur\u00e9e 4 ans apr\u00e8s son assassinat\",\"datePublished\":\"2017-07-25T12:25:23+00:00\",\"dateModified\":\"2017-07-25T12:31:11+00:00\",\"mainEntityOfPage\":{\"@id\":\"https:\/\/kapitalis.com\/tunisie\/2017\/07\/25\/tunis-la-place-mohamed-brahmi-inauguree-4-ans-apres-son-assassinat\/\"},\"wordCount\":396,\"commentCount\":1,\"publisher\":{\"@id\":\"https:\/\/kapitalis.com\/tunisie\/#organization\"},\"image\":{\"@id\":\"https:\/\/kapitalis.com\/tunisie\/2017\/07\/25\/tunis-la-place-mohamed-brahmi-inauguree-4-ans-apres-son-assassinat\/#primaryimage\"},\"thumbnailUrl\":\"\",\"keywords\":[\"assassinat politique\",\"Assembl\u00e9e\",\"Chokri Belaid\",\"d\u00e9put\u00e9e\",\"Mbarka Brahmi\",\"Mohamed Brahmi\"],\"articleSection\":[\"POLITIQUE\",\"Tunisie\"],\"inLanguage\":\"fr-FR\",\"potentialAction\":[{\"@type\":\"CommentAction\",\"name\":\"Comment\",\"target\":[\"https:\/\/kapitalis.com\/tunisie\/2017\/07\/25\/tunis-la-place-mohamed-brahmi-inauguree-4-ans-apres-son-assassinat\/#respond\"]}]},{\"@type\":\"WebPage\",\"@id\":\"https:\/\/kapitalis.com\/tunisie\/2017\/07\/25\/tunis-la-place-mohamed-brahmi-inauguree-4-ans-apres-son-assassinat\/\",\"url\":\"https:\/\/kapitalis.com\/tunisie\/2017\/07\/25\/tunis-la-place-mohamed-brahmi-inauguree-4-ans-apres-son-assassinat\/\",\"name\":\"Tunis: La Place Mohamed Brahmi inaugur\u00e9e 4 ans apr\u00e8s son assassinat - Kapitalis\",\"isPartOf\":{\"@id\":\"https:\/\/kapitalis.com\/tunisie\/#website\"},\"primaryImageOfPage\":{\"@id\":\"https:\/\/kapitalis.com\/tunisie\/2017\/07\/25\/tunis-la-place-mohamed-brahmi-inauguree-4-ans-apres-son-assassinat\/#primaryimage\"},\"image\":{\"@id\":\"https:\/\/kapitalis.com\/tunisie\/2017\/07\/25\/tunis-la-place-mohamed-brahmi-inauguree-4-ans-apres-son-assassinat\/#primaryimage\"},\"thumbnailUrl\":\"\",\"datePublished\":\"2017-07-25T12:25:23+00:00\",\"dateModified\":\"2017-07-25T12:31:11+00:00\",\"breadcrumb\":{\"@id\":\"https:\/\/kapitalis.com\/tunisie\/2017\/07\/25\/tunis-la-place-mohamed-brahmi-inauguree-4-ans-apres-son-assassinat\/#breadcrumb\"},\"inLanguage\":\"fr-FR\",\"potentialAction\":[{\"@type\":\"ReadAction\",\"target\":[\"https:\/\/kapitalis.com\/tunisie\/2017\/07\/25\/tunis-la-place-mohamed-brahmi-inauguree-4-ans-apres-son-assassinat\/\"]}]},{\"@type\":\"ImageObject\",\"inLanguage\":\"fr-FR\",\"@id\":\"https:\/\/kapitalis.com\/tunisie\/2017\/07\/25\/tunis-la-place-mohamed-brahmi-inauguree-4-ans-apres-son-assassinat\/#primaryimage\",\"url\":\"\",\"contentUrl\":\"\"},{\"@type\":\"BreadcrumbList\",\"@id\":\"https:\/\/kapitalis.com\/tunisie\/2017\/07\/25\/tunis-la-place-mohamed-brahmi-inauguree-4-ans-apres-son-assassinat\/#breadcrumb\",\"itemListElement\":[{\"@type\":\"ListItem\",\"position\":1,\"name\":\"Accueil\",\"item\":\"https:\/\/kapitalis.com\/tunisie\/\"},{\"@type\":\"ListItem\",\"position\":2,\"name\":\"Tunis: La Place Mohamed Brahmi inaugur\u00e9e 4 ans apr\u00e8s son assassinat\"}]},{\"@type\":\"WebSite\",\"@id\":\"https:\/\/kapitalis.com\/tunisie\/#website\",\"url\":\"https:\/\/kapitalis.com\/tunisie\/\",\"name\":\"Kapitalis\",\"description\":\"L&#039;actualit\u00e9 en Tunisie et dans le monde\",\"publisher\":{\"@id\":\"https:\/\/kapitalis.com\/tunisie\/#organization\"},\"potentialAction\":[{\"@type\":\"SearchAction\",\"target\":{\"@type\":\"EntryPoint\",\"urlTemplate\":\"https:\/\/kapitalis.com\/tunisie\/?s={search_term_string}\"},\"query-input\":{\"@type\":\"PropertyValueSpecification\",\"valueRequired\":true,\"valueName\":\"search_term_string\"}}],\"inLanguage\":\"fr-FR\"},{\"@type\":\"Organization\",\"@id\":\"https:\/\/kapitalis.com\/tunisie\/#organization\",\"name\":\"Kapitalis\",\"url\":\"https:\/\/kapitalis.com\/tunisie\/\",\"logo\":{\"@type\":\"ImageObject\",\"inLanguage\":\"fr-FR\",\"@id\":\"https:\/\/kapitalis.com\/tunisie\/#\/schema\/logo\/image\/\",\"url\":\"https:\/\/kapitalis.com\/tunisie\/wp-content\/uploads\/2022\/05\/Kapitalis-big-size.png\",\"contentUrl\":\"https:\/\/kapitalis.com\/tunisie\/wp-content\/uploads\/2022\/05\/Kapitalis-big-size.png\",\"width\":5000,\"height\":1500,\"caption\":\"Kapitalis\"},\"image\":{\"@id\":\"https:\/\/kapitalis.com\/tunisie\/#\/schema\/logo\/image\/\"},\"sameAs\":[\"https:\/\/www.facebook.com\/KapitalisInfo\/\",\"https:\/\/x.com\/KapitalisInfo\",\"https:\/\/www.youtube.com\/channel\/UC-yDYrHyfFBWWZaOw3FPg9Q\"]},{\"@type\":\"Person\",\"@id\":\"https:\/\/kapitalis.com\/tunisie\/#\/schema\/person\/74bbde0154d49d790a92aaeac5bc01d5\",\"name\":\"Yusra NY\",\"url\":\"https:\/\/kapitalis.com\/tunisie\/author\/yuza_adam\/\"}]}<\/script>\n<!-- \/ Yoast SEO plugin. -->","yoast_head_json":{"title":"Tunis: La Place Mohamed Brahmi inaugur\u00e9e 4 ans apr\u00e8s son assassinat - Kapitalis","robots":{"index":"index","follow":"follow","max-snippet":"max-snippet:-1","max-image-preview":"max-image-preview:large","max-video-preview":"max-video-preview:-1"},"canonical":"https:\/\/kapitalis.com\/tunisie\/2017\/07\/25\/tunis-la-place-mohamed-brahmi-inauguree-4-ans-apres-son-assassinat\/","og_locale":"fr_FR","og_type":"article","og_title":"Tunis: La Place Mohamed Brahmi inaugur\u00e9e 4 ans apr\u00e8s son assassinat - Kapitalis","og_description":"La Place Jeanne d&rsquo;Arc \u00e0 Tunis a \u00e9t\u00e9 baptis\u00e9e, aujourd\u2019hui, au nom de Mohamed Brahmi, \u00e0 l\u2019occasion de la comm\u00e9moration du 4e anniversaire de son assassinat.","og_url":"https:\/\/kapitalis.com\/tunisie\/2017\/07\/25\/tunis-la-place-mohamed-brahmi-inauguree-4-ans-apres-son-assassinat\/","og_site_name":"Kapitalis","article_publisher":"https:\/\/www.facebook.com\/KapitalisInfo\/","article_published_time":"2017-07-25T12:25:23+00:00","article_modified_time":"2017-07-25T12:31:11+00:00","og_image":[{"width":1200,"height":630,"url":"https:\/\/kapitalis.com\/tunisie\/wp-content\/uploads\/2022\/05\/kapitalis-logo-fb.png","type":"image\/png"}],"author":"Yusra NY","twitter_card":"summary_large_image","twitter_creator":"@KapitalisInfo","twitter_site":"@KapitalisInfo","twitter_misc":{"\u00c9crit par":"Yusra NY","Dur\u00e9e de lecture estim\u00e9e":"2 minutes"},"schema":{"@context":"https:\/\/schema.org","@graph":[{"@type":"Article","@id":"https:\/\/kapitalis.com\/tunisie\/2017\/07\/25\/tunis-la-place-mohamed-brahmi-inauguree-4-ans-apres-son-assassinat\/#article","isPartOf":{"@id":"https:\/\/kapitalis.com\/tunisie\/2017\/07\/25\/tunis-la-place-mohamed-brahmi-inauguree-4-ans-apres-son-assassinat\/"},"author":{"name":"Yusra NY","@id":"https:\/\/kapitalis.com\/tunisie\/#\/schema\/person\/74bbde0154d49d790a92aaeac5bc01d5"},"headline":"Tunis: La Place Mohamed Brahmi inaugur\u00e9e 4 ans apr\u00e8s son assassinat","datePublished":"2017-07-25T12:25:23+00:00","dateModified":"2017-07-25T12:31:11+00:00","mainEntityOfPage":{"@id":"https:\/\/kapitalis.com\/tunisie\/2017\/07\/25\/tunis-la-place-mohamed-brahmi-inauguree-4-ans-apres-son-assassinat\/"},"wordCount":396,"commentCount":1,"publisher":{"@id":"https:\/\/kapitalis.com\/tunisie\/#organization"},"image":{"@id":"https:\/\/kapitalis.com\/tunisie\/2017\/07\/25\/tunis-la-place-mohamed-brahmi-inauguree-4-ans-apres-son-assassinat\/#primaryimage"},"thumbnailUrl":"","keywords":["assassinat politique","Assembl\u00e9e","Chokri Belaid","d\u00e9put\u00e9e","Mbarka Brahmi","Mohamed Brahmi"],"articleSection":["POLITIQUE","Tunisie"],"inLanguage":"fr-FR","potentialAction":[{"@type":"CommentAction","name":"Comment","target":["https:\/\/kapitalis.com\/tunisie\/2017\/07\/25\/tunis-la-place-mohamed-brahmi-inauguree-4-ans-apres-son-assassinat\/#respond"]}]},{"@type":"WebPage","@id":"https:\/\/kapitalis.com\/tunisie\/2017\/07\/25\/tunis-la-place-mohamed-brahmi-inauguree-4-ans-apres-son-assassinat\/","url":"https:\/\/kapitalis.com\/tunisie\/2017\/07\/25\/tunis-la-place-mohamed-brahmi-inauguree-4-ans-apres-son-assassinat\/","name":"Tunis: La Place Mohamed Brahmi inaugur\u00e9e 4 ans apr\u00e8s son assassinat - Kapitalis","isPartOf":{"@id":"https:\/\/kapitalis.com\/tunisie\/#website"},"primaryImageOfPage":{"@id":"https:\/\/kapitalis.com\/tunisie\/2017\/07\/25\/tunis-la-place-mohamed-brahmi-inauguree-4-ans-apres-son-assassinat\/#primaryimage"},"image":{"@id":"https:\/\/kapitalis.com\/tunisie\/2017\/07\/25\/tunis-la-place-mohamed-brahmi-inauguree-4-ans-apres-son-assassinat\/#primaryimage"},"thumbnailUrl":"","datePublished":"2017-07-25T12:25:23+00:00","dateModified":"2017-07-25T12:31:11+00:00","breadcrumb":{"@id":"https:\/\/kapitalis.com\/tunisie\/2017\/07\/25\/tunis-la-place-mohamed-brahmi-inauguree-4-ans-apres-son-assassinat\/#breadcrumb"},"inLanguage":"fr-FR","potentialAction":[{"@type":"ReadAction","target":["https:\/\/kapitalis.com\/tunisie\/2017\/07\/25\/tunis-la-place-mohamed-brahmi-inauguree-4-ans-apres-son-assassinat\/"]}]},{"@type":"ImageObject","inLanguage":"fr-FR","@id":"https:\/\/kapitalis.com\/tunisie\/2017\/07\/25\/tunis-la-place-mohamed-brahmi-inauguree-4-ans-apres-son-assassinat\/#primaryimage","url":"","contentUrl":""},{"@type":"BreadcrumbList","@id":"https:\/\/kapitalis.com\/tunisie\/2017\/07\/25\/tunis-la-place-mohamed-brahmi-inauguree-4-ans-apres-son-assassinat\/#breadcrumb","itemListElement":[{"@type":"ListItem","position":1,"name":"Accueil","item":"https:\/\/kapitalis.com\/tunisie\/"},{"@type":"ListItem","position":2,"name":"Tunis: La Place Mohamed Brahmi inaugur\u00e9e 4 ans apr\u00e8s son assassinat"}]},{"@type":"WebSite","@id":"https:\/\/kapitalis.com\/tunisie\/#website","url":"https:\/\/kapitalis.com\/tunisie\/","name":"Kapitalis","description":"L&#039;actualit\u00e9 en Tunisie et dans le monde","publisher":{"@id":"https:\/\/kapitalis.com\/tunisie\/#organization"},"potentialAction":[{"@type":"SearchAction","target":{"@type":"EntryPoint","urlTemplate":"https:\/\/kapitalis.com\/tunisie\/?s={search_term_string}"},"query-input":{"@type":"PropertyValueSpecification","valueRequired":true,"valueName":"search_term_string"}}],"inLanguage":"fr-FR"},{"@type":"Organization","@id":"https:\/\/kapitalis.com\/tunisie\/#organization","name":"Kapitalis","url":"https:\/\/kapitalis.com\/tunisie\/","logo":{"@type":"ImageObject","inLanguage":"fr-FR","@id":"https:\/\/kapitalis.com\/tunisie\/#\/schema\/logo\/image\/","url":"https:\/\/kapitalis.com\/tunisie\/wp-content\/uploads\/2022\/05\/Kapitalis-big-size.png","contentUrl":"https:\/\/kapitalis.com\/tunisie\/wp-content\/uploads\/2022\/05\/Kapitalis-big-size.png","width":5000,"height":1500,"caption":"Kapitalis"},"image":{"@id":"https:\/\/kapitalis.com\/tunisie\/#\/schema\/logo\/image\/"},"sameAs":["https:\/\/www.facebook.com\/KapitalisInfo\/","https:\/\/x.com\/KapitalisInfo","https:\/\/www.youtube.com\/channel\/UC-yDYrHyfFBWWZaOw3FPg9Q"]},{"@type":"Person","@id":"https:\/\/kapitalis.com\/tunisie\/#\/schema\/person\/74bbde0154d49d790a92aaeac5bc01d5","name":"Yusra NY","url":"https:\/\/kapitalis.com\/tunisie\/author\/yuza_adam\/"}]}},"_links":{"self":[{"href":"https:\/\/kapitalis.com\/tunisie\/wp-json\/wp\/v2\/posts\/107633","targetHints":{"allow":["GET"]}}],"collection":[{"href":"https:\/\/kapitalis.com\/tunisie\/wp-json\/wp\/v2\/posts"}],"about":[{"href":"https:\/\/kapitalis.com\/tunisie\/wp-json\/wp\/v2\/types\/post"}],"author":[{"embeddable":true,"href":"https:\/\/kapitalis.com\/tunisie\/wp-json\/wp\/v2\/users\/6"}],"replies":[{"embeddable":true,"href":"https:\/\/kapitalis.com\/tunisie\/wp-json\/wp\/v2\/comments?post=107633"}],"version-history":[{"count":0,"href":"https:\/\/kapitalis.com\/tunisie\/wp-json\/wp\/v2\/posts\/107633\/revisions"}],"wp:featuredmedia":[{"embeddable":true,"href":"https:\/\/kapitalis.com\/tunisie\/wp-json\/wp\/v2\/media\/107643"}],"wp:attachment":[{"href":"https:\/\/kapitalis.com\/tunisie\/wp-json\/wp\/v2\/media?parent=107633"}],"wp:term":[{"taxonomy":"category","embeddable":true,"href":"https:\/\/kapitalis.com\/tunisie\/wp-json\/wp\/v2\/categories?post=107633"},{"taxonomy":"post_tag","embeddable":true,"href":"https:\/\/kapitalis.com\/tunisie\/wp-json\/wp\/v2\/tags?post=107633"}],"curies":[{"name":"wp","href":"https:\/\/api.w.org\/{rel}","templated":true}]}}