{"id":10764719,"date":"2023-12-01T19:24:56","date_gmt":"2023-12-01T18:24:56","guid":{"rendered":"https:\/\/kapitalis.com\/tunisie\/?p=10764719"},"modified":"2023-12-01T19:28:23","modified_gmt":"2023-12-01T18:28:23","slug":"affaire-ain-skhouna-peine-de-mort-confirmee-en-appel-pour-deux-accuses","status":"publish","type":"post","link":"https:\/\/kapitalis.com\/tunisie\/2023\/12\/01\/affaire-ain-skhouna-peine-de-mort-confirmee-en-appel-pour-deux-accuses\/","title":{"rendered":"Affaire A\u00efn Skhouna : Peine de mort confirm\u00e9e en appel pour deux accus\u00e9s"},"content":{"rendered":"\n<p><strong><em>La justice s&rsquo;est prononc\u00e9e sur le sort des accus\u00e9s ayant pris part aux affrontements en 2020 ayant oppos\u00e9 deux clans  de B\u00e9ni Khedache (M\u00e9denine) et de Douz (K\u00e9bili), et ayant fait 3 morts et une cinquantaine de bless\u00e9s \u00e0 A\u00efn Skhouna .<\/em><\/strong><\/p>\n\n\n\n<!--more-->\n\n\n\n<p>La Cour d\u2019Appel du tribunal de Gab\u00e8s a confirm\u00e9 la peine de mort prononc\u00e9e le 14 mars derniers contre deux accus\u00e9s ( un en d\u00e9tention, et le second toujours en fuite) condamn\u00e9s pour meurtre avec pr\u00e9m\u00e9ditation.<\/p>\n\n\n\n<p>Quant aux 4 autres accus\u00e9s condamn\u00e9s en premi\u00e8re instance \u00e0 la peine capitale, la Cour d&rsquo;appel a r\u00e9duit leur peine \u00e0 20 ans de prison, sachant que 7 autres pr\u00e9venus ont \u00e9t\u00e9 condamn\u00e9s \u00e0 des peines allant de 4 \u00e0 8 ans de prison ferme.<\/p>\n\n\n\n<p>Rappelons que les faits remontent aux 12 et 13 d\u00e9cembre 2020, et que les deux clans regroupant au moins 1.000 personnes, qui se disputaient une zone commune \u00e0 A\u00efn Skhouna, s\u2019\u00e9taient bagarr\u00e9s \u00e0 coups de b\u00e2tons, de pierres ainsi qu\u2019avec des fusils de chasse. <\/p>\n\n\n\n<p>Au bout de deux jours d\u2019intervention, la garde nationale est parvenue \u00e0 mettre fin au conflit qui a co\u00fbt\u00e9 la vie \u00e0 3 personnes et fait une cinquantaine de bless\u00e9s.<\/p>\n\n\n\n<p class=\"has-text-align-right\"><strong>Y. N.<\/strong><\/p>\n","protected":false},"excerpt":{"rendered":"<p>La justice s&rsquo;est prononc\u00e9e sur le sort des accus\u00e9s ayant pris part aux affrontements en 2020 ayant oppos\u00e9 deux clans de B\u00e9ni Khedache (M\u00e9denine) et de Douz (K\u00e9bili), et ayant fait 3 morts et une cinquantaine de bless\u00e9s \u00e0 A\u00efn Skhouna .<\/p>\n","protected":false},"author":6,"featured_media":792122,"comment_status":"open","ping_status":"open","sticky":false,"template":"","format":"standard","meta":{"footnotes":""},"categories":[998,2433],"tags":[85601,242,291,406,1343,1964,62643],"class_list":["post-10764719","post","type-post","status-publish","format-standard","has-post-thumbnail","hentry","category-societe","category-tunisie","tag-ain-skhouna","tag-cour-dappel","tag-douz","tag-gabes","tag-peine-capitale","tag-peine-de-mort","tag-tunisie"],"yoast_head":"<!-- This site is optimized with the Yoast SEO plugin v26.6 - https:\/\/yoast.com\/wordpress\/plugins\/seo\/ -->\n<title>Affaire A\u00efn Skhouna : Peine de mort confirm\u00e9e en appel pour deux accus\u00e9s - Kapitalis<\/title>\n<meta name=\"robots\" content=\"index, follow, max-snippet:-1, max-image-preview:large, max-video-preview:-1\" \/>\n<link rel=\"canonical\" href=\"https:\/\/kapitalis.com\/tunisie\/2023\/12\/01\/affaire-ain-skhouna-peine-de-mort-confirmee-en-appel-pour-deux-accuses\/\" \/>\n<meta property=\"og:locale\" content=\"fr_FR\" \/>\n<meta property=\"og:type\" content=\"article\" \/>\n<meta property=\"og:title\" content=\"Affaire A\u00efn Skhouna : Peine de mort confirm\u00e9e en appel pour deux accus\u00e9s - Kapitalis\" \/>\n<meta property=\"og:description\" content=\"La justice s&rsquo;est prononc\u00e9e sur le sort des accus\u00e9s ayant pris part aux affrontements en 2020 ayant oppos\u00e9 deux clans de B\u00e9ni Khedache (M\u00e9denine) et de Douz (K\u00e9bili), et ayant fait 3 morts et une cinquantaine de bless\u00e9s \u00e0 A\u00efn Skhouna .\" \/>\n<meta property=\"og:url\" content=\"https:\/\/kapitalis.com\/tunisie\/2023\/12\/01\/affaire-ain-skhouna-peine-de-mort-confirmee-en-appel-pour-deux-accuses\/\" \/>\n<meta property=\"og:site_name\" content=\"Kapitalis\" \/>\n<meta property=\"article:publisher\" content=\"https:\/\/www.facebook.com\/KapitalisInfo\/\" \/>\n<meta property=\"article:published_time\" content=\"2023-12-01T18:24:56+00:00\" \/>\n<meta property=\"article:modified_time\" content=\"2023-12-01T18:28:23+00:00\" \/>\n<meta property=\"og:image\" content=\"https:\/\/kapitalis.com\/tunisie\/wp-content\/uploads\/2022\/05\/justice.jpg\" \/>\n\t<meta property=\"og:image:width\" content=\"1200\" \/>\n\t<meta property=\"og:image:height\" content=\"630\" \/>\n\t<meta property=\"og:image:type\" content=\"image\/jpeg\" \/>\n<meta name=\"author\" content=\"Yusra NY\" \/>\n<meta name=\"twitter:card\" content=\"summary_large_image\" \/>\n<meta name=\"twitter:creator\" content=\"@KapitalisInfo\" \/>\n<meta name=\"twitter:site\" content=\"@KapitalisInfo\" \/>\n<meta name=\"twitter:label1\" content=\"\u00c9crit par\" \/>\n\t<meta name=\"twitter:data1\" content=\"Yusra NY\" \/>\n\t<meta name=\"twitter:label2\" content=\"Dur\u00e9e de lecture estim\u00e9e\" \/>\n\t<meta name=\"twitter:data2\" content=\"1 minute\" \/>\n<script type=\"application\/ld+json\" class=\"yoast-schema-graph\">{\"@context\":\"https:\/\/schema.org\",\"@graph\":[{\"@type\":\"Article\",\"@id\":\"https:\/\/kapitalis.com\/tunisie\/2023\/12\/01\/affaire-ain-skhouna-peine-de-mort-confirmee-en-appel-pour-deux-accuses\/#article\",\"isPartOf\":{\"@id\":\"https:\/\/kapitalis.com\/tunisie\/2023\/12\/01\/affaire-ain-skhouna-peine-de-mort-confirmee-en-appel-pour-deux-accuses\/\"},\"author\":{\"name\":\"Yusra NY\",\"@id\":\"https:\/\/kapitalis.com\/tunisie\/#\/schema\/person\/74bbde0154d49d790a92aaeac5bc01d5\"},\"headline\":\"Affaire A\u00efn Skhouna : Peine de mort confirm\u00e9e en appel pour deux accus\u00e9s\",\"datePublished\":\"2023-12-01T18:24:56+00:00\",\"dateModified\":\"2023-12-01T18:28:23+00:00\",\"mainEntityOfPage\":{\"@id\":\"https:\/\/kapitalis.com\/tunisie\/2023\/12\/01\/affaire-ain-skhouna-peine-de-mort-confirmee-en-appel-pour-deux-accuses\/\"},\"wordCount\":220,\"commentCount\":0,\"publisher\":{\"@id\":\"https:\/\/kapitalis.com\/tunisie\/#organization\"},\"image\":{\"@id\":\"https:\/\/kapitalis.com\/tunisie\/2023\/12\/01\/affaire-ain-skhouna-peine-de-mort-confirmee-en-appel-pour-deux-accuses\/#primaryimage\"},\"thumbnailUrl\":\"https:\/\/kapitalis.com\/tunisie\/wp-content\/uploads\/2022\/05\/justice.jpg\",\"keywords\":[\"A\u00efn Skhouna\",\"cour d'appel\",\"Douz\",\"Gab\u00e8s\",\"peine capitale\",\"peine de mort\",\"Tunisie\"],\"articleSection\":[\"SOCIETE\",\"Tunisie\"],\"inLanguage\":\"fr-FR\",\"potentialAction\":[{\"@type\":\"CommentAction\",\"name\":\"Comment\",\"target\":[\"https:\/\/kapitalis.com\/tunisie\/2023\/12\/01\/affaire-ain-skhouna-peine-de-mort-confirmee-en-appel-pour-deux-accuses\/#respond\"]}]},{\"@type\":\"WebPage\",\"@id\":\"https:\/\/kapitalis.com\/tunisie\/2023\/12\/01\/affaire-ain-skhouna-peine-de-mort-confirmee-en-appel-pour-deux-accuses\/\",\"url\":\"https:\/\/kapitalis.com\/tunisie\/2023\/12\/01\/affaire-ain-skhouna-peine-de-mort-confirmee-en-appel-pour-deux-accuses\/\",\"name\":\"Affaire A\u00efn Skhouna : Peine de mort confirm\u00e9e en appel pour deux accus\u00e9s - Kapitalis\",\"isPartOf\":{\"@id\":\"https:\/\/kapitalis.com\/tunisie\/#website\"},\"primaryImageOfPage\":{\"@id\":\"https:\/\/kapitalis.com\/tunisie\/2023\/12\/01\/affaire-ain-skhouna-peine-de-mort-confirmee-en-appel-pour-deux-accuses\/#primaryimage\"},\"image\":{\"@id\":\"https:\/\/kapitalis.com\/tunisie\/2023\/12\/01\/affaire-ain-skhouna-peine-de-mort-confirmee-en-appel-pour-deux-accuses\/#primaryimage\"},\"thumbnailUrl\":\"https:\/\/kapitalis.com\/tunisie\/wp-content\/uploads\/2022\/05\/justice.jpg\",\"datePublished\":\"2023-12-01T18:24:56+00:00\",\"dateModified\":\"2023-12-01T18:28:23+00:00\",\"breadcrumb\":{\"@id\":\"https:\/\/kapitalis.com\/tunisie\/2023\/12\/01\/affaire-ain-skhouna-peine-de-mort-confirmee-en-appel-pour-deux-accuses\/#breadcrumb\"},\"inLanguage\":\"fr-FR\",\"potentialAction\":[{\"@type\":\"ReadAction\",\"target\":[\"https:\/\/kapitalis.com\/tunisie\/2023\/12\/01\/affaire-ain-skhouna-peine-de-mort-confirmee-en-appel-pour-deux-accuses\/\"]}]},{\"@type\":\"ImageObject\",\"inLanguage\":\"fr-FR\",\"@id\":\"https:\/\/kapitalis.com\/tunisie\/2023\/12\/01\/affaire-ain-skhouna-peine-de-mort-confirmee-en-appel-pour-deux-accuses\/#primaryimage\",\"url\":\"https:\/\/kapitalis.com\/tunisie\/wp-content\/uploads\/2022\/05\/justice.jpg\",\"contentUrl\":\"https:\/\/kapitalis.com\/tunisie\/wp-content\/uploads\/2022\/05\/justice.jpg\",\"width\":1200,\"height\":630},{\"@type\":\"BreadcrumbList\",\"@id\":\"https:\/\/kapitalis.com\/tunisie\/2023\/12\/01\/affaire-ain-skhouna-peine-de-mort-confirmee-en-appel-pour-deux-accuses\/#breadcrumb\",\"itemListElement\":[{\"@type\":\"ListItem\",\"position\":1,\"name\":\"Accueil\",\"item\":\"https:\/\/kapitalis.com\/tunisie\/\"},{\"@type\":\"ListItem\",\"position\":2,\"name\":\"Affaire A\u00efn Skhouna : Peine de mort confirm\u00e9e en appel pour deux accus\u00e9s\"}]},{\"@type\":\"WebSite\",\"@id\":\"https:\/\/kapitalis.com\/tunisie\/#website\",\"url\":\"https:\/\/kapitalis.com\/tunisie\/\",\"name\":\"Kapitalis\",\"description\":\"L&#039;actualit\u00e9 en Tunisie et dans le monde\",\"publisher\":{\"@id\":\"https:\/\/kapitalis.com\/tunisie\/#organization\"},\"potentialAction\":[{\"@type\":\"SearchAction\",\"target\":{\"@type\":\"EntryPoint\",\"urlTemplate\":\"https:\/\/kapitalis.com\/tunisie\/?s={search_term_string}\"},\"query-input\":{\"@type\":\"PropertyValueSpecification\",\"valueRequired\":true,\"valueName\":\"search_term_string\"}}],\"inLanguage\":\"fr-FR\"},{\"@type\":\"Organization\",\"@id\":\"https:\/\/kapitalis.com\/tunisie\/#organization\",\"name\":\"Kapitalis\",\"url\":\"https:\/\/kapitalis.com\/tunisie\/\",\"logo\":{\"@type\":\"ImageObject\",\"inLanguage\":\"fr-FR\",\"@id\":\"https:\/\/kapitalis.com\/tunisie\/#\/schema\/logo\/image\/\",\"url\":\"https:\/\/kapitalis.com\/tunisie\/wp-content\/uploads\/2022\/05\/Kapitalis-big-size.png\",\"contentUrl\":\"https:\/\/kapitalis.com\/tunisie\/wp-content\/uploads\/2022\/05\/Kapitalis-big-size.png\",\"width\":5000,\"height\":1500,\"caption\":\"Kapitalis\"},\"image\":{\"@id\":\"https:\/\/kapitalis.com\/tunisie\/#\/schema\/logo\/image\/\"},\"sameAs\":[\"https:\/\/www.facebook.com\/KapitalisInfo\/\",\"https:\/\/x.com\/KapitalisInfo\",\"https:\/\/www.youtube.com\/channel\/UC-yDYrHyfFBWWZaOw3FPg9Q\"]},{\"@type\":\"Person\",\"@id\":\"https:\/\/kapitalis.com\/tunisie\/#\/schema\/person\/74bbde0154d49d790a92aaeac5bc01d5\",\"name\":\"Yusra NY\",\"url\":\"https:\/\/kapitalis.com\/tunisie\/author\/yuza_adam\/\"}]}<\/script>\n<!-- \/ Yoast SEO plugin. -->","yoast_head_json":{"title":"Affaire A\u00efn Skhouna : Peine de mort confirm\u00e9e en appel pour deux accus\u00e9s - Kapitalis","robots":{"index":"index","follow":"follow","max-snippet":"max-snippet:-1","max-image-preview":"max-image-preview:large","max-video-preview":"max-video-preview:-1"},"canonical":"https:\/\/kapitalis.com\/tunisie\/2023\/12\/01\/affaire-ain-skhouna-peine-de-mort-confirmee-en-appel-pour-deux-accuses\/","og_locale":"fr_FR","og_type":"article","og_title":"Affaire A\u00efn Skhouna : Peine de mort confirm\u00e9e en appel pour deux accus\u00e9s - Kapitalis","og_description":"La justice s&rsquo;est prononc\u00e9e sur le sort des accus\u00e9s ayant pris part aux affrontements en 2020 ayant oppos\u00e9 deux clans de B\u00e9ni Khedache (M\u00e9denine) et de Douz (K\u00e9bili), et ayant fait 3 morts et une cinquantaine de bless\u00e9s \u00e0 A\u00efn Skhouna .","og_url":"https:\/\/kapitalis.com\/tunisie\/2023\/12\/01\/affaire-ain-skhouna-peine-de-mort-confirmee-en-appel-pour-deux-accuses\/","og_site_name":"Kapitalis","article_publisher":"https:\/\/www.facebook.com\/KapitalisInfo\/","article_published_time":"2023-12-01T18:24:56+00:00","article_modified_time":"2023-12-01T18:28:23+00:00","og_image":[{"width":1200,"height":630,"url":"https:\/\/kapitalis.com\/tunisie\/wp-content\/uploads\/2022\/05\/justice.jpg","type":"image\/jpeg"}],"author":"Yusra NY","twitter_card":"summary_large_image","twitter_creator":"@KapitalisInfo","twitter_site":"@KapitalisInfo","twitter_misc":{"\u00c9crit par":"Yusra NY","Dur\u00e9e de lecture estim\u00e9e":"1 minute"},"schema":{"@context":"https:\/\/schema.org","@graph":[{"@type":"Article","@id":"https:\/\/kapitalis.com\/tunisie\/2023\/12\/01\/affaire-ain-skhouna-peine-de-mort-confirmee-en-appel-pour-deux-accuses\/#article","isPartOf":{"@id":"https:\/\/kapitalis.com\/tunisie\/2023\/12\/01\/affaire-ain-skhouna-peine-de-mort-confirmee-en-appel-pour-deux-accuses\/"},"author":{"name":"Yusra NY","@id":"https:\/\/kapitalis.com\/tunisie\/#\/schema\/person\/74bbde0154d49d790a92aaeac5bc01d5"},"headline":"Affaire A\u00efn Skhouna : Peine de mort confirm\u00e9e en appel pour deux accus\u00e9s","datePublished":"2023-12-01T18:24:56+00:00","dateModified":"2023-12-01T18:28:23+00:00","mainEntityOfPage":{"@id":"https:\/\/kapitalis.com\/tunisie\/2023\/12\/01\/affaire-ain-skhouna-peine-de-mort-confirmee-en-appel-pour-deux-accuses\/"},"wordCount":220,"commentCount":0,"publisher":{"@id":"https:\/\/kapitalis.com\/tunisie\/#organization"},"image":{"@id":"https:\/\/kapitalis.com\/tunisie\/2023\/12\/01\/affaire-ain-skhouna-peine-de-mort-confirmee-en-appel-pour-deux-accuses\/#primaryimage"},"thumbnailUrl":"https:\/\/kapitalis.com\/tunisie\/wp-content\/uploads\/2022\/05\/justice.jpg","keywords":["A\u00efn Skhouna","cour d'appel","Douz","Gab\u00e8s","peine capitale","peine de mort","Tunisie"],"articleSection":["SOCIETE","Tunisie"],"inLanguage":"fr-FR","potentialAction":[{"@type":"CommentAction","name":"Comment","target":["https:\/\/kapitalis.com\/tunisie\/2023\/12\/01\/affaire-ain-skhouna-peine-de-mort-confirmee-en-appel-pour-deux-accuses\/#respond"]}]},{"@type":"WebPage","@id":"https:\/\/kapitalis.com\/tunisie\/2023\/12\/01\/affaire-ain-skhouna-peine-de-mort-confirmee-en-appel-pour-deux-accuses\/","url":"https:\/\/kapitalis.com\/tunisie\/2023\/12\/01\/affaire-ain-skhouna-peine-de-mort-confirmee-en-appel-pour-deux-accuses\/","name":"Affaire A\u00efn Skhouna : Peine de mort confirm\u00e9e en appel pour deux accus\u00e9s - Kapitalis","isPartOf":{"@id":"https:\/\/kapitalis.com\/tunisie\/#website"},"primaryImageOfPage":{"@id":"https:\/\/kapitalis.com\/tunisie\/2023\/12\/01\/affaire-ain-skhouna-peine-de-mort-confirmee-en-appel-pour-deux-accuses\/#primaryimage"},"image":{"@id":"https:\/\/kapitalis.com\/tunisie\/2023\/12\/01\/affaire-ain-skhouna-peine-de-mort-confirmee-en-appel-pour-deux-accuses\/#primaryimage"},"thumbnailUrl":"https:\/\/kapitalis.com\/tunisie\/wp-content\/uploads\/2022\/05\/justice.jpg","datePublished":"2023-12-01T18:24:56+00:00","dateModified":"2023-12-01T18:28:23+00:00","breadcrumb":{"@id":"https:\/\/kapitalis.com\/tunisie\/2023\/12\/01\/affaire-ain-skhouna-peine-de-mort-confirmee-en-appel-pour-deux-accuses\/#breadcrumb"},"inLanguage":"fr-FR","potentialAction":[{"@type":"ReadAction","target":["https:\/\/kapitalis.com\/tunisie\/2023\/12\/01\/affaire-ain-skhouna-peine-de-mort-confirmee-en-appel-pour-deux-accuses\/"]}]},{"@type":"ImageObject","inLanguage":"fr-FR","@id":"https:\/\/kapitalis.com\/tunisie\/2023\/12\/01\/affaire-ain-skhouna-peine-de-mort-confirmee-en-appel-pour-deux-accuses\/#primaryimage","url":"https:\/\/kapitalis.com\/tunisie\/wp-content\/uploads\/2022\/05\/justice.jpg","contentUrl":"https:\/\/kapitalis.com\/tunisie\/wp-content\/uploads\/2022\/05\/justice.jpg","width":1200,"height":630},{"@type":"BreadcrumbList","@id":"https:\/\/kapitalis.com\/tunisie\/2023\/12\/01\/affaire-ain-skhouna-peine-de-mort-confirmee-en-appel-pour-deux-accuses\/#breadcrumb","itemListElement":[{"@type":"ListItem","position":1,"name":"Accueil","item":"https:\/\/kapitalis.com\/tunisie\/"},{"@type":"ListItem","position":2,"name":"Affaire A\u00efn Skhouna : Peine de mort confirm\u00e9e en appel pour deux accus\u00e9s"}]},{"@type":"WebSite","@id":"https:\/\/kapitalis.com\/tunisie\/#website","url":"https:\/\/kapitalis.com\/tunisie\/","name":"Kapitalis","description":"L&#039;actualit\u00e9 en Tunisie et dans le monde","publisher":{"@id":"https:\/\/kapitalis.com\/tunisie\/#organization"},"potentialAction":[{"@type":"SearchAction","target":{"@type":"EntryPoint","urlTemplate":"https:\/\/kapitalis.com\/tunisie\/?s={search_term_string}"},"query-input":{"@type":"PropertyValueSpecification","valueRequired":true,"valueName":"search_term_string"}}],"inLanguage":"fr-FR"},{"@type":"Organization","@id":"https:\/\/kapitalis.com\/tunisie\/#organization","name":"Kapitalis","url":"https:\/\/kapitalis.com\/tunisie\/","logo":{"@type":"ImageObject","inLanguage":"fr-FR","@id":"https:\/\/kapitalis.com\/tunisie\/#\/schema\/logo\/image\/","url":"https:\/\/kapitalis.com\/tunisie\/wp-content\/uploads\/2022\/05\/Kapitalis-big-size.png","contentUrl":"https:\/\/kapitalis.com\/tunisie\/wp-content\/uploads\/2022\/05\/Kapitalis-big-size.png","width":5000,"height":1500,"caption":"Kapitalis"},"image":{"@id":"https:\/\/kapitalis.com\/tunisie\/#\/schema\/logo\/image\/"},"sameAs":["https:\/\/www.facebook.com\/KapitalisInfo\/","https:\/\/x.com\/KapitalisInfo","https:\/\/www.youtube.com\/channel\/UC-yDYrHyfFBWWZaOw3FPg9Q"]},{"@type":"Person","@id":"https:\/\/kapitalis.com\/tunisie\/#\/schema\/person\/74bbde0154d49d790a92aaeac5bc01d5","name":"Yusra NY","url":"https:\/\/kapitalis.com\/tunisie\/author\/yuza_adam\/"}]}},"_links":{"self":[{"href":"https:\/\/kapitalis.com\/tunisie\/wp-json\/wp\/v2\/posts\/10764719","targetHints":{"allow":["GET"]}}],"collection":[{"href":"https:\/\/kapitalis.com\/tunisie\/wp-json\/wp\/v2\/posts"}],"about":[{"href":"https:\/\/kapitalis.com\/tunisie\/wp-json\/wp\/v2\/types\/post"}],"author":[{"embeddable":true,"href":"https:\/\/kapitalis.com\/tunisie\/wp-json\/wp\/v2\/users\/6"}],"replies":[{"embeddable":true,"href":"https:\/\/kapitalis.com\/tunisie\/wp-json\/wp\/v2\/comments?post=10764719"}],"version-history":[{"count":2,"href":"https:\/\/kapitalis.com\/tunisie\/wp-json\/wp\/v2\/posts\/10764719\/revisions"}],"predecessor-version":[{"id":10764810,"href":"https:\/\/kapitalis.com\/tunisie\/wp-json\/wp\/v2\/posts\/10764719\/revisions\/10764810"}],"wp:featuredmedia":[{"embeddable":true,"href":"https:\/\/kapitalis.com\/tunisie\/wp-json\/wp\/v2\/media\/792122"}],"wp:attachment":[{"href":"https:\/\/kapitalis.com\/tunisie\/wp-json\/wp\/v2\/media?parent=10764719"}],"wp:term":[{"taxonomy":"category","embeddable":true,"href":"https:\/\/kapitalis.com\/tunisie\/wp-json\/wp\/v2\/categories?post=10764719"},{"taxonomy":"post_tag","embeddable":true,"href":"https:\/\/kapitalis.com\/tunisie\/wp-json\/wp\/v2\/tags?post=10764719"}],"curies":[{"name":"wp","href":"https:\/\/api.w.org\/{rel}","templated":true}]}}