{"id":10772476,"date":"2023-12-02T12:36:50","date_gmt":"2023-12-02T11:36:50","guid":{"rendered":"https:\/\/kapitalis.com\/tunisie\/?p=10772476"},"modified":"2023-12-02T12:36:51","modified_gmt":"2023-12-02T11:36:51","slug":"la-couleur-de-peau-dhannibal-en-discussion-a-lassemblee-tunisienne","status":"publish","type":"post","link":"https:\/\/kapitalis.com\/tunisie\/2023\/12\/02\/la-couleur-de-peau-dhannibal-en-discussion-a-lassemblee-tunisienne\/","title":{"rendered":"La couleur de peau d\u2019Hannibal en discussion \u00e0 l\u2019Assembl\u00e9e tunisienne \u00a0\u00a0"},"content":{"rendered":"\n<p><strong><em>L\u2019annonce r\u00e9cente par Netflix de la production d\u2019un drame sur le l\u00e9gendaire g\u00e9n\u00e9ral carthaginois Hannibal, interpr\u00e9t\u00e9 par l\u2019acteur noir am\u00e9ricain Denzel Washington, a suscit\u00e9 une vague de r\u00e9actions de la part des Tunisiens, qui se sont largement plaints sur les r\u00e9seaux sociaux d\u2019une \u00abfalsification de l\u2019histoire\u00bb.<\/em><\/strong><\/p>\n\n\n\n<!--more-->\n\n\n\n<p>Certains ont critiqu\u00e9 \u00ab<em>un projet de la part des Afrocentristes qui veulent attribuer un r\u00f4le central dans l\u2019histoire aux cultures noires au d\u00e9triment des autres cultures\u00bb<\/em>.<\/p>\n\n\n\n<p>Des r\u00e9actions parvenues avant-hier, 30 novembre 2023, \u00e0 l\u2019Assembl\u00e9e, lorsque la ministre des Affaires culturelles Hayet Guettat Guermazi a \u00e9t\u00e9 oblig\u00e9e de r\u00e9pondre au d\u00e9put\u00e9 Yassine Mami, qui s\u2019\u00e9tait plaint du fait que la Tunisie n\u2019\u00e9tait pas inform\u00e9e sir le contenu du film et son sc\u00e9nario, pour se pr\u00e9munir contre une \u00e9ventuelle falsification des faits historiques.<\/p>\n\n\n\n<p>La ministre, s\u2019exprimant \u00e0 l\u2019h\u00e9micycle \u00e0 l\u2019occasion de l\u2019approbation du budget 2024 de son minist\u00e8re, a indiqu\u00e9 que son d\u00e9partement cherche \u00e0 n\u00e9gocier avec Netflix pour que certaines s\u00e9quences du film soient tourn\u00e9es en Tunisie, soulignant que l\u2019intention de la plateforme est faire une fiction et non un film historique. Ceci, a expliqu\u00e9 la ministre, ne donne pas \u00e0 la Tunisie le droit d\u2019intervenir sur le contenu des \u0153uvres, ce que le d\u00e9put\u00e9 \u00e9tait cens\u00e9 savoir.<\/p>\n\n\n\n<p>L\u2019annonce du futur tournage du film a d\u00e9sorient\u00e9 l\u2019opinion publique tunisienne. Si certains \u00e9taient ravis \u00e0 l\u2019id\u00e9e de savoir que Denzel Washington incarnera l\u2019un des plus grands chefs militaires de l\u2019Histoire, d\u2019autres ont remis en question ce choix, d\u00e9non\u00e7ant une tentative de falsification des faits historiques.<\/p>\n\n\n\n<p>Des controverses similaires avaient \u00e9clat\u00e9 en Egypte \u00e0 propos de la production du docudrame <em>\u2018\u2018Reine Cl\u00e9op\u00e2tre\u2019\u2019<\/em> avec l&rsquo;actrice noire Adele James dans le r\u00f4le principal, qui s\u2019\u00e9tait retrouv\u00e9 au centre d\u2019un d\u00e9bat mondial sur l\u2019afrocentrisme. Ce qui a pouss\u00e9 le minist\u00e8re \u00e9gyptien \u00e0 annoncer la production de son propre documentaire tr\u00e8s co\u00fbteux pour diffuser autant que possible les v\u00e9rit\u00e9s historiques accumul\u00e9es par des experts de confiance sur la reine \u00e9gyptienne.<\/p>\n\n\n\n<p>Hannibal Barca, n\u00e9 en 247 av. J.-C. \u00e0 Carthage, dans l&rsquo;actuelle Tunisie, et mort entre 183 et 181 av. J.-C. en Bithynie, dans l&rsquo;actuelle Turquie, a a toujours \u00e9t\u00e9 d\u00e9peint par les historiens, les artistes et les sculpteurs sous les traits d&rsquo;un homme blanc de type nord-africain que justifie son origine punique.  <\/p>\n\n\n\n<p class=\"has-text-align-right\"><strong>I. B.<\/strong><\/p>\n","protected":false},"excerpt":{"rendered":"<p>Le d\u00e9bat sur la couleur de peau duy g\u00e9n\u00e9ral Hannibal Barca s&rsquo;invite \u00e0 l&rsquo;Assembl\u00e9e tunisienne.  <\/p>\n","protected":false},"author":8,"featured_media":10772645,"comment_status":"open","ping_status":"open","sticky":false,"template":"","format":"standard","meta":{"footnotes":""},"categories":[994,997,2433],"tags":[112631,112634,112632,112630,2379,13177,112633,101695,78557,85178],"class_list":["post-10772476","post","type-post","status-publish","format-standard","has-post-thumbnail","hentry","category-culture","category-politique","category-tunisie","tag-adele-james","tag-afrocentrisme","tag-cleopatre","tag-denzel-washington","tag-egypte","tag-hannibal","tag-hannibal-barca","tag-hayet-guettat-guermazi","tag-netflix","tag-parlement-tunisien"],"yoast_head":"<!-- This site is optimized with the Yoast SEO plugin v26.6 - https:\/\/yoast.com\/wordpress\/plugins\/seo\/ -->\n<title>La couleur de peau d\u2019Hannibal en discussion \u00e0 l\u2019Assembl\u00e9e tunisienne \u00a0\u00a0 - Kapitalis<\/title>\n<meta name=\"robots\" content=\"index, follow, max-snippet:-1, max-image-preview:large, max-video-preview:-1\" \/>\n<link rel=\"canonical\" href=\"https:\/\/kapitalis.com\/tunisie\/2023\/12\/02\/la-couleur-de-peau-dhannibal-en-discussion-a-lassemblee-tunisienne\/\" \/>\n<meta property=\"og:locale\" content=\"fr_FR\" \/>\n<meta property=\"og:type\" content=\"article\" \/>\n<meta property=\"og:title\" content=\"La couleur de peau d\u2019Hannibal en discussion \u00e0 l\u2019Assembl\u00e9e tunisienne \u00a0\u00a0 - Kapitalis\" \/>\n<meta property=\"og:description\" content=\"Le d\u00e9bat sur la couleur de peau duy g\u00e9n\u00e9ral Hannibal Barca s&#039;invite \u00e0 l&#039;Assembl\u00e9e tunisienne.\" \/>\n<meta property=\"og:url\" content=\"https:\/\/kapitalis.com\/tunisie\/2023\/12\/02\/la-couleur-de-peau-dhannibal-en-discussion-a-lassemblee-tunisienne\/\" \/>\n<meta property=\"og:site_name\" content=\"Kapitalis\" \/>\n<meta property=\"article:publisher\" content=\"https:\/\/www.facebook.com\/KapitalisInfo\/\" \/>\n<meta property=\"article:published_time\" content=\"2023-12-02T11:36:50+00:00\" \/>\n<meta property=\"article:modified_time\" content=\"2023-12-02T11:36:51+00:00\" \/>\n<meta property=\"og:image\" content=\"https:\/\/kapitalis.com\/tunisie\/wp-content\/uploads\/2023\/12\/Denzel-Washington-Hannibal-Barca.jpg\" \/>\n\t<meta property=\"og:image:width\" content=\"1200\" \/>\n\t<meta property=\"og:image:height\" content=\"630\" \/>\n\t<meta property=\"og:image:type\" content=\"image\/jpeg\" \/>\n<meta name=\"author\" content=\"webmaster kapitalis\" \/>\n<meta name=\"twitter:card\" content=\"summary_large_image\" \/>\n<meta name=\"twitter:creator\" content=\"@KapitalisInfo\" \/>\n<meta name=\"twitter:site\" content=\"@KapitalisInfo\" \/>\n<meta name=\"twitter:label1\" content=\"\u00c9crit par\" \/>\n\t<meta name=\"twitter:data1\" content=\"webmaster kapitalis\" \/>\n\t<meta name=\"twitter:label2\" content=\"Dur\u00e9e de lecture estim\u00e9e\" \/>\n\t<meta name=\"twitter:data2\" content=\"2 minutes\" \/>\n<script type=\"application\/ld+json\" class=\"yoast-schema-graph\">{\"@context\":\"https:\/\/schema.org\",\"@graph\":[{\"@type\":\"Article\",\"@id\":\"https:\/\/kapitalis.com\/tunisie\/2023\/12\/02\/la-couleur-de-peau-dhannibal-en-discussion-a-lassemblee-tunisienne\/#article\",\"isPartOf\":{\"@id\":\"https:\/\/kapitalis.com\/tunisie\/2023\/12\/02\/la-couleur-de-peau-dhannibal-en-discussion-a-lassemblee-tunisienne\/\"},\"author\":{\"name\":\"webmaster kapitalis\",\"@id\":\"https:\/\/kapitalis.com\/tunisie\/#\/schema\/person\/d71f33a9ca44f7bad4698210b480c8e9\"},\"headline\":\"La couleur de peau d\u2019Hannibal en discussion \u00e0 l\u2019Assembl\u00e9e tunisienne \u00a0\u00a0\",\"datePublished\":\"2023-12-02T11:36:50+00:00\",\"dateModified\":\"2023-12-02T11:36:51+00:00\",\"mainEntityOfPage\":{\"@id\":\"https:\/\/kapitalis.com\/tunisie\/2023\/12\/02\/la-couleur-de-peau-dhannibal-en-discussion-a-lassemblee-tunisienne\/\"},\"wordCount\":437,\"commentCount\":10,\"publisher\":{\"@id\":\"https:\/\/kapitalis.com\/tunisie\/#organization\"},\"image\":{\"@id\":\"https:\/\/kapitalis.com\/tunisie\/2023\/12\/02\/la-couleur-de-peau-dhannibal-en-discussion-a-lassemblee-tunisienne\/#primaryimage\"},\"thumbnailUrl\":\"https:\/\/kapitalis.com\/tunisie\/wp-content\/uploads\/2023\/12\/Denzel-Washington-Hannibal-Barca.jpg\",\"keywords\":[\"Adele James\",\"afrocentrisme\",\"Cl\u00e9op\u00e2tre\",\"Denzel Washington\",\"Egypte\",\"Hannibal\",\"Hannibal Barca\",\"Hayet Guettat Guermazi\",\"netflix\",\"Parlement tunisien\"],\"articleSection\":[\"CULTURE\",\"POLITIQUE\",\"Tunisie\"],\"inLanguage\":\"fr-FR\",\"potentialAction\":[{\"@type\":\"CommentAction\",\"name\":\"Comment\",\"target\":[\"https:\/\/kapitalis.com\/tunisie\/2023\/12\/02\/la-couleur-de-peau-dhannibal-en-discussion-a-lassemblee-tunisienne\/#respond\"]}]},{\"@type\":\"WebPage\",\"@id\":\"https:\/\/kapitalis.com\/tunisie\/2023\/12\/02\/la-couleur-de-peau-dhannibal-en-discussion-a-lassemblee-tunisienne\/\",\"url\":\"https:\/\/kapitalis.com\/tunisie\/2023\/12\/02\/la-couleur-de-peau-dhannibal-en-discussion-a-lassemblee-tunisienne\/\",\"name\":\"La couleur de peau d\u2019Hannibal en discussion \u00e0 l\u2019Assembl\u00e9e tunisienne \u00a0\u00a0 - Kapitalis\",\"isPartOf\":{\"@id\":\"https:\/\/kapitalis.com\/tunisie\/#website\"},\"primaryImageOfPage\":{\"@id\":\"https:\/\/kapitalis.com\/tunisie\/2023\/12\/02\/la-couleur-de-peau-dhannibal-en-discussion-a-lassemblee-tunisienne\/#primaryimage\"},\"image\":{\"@id\":\"https:\/\/kapitalis.com\/tunisie\/2023\/12\/02\/la-couleur-de-peau-dhannibal-en-discussion-a-lassemblee-tunisienne\/#primaryimage\"},\"thumbnailUrl\":\"https:\/\/kapitalis.com\/tunisie\/wp-content\/uploads\/2023\/12\/Denzel-Washington-Hannibal-Barca.jpg\",\"datePublished\":\"2023-12-02T11:36:50+00:00\",\"dateModified\":\"2023-12-02T11:36:51+00:00\",\"breadcrumb\":{\"@id\":\"https:\/\/kapitalis.com\/tunisie\/2023\/12\/02\/la-couleur-de-peau-dhannibal-en-discussion-a-lassemblee-tunisienne\/#breadcrumb\"},\"inLanguage\":\"fr-FR\",\"potentialAction\":[{\"@type\":\"ReadAction\",\"target\":[\"https:\/\/kapitalis.com\/tunisie\/2023\/12\/02\/la-couleur-de-peau-dhannibal-en-discussion-a-lassemblee-tunisienne\/\"]}]},{\"@type\":\"ImageObject\",\"inLanguage\":\"fr-FR\",\"@id\":\"https:\/\/kapitalis.com\/tunisie\/2023\/12\/02\/la-couleur-de-peau-dhannibal-en-discussion-a-lassemblee-tunisienne\/#primaryimage\",\"url\":\"https:\/\/kapitalis.com\/tunisie\/wp-content\/uploads\/2023\/12\/Denzel-Washington-Hannibal-Barca.jpg\",\"contentUrl\":\"https:\/\/kapitalis.com\/tunisie\/wp-content\/uploads\/2023\/12\/Denzel-Washington-Hannibal-Barca.jpg\",\"width\":1200,\"height\":630},{\"@type\":\"BreadcrumbList\",\"@id\":\"https:\/\/kapitalis.com\/tunisie\/2023\/12\/02\/la-couleur-de-peau-dhannibal-en-discussion-a-lassemblee-tunisienne\/#breadcrumb\",\"itemListElement\":[{\"@type\":\"ListItem\",\"position\":1,\"name\":\"Accueil\",\"item\":\"https:\/\/kapitalis.com\/tunisie\/\"},{\"@type\":\"ListItem\",\"position\":2,\"name\":\"La couleur de peau d\u2019Hannibal en discussion \u00e0 l\u2019Assembl\u00e9e tunisienne \u00a0\u00a0\"}]},{\"@type\":\"WebSite\",\"@id\":\"https:\/\/kapitalis.com\/tunisie\/#website\",\"url\":\"https:\/\/kapitalis.com\/tunisie\/\",\"name\":\"Kapitalis\",\"description\":\"L&#039;actualit\u00e9 en Tunisie et dans le monde\",\"publisher\":{\"@id\":\"https:\/\/kapitalis.com\/tunisie\/#organization\"},\"potentialAction\":[{\"@type\":\"SearchAction\",\"target\":{\"@type\":\"EntryPoint\",\"urlTemplate\":\"https:\/\/kapitalis.com\/tunisie\/?s={search_term_string}\"},\"query-input\":{\"@type\":\"PropertyValueSpecification\",\"valueRequired\":true,\"valueName\":\"search_term_string\"}}],\"inLanguage\":\"fr-FR\"},{\"@type\":\"Organization\",\"@id\":\"https:\/\/kapitalis.com\/tunisie\/#organization\",\"name\":\"Kapitalis\",\"url\":\"https:\/\/kapitalis.com\/tunisie\/\",\"logo\":{\"@type\":\"ImageObject\",\"inLanguage\":\"fr-FR\",\"@id\":\"https:\/\/kapitalis.com\/tunisie\/#\/schema\/logo\/image\/\",\"url\":\"https:\/\/kapitalis.com\/tunisie\/wp-content\/uploads\/2022\/05\/Kapitalis-big-size.png\",\"contentUrl\":\"https:\/\/kapitalis.com\/tunisie\/wp-content\/uploads\/2022\/05\/Kapitalis-big-size.png\",\"width\":5000,\"height\":1500,\"caption\":\"Kapitalis\"},\"image\":{\"@id\":\"https:\/\/kapitalis.com\/tunisie\/#\/schema\/logo\/image\/\"},\"sameAs\":[\"https:\/\/www.facebook.com\/KapitalisInfo\/\",\"https:\/\/x.com\/KapitalisInfo\",\"https:\/\/www.youtube.com\/channel\/UC-yDYrHyfFBWWZaOw3FPg9Q\"]},{\"@type\":\"Person\",\"@id\":\"https:\/\/kapitalis.com\/tunisie\/#\/schema\/person\/d71f33a9ca44f7bad4698210b480c8e9\",\"name\":\"webmaster kapitalis\",\"url\":\"https:\/\/kapitalis.com\/tunisie\/author\/webmaster-kapitalis\/\"}]}<\/script>\n<!-- \/ Yoast SEO plugin. -->","yoast_head_json":{"title":"La couleur de peau d\u2019Hannibal en discussion \u00e0 l\u2019Assembl\u00e9e tunisienne \u00a0\u00a0 - Kapitalis","robots":{"index":"index","follow":"follow","max-snippet":"max-snippet:-1","max-image-preview":"max-image-preview:large","max-video-preview":"max-video-preview:-1"},"canonical":"https:\/\/kapitalis.com\/tunisie\/2023\/12\/02\/la-couleur-de-peau-dhannibal-en-discussion-a-lassemblee-tunisienne\/","og_locale":"fr_FR","og_type":"article","og_title":"La couleur de peau d\u2019Hannibal en discussion \u00e0 l\u2019Assembl\u00e9e tunisienne \u00a0\u00a0 - Kapitalis","og_description":"Le d\u00e9bat sur la couleur de peau duy g\u00e9n\u00e9ral Hannibal Barca s'invite \u00e0 l'Assembl\u00e9e tunisienne.","og_url":"https:\/\/kapitalis.com\/tunisie\/2023\/12\/02\/la-couleur-de-peau-dhannibal-en-discussion-a-lassemblee-tunisienne\/","og_site_name":"Kapitalis","article_publisher":"https:\/\/www.facebook.com\/KapitalisInfo\/","article_published_time":"2023-12-02T11:36:50+00:00","article_modified_time":"2023-12-02T11:36:51+00:00","og_image":[{"width":1200,"height":630,"url":"https:\/\/kapitalis.com\/tunisie\/wp-content\/uploads\/2023\/12\/Denzel-Washington-Hannibal-Barca.jpg","type":"image\/jpeg"}],"author":"webmaster kapitalis","twitter_card":"summary_large_image","twitter_creator":"@KapitalisInfo","twitter_site":"@KapitalisInfo","twitter_misc":{"\u00c9crit par":"webmaster kapitalis","Dur\u00e9e de lecture estim\u00e9e":"2 minutes"},"schema":{"@context":"https:\/\/schema.org","@graph":[{"@type":"Article","@id":"https:\/\/kapitalis.com\/tunisie\/2023\/12\/02\/la-couleur-de-peau-dhannibal-en-discussion-a-lassemblee-tunisienne\/#article","isPartOf":{"@id":"https:\/\/kapitalis.com\/tunisie\/2023\/12\/02\/la-couleur-de-peau-dhannibal-en-discussion-a-lassemblee-tunisienne\/"},"author":{"name":"webmaster kapitalis","@id":"https:\/\/kapitalis.com\/tunisie\/#\/schema\/person\/d71f33a9ca44f7bad4698210b480c8e9"},"headline":"La couleur de peau d\u2019Hannibal en discussion \u00e0 l\u2019Assembl\u00e9e tunisienne \u00a0\u00a0","datePublished":"2023-12-02T11:36:50+00:00","dateModified":"2023-12-02T11:36:51+00:00","mainEntityOfPage":{"@id":"https:\/\/kapitalis.com\/tunisie\/2023\/12\/02\/la-couleur-de-peau-dhannibal-en-discussion-a-lassemblee-tunisienne\/"},"wordCount":437,"commentCount":10,"publisher":{"@id":"https:\/\/kapitalis.com\/tunisie\/#organization"},"image":{"@id":"https:\/\/kapitalis.com\/tunisie\/2023\/12\/02\/la-couleur-de-peau-dhannibal-en-discussion-a-lassemblee-tunisienne\/#primaryimage"},"thumbnailUrl":"https:\/\/kapitalis.com\/tunisie\/wp-content\/uploads\/2023\/12\/Denzel-Washington-Hannibal-Barca.jpg","keywords":["Adele James","afrocentrisme","Cl\u00e9op\u00e2tre","Denzel Washington","Egypte","Hannibal","Hannibal Barca","Hayet Guettat Guermazi","netflix","Parlement tunisien"],"articleSection":["CULTURE","POLITIQUE","Tunisie"],"inLanguage":"fr-FR","potentialAction":[{"@type":"CommentAction","name":"Comment","target":["https:\/\/kapitalis.com\/tunisie\/2023\/12\/02\/la-couleur-de-peau-dhannibal-en-discussion-a-lassemblee-tunisienne\/#respond"]}]},{"@type":"WebPage","@id":"https:\/\/kapitalis.com\/tunisie\/2023\/12\/02\/la-couleur-de-peau-dhannibal-en-discussion-a-lassemblee-tunisienne\/","url":"https:\/\/kapitalis.com\/tunisie\/2023\/12\/02\/la-couleur-de-peau-dhannibal-en-discussion-a-lassemblee-tunisienne\/","name":"La couleur de peau d\u2019Hannibal en discussion \u00e0 l\u2019Assembl\u00e9e tunisienne \u00a0\u00a0 - Kapitalis","isPartOf":{"@id":"https:\/\/kapitalis.com\/tunisie\/#website"},"primaryImageOfPage":{"@id":"https:\/\/kapitalis.com\/tunisie\/2023\/12\/02\/la-couleur-de-peau-dhannibal-en-discussion-a-lassemblee-tunisienne\/#primaryimage"},"image":{"@id":"https:\/\/kapitalis.com\/tunisie\/2023\/12\/02\/la-couleur-de-peau-dhannibal-en-discussion-a-lassemblee-tunisienne\/#primaryimage"},"thumbnailUrl":"https:\/\/kapitalis.com\/tunisie\/wp-content\/uploads\/2023\/12\/Denzel-Washington-Hannibal-Barca.jpg","datePublished":"2023-12-02T11:36:50+00:00","dateModified":"2023-12-02T11:36:51+00:00","breadcrumb":{"@id":"https:\/\/kapitalis.com\/tunisie\/2023\/12\/02\/la-couleur-de-peau-dhannibal-en-discussion-a-lassemblee-tunisienne\/#breadcrumb"},"inLanguage":"fr-FR","potentialAction":[{"@type":"ReadAction","target":["https:\/\/kapitalis.com\/tunisie\/2023\/12\/02\/la-couleur-de-peau-dhannibal-en-discussion-a-lassemblee-tunisienne\/"]}]},{"@type":"ImageObject","inLanguage":"fr-FR","@id":"https:\/\/kapitalis.com\/tunisie\/2023\/12\/02\/la-couleur-de-peau-dhannibal-en-discussion-a-lassemblee-tunisienne\/#primaryimage","url":"https:\/\/kapitalis.com\/tunisie\/wp-content\/uploads\/2023\/12\/Denzel-Washington-Hannibal-Barca.jpg","contentUrl":"https:\/\/kapitalis.com\/tunisie\/wp-content\/uploads\/2023\/12\/Denzel-Washington-Hannibal-Barca.jpg","width":1200,"height":630},{"@type":"BreadcrumbList","@id":"https:\/\/kapitalis.com\/tunisie\/2023\/12\/02\/la-couleur-de-peau-dhannibal-en-discussion-a-lassemblee-tunisienne\/#breadcrumb","itemListElement":[{"@type":"ListItem","position":1,"name":"Accueil","item":"https:\/\/kapitalis.com\/tunisie\/"},{"@type":"ListItem","position":2,"name":"La couleur de peau d\u2019Hannibal en discussion \u00e0 l\u2019Assembl\u00e9e tunisienne \u00a0\u00a0"}]},{"@type":"WebSite","@id":"https:\/\/kapitalis.com\/tunisie\/#website","url":"https:\/\/kapitalis.com\/tunisie\/","name":"Kapitalis","description":"L&#039;actualit\u00e9 en Tunisie et dans le monde","publisher":{"@id":"https:\/\/kapitalis.com\/tunisie\/#organization"},"potentialAction":[{"@type":"SearchAction","target":{"@type":"EntryPoint","urlTemplate":"https:\/\/kapitalis.com\/tunisie\/?s={search_term_string}"},"query-input":{"@type":"PropertyValueSpecification","valueRequired":true,"valueName":"search_term_string"}}],"inLanguage":"fr-FR"},{"@type":"Organization","@id":"https:\/\/kapitalis.com\/tunisie\/#organization","name":"Kapitalis","url":"https:\/\/kapitalis.com\/tunisie\/","logo":{"@type":"ImageObject","inLanguage":"fr-FR","@id":"https:\/\/kapitalis.com\/tunisie\/#\/schema\/logo\/image\/","url":"https:\/\/kapitalis.com\/tunisie\/wp-content\/uploads\/2022\/05\/Kapitalis-big-size.png","contentUrl":"https:\/\/kapitalis.com\/tunisie\/wp-content\/uploads\/2022\/05\/Kapitalis-big-size.png","width":5000,"height":1500,"caption":"Kapitalis"},"image":{"@id":"https:\/\/kapitalis.com\/tunisie\/#\/schema\/logo\/image\/"},"sameAs":["https:\/\/www.facebook.com\/KapitalisInfo\/","https:\/\/x.com\/KapitalisInfo","https:\/\/www.youtube.com\/channel\/UC-yDYrHyfFBWWZaOw3FPg9Q"]},{"@type":"Person","@id":"https:\/\/kapitalis.com\/tunisie\/#\/schema\/person\/d71f33a9ca44f7bad4698210b480c8e9","name":"webmaster kapitalis","url":"https:\/\/kapitalis.com\/tunisie\/author\/webmaster-kapitalis\/"}]}},"_links":{"self":[{"href":"https:\/\/kapitalis.com\/tunisie\/wp-json\/wp\/v2\/posts\/10772476","targetHints":{"allow":["GET"]}}],"collection":[{"href":"https:\/\/kapitalis.com\/tunisie\/wp-json\/wp\/v2\/posts"}],"about":[{"href":"https:\/\/kapitalis.com\/tunisie\/wp-json\/wp\/v2\/types\/post"}],"author":[{"embeddable":true,"href":"https:\/\/kapitalis.com\/tunisie\/wp-json\/wp\/v2\/users\/8"}],"replies":[{"embeddable":true,"href":"https:\/\/kapitalis.com\/tunisie\/wp-json\/wp\/v2\/comments?post=10772476"}],"version-history":[{"count":1,"href":"https:\/\/kapitalis.com\/tunisie\/wp-json\/wp\/v2\/posts\/10772476\/revisions"}],"predecessor-version":[{"id":10772665,"href":"https:\/\/kapitalis.com\/tunisie\/wp-json\/wp\/v2\/posts\/10772476\/revisions\/10772665"}],"wp:featuredmedia":[{"embeddable":true,"href":"https:\/\/kapitalis.com\/tunisie\/wp-json\/wp\/v2\/media\/10772645"}],"wp:attachment":[{"href":"https:\/\/kapitalis.com\/tunisie\/wp-json\/wp\/v2\/media?parent=10772476"}],"wp:term":[{"taxonomy":"category","embeddable":true,"href":"https:\/\/kapitalis.com\/tunisie\/wp-json\/wp\/v2\/categories?post=10772476"},{"taxonomy":"post_tag","embeddable":true,"href":"https:\/\/kapitalis.com\/tunisie\/wp-json\/wp\/v2\/tags?post=10772476"}],"curies":[{"name":"wp","href":"https:\/\/api.w.org\/{rel}","templated":true}]}}