{"id":10772729,"date":"2023-12-02T12:59:02","date_gmt":"2023-12-02T11:59:02","guid":{"rendered":"https:\/\/kapitalis.com\/tunisie\/?p=10772729"},"modified":"2023-12-02T13:12:25","modified_gmt":"2023-12-02T12:12:25","slug":"hannibal-ennemi-de-la-rome-antique-etait-il-noir","status":"publish","type":"post","link":"https:\/\/kapitalis.com\/tunisie\/2023\/12\/02\/hannibal-ennemi-de-la-rome-antique-etait-il-noir\/","title":{"rendered":"Hannibal, ennemi de la Rome antique, \u00e9tait-il noir ?"},"content":{"rendered":"\n<p><strong><em>Le fait que l\u2019acteur noir am\u00e9ricain Denzel Washington ait \u00e9t\u00e9 choisi pour jouer le r\u00f4le d\u2019Hannibal Barca dans un film produit par la plateforme Netflix a remis \u00e0 l&rsquo;ordre du jour le d\u00e9bat sur la couleur de peau du g\u00e9n\u00e9ral carthaginois. Dans un article publi\u00e9 le 16 ao\u00fbt 2019, intitul\u00e9 \u00abHannibal, ennemi de la Rome antique, \u00e9tait-il noir ?\u00bb, le site <a href=\"https:\/\/www.thoughtco.com\/was-hannibal-black-118902\" target=\"_blank\" rel=\"noreferrer noopener\">ThoughtCo<\/a> avouait que la question est difficile \u00e0 trancher. Nous reproduisons ci-dessous une traduction de cet article qui fait le tour de la question. <\/em><\/strong> <em>(Illustration : Buste en bronze d&rsquo;Hannibal Barca, Jeff Glasel, v. 1815; avec Hannibal traversant les Alpes, de Heinrich Leutemann, 19e si\u00e8cle; et Hannibal en Italie, fresque de Jacopo Ripanda, XVIe si\u00e8cle). <\/em><\/p>\n\n\n\n<p>Par <strong>N.S. Gill<\/strong><\/p>\n\n\n\n<!--more-->\n\n\n\n<p>Hannibal Barca \u00e9tait un g\u00e9n\u00e9ral carthaginois consid\u00e9r\u00e9 comme l\u2019un des plus grands chefs militaires de l\u2019histoire. Hannibal est n\u00e9 en 183 avant notre \u00e8re et a v\u00e9cu \u00e0 une \u00e9poque de grands conflits politiques et militaires. Carthage \u00e9tait une grande et importante cit\u00e9-\u00c9tat ph\u00e9nicienne en Afrique du Nord, souvent en conflit avec les empires grec et romain.<\/p>\n\n\n\n<p>Parce qu\u2019Hannibal est originaire d\u2019Afrique, la question est parfois pos\u00e9e :<em> \u00abHannibal \u00e9tait-il noir ?\u00bb<\/em><\/p>\n\n\n\n<h2 class=\"wp-block-heading\">Qu\u2019entend-on par les termes <em>\u00abNoir\u00bb<\/em> et <em>\u00abAfrique \u00bb<\/em>?<\/h2>\n\n\n\n<p>Le terme Noir, dans son usage moderne aux \u00c9tats-Unis, signifie quelque chose de diff\u00e9rent de ce que signifierait l\u2019adjectif latin commun pour <em>\u00abnoir\u00bb<\/em> (<em>niger<\/em>). Frank M. Snowden l\u2019explique dans son article <em>\u00abId\u00e9es fausses sur les Noirs africains dans le monde m\u00e9diterran\u00e9en antique : sp\u00e9cialistes et afrocentristes\u00bb<\/em>. Compar\u00e9 \u00e0 un M\u00e9diterran\u00e9en, quelqu\u2019un de Scythie ou d\u2019Irlande \u00e9tait visiblement blanc et quelqu\u2019un d\u2019Afrique \u00e9tait visiblement noir.<\/p>\n\n\n\n<p>En \u00c9gypte, comme dans d\u2019autres r\u00e9gions d\u2019Afrique du Nord, il existait d\u2019autres couleurs permettant de d\u00e9crire le teint. Il y avait \u00e9galement de nombreux mariages mixtes entre les personnes \u00e0 la peau plus claire d\u2019Afrique du Nord et les personnes \u00e0 la peau plus fonc\u00e9e appel\u00e9es \u00c9thiopiens ou Nubiens. Hannibal avait peut-\u00eatre la peau plus fonc\u00e9e qu\u2019un Romain, mais il n\u2019aurait pas \u00e9t\u00e9 d\u00e9crit comme \u00e9thiopien.<\/p>\n\n\n\n<p>Hannibal venait d\u2019une r\u00e9gion appel\u00e9e Afrique du Nord, d\u2019une famille carthaginoise. Les Carthaginois \u00e9taient des Ph\u00e9niciens, ce qui signifie qu\u2019ils seraient classiquement d\u00e9crits comme un peuple s\u00e9mitique. Le terme s\u00e9mitique fait r\u00e9f\u00e9rence \u00e0 une vari\u00e9t\u00e9 de peuples de l\u2019ancien Proche-Orient (par exemple les Assyriens, les Arabes et les H\u00e9breux), qui comprenaient certaines parties de l\u2019Afrique du Nord.<\/p>\n\n\n<div class=\"wp-block-image\">\n<figure class=\"aligncenter size-full\"><img loading=\"lazy\" decoding=\"async\" width=\"800\" height=\"500\" src=\"https:\/\/kapitalis.com\/tunisie\/wp-content\/uploads\/2023\/12\/Hannibal-Barca-2.jpg\" alt=\"\" class=\"wp-image-10772889\" srcset=\"https:\/\/kapitalis.com\/tunisie\/wp-content\/uploads\/2023\/12\/Hannibal-Barca-2.jpg 800w, https:\/\/kapitalis.com\/tunisie\/wp-content\/uploads\/2023\/12\/Hannibal-Barca-2-300x188.jpg 300w, https:\/\/kapitalis.com\/tunisie\/wp-content\/uploads\/2023\/12\/Hannibal-Barca-2-768x480.jpg 768w, https:\/\/kapitalis.com\/tunisie\/wp-content\/uploads\/2023\/12\/Hannibal-Barca-2-580x363.jpg 580w\" sizes=\"auto, (max-width: 800px) 100vw, 800px\" \/><figcaption class=\"wp-element-caption\"><em>Buste en bronze d&rsquo;Hannibal Barca, Jeff Glasel, v. 1815<\/em>.<\/figcaption><\/figure>\n<\/div>\n\n\n<h2 class=\"wp-block-heading\">Pourquoi nous ne savons pas \u00e0 quoi ressemblait Hannibal<\/h2>\n\n\n\n<p>L\u2019apparence personnelle d\u2019Hannibal n\u2019est ni d\u00e9crite ni montr\u00e9e sous une forme incontestable, il est donc difficile de simplement pointer vers une preuve directe. Les pi\u00e8ces de monnaie frapp\u00e9es pendant la p\u00e9riode de sa direction pourraient repr\u00e9senter Hannibal, mais pourraient \u00e9galement repr\u00e9senter son p\u00e8re ou d\u2019autres proches. De plus, selon un article de l\u2019<em>Encyclopedia Britannica<\/em> bas\u00e9 sur les travaux de l\u2019historien Patrick Hunt, s\u2019il est possible qu\u2019Hannibal ait des anc\u00eatres originaires de l\u2019int\u00e9rieur de l\u2019Afrique, nous n\u2019avons aucune preuve claire pour ou contre :<\/p>\n\n\n\n<p><em>\u00abEn ce qui concerne son ADN, \u00e0 notre connaissance, nous n\u2019avons aucun squelette, aucun os fragmentaire ou trace physique de lui, donc \u00e9tablir son appartenance ethnique serait principalement sp\u00e9culatif. Cependant, d\u2019apr\u00e8s ce que nous pensons savoir de son ascendance familiale, sa famille Barcide (si c\u2019est m\u00eame le bon nom) a \u00e9t\u00e9 g\u00e9n\u00e9ralement comprise comme descendant de l\u2019aristocratie ph\u00e9nicienne&#8230; [donc] son \u200b\u200bascendance originale se situerait dans ce qui est aujourd\u2019hui le Liban moderne. Pour autant que nous le sachions, peu ou pas d\u2019africanisation \u2013 si ce terme est acceptable \u2013 ne s\u2019est produite dans cette r\u00e9gion avant ou pendant son \u00e9poque. En revanche, depuis que les Ph\u00e9niciens sont arriv\u00e9s puis se sont install\u00e9s dans ce qui est aujourd\u2019hui la Tunisie&#8230; pr\u00e8s de 1 000 ans avant Hannibal, il est tr\u00e8s possible que sa famille se soit m\u00eal\u00e9e dans l\u2019ADN \u00e0 des peuples vivant alors en Afrique du Nord. Cela ne nie pas une \u00e9ventuelle africanisation de la r\u00e9gion de Carthage.\u00bb <\/em>(Encyclopedia Britannica).<\/p>\n\n\n\n<p class=\"has-text-align-right\"><em>Traduit de l&rsquo;anglais.<\/em><\/p>\n\n\n\n<figure class=\"wp-block-embed is-type-wp-embed is-provider-kapitalis wp-block-embed-kapitalis\"><div class=\"wp-block-embed__wrapper\">\n<blockquote class=\"wp-embedded-content\" data-secret=\"qmnmCIMq4B\"><a href=\"https:\/\/kapitalis.com\/tunisie\/2023\/12\/02\/la-couleur-de-peau-dhannibal-en-discussion-a-lassemblee-tunisienne\/\">La couleur de peau d\u2019Hannibal en discussion \u00e0 l\u2019Assembl\u00e9e tunisienne \u00a0\u00a0<\/a><\/blockquote><iframe loading=\"lazy\" class=\"wp-embedded-content\" sandbox=\"allow-scripts\" security=\"restricted\" style=\"position: absolute; clip: rect(1px, 1px, 1px, 1px);\" title=\"\u00ab\u00a0La couleur de peau d\u2019Hannibal en discussion \u00e0 l\u2019Assembl\u00e9e tunisienne \u00a0\u00a0\u00a0\u00bb &#8212; Kapitalis\" src=\"https:\/\/kapitalis.com\/tunisie\/2023\/12\/02\/la-couleur-de-peau-dhannibal-en-discussion-a-lassemblee-tunisienne\/embed\/#?secret=WdBOExZNxv#?secret=qmnmCIMq4B\" data-secret=\"qmnmCIMq4B\" width=\"600\" height=\"338\" frameborder=\"0\" marginwidth=\"0\" marginheight=\"0\" scrolling=\"no\"><\/iframe>\n<\/div><\/figure>\n","protected":false},"excerpt":{"rendered":"<p>La question de la couleur de peau du g\u00e9n\u00e9ral carthaginois Hannibal Barca est loin d&rsquo;\u00eatre tranch\u00e9e. <\/p>\n","protected":false},"author":8,"featured_media":10772801,"comment_status":"open","ping_status":"open","sticky":false,"template":"","format":"standard","meta":{"footnotes":""},"categories":[992,994,2433],"tags":[107853,41,112635,1234,112630,112636,112633,78557,112637],"class_list":["post-10772729","post","type-post","status-publish","format-standard","has-post-thumbnail","hentry","category-a-la-une","category-culture","category-tunisie","tag-africains-noirs","tag-afrique","tag-afrocentristes","tag-carthage","tag-denzel-washington","tag-frank-m-snowden","tag-hannibal-barca","tag-netflix","tag-pheniciens"],"yoast_head":"<!-- This site is optimized with the Yoast SEO plugin v26.6 - https:\/\/yoast.com\/wordpress\/plugins\/seo\/ -->\n<title>Hannibal, ennemi de la Rome antique, \u00e9tait-il noir ? - Kapitalis<\/title>\n<meta name=\"robots\" content=\"index, follow, max-snippet:-1, max-image-preview:large, max-video-preview:-1\" \/>\n<link rel=\"canonical\" href=\"https:\/\/kapitalis.com\/tunisie\/2023\/12\/02\/hannibal-ennemi-de-la-rome-antique-etait-il-noir\/\" \/>\n<meta property=\"og:locale\" content=\"fr_FR\" \/>\n<meta property=\"og:type\" content=\"article\" \/>\n<meta property=\"og:title\" content=\"Hannibal, ennemi de la Rome antique, \u00e9tait-il noir ? - Kapitalis\" \/>\n<meta property=\"og:description\" content=\"La question de la couleur de peau du g\u00e9n\u00e9ral carthaginois Hannibal Barca est loin d&#039;\u00eatre tranch\u00e9e.\" \/>\n<meta property=\"og:url\" content=\"https:\/\/kapitalis.com\/tunisie\/2023\/12\/02\/hannibal-ennemi-de-la-rome-antique-etait-il-noir\/\" \/>\n<meta property=\"og:site_name\" content=\"Kapitalis\" \/>\n<meta property=\"article:publisher\" content=\"https:\/\/www.facebook.com\/KapitalisInfo\/\" \/>\n<meta property=\"article:published_time\" content=\"2023-12-02T11:59:02+00:00\" \/>\n<meta property=\"article:modified_time\" content=\"2023-12-02T12:12:25+00:00\" \/>\n<meta property=\"og:image\" content=\"https:\/\/kapitalis.com\/tunisie\/wp-content\/uploads\/2023\/12\/Hannibal-Barca-Traverse-les-Alpes.jpg\" \/>\n\t<meta property=\"og:image:width\" content=\"1200\" \/>\n\t<meta property=\"og:image:height\" content=\"630\" \/>\n\t<meta property=\"og:image:type\" content=\"image\/jpeg\" \/>\n<meta name=\"author\" content=\"webmaster kapitalis\" \/>\n<meta name=\"twitter:card\" content=\"summary_large_image\" \/>\n<meta name=\"twitter:creator\" content=\"@KapitalisInfo\" \/>\n<meta name=\"twitter:site\" content=\"@KapitalisInfo\" \/>\n<meta name=\"twitter:label1\" content=\"\u00c9crit par\" \/>\n\t<meta name=\"twitter:data1\" content=\"webmaster kapitalis\" \/>\n\t<meta name=\"twitter:label2\" content=\"Dur\u00e9e de lecture estim\u00e9e\" \/>\n\t<meta name=\"twitter:data2\" content=\"4 minutes\" \/>\n<script type=\"application\/ld+json\" class=\"yoast-schema-graph\">{\"@context\":\"https:\/\/schema.org\",\"@graph\":[{\"@type\":\"Article\",\"@id\":\"https:\/\/kapitalis.com\/tunisie\/2023\/12\/02\/hannibal-ennemi-de-la-rome-antique-etait-il-noir\/#article\",\"isPartOf\":{\"@id\":\"https:\/\/kapitalis.com\/tunisie\/2023\/12\/02\/hannibal-ennemi-de-la-rome-antique-etait-il-noir\/\"},\"author\":{\"name\":\"webmaster kapitalis\",\"@id\":\"https:\/\/kapitalis.com\/tunisie\/#\/schema\/person\/d71f33a9ca44f7bad4698210b480c8e9\"},\"headline\":\"Hannibal, ennemi de la Rome antique, \u00e9tait-il noir ?\",\"datePublished\":\"2023-12-02T11:59:02+00:00\",\"dateModified\":\"2023-12-02T12:12:25+00:00\",\"mainEntityOfPage\":{\"@id\":\"https:\/\/kapitalis.com\/tunisie\/2023\/12\/02\/hannibal-ennemi-de-la-rome-antique-etait-il-noir\/\"},\"wordCount\":748,\"commentCount\":15,\"publisher\":{\"@id\":\"https:\/\/kapitalis.com\/tunisie\/#organization\"},\"image\":{\"@id\":\"https:\/\/kapitalis.com\/tunisie\/2023\/12\/02\/hannibal-ennemi-de-la-rome-antique-etait-il-noir\/#primaryimage\"},\"thumbnailUrl\":\"https:\/\/kapitalis.com\/tunisie\/wp-content\/uploads\/2023\/12\/Hannibal-Barca-Traverse-les-Alpes.jpg\",\"keywords\":[\"Africains noirs\",\"Afrique\",\"afrocentristes\",\"Carthage\",\"Denzel Washington\",\"Frank M. Snowden\",\"Hannibal Barca\",\"netflix\",\"Ph\u00e9niciens\"],\"articleSection\":[\"A LA UNE\",\"CULTURE\",\"Tunisie\"],\"inLanguage\":\"fr-FR\",\"potentialAction\":[{\"@type\":\"CommentAction\",\"name\":\"Comment\",\"target\":[\"https:\/\/kapitalis.com\/tunisie\/2023\/12\/02\/hannibal-ennemi-de-la-rome-antique-etait-il-noir\/#respond\"]}]},{\"@type\":\"WebPage\",\"@id\":\"https:\/\/kapitalis.com\/tunisie\/2023\/12\/02\/hannibal-ennemi-de-la-rome-antique-etait-il-noir\/\",\"url\":\"https:\/\/kapitalis.com\/tunisie\/2023\/12\/02\/hannibal-ennemi-de-la-rome-antique-etait-il-noir\/\",\"name\":\"Hannibal, ennemi de la Rome antique, \u00e9tait-il noir ? - Kapitalis\",\"isPartOf\":{\"@id\":\"https:\/\/kapitalis.com\/tunisie\/#website\"},\"primaryImageOfPage\":{\"@id\":\"https:\/\/kapitalis.com\/tunisie\/2023\/12\/02\/hannibal-ennemi-de-la-rome-antique-etait-il-noir\/#primaryimage\"},\"image\":{\"@id\":\"https:\/\/kapitalis.com\/tunisie\/2023\/12\/02\/hannibal-ennemi-de-la-rome-antique-etait-il-noir\/#primaryimage\"},\"thumbnailUrl\":\"https:\/\/kapitalis.com\/tunisie\/wp-content\/uploads\/2023\/12\/Hannibal-Barca-Traverse-les-Alpes.jpg\",\"datePublished\":\"2023-12-02T11:59:02+00:00\",\"dateModified\":\"2023-12-02T12:12:25+00:00\",\"breadcrumb\":{\"@id\":\"https:\/\/kapitalis.com\/tunisie\/2023\/12\/02\/hannibal-ennemi-de-la-rome-antique-etait-il-noir\/#breadcrumb\"},\"inLanguage\":\"fr-FR\",\"potentialAction\":[{\"@type\":\"ReadAction\",\"target\":[\"https:\/\/kapitalis.com\/tunisie\/2023\/12\/02\/hannibal-ennemi-de-la-rome-antique-etait-il-noir\/\"]}]},{\"@type\":\"ImageObject\",\"inLanguage\":\"fr-FR\",\"@id\":\"https:\/\/kapitalis.com\/tunisie\/2023\/12\/02\/hannibal-ennemi-de-la-rome-antique-etait-il-noir\/#primaryimage\",\"url\":\"https:\/\/kapitalis.com\/tunisie\/wp-content\/uploads\/2023\/12\/Hannibal-Barca-Traverse-les-Alpes.jpg\",\"contentUrl\":\"https:\/\/kapitalis.com\/tunisie\/wp-content\/uploads\/2023\/12\/Hannibal-Barca-Traverse-les-Alpes.jpg\",\"width\":1200,\"height\":630},{\"@type\":\"BreadcrumbList\",\"@id\":\"https:\/\/kapitalis.com\/tunisie\/2023\/12\/02\/hannibal-ennemi-de-la-rome-antique-etait-il-noir\/#breadcrumb\",\"itemListElement\":[{\"@type\":\"ListItem\",\"position\":1,\"name\":\"Accueil\",\"item\":\"https:\/\/kapitalis.com\/tunisie\/\"},{\"@type\":\"ListItem\",\"position\":2,\"name\":\"Hannibal, ennemi de la Rome antique, \u00e9tait-il noir ?\"}]},{\"@type\":\"WebSite\",\"@id\":\"https:\/\/kapitalis.com\/tunisie\/#website\",\"url\":\"https:\/\/kapitalis.com\/tunisie\/\",\"name\":\"Kapitalis\",\"description\":\"L&#039;actualit\u00e9 en Tunisie et dans le monde\",\"publisher\":{\"@id\":\"https:\/\/kapitalis.com\/tunisie\/#organization\"},\"potentialAction\":[{\"@type\":\"SearchAction\",\"target\":{\"@type\":\"EntryPoint\",\"urlTemplate\":\"https:\/\/kapitalis.com\/tunisie\/?s={search_term_string}\"},\"query-input\":{\"@type\":\"PropertyValueSpecification\",\"valueRequired\":true,\"valueName\":\"search_term_string\"}}],\"inLanguage\":\"fr-FR\"},{\"@type\":\"Organization\",\"@id\":\"https:\/\/kapitalis.com\/tunisie\/#organization\",\"name\":\"Kapitalis\",\"url\":\"https:\/\/kapitalis.com\/tunisie\/\",\"logo\":{\"@type\":\"ImageObject\",\"inLanguage\":\"fr-FR\",\"@id\":\"https:\/\/kapitalis.com\/tunisie\/#\/schema\/logo\/image\/\",\"url\":\"https:\/\/kapitalis.com\/tunisie\/wp-content\/uploads\/2022\/05\/Kapitalis-big-size.png\",\"contentUrl\":\"https:\/\/kapitalis.com\/tunisie\/wp-content\/uploads\/2022\/05\/Kapitalis-big-size.png\",\"width\":5000,\"height\":1500,\"caption\":\"Kapitalis\"},\"image\":{\"@id\":\"https:\/\/kapitalis.com\/tunisie\/#\/schema\/logo\/image\/\"},\"sameAs\":[\"https:\/\/www.facebook.com\/KapitalisInfo\/\",\"https:\/\/x.com\/KapitalisInfo\",\"https:\/\/www.youtube.com\/channel\/UC-yDYrHyfFBWWZaOw3FPg9Q\"]},{\"@type\":\"Person\",\"@id\":\"https:\/\/kapitalis.com\/tunisie\/#\/schema\/person\/d71f33a9ca44f7bad4698210b480c8e9\",\"name\":\"webmaster kapitalis\",\"url\":\"https:\/\/kapitalis.com\/tunisie\/author\/webmaster-kapitalis\/\"}]}<\/script>\n<!-- \/ Yoast SEO plugin. -->","yoast_head_json":{"title":"Hannibal, ennemi de la Rome antique, \u00e9tait-il noir ? - Kapitalis","robots":{"index":"index","follow":"follow","max-snippet":"max-snippet:-1","max-image-preview":"max-image-preview:large","max-video-preview":"max-video-preview:-1"},"canonical":"https:\/\/kapitalis.com\/tunisie\/2023\/12\/02\/hannibal-ennemi-de-la-rome-antique-etait-il-noir\/","og_locale":"fr_FR","og_type":"article","og_title":"Hannibal, ennemi de la Rome antique, \u00e9tait-il noir ? - Kapitalis","og_description":"La question de la couleur de peau du g\u00e9n\u00e9ral carthaginois Hannibal Barca est loin d'\u00eatre tranch\u00e9e.","og_url":"https:\/\/kapitalis.com\/tunisie\/2023\/12\/02\/hannibal-ennemi-de-la-rome-antique-etait-il-noir\/","og_site_name":"Kapitalis","article_publisher":"https:\/\/www.facebook.com\/KapitalisInfo\/","article_published_time":"2023-12-02T11:59:02+00:00","article_modified_time":"2023-12-02T12:12:25+00:00","og_image":[{"width":1200,"height":630,"url":"https:\/\/kapitalis.com\/tunisie\/wp-content\/uploads\/2023\/12\/Hannibal-Barca-Traverse-les-Alpes.jpg","type":"image\/jpeg"}],"author":"webmaster kapitalis","twitter_card":"summary_large_image","twitter_creator":"@KapitalisInfo","twitter_site":"@KapitalisInfo","twitter_misc":{"\u00c9crit par":"webmaster kapitalis","Dur\u00e9e de lecture estim\u00e9e":"4 minutes"},"schema":{"@context":"https:\/\/schema.org","@graph":[{"@type":"Article","@id":"https:\/\/kapitalis.com\/tunisie\/2023\/12\/02\/hannibal-ennemi-de-la-rome-antique-etait-il-noir\/#article","isPartOf":{"@id":"https:\/\/kapitalis.com\/tunisie\/2023\/12\/02\/hannibal-ennemi-de-la-rome-antique-etait-il-noir\/"},"author":{"name":"webmaster kapitalis","@id":"https:\/\/kapitalis.com\/tunisie\/#\/schema\/person\/d71f33a9ca44f7bad4698210b480c8e9"},"headline":"Hannibal, ennemi de la Rome antique, \u00e9tait-il noir ?","datePublished":"2023-12-02T11:59:02+00:00","dateModified":"2023-12-02T12:12:25+00:00","mainEntityOfPage":{"@id":"https:\/\/kapitalis.com\/tunisie\/2023\/12\/02\/hannibal-ennemi-de-la-rome-antique-etait-il-noir\/"},"wordCount":748,"commentCount":15,"publisher":{"@id":"https:\/\/kapitalis.com\/tunisie\/#organization"},"image":{"@id":"https:\/\/kapitalis.com\/tunisie\/2023\/12\/02\/hannibal-ennemi-de-la-rome-antique-etait-il-noir\/#primaryimage"},"thumbnailUrl":"https:\/\/kapitalis.com\/tunisie\/wp-content\/uploads\/2023\/12\/Hannibal-Barca-Traverse-les-Alpes.jpg","keywords":["Africains noirs","Afrique","afrocentristes","Carthage","Denzel Washington","Frank M. Snowden","Hannibal Barca","netflix","Ph\u00e9niciens"],"articleSection":["A LA UNE","CULTURE","Tunisie"],"inLanguage":"fr-FR","potentialAction":[{"@type":"CommentAction","name":"Comment","target":["https:\/\/kapitalis.com\/tunisie\/2023\/12\/02\/hannibal-ennemi-de-la-rome-antique-etait-il-noir\/#respond"]}]},{"@type":"WebPage","@id":"https:\/\/kapitalis.com\/tunisie\/2023\/12\/02\/hannibal-ennemi-de-la-rome-antique-etait-il-noir\/","url":"https:\/\/kapitalis.com\/tunisie\/2023\/12\/02\/hannibal-ennemi-de-la-rome-antique-etait-il-noir\/","name":"Hannibal, ennemi de la Rome antique, \u00e9tait-il noir ? - Kapitalis","isPartOf":{"@id":"https:\/\/kapitalis.com\/tunisie\/#website"},"primaryImageOfPage":{"@id":"https:\/\/kapitalis.com\/tunisie\/2023\/12\/02\/hannibal-ennemi-de-la-rome-antique-etait-il-noir\/#primaryimage"},"image":{"@id":"https:\/\/kapitalis.com\/tunisie\/2023\/12\/02\/hannibal-ennemi-de-la-rome-antique-etait-il-noir\/#primaryimage"},"thumbnailUrl":"https:\/\/kapitalis.com\/tunisie\/wp-content\/uploads\/2023\/12\/Hannibal-Barca-Traverse-les-Alpes.jpg","datePublished":"2023-12-02T11:59:02+00:00","dateModified":"2023-12-02T12:12:25+00:00","breadcrumb":{"@id":"https:\/\/kapitalis.com\/tunisie\/2023\/12\/02\/hannibal-ennemi-de-la-rome-antique-etait-il-noir\/#breadcrumb"},"inLanguage":"fr-FR","potentialAction":[{"@type":"ReadAction","target":["https:\/\/kapitalis.com\/tunisie\/2023\/12\/02\/hannibal-ennemi-de-la-rome-antique-etait-il-noir\/"]}]},{"@type":"ImageObject","inLanguage":"fr-FR","@id":"https:\/\/kapitalis.com\/tunisie\/2023\/12\/02\/hannibal-ennemi-de-la-rome-antique-etait-il-noir\/#primaryimage","url":"https:\/\/kapitalis.com\/tunisie\/wp-content\/uploads\/2023\/12\/Hannibal-Barca-Traverse-les-Alpes.jpg","contentUrl":"https:\/\/kapitalis.com\/tunisie\/wp-content\/uploads\/2023\/12\/Hannibal-Barca-Traverse-les-Alpes.jpg","width":1200,"height":630},{"@type":"BreadcrumbList","@id":"https:\/\/kapitalis.com\/tunisie\/2023\/12\/02\/hannibal-ennemi-de-la-rome-antique-etait-il-noir\/#breadcrumb","itemListElement":[{"@type":"ListItem","position":1,"name":"Accueil","item":"https:\/\/kapitalis.com\/tunisie\/"},{"@type":"ListItem","position":2,"name":"Hannibal, ennemi de la Rome antique, \u00e9tait-il noir ?"}]},{"@type":"WebSite","@id":"https:\/\/kapitalis.com\/tunisie\/#website","url":"https:\/\/kapitalis.com\/tunisie\/","name":"Kapitalis","description":"L&#039;actualit\u00e9 en Tunisie et dans le monde","publisher":{"@id":"https:\/\/kapitalis.com\/tunisie\/#organization"},"potentialAction":[{"@type":"SearchAction","target":{"@type":"EntryPoint","urlTemplate":"https:\/\/kapitalis.com\/tunisie\/?s={search_term_string}"},"query-input":{"@type":"PropertyValueSpecification","valueRequired":true,"valueName":"search_term_string"}}],"inLanguage":"fr-FR"},{"@type":"Organization","@id":"https:\/\/kapitalis.com\/tunisie\/#organization","name":"Kapitalis","url":"https:\/\/kapitalis.com\/tunisie\/","logo":{"@type":"ImageObject","inLanguage":"fr-FR","@id":"https:\/\/kapitalis.com\/tunisie\/#\/schema\/logo\/image\/","url":"https:\/\/kapitalis.com\/tunisie\/wp-content\/uploads\/2022\/05\/Kapitalis-big-size.png","contentUrl":"https:\/\/kapitalis.com\/tunisie\/wp-content\/uploads\/2022\/05\/Kapitalis-big-size.png","width":5000,"height":1500,"caption":"Kapitalis"},"image":{"@id":"https:\/\/kapitalis.com\/tunisie\/#\/schema\/logo\/image\/"},"sameAs":["https:\/\/www.facebook.com\/KapitalisInfo\/","https:\/\/x.com\/KapitalisInfo","https:\/\/www.youtube.com\/channel\/UC-yDYrHyfFBWWZaOw3FPg9Q"]},{"@type":"Person","@id":"https:\/\/kapitalis.com\/tunisie\/#\/schema\/person\/d71f33a9ca44f7bad4698210b480c8e9","name":"webmaster kapitalis","url":"https:\/\/kapitalis.com\/tunisie\/author\/webmaster-kapitalis\/"}]}},"_links":{"self":[{"href":"https:\/\/kapitalis.com\/tunisie\/wp-json\/wp\/v2\/posts\/10772729","targetHints":{"allow":["GET"]}}],"collection":[{"href":"https:\/\/kapitalis.com\/tunisie\/wp-json\/wp\/v2\/posts"}],"about":[{"href":"https:\/\/kapitalis.com\/tunisie\/wp-json\/wp\/v2\/types\/post"}],"author":[{"embeddable":true,"href":"https:\/\/kapitalis.com\/tunisie\/wp-json\/wp\/v2\/users\/8"}],"replies":[{"embeddable":true,"href":"https:\/\/kapitalis.com\/tunisie\/wp-json\/wp\/v2\/comments?post=10772729"}],"version-history":[{"count":2,"href":"https:\/\/kapitalis.com\/tunisie\/wp-json\/wp\/v2\/posts\/10772729\/revisions"}],"predecessor-version":[{"id":10772893,"href":"https:\/\/kapitalis.com\/tunisie\/wp-json\/wp\/v2\/posts\/10772729\/revisions\/10772893"}],"wp:featuredmedia":[{"embeddable":true,"href":"https:\/\/kapitalis.com\/tunisie\/wp-json\/wp\/v2\/media\/10772801"}],"wp:attachment":[{"href":"https:\/\/kapitalis.com\/tunisie\/wp-json\/wp\/v2\/media?parent=10772729"}],"wp:term":[{"taxonomy":"category","embeddable":true,"href":"https:\/\/kapitalis.com\/tunisie\/wp-json\/wp\/v2\/categories?post=10772729"},{"taxonomy":"post_tag","embeddable":true,"href":"https:\/\/kapitalis.com\/tunisie\/wp-json\/wp\/v2\/tags?post=10772729"}],"curies":[{"name":"wp","href":"https:\/\/api.w.org\/{rel}","templated":true}]}}