{"id":107729,"date":"2017-07-26T07:34:46","date_gmt":"2017-07-26T06:34:46","guid":{"rendered":"http:\/\/kapitalis.com\/tunisie\/?p=107729"},"modified":"2017-07-25T18:49:20","modified_gmt":"2017-07-25T17:49:20","slug":"israel-netanyahou-du-mont-du-temple-au-pied-du-mur","status":"publish","type":"post","link":"https:\/\/kapitalis.com\/tunisie\/2017\/07\/26\/israel-netanyahou-du-mont-du-temple-au-pied-du-mur\/","title":{"rendered":"Isra\u00ebl : Netanyahou, du Mont du Temple au pied du mur"},"content":{"rendered":"<p style=\"text-align: center;\"><img loading=\"lazy\" decoding=\"async\" class=\"alignnone size-full wp-image-107730\" src=\"http:\/\/kapitalis.com\/tunisie\/wp-content\/uploads\/2017\/07\/Palestiniens-Jerusalem.jpg\" alt=\"\" width=\"626\" height=\"380\" \/><\/p>\n<p style=\"text-align: center;\"><em>Les Palestiniens prient \u00e0 l\u2019ext\u00e9rieur de la Porte des Lions, le vendredi 21 juillet 2017 ( Ph. Sebi Berens).<\/em><\/p>\n<p><em><strong>J\u00e9rusalem n\u2019est pas uniquement l\u2019enjeu d\u2019une lutte entre juifs et musulmans, mais les chr\u00e9tiens \u00e9galement, en particulier am\u00e9ricains, y ont aussi leur mot \u00e0 dire.<\/strong><\/em><\/p>\n<p>Par <strong>Dr Mounir Hanablia<\/strong> *<\/p>\n<p><!--more--><\/p>\n<p>Personne n\u2019imaginait la fin de cette tragi-com\u00e9die qui depuis une dizaine de jours tenait en haleine le monde entier et dont l\u2019enjeu n\u2019\u00e9tait rien de moins que la souverainet\u00e9 sur J\u00e9rusalem.<\/p>\n<p>Comme toujours en terre sainte, d\u2019un acte de r\u00e9sistance ou de terrorisme selon de quel c\u00f4t\u00e9 du manche on se place, a \u00e9merg\u00e9 une cascade d\u2019\u00e9v\u00e9nements dont personne n\u2019avait pr\u00e9vu les cons\u00e9quences.<\/p>\n<p>C\u2019est que depuis le d\u00e9part d\u2019Obama et l\u2019arriv\u00e9e de Trump, le Premier ministre isra\u00e9lien Netanyahou, que nul ne peut tenir pour mollasson, s\u2019estimait en bien meilleure position non seulement pour dicter ses conditions au leadership palestinien, mais surtout pour cr\u00e9er l\u2019ultime fait accompli parachevant la conqu\u00eate de la ville dont la cons\u00e9cration serait d\u2019y transf\u00e9rer l\u2019ambassade des Etats-Unis.<\/p>\n<p>Mais Trump et sa famille sont bien venus; ils ont visit\u00e9 la ville; ils ont pri\u00e9 au Kotal, mais en fin de compte l\u2019ambassade am\u00e9ricaine n\u2019a pas \u00e9t\u00e9 transf\u00e9r\u00e9e et c\u2019est Netanyahu qui s\u2019est retrouv\u00e9 seul au pied du mur.<\/p>\n<p style=\"text-align: center;\"><img loading=\"lazy\" decoding=\"async\" class=\"alignnone wp-image-107731\" src=\"http:\/\/kapitalis.com\/tunisie\/wp-content\/uploads\/2017\/07\/Mont-du-Temps-AP.png\" alt=\"\" width=\"500\" height=\"281\" \/><\/p>\n<p style=\"text-align: center;\"><em>Mont du Temple (Ph. AP).<\/em><\/p>\n<p>Aussi quand il y a eu cette attaque mortelle dont les deux policiers druzes isra\u00e9liens ont \u00e9t\u00e9 les victimes devant les mosqu\u00e9es, le Premier ministre a sans doute jug\u00e9 le moment venu d\u2019\u00e9tendre le contr\u00f4le effectif d\u2019Isra\u00ebl sur la totalit\u00e9 de la ville, en particulier l\u2019esplanade du temple et d\u2019abolir cette franchise qui depuis Juin 1967 avait \u00e9t\u00e9 conc\u00e9d\u00e9e par Mosh\u00e9 Dayan aux musulmans pour g\u00e9rer, sous souverainet\u00e9 jordanienne, les mosqu\u00e9es de l\u2019esplanade.<\/p>\n<p>Il faut dire que beaucoup d\u2019Isra\u00e9liens ont toujours jug\u00e9 la restriction impos\u00e9e aux juifs pour acc\u00e9der \u00e0 l\u2019esplanade des mosqu\u00e9es comme un intol\u00e9rable d\u00e9fi \u00e0 leur souverainet\u00e9 sur le pays dont le symbole le plus fort devait \u00eatre la r\u00e9unification de la ville en tant que capitale une et indivisible de leur Etat.<\/p>\n<p>Mais on peut tout autant dire que pour les Palestiniens, dont toutes les terres en 50 ans d\u2019occupation ont \u00e9t\u00e9 confisqu\u00e9es et colonis\u00e9es, les mosqu\u00e9es repr\u00e9sentaient \u00e9galement le meilleur symbole de leur enracinement dans le pays qu\u2019ils avaient perdu, et leur espoir ultime en un Etat national qui un jour garantirait d\u00e9finitivement leur pr\u00e9sence du moins sur une partie de la terre de leurs anc\u00eatres.<\/p>\n<p>Bref, la d\u00e9cision prise par les autorit\u00e9s isra\u00e9liennes d\u2019installer les fameux portails d\u2019acier d\u00e9tecteurs de m\u00e9taux contr\u00f4lant l\u2019acc\u00e8s aux mosqu\u00e9es pour des raisons de s\u00e9curit\u00e9 fut consid\u00e9r\u00e9e par les Palestiniens comme une rupture de l\u2019accord d\u2019autogestion des lieux saints reconnu en 1967; d\u2019autant que pour la premi\u00e8re fois depuis 50 ans, les fid\u00e8les furent interdits d\u2019acc\u00e8s aux mosqu\u00e9es pour la pri\u00e8re du vendredi, et cela cr\u00e9ait en r\u00e9alit\u00e9 une situation absolument sans pr\u00e9c\u00e9dent.<\/p>\n<p style=\"text-align: center;\"><img loading=\"lazy\" decoding=\"async\" class=\"alignnone wp-image-107735\" src=\"http:\/\/kapitalis.com\/tunisie\/wp-content\/uploads\/2017\/07\/Des-Palestiniens-prient-\u00e0-J\u00e9rusalem-Est-AFP.jpg\" alt=\"\" width=\"500\" height=\"281\" \/><\/p>\n<p style=\"text-align: center;\"><em>Les musulmans prient en dehors de la Porte des Lions de la Vieille Ville de J\u00e9rusalem aux entr\u00e9es du Mont du Temple le 17 juillet 2017 (AFP).<\/em><\/p>\n<p>En d\u00e9pit des affrontements de rues qui avaient commenc\u00e9, et entra\u00een\u00e9 des morts et des blessures, et des pri\u00e8res collectives dans les rues menant aux mosqu\u00e9es, le cabinet minist\u00e9riel restreint devait refuser de retirer les portails de s\u00e9curit\u00e9, malgr\u00e9 para\u00eet-il l\u2019avis contraire de l\u2019arm\u00e9e et des services secrets, sous le pr\u00e9texte de fournir les garanties n\u00e9cessaires \u00e0 la s\u00e9curit\u00e9 des policiers dans l\u2019accomplissement de leur travail.<\/p>\n<p>Mais les choses devaient s\u2019envenimer, une famille de colons \u00e9tait tu\u00e9e de sang froid par des Palestiniens dans une colonie de peuplement o\u00f9 ils s\u2019\u00e9taient introduits subrepticement. Puis l\u2019Autorit\u00e9 palestinienne annon\u00e7ait qu\u2019elle suspendait toute coop\u00e9ration avec les Isra\u00e9liens jusqu\u2019\u00e0 ce que les portillons fussent retir\u00e9s.<\/p>\n<p>Dans tout ceci le plus remarquable fut le choix de la d\u00e9cision de la direction des lieux saints musulmans d\u2019interdire \u00e0 ses fid\u00e8les l\u2019acc\u00e8s aux mosqu\u00e9es en franchissant les portails magn\u00e9tiques. Et cette interdiction alla jusqu\u2019\u00e0 consid\u00e9rer toute pri\u00e8re dans les mosqu\u00e9es dans les conditions impos\u00e9es par les Isra\u00e9liens comme un acte contraire \u00e0 la foi dont les auteurs devaient \u00eatre excommuni\u00e9s.<\/p>\n<p>Or aucun texte dans l\u2019islam n\u2019a jamais interdit l\u2019acc\u00e8s \u00e0 des mosqu\u00e9es sous quelque condition que ce f\u00fbt, en particulier lorsque l\u2019autorit\u00e9 politique n\u2019est pas musulmane.<\/p>\n<p>Cette d\u00e9cision rappelle \u00e0 tout le moins celle du mouvement national tunisien, au cours de la lutte anti coloniale, d\u2019interdire les cimeti\u00e8res musulmans \u00e0 tous ceux qui avaient accept\u00e9 la naturalisation fran\u00e7aise, alors que rien ne l\u2019interdisait dans le texte religieux.<\/p>\n<p>Mais c\u2019est ainsi, en tant que d\u00e9positaire de la m\u00e9moire collective et de la personnalit\u00e9 propre du peuple, que la religion ne puisse \u00eatre interpr\u00e9t\u00e9e que dans un sens conforme \u00e0 ses aspirations nationalistes.<\/p>\n<p>Il est \u00e0 ce sujet permis d\u2019\u00e9voquer concomitamment l\u2019attitude du clerg\u00e9 saoudien de la grande mosqu\u00e9e de la Mecque pour qui, ce qui se passait \u00e0 J\u00e9rusalem \u00e9tait un fait relevant de la s\u00e9curit\u00e9 \u00e0 la charge de l\u2019autorit\u00e9 occupante. Autrement dit, face \u00e0 un m\u00eame fait, on peut faire dire une chose et son contraire par des autorit\u00e9s issues d\u2019une m\u00eame religion, l&rsquo;une \u00e9tant hautement patriotique, l&rsquo;autre relevant presque de la trahison et du reniement de sa propre foi.<\/p>\n<p>Cependant, les Palestiniens ont largement suivi l\u2019appel de leurs dirigeants religieux et ils ont abandonn\u00e9 les mosqu\u00e9es de J\u00e9rusalem, marquant par cela leur refus de toute forme de collaboration avec l\u2019occupant, d\u00e9sormais prisonnier de son intransigeance.<\/p>\n<p>Mais \u00e0 cette affaire, dont aucune issue ne semblait se profiler, sinon l\u2019affrontement, allait s\u2019en greffer une autre mettant en cause les relations \u00e9tablies entre l\u2019Etat juif et un de ses proches voisins, la Jordanie. Un Isra\u00e9lien, para\u00eet-il en poste \u00e0 l\u2019ambassade de son pays \u00e0 Amman, abattait deux Jordaniens, dont le propri\u00e9taire du domicile qu\u2019il louait, puis se r\u00e9fugiait dans les locaux de sa mission diplomatique.<\/p>\n<p>La police jordanienne encerclait alors l\u2019ambassade et exigeait d\u2019interroger le coupable, alors que le gouvernement isra\u00e9lien invoquait la l\u00e9gitime d\u00e9fense, l\u2019immunit\u00e9 diplomatique et les accords internationaux, et r\u00e9clamait le rapatriement de son ressortissant.<\/p>\n<p>Aussit\u00f4t les partis politiques jordaniens organisaient des manifestations de rue importantes devant l\u2019ambassade, exigeant la remise du coupable.<\/p>\n<p>On ne sait pas alors ce qui s\u2019est pass\u00e9 exactement, entre les deux gouvernements mais dans la nuit, le coupable regagnait son pays alors que le gouvernement isra\u00e9lien faisait d\u00e9manteler les portails d\u00e9tecteurs de m\u00e9taux devant les mosqu\u00e9es mais annon\u00e7ait l\u2019installation de cam\u00e9ras de d\u00e9tection hypersophistiqu\u00e9es.<\/p>\n<p>La crise \u00e9tait-elle pour autant r\u00e9solue? Apparemment non; une crise politique majeure semble s\u2019annoncer en Jordanie dont la population n\u2019a pas du tout appr\u00e9ci\u00e9 ce qu\u2019elle a consid\u00e9r\u00e9 \u00eatre une capitulation de son gouvernement.<\/p>\n<p>D\u2019autre part, les Palestiniens n\u2019ont toujours pas repris possession des mosqu\u00e9es; ils ont \u00e9tabli une commission d\u2019enqu\u00eate pour s\u2019assurer que les choses en \u00e9taient bien revenues en l\u2019\u00e9tat o\u00f9 elles \u00e9taient avant le 14 juillet, date de l\u2019assassinat des deux policiers, et en particulier que des cam\u00e9ras ou des outils de surveillance n\u2019avaient pas \u00e9t\u00e9 install\u00e9s.<\/p>\n<p><img loading=\"lazy\" decoding=\"async\" class=\"wp-image-107738 aligncenter\" src=\"http:\/\/kapitalis.com\/tunisie\/wp-content\/uploads\/2017\/07\/Policiers-Israeliens-Jerusalem.jpg\" alt=\"\" width=\"500\" height=\"333\" \/><\/p>\n<p style=\"text-align: center;\"><em>Les policiers isra\u00e9liens d\u00e9mant\u00e8lent les portails d\u00e9tecteurs de m\u00e9taux devant les mosqu\u00e9es de J\u00e9rusalem.<\/em><\/p>\n<p>Les Isra\u00e9liens sont, par ailleurs, m\u00e9contents de la reculade leur gouvernement; ils estiment qu\u2019il a mal \u00e9valu\u00e9 les risques li\u00e9s \u00e0 sa d\u00e9cision d\u2019installer les portails d\u2019acier, bien que l\u2019arm\u00e9e et les services secrets eussent marqu\u00e9 leur d\u00e9saccord. Et on peut effectivement se demander si ces d\u00e9tecteurs magn\u00e9tiques auraient pu apporter en terme de s\u00e9curit\u00e9 alors que les territoires palestiniens sont enferm\u00e9s derri\u00e8re une longue muraille, qu\u2019ils ne peuvent traverser qu\u2019\u00e0 travers des check-points \u00e9troitement contr\u00f4l\u00e9s par l\u2019arm\u00e9e, qu\u2019ils sont contr\u00f4l\u00e9s pendant leur trajet en taxi vers J\u00e9rusalem, qu\u2019ils le sont encore lorsqu\u2019ils arrivent \u00e0 la station, et de nouveau encore dans la rue au hasard des patrouilles arm\u00e9es, et qu\u2019ils ne poss\u00e8dent ni permis de r\u00e9sidence, ni autorisation pour passer la nuit dans la cit\u00e9.<\/p>\n<p style=\"text-align: left;\">C\u2019est vrai que depuis l\u2019affaire de la st\u00e8le tombale de J\u00e9nine, on sentait que le gouvernement isra\u00e9lien \u00e9tait \u00e0 l\u2019aff\u00fbt d\u2019un incident majeur. Maintenant que cet incident a eu lieu, et qu\u2019il n\u2019en est pas sorti vainqueur, loin de l\u00e0, il est \u00e0 craindre que, comme il en a pris l\u2019habitude, ce gouvernement l\u00e0 ne se lance dans une nouvelle aventure militaire, pour redorer son blason terni, dont les habitants de Gaza, priv\u00e9s depuis plusieurs semaines d\u2019\u00e9lectricit\u00e9, fassent une fois encore les frais.<\/p>\n<p style=\"text-align: left;\">En fin de compte, il appara\u00eet que, au regard des organismes repr\u00e9sentatifs de la communaut\u00e9 internationale, dont plusieurs r\u00e9solutions ont ni\u00e9 un quelconque droit sup\u00e9rieur des juifs sur l\u2019esplanade du temple, le gouvernement isra\u00e9lien ne soit pas le propri\u00e9taire de la ville, comme il le voudrait, mais un simple mandataire.<\/p>\n<p style=\"text-align: left;\">L\u2019attitude am\u00e9ricaine \u00e0 cet \u00e9gard s\u2019est r\u00e9v\u00e9l\u00e9e tr\u00e8s significative, apr\u00e8s le refus de transf\u00e9rer l&rsquo;ambassade \u00e0 J\u00e9rusalem, le d\u00e9partement d\u2019Etat avait lanc\u00e9 un v\u00e9ritable ultimatum demandant que la crise soit r\u00e9solue avant le prochain vendredi, il semble que l\u2019ambassadeur am\u00e9ricain ait \u00e9galement jou\u00e9 un r\u00f4le tr\u00e8s important dans la d\u00e9cision du gouvernement isra\u00e9lien de faire machine arri\u00e8re.<\/p>\n<p style=\"text-align: left;\">Pour tout dire, cette crise qui n\u2019est pas encore conclue a r\u00e9v\u00e9l\u00e9 que J\u00e9rusalem n\u2019\u00e9tait pas uniquement l\u2019enjeu d\u2019une lutte entre juifs et musulmans, mais que les chr\u00e9tiens \u00e9galement, en particulier am\u00e9ricains, y avaient aussi, et \u00f4 combien, leur mot \u00e0 dire. Et c\u2019est peut-\u00eatre cela la moins bonne nouvelle pour Netanyahiu et ses colons calamiteux.<\/p>\n<p style=\"text-align: left;\"><em>* Cardiologue, Gammarth, La Marsa.<\/em><\/p>\n<p style=\"text-align: center;\">\n","protected":false},"excerpt":{"rendered":"<p>Les Palestiniens prient \u00e0 l\u2019ext\u00e9rieur de la Porte des Lions, le vendredi 21 juillet 2017 ( Ph. Sebi Berens). J\u00e9rusalem n\u2019est pas uniquement l\u2019enjeu d\u2019une lutte entre juifs et musulmans, mais les chr\u00e9tiens \u00e9galement, en particulier am\u00e9ricains, y ont aussi leur mot \u00e0 dire. Par Dr Mounir Hanablia *<\/p>\n","protected":false},"author":8,"featured_media":107730,"comment_status":"open","ping_status":"open","sticky":false,"template":"","format":"standard","meta":{"footnotes":""},"categories":[992,1000,2433],"tags":[25024,2478,7847,3662,2739,27793],"class_list":["post-107729","post","type-post","status-publish","format-standard","has-post-thumbnail","hentry","category-a-la-une","category-tribune","category-tunisie","tag-autorite-palestinienne","tag-israel","tag-jerusalem","tag-jordanie","tag-palestiniens","tag-trump"],"yoast_head":"<!-- This site is optimized with the Yoast SEO plugin v26.6 - https:\/\/yoast.com\/wordpress\/plugins\/seo\/ -->\n<title>Isra\u00ebl : Netanyahou, du Mont du Temple au pied du mur - Kapitalis<\/title>\n<meta name=\"robots\" content=\"index, follow, max-snippet:-1, max-image-preview:large, max-video-preview:-1\" \/>\n<link rel=\"canonical\" href=\"https:\/\/kapitalis.com\/tunisie\/2017\/07\/26\/israel-netanyahou-du-mont-du-temple-au-pied-du-mur\/\" \/>\n<meta property=\"og:locale\" content=\"fr_FR\" \/>\n<meta property=\"og:type\" content=\"article\" \/>\n<meta property=\"og:title\" content=\"Isra\u00ebl : Netanyahou, du Mont du Temple au pied du mur - Kapitalis\" \/>\n<meta property=\"og:description\" content=\"Les Palestiniens prient \u00e0 l\u2019ext\u00e9rieur de la Porte des Lions, le vendredi 21 juillet 2017 ( Ph. Sebi Berens). J\u00e9rusalem n\u2019est pas uniquement l\u2019enjeu d\u2019une lutte entre juifs et musulmans, mais les chr\u00e9tiens \u00e9galement, en particulier am\u00e9ricains, y ont aussi leur mot \u00e0 dire. Par Dr Mounir Hanablia *\" \/>\n<meta property=\"og:url\" content=\"https:\/\/kapitalis.com\/tunisie\/2017\/07\/26\/israel-netanyahou-du-mont-du-temple-au-pied-du-mur\/\" \/>\n<meta property=\"og:site_name\" content=\"Kapitalis\" \/>\n<meta property=\"article:publisher\" content=\"https:\/\/www.facebook.com\/KapitalisInfo\/\" \/>\n<meta property=\"article:published_time\" content=\"2017-07-26T06:34:46+00:00\" \/>\n<meta property=\"og:image\" content=\"https:\/\/kapitalis.com\/tunisie\/wp-content\/uploads\/2022\/05\/kapitalis-logo-fb.png\" \/>\n\t<meta property=\"og:image:width\" content=\"1200\" \/>\n\t<meta property=\"og:image:height\" content=\"630\" \/>\n\t<meta property=\"og:image:type\" content=\"image\/png\" \/>\n<meta name=\"author\" content=\"webmaster kapitalis\" \/>\n<meta name=\"twitter:card\" content=\"summary_large_image\" \/>\n<meta name=\"twitter:creator\" content=\"@KapitalisInfo\" \/>\n<meta name=\"twitter:site\" content=\"@KapitalisInfo\" \/>\n<meta name=\"twitter:label1\" content=\"\u00c9crit par\" \/>\n\t<meta name=\"twitter:data1\" content=\"webmaster kapitalis\" \/>\n\t<meta name=\"twitter:label2\" content=\"Dur\u00e9e de lecture estim\u00e9e\" \/>\n\t<meta name=\"twitter:data2\" content=\"9 minutes\" \/>\n<script type=\"application\/ld+json\" class=\"yoast-schema-graph\">{\"@context\":\"https:\/\/schema.org\",\"@graph\":[{\"@type\":\"Article\",\"@id\":\"https:\/\/kapitalis.com\/tunisie\/2017\/07\/26\/israel-netanyahou-du-mont-du-temple-au-pied-du-mur\/#article\",\"isPartOf\":{\"@id\":\"https:\/\/kapitalis.com\/tunisie\/2017\/07\/26\/israel-netanyahou-du-mont-du-temple-au-pied-du-mur\/\"},\"author\":{\"name\":\"webmaster kapitalis\",\"@id\":\"https:\/\/kapitalis.com\/tunisie\/#\/schema\/person\/d71f33a9ca44f7bad4698210b480c8e9\"},\"headline\":\"Isra\u00ebl : Netanyahou, du Mont du Temple au pied du mur\",\"datePublished\":\"2017-07-26T06:34:46+00:00\",\"mainEntityOfPage\":{\"@id\":\"https:\/\/kapitalis.com\/tunisie\/2017\/07\/26\/israel-netanyahou-du-mont-du-temple-au-pied-du-mur\/\"},\"wordCount\":1820,\"commentCount\":15,\"publisher\":{\"@id\":\"https:\/\/kapitalis.com\/tunisie\/#organization\"},\"image\":{\"@id\":\"https:\/\/kapitalis.com\/tunisie\/2017\/07\/26\/israel-netanyahou-du-mont-du-temple-au-pied-du-mur\/#primaryimage\"},\"thumbnailUrl\":\"\",\"keywords\":[\"Autorit\u00e9 Palestinienne\",\"Isra\u00ebl\",\"J\u00e9rusalem\",\"Jordanie\",\"Palestiniens\",\"Trump\"],\"articleSection\":[\"A LA UNE\",\"TRIBUNE\",\"Tunisie\"],\"inLanguage\":\"fr-FR\",\"potentialAction\":[{\"@type\":\"CommentAction\",\"name\":\"Comment\",\"target\":[\"https:\/\/kapitalis.com\/tunisie\/2017\/07\/26\/israel-netanyahou-du-mont-du-temple-au-pied-du-mur\/#respond\"]}]},{\"@type\":\"WebPage\",\"@id\":\"https:\/\/kapitalis.com\/tunisie\/2017\/07\/26\/israel-netanyahou-du-mont-du-temple-au-pied-du-mur\/\",\"url\":\"https:\/\/kapitalis.com\/tunisie\/2017\/07\/26\/israel-netanyahou-du-mont-du-temple-au-pied-du-mur\/\",\"name\":\"Isra\u00ebl : Netanyahou, du Mont du Temple au pied du mur - Kapitalis\",\"isPartOf\":{\"@id\":\"https:\/\/kapitalis.com\/tunisie\/#website\"},\"primaryImageOfPage\":{\"@id\":\"https:\/\/kapitalis.com\/tunisie\/2017\/07\/26\/israel-netanyahou-du-mont-du-temple-au-pied-du-mur\/#primaryimage\"},\"image\":{\"@id\":\"https:\/\/kapitalis.com\/tunisie\/2017\/07\/26\/israel-netanyahou-du-mont-du-temple-au-pied-du-mur\/#primaryimage\"},\"thumbnailUrl\":\"\",\"datePublished\":\"2017-07-26T06:34:46+00:00\",\"breadcrumb\":{\"@id\":\"https:\/\/kapitalis.com\/tunisie\/2017\/07\/26\/israel-netanyahou-du-mont-du-temple-au-pied-du-mur\/#breadcrumb\"},\"inLanguage\":\"fr-FR\",\"potentialAction\":[{\"@type\":\"ReadAction\",\"target\":[\"https:\/\/kapitalis.com\/tunisie\/2017\/07\/26\/israel-netanyahou-du-mont-du-temple-au-pied-du-mur\/\"]}]},{\"@type\":\"ImageObject\",\"inLanguage\":\"fr-FR\",\"@id\":\"https:\/\/kapitalis.com\/tunisie\/2017\/07\/26\/israel-netanyahou-du-mont-du-temple-au-pied-du-mur\/#primaryimage\",\"url\":\"\",\"contentUrl\":\"\"},{\"@type\":\"BreadcrumbList\",\"@id\":\"https:\/\/kapitalis.com\/tunisie\/2017\/07\/26\/israel-netanyahou-du-mont-du-temple-au-pied-du-mur\/#breadcrumb\",\"itemListElement\":[{\"@type\":\"ListItem\",\"position\":1,\"name\":\"Accueil\",\"item\":\"https:\/\/kapitalis.com\/tunisie\/\"},{\"@type\":\"ListItem\",\"position\":2,\"name\":\"Isra\u00ebl : Netanyahou, du Mont du Temple au pied du mur\"}]},{\"@type\":\"WebSite\",\"@id\":\"https:\/\/kapitalis.com\/tunisie\/#website\",\"url\":\"https:\/\/kapitalis.com\/tunisie\/\",\"name\":\"Kapitalis\",\"description\":\"L&#039;actualit\u00e9 en Tunisie et dans le monde\",\"publisher\":{\"@id\":\"https:\/\/kapitalis.com\/tunisie\/#organization\"},\"potentialAction\":[{\"@type\":\"SearchAction\",\"target\":{\"@type\":\"EntryPoint\",\"urlTemplate\":\"https:\/\/kapitalis.com\/tunisie\/?s={search_term_string}\"},\"query-input\":{\"@type\":\"PropertyValueSpecification\",\"valueRequired\":true,\"valueName\":\"search_term_string\"}}],\"inLanguage\":\"fr-FR\"},{\"@type\":\"Organization\",\"@id\":\"https:\/\/kapitalis.com\/tunisie\/#organization\",\"name\":\"Kapitalis\",\"url\":\"https:\/\/kapitalis.com\/tunisie\/\",\"logo\":{\"@type\":\"ImageObject\",\"inLanguage\":\"fr-FR\",\"@id\":\"https:\/\/kapitalis.com\/tunisie\/#\/schema\/logo\/image\/\",\"url\":\"https:\/\/kapitalis.com\/tunisie\/wp-content\/uploads\/2022\/05\/Kapitalis-big-size.png\",\"contentUrl\":\"https:\/\/kapitalis.com\/tunisie\/wp-content\/uploads\/2022\/05\/Kapitalis-big-size.png\",\"width\":5000,\"height\":1500,\"caption\":\"Kapitalis\"},\"image\":{\"@id\":\"https:\/\/kapitalis.com\/tunisie\/#\/schema\/logo\/image\/\"},\"sameAs\":[\"https:\/\/www.facebook.com\/KapitalisInfo\/\",\"https:\/\/x.com\/KapitalisInfo\",\"https:\/\/www.youtube.com\/channel\/UC-yDYrHyfFBWWZaOw3FPg9Q\"]},{\"@type\":\"Person\",\"@id\":\"https:\/\/kapitalis.com\/tunisie\/#\/schema\/person\/d71f33a9ca44f7bad4698210b480c8e9\",\"name\":\"webmaster kapitalis\",\"url\":\"https:\/\/kapitalis.com\/tunisie\/author\/webmaster-kapitalis\/\"}]}<\/script>\n<!-- \/ Yoast SEO plugin. -->","yoast_head_json":{"title":"Isra\u00ebl : Netanyahou, du Mont du Temple au pied du mur - Kapitalis","robots":{"index":"index","follow":"follow","max-snippet":"max-snippet:-1","max-image-preview":"max-image-preview:large","max-video-preview":"max-video-preview:-1"},"canonical":"https:\/\/kapitalis.com\/tunisie\/2017\/07\/26\/israel-netanyahou-du-mont-du-temple-au-pied-du-mur\/","og_locale":"fr_FR","og_type":"article","og_title":"Isra\u00ebl : Netanyahou, du Mont du Temple au pied du mur - Kapitalis","og_description":"Les Palestiniens prient \u00e0 l\u2019ext\u00e9rieur de la Porte des Lions, le vendredi 21 juillet 2017 ( Ph. Sebi Berens). J\u00e9rusalem n\u2019est pas uniquement l\u2019enjeu d\u2019une lutte entre juifs et musulmans, mais les chr\u00e9tiens \u00e9galement, en particulier am\u00e9ricains, y ont aussi leur mot \u00e0 dire. Par Dr Mounir Hanablia *","og_url":"https:\/\/kapitalis.com\/tunisie\/2017\/07\/26\/israel-netanyahou-du-mont-du-temple-au-pied-du-mur\/","og_site_name":"Kapitalis","article_publisher":"https:\/\/www.facebook.com\/KapitalisInfo\/","article_published_time":"2017-07-26T06:34:46+00:00","og_image":[{"width":1200,"height":630,"url":"https:\/\/kapitalis.com\/tunisie\/wp-content\/uploads\/2022\/05\/kapitalis-logo-fb.png","type":"image\/png"}],"author":"webmaster kapitalis","twitter_card":"summary_large_image","twitter_creator":"@KapitalisInfo","twitter_site":"@KapitalisInfo","twitter_misc":{"\u00c9crit par":"webmaster kapitalis","Dur\u00e9e de lecture estim\u00e9e":"9 minutes"},"schema":{"@context":"https:\/\/schema.org","@graph":[{"@type":"Article","@id":"https:\/\/kapitalis.com\/tunisie\/2017\/07\/26\/israel-netanyahou-du-mont-du-temple-au-pied-du-mur\/#article","isPartOf":{"@id":"https:\/\/kapitalis.com\/tunisie\/2017\/07\/26\/israel-netanyahou-du-mont-du-temple-au-pied-du-mur\/"},"author":{"name":"webmaster kapitalis","@id":"https:\/\/kapitalis.com\/tunisie\/#\/schema\/person\/d71f33a9ca44f7bad4698210b480c8e9"},"headline":"Isra\u00ebl : Netanyahou, du Mont du Temple au pied du mur","datePublished":"2017-07-26T06:34:46+00:00","mainEntityOfPage":{"@id":"https:\/\/kapitalis.com\/tunisie\/2017\/07\/26\/israel-netanyahou-du-mont-du-temple-au-pied-du-mur\/"},"wordCount":1820,"commentCount":15,"publisher":{"@id":"https:\/\/kapitalis.com\/tunisie\/#organization"},"image":{"@id":"https:\/\/kapitalis.com\/tunisie\/2017\/07\/26\/israel-netanyahou-du-mont-du-temple-au-pied-du-mur\/#primaryimage"},"thumbnailUrl":"","keywords":["Autorit\u00e9 Palestinienne","Isra\u00ebl","J\u00e9rusalem","Jordanie","Palestiniens","Trump"],"articleSection":["A LA UNE","TRIBUNE","Tunisie"],"inLanguage":"fr-FR","potentialAction":[{"@type":"CommentAction","name":"Comment","target":["https:\/\/kapitalis.com\/tunisie\/2017\/07\/26\/israel-netanyahou-du-mont-du-temple-au-pied-du-mur\/#respond"]}]},{"@type":"WebPage","@id":"https:\/\/kapitalis.com\/tunisie\/2017\/07\/26\/israel-netanyahou-du-mont-du-temple-au-pied-du-mur\/","url":"https:\/\/kapitalis.com\/tunisie\/2017\/07\/26\/israel-netanyahou-du-mont-du-temple-au-pied-du-mur\/","name":"Isra\u00ebl : Netanyahou, du Mont du Temple au pied du mur - Kapitalis","isPartOf":{"@id":"https:\/\/kapitalis.com\/tunisie\/#website"},"primaryImageOfPage":{"@id":"https:\/\/kapitalis.com\/tunisie\/2017\/07\/26\/israel-netanyahou-du-mont-du-temple-au-pied-du-mur\/#primaryimage"},"image":{"@id":"https:\/\/kapitalis.com\/tunisie\/2017\/07\/26\/israel-netanyahou-du-mont-du-temple-au-pied-du-mur\/#primaryimage"},"thumbnailUrl":"","datePublished":"2017-07-26T06:34:46+00:00","breadcrumb":{"@id":"https:\/\/kapitalis.com\/tunisie\/2017\/07\/26\/israel-netanyahou-du-mont-du-temple-au-pied-du-mur\/#breadcrumb"},"inLanguage":"fr-FR","potentialAction":[{"@type":"ReadAction","target":["https:\/\/kapitalis.com\/tunisie\/2017\/07\/26\/israel-netanyahou-du-mont-du-temple-au-pied-du-mur\/"]}]},{"@type":"ImageObject","inLanguage":"fr-FR","@id":"https:\/\/kapitalis.com\/tunisie\/2017\/07\/26\/israel-netanyahou-du-mont-du-temple-au-pied-du-mur\/#primaryimage","url":"","contentUrl":""},{"@type":"BreadcrumbList","@id":"https:\/\/kapitalis.com\/tunisie\/2017\/07\/26\/israel-netanyahou-du-mont-du-temple-au-pied-du-mur\/#breadcrumb","itemListElement":[{"@type":"ListItem","position":1,"name":"Accueil","item":"https:\/\/kapitalis.com\/tunisie\/"},{"@type":"ListItem","position":2,"name":"Isra\u00ebl : Netanyahou, du Mont du Temple au pied du mur"}]},{"@type":"WebSite","@id":"https:\/\/kapitalis.com\/tunisie\/#website","url":"https:\/\/kapitalis.com\/tunisie\/","name":"Kapitalis","description":"L&#039;actualit\u00e9 en Tunisie et dans le monde","publisher":{"@id":"https:\/\/kapitalis.com\/tunisie\/#organization"},"potentialAction":[{"@type":"SearchAction","target":{"@type":"EntryPoint","urlTemplate":"https:\/\/kapitalis.com\/tunisie\/?s={search_term_string}"},"query-input":{"@type":"PropertyValueSpecification","valueRequired":true,"valueName":"search_term_string"}}],"inLanguage":"fr-FR"},{"@type":"Organization","@id":"https:\/\/kapitalis.com\/tunisie\/#organization","name":"Kapitalis","url":"https:\/\/kapitalis.com\/tunisie\/","logo":{"@type":"ImageObject","inLanguage":"fr-FR","@id":"https:\/\/kapitalis.com\/tunisie\/#\/schema\/logo\/image\/","url":"https:\/\/kapitalis.com\/tunisie\/wp-content\/uploads\/2022\/05\/Kapitalis-big-size.png","contentUrl":"https:\/\/kapitalis.com\/tunisie\/wp-content\/uploads\/2022\/05\/Kapitalis-big-size.png","width":5000,"height":1500,"caption":"Kapitalis"},"image":{"@id":"https:\/\/kapitalis.com\/tunisie\/#\/schema\/logo\/image\/"},"sameAs":["https:\/\/www.facebook.com\/KapitalisInfo\/","https:\/\/x.com\/KapitalisInfo","https:\/\/www.youtube.com\/channel\/UC-yDYrHyfFBWWZaOw3FPg9Q"]},{"@type":"Person","@id":"https:\/\/kapitalis.com\/tunisie\/#\/schema\/person\/d71f33a9ca44f7bad4698210b480c8e9","name":"webmaster kapitalis","url":"https:\/\/kapitalis.com\/tunisie\/author\/webmaster-kapitalis\/"}]}},"_links":{"self":[{"href":"https:\/\/kapitalis.com\/tunisie\/wp-json\/wp\/v2\/posts\/107729","targetHints":{"allow":["GET"]}}],"collection":[{"href":"https:\/\/kapitalis.com\/tunisie\/wp-json\/wp\/v2\/posts"}],"about":[{"href":"https:\/\/kapitalis.com\/tunisie\/wp-json\/wp\/v2\/types\/post"}],"author":[{"embeddable":true,"href":"https:\/\/kapitalis.com\/tunisie\/wp-json\/wp\/v2\/users\/8"}],"replies":[{"embeddable":true,"href":"https:\/\/kapitalis.com\/tunisie\/wp-json\/wp\/v2\/comments?post=107729"}],"version-history":[{"count":0,"href":"https:\/\/kapitalis.com\/tunisie\/wp-json\/wp\/v2\/posts\/107729\/revisions"}],"wp:featuredmedia":[{"embeddable":true,"href":"https:\/\/kapitalis.com\/tunisie\/wp-json\/wp\/v2\/media\/107730"}],"wp:attachment":[{"href":"https:\/\/kapitalis.com\/tunisie\/wp-json\/wp\/v2\/media?parent=107729"}],"wp:term":[{"taxonomy":"category","embeddable":true,"href":"https:\/\/kapitalis.com\/tunisie\/wp-json\/wp\/v2\/categories?post=107729"},{"taxonomy":"post_tag","embeddable":true,"href":"https:\/\/kapitalis.com\/tunisie\/wp-json\/wp\/v2\/tags?post=107729"}],"curies":[{"name":"wp","href":"https:\/\/api.w.org\/{rel}","templated":true}]}}