{"id":10776094,"date":"2023-12-02T19:57:15","date_gmt":"2023-12-02T18:57:15","guid":{"rendered":"https:\/\/kapitalis.com\/tunisie\/?p=10776094"},"modified":"2023-12-02T19:58:10","modified_gmt":"2023-12-02T18:58:10","slug":"rassemblement-en-solidarite-avec-me-dalila-ben-mbarek-msaddek","status":"publish","type":"post","link":"https:\/\/kapitalis.com\/tunisie\/2023\/12\/02\/rassemblement-en-solidarite-avec-me-dalila-ben-mbarek-msaddek\/","title":{"rendered":"Rassemblement en solidarit\u00e9 avec Me Dalila Ben Mbarek Msaddek"},"content":{"rendered":"\n<p><em><strong>La Coordination des familles des d\u00e9tenus dans l\u2019affaire dite de complot contre la s\u00fbret\u00e9 de l\u2019\u00c9tat organise un rassemblement devant le tribunal de premi\u00e8re instance de Tunis, le 5 d\u00e9cembre 2023, en solidarit\u00e9 avec Me Dalila Ben Mbarek Msaddek.<\/strong><\/em><\/p>\n\n\n\n<!--more-->\n\n\n\n<p>Dans un communiqu\u00e9 publi\u00e9 ce samedi 2 d\u00e9cembre 2023, la Coordination des familles des d\u00e9tenus a d\u00e9nonc\u00e9 les poursuites engag\u00e9es contre Me Dalila Ben Mbarek Msaddek et appellera lors de ce rassemblement \u00e0 l&rsquo;annulation du d\u00e9cret 54 sur la base duquel l&rsquo;avocate, membre du Comit\u00e9 de d\u00e9fense dans l&rsquo;affaire de \u00abcomplot\u00bb sera entendue.<\/p>\n\n\n\n<p>La m\u00eame source d\u00e9nonce une violation flagrante des lois internationales et exprime son soutien inconditionnel \u00e0 l&rsquo;avocate harcel\u00e9e par le r\u00e9gime putschiste, tout en appelant toutes les forces vives et les consciences libres \u00e0 participer \u00e0 ce rassemblement de solidarit\u00e9 pr\u00e9vu mardi \u00e0 partir de 10h.<\/p>\n\n\n\n<p>Rappelons queDalila Ben Mbarek Msaddek avait \u00e9t\u00e9 entendue par le juge d\u2019instruction du Tribunal de premi\u00e8re instance de Tunis mardi, qui a d\u00e9cid\u00e9 de la laisser en libert\u00e9. Le lendemain, l&rsquo;avocate a re\u00e7u une nouvelle convocation pour une  affaire instruite par le Parquet de la Cour d\u2019appel de Tunis sur la base du d\u00e9cret 54, des articles 13 et 87 de la loi sur la protection des donn\u00e9es personnelles et de l\u2019article 315 du Code p\u00e9nal.<\/p>\n\n\n\n<p class=\"has-text-align-right\"><strong>Y. N.<\/strong><\/p>\n","protected":false},"excerpt":{"rendered":"<p>La Coordination des familles des d\u00e9tenus dans l\u2019affaire dite de complot contre la s\u00fbret\u00e9 de l\u2019\u00c9tat organise un rassemblement devant le tribunal de premi\u00e8re instance de Tunis, le 5 d\u00e9cembre 2023, en solidarit\u00e9 avec Me Dalila Ben Mbarek Msaddek.<\/p>\n","protected":false},"author":6,"featured_media":10776201,"comment_status":"open","ping_status":"open","sticky":false,"template":"","format":"standard","meta":{"footnotes":""},"categories":[997,998,2433],"tags":[9741,106709,64219,102998,767,1139,64491,62643],"class_list":["post-10776094","post","type-post","status-publish","format-standard","has-post-thumbnail","hentry","category-politique","category-societe","category-tunisie","tag-avocate","tag-complot","tag-dalila-ben-mbarek-msaddek","tag-decret-54","tag-rassemblement","tag-solidarite","tag-tunis","tag-tunisie"],"yoast_head":"<!-- This site is optimized with the Yoast SEO plugin v26.6 - https:\/\/yoast.com\/wordpress\/plugins\/seo\/ -->\n<title>Rassemblement en solidarit\u00e9 avec Me Dalila Ben Mbarek Msaddek - Kapitalis<\/title>\n<meta name=\"robots\" content=\"index, follow, max-snippet:-1, max-image-preview:large, max-video-preview:-1\" \/>\n<link rel=\"canonical\" href=\"https:\/\/kapitalis.com\/tunisie\/2023\/12\/02\/rassemblement-en-solidarite-avec-me-dalila-ben-mbarek-msaddek\/\" \/>\n<meta property=\"og:locale\" content=\"fr_FR\" \/>\n<meta property=\"og:type\" content=\"article\" \/>\n<meta property=\"og:title\" content=\"Rassemblement en solidarit\u00e9 avec Me Dalila Ben Mbarek Msaddek - Kapitalis\" \/>\n<meta property=\"og:description\" content=\"La Coordination des familles des d\u00e9tenus dans l\u2019affaire dite de complot contre la s\u00fbret\u00e9 de l\u2019\u00c9tat organise un rassemblement devant le tribunal de premi\u00e8re instance de Tunis, le 5 d\u00e9cembre 2023, en solidarit\u00e9 avec Me Dalila Ben Mbarek Msaddek.\" \/>\n<meta property=\"og:url\" content=\"https:\/\/kapitalis.com\/tunisie\/2023\/12\/02\/rassemblement-en-solidarite-avec-me-dalila-ben-mbarek-msaddek\/\" \/>\n<meta property=\"og:site_name\" content=\"Kapitalis\" \/>\n<meta property=\"article:publisher\" content=\"https:\/\/www.facebook.com\/KapitalisInfo\/\" \/>\n<meta property=\"article:published_time\" content=\"2023-12-02T18:57:15+00:00\" \/>\n<meta property=\"article:modified_time\" content=\"2023-12-02T18:58:10+00:00\" \/>\n<meta property=\"og:image\" content=\"https:\/\/kapitalis.com\/tunisie\/wp-content\/uploads\/2023\/12\/Dalila-Ben-Mbarek-Msaddek.jpg\" \/>\n\t<meta property=\"og:image:width\" content=\"1200\" \/>\n\t<meta property=\"og:image:height\" content=\"630\" \/>\n\t<meta property=\"og:image:type\" content=\"image\/jpeg\" \/>\n<meta name=\"author\" content=\"Yusra NY\" \/>\n<meta name=\"twitter:card\" content=\"summary_large_image\" \/>\n<meta name=\"twitter:creator\" content=\"@KapitalisInfo\" \/>\n<meta name=\"twitter:site\" content=\"@KapitalisInfo\" \/>\n<meta name=\"twitter:label1\" content=\"\u00c9crit par\" \/>\n\t<meta name=\"twitter:data1\" content=\"Yusra NY\" \/>\n\t<meta name=\"twitter:label2\" content=\"Dur\u00e9e de lecture estim\u00e9e\" \/>\n\t<meta name=\"twitter:data2\" content=\"1 minute\" \/>\n<script type=\"application\/ld+json\" class=\"yoast-schema-graph\">{\"@context\":\"https:\/\/schema.org\",\"@graph\":[{\"@type\":\"Article\",\"@id\":\"https:\/\/kapitalis.com\/tunisie\/2023\/12\/02\/rassemblement-en-solidarite-avec-me-dalila-ben-mbarek-msaddek\/#article\",\"isPartOf\":{\"@id\":\"https:\/\/kapitalis.com\/tunisie\/2023\/12\/02\/rassemblement-en-solidarite-avec-me-dalila-ben-mbarek-msaddek\/\"},\"author\":{\"name\":\"Yusra NY\",\"@id\":\"https:\/\/kapitalis.com\/tunisie\/#\/schema\/person\/74bbde0154d49d790a92aaeac5bc01d5\"},\"headline\":\"Rassemblement en solidarit\u00e9 avec Me Dalila Ben Mbarek Msaddek\",\"datePublished\":\"2023-12-02T18:57:15+00:00\",\"dateModified\":\"2023-12-02T18:58:10+00:00\",\"mainEntityOfPage\":{\"@id\":\"https:\/\/kapitalis.com\/tunisie\/2023\/12\/02\/rassemblement-en-solidarite-avec-me-dalila-ben-mbarek-msaddek\/\"},\"wordCount\":237,\"commentCount\":0,\"publisher\":{\"@id\":\"https:\/\/kapitalis.com\/tunisie\/#organization\"},\"image\":{\"@id\":\"https:\/\/kapitalis.com\/tunisie\/2023\/12\/02\/rassemblement-en-solidarite-avec-me-dalila-ben-mbarek-msaddek\/#primaryimage\"},\"thumbnailUrl\":\"https:\/\/kapitalis.com\/tunisie\/wp-content\/uploads\/2023\/12\/Dalila-Ben-Mbarek-Msaddek.jpg\",\"keywords\":[\"avocate\",\"complot\",\"Dalila Ben Mbarek Msaddek\",\"d\u00e9cret 54\",\"rassemblement\",\"solidarit\u00e9\",\"Tunis\",\"Tunisie\"],\"articleSection\":[\"POLITIQUE\",\"SOCIETE\",\"Tunisie\"],\"inLanguage\":\"fr-FR\",\"potentialAction\":[{\"@type\":\"CommentAction\",\"name\":\"Comment\",\"target\":[\"https:\/\/kapitalis.com\/tunisie\/2023\/12\/02\/rassemblement-en-solidarite-avec-me-dalila-ben-mbarek-msaddek\/#respond\"]}]},{\"@type\":\"WebPage\",\"@id\":\"https:\/\/kapitalis.com\/tunisie\/2023\/12\/02\/rassemblement-en-solidarite-avec-me-dalila-ben-mbarek-msaddek\/\",\"url\":\"https:\/\/kapitalis.com\/tunisie\/2023\/12\/02\/rassemblement-en-solidarite-avec-me-dalila-ben-mbarek-msaddek\/\",\"name\":\"Rassemblement en solidarit\u00e9 avec Me Dalila Ben Mbarek Msaddek - Kapitalis\",\"isPartOf\":{\"@id\":\"https:\/\/kapitalis.com\/tunisie\/#website\"},\"primaryImageOfPage\":{\"@id\":\"https:\/\/kapitalis.com\/tunisie\/2023\/12\/02\/rassemblement-en-solidarite-avec-me-dalila-ben-mbarek-msaddek\/#primaryimage\"},\"image\":{\"@id\":\"https:\/\/kapitalis.com\/tunisie\/2023\/12\/02\/rassemblement-en-solidarite-avec-me-dalila-ben-mbarek-msaddek\/#primaryimage\"},\"thumbnailUrl\":\"https:\/\/kapitalis.com\/tunisie\/wp-content\/uploads\/2023\/12\/Dalila-Ben-Mbarek-Msaddek.jpg\",\"datePublished\":\"2023-12-02T18:57:15+00:00\",\"dateModified\":\"2023-12-02T18:58:10+00:00\",\"breadcrumb\":{\"@id\":\"https:\/\/kapitalis.com\/tunisie\/2023\/12\/02\/rassemblement-en-solidarite-avec-me-dalila-ben-mbarek-msaddek\/#breadcrumb\"},\"inLanguage\":\"fr-FR\",\"potentialAction\":[{\"@type\":\"ReadAction\",\"target\":[\"https:\/\/kapitalis.com\/tunisie\/2023\/12\/02\/rassemblement-en-solidarite-avec-me-dalila-ben-mbarek-msaddek\/\"]}]},{\"@type\":\"ImageObject\",\"inLanguage\":\"fr-FR\",\"@id\":\"https:\/\/kapitalis.com\/tunisie\/2023\/12\/02\/rassemblement-en-solidarite-avec-me-dalila-ben-mbarek-msaddek\/#primaryimage\",\"url\":\"https:\/\/kapitalis.com\/tunisie\/wp-content\/uploads\/2023\/12\/Dalila-Ben-Mbarek-Msaddek.jpg\",\"contentUrl\":\"https:\/\/kapitalis.com\/tunisie\/wp-content\/uploads\/2023\/12\/Dalila-Ben-Mbarek-Msaddek.jpg\",\"width\":1200,\"height\":630},{\"@type\":\"BreadcrumbList\",\"@id\":\"https:\/\/kapitalis.com\/tunisie\/2023\/12\/02\/rassemblement-en-solidarite-avec-me-dalila-ben-mbarek-msaddek\/#breadcrumb\",\"itemListElement\":[{\"@type\":\"ListItem\",\"position\":1,\"name\":\"Accueil\",\"item\":\"https:\/\/kapitalis.com\/tunisie\/\"},{\"@type\":\"ListItem\",\"position\":2,\"name\":\"Rassemblement en solidarit\u00e9 avec Me Dalila Ben Mbarek Msaddek\"}]},{\"@type\":\"WebSite\",\"@id\":\"https:\/\/kapitalis.com\/tunisie\/#website\",\"url\":\"https:\/\/kapitalis.com\/tunisie\/\",\"name\":\"Kapitalis\",\"description\":\"L&#039;actualit\u00e9 en Tunisie et dans le monde\",\"publisher\":{\"@id\":\"https:\/\/kapitalis.com\/tunisie\/#organization\"},\"potentialAction\":[{\"@type\":\"SearchAction\",\"target\":{\"@type\":\"EntryPoint\",\"urlTemplate\":\"https:\/\/kapitalis.com\/tunisie\/?s={search_term_string}\"},\"query-input\":{\"@type\":\"PropertyValueSpecification\",\"valueRequired\":true,\"valueName\":\"search_term_string\"}}],\"inLanguage\":\"fr-FR\"},{\"@type\":\"Organization\",\"@id\":\"https:\/\/kapitalis.com\/tunisie\/#organization\",\"name\":\"Kapitalis\",\"url\":\"https:\/\/kapitalis.com\/tunisie\/\",\"logo\":{\"@type\":\"ImageObject\",\"inLanguage\":\"fr-FR\",\"@id\":\"https:\/\/kapitalis.com\/tunisie\/#\/schema\/logo\/image\/\",\"url\":\"https:\/\/kapitalis.com\/tunisie\/wp-content\/uploads\/2022\/05\/Kapitalis-big-size.png\",\"contentUrl\":\"https:\/\/kapitalis.com\/tunisie\/wp-content\/uploads\/2022\/05\/Kapitalis-big-size.png\",\"width\":5000,\"height\":1500,\"caption\":\"Kapitalis\"},\"image\":{\"@id\":\"https:\/\/kapitalis.com\/tunisie\/#\/schema\/logo\/image\/\"},\"sameAs\":[\"https:\/\/www.facebook.com\/KapitalisInfo\/\",\"https:\/\/x.com\/KapitalisInfo\",\"https:\/\/www.youtube.com\/channel\/UC-yDYrHyfFBWWZaOw3FPg9Q\"]},{\"@type\":\"Person\",\"@id\":\"https:\/\/kapitalis.com\/tunisie\/#\/schema\/person\/74bbde0154d49d790a92aaeac5bc01d5\",\"name\":\"Yusra NY\",\"url\":\"https:\/\/kapitalis.com\/tunisie\/author\/yuza_adam\/\"}]}<\/script>\n<!-- \/ Yoast SEO plugin. -->","yoast_head_json":{"title":"Rassemblement en solidarit\u00e9 avec Me Dalila Ben Mbarek Msaddek - Kapitalis","robots":{"index":"index","follow":"follow","max-snippet":"max-snippet:-1","max-image-preview":"max-image-preview:large","max-video-preview":"max-video-preview:-1"},"canonical":"https:\/\/kapitalis.com\/tunisie\/2023\/12\/02\/rassemblement-en-solidarite-avec-me-dalila-ben-mbarek-msaddek\/","og_locale":"fr_FR","og_type":"article","og_title":"Rassemblement en solidarit\u00e9 avec Me Dalila Ben Mbarek Msaddek - Kapitalis","og_description":"La Coordination des familles des d\u00e9tenus dans l\u2019affaire dite de complot contre la s\u00fbret\u00e9 de l\u2019\u00c9tat organise un rassemblement devant le tribunal de premi\u00e8re instance de Tunis, le 5 d\u00e9cembre 2023, en solidarit\u00e9 avec Me Dalila Ben Mbarek Msaddek.","og_url":"https:\/\/kapitalis.com\/tunisie\/2023\/12\/02\/rassemblement-en-solidarite-avec-me-dalila-ben-mbarek-msaddek\/","og_site_name":"Kapitalis","article_publisher":"https:\/\/www.facebook.com\/KapitalisInfo\/","article_published_time":"2023-12-02T18:57:15+00:00","article_modified_time":"2023-12-02T18:58:10+00:00","og_image":[{"width":1200,"height":630,"url":"https:\/\/kapitalis.com\/tunisie\/wp-content\/uploads\/2023\/12\/Dalila-Ben-Mbarek-Msaddek.jpg","type":"image\/jpeg"}],"author":"Yusra NY","twitter_card":"summary_large_image","twitter_creator":"@KapitalisInfo","twitter_site":"@KapitalisInfo","twitter_misc":{"\u00c9crit par":"Yusra NY","Dur\u00e9e de lecture estim\u00e9e":"1 minute"},"schema":{"@context":"https:\/\/schema.org","@graph":[{"@type":"Article","@id":"https:\/\/kapitalis.com\/tunisie\/2023\/12\/02\/rassemblement-en-solidarite-avec-me-dalila-ben-mbarek-msaddek\/#article","isPartOf":{"@id":"https:\/\/kapitalis.com\/tunisie\/2023\/12\/02\/rassemblement-en-solidarite-avec-me-dalila-ben-mbarek-msaddek\/"},"author":{"name":"Yusra NY","@id":"https:\/\/kapitalis.com\/tunisie\/#\/schema\/person\/74bbde0154d49d790a92aaeac5bc01d5"},"headline":"Rassemblement en solidarit\u00e9 avec Me Dalila Ben Mbarek Msaddek","datePublished":"2023-12-02T18:57:15+00:00","dateModified":"2023-12-02T18:58:10+00:00","mainEntityOfPage":{"@id":"https:\/\/kapitalis.com\/tunisie\/2023\/12\/02\/rassemblement-en-solidarite-avec-me-dalila-ben-mbarek-msaddek\/"},"wordCount":237,"commentCount":0,"publisher":{"@id":"https:\/\/kapitalis.com\/tunisie\/#organization"},"image":{"@id":"https:\/\/kapitalis.com\/tunisie\/2023\/12\/02\/rassemblement-en-solidarite-avec-me-dalila-ben-mbarek-msaddek\/#primaryimage"},"thumbnailUrl":"https:\/\/kapitalis.com\/tunisie\/wp-content\/uploads\/2023\/12\/Dalila-Ben-Mbarek-Msaddek.jpg","keywords":["avocate","complot","Dalila Ben Mbarek Msaddek","d\u00e9cret 54","rassemblement","solidarit\u00e9","Tunis","Tunisie"],"articleSection":["POLITIQUE","SOCIETE","Tunisie"],"inLanguage":"fr-FR","potentialAction":[{"@type":"CommentAction","name":"Comment","target":["https:\/\/kapitalis.com\/tunisie\/2023\/12\/02\/rassemblement-en-solidarite-avec-me-dalila-ben-mbarek-msaddek\/#respond"]}]},{"@type":"WebPage","@id":"https:\/\/kapitalis.com\/tunisie\/2023\/12\/02\/rassemblement-en-solidarite-avec-me-dalila-ben-mbarek-msaddek\/","url":"https:\/\/kapitalis.com\/tunisie\/2023\/12\/02\/rassemblement-en-solidarite-avec-me-dalila-ben-mbarek-msaddek\/","name":"Rassemblement en solidarit\u00e9 avec Me Dalila Ben Mbarek Msaddek - Kapitalis","isPartOf":{"@id":"https:\/\/kapitalis.com\/tunisie\/#website"},"primaryImageOfPage":{"@id":"https:\/\/kapitalis.com\/tunisie\/2023\/12\/02\/rassemblement-en-solidarite-avec-me-dalila-ben-mbarek-msaddek\/#primaryimage"},"image":{"@id":"https:\/\/kapitalis.com\/tunisie\/2023\/12\/02\/rassemblement-en-solidarite-avec-me-dalila-ben-mbarek-msaddek\/#primaryimage"},"thumbnailUrl":"https:\/\/kapitalis.com\/tunisie\/wp-content\/uploads\/2023\/12\/Dalila-Ben-Mbarek-Msaddek.jpg","datePublished":"2023-12-02T18:57:15+00:00","dateModified":"2023-12-02T18:58:10+00:00","breadcrumb":{"@id":"https:\/\/kapitalis.com\/tunisie\/2023\/12\/02\/rassemblement-en-solidarite-avec-me-dalila-ben-mbarek-msaddek\/#breadcrumb"},"inLanguage":"fr-FR","potentialAction":[{"@type":"ReadAction","target":["https:\/\/kapitalis.com\/tunisie\/2023\/12\/02\/rassemblement-en-solidarite-avec-me-dalila-ben-mbarek-msaddek\/"]}]},{"@type":"ImageObject","inLanguage":"fr-FR","@id":"https:\/\/kapitalis.com\/tunisie\/2023\/12\/02\/rassemblement-en-solidarite-avec-me-dalila-ben-mbarek-msaddek\/#primaryimage","url":"https:\/\/kapitalis.com\/tunisie\/wp-content\/uploads\/2023\/12\/Dalila-Ben-Mbarek-Msaddek.jpg","contentUrl":"https:\/\/kapitalis.com\/tunisie\/wp-content\/uploads\/2023\/12\/Dalila-Ben-Mbarek-Msaddek.jpg","width":1200,"height":630},{"@type":"BreadcrumbList","@id":"https:\/\/kapitalis.com\/tunisie\/2023\/12\/02\/rassemblement-en-solidarite-avec-me-dalila-ben-mbarek-msaddek\/#breadcrumb","itemListElement":[{"@type":"ListItem","position":1,"name":"Accueil","item":"https:\/\/kapitalis.com\/tunisie\/"},{"@type":"ListItem","position":2,"name":"Rassemblement en solidarit\u00e9 avec Me Dalila Ben Mbarek Msaddek"}]},{"@type":"WebSite","@id":"https:\/\/kapitalis.com\/tunisie\/#website","url":"https:\/\/kapitalis.com\/tunisie\/","name":"Kapitalis","description":"L&#039;actualit\u00e9 en Tunisie et dans le monde","publisher":{"@id":"https:\/\/kapitalis.com\/tunisie\/#organization"},"potentialAction":[{"@type":"SearchAction","target":{"@type":"EntryPoint","urlTemplate":"https:\/\/kapitalis.com\/tunisie\/?s={search_term_string}"},"query-input":{"@type":"PropertyValueSpecification","valueRequired":true,"valueName":"search_term_string"}}],"inLanguage":"fr-FR"},{"@type":"Organization","@id":"https:\/\/kapitalis.com\/tunisie\/#organization","name":"Kapitalis","url":"https:\/\/kapitalis.com\/tunisie\/","logo":{"@type":"ImageObject","inLanguage":"fr-FR","@id":"https:\/\/kapitalis.com\/tunisie\/#\/schema\/logo\/image\/","url":"https:\/\/kapitalis.com\/tunisie\/wp-content\/uploads\/2022\/05\/Kapitalis-big-size.png","contentUrl":"https:\/\/kapitalis.com\/tunisie\/wp-content\/uploads\/2022\/05\/Kapitalis-big-size.png","width":5000,"height":1500,"caption":"Kapitalis"},"image":{"@id":"https:\/\/kapitalis.com\/tunisie\/#\/schema\/logo\/image\/"},"sameAs":["https:\/\/www.facebook.com\/KapitalisInfo\/","https:\/\/x.com\/KapitalisInfo","https:\/\/www.youtube.com\/channel\/UC-yDYrHyfFBWWZaOw3FPg9Q"]},{"@type":"Person","@id":"https:\/\/kapitalis.com\/tunisie\/#\/schema\/person\/74bbde0154d49d790a92aaeac5bc01d5","name":"Yusra NY","url":"https:\/\/kapitalis.com\/tunisie\/author\/yuza_adam\/"}]}},"_links":{"self":[{"href":"https:\/\/kapitalis.com\/tunisie\/wp-json\/wp\/v2\/posts\/10776094","targetHints":{"allow":["GET"]}}],"collection":[{"href":"https:\/\/kapitalis.com\/tunisie\/wp-json\/wp\/v2\/posts"}],"about":[{"href":"https:\/\/kapitalis.com\/tunisie\/wp-json\/wp\/v2\/types\/post"}],"author":[{"embeddable":true,"href":"https:\/\/kapitalis.com\/tunisie\/wp-json\/wp\/v2\/users\/6"}],"replies":[{"embeddable":true,"href":"https:\/\/kapitalis.com\/tunisie\/wp-json\/wp\/v2\/comments?post=10776094"}],"version-history":[{"count":4,"href":"https:\/\/kapitalis.com\/tunisie\/wp-json\/wp\/v2\/posts\/10776094\/revisions"}],"predecessor-version":[{"id":10776436,"href":"https:\/\/kapitalis.com\/tunisie\/wp-json\/wp\/v2\/posts\/10776094\/revisions\/10776436"}],"wp:featuredmedia":[{"embeddable":true,"href":"https:\/\/kapitalis.com\/tunisie\/wp-json\/wp\/v2\/media\/10776201"}],"wp:attachment":[{"href":"https:\/\/kapitalis.com\/tunisie\/wp-json\/wp\/v2\/media?parent=10776094"}],"wp:term":[{"taxonomy":"category","embeddable":true,"href":"https:\/\/kapitalis.com\/tunisie\/wp-json\/wp\/v2\/categories?post=10776094"},{"taxonomy":"post_tag","embeddable":true,"href":"https:\/\/kapitalis.com\/tunisie\/wp-json\/wp\/v2\/tags?post=10776094"}],"curies":[{"name":"wp","href":"https:\/\/api.w.org\/{rel}","templated":true}]}}