{"id":10787855,"date":"2023-12-03T11:28:42","date_gmt":"2023-12-03T10:28:42","guid":{"rendered":"https:\/\/kapitalis.com\/tunisie\/?p=10787855"},"modified":"2023-12-03T11:36:47","modified_gmt":"2023-12-03T10:36:47","slug":"nouvelle-manifestation-de-soutien-aux-palestiniens-a-paris","status":"publish","type":"post","link":"https:\/\/kapitalis.com\/tunisie\/2023\/12\/03\/nouvelle-manifestation-de-soutien-aux-palestiniens-a-paris\/","title":{"rendered":"Nouvelle manifestation de soutien aux Palestiniens \u00e0 Paris"},"content":{"rendered":"\n<p><strong><em>Une quarantaine de rassemblements ont \u00e9t\u00e9 organis\u00e9s \u00e0 Paris et dans d&rsquo;autres villes de France, le 2 d\u00e9cembre 2023, au lendemain de la reprise des bombardements de la bande de Gaza par l\u2019arm\u00e9e isra\u00e9lienne et l\u2019expiration d\u2019une tr\u00eave avec le Hamas, qui a permis la lib\u00e9ration d\u2019otages isra\u00e9liens et de prisonniers palestiniens.<\/em><\/strong> <strong><em>De plus en plus de Fran\u00e7ais, y compris des juifs, d\u00e9noncent le g\u00e9nocide des Palestiniens par l&rsquo;arm\u00e9e isra\u00e9lienne.  <\/em><\/strong><\/p>\n\n\n\n<p><em>Reportage photos  de <\/em><strong>Abdellatif Ben Salem<\/strong><\/p>\n\n\n\n<!--more-->\n\n\n\n<p>Des milliers de manifestants en soutien au peuple palestinien sont de nouveau descendus dans la rue \u00e0 Paris, hier, avec des slogans d\u00e9non\u00e7ant un <em>\u00abg\u00e9nocide\u00bb<\/em> des Palestiniens et r\u00e9clamant un \u00abcessez le feu permanent\u00bb dans la guerre que m\u00e8ne Isra\u00ebl contre la bande de Gaza depuis le 7 octobre.<\/p>\n\n\n\n<figure class=\"wp-block-gallery aligncenter has-nested-images columns-default is-cropped wp-block-gallery-1 is-layout-flex wp-block-gallery-is-layout-flex\">\n<figure class=\"wp-block-image size-large\"><img loading=\"lazy\" decoding=\"async\" width=\"685\" height=\"913\" data-id=\"10787939\" src=\"https:\/\/kapitalis.com\/tunisie\/wp-content\/uploads\/2023\/12\/Manif-Paris-Abdellatif-Ben-Salem-3.jpg\" alt=\"\" class=\"wp-image-10787939\" srcset=\"https:\/\/kapitalis.com\/tunisie\/wp-content\/uploads\/2023\/12\/Manif-Paris-Abdellatif-Ben-Salem-3.jpg 685w, https:\/\/kapitalis.com\/tunisie\/wp-content\/uploads\/2023\/12\/Manif-Paris-Abdellatif-Ben-Salem-3-225x300.jpg 225w, https:\/\/kapitalis.com\/tunisie\/wp-content\/uploads\/2023\/12\/Manif-Paris-Abdellatif-Ben-Salem-3-580x773.jpg 580w\" sizes=\"auto, (max-width: 685px) 100vw, 685px\" \/><\/figure>\n\n\n\n<figure class=\"wp-block-image size-large\"><img loading=\"lazy\" decoding=\"async\" width=\"685\" height=\"913\" data-id=\"10787937\" src=\"https:\/\/kapitalis.com\/tunisie\/wp-content\/uploads\/2023\/12\/Manif-Paris-Abdellatif-Ben-Salem-4.jpg\" alt=\"\" class=\"wp-image-10787937\" srcset=\"https:\/\/kapitalis.com\/tunisie\/wp-content\/uploads\/2023\/12\/Manif-Paris-Abdellatif-Ben-Salem-4.jpg 685w, https:\/\/kapitalis.com\/tunisie\/wp-content\/uploads\/2023\/12\/Manif-Paris-Abdellatif-Ben-Salem-4-225x300.jpg 225w, https:\/\/kapitalis.com\/tunisie\/wp-content\/uploads\/2023\/12\/Manif-Paris-Abdellatif-Ben-Salem-4-580x773.jpg 580w\" sizes=\"auto, (max-width: 685px) 100vw, 685px\" \/><\/figure>\n\n\n\n<figure class=\"wp-block-image size-large\"><img loading=\"lazy\" decoding=\"async\" width=\"685\" height=\"913\" data-id=\"10787938\" src=\"https:\/\/kapitalis.com\/tunisie\/wp-content\/uploads\/2023\/12\/Manif-Paris-Abdellatif-Ben-Salem-5.jpg\" alt=\"\" class=\"wp-image-10787938\" srcset=\"https:\/\/kapitalis.com\/tunisie\/wp-content\/uploads\/2023\/12\/Manif-Paris-Abdellatif-Ben-Salem-5.jpg 685w, https:\/\/kapitalis.com\/tunisie\/wp-content\/uploads\/2023\/12\/Manif-Paris-Abdellatif-Ben-Salem-5-225x300.jpg 225w, https:\/\/kapitalis.com\/tunisie\/wp-content\/uploads\/2023\/12\/Manif-Paris-Abdellatif-Ben-Salem-5-580x773.jpg 580w\" sizes=\"auto, (max-width: 685px) 100vw, 685px\" \/><\/figure>\n<\/figure>\n\n\n\n<p>Dans la capitale fran\u00e7aise, la manifestation a r\u00e9uni 7.000 personnes, selon la pr\u00e9fecture de police, soit autant que lors d\u2019un pr\u00e9c\u00e9dent rassemblement le 19 novembre mais moins que les 4 novembre (19.000) et le 11 novembre (16.000). Les organisateurs ont revendiqu\u00e9 60.000 participants.<\/p>\n\n\n\n<figure class=\"wp-block-gallery aligncenter has-nested-images columns-default is-cropped wp-block-gallery-2 is-layout-flex wp-block-gallery-is-layout-flex\">\n<figure class=\"wp-block-image size-large\"><img loading=\"lazy\" decoding=\"async\" width=\"685\" height=\"913\" data-id=\"10787947\" src=\"https:\/\/kapitalis.com\/tunisie\/wp-content\/uploads\/2023\/12\/Manif-Paris-Abdellatif-Ben-Salem-6-1.jpg\" alt=\"\" class=\"wp-image-10787947\" srcset=\"https:\/\/kapitalis.com\/tunisie\/wp-content\/uploads\/2023\/12\/Manif-Paris-Abdellatif-Ben-Salem-6-1.jpg 685w, https:\/\/kapitalis.com\/tunisie\/wp-content\/uploads\/2023\/12\/Manif-Paris-Abdellatif-Ben-Salem-6-1-225x300.jpg 225w, https:\/\/kapitalis.com\/tunisie\/wp-content\/uploads\/2023\/12\/Manif-Paris-Abdellatif-Ben-Salem-6-1-580x773.jpg 580w\" sizes=\"auto, (max-width: 685px) 100vw, 685px\" \/><\/figure>\n\n\n\n<figure class=\"wp-block-image size-large\"><img loading=\"lazy\" decoding=\"async\" width=\"685\" height=\"913\" data-id=\"10787949\" src=\"https:\/\/kapitalis.com\/tunisie\/wp-content\/uploads\/2023\/12\/Manif-Paris-Abdellatif-Ben-Salem-7.jpg\" alt=\"\" class=\"wp-image-10787949\" srcset=\"https:\/\/kapitalis.com\/tunisie\/wp-content\/uploads\/2023\/12\/Manif-Paris-Abdellatif-Ben-Salem-7.jpg 685w, https:\/\/kapitalis.com\/tunisie\/wp-content\/uploads\/2023\/12\/Manif-Paris-Abdellatif-Ben-Salem-7-225x300.jpg 225w, https:\/\/kapitalis.com\/tunisie\/wp-content\/uploads\/2023\/12\/Manif-Paris-Abdellatif-Ben-Salem-7-580x773.jpg 580w\" sizes=\"auto, (max-width: 685px) 100vw, 685px\" \/><\/figure>\n\n\n\n<figure class=\"wp-block-image size-large\"><img loading=\"lazy\" decoding=\"async\" width=\"685\" height=\"913\" data-id=\"10787948\" src=\"https:\/\/kapitalis.com\/tunisie\/wp-content\/uploads\/2023\/12\/Manif-Paris-Abdellatif-Ben-Salem-8.jpg\" alt=\"\" class=\"wp-image-10787948\" srcset=\"https:\/\/kapitalis.com\/tunisie\/wp-content\/uploads\/2023\/12\/Manif-Paris-Abdellatif-Ben-Salem-8.jpg 685w, https:\/\/kapitalis.com\/tunisie\/wp-content\/uploads\/2023\/12\/Manif-Paris-Abdellatif-Ben-Salem-8-225x300.jpg 225w, https:\/\/kapitalis.com\/tunisie\/wp-content\/uploads\/2023\/12\/Manif-Paris-Abdellatif-Ben-Salem-8-580x773.jpg 580w\" sizes=\"auto, (max-width: 685px) 100vw, 685px\" \/><\/figure>\n<\/figure>\n\n\n\n<p><em>\u00abNous sommes tous des enfants de Gaza\u00bb<\/em>, ont scand\u00e9 des manifestants, qui ont brav\u00e9 le froid hivernal derri\u00e8re une banderole appelant \u00e0 un&nbsp;\u00ab<em>cessez le feu permanent\u00bb<\/em>. Des pancartes d\u00e9non\u00e7aient un&nbsp;\u00ab<em>g\u00e9nocide en Palestine\u00bb<\/em>.<\/p>\n\n\n\n<p>Le leader de la France insoumise, Jean-Luc M\u00e9lenchon, pr\u00e9sent avec des \u00e9lus de son parti dont les d\u00e9put\u00e9es Mathilde Panot et Aur\u00e9lie Trouv\u00e9, a jug\u00e9 devant la presse que la reprise des bombardements isra\u00e9liens \u00e0 Gaza pr\u00e9sentait\u00a0\u00ab<em>tous les indices d\u2019une volont\u00e9 g\u00e9nocidaire\u00bb<\/em>.<\/p>\n\n\n\n<figure class=\"wp-block-gallery aligncenter has-nested-images columns-default is-cropped wp-block-gallery-3 is-layout-flex wp-block-gallery-is-layout-flex\">\n<figure class=\"wp-block-image size-large\"><img loading=\"lazy\" decoding=\"async\" width=\"685\" height=\"913\" data-id=\"10787956\" src=\"https:\/\/kapitalis.com\/tunisie\/wp-content\/uploads\/2023\/12\/Manif-Paris-Abdellatif-Ben-Salem-9.jpg\" alt=\"\" class=\"wp-image-10787956\" srcset=\"https:\/\/kapitalis.com\/tunisie\/wp-content\/uploads\/2023\/12\/Manif-Paris-Abdellatif-Ben-Salem-9.jpg 685w, https:\/\/kapitalis.com\/tunisie\/wp-content\/uploads\/2023\/12\/Manif-Paris-Abdellatif-Ben-Salem-9-225x300.jpg 225w, https:\/\/kapitalis.com\/tunisie\/wp-content\/uploads\/2023\/12\/Manif-Paris-Abdellatif-Ben-Salem-9-580x773.jpg 580w\" sizes=\"auto, (max-width: 685px) 100vw, 685px\" \/><\/figure>\n\n\n\n<figure class=\"wp-block-image size-large\"><img loading=\"lazy\" decoding=\"async\" width=\"685\" height=\"913\" data-id=\"10787957\" src=\"https:\/\/kapitalis.com\/tunisie\/wp-content\/uploads\/2023\/12\/Manif-Paris-Abdellatif-Ben-Salem-10.jpg\" alt=\"\" class=\"wp-image-10787957\" srcset=\"https:\/\/kapitalis.com\/tunisie\/wp-content\/uploads\/2023\/12\/Manif-Paris-Abdellatif-Ben-Salem-10.jpg 685w, https:\/\/kapitalis.com\/tunisie\/wp-content\/uploads\/2023\/12\/Manif-Paris-Abdellatif-Ben-Salem-10-225x300.jpg 225w, https:\/\/kapitalis.com\/tunisie\/wp-content\/uploads\/2023\/12\/Manif-Paris-Abdellatif-Ben-Salem-10-580x773.jpg 580w\" sizes=\"auto, (max-width: 685px) 100vw, 685px\" \/><\/figure>\n\n\n\n<figure class=\"wp-block-image size-large\"><img loading=\"lazy\" decoding=\"async\" width=\"685\" height=\"913\" data-id=\"10787958\" src=\"https:\/\/kapitalis.com\/tunisie\/wp-content\/uploads\/2023\/12\/Manif-Paris-Abdellatif-Ben-Salem-11.jpg\" alt=\"\" class=\"wp-image-10787958\" srcset=\"https:\/\/kapitalis.com\/tunisie\/wp-content\/uploads\/2023\/12\/Manif-Paris-Abdellatif-Ben-Salem-11.jpg 685w, https:\/\/kapitalis.com\/tunisie\/wp-content\/uploads\/2023\/12\/Manif-Paris-Abdellatif-Ben-Salem-11-225x300.jpg 225w, https:\/\/kapitalis.com\/tunisie\/wp-content\/uploads\/2023\/12\/Manif-Paris-Abdellatif-Ben-Salem-11-580x773.jpg 580w\" sizes=\"auto, (max-width: 685px) 100vw, 685px\" \/><\/figure>\n<\/figure>\n\n\n\n<p>Juch\u00e9 pendant la manifestation sur un camion, il a harangu\u00e9 les manifestants en qualifiant d\u2019\u00ab<em>intol\u00e9rable\u00bb <\/em>qu\u2019il soit\u00a0\u00ab<em>mort \u00e0 Gaza en 42 jours plus de monde qu\u2019il n&rsquo;en a jamais \u00e9t\u00e9 tu\u00e9 en quatre ans de si\u00e8ge \u00e0 Sarajevo\u00bb<\/em>.<\/p>\n\n\n\n<figure class=\"wp-block-gallery aligncenter has-nested-images columns-default is-cropped wp-block-gallery-4 is-layout-flex wp-block-gallery-is-layout-flex\">\n<figure class=\"wp-block-image size-large\"><img loading=\"lazy\" decoding=\"async\" width=\"685\" height=\"913\" data-id=\"10787979\" src=\"https:\/\/kapitalis.com\/tunisie\/wp-content\/uploads\/2023\/12\/Manif-Paris-Abdellatif-Ben-Salem-12-1.jpg\" alt=\"\" class=\"wp-image-10787979\" srcset=\"https:\/\/kapitalis.com\/tunisie\/wp-content\/uploads\/2023\/12\/Manif-Paris-Abdellatif-Ben-Salem-12-1.jpg 685w, https:\/\/kapitalis.com\/tunisie\/wp-content\/uploads\/2023\/12\/Manif-Paris-Abdellatif-Ben-Salem-12-1-225x300.jpg 225w, https:\/\/kapitalis.com\/tunisie\/wp-content\/uploads\/2023\/12\/Manif-Paris-Abdellatif-Ben-Salem-12-1-580x773.jpg 580w\" sizes=\"auto, (max-width: 685px) 100vw, 685px\" \/><\/figure>\n\n\n\n<figure class=\"wp-block-image size-large\"><img loading=\"lazy\" decoding=\"async\" width=\"685\" height=\"913\" data-id=\"10787978\" src=\"https:\/\/kapitalis.com\/tunisie\/wp-content\/uploads\/2023\/12\/Manif-Paris-Abdellatif-Ben-Salem-13-1.jpg\" alt=\"\" class=\"wp-image-10787978\" srcset=\"https:\/\/kapitalis.com\/tunisie\/wp-content\/uploads\/2023\/12\/Manif-Paris-Abdellatif-Ben-Salem-13-1.jpg 685w, https:\/\/kapitalis.com\/tunisie\/wp-content\/uploads\/2023\/12\/Manif-Paris-Abdellatif-Ben-Salem-13-1-225x300.jpg 225w, https:\/\/kapitalis.com\/tunisie\/wp-content\/uploads\/2023\/12\/Manif-Paris-Abdellatif-Ben-Salem-13-1-580x773.jpg 580w\" sizes=\"auto, (max-width: 685px) 100vw, 685px\" \/><\/figure>\n\n\n\n<figure class=\"wp-block-image size-large\"><img loading=\"lazy\" decoding=\"async\" width=\"685\" height=\"913\" data-id=\"10787980\" src=\"https:\/\/kapitalis.com\/tunisie\/wp-content\/uploads\/2023\/12\/Manif-Paris-Abdellatif-Ben-Salem-14-1.jpg\" alt=\"\" class=\"wp-image-10787980\" srcset=\"https:\/\/kapitalis.com\/tunisie\/wp-content\/uploads\/2023\/12\/Manif-Paris-Abdellatif-Ben-Salem-14-1.jpg 685w, https:\/\/kapitalis.com\/tunisie\/wp-content\/uploads\/2023\/12\/Manif-Paris-Abdellatif-Ben-Salem-14-1-225x300.jpg 225w, https:\/\/kapitalis.com\/tunisie\/wp-content\/uploads\/2023\/12\/Manif-Paris-Abdellatif-Ben-Salem-14-1-580x773.jpg 580w\" sizes=\"auto, (max-width: 685px) 100vw, 685px\" \/><\/figure>\n<\/figure>\n\n\n\n<p>La cheffe des \u00e9cologistes, Marine Tondelier, a plaid\u00e9 pour\u00a0\u00ab<em>l\u2019entr\u00e9e de la Cour p\u00e9nale internationale \u00e0 Gaza<\/em>,\u00a0<em>le seul moyen d\u2019avoir des observateurs impartiaux\u00bb<\/em>\u00a0sur place.<\/p>\n\n\n\n<figure class=\"wp-block-gallery aligncenter has-nested-images columns-default is-cropped wp-block-gallery-5 is-layout-flex wp-block-gallery-is-layout-flex\">\n<figure class=\"wp-block-image size-large\"><img loading=\"lazy\" decoding=\"async\" width=\"685\" height=\"913\" data-id=\"10787990\" src=\"https:\/\/kapitalis.com\/tunisie\/wp-content\/uploads\/2023\/12\/Manif-Paris-Abdellatif-Ben-Salem-15.jpg\" alt=\"\" class=\"wp-image-10787990\" srcset=\"https:\/\/kapitalis.com\/tunisie\/wp-content\/uploads\/2023\/12\/Manif-Paris-Abdellatif-Ben-Salem-15.jpg 685w, https:\/\/kapitalis.com\/tunisie\/wp-content\/uploads\/2023\/12\/Manif-Paris-Abdellatif-Ben-Salem-15-225x300.jpg 225w, https:\/\/kapitalis.com\/tunisie\/wp-content\/uploads\/2023\/12\/Manif-Paris-Abdellatif-Ben-Salem-15-580x773.jpg 580w\" sizes=\"auto, (max-width: 685px) 100vw, 685px\" \/><\/figure>\n\n\n\n<figure class=\"wp-block-image size-large\"><img loading=\"lazy\" decoding=\"async\" width=\"685\" height=\"913\" data-id=\"10787988\" src=\"https:\/\/kapitalis.com\/tunisie\/wp-content\/uploads\/2023\/12\/Manif-Paris-Abdellatif-Ben-Salem-16.jpg\" alt=\"\" class=\"wp-image-10787988\" srcset=\"https:\/\/kapitalis.com\/tunisie\/wp-content\/uploads\/2023\/12\/Manif-Paris-Abdellatif-Ben-Salem-16.jpg 685w, https:\/\/kapitalis.com\/tunisie\/wp-content\/uploads\/2023\/12\/Manif-Paris-Abdellatif-Ben-Salem-16-225x300.jpg 225w, https:\/\/kapitalis.com\/tunisie\/wp-content\/uploads\/2023\/12\/Manif-Paris-Abdellatif-Ben-Salem-16-580x773.jpg 580w\" sizes=\"auto, (max-width: 685px) 100vw, 685px\" \/><\/figure>\n\n\n\n<figure class=\"wp-block-image size-large\"><img loading=\"lazy\" decoding=\"async\" width=\"685\" height=\"913\" data-id=\"10787989\" src=\"https:\/\/kapitalis.com\/tunisie\/wp-content\/uploads\/2023\/12\/Manif-Paris-Abdellatif-Ben-Salem-17.jpg\" alt=\"\" class=\"wp-image-10787989\" srcset=\"https:\/\/kapitalis.com\/tunisie\/wp-content\/uploads\/2023\/12\/Manif-Paris-Abdellatif-Ben-Salem-17.jpg 685w, https:\/\/kapitalis.com\/tunisie\/wp-content\/uploads\/2023\/12\/Manif-Paris-Abdellatif-Ben-Salem-17-225x300.jpg 225w, https:\/\/kapitalis.com\/tunisie\/wp-content\/uploads\/2023\/12\/Manif-Paris-Abdellatif-Ben-Salem-17-580x773.jpg 580w\" sizes=\"auto, (max-width: 685px) 100vw, 685px\" \/><\/figure>\n<\/figure>\n\n\n\n<p>La repr\u00e9sentante de l\u2019Autorit\u00e9 palestinienne en France, Hala Abou Assira, a insist\u00e9 sur la n\u00e9cessit\u00e9 d\u2019un\u00a0\u00ab<em>cessez-le-feu imm\u00e9diat\u00bb<\/em>\u00a0et r\u00e9clam\u00e9 que\u00a0\u00ab<em>le monde d\u00e9mocratique (&#8230;) oblige Isra\u00ebl \u00e0 arr\u00eater son agression\u00bb<\/em>.<\/p>\n\n\n\n<figure class=\"wp-block-gallery aligncenter has-nested-images columns-default is-cropped wp-block-gallery-6 is-layout-flex wp-block-gallery-is-layout-flex\">\n<figure class=\"wp-block-image size-large\"><img loading=\"lazy\" decoding=\"async\" width=\"685\" height=\"913\" data-id=\"10788007\" src=\"https:\/\/kapitalis.com\/tunisie\/wp-content\/uploads\/2023\/12\/Manif-Paris-Abdellatif-Ben-Salem-18.jpg\" alt=\"\" class=\"wp-image-10788007\" srcset=\"https:\/\/kapitalis.com\/tunisie\/wp-content\/uploads\/2023\/12\/Manif-Paris-Abdellatif-Ben-Salem-18.jpg 685w, https:\/\/kapitalis.com\/tunisie\/wp-content\/uploads\/2023\/12\/Manif-Paris-Abdellatif-Ben-Salem-18-225x300.jpg 225w, https:\/\/kapitalis.com\/tunisie\/wp-content\/uploads\/2023\/12\/Manif-Paris-Abdellatif-Ben-Salem-18-580x773.jpg 580w\" sizes=\"auto, (max-width: 685px) 100vw, 685px\" \/><\/figure>\n\n\n\n<figure class=\"wp-block-image size-large\"><img loading=\"lazy\" decoding=\"async\" width=\"685\" height=\"913\" data-id=\"10788008\" src=\"https:\/\/kapitalis.com\/tunisie\/wp-content\/uploads\/2023\/12\/Manif-Paris-Abdellatif-Ben-Salem-19.jpg\" alt=\"\" class=\"wp-image-10788008\" srcset=\"https:\/\/kapitalis.com\/tunisie\/wp-content\/uploads\/2023\/12\/Manif-Paris-Abdellatif-Ben-Salem-19.jpg 685w, https:\/\/kapitalis.com\/tunisie\/wp-content\/uploads\/2023\/12\/Manif-Paris-Abdellatif-Ben-Salem-19-225x300.jpg 225w, https:\/\/kapitalis.com\/tunisie\/wp-content\/uploads\/2023\/12\/Manif-Paris-Abdellatif-Ben-Salem-19-580x773.jpg 580w\" sizes=\"auto, (max-width: 685px) 100vw, 685px\" \/><\/figure>\n\n\n\n<figure class=\"wp-block-image size-large\"><img loading=\"lazy\" decoding=\"async\" width=\"685\" height=\"913\" data-id=\"10788000\" src=\"https:\/\/kapitalis.com\/tunisie\/wp-content\/uploads\/2023\/12\/Manif-Paris-Abdellatif-Ben-Salem-20.jpg\" alt=\"\" class=\"wp-image-10788000\" srcset=\"https:\/\/kapitalis.com\/tunisie\/wp-content\/uploads\/2023\/12\/Manif-Paris-Abdellatif-Ben-Salem-20.jpg 685w, https:\/\/kapitalis.com\/tunisie\/wp-content\/uploads\/2023\/12\/Manif-Paris-Abdellatif-Ben-Salem-20-225x300.jpg 225w, https:\/\/kapitalis.com\/tunisie\/wp-content\/uploads\/2023\/12\/Manif-Paris-Abdellatif-Ben-Salem-20-580x773.jpg 580w\" sizes=\"auto, (max-width: 685px) 100vw, 685px\" \/><\/figure>\n<\/figure>\n\n\n\n<p>Martine Bezzina, 70 ans, veut que&nbsp;\u00ab<em>le peuple palestinien puisse vivre c\u00f4te-\u00e0-c\u00f4te avec le peuple isra\u00e9lien<\/em>.&nbsp;<em>C\u2019est ce que demandent les populations. La s\u00e9curit\u00e9 d\u2019Isra\u00ebl passe par la s\u00e9curit\u00e9 et l\u2019existence de la Palestine\u00bb<\/em>, ajoute cette manifestante venue en famille.<\/p>\n\n\n\n<p><em><strong>D\u2019apr\u00e8s AFP.<\/strong><\/em> \u00a0\u00a0<\/p>\n","protected":false},"excerpt":{"rendered":"<p>De plus en plus de Fran\u00e7ais, y compris des juifs, d\u00e9noncent le g\u00e9nocide des Palestiniens par l&rsquo;arm\u00e9e isra\u00e9lienne. <\/p>\n","protected":false},"author":8,"featured_media":10787929,"comment_status":"open","ping_status":"open","sticky":false,"template":"","format":"standard","meta":{"footnotes":""},"categories":[992,997,2433],"tags":[112650,111620,2444,111719,112651,2478,99218,112648,112649,4026,1364],"class_list":["post-10787855","post","type-post","status-publish","format-standard","has-post-thumbnail","hentry","category-a-la-une","category-politique","category-tunisie","tag-aurelie-trouve","tag-cessez-le-feu","tag-gaza","tag-genocide","tag-hala-abou-assira","tag-israel","tag-jean-luc-melenchon-2","tag-marine-tondelier","tag-mathilde-panot","tag-palestine","tag-paris"],"yoast_head":"<!-- This site is optimized with the Yoast SEO plugin v26.6 - https:\/\/yoast.com\/wordpress\/plugins\/seo\/ -->\n<title>Nouvelle manifestation de soutien aux Palestiniens \u00e0 Paris - Kapitalis<\/title>\n<meta name=\"robots\" content=\"index, follow, max-snippet:-1, max-image-preview:large, max-video-preview:-1\" \/>\n<link rel=\"canonical\" href=\"https:\/\/kapitalis.com\/tunisie\/2023\/12\/03\/nouvelle-manifestation-de-soutien-aux-palestiniens-a-paris\/\" \/>\n<meta property=\"og:locale\" content=\"fr_FR\" \/>\n<meta property=\"og:type\" content=\"article\" \/>\n<meta property=\"og:title\" content=\"Nouvelle manifestation de soutien aux Palestiniens \u00e0 Paris - Kapitalis\" \/>\n<meta property=\"og:description\" content=\"De plus en plus de Fran\u00e7ais, y compris des juifs, d\u00e9noncent le g\u00e9nocide des Palestiniens par l&#039;arm\u00e9e isra\u00e9lienne.\" \/>\n<meta property=\"og:url\" content=\"https:\/\/kapitalis.com\/tunisie\/2023\/12\/03\/nouvelle-manifestation-de-soutien-aux-palestiniens-a-paris\/\" \/>\n<meta property=\"og:site_name\" content=\"Kapitalis\" \/>\n<meta property=\"article:publisher\" content=\"https:\/\/www.facebook.com\/KapitalisInfo\/\" \/>\n<meta property=\"article:published_time\" content=\"2023-12-03T10:28:42+00:00\" \/>\n<meta property=\"article:modified_time\" content=\"2023-12-03T10:36:47+00:00\" \/>\n<meta property=\"og:image\" content=\"https:\/\/kapitalis.com\/tunisie\/wp-content\/uploads\/2023\/12\/Maniif-Pro-Palestine-Paris-2-decembre-2023-A.jpg\" \/>\n\t<meta property=\"og:image:width\" content=\"1200\" \/>\n\t<meta property=\"og:image:height\" content=\"630\" \/>\n\t<meta property=\"og:image:type\" content=\"image\/jpeg\" \/>\n<meta name=\"author\" content=\"webmaster kapitalis\" \/>\n<meta name=\"twitter:card\" content=\"summary_large_image\" \/>\n<meta name=\"twitter:creator\" content=\"@KapitalisInfo\" \/>\n<meta name=\"twitter:site\" content=\"@KapitalisInfo\" \/>\n<meta name=\"twitter:label1\" content=\"\u00c9crit par\" \/>\n\t<meta name=\"twitter:data1\" content=\"webmaster kapitalis\" \/>\n\t<meta name=\"twitter:label2\" content=\"Dur\u00e9e de lecture estim\u00e9e\" \/>\n\t<meta name=\"twitter:data2\" content=\"7 minutes\" \/>\n<script type=\"application\/ld+json\" class=\"yoast-schema-graph\">{\"@context\":\"https:\/\/schema.org\",\"@graph\":[{\"@type\":\"Article\",\"@id\":\"https:\/\/kapitalis.com\/tunisie\/2023\/12\/03\/nouvelle-manifestation-de-soutien-aux-palestiniens-a-paris\/#article\",\"isPartOf\":{\"@id\":\"https:\/\/kapitalis.com\/tunisie\/2023\/12\/03\/nouvelle-manifestation-de-soutien-aux-palestiniens-a-paris\/\"},\"author\":{\"name\":\"webmaster kapitalis\",\"@id\":\"https:\/\/kapitalis.com\/tunisie\/#\/schema\/person\/d71f33a9ca44f7bad4698210b480c8e9\"},\"headline\":\"Nouvelle manifestation de soutien aux Palestiniens \u00e0 Paris\",\"datePublished\":\"2023-12-03T10:28:42+00:00\",\"dateModified\":\"2023-12-03T10:36:47+00:00\",\"mainEntityOfPage\":{\"@id\":\"https:\/\/kapitalis.com\/tunisie\/2023\/12\/03\/nouvelle-manifestation-de-soutien-aux-palestiniens-a-paris\/\"},\"wordCount\":444,\"commentCount\":1,\"publisher\":{\"@id\":\"https:\/\/kapitalis.com\/tunisie\/#organization\"},\"image\":{\"@id\":\"https:\/\/kapitalis.com\/tunisie\/2023\/12\/03\/nouvelle-manifestation-de-soutien-aux-palestiniens-a-paris\/#primaryimage\"},\"thumbnailUrl\":\"https:\/\/kapitalis.com\/tunisie\/wp-content\/uploads\/2023\/12\/Maniif-Pro-Palestine-Paris-2-decembre-2023-A.jpg\",\"keywords\":[\"Aur\u00e9lie Trouv\u00e9\",\"cessez-le-feu\",\"Gaza\",\"g\u00e9nocide\",\"Hala Abou Assira\",\"Isra\u00ebl\",\"Jean-Luc M\u00e9lenchon\",\"Marine Tondelier\",\"Mathilde Panot\",\"Palestine\",\"Paris\"],\"articleSection\":[\"A LA UNE\",\"POLITIQUE\",\"Tunisie\"],\"inLanguage\":\"fr-FR\",\"potentialAction\":[{\"@type\":\"CommentAction\",\"name\":\"Comment\",\"target\":[\"https:\/\/kapitalis.com\/tunisie\/2023\/12\/03\/nouvelle-manifestation-de-soutien-aux-palestiniens-a-paris\/#respond\"]}]},{\"@type\":\"WebPage\",\"@id\":\"https:\/\/kapitalis.com\/tunisie\/2023\/12\/03\/nouvelle-manifestation-de-soutien-aux-palestiniens-a-paris\/\",\"url\":\"https:\/\/kapitalis.com\/tunisie\/2023\/12\/03\/nouvelle-manifestation-de-soutien-aux-palestiniens-a-paris\/\",\"name\":\"Nouvelle manifestation de soutien aux Palestiniens \u00e0 Paris - Kapitalis\",\"isPartOf\":{\"@id\":\"https:\/\/kapitalis.com\/tunisie\/#website\"},\"primaryImageOfPage\":{\"@id\":\"https:\/\/kapitalis.com\/tunisie\/2023\/12\/03\/nouvelle-manifestation-de-soutien-aux-palestiniens-a-paris\/#primaryimage\"},\"image\":{\"@id\":\"https:\/\/kapitalis.com\/tunisie\/2023\/12\/03\/nouvelle-manifestation-de-soutien-aux-palestiniens-a-paris\/#primaryimage\"},\"thumbnailUrl\":\"https:\/\/kapitalis.com\/tunisie\/wp-content\/uploads\/2023\/12\/Maniif-Pro-Palestine-Paris-2-decembre-2023-A.jpg\",\"datePublished\":\"2023-12-03T10:28:42+00:00\",\"dateModified\":\"2023-12-03T10:36:47+00:00\",\"breadcrumb\":{\"@id\":\"https:\/\/kapitalis.com\/tunisie\/2023\/12\/03\/nouvelle-manifestation-de-soutien-aux-palestiniens-a-paris\/#breadcrumb\"},\"inLanguage\":\"fr-FR\",\"potentialAction\":[{\"@type\":\"ReadAction\",\"target\":[\"https:\/\/kapitalis.com\/tunisie\/2023\/12\/03\/nouvelle-manifestation-de-soutien-aux-palestiniens-a-paris\/\"]}]},{\"@type\":\"ImageObject\",\"inLanguage\":\"fr-FR\",\"@id\":\"https:\/\/kapitalis.com\/tunisie\/2023\/12\/03\/nouvelle-manifestation-de-soutien-aux-palestiniens-a-paris\/#primaryimage\",\"url\":\"https:\/\/kapitalis.com\/tunisie\/wp-content\/uploads\/2023\/12\/Maniif-Pro-Palestine-Paris-2-decembre-2023-A.jpg\",\"contentUrl\":\"https:\/\/kapitalis.com\/tunisie\/wp-content\/uploads\/2023\/12\/Maniif-Pro-Palestine-Paris-2-decembre-2023-A.jpg\",\"width\":1200,\"height\":630},{\"@type\":\"BreadcrumbList\",\"@id\":\"https:\/\/kapitalis.com\/tunisie\/2023\/12\/03\/nouvelle-manifestation-de-soutien-aux-palestiniens-a-paris\/#breadcrumb\",\"itemListElement\":[{\"@type\":\"ListItem\",\"position\":1,\"name\":\"Accueil\",\"item\":\"https:\/\/kapitalis.com\/tunisie\/\"},{\"@type\":\"ListItem\",\"position\":2,\"name\":\"Nouvelle manifestation de soutien aux Palestiniens \u00e0 Paris\"}]},{\"@type\":\"WebSite\",\"@id\":\"https:\/\/kapitalis.com\/tunisie\/#website\",\"url\":\"https:\/\/kapitalis.com\/tunisie\/\",\"name\":\"Kapitalis\",\"description\":\"L&#039;actualit\u00e9 en Tunisie et dans le monde\",\"publisher\":{\"@id\":\"https:\/\/kapitalis.com\/tunisie\/#organization\"},\"potentialAction\":[{\"@type\":\"SearchAction\",\"target\":{\"@type\":\"EntryPoint\",\"urlTemplate\":\"https:\/\/kapitalis.com\/tunisie\/?s={search_term_string}\"},\"query-input\":{\"@type\":\"PropertyValueSpecification\",\"valueRequired\":true,\"valueName\":\"search_term_string\"}}],\"inLanguage\":\"fr-FR\"},{\"@type\":\"Organization\",\"@id\":\"https:\/\/kapitalis.com\/tunisie\/#organization\",\"name\":\"Kapitalis\",\"url\":\"https:\/\/kapitalis.com\/tunisie\/\",\"logo\":{\"@type\":\"ImageObject\",\"inLanguage\":\"fr-FR\",\"@id\":\"https:\/\/kapitalis.com\/tunisie\/#\/schema\/logo\/image\/\",\"url\":\"https:\/\/kapitalis.com\/tunisie\/wp-content\/uploads\/2022\/05\/Kapitalis-big-size.png\",\"contentUrl\":\"https:\/\/kapitalis.com\/tunisie\/wp-content\/uploads\/2022\/05\/Kapitalis-big-size.png\",\"width\":5000,\"height\":1500,\"caption\":\"Kapitalis\"},\"image\":{\"@id\":\"https:\/\/kapitalis.com\/tunisie\/#\/schema\/logo\/image\/\"},\"sameAs\":[\"https:\/\/www.facebook.com\/KapitalisInfo\/\",\"https:\/\/x.com\/KapitalisInfo\",\"https:\/\/www.youtube.com\/channel\/UC-yDYrHyfFBWWZaOw3FPg9Q\"]},{\"@type\":\"Person\",\"@id\":\"https:\/\/kapitalis.com\/tunisie\/#\/schema\/person\/d71f33a9ca44f7bad4698210b480c8e9\",\"name\":\"webmaster kapitalis\",\"url\":\"https:\/\/kapitalis.com\/tunisie\/author\/webmaster-kapitalis\/\"}]}<\/script>\n<!-- \/ Yoast SEO plugin. -->","yoast_head_json":{"title":"Nouvelle manifestation de soutien aux Palestiniens \u00e0 Paris - Kapitalis","robots":{"index":"index","follow":"follow","max-snippet":"max-snippet:-1","max-image-preview":"max-image-preview:large","max-video-preview":"max-video-preview:-1"},"canonical":"https:\/\/kapitalis.com\/tunisie\/2023\/12\/03\/nouvelle-manifestation-de-soutien-aux-palestiniens-a-paris\/","og_locale":"fr_FR","og_type":"article","og_title":"Nouvelle manifestation de soutien aux Palestiniens \u00e0 Paris - Kapitalis","og_description":"De plus en plus de Fran\u00e7ais, y compris des juifs, d\u00e9noncent le g\u00e9nocide des Palestiniens par l'arm\u00e9e isra\u00e9lienne.","og_url":"https:\/\/kapitalis.com\/tunisie\/2023\/12\/03\/nouvelle-manifestation-de-soutien-aux-palestiniens-a-paris\/","og_site_name":"Kapitalis","article_publisher":"https:\/\/www.facebook.com\/KapitalisInfo\/","article_published_time":"2023-12-03T10:28:42+00:00","article_modified_time":"2023-12-03T10:36:47+00:00","og_image":[{"width":1200,"height":630,"url":"https:\/\/kapitalis.com\/tunisie\/wp-content\/uploads\/2023\/12\/Maniif-Pro-Palestine-Paris-2-decembre-2023-A.jpg","type":"image\/jpeg"}],"author":"webmaster kapitalis","twitter_card":"summary_large_image","twitter_creator":"@KapitalisInfo","twitter_site":"@KapitalisInfo","twitter_misc":{"\u00c9crit par":"webmaster kapitalis","Dur\u00e9e de lecture estim\u00e9e":"7 minutes"},"schema":{"@context":"https:\/\/schema.org","@graph":[{"@type":"Article","@id":"https:\/\/kapitalis.com\/tunisie\/2023\/12\/03\/nouvelle-manifestation-de-soutien-aux-palestiniens-a-paris\/#article","isPartOf":{"@id":"https:\/\/kapitalis.com\/tunisie\/2023\/12\/03\/nouvelle-manifestation-de-soutien-aux-palestiniens-a-paris\/"},"author":{"name":"webmaster kapitalis","@id":"https:\/\/kapitalis.com\/tunisie\/#\/schema\/person\/d71f33a9ca44f7bad4698210b480c8e9"},"headline":"Nouvelle manifestation de soutien aux Palestiniens \u00e0 Paris","datePublished":"2023-12-03T10:28:42+00:00","dateModified":"2023-12-03T10:36:47+00:00","mainEntityOfPage":{"@id":"https:\/\/kapitalis.com\/tunisie\/2023\/12\/03\/nouvelle-manifestation-de-soutien-aux-palestiniens-a-paris\/"},"wordCount":444,"commentCount":1,"publisher":{"@id":"https:\/\/kapitalis.com\/tunisie\/#organization"},"image":{"@id":"https:\/\/kapitalis.com\/tunisie\/2023\/12\/03\/nouvelle-manifestation-de-soutien-aux-palestiniens-a-paris\/#primaryimage"},"thumbnailUrl":"https:\/\/kapitalis.com\/tunisie\/wp-content\/uploads\/2023\/12\/Maniif-Pro-Palestine-Paris-2-decembre-2023-A.jpg","keywords":["Aur\u00e9lie Trouv\u00e9","cessez-le-feu","Gaza","g\u00e9nocide","Hala Abou Assira","Isra\u00ebl","Jean-Luc M\u00e9lenchon","Marine Tondelier","Mathilde Panot","Palestine","Paris"],"articleSection":["A LA UNE","POLITIQUE","Tunisie"],"inLanguage":"fr-FR","potentialAction":[{"@type":"CommentAction","name":"Comment","target":["https:\/\/kapitalis.com\/tunisie\/2023\/12\/03\/nouvelle-manifestation-de-soutien-aux-palestiniens-a-paris\/#respond"]}]},{"@type":"WebPage","@id":"https:\/\/kapitalis.com\/tunisie\/2023\/12\/03\/nouvelle-manifestation-de-soutien-aux-palestiniens-a-paris\/","url":"https:\/\/kapitalis.com\/tunisie\/2023\/12\/03\/nouvelle-manifestation-de-soutien-aux-palestiniens-a-paris\/","name":"Nouvelle manifestation de soutien aux Palestiniens \u00e0 Paris - Kapitalis","isPartOf":{"@id":"https:\/\/kapitalis.com\/tunisie\/#website"},"primaryImageOfPage":{"@id":"https:\/\/kapitalis.com\/tunisie\/2023\/12\/03\/nouvelle-manifestation-de-soutien-aux-palestiniens-a-paris\/#primaryimage"},"image":{"@id":"https:\/\/kapitalis.com\/tunisie\/2023\/12\/03\/nouvelle-manifestation-de-soutien-aux-palestiniens-a-paris\/#primaryimage"},"thumbnailUrl":"https:\/\/kapitalis.com\/tunisie\/wp-content\/uploads\/2023\/12\/Maniif-Pro-Palestine-Paris-2-decembre-2023-A.jpg","datePublished":"2023-12-03T10:28:42+00:00","dateModified":"2023-12-03T10:36:47+00:00","breadcrumb":{"@id":"https:\/\/kapitalis.com\/tunisie\/2023\/12\/03\/nouvelle-manifestation-de-soutien-aux-palestiniens-a-paris\/#breadcrumb"},"inLanguage":"fr-FR","potentialAction":[{"@type":"ReadAction","target":["https:\/\/kapitalis.com\/tunisie\/2023\/12\/03\/nouvelle-manifestation-de-soutien-aux-palestiniens-a-paris\/"]}]},{"@type":"ImageObject","inLanguage":"fr-FR","@id":"https:\/\/kapitalis.com\/tunisie\/2023\/12\/03\/nouvelle-manifestation-de-soutien-aux-palestiniens-a-paris\/#primaryimage","url":"https:\/\/kapitalis.com\/tunisie\/wp-content\/uploads\/2023\/12\/Maniif-Pro-Palestine-Paris-2-decembre-2023-A.jpg","contentUrl":"https:\/\/kapitalis.com\/tunisie\/wp-content\/uploads\/2023\/12\/Maniif-Pro-Palestine-Paris-2-decembre-2023-A.jpg","width":1200,"height":630},{"@type":"BreadcrumbList","@id":"https:\/\/kapitalis.com\/tunisie\/2023\/12\/03\/nouvelle-manifestation-de-soutien-aux-palestiniens-a-paris\/#breadcrumb","itemListElement":[{"@type":"ListItem","position":1,"name":"Accueil","item":"https:\/\/kapitalis.com\/tunisie\/"},{"@type":"ListItem","position":2,"name":"Nouvelle manifestation de soutien aux Palestiniens \u00e0 Paris"}]},{"@type":"WebSite","@id":"https:\/\/kapitalis.com\/tunisie\/#website","url":"https:\/\/kapitalis.com\/tunisie\/","name":"Kapitalis","description":"L&#039;actualit\u00e9 en Tunisie et dans le monde","publisher":{"@id":"https:\/\/kapitalis.com\/tunisie\/#organization"},"potentialAction":[{"@type":"SearchAction","target":{"@type":"EntryPoint","urlTemplate":"https:\/\/kapitalis.com\/tunisie\/?s={search_term_string}"},"query-input":{"@type":"PropertyValueSpecification","valueRequired":true,"valueName":"search_term_string"}}],"inLanguage":"fr-FR"},{"@type":"Organization","@id":"https:\/\/kapitalis.com\/tunisie\/#organization","name":"Kapitalis","url":"https:\/\/kapitalis.com\/tunisie\/","logo":{"@type":"ImageObject","inLanguage":"fr-FR","@id":"https:\/\/kapitalis.com\/tunisie\/#\/schema\/logo\/image\/","url":"https:\/\/kapitalis.com\/tunisie\/wp-content\/uploads\/2022\/05\/Kapitalis-big-size.png","contentUrl":"https:\/\/kapitalis.com\/tunisie\/wp-content\/uploads\/2022\/05\/Kapitalis-big-size.png","width":5000,"height":1500,"caption":"Kapitalis"},"image":{"@id":"https:\/\/kapitalis.com\/tunisie\/#\/schema\/logo\/image\/"},"sameAs":["https:\/\/www.facebook.com\/KapitalisInfo\/","https:\/\/x.com\/KapitalisInfo","https:\/\/www.youtube.com\/channel\/UC-yDYrHyfFBWWZaOw3FPg9Q"]},{"@type":"Person","@id":"https:\/\/kapitalis.com\/tunisie\/#\/schema\/person\/d71f33a9ca44f7bad4698210b480c8e9","name":"webmaster kapitalis","url":"https:\/\/kapitalis.com\/tunisie\/author\/webmaster-kapitalis\/"}]}},"_links":{"self":[{"href":"https:\/\/kapitalis.com\/tunisie\/wp-json\/wp\/v2\/posts\/10787855","targetHints":{"allow":["GET"]}}],"collection":[{"href":"https:\/\/kapitalis.com\/tunisie\/wp-json\/wp\/v2\/posts"}],"about":[{"href":"https:\/\/kapitalis.com\/tunisie\/wp-json\/wp\/v2\/types\/post"}],"author":[{"embeddable":true,"href":"https:\/\/kapitalis.com\/tunisie\/wp-json\/wp\/v2\/users\/8"}],"replies":[{"embeddable":true,"href":"https:\/\/kapitalis.com\/tunisie\/wp-json\/wp\/v2\/comments?post=10787855"}],"version-history":[{"count":2,"href":"https:\/\/kapitalis.com\/tunisie\/wp-json\/wp\/v2\/posts\/10787855\/revisions"}],"predecessor-version":[{"id":10788117,"href":"https:\/\/kapitalis.com\/tunisie\/wp-json\/wp\/v2\/posts\/10787855\/revisions\/10788117"}],"wp:featuredmedia":[{"embeddable":true,"href":"https:\/\/kapitalis.com\/tunisie\/wp-json\/wp\/v2\/media\/10787929"}],"wp:attachment":[{"href":"https:\/\/kapitalis.com\/tunisie\/wp-json\/wp\/v2\/media?parent=10787855"}],"wp:term":[{"taxonomy":"category","embeddable":true,"href":"https:\/\/kapitalis.com\/tunisie\/wp-json\/wp\/v2\/categories?post=10787855"},{"taxonomy":"post_tag","embeddable":true,"href":"https:\/\/kapitalis.com\/tunisie\/wp-json\/wp\/v2\/tags?post=10787855"}],"curies":[{"name":"wp","href":"https:\/\/api.w.org\/{rel}","templated":true}]}}