{"id":107897,"date":"2017-07-27T13:20:45","date_gmt":"2017-07-27T12:20:45","guid":{"rendered":"http:\/\/kapitalis.com\/tunisie\/?p=107897"},"modified":"2017-07-27T13:20:45","modified_gmt":"2017-07-27T12:20:45","slug":"manque-de-moyen-pour-controler-la-radicalisation-dans-les-mosquees","status":"publish","type":"post","link":"https:\/\/kapitalis.com\/tunisie\/2017\/07\/27\/manque-de-moyen-pour-controler-la-radicalisation-dans-les-mosquees\/","title":{"rendered":"Manque de moyens pour contr\u00f4ler la radicalisation dans les mosqu\u00e9es"},"content":{"rendered":"<p style=\"text-align: center;\"><img loading=\"lazy\" decoding=\"async\" class=\"alignnone size-full wp-image-107902\" src=\"http:\/\/kapitalis.com\/tunisie\/wp-content\/uploads\/2017\/07\/Mosqu\u00e9e-tunisie-ahmed-adhoum.jpg\" alt=\"\" width=\"626\" height=\"380\" \/><\/p>\n<p><em><strong>L&rsquo;Etat ne peut pas contr\u00f4ler toutes les mosqu\u00e9es et s&rsquo;assurer qu&rsquo;elles ne sont pas des viviers de radicalisation.<\/strong><\/em><!--more--><\/p>\n<p>C\u2019est ce qu\u2019a annonc\u00e9, hier, mercredi 26 juillet 2017, le ministre des Affaires religieuses, Ahmed Adhoum, lors de son audition \u00e0 l\u2019Assembl\u00e9e des repr\u00e9sentants du peuple (ARP), en pr\u00e9cisant que son d\u00e9partement manque de ressources humaines et mat\u00e9rielles et ne peut contr\u00f4ler les quelque 5.000 moqu\u00e9es que compte la Tunisie, notamment celles situ\u00e9es dans des r\u00e9gions recul\u00e9es.<\/p>\n<p>Le ministre, en poste depuis le 20 mars dernier, a cependant indiqu\u00e9 que les citoyens qui fr\u00e9quentent ces mosqu\u00e9es sont coop\u00e9ratifs et qu\u2019\u00e0 la moindre alerte sur l&rsquo;existence d&rsquo;un discours radical, le minist\u00e8re prend les mesures n\u00e9cessaires, m\u00eame si les imams concern\u00e9s ont \u00e9t\u00e9 nomm\u00e9s par ses services.<\/p>\n<p>M. Adhoum a ajout\u00e9 que les jeunes tunisiens radicalis\u00e9s \u00e0 l\u2019\u00e9tranger ne peuvent pas \u00eatre tous surveill\u00e9s par son d\u00e9partement, qui a besoin de l\u2019aide d\u2019autres minist\u00e8res.<\/p>\n<p>\u00ab<em>Nous mettons tout en \u0153uvre pour faire face ce ph\u00e9nom\u00e8ne et s\u2019assurer que nos mosqu\u00e9es diffusent des discours de paix et de tol\u00e9rance<\/em>\u00bb, a assur\u00e9 le ministre, qui a fait part du manque de moyens dans son d\u00e9partement, sans pour autant proposer des solutions concr\u00e8tes pour faire face \u00e0 la mont\u00e9e de l\u2019extr\u00e9misme dans les mosqu\u00e9es du pays.<\/p>\n<p style=\"text-align: right;\"><strong>Y. N.<\/strong><\/p>\n","protected":false},"excerpt":{"rendered":"<p>L&rsquo;Etat ne peut pas contr\u00f4ler toutes les mosqu\u00e9es et s&rsquo;assurer qu&rsquo;elles ne sont pas des viviers de radicalisation.<\/p>\n","protected":false},"author":6,"featured_media":107902,"comment_status":"open","ping_status":"open","sticky":false,"template":"","format":"standard","meta":{"footnotes":""},"categories":[998,2433],"tags":[4353,5577,84,93,3896,6286,1753,619,1928],"class_list":["post-107897","post","type-post","status-publish","format-standard","has-post-thumbnail","hentry","category-societe","category-tunisie","tag-affaires-religieuses","tag-ahmed-adhoum","tag-arp","tag-assemblee","tag-extremisme","tag-imam-radical","tag-jihad","tag-ministre","tag-mosquees"],"yoast_head":"<!-- This site is optimized with the Yoast SEO plugin v26.6 - https:\/\/yoast.com\/wordpress\/plugins\/seo\/ -->\n<title>Manque de moyens pour contr\u00f4ler la radicalisation dans les mosqu\u00e9es - Kapitalis<\/title>\n<meta name=\"robots\" content=\"index, follow, max-snippet:-1, max-image-preview:large, max-video-preview:-1\" \/>\n<link rel=\"canonical\" href=\"https:\/\/kapitalis.com\/tunisie\/2017\/07\/27\/manque-de-moyen-pour-controler-la-radicalisation-dans-les-mosquees\/\" \/>\n<meta property=\"og:locale\" content=\"fr_FR\" \/>\n<meta property=\"og:type\" content=\"article\" \/>\n<meta property=\"og:title\" content=\"Manque de moyens pour contr\u00f4ler la radicalisation dans les mosqu\u00e9es - Kapitalis\" \/>\n<meta property=\"og:description\" content=\"L&rsquo;Etat ne peut pas contr\u00f4ler toutes les mosqu\u00e9es et s&rsquo;assurer qu&rsquo;elles ne sont pas des viviers de radicalisation.\" \/>\n<meta property=\"og:url\" content=\"https:\/\/kapitalis.com\/tunisie\/2017\/07\/27\/manque-de-moyen-pour-controler-la-radicalisation-dans-les-mosquees\/\" \/>\n<meta property=\"og:site_name\" content=\"Kapitalis\" \/>\n<meta property=\"article:publisher\" content=\"https:\/\/www.facebook.com\/KapitalisInfo\/\" \/>\n<meta property=\"article:published_time\" content=\"2017-07-27T12:20:45+00:00\" \/>\n<meta property=\"og:image\" content=\"https:\/\/kapitalis.com\/tunisie\/wp-content\/uploads\/2022\/05\/kapitalis-logo-fb.png\" \/>\n\t<meta property=\"og:image:width\" content=\"1200\" \/>\n\t<meta property=\"og:image:height\" content=\"630\" \/>\n\t<meta property=\"og:image:type\" content=\"image\/png\" \/>\n<meta name=\"author\" content=\"Yusra NY\" \/>\n<meta name=\"twitter:card\" content=\"summary_large_image\" \/>\n<meta name=\"twitter:creator\" content=\"@KapitalisInfo\" \/>\n<meta name=\"twitter:site\" content=\"@KapitalisInfo\" \/>\n<meta name=\"twitter:label1\" content=\"\u00c9crit par\" \/>\n\t<meta name=\"twitter:data1\" content=\"Yusra NY\" \/>\n\t<meta name=\"twitter:label2\" content=\"Dur\u00e9e de lecture estim\u00e9e\" \/>\n\t<meta name=\"twitter:data2\" content=\"1 minute\" \/>\n<script type=\"application\/ld+json\" class=\"yoast-schema-graph\">{\"@context\":\"https:\/\/schema.org\",\"@graph\":[{\"@type\":\"Article\",\"@id\":\"https:\/\/kapitalis.com\/tunisie\/2017\/07\/27\/manque-de-moyen-pour-controler-la-radicalisation-dans-les-mosquees\/#article\",\"isPartOf\":{\"@id\":\"https:\/\/kapitalis.com\/tunisie\/2017\/07\/27\/manque-de-moyen-pour-controler-la-radicalisation-dans-les-mosquees\/\"},\"author\":{\"name\":\"Yusra NY\",\"@id\":\"https:\/\/kapitalis.com\/tunisie\/#\/schema\/person\/74bbde0154d49d790a92aaeac5bc01d5\"},\"headline\":\"Manque de moyens pour contr\u00f4ler la radicalisation dans les mosqu\u00e9es\",\"datePublished\":\"2017-07-27T12:20:45+00:00\",\"mainEntityOfPage\":{\"@id\":\"https:\/\/kapitalis.com\/tunisie\/2017\/07\/27\/manque-de-moyen-pour-controler-la-radicalisation-dans-les-mosquees\/\"},\"wordCount\":256,\"commentCount\":3,\"publisher\":{\"@id\":\"https:\/\/kapitalis.com\/tunisie\/#organization\"},\"image\":{\"@id\":\"https:\/\/kapitalis.com\/tunisie\/2017\/07\/27\/manque-de-moyen-pour-controler-la-radicalisation-dans-les-mosquees\/#primaryimage\"},\"thumbnailUrl\":\"\",\"keywords\":[\"affaires religieuses\",\"Ahmed Adhoum\",\"ARP\",\"Assembl\u00e9e\",\"extr\u00e9misme\",\"Imam radical\",\"jihad\",\"ministre\",\"mosqu\u00e9es\"],\"articleSection\":[\"SOCIETE\",\"Tunisie\"],\"inLanguage\":\"fr-FR\",\"potentialAction\":[{\"@type\":\"CommentAction\",\"name\":\"Comment\",\"target\":[\"https:\/\/kapitalis.com\/tunisie\/2017\/07\/27\/manque-de-moyen-pour-controler-la-radicalisation-dans-les-mosquees\/#respond\"]}]},{\"@type\":\"WebPage\",\"@id\":\"https:\/\/kapitalis.com\/tunisie\/2017\/07\/27\/manque-de-moyen-pour-controler-la-radicalisation-dans-les-mosquees\/\",\"url\":\"https:\/\/kapitalis.com\/tunisie\/2017\/07\/27\/manque-de-moyen-pour-controler-la-radicalisation-dans-les-mosquees\/\",\"name\":\"Manque de moyens pour contr\u00f4ler la radicalisation dans les mosqu\u00e9es - Kapitalis\",\"isPartOf\":{\"@id\":\"https:\/\/kapitalis.com\/tunisie\/#website\"},\"primaryImageOfPage\":{\"@id\":\"https:\/\/kapitalis.com\/tunisie\/2017\/07\/27\/manque-de-moyen-pour-controler-la-radicalisation-dans-les-mosquees\/#primaryimage\"},\"image\":{\"@id\":\"https:\/\/kapitalis.com\/tunisie\/2017\/07\/27\/manque-de-moyen-pour-controler-la-radicalisation-dans-les-mosquees\/#primaryimage\"},\"thumbnailUrl\":\"\",\"datePublished\":\"2017-07-27T12:20:45+00:00\",\"breadcrumb\":{\"@id\":\"https:\/\/kapitalis.com\/tunisie\/2017\/07\/27\/manque-de-moyen-pour-controler-la-radicalisation-dans-les-mosquees\/#breadcrumb\"},\"inLanguage\":\"fr-FR\",\"potentialAction\":[{\"@type\":\"ReadAction\",\"target\":[\"https:\/\/kapitalis.com\/tunisie\/2017\/07\/27\/manque-de-moyen-pour-controler-la-radicalisation-dans-les-mosquees\/\"]}]},{\"@type\":\"ImageObject\",\"inLanguage\":\"fr-FR\",\"@id\":\"https:\/\/kapitalis.com\/tunisie\/2017\/07\/27\/manque-de-moyen-pour-controler-la-radicalisation-dans-les-mosquees\/#primaryimage\",\"url\":\"\",\"contentUrl\":\"\"},{\"@type\":\"BreadcrumbList\",\"@id\":\"https:\/\/kapitalis.com\/tunisie\/2017\/07\/27\/manque-de-moyen-pour-controler-la-radicalisation-dans-les-mosquees\/#breadcrumb\",\"itemListElement\":[{\"@type\":\"ListItem\",\"position\":1,\"name\":\"Accueil\",\"item\":\"https:\/\/kapitalis.com\/tunisie\/\"},{\"@type\":\"ListItem\",\"position\":2,\"name\":\"Manque de moyens pour contr\u00f4ler la radicalisation dans les mosqu\u00e9es\"}]},{\"@type\":\"WebSite\",\"@id\":\"https:\/\/kapitalis.com\/tunisie\/#website\",\"url\":\"https:\/\/kapitalis.com\/tunisie\/\",\"name\":\"Kapitalis\",\"description\":\"L&#039;actualit\u00e9 en Tunisie et dans le monde\",\"publisher\":{\"@id\":\"https:\/\/kapitalis.com\/tunisie\/#organization\"},\"potentialAction\":[{\"@type\":\"SearchAction\",\"target\":{\"@type\":\"EntryPoint\",\"urlTemplate\":\"https:\/\/kapitalis.com\/tunisie\/?s={search_term_string}\"},\"query-input\":{\"@type\":\"PropertyValueSpecification\",\"valueRequired\":true,\"valueName\":\"search_term_string\"}}],\"inLanguage\":\"fr-FR\"},{\"@type\":\"Organization\",\"@id\":\"https:\/\/kapitalis.com\/tunisie\/#organization\",\"name\":\"Kapitalis\",\"url\":\"https:\/\/kapitalis.com\/tunisie\/\",\"logo\":{\"@type\":\"ImageObject\",\"inLanguage\":\"fr-FR\",\"@id\":\"https:\/\/kapitalis.com\/tunisie\/#\/schema\/logo\/image\/\",\"url\":\"https:\/\/kapitalis.com\/tunisie\/wp-content\/uploads\/2022\/05\/Kapitalis-big-size.png\",\"contentUrl\":\"https:\/\/kapitalis.com\/tunisie\/wp-content\/uploads\/2022\/05\/Kapitalis-big-size.png\",\"width\":5000,\"height\":1500,\"caption\":\"Kapitalis\"},\"image\":{\"@id\":\"https:\/\/kapitalis.com\/tunisie\/#\/schema\/logo\/image\/\"},\"sameAs\":[\"https:\/\/www.facebook.com\/KapitalisInfo\/\",\"https:\/\/x.com\/KapitalisInfo\",\"https:\/\/www.youtube.com\/channel\/UC-yDYrHyfFBWWZaOw3FPg9Q\"]},{\"@type\":\"Person\",\"@id\":\"https:\/\/kapitalis.com\/tunisie\/#\/schema\/person\/74bbde0154d49d790a92aaeac5bc01d5\",\"name\":\"Yusra NY\",\"url\":\"https:\/\/kapitalis.com\/tunisie\/author\/yuza_adam\/\"}]}<\/script>\n<!-- \/ Yoast SEO plugin. -->","yoast_head_json":{"title":"Manque de moyens pour contr\u00f4ler la radicalisation dans les mosqu\u00e9es - Kapitalis","robots":{"index":"index","follow":"follow","max-snippet":"max-snippet:-1","max-image-preview":"max-image-preview:large","max-video-preview":"max-video-preview:-1"},"canonical":"https:\/\/kapitalis.com\/tunisie\/2017\/07\/27\/manque-de-moyen-pour-controler-la-radicalisation-dans-les-mosquees\/","og_locale":"fr_FR","og_type":"article","og_title":"Manque de moyens pour contr\u00f4ler la radicalisation dans les mosqu\u00e9es - Kapitalis","og_description":"L&rsquo;Etat ne peut pas contr\u00f4ler toutes les mosqu\u00e9es et s&rsquo;assurer qu&rsquo;elles ne sont pas des viviers de radicalisation.","og_url":"https:\/\/kapitalis.com\/tunisie\/2017\/07\/27\/manque-de-moyen-pour-controler-la-radicalisation-dans-les-mosquees\/","og_site_name":"Kapitalis","article_publisher":"https:\/\/www.facebook.com\/KapitalisInfo\/","article_published_time":"2017-07-27T12:20:45+00:00","og_image":[{"width":1200,"height":630,"url":"https:\/\/kapitalis.com\/tunisie\/wp-content\/uploads\/2022\/05\/kapitalis-logo-fb.png","type":"image\/png"}],"author":"Yusra NY","twitter_card":"summary_large_image","twitter_creator":"@KapitalisInfo","twitter_site":"@KapitalisInfo","twitter_misc":{"\u00c9crit par":"Yusra NY","Dur\u00e9e de lecture estim\u00e9e":"1 minute"},"schema":{"@context":"https:\/\/schema.org","@graph":[{"@type":"Article","@id":"https:\/\/kapitalis.com\/tunisie\/2017\/07\/27\/manque-de-moyen-pour-controler-la-radicalisation-dans-les-mosquees\/#article","isPartOf":{"@id":"https:\/\/kapitalis.com\/tunisie\/2017\/07\/27\/manque-de-moyen-pour-controler-la-radicalisation-dans-les-mosquees\/"},"author":{"name":"Yusra NY","@id":"https:\/\/kapitalis.com\/tunisie\/#\/schema\/person\/74bbde0154d49d790a92aaeac5bc01d5"},"headline":"Manque de moyens pour contr\u00f4ler la radicalisation dans les mosqu\u00e9es","datePublished":"2017-07-27T12:20:45+00:00","mainEntityOfPage":{"@id":"https:\/\/kapitalis.com\/tunisie\/2017\/07\/27\/manque-de-moyen-pour-controler-la-radicalisation-dans-les-mosquees\/"},"wordCount":256,"commentCount":3,"publisher":{"@id":"https:\/\/kapitalis.com\/tunisie\/#organization"},"image":{"@id":"https:\/\/kapitalis.com\/tunisie\/2017\/07\/27\/manque-de-moyen-pour-controler-la-radicalisation-dans-les-mosquees\/#primaryimage"},"thumbnailUrl":"","keywords":["affaires religieuses","Ahmed Adhoum","ARP","Assembl\u00e9e","extr\u00e9misme","Imam radical","jihad","ministre","mosqu\u00e9es"],"articleSection":["SOCIETE","Tunisie"],"inLanguage":"fr-FR","potentialAction":[{"@type":"CommentAction","name":"Comment","target":["https:\/\/kapitalis.com\/tunisie\/2017\/07\/27\/manque-de-moyen-pour-controler-la-radicalisation-dans-les-mosquees\/#respond"]}]},{"@type":"WebPage","@id":"https:\/\/kapitalis.com\/tunisie\/2017\/07\/27\/manque-de-moyen-pour-controler-la-radicalisation-dans-les-mosquees\/","url":"https:\/\/kapitalis.com\/tunisie\/2017\/07\/27\/manque-de-moyen-pour-controler-la-radicalisation-dans-les-mosquees\/","name":"Manque de moyens pour contr\u00f4ler la radicalisation dans les mosqu\u00e9es - Kapitalis","isPartOf":{"@id":"https:\/\/kapitalis.com\/tunisie\/#website"},"primaryImageOfPage":{"@id":"https:\/\/kapitalis.com\/tunisie\/2017\/07\/27\/manque-de-moyen-pour-controler-la-radicalisation-dans-les-mosquees\/#primaryimage"},"image":{"@id":"https:\/\/kapitalis.com\/tunisie\/2017\/07\/27\/manque-de-moyen-pour-controler-la-radicalisation-dans-les-mosquees\/#primaryimage"},"thumbnailUrl":"","datePublished":"2017-07-27T12:20:45+00:00","breadcrumb":{"@id":"https:\/\/kapitalis.com\/tunisie\/2017\/07\/27\/manque-de-moyen-pour-controler-la-radicalisation-dans-les-mosquees\/#breadcrumb"},"inLanguage":"fr-FR","potentialAction":[{"@type":"ReadAction","target":["https:\/\/kapitalis.com\/tunisie\/2017\/07\/27\/manque-de-moyen-pour-controler-la-radicalisation-dans-les-mosquees\/"]}]},{"@type":"ImageObject","inLanguage":"fr-FR","@id":"https:\/\/kapitalis.com\/tunisie\/2017\/07\/27\/manque-de-moyen-pour-controler-la-radicalisation-dans-les-mosquees\/#primaryimage","url":"","contentUrl":""},{"@type":"BreadcrumbList","@id":"https:\/\/kapitalis.com\/tunisie\/2017\/07\/27\/manque-de-moyen-pour-controler-la-radicalisation-dans-les-mosquees\/#breadcrumb","itemListElement":[{"@type":"ListItem","position":1,"name":"Accueil","item":"https:\/\/kapitalis.com\/tunisie\/"},{"@type":"ListItem","position":2,"name":"Manque de moyens pour contr\u00f4ler la radicalisation dans les mosqu\u00e9es"}]},{"@type":"WebSite","@id":"https:\/\/kapitalis.com\/tunisie\/#website","url":"https:\/\/kapitalis.com\/tunisie\/","name":"Kapitalis","description":"L&#039;actualit\u00e9 en Tunisie et dans le monde","publisher":{"@id":"https:\/\/kapitalis.com\/tunisie\/#organization"},"potentialAction":[{"@type":"SearchAction","target":{"@type":"EntryPoint","urlTemplate":"https:\/\/kapitalis.com\/tunisie\/?s={search_term_string}"},"query-input":{"@type":"PropertyValueSpecification","valueRequired":true,"valueName":"search_term_string"}}],"inLanguage":"fr-FR"},{"@type":"Organization","@id":"https:\/\/kapitalis.com\/tunisie\/#organization","name":"Kapitalis","url":"https:\/\/kapitalis.com\/tunisie\/","logo":{"@type":"ImageObject","inLanguage":"fr-FR","@id":"https:\/\/kapitalis.com\/tunisie\/#\/schema\/logo\/image\/","url":"https:\/\/kapitalis.com\/tunisie\/wp-content\/uploads\/2022\/05\/Kapitalis-big-size.png","contentUrl":"https:\/\/kapitalis.com\/tunisie\/wp-content\/uploads\/2022\/05\/Kapitalis-big-size.png","width":5000,"height":1500,"caption":"Kapitalis"},"image":{"@id":"https:\/\/kapitalis.com\/tunisie\/#\/schema\/logo\/image\/"},"sameAs":["https:\/\/www.facebook.com\/KapitalisInfo\/","https:\/\/x.com\/KapitalisInfo","https:\/\/www.youtube.com\/channel\/UC-yDYrHyfFBWWZaOw3FPg9Q"]},{"@type":"Person","@id":"https:\/\/kapitalis.com\/tunisie\/#\/schema\/person\/74bbde0154d49d790a92aaeac5bc01d5","name":"Yusra NY","url":"https:\/\/kapitalis.com\/tunisie\/author\/yuza_adam\/"}]}},"_links":{"self":[{"href":"https:\/\/kapitalis.com\/tunisie\/wp-json\/wp\/v2\/posts\/107897","targetHints":{"allow":["GET"]}}],"collection":[{"href":"https:\/\/kapitalis.com\/tunisie\/wp-json\/wp\/v2\/posts"}],"about":[{"href":"https:\/\/kapitalis.com\/tunisie\/wp-json\/wp\/v2\/types\/post"}],"author":[{"embeddable":true,"href":"https:\/\/kapitalis.com\/tunisie\/wp-json\/wp\/v2\/users\/6"}],"replies":[{"embeddable":true,"href":"https:\/\/kapitalis.com\/tunisie\/wp-json\/wp\/v2\/comments?post=107897"}],"version-history":[{"count":0,"href":"https:\/\/kapitalis.com\/tunisie\/wp-json\/wp\/v2\/posts\/107897\/revisions"}],"wp:featuredmedia":[{"embeddable":true,"href":"https:\/\/kapitalis.com\/tunisie\/wp-json\/wp\/v2\/media\/107902"}],"wp:attachment":[{"href":"https:\/\/kapitalis.com\/tunisie\/wp-json\/wp\/v2\/media?parent=107897"}],"wp:term":[{"taxonomy":"category","embeddable":true,"href":"https:\/\/kapitalis.com\/tunisie\/wp-json\/wp\/v2\/categories?post=107897"},{"taxonomy":"post_tag","embeddable":true,"href":"https:\/\/kapitalis.com\/tunisie\/wp-json\/wp\/v2\/tags?post=107897"}],"curies":[{"name":"wp","href":"https:\/\/api.w.org\/{rel}","templated":true}]}}