{"id":1079036,"date":"2022-05-30T11:58:18","date_gmt":"2022-05-30T10:58:18","guid":{"rendered":"https:\/\/kapitalis.com\/tunisie\/?p=1079036"},"modified":"2022-05-30T11:58:20","modified_gmt":"2022-05-30T10:58:20","slug":"tunisie-libye-reouverture-du-siege-de-tunisair-a-tripoli","status":"publish","type":"post","link":"https:\/\/kapitalis.com\/tunisie\/2022\/05\/30\/tunisie-libye-reouverture-du-siege-de-tunisair-a-tripoli\/","title":{"rendered":"Tunisie &#8211; Libye : R\u00e9ouverture du si\u00e8ge de Tunisair \u00e0 Tripoli"},"content":{"rendered":"\n<p><em><strong>Le si\u00e8ge de la compagnie a\u00e9rienne nationale de la Tunisie, Tunisair, a \u00e9t\u00e9 rouvert, ce lundi 30 mai 2022, \u00e0 Tripoli, en Libye.<\/strong><\/em><\/p>\n\n\n\n<!--more-->\n\n\n\n<p>Ainsi, Apr\u00e8s 7 ans de fermeture, en raison de la situation s\u00e9curitaire d\u00e9licate en Libye, le si\u00e8ge de Tunisair dans la capitale libyenne a rouvert ses portes, en pr\u00e9sence, notamment, de Lass\u00e2ad La\u00e2jili, ambassadeur de Tunisie en Libye.<\/p>\n\n\n<div class=\"wp-block-image\">\n<figure class=\"aligncenter size-full is-resized\"><img decoding=\"async\" src=\"https:\/\/kapitalis.com\/tunisie\/wp-content\/uploads\/2022\/05\/tunisair-tripoli.jpg\" alt=\"\" class=\"wp-image-1079471\" width=\"500\" srcset=\"https:\/\/kapitalis.com\/tunisie\/wp-content\/uploads\/2022\/05\/tunisair-tripoli.jpg 900w, https:\/\/kapitalis.com\/tunisie\/wp-content\/uploads\/2022\/05\/tunisair-tripoli-300x169.jpg 300w, https:\/\/kapitalis.com\/tunisie\/wp-content\/uploads\/2022\/05\/tunisair-tripoli-768x432.jpg 768w, https:\/\/kapitalis.com\/tunisie\/wp-content\/uploads\/2022\/05\/tunisair-tripoli-580x326.jpg 580w, https:\/\/kapitalis.com\/tunisie\/wp-content\/uploads\/2022\/05\/tunisair-tripoli-860x484.jpg 860w\" sizes=\"(max-width: 900px) 100vw, 900px\" \/><\/figure>\n<\/div>\n\n\n<p>Rappelons que Tunisair a \u00e9t\u00e9 l&rsquo;une des premi\u00e8res compagnies a\u00e9riennes \u00e0 avoir repris ses vols vers et en provenance de la Libye.<\/p>\n\n\n\n<p class=\"has-text-align-right\"><strong>C. B. Y.<\/strong><\/p>\n","protected":false},"excerpt":{"rendered":"<p>Le si\u00e8ge de la compagnie a\u00e9rienne nationale de la Tunisie, Tunisair, a \u00e9t\u00e9 rouvert, ce lundi 30 mai 2022, \u00e0 Tripoli, en Libye.<\/p>\n","protected":false},"author":24,"featured_media":1079511,"comment_status":"open","ping_status":"open","sticky":false,"template":"","format":"standard","meta":{"footnotes":""},"categories":[998,2433],"tags":[100177,544,1119,1501,62643],"class_list":["post-1079036","post","type-post","status-publish","format-standard","has-post-thumbnail","hentry","category-societe","category-tunisie","tag-lassaad-laajili","tag-libye","tag-tripoli","tag-tunisair","tag-tunisie"],"yoast_head":"<!-- This site is optimized with the Yoast SEO plugin v26.6 - https:\/\/yoast.com\/wordpress\/plugins\/seo\/ -->\n<title>Tunisie - Libye : R\u00e9ouverture du si\u00e8ge de Tunisair \u00e0 Tripoli - Kapitalis<\/title>\n<meta name=\"robots\" content=\"index, follow, max-snippet:-1, max-image-preview:large, max-video-preview:-1\" \/>\n<link rel=\"canonical\" href=\"https:\/\/kapitalis.com\/tunisie\/2022\/05\/30\/tunisie-libye-reouverture-du-siege-de-tunisair-a-tripoli\/\" \/>\n<meta property=\"og:locale\" content=\"fr_FR\" \/>\n<meta property=\"og:type\" content=\"article\" \/>\n<meta property=\"og:title\" content=\"Tunisie - Libye : R\u00e9ouverture du si\u00e8ge de Tunisair \u00e0 Tripoli - Kapitalis\" \/>\n<meta property=\"og:description\" content=\"Le si\u00e8ge de la compagnie a\u00e9rienne nationale de la Tunisie, Tunisair, a \u00e9t\u00e9 rouvert, ce lundi 30 mai 2022, \u00e0 Tripoli, en Libye.\" \/>\n<meta property=\"og:url\" content=\"https:\/\/kapitalis.com\/tunisie\/2022\/05\/30\/tunisie-libye-reouverture-du-siege-de-tunisair-a-tripoli\/\" \/>\n<meta property=\"og:site_name\" content=\"Kapitalis\" \/>\n<meta property=\"article:publisher\" content=\"https:\/\/www.facebook.com\/KapitalisInfo\/\" \/>\n<meta property=\"article:published_time\" content=\"2022-05-30T10:58:18+00:00\" \/>\n<meta property=\"article:modified_time\" content=\"2022-05-30T10:58:20+00:00\" \/>\n<meta property=\"og:image\" content=\"https:\/\/kapitalis.com\/tunisie\/wp-content\/uploads\/2022\/05\/tunisair-tripoli-2.jpg\" \/>\n\t<meta property=\"og:image:width\" content=\"1200\" \/>\n\t<meta property=\"og:image:height\" content=\"630\" \/>\n\t<meta property=\"og:image:type\" content=\"image\/jpeg\" \/>\n<meta name=\"author\" content=\"Cherif Benyounes\" \/>\n<meta name=\"twitter:card\" content=\"summary_large_image\" \/>\n<meta name=\"twitter:creator\" content=\"@KapitalisInfo\" \/>\n<meta name=\"twitter:site\" content=\"@KapitalisInfo\" \/>\n<meta name=\"twitter:label1\" content=\"\u00c9crit par\" \/>\n\t<meta name=\"twitter:data1\" content=\"Cherif Benyounes\" \/>\n\t<meta name=\"twitter:label2\" content=\"Dur\u00e9e de lecture estim\u00e9e\" \/>\n\t<meta name=\"twitter:data2\" content=\"1 minute\" \/>\n<script type=\"application\/ld+json\" class=\"yoast-schema-graph\">{\"@context\":\"https:\/\/schema.org\",\"@graph\":[{\"@type\":\"Article\",\"@id\":\"https:\/\/kapitalis.com\/tunisie\/2022\/05\/30\/tunisie-libye-reouverture-du-siege-de-tunisair-a-tripoli\/#article\",\"isPartOf\":{\"@id\":\"https:\/\/kapitalis.com\/tunisie\/2022\/05\/30\/tunisie-libye-reouverture-du-siege-de-tunisair-a-tripoli\/\"},\"author\":{\"name\":\"Cherif Benyounes\",\"@id\":\"https:\/\/kapitalis.com\/tunisie\/#\/schema\/person\/b35b8d631961131107263178aeb8019e\"},\"headline\":\"Tunisie &#8211; Libye : R\u00e9ouverture du si\u00e8ge de Tunisair \u00e0 Tripoli\",\"datePublished\":\"2022-05-30T10:58:18+00:00\",\"dateModified\":\"2022-05-30T10:58:20+00:00\",\"mainEntityOfPage\":{\"@id\":\"https:\/\/kapitalis.com\/tunisie\/2022\/05\/30\/tunisie-libye-reouverture-du-siege-de-tunisair-a-tripoli\/\"},\"wordCount\":103,\"commentCount\":0,\"publisher\":{\"@id\":\"https:\/\/kapitalis.com\/tunisie\/#organization\"},\"image\":{\"@id\":\"https:\/\/kapitalis.com\/tunisie\/2022\/05\/30\/tunisie-libye-reouverture-du-siege-de-tunisair-a-tripoli\/#primaryimage\"},\"thumbnailUrl\":\"https:\/\/kapitalis.com\/tunisie\/wp-content\/uploads\/2022\/05\/tunisair-tripoli-2.jpg\",\"keywords\":[\"Lass\u00e2ad La\u00e2jili\",\"Libye\",\"Tripoli\",\"Tunisair\",\"Tunisie\"],\"articleSection\":[\"SOCIETE\",\"Tunisie\"],\"inLanguage\":\"fr-FR\",\"potentialAction\":[{\"@type\":\"CommentAction\",\"name\":\"Comment\",\"target\":[\"https:\/\/kapitalis.com\/tunisie\/2022\/05\/30\/tunisie-libye-reouverture-du-siege-de-tunisair-a-tripoli\/#respond\"]}]},{\"@type\":\"WebPage\",\"@id\":\"https:\/\/kapitalis.com\/tunisie\/2022\/05\/30\/tunisie-libye-reouverture-du-siege-de-tunisair-a-tripoli\/\",\"url\":\"https:\/\/kapitalis.com\/tunisie\/2022\/05\/30\/tunisie-libye-reouverture-du-siege-de-tunisair-a-tripoli\/\",\"name\":\"Tunisie - Libye : R\u00e9ouverture du si\u00e8ge de Tunisair \u00e0 Tripoli - Kapitalis\",\"isPartOf\":{\"@id\":\"https:\/\/kapitalis.com\/tunisie\/#website\"},\"primaryImageOfPage\":{\"@id\":\"https:\/\/kapitalis.com\/tunisie\/2022\/05\/30\/tunisie-libye-reouverture-du-siege-de-tunisair-a-tripoli\/#primaryimage\"},\"image\":{\"@id\":\"https:\/\/kapitalis.com\/tunisie\/2022\/05\/30\/tunisie-libye-reouverture-du-siege-de-tunisair-a-tripoli\/#primaryimage\"},\"thumbnailUrl\":\"https:\/\/kapitalis.com\/tunisie\/wp-content\/uploads\/2022\/05\/tunisair-tripoli-2.jpg\",\"datePublished\":\"2022-05-30T10:58:18+00:00\",\"dateModified\":\"2022-05-30T10:58:20+00:00\",\"breadcrumb\":{\"@id\":\"https:\/\/kapitalis.com\/tunisie\/2022\/05\/30\/tunisie-libye-reouverture-du-siege-de-tunisair-a-tripoli\/#breadcrumb\"},\"inLanguage\":\"fr-FR\",\"potentialAction\":[{\"@type\":\"ReadAction\",\"target\":[\"https:\/\/kapitalis.com\/tunisie\/2022\/05\/30\/tunisie-libye-reouverture-du-siege-de-tunisair-a-tripoli\/\"]}]},{\"@type\":\"ImageObject\",\"inLanguage\":\"fr-FR\",\"@id\":\"https:\/\/kapitalis.com\/tunisie\/2022\/05\/30\/tunisie-libye-reouverture-du-siege-de-tunisair-a-tripoli\/#primaryimage\",\"url\":\"https:\/\/kapitalis.com\/tunisie\/wp-content\/uploads\/2022\/05\/tunisair-tripoli-2.jpg\",\"contentUrl\":\"https:\/\/kapitalis.com\/tunisie\/wp-content\/uploads\/2022\/05\/tunisair-tripoli-2.jpg\",\"width\":1200,\"height\":630},{\"@type\":\"BreadcrumbList\",\"@id\":\"https:\/\/kapitalis.com\/tunisie\/2022\/05\/30\/tunisie-libye-reouverture-du-siege-de-tunisair-a-tripoli\/#breadcrumb\",\"itemListElement\":[{\"@type\":\"ListItem\",\"position\":1,\"name\":\"Accueil\",\"item\":\"https:\/\/kapitalis.com\/tunisie\/\"},{\"@type\":\"ListItem\",\"position\":2,\"name\":\"Tunisie &#8211; Libye : R\u00e9ouverture du si\u00e8ge de Tunisair \u00e0 Tripoli\"}]},{\"@type\":\"WebSite\",\"@id\":\"https:\/\/kapitalis.com\/tunisie\/#website\",\"url\":\"https:\/\/kapitalis.com\/tunisie\/\",\"name\":\"Kapitalis\",\"description\":\"L&#039;actualit\u00e9 en Tunisie et dans le monde\",\"publisher\":{\"@id\":\"https:\/\/kapitalis.com\/tunisie\/#organization\"},\"potentialAction\":[{\"@type\":\"SearchAction\",\"target\":{\"@type\":\"EntryPoint\",\"urlTemplate\":\"https:\/\/kapitalis.com\/tunisie\/?s={search_term_string}\"},\"query-input\":{\"@type\":\"PropertyValueSpecification\",\"valueRequired\":true,\"valueName\":\"search_term_string\"}}],\"inLanguage\":\"fr-FR\"},{\"@type\":\"Organization\",\"@id\":\"https:\/\/kapitalis.com\/tunisie\/#organization\",\"name\":\"Kapitalis\",\"url\":\"https:\/\/kapitalis.com\/tunisie\/\",\"logo\":{\"@type\":\"ImageObject\",\"inLanguage\":\"fr-FR\",\"@id\":\"https:\/\/kapitalis.com\/tunisie\/#\/schema\/logo\/image\/\",\"url\":\"https:\/\/kapitalis.com\/tunisie\/wp-content\/uploads\/2022\/05\/Kapitalis-big-size.png\",\"contentUrl\":\"https:\/\/kapitalis.com\/tunisie\/wp-content\/uploads\/2022\/05\/Kapitalis-big-size.png\",\"width\":5000,\"height\":1500,\"caption\":\"Kapitalis\"},\"image\":{\"@id\":\"https:\/\/kapitalis.com\/tunisie\/#\/schema\/logo\/image\/\"},\"sameAs\":[\"https:\/\/www.facebook.com\/KapitalisInfo\/\",\"https:\/\/x.com\/KapitalisInfo\",\"https:\/\/www.youtube.com\/channel\/UC-yDYrHyfFBWWZaOw3FPg9Q\"]},{\"@type\":\"Person\",\"@id\":\"https:\/\/kapitalis.com\/tunisie\/#\/schema\/person\/b35b8d631961131107263178aeb8019e\",\"name\":\"Cherif Benyounes\",\"url\":\"https:\/\/kapitalis.com\/tunisie\/author\/cherif\/\"}]}<\/script>\n<!-- \/ Yoast SEO plugin. -->","yoast_head_json":{"title":"Tunisie - Libye : R\u00e9ouverture du si\u00e8ge de Tunisair \u00e0 Tripoli - Kapitalis","robots":{"index":"index","follow":"follow","max-snippet":"max-snippet:-1","max-image-preview":"max-image-preview:large","max-video-preview":"max-video-preview:-1"},"canonical":"https:\/\/kapitalis.com\/tunisie\/2022\/05\/30\/tunisie-libye-reouverture-du-siege-de-tunisair-a-tripoli\/","og_locale":"fr_FR","og_type":"article","og_title":"Tunisie - Libye : R\u00e9ouverture du si\u00e8ge de Tunisair \u00e0 Tripoli - Kapitalis","og_description":"Le si\u00e8ge de la compagnie a\u00e9rienne nationale de la Tunisie, Tunisair, a \u00e9t\u00e9 rouvert, ce lundi 30 mai 2022, \u00e0 Tripoli, en Libye.","og_url":"https:\/\/kapitalis.com\/tunisie\/2022\/05\/30\/tunisie-libye-reouverture-du-siege-de-tunisair-a-tripoli\/","og_site_name":"Kapitalis","article_publisher":"https:\/\/www.facebook.com\/KapitalisInfo\/","article_published_time":"2022-05-30T10:58:18+00:00","article_modified_time":"2022-05-30T10:58:20+00:00","og_image":[{"width":1200,"height":630,"url":"https:\/\/kapitalis.com\/tunisie\/wp-content\/uploads\/2022\/05\/tunisair-tripoli-2.jpg","type":"image\/jpeg"}],"author":"Cherif Benyounes","twitter_card":"summary_large_image","twitter_creator":"@KapitalisInfo","twitter_site":"@KapitalisInfo","twitter_misc":{"\u00c9crit par":"Cherif Benyounes","Dur\u00e9e de lecture estim\u00e9e":"1 minute"},"schema":{"@context":"https:\/\/schema.org","@graph":[{"@type":"Article","@id":"https:\/\/kapitalis.com\/tunisie\/2022\/05\/30\/tunisie-libye-reouverture-du-siege-de-tunisair-a-tripoli\/#article","isPartOf":{"@id":"https:\/\/kapitalis.com\/tunisie\/2022\/05\/30\/tunisie-libye-reouverture-du-siege-de-tunisair-a-tripoli\/"},"author":{"name":"Cherif Benyounes","@id":"https:\/\/kapitalis.com\/tunisie\/#\/schema\/person\/b35b8d631961131107263178aeb8019e"},"headline":"Tunisie &#8211; Libye : R\u00e9ouverture du si\u00e8ge de Tunisair \u00e0 Tripoli","datePublished":"2022-05-30T10:58:18+00:00","dateModified":"2022-05-30T10:58:20+00:00","mainEntityOfPage":{"@id":"https:\/\/kapitalis.com\/tunisie\/2022\/05\/30\/tunisie-libye-reouverture-du-siege-de-tunisair-a-tripoli\/"},"wordCount":103,"commentCount":0,"publisher":{"@id":"https:\/\/kapitalis.com\/tunisie\/#organization"},"image":{"@id":"https:\/\/kapitalis.com\/tunisie\/2022\/05\/30\/tunisie-libye-reouverture-du-siege-de-tunisair-a-tripoli\/#primaryimage"},"thumbnailUrl":"https:\/\/kapitalis.com\/tunisie\/wp-content\/uploads\/2022\/05\/tunisair-tripoli-2.jpg","keywords":["Lass\u00e2ad La\u00e2jili","Libye","Tripoli","Tunisair","Tunisie"],"articleSection":["SOCIETE","Tunisie"],"inLanguage":"fr-FR","potentialAction":[{"@type":"CommentAction","name":"Comment","target":["https:\/\/kapitalis.com\/tunisie\/2022\/05\/30\/tunisie-libye-reouverture-du-siege-de-tunisair-a-tripoli\/#respond"]}]},{"@type":"WebPage","@id":"https:\/\/kapitalis.com\/tunisie\/2022\/05\/30\/tunisie-libye-reouverture-du-siege-de-tunisair-a-tripoli\/","url":"https:\/\/kapitalis.com\/tunisie\/2022\/05\/30\/tunisie-libye-reouverture-du-siege-de-tunisair-a-tripoli\/","name":"Tunisie - Libye : R\u00e9ouverture du si\u00e8ge de Tunisair \u00e0 Tripoli - Kapitalis","isPartOf":{"@id":"https:\/\/kapitalis.com\/tunisie\/#website"},"primaryImageOfPage":{"@id":"https:\/\/kapitalis.com\/tunisie\/2022\/05\/30\/tunisie-libye-reouverture-du-siege-de-tunisair-a-tripoli\/#primaryimage"},"image":{"@id":"https:\/\/kapitalis.com\/tunisie\/2022\/05\/30\/tunisie-libye-reouverture-du-siege-de-tunisair-a-tripoli\/#primaryimage"},"thumbnailUrl":"https:\/\/kapitalis.com\/tunisie\/wp-content\/uploads\/2022\/05\/tunisair-tripoli-2.jpg","datePublished":"2022-05-30T10:58:18+00:00","dateModified":"2022-05-30T10:58:20+00:00","breadcrumb":{"@id":"https:\/\/kapitalis.com\/tunisie\/2022\/05\/30\/tunisie-libye-reouverture-du-siege-de-tunisair-a-tripoli\/#breadcrumb"},"inLanguage":"fr-FR","potentialAction":[{"@type":"ReadAction","target":["https:\/\/kapitalis.com\/tunisie\/2022\/05\/30\/tunisie-libye-reouverture-du-siege-de-tunisair-a-tripoli\/"]}]},{"@type":"ImageObject","inLanguage":"fr-FR","@id":"https:\/\/kapitalis.com\/tunisie\/2022\/05\/30\/tunisie-libye-reouverture-du-siege-de-tunisair-a-tripoli\/#primaryimage","url":"https:\/\/kapitalis.com\/tunisie\/wp-content\/uploads\/2022\/05\/tunisair-tripoli-2.jpg","contentUrl":"https:\/\/kapitalis.com\/tunisie\/wp-content\/uploads\/2022\/05\/tunisair-tripoli-2.jpg","width":1200,"height":630},{"@type":"BreadcrumbList","@id":"https:\/\/kapitalis.com\/tunisie\/2022\/05\/30\/tunisie-libye-reouverture-du-siege-de-tunisair-a-tripoli\/#breadcrumb","itemListElement":[{"@type":"ListItem","position":1,"name":"Accueil","item":"https:\/\/kapitalis.com\/tunisie\/"},{"@type":"ListItem","position":2,"name":"Tunisie &#8211; Libye : R\u00e9ouverture du si\u00e8ge de Tunisair \u00e0 Tripoli"}]},{"@type":"WebSite","@id":"https:\/\/kapitalis.com\/tunisie\/#website","url":"https:\/\/kapitalis.com\/tunisie\/","name":"Kapitalis","description":"L&#039;actualit\u00e9 en Tunisie et dans le monde","publisher":{"@id":"https:\/\/kapitalis.com\/tunisie\/#organization"},"potentialAction":[{"@type":"SearchAction","target":{"@type":"EntryPoint","urlTemplate":"https:\/\/kapitalis.com\/tunisie\/?s={search_term_string}"},"query-input":{"@type":"PropertyValueSpecification","valueRequired":true,"valueName":"search_term_string"}}],"inLanguage":"fr-FR"},{"@type":"Organization","@id":"https:\/\/kapitalis.com\/tunisie\/#organization","name":"Kapitalis","url":"https:\/\/kapitalis.com\/tunisie\/","logo":{"@type":"ImageObject","inLanguage":"fr-FR","@id":"https:\/\/kapitalis.com\/tunisie\/#\/schema\/logo\/image\/","url":"https:\/\/kapitalis.com\/tunisie\/wp-content\/uploads\/2022\/05\/Kapitalis-big-size.png","contentUrl":"https:\/\/kapitalis.com\/tunisie\/wp-content\/uploads\/2022\/05\/Kapitalis-big-size.png","width":5000,"height":1500,"caption":"Kapitalis"},"image":{"@id":"https:\/\/kapitalis.com\/tunisie\/#\/schema\/logo\/image\/"},"sameAs":["https:\/\/www.facebook.com\/KapitalisInfo\/","https:\/\/x.com\/KapitalisInfo","https:\/\/www.youtube.com\/channel\/UC-yDYrHyfFBWWZaOw3FPg9Q"]},{"@type":"Person","@id":"https:\/\/kapitalis.com\/tunisie\/#\/schema\/person\/b35b8d631961131107263178aeb8019e","name":"Cherif Benyounes","url":"https:\/\/kapitalis.com\/tunisie\/author\/cherif\/"}]}},"_links":{"self":[{"href":"https:\/\/kapitalis.com\/tunisie\/wp-json\/wp\/v2\/posts\/1079036","targetHints":{"allow":["GET"]}}],"collection":[{"href":"https:\/\/kapitalis.com\/tunisie\/wp-json\/wp\/v2\/posts"}],"about":[{"href":"https:\/\/kapitalis.com\/tunisie\/wp-json\/wp\/v2\/types\/post"}],"author":[{"embeddable":true,"href":"https:\/\/kapitalis.com\/tunisie\/wp-json\/wp\/v2\/users\/24"}],"replies":[{"embeddable":true,"href":"https:\/\/kapitalis.com\/tunisie\/wp-json\/wp\/v2\/comments?post=1079036"}],"version-history":[{"count":0,"href":"https:\/\/kapitalis.com\/tunisie\/wp-json\/wp\/v2\/posts\/1079036\/revisions"}],"wp:featuredmedia":[{"embeddable":true,"href":"https:\/\/kapitalis.com\/tunisie\/wp-json\/wp\/v2\/media\/1079511"}],"wp:attachment":[{"href":"https:\/\/kapitalis.com\/tunisie\/wp-json\/wp\/v2\/media?parent=1079036"}],"wp:term":[{"taxonomy":"category","embeddable":true,"href":"https:\/\/kapitalis.com\/tunisie\/wp-json\/wp\/v2\/categories?post=1079036"},{"taxonomy":"post_tag","embeddable":true,"href":"https:\/\/kapitalis.com\/tunisie\/wp-json\/wp\/v2\/tags?post=1079036"}],"curies":[{"name":"wp","href":"https:\/\/api.w.org\/{rel}","templated":true}]}}