{"id":107934,"date":"2017-07-27T14:14:01","date_gmt":"2017-07-27T13:14:01","guid":{"rendered":"http:\/\/kapitalis.com\/tunisie\/?p=107934"},"modified":"2017-07-27T14:17:41","modified_gmt":"2017-07-27T13:17:41","slug":"terrorisme-dissolution-de-2-associations-liees-au-terrorisme","status":"publish","type":"post","link":"https:\/\/kapitalis.com\/tunisie\/2017\/07\/27\/terrorisme-dissolution-de-2-associations-liees-au-terrorisme\/","title":{"rendered":"Terrorisme : Dissolution de 2 associations li\u00e9es au terrorisme"},"content":{"rendered":"<p style=\"text-align: center;\"><img loading=\"lazy\" decoding=\"async\" class=\"alignnone size-full wp-image-107947\" src=\"http:\/\/kapitalis.com\/tunisie\/wp-content\/uploads\/2017\/07\/Leila-Chettaoui-associations-terrorismes.jpg\" alt=\"\" width=\"626\" height=\"380\" \/><\/p>\n<p><em><strong>Deux associations ont r\u00e9cemment \u00e9t\u00e9 dissoutes sur d\u00e9cision de justice apr\u00e8s la confirmation de leurs liens avec des groupes terroristes.<\/strong><\/em><!--more--><\/p>\n<p>C\u2019est ce qu\u2019a indiqu\u00e9, hier, mercredi 26 juillet 2017, \u00e0 la Tap, Leila Chettaoui, d\u00e9put\u00e9e Al-Horra (Machrou Tounes), membre de la commission d\u2019enqu\u00eate sur l\u2019envoi des jihadistes tunisiens dans les zones de conflits.<\/p>\n<p>Mme Chettaoui a pr\u00e9cis\u00e9 que des repr\u00e9sentants du minist\u00e8re de l\u2019Int\u00e9rieur ont affirm\u00e9, lors de leur audition par ladite commission, qu\u2019une association \u00e0 Bizerte et une autre \u00e0 Ben Guerdane, sous couvert d\u2019activit\u00e9s caritatives, recrutaient les jeunes pour le jihad.<\/p>\n<p>Les membres de ces associations ont \u00e9t\u00e9 arr\u00eat\u00e9s et poursuivis pour leurs liens avec le terrorisme, a affirm\u00e9 Mme Chettaoui, en\u00a0rappelant que l\u2019Etat ne dispose pas de moyens suffisants pour contr\u00f4ler les 18.000 associations actives en Tunisie et que le chef du gouvernement, Youssef Chahed, est conscient de la n\u00e9cessit\u00e9 de renforcer les moyens humains et techniques pour assurer un meilleur contr\u00f4le de ces associations.<\/p>\n<p>En novembre 2016, Mehdi Ben Gharbia, ministre charg\u00e9 des Relations avec les instances constitutionnelles, la soci\u00e9t\u00e9 civile et les droits de l\u2019homme, avait affirm\u00e9 qu\u2019une liste noire de 157 associations avait \u00e9t\u00e9 \u00e9labor\u00e9e par le gouvernement et que celles-ci font l&rsquo;objet d&rsquo;enqu\u00eates judiciaires.<\/p>\n<p style=\"text-align: right;\"><strong>Y. N.<\/strong><\/p>\n","protected":false},"excerpt":{"rendered":"<p>Deux associations ont r\u00e9cemment \u00e9t\u00e9 dissoutes sur d\u00e9cision de justice apr\u00e8s la confirmation de leurs liens avec des groupes terroristes.<\/p>\n","protected":false},"author":6,"featured_media":107947,"comment_status":"open","ping_status":"open","sticky":false,"template":"","format":"standard","meta":{"footnotes":""},"categories":[998,2433],"tags":[1818,9359,1753,897,9644],"class_list":["post-107934","post","type-post","status-publish","format-standard","has-post-thumbnail","hentry","category-societe","category-tunisie","tag-ben-guerdane","tag-deputee","tag-jihad","tag-terrorisme","tag-zones-de-conflits"],"yoast_head":"<!-- This site is optimized with the Yoast SEO plugin v26.6 - https:\/\/yoast.com\/wordpress\/plugins\/seo\/ -->\n<title>Terrorisme : Dissolution de 2 associations li\u00e9es au terrorisme - Kapitalis<\/title>\n<meta name=\"robots\" content=\"index, follow, max-snippet:-1, max-image-preview:large, max-video-preview:-1\" \/>\n<link rel=\"canonical\" href=\"https:\/\/kapitalis.com\/tunisie\/2017\/07\/27\/terrorisme-dissolution-de-2-associations-liees-au-terrorisme\/\" \/>\n<meta property=\"og:locale\" content=\"fr_FR\" \/>\n<meta property=\"og:type\" content=\"article\" \/>\n<meta property=\"og:title\" content=\"Terrorisme : Dissolution de 2 associations li\u00e9es au terrorisme - Kapitalis\" \/>\n<meta property=\"og:description\" content=\"Deux associations ont r\u00e9cemment \u00e9t\u00e9 dissoutes sur d\u00e9cision de justice apr\u00e8s la confirmation de leurs liens avec des groupes terroristes.\" \/>\n<meta property=\"og:url\" content=\"https:\/\/kapitalis.com\/tunisie\/2017\/07\/27\/terrorisme-dissolution-de-2-associations-liees-au-terrorisme\/\" \/>\n<meta property=\"og:site_name\" content=\"Kapitalis\" \/>\n<meta property=\"article:publisher\" content=\"https:\/\/www.facebook.com\/KapitalisInfo\/\" \/>\n<meta property=\"article:published_time\" content=\"2017-07-27T13:14:01+00:00\" \/>\n<meta property=\"article:modified_time\" content=\"2017-07-27T13:17:41+00:00\" \/>\n<meta property=\"og:image\" content=\"https:\/\/kapitalis.com\/tunisie\/wp-content\/uploads\/2022\/05\/kapitalis-logo-fb.png\" \/>\n\t<meta property=\"og:image:width\" content=\"1200\" \/>\n\t<meta property=\"og:image:height\" content=\"630\" \/>\n\t<meta property=\"og:image:type\" content=\"image\/png\" \/>\n<meta name=\"author\" content=\"Yusra NY\" \/>\n<meta name=\"twitter:card\" content=\"summary_large_image\" \/>\n<meta name=\"twitter:creator\" content=\"@KapitalisInfo\" \/>\n<meta name=\"twitter:site\" content=\"@KapitalisInfo\" \/>\n<meta name=\"twitter:label1\" content=\"\u00c9crit par\" \/>\n\t<meta name=\"twitter:data1\" content=\"Yusra NY\" \/>\n\t<meta name=\"twitter:label2\" content=\"Dur\u00e9e de lecture estim\u00e9e\" \/>\n\t<meta name=\"twitter:data2\" content=\"1 minute\" \/>\n<script type=\"application\/ld+json\" class=\"yoast-schema-graph\">{\"@context\":\"https:\/\/schema.org\",\"@graph\":[{\"@type\":\"Article\",\"@id\":\"https:\/\/kapitalis.com\/tunisie\/2017\/07\/27\/terrorisme-dissolution-de-2-associations-liees-au-terrorisme\/#article\",\"isPartOf\":{\"@id\":\"https:\/\/kapitalis.com\/tunisie\/2017\/07\/27\/terrorisme-dissolution-de-2-associations-liees-au-terrorisme\/\"},\"author\":{\"name\":\"Yusra NY\",\"@id\":\"https:\/\/kapitalis.com\/tunisie\/#\/schema\/person\/74bbde0154d49d790a92aaeac5bc01d5\"},\"headline\":\"Terrorisme : Dissolution de 2 associations li\u00e9es au terrorisme\",\"datePublished\":\"2017-07-27T13:14:01+00:00\",\"dateModified\":\"2017-07-27T13:17:41+00:00\",\"mainEntityOfPage\":{\"@id\":\"https:\/\/kapitalis.com\/tunisie\/2017\/07\/27\/terrorisme-dissolution-de-2-associations-liees-au-terrorisme\/\"},\"wordCount\":233,\"commentCount\":0,\"publisher\":{\"@id\":\"https:\/\/kapitalis.com\/tunisie\/#organization\"},\"image\":{\"@id\":\"https:\/\/kapitalis.com\/tunisie\/2017\/07\/27\/terrorisme-dissolution-de-2-associations-liees-au-terrorisme\/#primaryimage\"},\"thumbnailUrl\":\"\",\"keywords\":[\"Ben Guerdane\",\"d\u00e9put\u00e9e\",\"jihad\",\"terrorisme\",\"zones de conflits\"],\"articleSection\":[\"SOCIETE\",\"Tunisie\"],\"inLanguage\":\"fr-FR\",\"potentialAction\":[{\"@type\":\"CommentAction\",\"name\":\"Comment\",\"target\":[\"https:\/\/kapitalis.com\/tunisie\/2017\/07\/27\/terrorisme-dissolution-de-2-associations-liees-au-terrorisme\/#respond\"]}]},{\"@type\":\"WebPage\",\"@id\":\"https:\/\/kapitalis.com\/tunisie\/2017\/07\/27\/terrorisme-dissolution-de-2-associations-liees-au-terrorisme\/\",\"url\":\"https:\/\/kapitalis.com\/tunisie\/2017\/07\/27\/terrorisme-dissolution-de-2-associations-liees-au-terrorisme\/\",\"name\":\"Terrorisme : Dissolution de 2 associations li\u00e9es au terrorisme - Kapitalis\",\"isPartOf\":{\"@id\":\"https:\/\/kapitalis.com\/tunisie\/#website\"},\"primaryImageOfPage\":{\"@id\":\"https:\/\/kapitalis.com\/tunisie\/2017\/07\/27\/terrorisme-dissolution-de-2-associations-liees-au-terrorisme\/#primaryimage\"},\"image\":{\"@id\":\"https:\/\/kapitalis.com\/tunisie\/2017\/07\/27\/terrorisme-dissolution-de-2-associations-liees-au-terrorisme\/#primaryimage\"},\"thumbnailUrl\":\"\",\"datePublished\":\"2017-07-27T13:14:01+00:00\",\"dateModified\":\"2017-07-27T13:17:41+00:00\",\"breadcrumb\":{\"@id\":\"https:\/\/kapitalis.com\/tunisie\/2017\/07\/27\/terrorisme-dissolution-de-2-associations-liees-au-terrorisme\/#breadcrumb\"},\"inLanguage\":\"fr-FR\",\"potentialAction\":[{\"@type\":\"ReadAction\",\"target\":[\"https:\/\/kapitalis.com\/tunisie\/2017\/07\/27\/terrorisme-dissolution-de-2-associations-liees-au-terrorisme\/\"]}]},{\"@type\":\"ImageObject\",\"inLanguage\":\"fr-FR\",\"@id\":\"https:\/\/kapitalis.com\/tunisie\/2017\/07\/27\/terrorisme-dissolution-de-2-associations-liees-au-terrorisme\/#primaryimage\",\"url\":\"\",\"contentUrl\":\"\"},{\"@type\":\"BreadcrumbList\",\"@id\":\"https:\/\/kapitalis.com\/tunisie\/2017\/07\/27\/terrorisme-dissolution-de-2-associations-liees-au-terrorisme\/#breadcrumb\",\"itemListElement\":[{\"@type\":\"ListItem\",\"position\":1,\"name\":\"Accueil\",\"item\":\"https:\/\/kapitalis.com\/tunisie\/\"},{\"@type\":\"ListItem\",\"position\":2,\"name\":\"Terrorisme : Dissolution de 2 associations li\u00e9es au terrorisme\"}]},{\"@type\":\"WebSite\",\"@id\":\"https:\/\/kapitalis.com\/tunisie\/#website\",\"url\":\"https:\/\/kapitalis.com\/tunisie\/\",\"name\":\"Kapitalis\",\"description\":\"L&#039;actualit\u00e9 en Tunisie et dans le monde\",\"publisher\":{\"@id\":\"https:\/\/kapitalis.com\/tunisie\/#organization\"},\"potentialAction\":[{\"@type\":\"SearchAction\",\"target\":{\"@type\":\"EntryPoint\",\"urlTemplate\":\"https:\/\/kapitalis.com\/tunisie\/?s={search_term_string}\"},\"query-input\":{\"@type\":\"PropertyValueSpecification\",\"valueRequired\":true,\"valueName\":\"search_term_string\"}}],\"inLanguage\":\"fr-FR\"},{\"@type\":\"Organization\",\"@id\":\"https:\/\/kapitalis.com\/tunisie\/#organization\",\"name\":\"Kapitalis\",\"url\":\"https:\/\/kapitalis.com\/tunisie\/\",\"logo\":{\"@type\":\"ImageObject\",\"inLanguage\":\"fr-FR\",\"@id\":\"https:\/\/kapitalis.com\/tunisie\/#\/schema\/logo\/image\/\",\"url\":\"https:\/\/kapitalis.com\/tunisie\/wp-content\/uploads\/2022\/05\/Kapitalis-big-size.png\",\"contentUrl\":\"https:\/\/kapitalis.com\/tunisie\/wp-content\/uploads\/2022\/05\/Kapitalis-big-size.png\",\"width\":5000,\"height\":1500,\"caption\":\"Kapitalis\"},\"image\":{\"@id\":\"https:\/\/kapitalis.com\/tunisie\/#\/schema\/logo\/image\/\"},\"sameAs\":[\"https:\/\/www.facebook.com\/KapitalisInfo\/\",\"https:\/\/x.com\/KapitalisInfo\",\"https:\/\/www.youtube.com\/channel\/UC-yDYrHyfFBWWZaOw3FPg9Q\"]},{\"@type\":\"Person\",\"@id\":\"https:\/\/kapitalis.com\/tunisie\/#\/schema\/person\/74bbde0154d49d790a92aaeac5bc01d5\",\"name\":\"Yusra NY\",\"url\":\"https:\/\/kapitalis.com\/tunisie\/author\/yuza_adam\/\"}]}<\/script>\n<!-- \/ Yoast SEO plugin. -->","yoast_head_json":{"title":"Terrorisme : Dissolution de 2 associations li\u00e9es au terrorisme - Kapitalis","robots":{"index":"index","follow":"follow","max-snippet":"max-snippet:-1","max-image-preview":"max-image-preview:large","max-video-preview":"max-video-preview:-1"},"canonical":"https:\/\/kapitalis.com\/tunisie\/2017\/07\/27\/terrorisme-dissolution-de-2-associations-liees-au-terrorisme\/","og_locale":"fr_FR","og_type":"article","og_title":"Terrorisme : Dissolution de 2 associations li\u00e9es au terrorisme - Kapitalis","og_description":"Deux associations ont r\u00e9cemment \u00e9t\u00e9 dissoutes sur d\u00e9cision de justice apr\u00e8s la confirmation de leurs liens avec des groupes terroristes.","og_url":"https:\/\/kapitalis.com\/tunisie\/2017\/07\/27\/terrorisme-dissolution-de-2-associations-liees-au-terrorisme\/","og_site_name":"Kapitalis","article_publisher":"https:\/\/www.facebook.com\/KapitalisInfo\/","article_published_time":"2017-07-27T13:14:01+00:00","article_modified_time":"2017-07-27T13:17:41+00:00","og_image":[{"width":1200,"height":630,"url":"https:\/\/kapitalis.com\/tunisie\/wp-content\/uploads\/2022\/05\/kapitalis-logo-fb.png","type":"image\/png"}],"author":"Yusra NY","twitter_card":"summary_large_image","twitter_creator":"@KapitalisInfo","twitter_site":"@KapitalisInfo","twitter_misc":{"\u00c9crit par":"Yusra NY","Dur\u00e9e de lecture estim\u00e9e":"1 minute"},"schema":{"@context":"https:\/\/schema.org","@graph":[{"@type":"Article","@id":"https:\/\/kapitalis.com\/tunisie\/2017\/07\/27\/terrorisme-dissolution-de-2-associations-liees-au-terrorisme\/#article","isPartOf":{"@id":"https:\/\/kapitalis.com\/tunisie\/2017\/07\/27\/terrorisme-dissolution-de-2-associations-liees-au-terrorisme\/"},"author":{"name":"Yusra NY","@id":"https:\/\/kapitalis.com\/tunisie\/#\/schema\/person\/74bbde0154d49d790a92aaeac5bc01d5"},"headline":"Terrorisme : Dissolution de 2 associations li\u00e9es au terrorisme","datePublished":"2017-07-27T13:14:01+00:00","dateModified":"2017-07-27T13:17:41+00:00","mainEntityOfPage":{"@id":"https:\/\/kapitalis.com\/tunisie\/2017\/07\/27\/terrorisme-dissolution-de-2-associations-liees-au-terrorisme\/"},"wordCount":233,"commentCount":0,"publisher":{"@id":"https:\/\/kapitalis.com\/tunisie\/#organization"},"image":{"@id":"https:\/\/kapitalis.com\/tunisie\/2017\/07\/27\/terrorisme-dissolution-de-2-associations-liees-au-terrorisme\/#primaryimage"},"thumbnailUrl":"","keywords":["Ben Guerdane","d\u00e9put\u00e9e","jihad","terrorisme","zones de conflits"],"articleSection":["SOCIETE","Tunisie"],"inLanguage":"fr-FR","potentialAction":[{"@type":"CommentAction","name":"Comment","target":["https:\/\/kapitalis.com\/tunisie\/2017\/07\/27\/terrorisme-dissolution-de-2-associations-liees-au-terrorisme\/#respond"]}]},{"@type":"WebPage","@id":"https:\/\/kapitalis.com\/tunisie\/2017\/07\/27\/terrorisme-dissolution-de-2-associations-liees-au-terrorisme\/","url":"https:\/\/kapitalis.com\/tunisie\/2017\/07\/27\/terrorisme-dissolution-de-2-associations-liees-au-terrorisme\/","name":"Terrorisme : Dissolution de 2 associations li\u00e9es au terrorisme - Kapitalis","isPartOf":{"@id":"https:\/\/kapitalis.com\/tunisie\/#website"},"primaryImageOfPage":{"@id":"https:\/\/kapitalis.com\/tunisie\/2017\/07\/27\/terrorisme-dissolution-de-2-associations-liees-au-terrorisme\/#primaryimage"},"image":{"@id":"https:\/\/kapitalis.com\/tunisie\/2017\/07\/27\/terrorisme-dissolution-de-2-associations-liees-au-terrorisme\/#primaryimage"},"thumbnailUrl":"","datePublished":"2017-07-27T13:14:01+00:00","dateModified":"2017-07-27T13:17:41+00:00","breadcrumb":{"@id":"https:\/\/kapitalis.com\/tunisie\/2017\/07\/27\/terrorisme-dissolution-de-2-associations-liees-au-terrorisme\/#breadcrumb"},"inLanguage":"fr-FR","potentialAction":[{"@type":"ReadAction","target":["https:\/\/kapitalis.com\/tunisie\/2017\/07\/27\/terrorisme-dissolution-de-2-associations-liees-au-terrorisme\/"]}]},{"@type":"ImageObject","inLanguage":"fr-FR","@id":"https:\/\/kapitalis.com\/tunisie\/2017\/07\/27\/terrorisme-dissolution-de-2-associations-liees-au-terrorisme\/#primaryimage","url":"","contentUrl":""},{"@type":"BreadcrumbList","@id":"https:\/\/kapitalis.com\/tunisie\/2017\/07\/27\/terrorisme-dissolution-de-2-associations-liees-au-terrorisme\/#breadcrumb","itemListElement":[{"@type":"ListItem","position":1,"name":"Accueil","item":"https:\/\/kapitalis.com\/tunisie\/"},{"@type":"ListItem","position":2,"name":"Terrorisme : Dissolution de 2 associations li\u00e9es au terrorisme"}]},{"@type":"WebSite","@id":"https:\/\/kapitalis.com\/tunisie\/#website","url":"https:\/\/kapitalis.com\/tunisie\/","name":"Kapitalis","description":"L&#039;actualit\u00e9 en Tunisie et dans le monde","publisher":{"@id":"https:\/\/kapitalis.com\/tunisie\/#organization"},"potentialAction":[{"@type":"SearchAction","target":{"@type":"EntryPoint","urlTemplate":"https:\/\/kapitalis.com\/tunisie\/?s={search_term_string}"},"query-input":{"@type":"PropertyValueSpecification","valueRequired":true,"valueName":"search_term_string"}}],"inLanguage":"fr-FR"},{"@type":"Organization","@id":"https:\/\/kapitalis.com\/tunisie\/#organization","name":"Kapitalis","url":"https:\/\/kapitalis.com\/tunisie\/","logo":{"@type":"ImageObject","inLanguage":"fr-FR","@id":"https:\/\/kapitalis.com\/tunisie\/#\/schema\/logo\/image\/","url":"https:\/\/kapitalis.com\/tunisie\/wp-content\/uploads\/2022\/05\/Kapitalis-big-size.png","contentUrl":"https:\/\/kapitalis.com\/tunisie\/wp-content\/uploads\/2022\/05\/Kapitalis-big-size.png","width":5000,"height":1500,"caption":"Kapitalis"},"image":{"@id":"https:\/\/kapitalis.com\/tunisie\/#\/schema\/logo\/image\/"},"sameAs":["https:\/\/www.facebook.com\/KapitalisInfo\/","https:\/\/x.com\/KapitalisInfo","https:\/\/www.youtube.com\/channel\/UC-yDYrHyfFBWWZaOw3FPg9Q"]},{"@type":"Person","@id":"https:\/\/kapitalis.com\/tunisie\/#\/schema\/person\/74bbde0154d49d790a92aaeac5bc01d5","name":"Yusra NY","url":"https:\/\/kapitalis.com\/tunisie\/author\/yuza_adam\/"}]}},"_links":{"self":[{"href":"https:\/\/kapitalis.com\/tunisie\/wp-json\/wp\/v2\/posts\/107934","targetHints":{"allow":["GET"]}}],"collection":[{"href":"https:\/\/kapitalis.com\/tunisie\/wp-json\/wp\/v2\/posts"}],"about":[{"href":"https:\/\/kapitalis.com\/tunisie\/wp-json\/wp\/v2\/types\/post"}],"author":[{"embeddable":true,"href":"https:\/\/kapitalis.com\/tunisie\/wp-json\/wp\/v2\/users\/6"}],"replies":[{"embeddable":true,"href":"https:\/\/kapitalis.com\/tunisie\/wp-json\/wp\/v2\/comments?post=107934"}],"version-history":[{"count":0,"href":"https:\/\/kapitalis.com\/tunisie\/wp-json\/wp\/v2\/posts\/107934\/revisions"}],"wp:featuredmedia":[{"embeddable":true,"href":"https:\/\/kapitalis.com\/tunisie\/wp-json\/wp\/v2\/media\/107947"}],"wp:attachment":[{"href":"https:\/\/kapitalis.com\/tunisie\/wp-json\/wp\/v2\/media?parent=107934"}],"wp:term":[{"taxonomy":"category","embeddable":true,"href":"https:\/\/kapitalis.com\/tunisie\/wp-json\/wp\/v2\/categories?post=107934"},{"taxonomy":"post_tag","embeddable":true,"href":"https:\/\/kapitalis.com\/tunisie\/wp-json\/wp\/v2\/tags?post=107934"}],"curies":[{"name":"wp","href":"https:\/\/api.w.org\/{rel}","templated":true}]}}