{"id":10811413,"date":"2023-12-04T23:14:09","date_gmt":"2023-12-04T22:14:09","guid":{"rendered":"https:\/\/kapitalis.com\/tunisie\/?p=10811413"},"modified":"2023-12-04T23:30:42","modified_gmt":"2023-12-04T22:30:42","slug":"tunisie-ridha-charfeddine-vise-par-deux-mandats-de-depot","status":"publish","type":"post","link":"https:\/\/kapitalis.com\/tunisie\/2023\/12\/04\/tunisie-ridha-charfeddine-vise-par-deux-mandats-de-depot\/","title":{"rendered":"Tunisie : Ridha Charfeddine vis\u00e9 par deux mandats de d\u00e9p\u00f4t"},"content":{"rendered":"\n<p><strong><em>L&rsquo;homme d\u2019affaires et ancien d\u00e9put\u00e9 Ridha Charfeddine a fait l&rsquo;objet de deux mandats de d\u00e9p\u00f4t \u00e9mis ce lundi 4 d\u00e9cembre 2023.<\/em><\/strong><\/p>\n\n\n\n<!--more-->\n\n\n\n<p>C&rsquo;est ce que rapporte Mosa\u00efque FM en pr\u00e9cisant que l&rsquo;homme d&rsquo;affaires a fait l&rsquo;objet d&rsquo;un premier mandat de d\u00e9p\u00f4t pour des crimes douaniers \u00e9mis par la Chambre p\u00e9nale sp\u00e9cialis\u00e9e dans les affaires de corruption financi\u00e8re pr\u00e8s le tribunal de premi\u00e8re instance de Tunis.<\/p>\n\n\n\n<p>Quant au deuxi\u00e8me mandat de d\u00e9p\u00f4t \u00e9mis contre Ridha Charfeddine par le P\u00f4le judiciaire \u00e9conomique et financier, il concerne une affaire li\u00e9e \u00e0 des soup\u00e7ons de blanchiment d&rsquo;argent, ajoute la m\u00eame source.<\/p>\n\n\n\n<p>Rappelons que Charfeddine avait \u00e9t\u00e9 arr\u00eat\u00e9 une premi\u00e8re fois le 10 novembre sur d\u00e9cision du P\u00f4le judiciaire antiterroriste dans le cadre de l\u2019affaire dite de complot contre la s\u00fbret\u00e9 de l\u2019\u00c9tat ouverte en f\u00e9vrier 2022, avant d\u2019\u00eatre remis en libert\u00e9 le 24 novembre.<\/p>\n\n\n\n<p>Le lendemain de sa remise en libert\u00e9, il a \u00e9t\u00e9 de nouveau \u00e9t\u00e9 arr\u00eat\u00e9 et plac\u00e9 en garde \u00e0 vue, qui avait \u00e9t\u00e9 prolong\u00e9e le 27 du m\u00eame mois, par le P\u00f4le judiciaire \u00e9conomique et financier.<\/p>\n\n\n\n<p class=\"has-text-align-right\"><strong>Y. N.<\/strong><\/p>\n","protected":false},"excerpt":{"rendered":"<p>L&rsquo;homme d\u2019affaires et ancien d\u00e9put\u00e9 Ridha Charfeddine a fait l&rsquo;objet de deux mandats de d\u00e9p\u00f4t \u00e9mis ce lundi 4 d\u00e9cembre 2023.<\/p>\n","protected":false},"author":6,"featured_media":2825812,"comment_status":"open","ping_status":"open","sticky":false,"template":"","format":"standard","meta":{"footnotes":""},"categories":[997,2433],"tags":[99875,63195,112682,1051,3566,7491,62643],"class_list":["post-10811413","post","type-post","status-publish","format-standard","has-post-thumbnail","hentry","category-politique","category-tunisie","tag-ancien-depute","tag-corruption-financiere","tag-crimes-douaniers","tag-homme-daffaires","tag-mandat-de-depot","tag-ridha-charfeddine","tag-tunisie"],"yoast_head":"<!-- This site is optimized with the Yoast SEO plugin v26.6 - https:\/\/yoast.com\/wordpress\/plugins\/seo\/ -->\n<title>Tunisie : Ridha Charfeddine vis\u00e9 par deux mandats de d\u00e9p\u00f4t - Kapitalis<\/title>\n<meta name=\"robots\" content=\"index, follow, max-snippet:-1, max-image-preview:large, max-video-preview:-1\" \/>\n<link rel=\"canonical\" href=\"https:\/\/kapitalis.com\/tunisie\/2023\/12\/04\/tunisie-ridha-charfeddine-vise-par-deux-mandats-de-depot\/\" \/>\n<meta property=\"og:locale\" content=\"fr_FR\" \/>\n<meta property=\"og:type\" content=\"article\" \/>\n<meta property=\"og:title\" content=\"Tunisie : Ridha Charfeddine vis\u00e9 par deux mandats de d\u00e9p\u00f4t - Kapitalis\" \/>\n<meta property=\"og:description\" content=\"L&rsquo;homme d\u2019affaires et ancien d\u00e9put\u00e9 Ridha Charfeddine a fait l&rsquo;objet de deux mandats de d\u00e9p\u00f4t \u00e9mis ce lundi 4 d\u00e9cembre 2023.\" \/>\n<meta property=\"og:url\" content=\"https:\/\/kapitalis.com\/tunisie\/2023\/12\/04\/tunisie-ridha-charfeddine-vise-par-deux-mandats-de-depot\/\" \/>\n<meta property=\"og:site_name\" content=\"Kapitalis\" \/>\n<meta property=\"article:publisher\" content=\"https:\/\/www.facebook.com\/KapitalisInfo\/\" \/>\n<meta property=\"article:published_time\" content=\"2023-12-04T22:14:09+00:00\" \/>\n<meta property=\"article:modified_time\" content=\"2023-12-04T22:30:42+00:00\" \/>\n<meta property=\"og:image\" content=\"https:\/\/kapitalis.com\/tunisie\/wp-content\/uploads\/2022\/08\/Ridha-Charfeddine.jpg\" \/>\n\t<meta property=\"og:image:width\" content=\"1200\" \/>\n\t<meta property=\"og:image:height\" content=\"630\" \/>\n\t<meta property=\"og:image:type\" content=\"image\/jpeg\" \/>\n<meta name=\"author\" content=\"Yusra NY\" \/>\n<meta name=\"twitter:card\" content=\"summary_large_image\" \/>\n<meta name=\"twitter:creator\" content=\"@KapitalisInfo\" \/>\n<meta name=\"twitter:site\" content=\"@KapitalisInfo\" \/>\n<meta name=\"twitter:label1\" content=\"\u00c9crit par\" \/>\n\t<meta name=\"twitter:data1\" content=\"Yusra NY\" \/>\n\t<meta name=\"twitter:label2\" content=\"Dur\u00e9e de lecture estim\u00e9e\" \/>\n\t<meta name=\"twitter:data2\" content=\"1 minute\" \/>\n<script type=\"application\/ld+json\" class=\"yoast-schema-graph\">{\"@context\":\"https:\/\/schema.org\",\"@graph\":[{\"@type\":\"Article\",\"@id\":\"https:\/\/kapitalis.com\/tunisie\/2023\/12\/04\/tunisie-ridha-charfeddine-vise-par-deux-mandats-de-depot\/#article\",\"isPartOf\":{\"@id\":\"https:\/\/kapitalis.com\/tunisie\/2023\/12\/04\/tunisie-ridha-charfeddine-vise-par-deux-mandats-de-depot\/\"},\"author\":{\"name\":\"Yusra NY\",\"@id\":\"https:\/\/kapitalis.com\/tunisie\/#\/schema\/person\/74bbde0154d49d790a92aaeac5bc01d5\"},\"headline\":\"Tunisie : Ridha Charfeddine vis\u00e9 par deux mandats de d\u00e9p\u00f4t\",\"datePublished\":\"2023-12-04T22:14:09+00:00\",\"dateModified\":\"2023-12-04T22:30:42+00:00\",\"mainEntityOfPage\":{\"@id\":\"https:\/\/kapitalis.com\/tunisie\/2023\/12\/04\/tunisie-ridha-charfeddine-vise-par-deux-mandats-de-depot\/\"},\"wordCount\":215,\"commentCount\":0,\"publisher\":{\"@id\":\"https:\/\/kapitalis.com\/tunisie\/#organization\"},\"image\":{\"@id\":\"https:\/\/kapitalis.com\/tunisie\/2023\/12\/04\/tunisie-ridha-charfeddine-vise-par-deux-mandats-de-depot\/#primaryimage\"},\"thumbnailUrl\":\"https:\/\/kapitalis.com\/tunisie\/wp-content\/uploads\/2022\/08\/Ridha-Charfeddine.jpg\",\"keywords\":[\"ancien d\u00e9put\u00e9\",\"corruption financi\u00e8re\",\"crimes douaniers\",\"homme d\u2019affaires\",\"mandat de d\u00e9p\u00f4t\",\"ridha Charfeddine\",\"Tunisie\"],\"articleSection\":[\"POLITIQUE\",\"Tunisie\"],\"inLanguage\":\"fr-FR\",\"potentialAction\":[{\"@type\":\"CommentAction\",\"name\":\"Comment\",\"target\":[\"https:\/\/kapitalis.com\/tunisie\/2023\/12\/04\/tunisie-ridha-charfeddine-vise-par-deux-mandats-de-depot\/#respond\"]}]},{\"@type\":\"WebPage\",\"@id\":\"https:\/\/kapitalis.com\/tunisie\/2023\/12\/04\/tunisie-ridha-charfeddine-vise-par-deux-mandats-de-depot\/\",\"url\":\"https:\/\/kapitalis.com\/tunisie\/2023\/12\/04\/tunisie-ridha-charfeddine-vise-par-deux-mandats-de-depot\/\",\"name\":\"Tunisie : Ridha Charfeddine vis\u00e9 par deux mandats de d\u00e9p\u00f4t - Kapitalis\",\"isPartOf\":{\"@id\":\"https:\/\/kapitalis.com\/tunisie\/#website\"},\"primaryImageOfPage\":{\"@id\":\"https:\/\/kapitalis.com\/tunisie\/2023\/12\/04\/tunisie-ridha-charfeddine-vise-par-deux-mandats-de-depot\/#primaryimage\"},\"image\":{\"@id\":\"https:\/\/kapitalis.com\/tunisie\/2023\/12\/04\/tunisie-ridha-charfeddine-vise-par-deux-mandats-de-depot\/#primaryimage\"},\"thumbnailUrl\":\"https:\/\/kapitalis.com\/tunisie\/wp-content\/uploads\/2022\/08\/Ridha-Charfeddine.jpg\",\"datePublished\":\"2023-12-04T22:14:09+00:00\",\"dateModified\":\"2023-12-04T22:30:42+00:00\",\"breadcrumb\":{\"@id\":\"https:\/\/kapitalis.com\/tunisie\/2023\/12\/04\/tunisie-ridha-charfeddine-vise-par-deux-mandats-de-depot\/#breadcrumb\"},\"inLanguage\":\"fr-FR\",\"potentialAction\":[{\"@type\":\"ReadAction\",\"target\":[\"https:\/\/kapitalis.com\/tunisie\/2023\/12\/04\/tunisie-ridha-charfeddine-vise-par-deux-mandats-de-depot\/\"]}]},{\"@type\":\"ImageObject\",\"inLanguage\":\"fr-FR\",\"@id\":\"https:\/\/kapitalis.com\/tunisie\/2023\/12\/04\/tunisie-ridha-charfeddine-vise-par-deux-mandats-de-depot\/#primaryimage\",\"url\":\"https:\/\/kapitalis.com\/tunisie\/wp-content\/uploads\/2022\/08\/Ridha-Charfeddine.jpg\",\"contentUrl\":\"https:\/\/kapitalis.com\/tunisie\/wp-content\/uploads\/2022\/08\/Ridha-Charfeddine.jpg\",\"width\":1200,\"height\":630},{\"@type\":\"BreadcrumbList\",\"@id\":\"https:\/\/kapitalis.com\/tunisie\/2023\/12\/04\/tunisie-ridha-charfeddine-vise-par-deux-mandats-de-depot\/#breadcrumb\",\"itemListElement\":[{\"@type\":\"ListItem\",\"position\":1,\"name\":\"Accueil\",\"item\":\"https:\/\/kapitalis.com\/tunisie\/\"},{\"@type\":\"ListItem\",\"position\":2,\"name\":\"Tunisie : Ridha Charfeddine vis\u00e9 par deux mandats de d\u00e9p\u00f4t\"}]},{\"@type\":\"WebSite\",\"@id\":\"https:\/\/kapitalis.com\/tunisie\/#website\",\"url\":\"https:\/\/kapitalis.com\/tunisie\/\",\"name\":\"Kapitalis\",\"description\":\"L&#039;actualit\u00e9 en Tunisie et dans le monde\",\"publisher\":{\"@id\":\"https:\/\/kapitalis.com\/tunisie\/#organization\"},\"potentialAction\":[{\"@type\":\"SearchAction\",\"target\":{\"@type\":\"EntryPoint\",\"urlTemplate\":\"https:\/\/kapitalis.com\/tunisie\/?s={search_term_string}\"},\"query-input\":{\"@type\":\"PropertyValueSpecification\",\"valueRequired\":true,\"valueName\":\"search_term_string\"}}],\"inLanguage\":\"fr-FR\"},{\"@type\":\"Organization\",\"@id\":\"https:\/\/kapitalis.com\/tunisie\/#organization\",\"name\":\"Kapitalis\",\"url\":\"https:\/\/kapitalis.com\/tunisie\/\",\"logo\":{\"@type\":\"ImageObject\",\"inLanguage\":\"fr-FR\",\"@id\":\"https:\/\/kapitalis.com\/tunisie\/#\/schema\/logo\/image\/\",\"url\":\"https:\/\/kapitalis.com\/tunisie\/wp-content\/uploads\/2022\/05\/Kapitalis-big-size.png\",\"contentUrl\":\"https:\/\/kapitalis.com\/tunisie\/wp-content\/uploads\/2022\/05\/Kapitalis-big-size.png\",\"width\":5000,\"height\":1500,\"caption\":\"Kapitalis\"},\"image\":{\"@id\":\"https:\/\/kapitalis.com\/tunisie\/#\/schema\/logo\/image\/\"},\"sameAs\":[\"https:\/\/www.facebook.com\/KapitalisInfo\/\",\"https:\/\/x.com\/KapitalisInfo\",\"https:\/\/www.youtube.com\/channel\/UC-yDYrHyfFBWWZaOw3FPg9Q\"]},{\"@type\":\"Person\",\"@id\":\"https:\/\/kapitalis.com\/tunisie\/#\/schema\/person\/74bbde0154d49d790a92aaeac5bc01d5\",\"name\":\"Yusra NY\",\"url\":\"https:\/\/kapitalis.com\/tunisie\/author\/yuza_adam\/\"}]}<\/script>\n<!-- \/ Yoast SEO plugin. -->","yoast_head_json":{"title":"Tunisie : Ridha Charfeddine vis\u00e9 par deux mandats de d\u00e9p\u00f4t - Kapitalis","robots":{"index":"index","follow":"follow","max-snippet":"max-snippet:-1","max-image-preview":"max-image-preview:large","max-video-preview":"max-video-preview:-1"},"canonical":"https:\/\/kapitalis.com\/tunisie\/2023\/12\/04\/tunisie-ridha-charfeddine-vise-par-deux-mandats-de-depot\/","og_locale":"fr_FR","og_type":"article","og_title":"Tunisie : Ridha Charfeddine vis\u00e9 par deux mandats de d\u00e9p\u00f4t - Kapitalis","og_description":"L&rsquo;homme d\u2019affaires et ancien d\u00e9put\u00e9 Ridha Charfeddine a fait l&rsquo;objet de deux mandats de d\u00e9p\u00f4t \u00e9mis ce lundi 4 d\u00e9cembre 2023.","og_url":"https:\/\/kapitalis.com\/tunisie\/2023\/12\/04\/tunisie-ridha-charfeddine-vise-par-deux-mandats-de-depot\/","og_site_name":"Kapitalis","article_publisher":"https:\/\/www.facebook.com\/KapitalisInfo\/","article_published_time":"2023-12-04T22:14:09+00:00","article_modified_time":"2023-12-04T22:30:42+00:00","og_image":[{"width":1200,"height":630,"url":"https:\/\/kapitalis.com\/tunisie\/wp-content\/uploads\/2022\/08\/Ridha-Charfeddine.jpg","type":"image\/jpeg"}],"author":"Yusra NY","twitter_card":"summary_large_image","twitter_creator":"@KapitalisInfo","twitter_site":"@KapitalisInfo","twitter_misc":{"\u00c9crit par":"Yusra NY","Dur\u00e9e de lecture estim\u00e9e":"1 minute"},"schema":{"@context":"https:\/\/schema.org","@graph":[{"@type":"Article","@id":"https:\/\/kapitalis.com\/tunisie\/2023\/12\/04\/tunisie-ridha-charfeddine-vise-par-deux-mandats-de-depot\/#article","isPartOf":{"@id":"https:\/\/kapitalis.com\/tunisie\/2023\/12\/04\/tunisie-ridha-charfeddine-vise-par-deux-mandats-de-depot\/"},"author":{"name":"Yusra NY","@id":"https:\/\/kapitalis.com\/tunisie\/#\/schema\/person\/74bbde0154d49d790a92aaeac5bc01d5"},"headline":"Tunisie : Ridha Charfeddine vis\u00e9 par deux mandats de d\u00e9p\u00f4t","datePublished":"2023-12-04T22:14:09+00:00","dateModified":"2023-12-04T22:30:42+00:00","mainEntityOfPage":{"@id":"https:\/\/kapitalis.com\/tunisie\/2023\/12\/04\/tunisie-ridha-charfeddine-vise-par-deux-mandats-de-depot\/"},"wordCount":215,"commentCount":0,"publisher":{"@id":"https:\/\/kapitalis.com\/tunisie\/#organization"},"image":{"@id":"https:\/\/kapitalis.com\/tunisie\/2023\/12\/04\/tunisie-ridha-charfeddine-vise-par-deux-mandats-de-depot\/#primaryimage"},"thumbnailUrl":"https:\/\/kapitalis.com\/tunisie\/wp-content\/uploads\/2022\/08\/Ridha-Charfeddine.jpg","keywords":["ancien d\u00e9put\u00e9","corruption financi\u00e8re","crimes douaniers","homme d\u2019affaires","mandat de d\u00e9p\u00f4t","ridha Charfeddine","Tunisie"],"articleSection":["POLITIQUE","Tunisie"],"inLanguage":"fr-FR","potentialAction":[{"@type":"CommentAction","name":"Comment","target":["https:\/\/kapitalis.com\/tunisie\/2023\/12\/04\/tunisie-ridha-charfeddine-vise-par-deux-mandats-de-depot\/#respond"]}]},{"@type":"WebPage","@id":"https:\/\/kapitalis.com\/tunisie\/2023\/12\/04\/tunisie-ridha-charfeddine-vise-par-deux-mandats-de-depot\/","url":"https:\/\/kapitalis.com\/tunisie\/2023\/12\/04\/tunisie-ridha-charfeddine-vise-par-deux-mandats-de-depot\/","name":"Tunisie : Ridha Charfeddine vis\u00e9 par deux mandats de d\u00e9p\u00f4t - Kapitalis","isPartOf":{"@id":"https:\/\/kapitalis.com\/tunisie\/#website"},"primaryImageOfPage":{"@id":"https:\/\/kapitalis.com\/tunisie\/2023\/12\/04\/tunisie-ridha-charfeddine-vise-par-deux-mandats-de-depot\/#primaryimage"},"image":{"@id":"https:\/\/kapitalis.com\/tunisie\/2023\/12\/04\/tunisie-ridha-charfeddine-vise-par-deux-mandats-de-depot\/#primaryimage"},"thumbnailUrl":"https:\/\/kapitalis.com\/tunisie\/wp-content\/uploads\/2022\/08\/Ridha-Charfeddine.jpg","datePublished":"2023-12-04T22:14:09+00:00","dateModified":"2023-12-04T22:30:42+00:00","breadcrumb":{"@id":"https:\/\/kapitalis.com\/tunisie\/2023\/12\/04\/tunisie-ridha-charfeddine-vise-par-deux-mandats-de-depot\/#breadcrumb"},"inLanguage":"fr-FR","potentialAction":[{"@type":"ReadAction","target":["https:\/\/kapitalis.com\/tunisie\/2023\/12\/04\/tunisie-ridha-charfeddine-vise-par-deux-mandats-de-depot\/"]}]},{"@type":"ImageObject","inLanguage":"fr-FR","@id":"https:\/\/kapitalis.com\/tunisie\/2023\/12\/04\/tunisie-ridha-charfeddine-vise-par-deux-mandats-de-depot\/#primaryimage","url":"https:\/\/kapitalis.com\/tunisie\/wp-content\/uploads\/2022\/08\/Ridha-Charfeddine.jpg","contentUrl":"https:\/\/kapitalis.com\/tunisie\/wp-content\/uploads\/2022\/08\/Ridha-Charfeddine.jpg","width":1200,"height":630},{"@type":"BreadcrumbList","@id":"https:\/\/kapitalis.com\/tunisie\/2023\/12\/04\/tunisie-ridha-charfeddine-vise-par-deux-mandats-de-depot\/#breadcrumb","itemListElement":[{"@type":"ListItem","position":1,"name":"Accueil","item":"https:\/\/kapitalis.com\/tunisie\/"},{"@type":"ListItem","position":2,"name":"Tunisie : Ridha Charfeddine vis\u00e9 par deux mandats de d\u00e9p\u00f4t"}]},{"@type":"WebSite","@id":"https:\/\/kapitalis.com\/tunisie\/#website","url":"https:\/\/kapitalis.com\/tunisie\/","name":"Kapitalis","description":"L&#039;actualit\u00e9 en Tunisie et dans le monde","publisher":{"@id":"https:\/\/kapitalis.com\/tunisie\/#organization"},"potentialAction":[{"@type":"SearchAction","target":{"@type":"EntryPoint","urlTemplate":"https:\/\/kapitalis.com\/tunisie\/?s={search_term_string}"},"query-input":{"@type":"PropertyValueSpecification","valueRequired":true,"valueName":"search_term_string"}}],"inLanguage":"fr-FR"},{"@type":"Organization","@id":"https:\/\/kapitalis.com\/tunisie\/#organization","name":"Kapitalis","url":"https:\/\/kapitalis.com\/tunisie\/","logo":{"@type":"ImageObject","inLanguage":"fr-FR","@id":"https:\/\/kapitalis.com\/tunisie\/#\/schema\/logo\/image\/","url":"https:\/\/kapitalis.com\/tunisie\/wp-content\/uploads\/2022\/05\/Kapitalis-big-size.png","contentUrl":"https:\/\/kapitalis.com\/tunisie\/wp-content\/uploads\/2022\/05\/Kapitalis-big-size.png","width":5000,"height":1500,"caption":"Kapitalis"},"image":{"@id":"https:\/\/kapitalis.com\/tunisie\/#\/schema\/logo\/image\/"},"sameAs":["https:\/\/www.facebook.com\/KapitalisInfo\/","https:\/\/x.com\/KapitalisInfo","https:\/\/www.youtube.com\/channel\/UC-yDYrHyfFBWWZaOw3FPg9Q"]},{"@type":"Person","@id":"https:\/\/kapitalis.com\/tunisie\/#\/schema\/person\/74bbde0154d49d790a92aaeac5bc01d5","name":"Yusra NY","url":"https:\/\/kapitalis.com\/tunisie\/author\/yuza_adam\/"}]}},"_links":{"self":[{"href":"https:\/\/kapitalis.com\/tunisie\/wp-json\/wp\/v2\/posts\/10811413","targetHints":{"allow":["GET"]}}],"collection":[{"href":"https:\/\/kapitalis.com\/tunisie\/wp-json\/wp\/v2\/posts"}],"about":[{"href":"https:\/\/kapitalis.com\/tunisie\/wp-json\/wp\/v2\/types\/post"}],"author":[{"embeddable":true,"href":"https:\/\/kapitalis.com\/tunisie\/wp-json\/wp\/v2\/users\/6"}],"replies":[{"embeddable":true,"href":"https:\/\/kapitalis.com\/tunisie\/wp-json\/wp\/v2\/comments?post=10811413"}],"version-history":[{"count":2,"href":"https:\/\/kapitalis.com\/tunisie\/wp-json\/wp\/v2\/posts\/10811413\/revisions"}],"predecessor-version":[{"id":10811430,"href":"https:\/\/kapitalis.com\/tunisie\/wp-json\/wp\/v2\/posts\/10811413\/revisions\/10811430"}],"wp:featuredmedia":[{"embeddable":true,"href":"https:\/\/kapitalis.com\/tunisie\/wp-json\/wp\/v2\/media\/2825812"}],"wp:attachment":[{"href":"https:\/\/kapitalis.com\/tunisie\/wp-json\/wp\/v2\/media?parent=10811413"}],"wp:term":[{"taxonomy":"category","embeddable":true,"href":"https:\/\/kapitalis.com\/tunisie\/wp-json\/wp\/v2\/categories?post=10811413"},{"taxonomy":"post_tag","embeddable":true,"href":"https:\/\/kapitalis.com\/tunisie\/wp-json\/wp\/v2\/tags?post=10811413"}],"curies":[{"name":"wp","href":"https:\/\/api.w.org\/{rel}","templated":true}]}}