{"id":10819021,"date":"2023-12-05T18:30:11","date_gmt":"2023-12-05T17:30:11","guid":{"rendered":"https:\/\/kapitalis.com\/tunisie\/?p=10819021"},"modified":"2023-12-05T18:32:03","modified_gmt":"2023-12-05T17:32:03","slug":"tunisie-me-dalila-ben-mbarek-msaddek-laissee-en-liberte-2","status":"publish","type":"post","link":"https:\/\/kapitalis.com\/tunisie\/2023\/12\/05\/tunisie-me-dalila-ben-mbarek-msaddek-laissee-en-liberte-2\/","title":{"rendered":"Tunisie : Me Dalila Ben Mbarek Msaddek laiss\u00e9e en libert\u00e9"},"content":{"rendered":"\n<p><strong><em>Suite \u00e0 son audition par le juge d\u2019instruction ce mardi 5 d\u00e9cembre 2023, l&rsquo;avocate Dalila Ben Mbarek Msaddek membre du comit\u00e9 de d\u00e9fense des d\u00e9tenus dans l\u2019affaire de complot contre la s\u00fbret\u00e9 de l\u2019\u00c9tat, a \u00e9t\u00e9 laiss\u00e9e en libert\u00e9.<\/em><\/strong><\/p>\n\n\n\n<!--more-->\n\n\n\n<p>Me Msaddek a \u00e9t\u00e9 entendue dans le cadre d&rsquo;une affaire instruite par le parquet suite \u00e0 une d\u00e9claration m\u00e9diatique lors d&rsquo;un entretien avec le journaliste Borhen Bsaies, diffus\u00e9 sur Hannibal TV, et ce, sur la base du d\u00e9cret 54 des articles 13 et 87 de la loi sur la protection des donn\u00e9es personnelles et de l\u2019article 315 du Code p\u00e9nal.<\/p>\n\n\n\n<p>Un rassemblement de soutien \u00e0 l&rsquo;avocate a \u00e9t\u00e9 observ\u00e9 devant le tribunal ce matin, et le juge d&rsquo;instruction a rendu sa d\u00e9cision cet apr\u00e8s-midi en d\u00e9cidant de laisser libre la concern\u00e9e.<\/p>\n\n\n\n<p class=\"has-text-align-right\"><strong>Y. N.<\/strong><\/p>\n","protected":false},"excerpt":{"rendered":"<p>Suite \u00e0 son audition par le juge d\u2019instruction ce mardi 5 d\u00e9cembre 2023, l&rsquo;avocate Dalila Ben Mbarek Msaddek membre du comit\u00e9 de d\u00e9fense des d\u00e9tenus dans l\u2019affaire de complot contre la s\u00fbret\u00e9 de l\u2019\u00c9tat, a \u00e9t\u00e9 laiss\u00e9e en libert\u00e9.<\/p>\n","protected":false},"author":6,"featured_media":10776201,"comment_status":"open","ping_status":"open","sticky":false,"template":"","format":"standard","meta":{"footnotes":""},"categories":[997,2433],"tags":[64219,102998,94715,921,62643],"class_list":["post-10819021","post","type-post","status-publish","format-standard","has-post-thumbnail","hentry","category-politique","category-tunisie","tag-dalila-ben-mbarek-msaddek","tag-decret-54","tag-juge-dinstruction-2","tag-tribunal","tag-tunisie"],"yoast_head":"<!-- This site is optimized with the Yoast SEO plugin v26.6 - https:\/\/yoast.com\/wordpress\/plugins\/seo\/ -->\n<title>Tunisie : Me Dalila Ben Mbarek Msaddek laiss\u00e9e en libert\u00e9 - Kapitalis<\/title>\n<meta name=\"robots\" content=\"index, follow, max-snippet:-1, max-image-preview:large, max-video-preview:-1\" \/>\n<link rel=\"canonical\" href=\"https:\/\/kapitalis.com\/tunisie\/2023\/12\/05\/tunisie-me-dalila-ben-mbarek-msaddek-laissee-en-liberte-2\/\" \/>\n<meta property=\"og:locale\" content=\"fr_FR\" \/>\n<meta property=\"og:type\" content=\"article\" \/>\n<meta property=\"og:title\" content=\"Tunisie : Me Dalila Ben Mbarek Msaddek laiss\u00e9e en libert\u00e9 - Kapitalis\" \/>\n<meta property=\"og:description\" content=\"Suite \u00e0 son audition par le juge d\u2019instruction ce mardi 5 d\u00e9cembre 2023, l&rsquo;avocate Dalila Ben Mbarek Msaddek membre du comit\u00e9 de d\u00e9fense des d\u00e9tenus dans l\u2019affaire de complot contre la s\u00fbret\u00e9 de l\u2019\u00c9tat, a \u00e9t\u00e9 laiss\u00e9e en libert\u00e9.\" \/>\n<meta property=\"og:url\" content=\"https:\/\/kapitalis.com\/tunisie\/2023\/12\/05\/tunisie-me-dalila-ben-mbarek-msaddek-laissee-en-liberte-2\/\" \/>\n<meta property=\"og:site_name\" content=\"Kapitalis\" \/>\n<meta property=\"article:publisher\" content=\"https:\/\/www.facebook.com\/KapitalisInfo\/\" \/>\n<meta property=\"article:published_time\" content=\"2023-12-05T17:30:11+00:00\" \/>\n<meta property=\"article:modified_time\" content=\"2023-12-05T17:32:03+00:00\" \/>\n<meta property=\"og:image\" content=\"https:\/\/kapitalis.com\/tunisie\/wp-content\/uploads\/2023\/12\/Dalila-Ben-Mbarek-Msaddek.jpg\" \/>\n\t<meta property=\"og:image:width\" content=\"1200\" \/>\n\t<meta property=\"og:image:height\" content=\"630\" \/>\n\t<meta property=\"og:image:type\" content=\"image\/jpeg\" \/>\n<meta name=\"author\" content=\"Yusra NY\" \/>\n<meta name=\"twitter:card\" content=\"summary_large_image\" \/>\n<meta name=\"twitter:creator\" content=\"@KapitalisInfo\" \/>\n<meta name=\"twitter:site\" content=\"@KapitalisInfo\" \/>\n<meta name=\"twitter:label1\" content=\"\u00c9crit par\" \/>\n\t<meta name=\"twitter:data1\" content=\"Yusra NY\" \/>\n\t<meta name=\"twitter:label2\" content=\"Dur\u00e9e de lecture estim\u00e9e\" \/>\n\t<meta name=\"twitter:data2\" content=\"1 minute\" \/>\n<script type=\"application\/ld+json\" class=\"yoast-schema-graph\">{\"@context\":\"https:\/\/schema.org\",\"@graph\":[{\"@type\":\"Article\",\"@id\":\"https:\/\/kapitalis.com\/tunisie\/2023\/12\/05\/tunisie-me-dalila-ben-mbarek-msaddek-laissee-en-liberte-2\/#article\",\"isPartOf\":{\"@id\":\"https:\/\/kapitalis.com\/tunisie\/2023\/12\/05\/tunisie-me-dalila-ben-mbarek-msaddek-laissee-en-liberte-2\/\"},\"author\":{\"name\":\"Yusra NY\",\"@id\":\"https:\/\/kapitalis.com\/tunisie\/#\/schema\/person\/74bbde0154d49d790a92aaeac5bc01d5\"},\"headline\":\"Tunisie : Me Dalila Ben Mbarek Msaddek laiss\u00e9e en libert\u00e9\",\"datePublished\":\"2023-12-05T17:30:11+00:00\",\"dateModified\":\"2023-12-05T17:32:03+00:00\",\"mainEntityOfPage\":{\"@id\":\"https:\/\/kapitalis.com\/tunisie\/2023\/12\/05\/tunisie-me-dalila-ben-mbarek-msaddek-laissee-en-liberte-2\/\"},\"wordCount\":151,\"commentCount\":0,\"publisher\":{\"@id\":\"https:\/\/kapitalis.com\/tunisie\/#organization\"},\"image\":{\"@id\":\"https:\/\/kapitalis.com\/tunisie\/2023\/12\/05\/tunisie-me-dalila-ben-mbarek-msaddek-laissee-en-liberte-2\/#primaryimage\"},\"thumbnailUrl\":\"https:\/\/kapitalis.com\/tunisie\/wp-content\/uploads\/2023\/12\/Dalila-Ben-Mbarek-Msaddek.jpg\",\"keywords\":[\"Dalila Ben Mbarek Msaddek\",\"d\u00e9cret 54\",\"juge d\u2019instruction\",\"tribunal\",\"Tunisie\"],\"articleSection\":[\"POLITIQUE\",\"Tunisie\"],\"inLanguage\":\"fr-FR\",\"potentialAction\":[{\"@type\":\"CommentAction\",\"name\":\"Comment\",\"target\":[\"https:\/\/kapitalis.com\/tunisie\/2023\/12\/05\/tunisie-me-dalila-ben-mbarek-msaddek-laissee-en-liberte-2\/#respond\"]}]},{\"@type\":\"WebPage\",\"@id\":\"https:\/\/kapitalis.com\/tunisie\/2023\/12\/05\/tunisie-me-dalila-ben-mbarek-msaddek-laissee-en-liberte-2\/\",\"url\":\"https:\/\/kapitalis.com\/tunisie\/2023\/12\/05\/tunisie-me-dalila-ben-mbarek-msaddek-laissee-en-liberte-2\/\",\"name\":\"Tunisie : Me Dalila Ben Mbarek Msaddek laiss\u00e9e en libert\u00e9 - Kapitalis\",\"isPartOf\":{\"@id\":\"https:\/\/kapitalis.com\/tunisie\/#website\"},\"primaryImageOfPage\":{\"@id\":\"https:\/\/kapitalis.com\/tunisie\/2023\/12\/05\/tunisie-me-dalila-ben-mbarek-msaddek-laissee-en-liberte-2\/#primaryimage\"},\"image\":{\"@id\":\"https:\/\/kapitalis.com\/tunisie\/2023\/12\/05\/tunisie-me-dalila-ben-mbarek-msaddek-laissee-en-liberte-2\/#primaryimage\"},\"thumbnailUrl\":\"https:\/\/kapitalis.com\/tunisie\/wp-content\/uploads\/2023\/12\/Dalila-Ben-Mbarek-Msaddek.jpg\",\"datePublished\":\"2023-12-05T17:30:11+00:00\",\"dateModified\":\"2023-12-05T17:32:03+00:00\",\"breadcrumb\":{\"@id\":\"https:\/\/kapitalis.com\/tunisie\/2023\/12\/05\/tunisie-me-dalila-ben-mbarek-msaddek-laissee-en-liberte-2\/#breadcrumb\"},\"inLanguage\":\"fr-FR\",\"potentialAction\":[{\"@type\":\"ReadAction\",\"target\":[\"https:\/\/kapitalis.com\/tunisie\/2023\/12\/05\/tunisie-me-dalila-ben-mbarek-msaddek-laissee-en-liberte-2\/\"]}]},{\"@type\":\"ImageObject\",\"inLanguage\":\"fr-FR\",\"@id\":\"https:\/\/kapitalis.com\/tunisie\/2023\/12\/05\/tunisie-me-dalila-ben-mbarek-msaddek-laissee-en-liberte-2\/#primaryimage\",\"url\":\"https:\/\/kapitalis.com\/tunisie\/wp-content\/uploads\/2023\/12\/Dalila-Ben-Mbarek-Msaddek.jpg\",\"contentUrl\":\"https:\/\/kapitalis.com\/tunisie\/wp-content\/uploads\/2023\/12\/Dalila-Ben-Mbarek-Msaddek.jpg\",\"width\":1200,\"height\":630},{\"@type\":\"BreadcrumbList\",\"@id\":\"https:\/\/kapitalis.com\/tunisie\/2023\/12\/05\/tunisie-me-dalila-ben-mbarek-msaddek-laissee-en-liberte-2\/#breadcrumb\",\"itemListElement\":[{\"@type\":\"ListItem\",\"position\":1,\"name\":\"Accueil\",\"item\":\"https:\/\/kapitalis.com\/tunisie\/\"},{\"@type\":\"ListItem\",\"position\":2,\"name\":\"Tunisie : Me Dalila Ben Mbarek Msaddek laiss\u00e9e en libert\u00e9\"}]},{\"@type\":\"WebSite\",\"@id\":\"https:\/\/kapitalis.com\/tunisie\/#website\",\"url\":\"https:\/\/kapitalis.com\/tunisie\/\",\"name\":\"Kapitalis\",\"description\":\"L&#039;actualit\u00e9 en Tunisie et dans le monde\",\"publisher\":{\"@id\":\"https:\/\/kapitalis.com\/tunisie\/#organization\"},\"potentialAction\":[{\"@type\":\"SearchAction\",\"target\":{\"@type\":\"EntryPoint\",\"urlTemplate\":\"https:\/\/kapitalis.com\/tunisie\/?s={search_term_string}\"},\"query-input\":{\"@type\":\"PropertyValueSpecification\",\"valueRequired\":true,\"valueName\":\"search_term_string\"}}],\"inLanguage\":\"fr-FR\"},{\"@type\":\"Organization\",\"@id\":\"https:\/\/kapitalis.com\/tunisie\/#organization\",\"name\":\"Kapitalis\",\"url\":\"https:\/\/kapitalis.com\/tunisie\/\",\"logo\":{\"@type\":\"ImageObject\",\"inLanguage\":\"fr-FR\",\"@id\":\"https:\/\/kapitalis.com\/tunisie\/#\/schema\/logo\/image\/\",\"url\":\"https:\/\/kapitalis.com\/tunisie\/wp-content\/uploads\/2022\/05\/Kapitalis-big-size.png\",\"contentUrl\":\"https:\/\/kapitalis.com\/tunisie\/wp-content\/uploads\/2022\/05\/Kapitalis-big-size.png\",\"width\":5000,\"height\":1500,\"caption\":\"Kapitalis\"},\"image\":{\"@id\":\"https:\/\/kapitalis.com\/tunisie\/#\/schema\/logo\/image\/\"},\"sameAs\":[\"https:\/\/www.facebook.com\/KapitalisInfo\/\",\"https:\/\/x.com\/KapitalisInfo\",\"https:\/\/www.youtube.com\/channel\/UC-yDYrHyfFBWWZaOw3FPg9Q\"]},{\"@type\":\"Person\",\"@id\":\"https:\/\/kapitalis.com\/tunisie\/#\/schema\/person\/74bbde0154d49d790a92aaeac5bc01d5\",\"name\":\"Yusra NY\",\"url\":\"https:\/\/kapitalis.com\/tunisie\/author\/yuza_adam\/\"}]}<\/script>\n<!-- \/ Yoast SEO plugin. -->","yoast_head_json":{"title":"Tunisie : Me Dalila Ben Mbarek Msaddek laiss\u00e9e en libert\u00e9 - Kapitalis","robots":{"index":"index","follow":"follow","max-snippet":"max-snippet:-1","max-image-preview":"max-image-preview:large","max-video-preview":"max-video-preview:-1"},"canonical":"https:\/\/kapitalis.com\/tunisie\/2023\/12\/05\/tunisie-me-dalila-ben-mbarek-msaddek-laissee-en-liberte-2\/","og_locale":"fr_FR","og_type":"article","og_title":"Tunisie : Me Dalila Ben Mbarek Msaddek laiss\u00e9e en libert\u00e9 - Kapitalis","og_description":"Suite \u00e0 son audition par le juge d\u2019instruction ce mardi 5 d\u00e9cembre 2023, l&rsquo;avocate Dalila Ben Mbarek Msaddek membre du comit\u00e9 de d\u00e9fense des d\u00e9tenus dans l\u2019affaire de complot contre la s\u00fbret\u00e9 de l\u2019\u00c9tat, a \u00e9t\u00e9 laiss\u00e9e en libert\u00e9.","og_url":"https:\/\/kapitalis.com\/tunisie\/2023\/12\/05\/tunisie-me-dalila-ben-mbarek-msaddek-laissee-en-liberte-2\/","og_site_name":"Kapitalis","article_publisher":"https:\/\/www.facebook.com\/KapitalisInfo\/","article_published_time":"2023-12-05T17:30:11+00:00","article_modified_time":"2023-12-05T17:32:03+00:00","og_image":[{"width":1200,"height":630,"url":"https:\/\/kapitalis.com\/tunisie\/wp-content\/uploads\/2023\/12\/Dalila-Ben-Mbarek-Msaddek.jpg","type":"image\/jpeg"}],"author":"Yusra NY","twitter_card":"summary_large_image","twitter_creator":"@KapitalisInfo","twitter_site":"@KapitalisInfo","twitter_misc":{"\u00c9crit par":"Yusra NY","Dur\u00e9e de lecture estim\u00e9e":"1 minute"},"schema":{"@context":"https:\/\/schema.org","@graph":[{"@type":"Article","@id":"https:\/\/kapitalis.com\/tunisie\/2023\/12\/05\/tunisie-me-dalila-ben-mbarek-msaddek-laissee-en-liberte-2\/#article","isPartOf":{"@id":"https:\/\/kapitalis.com\/tunisie\/2023\/12\/05\/tunisie-me-dalila-ben-mbarek-msaddek-laissee-en-liberte-2\/"},"author":{"name":"Yusra NY","@id":"https:\/\/kapitalis.com\/tunisie\/#\/schema\/person\/74bbde0154d49d790a92aaeac5bc01d5"},"headline":"Tunisie : Me Dalila Ben Mbarek Msaddek laiss\u00e9e en libert\u00e9","datePublished":"2023-12-05T17:30:11+00:00","dateModified":"2023-12-05T17:32:03+00:00","mainEntityOfPage":{"@id":"https:\/\/kapitalis.com\/tunisie\/2023\/12\/05\/tunisie-me-dalila-ben-mbarek-msaddek-laissee-en-liberte-2\/"},"wordCount":151,"commentCount":0,"publisher":{"@id":"https:\/\/kapitalis.com\/tunisie\/#organization"},"image":{"@id":"https:\/\/kapitalis.com\/tunisie\/2023\/12\/05\/tunisie-me-dalila-ben-mbarek-msaddek-laissee-en-liberte-2\/#primaryimage"},"thumbnailUrl":"https:\/\/kapitalis.com\/tunisie\/wp-content\/uploads\/2023\/12\/Dalila-Ben-Mbarek-Msaddek.jpg","keywords":["Dalila Ben Mbarek Msaddek","d\u00e9cret 54","juge d\u2019instruction","tribunal","Tunisie"],"articleSection":["POLITIQUE","Tunisie"],"inLanguage":"fr-FR","potentialAction":[{"@type":"CommentAction","name":"Comment","target":["https:\/\/kapitalis.com\/tunisie\/2023\/12\/05\/tunisie-me-dalila-ben-mbarek-msaddek-laissee-en-liberte-2\/#respond"]}]},{"@type":"WebPage","@id":"https:\/\/kapitalis.com\/tunisie\/2023\/12\/05\/tunisie-me-dalila-ben-mbarek-msaddek-laissee-en-liberte-2\/","url":"https:\/\/kapitalis.com\/tunisie\/2023\/12\/05\/tunisie-me-dalila-ben-mbarek-msaddek-laissee-en-liberte-2\/","name":"Tunisie : Me Dalila Ben Mbarek Msaddek laiss\u00e9e en libert\u00e9 - Kapitalis","isPartOf":{"@id":"https:\/\/kapitalis.com\/tunisie\/#website"},"primaryImageOfPage":{"@id":"https:\/\/kapitalis.com\/tunisie\/2023\/12\/05\/tunisie-me-dalila-ben-mbarek-msaddek-laissee-en-liberte-2\/#primaryimage"},"image":{"@id":"https:\/\/kapitalis.com\/tunisie\/2023\/12\/05\/tunisie-me-dalila-ben-mbarek-msaddek-laissee-en-liberte-2\/#primaryimage"},"thumbnailUrl":"https:\/\/kapitalis.com\/tunisie\/wp-content\/uploads\/2023\/12\/Dalila-Ben-Mbarek-Msaddek.jpg","datePublished":"2023-12-05T17:30:11+00:00","dateModified":"2023-12-05T17:32:03+00:00","breadcrumb":{"@id":"https:\/\/kapitalis.com\/tunisie\/2023\/12\/05\/tunisie-me-dalila-ben-mbarek-msaddek-laissee-en-liberte-2\/#breadcrumb"},"inLanguage":"fr-FR","potentialAction":[{"@type":"ReadAction","target":["https:\/\/kapitalis.com\/tunisie\/2023\/12\/05\/tunisie-me-dalila-ben-mbarek-msaddek-laissee-en-liberte-2\/"]}]},{"@type":"ImageObject","inLanguage":"fr-FR","@id":"https:\/\/kapitalis.com\/tunisie\/2023\/12\/05\/tunisie-me-dalila-ben-mbarek-msaddek-laissee-en-liberte-2\/#primaryimage","url":"https:\/\/kapitalis.com\/tunisie\/wp-content\/uploads\/2023\/12\/Dalila-Ben-Mbarek-Msaddek.jpg","contentUrl":"https:\/\/kapitalis.com\/tunisie\/wp-content\/uploads\/2023\/12\/Dalila-Ben-Mbarek-Msaddek.jpg","width":1200,"height":630},{"@type":"BreadcrumbList","@id":"https:\/\/kapitalis.com\/tunisie\/2023\/12\/05\/tunisie-me-dalila-ben-mbarek-msaddek-laissee-en-liberte-2\/#breadcrumb","itemListElement":[{"@type":"ListItem","position":1,"name":"Accueil","item":"https:\/\/kapitalis.com\/tunisie\/"},{"@type":"ListItem","position":2,"name":"Tunisie : Me Dalila Ben Mbarek Msaddek laiss\u00e9e en libert\u00e9"}]},{"@type":"WebSite","@id":"https:\/\/kapitalis.com\/tunisie\/#website","url":"https:\/\/kapitalis.com\/tunisie\/","name":"Kapitalis","description":"L&#039;actualit\u00e9 en Tunisie et dans le monde","publisher":{"@id":"https:\/\/kapitalis.com\/tunisie\/#organization"},"potentialAction":[{"@type":"SearchAction","target":{"@type":"EntryPoint","urlTemplate":"https:\/\/kapitalis.com\/tunisie\/?s={search_term_string}"},"query-input":{"@type":"PropertyValueSpecification","valueRequired":true,"valueName":"search_term_string"}}],"inLanguage":"fr-FR"},{"@type":"Organization","@id":"https:\/\/kapitalis.com\/tunisie\/#organization","name":"Kapitalis","url":"https:\/\/kapitalis.com\/tunisie\/","logo":{"@type":"ImageObject","inLanguage":"fr-FR","@id":"https:\/\/kapitalis.com\/tunisie\/#\/schema\/logo\/image\/","url":"https:\/\/kapitalis.com\/tunisie\/wp-content\/uploads\/2022\/05\/Kapitalis-big-size.png","contentUrl":"https:\/\/kapitalis.com\/tunisie\/wp-content\/uploads\/2022\/05\/Kapitalis-big-size.png","width":5000,"height":1500,"caption":"Kapitalis"},"image":{"@id":"https:\/\/kapitalis.com\/tunisie\/#\/schema\/logo\/image\/"},"sameAs":["https:\/\/www.facebook.com\/KapitalisInfo\/","https:\/\/x.com\/KapitalisInfo","https:\/\/www.youtube.com\/channel\/UC-yDYrHyfFBWWZaOw3FPg9Q"]},{"@type":"Person","@id":"https:\/\/kapitalis.com\/tunisie\/#\/schema\/person\/74bbde0154d49d790a92aaeac5bc01d5","name":"Yusra NY","url":"https:\/\/kapitalis.com\/tunisie\/author\/yuza_adam\/"}]}},"_links":{"self":[{"href":"https:\/\/kapitalis.com\/tunisie\/wp-json\/wp\/v2\/posts\/10819021","targetHints":{"allow":["GET"]}}],"collection":[{"href":"https:\/\/kapitalis.com\/tunisie\/wp-json\/wp\/v2\/posts"}],"about":[{"href":"https:\/\/kapitalis.com\/tunisie\/wp-json\/wp\/v2\/types\/post"}],"author":[{"embeddable":true,"href":"https:\/\/kapitalis.com\/tunisie\/wp-json\/wp\/v2\/users\/6"}],"replies":[{"embeddable":true,"href":"https:\/\/kapitalis.com\/tunisie\/wp-json\/wp\/v2\/comments?post=10819021"}],"version-history":[{"count":1,"href":"https:\/\/kapitalis.com\/tunisie\/wp-json\/wp\/v2\/posts\/10819021\/revisions"}],"predecessor-version":[{"id":10819031,"href":"https:\/\/kapitalis.com\/tunisie\/wp-json\/wp\/v2\/posts\/10819021\/revisions\/10819031"}],"wp:featuredmedia":[{"embeddable":true,"href":"https:\/\/kapitalis.com\/tunisie\/wp-json\/wp\/v2\/media\/10776201"}],"wp:attachment":[{"href":"https:\/\/kapitalis.com\/tunisie\/wp-json\/wp\/v2\/media?parent=10819021"}],"wp:term":[{"taxonomy":"category","embeddable":true,"href":"https:\/\/kapitalis.com\/tunisie\/wp-json\/wp\/v2\/categories?post=10819021"},{"taxonomy":"post_tag","embeddable":true,"href":"https:\/\/kapitalis.com\/tunisie\/wp-json\/wp\/v2\/tags?post=10819021"}],"curies":[{"name":"wp","href":"https:\/\/api.w.org\/{rel}","templated":true}]}}