{"id":108217,"date":"2017-07-29T16:27:43","date_gmt":"2017-07-29T15:27:43","guid":{"rendered":"http:\/\/kapitalis.com\/tunisie\/?p=108217"},"modified":"2017-07-29T15:34:08","modified_gmt":"2017-07-29T14:34:08","slug":"il-y-a-4-ans-8-soldats-tues-par-des-terroristes-a-jebel-chambi","status":"publish","type":"post","link":"https:\/\/kapitalis.com\/tunisie\/2017\/07\/29\/il-y-a-4-ans-8-soldats-tues-par-des-terroristes-a-jebel-chambi\/","title":{"rendered":"Il y a 4 ans, 8 soldats tu\u00e9s par des terroristes \u00e0 Jebel Chambi"},"content":{"rendered":"<p style=\"text-align: center;\"><img loading=\"lazy\" decoding=\"async\" class=\"alignnone size-full wp-image-108220\" src=\"http:\/\/kapitalis.com\/tunisie\/wp-content\/uploads\/2017\/07\/soldat-29-juillet-2013.jpg\" alt=\"\" width=\"626\" height=\"380\" \/><\/p>\n<p><em><strong>Il y a 4 ans, 8 soldats ont \u00e9t\u00e9 tu\u00e9s par des terroristes dans une embuscade, \u00e0 Jebel Chambi, au gouvernorat de Kasserine.<\/strong><\/em><!--more--><\/p>\n<p>Le 29 juillet 2013, ces 8 soldats, qui ratissaient au mont Chambi, et traquaient des \u00e9l\u00e9ments terroristes d\u00e9ploy\u00e9s dans cette zone montagneuse \u00e0 la fronti\u00e8re tuniso-alg\u00e9rienne, ont pris dans un embuscade, vers 18 heures, au moment de la rupture du je\u00fbne de ramadan.<\/p>\n<p>C&rsquo;\u00e9taient de jeunes militaires \u00e2g\u00e9s de 21 \u00e0 31 ans: 4 ont \u00e9t\u00e9 tu\u00e9s par balles et 4 sauvagement \u00e9gorg\u00e9s par les terroristes qui ont pu fuir.<\/p>\n<p>Les semaines et les mois qui ont suivi cette attaque, beaucoup arrestations ont \u00e9t\u00e9 effectu\u00e9es et quelque 60 terroristes qui y sont impliqu\u00e9s ont \u00e9t\u00e9 poursuivis en justice.<\/p>\n<p>En octobre 2016, la justice a ordonn\u00e9 contre eux des peines de prison allant de 2 \u00e0 40 ans de prison et prononc\u00e9 des peines de mort, par contumace, contre 4 autres \u00e9l\u00e9ments encore en fuite.<\/p>\n<p>Pour rappel, l\u2019identit\u00e9 des 8 soldats tu\u00e9s : Nizar Ben Ali Mkacher (25 ans), Yassine Ben Hamadi Hichri (24 ans), Tarak Ben Hosni Othmani (22 ans), Marouane Ben Ali El Machi (21 ans), Maher Ben Abdelmajid Kasmi (28 ans),\u00a0 H\u00e9di Ben Ahmed Messa\u00e2di, (27 ans), Lotfi Ben Hassen Kassmi (31 ans), Maher Ben Mohamed H\u00e9di Ammar (22 ans).<\/p>\n<p style=\"text-align: right;\"><strong>Y. N.<\/strong><\/p>\n","protected":false},"excerpt":{"rendered":"<p>Il y a 4 ans, 8 soldats ont \u00e9t\u00e9 tu\u00e9s par des terroristes dans une embuscade, \u00e0 Jebel Chambi, au gouvernorat de Kasserine.<\/p>\n","protected":false},"author":6,"featured_media":108220,"comment_status":"open","ping_status":"open","sticky":false,"template":"","format":"standard","meta":{"footnotes":""},"categories":[998,2433],"tags":[80,16176,4632,843],"class_list":["post-108217","post","type-post","status-publish","format-standard","has-post-thumbnail","hentry","category-societe","category-tunisie","tag-armee","tag-chambi","tag-militaire","tag-soldat"],"yoast_head":"<!-- This site is optimized with the Yoast SEO plugin v26.6 - https:\/\/yoast.com\/wordpress\/plugins\/seo\/ -->\n<title>Il y a 4 ans, 8 soldats tu\u00e9s par des terroristes \u00e0 Jebel Chambi - Kapitalis<\/title>\n<meta name=\"robots\" content=\"index, follow, max-snippet:-1, max-image-preview:large, max-video-preview:-1\" \/>\n<link rel=\"canonical\" href=\"https:\/\/kapitalis.com\/tunisie\/2017\/07\/29\/il-y-a-4-ans-8-soldats-tues-par-des-terroristes-a-jebel-chambi\/\" \/>\n<meta property=\"og:locale\" content=\"fr_FR\" \/>\n<meta property=\"og:type\" content=\"article\" \/>\n<meta property=\"og:title\" content=\"Il y a 4 ans, 8 soldats tu\u00e9s par des terroristes \u00e0 Jebel Chambi - Kapitalis\" \/>\n<meta property=\"og:description\" content=\"Il y a 4 ans, 8 soldats ont \u00e9t\u00e9 tu\u00e9s par des terroristes dans une embuscade, \u00e0 Jebel Chambi, au gouvernorat de Kasserine.\" \/>\n<meta property=\"og:url\" content=\"https:\/\/kapitalis.com\/tunisie\/2017\/07\/29\/il-y-a-4-ans-8-soldats-tues-par-des-terroristes-a-jebel-chambi\/\" \/>\n<meta property=\"og:site_name\" content=\"Kapitalis\" \/>\n<meta property=\"article:publisher\" content=\"https:\/\/www.facebook.com\/KapitalisInfo\/\" \/>\n<meta property=\"article:published_time\" content=\"2017-07-29T15:27:43+00:00\" \/>\n<meta property=\"og:image\" content=\"https:\/\/kapitalis.com\/tunisie\/wp-content\/uploads\/2022\/05\/kapitalis-logo-fb.png\" \/>\n\t<meta property=\"og:image:width\" content=\"1200\" \/>\n\t<meta property=\"og:image:height\" content=\"630\" \/>\n\t<meta property=\"og:image:type\" content=\"image\/png\" \/>\n<meta name=\"author\" content=\"Yusra NY\" \/>\n<meta name=\"twitter:card\" content=\"summary_large_image\" \/>\n<meta name=\"twitter:creator\" content=\"@KapitalisInfo\" \/>\n<meta name=\"twitter:site\" content=\"@KapitalisInfo\" \/>\n<meta name=\"twitter:label1\" content=\"\u00c9crit par\" \/>\n\t<meta name=\"twitter:data1\" content=\"Yusra NY\" \/>\n\t<meta name=\"twitter:label2\" content=\"Dur\u00e9e de lecture estim\u00e9e\" \/>\n\t<meta name=\"twitter:data2\" content=\"1 minute\" \/>\n<script type=\"application\/ld+json\" class=\"yoast-schema-graph\">{\"@context\":\"https:\/\/schema.org\",\"@graph\":[{\"@type\":\"Article\",\"@id\":\"https:\/\/kapitalis.com\/tunisie\/2017\/07\/29\/il-y-a-4-ans-8-soldats-tues-par-des-terroristes-a-jebel-chambi\/#article\",\"isPartOf\":{\"@id\":\"https:\/\/kapitalis.com\/tunisie\/2017\/07\/29\/il-y-a-4-ans-8-soldats-tues-par-des-terroristes-a-jebel-chambi\/\"},\"author\":{\"name\":\"Yusra NY\",\"@id\":\"https:\/\/kapitalis.com\/tunisie\/#\/schema\/person\/74bbde0154d49d790a92aaeac5bc01d5\"},\"headline\":\"Il y a 4 ans, 8 soldats tu\u00e9s par des terroristes \u00e0 Jebel Chambi\",\"datePublished\":\"2017-07-29T15:27:43+00:00\",\"mainEntityOfPage\":{\"@id\":\"https:\/\/kapitalis.com\/tunisie\/2017\/07\/29\/il-y-a-4-ans-8-soldats-tues-par-des-terroristes-a-jebel-chambi\/\"},\"wordCount\":219,\"commentCount\":3,\"publisher\":{\"@id\":\"https:\/\/kapitalis.com\/tunisie\/#organization\"},\"image\":{\"@id\":\"https:\/\/kapitalis.com\/tunisie\/2017\/07\/29\/il-y-a-4-ans-8-soldats-tues-par-des-terroristes-a-jebel-chambi\/#primaryimage\"},\"thumbnailUrl\":\"\",\"keywords\":[\"arm\u00e9e\",\"Chambi\",\"militaire\",\"soldat\"],\"articleSection\":[\"SOCIETE\",\"Tunisie\"],\"inLanguage\":\"fr-FR\",\"potentialAction\":[{\"@type\":\"CommentAction\",\"name\":\"Comment\",\"target\":[\"https:\/\/kapitalis.com\/tunisie\/2017\/07\/29\/il-y-a-4-ans-8-soldats-tues-par-des-terroristes-a-jebel-chambi\/#respond\"]}]},{\"@type\":\"WebPage\",\"@id\":\"https:\/\/kapitalis.com\/tunisie\/2017\/07\/29\/il-y-a-4-ans-8-soldats-tues-par-des-terroristes-a-jebel-chambi\/\",\"url\":\"https:\/\/kapitalis.com\/tunisie\/2017\/07\/29\/il-y-a-4-ans-8-soldats-tues-par-des-terroristes-a-jebel-chambi\/\",\"name\":\"Il y a 4 ans, 8 soldats tu\u00e9s par des terroristes \u00e0 Jebel Chambi - Kapitalis\",\"isPartOf\":{\"@id\":\"https:\/\/kapitalis.com\/tunisie\/#website\"},\"primaryImageOfPage\":{\"@id\":\"https:\/\/kapitalis.com\/tunisie\/2017\/07\/29\/il-y-a-4-ans-8-soldats-tues-par-des-terroristes-a-jebel-chambi\/#primaryimage\"},\"image\":{\"@id\":\"https:\/\/kapitalis.com\/tunisie\/2017\/07\/29\/il-y-a-4-ans-8-soldats-tues-par-des-terroristes-a-jebel-chambi\/#primaryimage\"},\"thumbnailUrl\":\"\",\"datePublished\":\"2017-07-29T15:27:43+00:00\",\"breadcrumb\":{\"@id\":\"https:\/\/kapitalis.com\/tunisie\/2017\/07\/29\/il-y-a-4-ans-8-soldats-tues-par-des-terroristes-a-jebel-chambi\/#breadcrumb\"},\"inLanguage\":\"fr-FR\",\"potentialAction\":[{\"@type\":\"ReadAction\",\"target\":[\"https:\/\/kapitalis.com\/tunisie\/2017\/07\/29\/il-y-a-4-ans-8-soldats-tues-par-des-terroristes-a-jebel-chambi\/\"]}]},{\"@type\":\"ImageObject\",\"inLanguage\":\"fr-FR\",\"@id\":\"https:\/\/kapitalis.com\/tunisie\/2017\/07\/29\/il-y-a-4-ans-8-soldats-tues-par-des-terroristes-a-jebel-chambi\/#primaryimage\",\"url\":\"\",\"contentUrl\":\"\"},{\"@type\":\"BreadcrumbList\",\"@id\":\"https:\/\/kapitalis.com\/tunisie\/2017\/07\/29\/il-y-a-4-ans-8-soldats-tues-par-des-terroristes-a-jebel-chambi\/#breadcrumb\",\"itemListElement\":[{\"@type\":\"ListItem\",\"position\":1,\"name\":\"Accueil\",\"item\":\"https:\/\/kapitalis.com\/tunisie\/\"},{\"@type\":\"ListItem\",\"position\":2,\"name\":\"Il y a 4 ans, 8 soldats tu\u00e9s par des terroristes \u00e0 Jebel Chambi\"}]},{\"@type\":\"WebSite\",\"@id\":\"https:\/\/kapitalis.com\/tunisie\/#website\",\"url\":\"https:\/\/kapitalis.com\/tunisie\/\",\"name\":\"Kapitalis\",\"description\":\"L&#039;actualit\u00e9 en Tunisie et dans le monde\",\"publisher\":{\"@id\":\"https:\/\/kapitalis.com\/tunisie\/#organization\"},\"potentialAction\":[{\"@type\":\"SearchAction\",\"target\":{\"@type\":\"EntryPoint\",\"urlTemplate\":\"https:\/\/kapitalis.com\/tunisie\/?s={search_term_string}\"},\"query-input\":{\"@type\":\"PropertyValueSpecification\",\"valueRequired\":true,\"valueName\":\"search_term_string\"}}],\"inLanguage\":\"fr-FR\"},{\"@type\":\"Organization\",\"@id\":\"https:\/\/kapitalis.com\/tunisie\/#organization\",\"name\":\"Kapitalis\",\"url\":\"https:\/\/kapitalis.com\/tunisie\/\",\"logo\":{\"@type\":\"ImageObject\",\"inLanguage\":\"fr-FR\",\"@id\":\"https:\/\/kapitalis.com\/tunisie\/#\/schema\/logo\/image\/\",\"url\":\"https:\/\/kapitalis.com\/tunisie\/wp-content\/uploads\/2022\/05\/Kapitalis-big-size.png\",\"contentUrl\":\"https:\/\/kapitalis.com\/tunisie\/wp-content\/uploads\/2022\/05\/Kapitalis-big-size.png\",\"width\":5000,\"height\":1500,\"caption\":\"Kapitalis\"},\"image\":{\"@id\":\"https:\/\/kapitalis.com\/tunisie\/#\/schema\/logo\/image\/\"},\"sameAs\":[\"https:\/\/www.facebook.com\/KapitalisInfo\/\",\"https:\/\/x.com\/KapitalisInfo\",\"https:\/\/www.youtube.com\/channel\/UC-yDYrHyfFBWWZaOw3FPg9Q\"]},{\"@type\":\"Person\",\"@id\":\"https:\/\/kapitalis.com\/tunisie\/#\/schema\/person\/74bbde0154d49d790a92aaeac5bc01d5\",\"name\":\"Yusra NY\",\"url\":\"https:\/\/kapitalis.com\/tunisie\/author\/yuza_adam\/\"}]}<\/script>\n<!-- \/ Yoast SEO plugin. -->","yoast_head_json":{"title":"Il y a 4 ans, 8 soldats tu\u00e9s par des terroristes \u00e0 Jebel Chambi - Kapitalis","robots":{"index":"index","follow":"follow","max-snippet":"max-snippet:-1","max-image-preview":"max-image-preview:large","max-video-preview":"max-video-preview:-1"},"canonical":"https:\/\/kapitalis.com\/tunisie\/2017\/07\/29\/il-y-a-4-ans-8-soldats-tues-par-des-terroristes-a-jebel-chambi\/","og_locale":"fr_FR","og_type":"article","og_title":"Il y a 4 ans, 8 soldats tu\u00e9s par des terroristes \u00e0 Jebel Chambi - Kapitalis","og_description":"Il y a 4 ans, 8 soldats ont \u00e9t\u00e9 tu\u00e9s par des terroristes dans une embuscade, \u00e0 Jebel Chambi, au gouvernorat de Kasserine.","og_url":"https:\/\/kapitalis.com\/tunisie\/2017\/07\/29\/il-y-a-4-ans-8-soldats-tues-par-des-terroristes-a-jebel-chambi\/","og_site_name":"Kapitalis","article_publisher":"https:\/\/www.facebook.com\/KapitalisInfo\/","article_published_time":"2017-07-29T15:27:43+00:00","og_image":[{"width":1200,"height":630,"url":"https:\/\/kapitalis.com\/tunisie\/wp-content\/uploads\/2022\/05\/kapitalis-logo-fb.png","type":"image\/png"}],"author":"Yusra NY","twitter_card":"summary_large_image","twitter_creator":"@KapitalisInfo","twitter_site":"@KapitalisInfo","twitter_misc":{"\u00c9crit par":"Yusra NY","Dur\u00e9e de lecture estim\u00e9e":"1 minute"},"schema":{"@context":"https:\/\/schema.org","@graph":[{"@type":"Article","@id":"https:\/\/kapitalis.com\/tunisie\/2017\/07\/29\/il-y-a-4-ans-8-soldats-tues-par-des-terroristes-a-jebel-chambi\/#article","isPartOf":{"@id":"https:\/\/kapitalis.com\/tunisie\/2017\/07\/29\/il-y-a-4-ans-8-soldats-tues-par-des-terroristes-a-jebel-chambi\/"},"author":{"name":"Yusra NY","@id":"https:\/\/kapitalis.com\/tunisie\/#\/schema\/person\/74bbde0154d49d790a92aaeac5bc01d5"},"headline":"Il y a 4 ans, 8 soldats tu\u00e9s par des terroristes \u00e0 Jebel Chambi","datePublished":"2017-07-29T15:27:43+00:00","mainEntityOfPage":{"@id":"https:\/\/kapitalis.com\/tunisie\/2017\/07\/29\/il-y-a-4-ans-8-soldats-tues-par-des-terroristes-a-jebel-chambi\/"},"wordCount":219,"commentCount":3,"publisher":{"@id":"https:\/\/kapitalis.com\/tunisie\/#organization"},"image":{"@id":"https:\/\/kapitalis.com\/tunisie\/2017\/07\/29\/il-y-a-4-ans-8-soldats-tues-par-des-terroristes-a-jebel-chambi\/#primaryimage"},"thumbnailUrl":"","keywords":["arm\u00e9e","Chambi","militaire","soldat"],"articleSection":["SOCIETE","Tunisie"],"inLanguage":"fr-FR","potentialAction":[{"@type":"CommentAction","name":"Comment","target":["https:\/\/kapitalis.com\/tunisie\/2017\/07\/29\/il-y-a-4-ans-8-soldats-tues-par-des-terroristes-a-jebel-chambi\/#respond"]}]},{"@type":"WebPage","@id":"https:\/\/kapitalis.com\/tunisie\/2017\/07\/29\/il-y-a-4-ans-8-soldats-tues-par-des-terroristes-a-jebel-chambi\/","url":"https:\/\/kapitalis.com\/tunisie\/2017\/07\/29\/il-y-a-4-ans-8-soldats-tues-par-des-terroristes-a-jebel-chambi\/","name":"Il y a 4 ans, 8 soldats tu\u00e9s par des terroristes \u00e0 Jebel Chambi - Kapitalis","isPartOf":{"@id":"https:\/\/kapitalis.com\/tunisie\/#website"},"primaryImageOfPage":{"@id":"https:\/\/kapitalis.com\/tunisie\/2017\/07\/29\/il-y-a-4-ans-8-soldats-tues-par-des-terroristes-a-jebel-chambi\/#primaryimage"},"image":{"@id":"https:\/\/kapitalis.com\/tunisie\/2017\/07\/29\/il-y-a-4-ans-8-soldats-tues-par-des-terroristes-a-jebel-chambi\/#primaryimage"},"thumbnailUrl":"","datePublished":"2017-07-29T15:27:43+00:00","breadcrumb":{"@id":"https:\/\/kapitalis.com\/tunisie\/2017\/07\/29\/il-y-a-4-ans-8-soldats-tues-par-des-terroristes-a-jebel-chambi\/#breadcrumb"},"inLanguage":"fr-FR","potentialAction":[{"@type":"ReadAction","target":["https:\/\/kapitalis.com\/tunisie\/2017\/07\/29\/il-y-a-4-ans-8-soldats-tues-par-des-terroristes-a-jebel-chambi\/"]}]},{"@type":"ImageObject","inLanguage":"fr-FR","@id":"https:\/\/kapitalis.com\/tunisie\/2017\/07\/29\/il-y-a-4-ans-8-soldats-tues-par-des-terroristes-a-jebel-chambi\/#primaryimage","url":"","contentUrl":""},{"@type":"BreadcrumbList","@id":"https:\/\/kapitalis.com\/tunisie\/2017\/07\/29\/il-y-a-4-ans-8-soldats-tues-par-des-terroristes-a-jebel-chambi\/#breadcrumb","itemListElement":[{"@type":"ListItem","position":1,"name":"Accueil","item":"https:\/\/kapitalis.com\/tunisie\/"},{"@type":"ListItem","position":2,"name":"Il y a 4 ans, 8 soldats tu\u00e9s par des terroristes \u00e0 Jebel Chambi"}]},{"@type":"WebSite","@id":"https:\/\/kapitalis.com\/tunisie\/#website","url":"https:\/\/kapitalis.com\/tunisie\/","name":"Kapitalis","description":"L&#039;actualit\u00e9 en Tunisie et dans le monde","publisher":{"@id":"https:\/\/kapitalis.com\/tunisie\/#organization"},"potentialAction":[{"@type":"SearchAction","target":{"@type":"EntryPoint","urlTemplate":"https:\/\/kapitalis.com\/tunisie\/?s={search_term_string}"},"query-input":{"@type":"PropertyValueSpecification","valueRequired":true,"valueName":"search_term_string"}}],"inLanguage":"fr-FR"},{"@type":"Organization","@id":"https:\/\/kapitalis.com\/tunisie\/#organization","name":"Kapitalis","url":"https:\/\/kapitalis.com\/tunisie\/","logo":{"@type":"ImageObject","inLanguage":"fr-FR","@id":"https:\/\/kapitalis.com\/tunisie\/#\/schema\/logo\/image\/","url":"https:\/\/kapitalis.com\/tunisie\/wp-content\/uploads\/2022\/05\/Kapitalis-big-size.png","contentUrl":"https:\/\/kapitalis.com\/tunisie\/wp-content\/uploads\/2022\/05\/Kapitalis-big-size.png","width":5000,"height":1500,"caption":"Kapitalis"},"image":{"@id":"https:\/\/kapitalis.com\/tunisie\/#\/schema\/logo\/image\/"},"sameAs":["https:\/\/www.facebook.com\/KapitalisInfo\/","https:\/\/x.com\/KapitalisInfo","https:\/\/www.youtube.com\/channel\/UC-yDYrHyfFBWWZaOw3FPg9Q"]},{"@type":"Person","@id":"https:\/\/kapitalis.com\/tunisie\/#\/schema\/person\/74bbde0154d49d790a92aaeac5bc01d5","name":"Yusra NY","url":"https:\/\/kapitalis.com\/tunisie\/author\/yuza_adam\/"}]}},"_links":{"self":[{"href":"https:\/\/kapitalis.com\/tunisie\/wp-json\/wp\/v2\/posts\/108217","targetHints":{"allow":["GET"]}}],"collection":[{"href":"https:\/\/kapitalis.com\/tunisie\/wp-json\/wp\/v2\/posts"}],"about":[{"href":"https:\/\/kapitalis.com\/tunisie\/wp-json\/wp\/v2\/types\/post"}],"author":[{"embeddable":true,"href":"https:\/\/kapitalis.com\/tunisie\/wp-json\/wp\/v2\/users\/6"}],"replies":[{"embeddable":true,"href":"https:\/\/kapitalis.com\/tunisie\/wp-json\/wp\/v2\/comments?post=108217"}],"version-history":[{"count":0,"href":"https:\/\/kapitalis.com\/tunisie\/wp-json\/wp\/v2\/posts\/108217\/revisions"}],"wp:featuredmedia":[{"embeddable":true,"href":"https:\/\/kapitalis.com\/tunisie\/wp-json\/wp\/v2\/media\/108220"}],"wp:attachment":[{"href":"https:\/\/kapitalis.com\/tunisie\/wp-json\/wp\/v2\/media?parent=108217"}],"wp:term":[{"taxonomy":"category","embeddable":true,"href":"https:\/\/kapitalis.com\/tunisie\/wp-json\/wp\/v2\/categories?post=108217"},{"taxonomy":"post_tag","embeddable":true,"href":"https:\/\/kapitalis.com\/tunisie\/wp-json\/wp\/v2\/tags?post=108217"}],"curies":[{"name":"wp","href":"https:\/\/api.w.org\/{rel}","templated":true}]}}