{"id":10822018,"date":"2023-12-06T06:50:55","date_gmt":"2023-12-06T05:50:55","guid":{"rendered":"https:\/\/kapitalis.com\/tunisie\/?p=10822018"},"modified":"2023-12-06T06:50:56","modified_gmt":"2023-12-06T05:50:56","slug":"silent-storm-de-mira-agdal-entre-vapeurs-brumes-et-eclairs","status":"publish","type":"post","link":"https:\/\/kapitalis.com\/tunisie\/2023\/12\/06\/silent-storm-de-mira-agdal-entre-vapeurs-brumes-et-eclairs\/","title":{"rendered":"\u00abSilent Storm\u00bb de Mira Agdal\u00a0: entre vapeurs, brumes et \u00e9clairs"},"content":{"rendered":"\n<p><strong><em>La Galerie Yosr Ben Ammar, sise \u00e0 Bhar Lazrag, \u00e0 La Marsa, pr\u00e9sente \u00e0 partir de demain, jeudi 7 d\u00e9cembre 2023, et jusqu\u2019au 20 janvier 2024, une exposition individuelle de l\u2019artiste Mira Agdal, intitul\u00e9e \u00abSilent Storm\u00bb, regroupant des \u0153uvres abstraites in\u00e9dites de cette artiste affranchie des conventions de la figuration.<\/em><\/strong><\/p>\n\n\n\n<!--more-->\n\n\n\n<p>Mira Agdal propose une exploration artistique singuli\u00e8re, accompagn\u00e9e d\u2019une performance artistique immersive. Et \u00e0 l\u2019\u00e9tage, la galerie pr\u00e9sente \u00e9galement une installation-collaboration entre Yosr Ben Ammar et Hichem Naffati.<\/p>\n\n\n\n<p>Comme le titre l\u2019indique, <em>\u00abSilent Storm\u00bb<\/em> propose une s\u00e9rie d\u2019\u0153uvres ayant pour motifs principaux la pluie et la mer, et qui explorent les ph\u00e9nom\u00e8nes atmosph\u00e9riques et nous plongent dans une ambiance de disparition.<\/p>\n\n\n\n<p>Mira Agdal observe les cycles dans leur forme naturelle et pure, r\u00e9v\u00e9lant son int\u00e9r\u00eat pour les rythmes qui sont des \u00e9clairs perceptibles dans les processus naturels du monde.<\/p>\n\n\n\n<p>En cette \u00e8re marqu\u00e9e par les changements climatiques, elle est fascin\u00e9e par toutes les&nbsp; anomalies m\u00e9t\u00e9orologiques \u00e9ph\u00e9m\u00e8res : l\u2019accumulation, la dissipation, les vapeurs et les brumes d\u2019orage, moments dont les rythmes&nbsp; peuvent \u00eatre tour \u00e0 tour dynamiques et statiques.<\/p>\n\n\n\n<p>Cette r\u00e9alit\u00e9 difficile \u00e0 d\u00e9crire avec des mots, l\u2019artiste s\u2019efforce de la transmettre \u00e0 travers l\u2019exp\u00e9rience directe d\u2019impressions fugaces et de nature changeante et \u00e9ph\u00e9m\u00e8re. Sa seule inspiration&nbsp;: la sensation particuli\u00e8re de libert\u00e9 qui accompagne l\u2019observation quotidienne du ciel. Les \u0153uvres de l\u2019artiste semblent \u00eatre de l\u2019art abstrait dans sa forme la plus pure, car Mira Agdal tient \u00e0 se lib\u00e9rer des dictats de la figuration. Et sa cr\u00e9ation cherche plus \u00e0 sugg\u00e9rer qu\u2019\u00e0 repr\u00e9senter compl\u00e8tement les choses. En entrant en relation avec le monde qui l\u2019entoure, l\u2019artiste cherche \u00e0 communiquer une impression, une \u00e9motion, une exp\u00e9rience du r\u00e9el.<\/p>\n\n\n\n<p>En cr\u00e9ant une atmosph\u00e8re sp\u00e9cifique, similaire \u00e0 celle qui caract\u00e9rise la peinture sumi-e asiatique, son art se veut \u00e9conome en moyens. Pour cela, elle utilise de l\u2019encre noire, de l\u2019acrylique et l\u2019eau&nbsp; de mer.<\/p>\n\n\n\n<p>Ses \u0153uvres se caract\u00e9risent par l\u2019attachement au monochromatisme qui dicte toutes les exigences techniques, l\u2019auteure utilisant de mani\u00e8re r\u00e9fl\u00e9chie le blanc du support et une palette de couleurs \u00e9troite cherchant ainsi une sorte de limitation qui&nbsp; permet l\u2019expression unique de ses visions.<\/p>\n\n\n\n<p>La nuance complexe du noir devient un \u00e9l\u00e9ment de composition&nbsp; et de son identit\u00e9.<\/p>\n\n\n\n<p>L\u2019artiste utilise diff\u00e9rentes tonalit\u00e9s pour cr\u00e9er la profondeur de son travail. Elle diversifie les compositions avec la force des coups de pinceau, souvent sans possibilit\u00e9 de correction. Ses toiles sont recouvertes de traces lumineuses, de lignes verticales s\u2019estompant,&nbsp; de formes ind\u00e9finies et de taches&nbsp; entrelac\u00e9es, r\u00e9sultant du hasard.<\/p>\n\n\n\n<p>Toutes ces techniques visent \u00e0 souligner l\u2019\u00e9quilibre fugace et d\u00e9licat dans la nature.<\/p>\n\n\n\n<p>Le sumi-e exige une forte ma\u00eetrise de soi, tout en demandant une grande naturalit\u00e9 et spontan\u00e9it\u00e9. C&rsquo;est un art de la m\u00e9ditation et du d\u00e9veloppement int\u00e9rieur qui&nbsp; aide \u00e0 faire \u00e9merger certaines caract\u00e9ristiques de la personnalit\u00e9, utiles dans&nbsp; la vie. C\u2019est une recherche constante d\u2019harmonie int\u00e9rieure et une tentative d\u2019atteindre les fondements de la construction du monde.<\/p>\n\n\n\n<p>Les toiles pr\u00e9sent\u00e9es sont une inspiration pour communier avec la&nbsp; nature. Elles enchantent par leur tranquillit\u00e9. Et la force int\u00e9rieure qui les anime. &nbsp;<\/p>\n\n\n\n<p>Les couches d\u2019encre, les&nbsp; ombres impressionnantes ne sont pas simplement une partie de la beaut\u00e9 visuelle mais un dialogue entre l\u2019homme et la nature.&nbsp;<\/p>\n\n\n\n<p>Mira Agdal se lib\u00e8re dans son art pour revenir \u00e0 la nature et rappeler ses valeurs. Une beaut\u00e9 ind\u00e9pendante du pouvoir humain, qui perdure malgr\u00e9 l\u2019ing\u00e9rence ext\u00e9rieure, \u00e9mergeant&nbsp; magnifiquement de l\u2019ordre cosmique et de la constante collision des \u00e9l\u00e9ments.<\/p>\n","protected":false},"excerpt":{"rendered":"<p>L\u2019artiste Mira Agdal expose \u00e0 la Galerie Yosr Ben Ammar, \u00e0 la Marsa. <\/p>\n","protected":false},"author":8,"featured_media":10822099,"comment_status":"open","ping_status":"open","sticky":false,"template":"","format":"standard","meta":{"footnotes":""},"categories":[994,2433],"tags":[112705,112707,2991,112706],"class_list":["post-10822018","post","type-post","status-publish","format-standard","has-post-thumbnail","hentry","category-culture","category-tunisie","tag-galerie-yosr-ben-ammar","tag-hichem-naffati","tag-la-marsa","tag-mira-agdal"],"yoast_head":"<!-- This site is optimized with the Yoast SEO plugin v26.6 - https:\/\/yoast.com\/wordpress\/plugins\/seo\/ -->\n<title>\u00abSilent Storm\u00bb de Mira Agdal\u00a0: entre vapeurs, brumes et \u00e9clairs - Kapitalis<\/title>\n<meta name=\"robots\" content=\"index, follow, max-snippet:-1, max-image-preview:large, max-video-preview:-1\" \/>\n<link rel=\"canonical\" href=\"https:\/\/kapitalis.com\/tunisie\/2023\/12\/06\/silent-storm-de-mira-agdal-entre-vapeurs-brumes-et-eclairs\/\" \/>\n<meta property=\"og:locale\" content=\"fr_FR\" \/>\n<meta property=\"og:type\" content=\"article\" \/>\n<meta property=\"og:title\" content=\"\u00abSilent Storm\u00bb de Mira Agdal\u00a0: entre vapeurs, brumes et \u00e9clairs - Kapitalis\" \/>\n<meta property=\"og:description\" content=\"L\u2019artiste Mira Agdal expose \u00e0 la Galerie Yosr Ben Ammar, \u00e0 la Marsa.\" \/>\n<meta property=\"og:url\" content=\"https:\/\/kapitalis.com\/tunisie\/2023\/12\/06\/silent-storm-de-mira-agdal-entre-vapeurs-brumes-et-eclairs\/\" \/>\n<meta property=\"og:site_name\" content=\"Kapitalis\" \/>\n<meta property=\"article:publisher\" content=\"https:\/\/www.facebook.com\/KapitalisInfo\/\" \/>\n<meta property=\"article:published_time\" content=\"2023-12-06T05:50:55+00:00\" \/>\n<meta property=\"article:modified_time\" content=\"2023-12-06T05:50:56+00:00\" \/>\n<meta property=\"og:image\" content=\"https:\/\/kapitalis.com\/tunisie\/wp-content\/uploads\/2023\/12\/Mira-Agdal.jpg\" \/>\n\t<meta property=\"og:image:width\" content=\"1200\" \/>\n\t<meta property=\"og:image:height\" content=\"630\" \/>\n\t<meta property=\"og:image:type\" content=\"image\/jpeg\" \/>\n<meta name=\"author\" content=\"webmaster kapitalis\" \/>\n<meta name=\"twitter:card\" content=\"summary_large_image\" \/>\n<meta name=\"twitter:creator\" content=\"@KapitalisInfo\" \/>\n<meta name=\"twitter:site\" content=\"@KapitalisInfo\" \/>\n<meta name=\"twitter:label1\" content=\"\u00c9crit par\" \/>\n\t<meta name=\"twitter:data1\" content=\"webmaster kapitalis\" \/>\n\t<meta name=\"twitter:label2\" content=\"Dur\u00e9e de lecture estim\u00e9e\" \/>\n\t<meta name=\"twitter:data2\" content=\"3 minutes\" \/>\n<script type=\"application\/ld+json\" class=\"yoast-schema-graph\">{\"@context\":\"https:\/\/schema.org\",\"@graph\":[{\"@type\":\"Article\",\"@id\":\"https:\/\/kapitalis.com\/tunisie\/2023\/12\/06\/silent-storm-de-mira-agdal-entre-vapeurs-brumes-et-eclairs\/#article\",\"isPartOf\":{\"@id\":\"https:\/\/kapitalis.com\/tunisie\/2023\/12\/06\/silent-storm-de-mira-agdal-entre-vapeurs-brumes-et-eclairs\/\"},\"author\":{\"name\":\"webmaster kapitalis\",\"@id\":\"https:\/\/kapitalis.com\/tunisie\/#\/schema\/person\/d71f33a9ca44f7bad4698210b480c8e9\"},\"headline\":\"\u00abSilent Storm\u00bb de Mira Agdal\u00a0: entre vapeurs, brumes et \u00e9clairs\",\"datePublished\":\"2023-12-06T05:50:55+00:00\",\"dateModified\":\"2023-12-06T05:50:56+00:00\",\"mainEntityOfPage\":{\"@id\":\"https:\/\/kapitalis.com\/tunisie\/2023\/12\/06\/silent-storm-de-mira-agdal-entre-vapeurs-brumes-et-eclairs\/\"},\"wordCount\":675,\"commentCount\":0,\"publisher\":{\"@id\":\"https:\/\/kapitalis.com\/tunisie\/#organization\"},\"image\":{\"@id\":\"https:\/\/kapitalis.com\/tunisie\/2023\/12\/06\/silent-storm-de-mira-agdal-entre-vapeurs-brumes-et-eclairs\/#primaryimage\"},\"thumbnailUrl\":\"https:\/\/kapitalis.com\/tunisie\/wp-content\/uploads\/2023\/12\/Mira-Agdal.jpg\",\"keywords\":[\"Galerie Yosr Ben Ammar\",\"Hichem Naffati\",\"La Marsa\",\"Mira Agdal\"],\"articleSection\":[\"CULTURE\",\"Tunisie\"],\"inLanguage\":\"fr-FR\",\"potentialAction\":[{\"@type\":\"CommentAction\",\"name\":\"Comment\",\"target\":[\"https:\/\/kapitalis.com\/tunisie\/2023\/12\/06\/silent-storm-de-mira-agdal-entre-vapeurs-brumes-et-eclairs\/#respond\"]}]},{\"@type\":\"WebPage\",\"@id\":\"https:\/\/kapitalis.com\/tunisie\/2023\/12\/06\/silent-storm-de-mira-agdal-entre-vapeurs-brumes-et-eclairs\/\",\"url\":\"https:\/\/kapitalis.com\/tunisie\/2023\/12\/06\/silent-storm-de-mira-agdal-entre-vapeurs-brumes-et-eclairs\/\",\"name\":\"\u00abSilent Storm\u00bb de Mira Agdal\u00a0: entre vapeurs, brumes et \u00e9clairs - Kapitalis\",\"isPartOf\":{\"@id\":\"https:\/\/kapitalis.com\/tunisie\/#website\"},\"primaryImageOfPage\":{\"@id\":\"https:\/\/kapitalis.com\/tunisie\/2023\/12\/06\/silent-storm-de-mira-agdal-entre-vapeurs-brumes-et-eclairs\/#primaryimage\"},\"image\":{\"@id\":\"https:\/\/kapitalis.com\/tunisie\/2023\/12\/06\/silent-storm-de-mira-agdal-entre-vapeurs-brumes-et-eclairs\/#primaryimage\"},\"thumbnailUrl\":\"https:\/\/kapitalis.com\/tunisie\/wp-content\/uploads\/2023\/12\/Mira-Agdal.jpg\",\"datePublished\":\"2023-12-06T05:50:55+00:00\",\"dateModified\":\"2023-12-06T05:50:56+00:00\",\"breadcrumb\":{\"@id\":\"https:\/\/kapitalis.com\/tunisie\/2023\/12\/06\/silent-storm-de-mira-agdal-entre-vapeurs-brumes-et-eclairs\/#breadcrumb\"},\"inLanguage\":\"fr-FR\",\"potentialAction\":[{\"@type\":\"ReadAction\",\"target\":[\"https:\/\/kapitalis.com\/tunisie\/2023\/12\/06\/silent-storm-de-mira-agdal-entre-vapeurs-brumes-et-eclairs\/\"]}]},{\"@type\":\"ImageObject\",\"inLanguage\":\"fr-FR\",\"@id\":\"https:\/\/kapitalis.com\/tunisie\/2023\/12\/06\/silent-storm-de-mira-agdal-entre-vapeurs-brumes-et-eclairs\/#primaryimage\",\"url\":\"https:\/\/kapitalis.com\/tunisie\/wp-content\/uploads\/2023\/12\/Mira-Agdal.jpg\",\"contentUrl\":\"https:\/\/kapitalis.com\/tunisie\/wp-content\/uploads\/2023\/12\/Mira-Agdal.jpg\",\"width\":1200,\"height\":630},{\"@type\":\"BreadcrumbList\",\"@id\":\"https:\/\/kapitalis.com\/tunisie\/2023\/12\/06\/silent-storm-de-mira-agdal-entre-vapeurs-brumes-et-eclairs\/#breadcrumb\",\"itemListElement\":[{\"@type\":\"ListItem\",\"position\":1,\"name\":\"Accueil\",\"item\":\"https:\/\/kapitalis.com\/tunisie\/\"},{\"@type\":\"ListItem\",\"position\":2,\"name\":\"\u00abSilent Storm\u00bb de Mira Agdal\u00a0: entre vapeurs, brumes et \u00e9clairs\"}]},{\"@type\":\"WebSite\",\"@id\":\"https:\/\/kapitalis.com\/tunisie\/#website\",\"url\":\"https:\/\/kapitalis.com\/tunisie\/\",\"name\":\"Kapitalis\",\"description\":\"L&#039;actualit\u00e9 en Tunisie et dans le monde\",\"publisher\":{\"@id\":\"https:\/\/kapitalis.com\/tunisie\/#organization\"},\"potentialAction\":[{\"@type\":\"SearchAction\",\"target\":{\"@type\":\"EntryPoint\",\"urlTemplate\":\"https:\/\/kapitalis.com\/tunisie\/?s={search_term_string}\"},\"query-input\":{\"@type\":\"PropertyValueSpecification\",\"valueRequired\":true,\"valueName\":\"search_term_string\"}}],\"inLanguage\":\"fr-FR\"},{\"@type\":\"Organization\",\"@id\":\"https:\/\/kapitalis.com\/tunisie\/#organization\",\"name\":\"Kapitalis\",\"url\":\"https:\/\/kapitalis.com\/tunisie\/\",\"logo\":{\"@type\":\"ImageObject\",\"inLanguage\":\"fr-FR\",\"@id\":\"https:\/\/kapitalis.com\/tunisie\/#\/schema\/logo\/image\/\",\"url\":\"https:\/\/kapitalis.com\/tunisie\/wp-content\/uploads\/2022\/05\/Kapitalis-big-size.png\",\"contentUrl\":\"https:\/\/kapitalis.com\/tunisie\/wp-content\/uploads\/2022\/05\/Kapitalis-big-size.png\",\"width\":5000,\"height\":1500,\"caption\":\"Kapitalis\"},\"image\":{\"@id\":\"https:\/\/kapitalis.com\/tunisie\/#\/schema\/logo\/image\/\"},\"sameAs\":[\"https:\/\/www.facebook.com\/KapitalisInfo\/\",\"https:\/\/x.com\/KapitalisInfo\",\"https:\/\/www.youtube.com\/channel\/UC-yDYrHyfFBWWZaOw3FPg9Q\"]},{\"@type\":\"Person\",\"@id\":\"https:\/\/kapitalis.com\/tunisie\/#\/schema\/person\/d71f33a9ca44f7bad4698210b480c8e9\",\"name\":\"webmaster kapitalis\",\"url\":\"https:\/\/kapitalis.com\/tunisie\/author\/webmaster-kapitalis\/\"}]}<\/script>\n<!-- \/ Yoast SEO plugin. -->","yoast_head_json":{"title":"\u00abSilent Storm\u00bb de Mira Agdal\u00a0: entre vapeurs, brumes et \u00e9clairs - Kapitalis","robots":{"index":"index","follow":"follow","max-snippet":"max-snippet:-1","max-image-preview":"max-image-preview:large","max-video-preview":"max-video-preview:-1"},"canonical":"https:\/\/kapitalis.com\/tunisie\/2023\/12\/06\/silent-storm-de-mira-agdal-entre-vapeurs-brumes-et-eclairs\/","og_locale":"fr_FR","og_type":"article","og_title":"\u00abSilent Storm\u00bb de Mira Agdal\u00a0: entre vapeurs, brumes et \u00e9clairs - Kapitalis","og_description":"L\u2019artiste Mira Agdal expose \u00e0 la Galerie Yosr Ben Ammar, \u00e0 la Marsa.","og_url":"https:\/\/kapitalis.com\/tunisie\/2023\/12\/06\/silent-storm-de-mira-agdal-entre-vapeurs-brumes-et-eclairs\/","og_site_name":"Kapitalis","article_publisher":"https:\/\/www.facebook.com\/KapitalisInfo\/","article_published_time":"2023-12-06T05:50:55+00:00","article_modified_time":"2023-12-06T05:50:56+00:00","og_image":[{"width":1200,"height":630,"url":"https:\/\/kapitalis.com\/tunisie\/wp-content\/uploads\/2023\/12\/Mira-Agdal.jpg","type":"image\/jpeg"}],"author":"webmaster kapitalis","twitter_card":"summary_large_image","twitter_creator":"@KapitalisInfo","twitter_site":"@KapitalisInfo","twitter_misc":{"\u00c9crit par":"webmaster kapitalis","Dur\u00e9e de lecture estim\u00e9e":"3 minutes"},"schema":{"@context":"https:\/\/schema.org","@graph":[{"@type":"Article","@id":"https:\/\/kapitalis.com\/tunisie\/2023\/12\/06\/silent-storm-de-mira-agdal-entre-vapeurs-brumes-et-eclairs\/#article","isPartOf":{"@id":"https:\/\/kapitalis.com\/tunisie\/2023\/12\/06\/silent-storm-de-mira-agdal-entre-vapeurs-brumes-et-eclairs\/"},"author":{"name":"webmaster kapitalis","@id":"https:\/\/kapitalis.com\/tunisie\/#\/schema\/person\/d71f33a9ca44f7bad4698210b480c8e9"},"headline":"\u00abSilent Storm\u00bb de Mira Agdal\u00a0: entre vapeurs, brumes et \u00e9clairs","datePublished":"2023-12-06T05:50:55+00:00","dateModified":"2023-12-06T05:50:56+00:00","mainEntityOfPage":{"@id":"https:\/\/kapitalis.com\/tunisie\/2023\/12\/06\/silent-storm-de-mira-agdal-entre-vapeurs-brumes-et-eclairs\/"},"wordCount":675,"commentCount":0,"publisher":{"@id":"https:\/\/kapitalis.com\/tunisie\/#organization"},"image":{"@id":"https:\/\/kapitalis.com\/tunisie\/2023\/12\/06\/silent-storm-de-mira-agdal-entre-vapeurs-brumes-et-eclairs\/#primaryimage"},"thumbnailUrl":"https:\/\/kapitalis.com\/tunisie\/wp-content\/uploads\/2023\/12\/Mira-Agdal.jpg","keywords":["Galerie Yosr Ben Ammar","Hichem Naffati","La Marsa","Mira Agdal"],"articleSection":["CULTURE","Tunisie"],"inLanguage":"fr-FR","potentialAction":[{"@type":"CommentAction","name":"Comment","target":["https:\/\/kapitalis.com\/tunisie\/2023\/12\/06\/silent-storm-de-mira-agdal-entre-vapeurs-brumes-et-eclairs\/#respond"]}]},{"@type":"WebPage","@id":"https:\/\/kapitalis.com\/tunisie\/2023\/12\/06\/silent-storm-de-mira-agdal-entre-vapeurs-brumes-et-eclairs\/","url":"https:\/\/kapitalis.com\/tunisie\/2023\/12\/06\/silent-storm-de-mira-agdal-entre-vapeurs-brumes-et-eclairs\/","name":"\u00abSilent Storm\u00bb de Mira Agdal\u00a0: entre vapeurs, brumes et \u00e9clairs - Kapitalis","isPartOf":{"@id":"https:\/\/kapitalis.com\/tunisie\/#website"},"primaryImageOfPage":{"@id":"https:\/\/kapitalis.com\/tunisie\/2023\/12\/06\/silent-storm-de-mira-agdal-entre-vapeurs-brumes-et-eclairs\/#primaryimage"},"image":{"@id":"https:\/\/kapitalis.com\/tunisie\/2023\/12\/06\/silent-storm-de-mira-agdal-entre-vapeurs-brumes-et-eclairs\/#primaryimage"},"thumbnailUrl":"https:\/\/kapitalis.com\/tunisie\/wp-content\/uploads\/2023\/12\/Mira-Agdal.jpg","datePublished":"2023-12-06T05:50:55+00:00","dateModified":"2023-12-06T05:50:56+00:00","breadcrumb":{"@id":"https:\/\/kapitalis.com\/tunisie\/2023\/12\/06\/silent-storm-de-mira-agdal-entre-vapeurs-brumes-et-eclairs\/#breadcrumb"},"inLanguage":"fr-FR","potentialAction":[{"@type":"ReadAction","target":["https:\/\/kapitalis.com\/tunisie\/2023\/12\/06\/silent-storm-de-mira-agdal-entre-vapeurs-brumes-et-eclairs\/"]}]},{"@type":"ImageObject","inLanguage":"fr-FR","@id":"https:\/\/kapitalis.com\/tunisie\/2023\/12\/06\/silent-storm-de-mira-agdal-entre-vapeurs-brumes-et-eclairs\/#primaryimage","url":"https:\/\/kapitalis.com\/tunisie\/wp-content\/uploads\/2023\/12\/Mira-Agdal.jpg","contentUrl":"https:\/\/kapitalis.com\/tunisie\/wp-content\/uploads\/2023\/12\/Mira-Agdal.jpg","width":1200,"height":630},{"@type":"BreadcrumbList","@id":"https:\/\/kapitalis.com\/tunisie\/2023\/12\/06\/silent-storm-de-mira-agdal-entre-vapeurs-brumes-et-eclairs\/#breadcrumb","itemListElement":[{"@type":"ListItem","position":1,"name":"Accueil","item":"https:\/\/kapitalis.com\/tunisie\/"},{"@type":"ListItem","position":2,"name":"\u00abSilent Storm\u00bb de Mira Agdal\u00a0: entre vapeurs, brumes et \u00e9clairs"}]},{"@type":"WebSite","@id":"https:\/\/kapitalis.com\/tunisie\/#website","url":"https:\/\/kapitalis.com\/tunisie\/","name":"Kapitalis","description":"L&#039;actualit\u00e9 en Tunisie et dans le monde","publisher":{"@id":"https:\/\/kapitalis.com\/tunisie\/#organization"},"potentialAction":[{"@type":"SearchAction","target":{"@type":"EntryPoint","urlTemplate":"https:\/\/kapitalis.com\/tunisie\/?s={search_term_string}"},"query-input":{"@type":"PropertyValueSpecification","valueRequired":true,"valueName":"search_term_string"}}],"inLanguage":"fr-FR"},{"@type":"Organization","@id":"https:\/\/kapitalis.com\/tunisie\/#organization","name":"Kapitalis","url":"https:\/\/kapitalis.com\/tunisie\/","logo":{"@type":"ImageObject","inLanguage":"fr-FR","@id":"https:\/\/kapitalis.com\/tunisie\/#\/schema\/logo\/image\/","url":"https:\/\/kapitalis.com\/tunisie\/wp-content\/uploads\/2022\/05\/Kapitalis-big-size.png","contentUrl":"https:\/\/kapitalis.com\/tunisie\/wp-content\/uploads\/2022\/05\/Kapitalis-big-size.png","width":5000,"height":1500,"caption":"Kapitalis"},"image":{"@id":"https:\/\/kapitalis.com\/tunisie\/#\/schema\/logo\/image\/"},"sameAs":["https:\/\/www.facebook.com\/KapitalisInfo\/","https:\/\/x.com\/KapitalisInfo","https:\/\/www.youtube.com\/channel\/UC-yDYrHyfFBWWZaOw3FPg9Q"]},{"@type":"Person","@id":"https:\/\/kapitalis.com\/tunisie\/#\/schema\/person\/d71f33a9ca44f7bad4698210b480c8e9","name":"webmaster kapitalis","url":"https:\/\/kapitalis.com\/tunisie\/author\/webmaster-kapitalis\/"}]}},"_links":{"self":[{"href":"https:\/\/kapitalis.com\/tunisie\/wp-json\/wp\/v2\/posts\/10822018","targetHints":{"allow":["GET"]}}],"collection":[{"href":"https:\/\/kapitalis.com\/tunisie\/wp-json\/wp\/v2\/posts"}],"about":[{"href":"https:\/\/kapitalis.com\/tunisie\/wp-json\/wp\/v2\/types\/post"}],"author":[{"embeddable":true,"href":"https:\/\/kapitalis.com\/tunisie\/wp-json\/wp\/v2\/users\/8"}],"replies":[{"embeddable":true,"href":"https:\/\/kapitalis.com\/tunisie\/wp-json\/wp\/v2\/comments?post=10822018"}],"version-history":[{"count":1,"href":"https:\/\/kapitalis.com\/tunisie\/wp-json\/wp\/v2\/posts\/10822018\/revisions"}],"predecessor-version":[{"id":10822102,"href":"https:\/\/kapitalis.com\/tunisie\/wp-json\/wp\/v2\/posts\/10822018\/revisions\/10822102"}],"wp:featuredmedia":[{"embeddable":true,"href":"https:\/\/kapitalis.com\/tunisie\/wp-json\/wp\/v2\/media\/10822099"}],"wp:attachment":[{"href":"https:\/\/kapitalis.com\/tunisie\/wp-json\/wp\/v2\/media?parent=10822018"}],"wp:term":[{"taxonomy":"category","embeddable":true,"href":"https:\/\/kapitalis.com\/tunisie\/wp-json\/wp\/v2\/categories?post=10822018"},{"taxonomy":"post_tag","embeddable":true,"href":"https:\/\/kapitalis.com\/tunisie\/wp-json\/wp\/v2\/tags?post=10822018"}],"curies":[{"name":"wp","href":"https:\/\/api.w.org\/{rel}","templated":true}]}}