{"id":108253,"date":"2017-07-30T09:08:09","date_gmt":"2017-07-30T08:08:09","guid":{"rendered":"http:\/\/kapitalis.com\/tunisie\/?p=108253"},"modified":"2017-07-30T09:08:09","modified_gmt":"2017-07-30T08:08:09","slug":"faouzi-benzarti-je-suis-libre-dexprimer-mes-opinions","status":"publish","type":"post","link":"https:\/\/kapitalis.com\/tunisie\/2017\/07\/30\/faouzi-benzarti-je-suis-libre-dexprimer-mes-opinions\/","title":{"rendered":"Faouzi Benzarti : \u00abJe suis libre d\u2019exprimer mes opinions\u00bb"},"content":{"rendered":"<p style=\"text-align: center;\"><img loading=\"lazy\" decoding=\"async\" class=\"alignnone size-full wp-image-108254\" src=\"http:\/\/kapitalis.com\/tunisie\/wp-content\/uploads\/2017\/07\/Faouzi-Benzarti-Sissi.jpg\" alt=\"\" width=\"626\" height=\"380\" \/><\/p>\n<p><em><strong>Faouzi Benzarti persiste et signe : il ne retire pas un seul mot de sa d\u00e9claration sur le pr\u00e9sident Sissi, qui a, selon lui, sauv\u00e9 l\u2019Egypte et le monde arabe.<\/strong> <\/em><\/p>\n<p><!--more--><\/p>\n<p>Faouzi Benzarti, l\u2019entra\u00eeneur de l\u2019Esp\u00e9rance sportive de Tunis (EST), a d\u00e9menti, samedi 29 juillet 2017, les propos selon lesquels le pr\u00e9sident du club Hamdi Meddeb aurait \u00e9t\u00e9 embarrass\u00e9 par sa d\u00e9claration, jeudi dernier, \u00e0 la cha\u00eene \u00e9gyptienne On Sport.<\/p>\n<p>Faouzi Benzarti pr\u00e9cise que Hamdi Meddeb n\u2019a fait aucune allusion \u00e0 ce sujet. <em>\u00abIl n\u2019a fait aucune r\u00e9f\u00e9rence \u00e0 mon intervention t\u00e9l\u00e9vis\u00e9e. Le pr\u00e9sident du club a assist\u00e9 au match contre El Merreikh et a quitt\u00e9 le stade sans rien dire \u00e0 ce sujet. Je pense que les propos rapport\u00e9s par certains medias sont de la pure extrapolation. Ce n\u2019est que de la rumeur incolore inodore. Juste pour faire du buzz\u00bb<\/em>, a d\u00e9clar\u00e9 Benzarti.<\/p>\n<p>A une question du journaliste de la cha\u00eene On Sport, Faouzi Benzarti avait r\u00e9pondu que les Tunisiens sont <em>\u00abheureux de l\u2019arriv\u00e9e d\u2019Abdelfattah Sissi \u00e0 la pr\u00e9sidence de l\u2019Egypte. Sans lui, le monde arabe serait parti \u00e0 la catastrophe<\/em> (<em>\u00abfi dahia\u00bb<\/em>, pour reprendre le mot exact de Benzarti). <em>Nous remercions le pr\u00e9sident \u00e9gyptien pour avoir tenu la situation en main et sauv\u00e9 le monde arabe. Certains ont voulu chauffer la marmite mais \u00e7a ne marche pas. Apr\u00e8s tout je suis libre d\u2019exprimer mes opinions\u00bb<\/em>, avait ajout\u00e9 le technicien.<\/p>\n<p style=\"text-align: right;\"><strong>H. M. <\/strong><\/p>\n","protected":false},"excerpt":{"rendered":"<p>Faouzi Benzarti persiste et signe : il ne retire pas un seul mot de sa d\u00e9claration sur le pr\u00e9sident Sissi, qui a, selon lui, sauv\u00e9 l\u2019Egypte et le monde arabe.<\/p>\n","protected":false},"author":8,"featured_media":108254,"comment_status":"open","ping_status":"open","sticky":false,"template":"","format":"standard","meta":{"footnotes":""},"categories":[999,2433],"tags":[6877,2379,1852,2472],"class_list":["post-108253","post","type-post","status-publish","format-standard","has-post-thumbnail","hentry","category-sport","category-tunisie","tag-abdelfattah-sissi","tag-egypte","tag-faouzi-benzarti","tag-hamdi-meddeb"],"yoast_head":"<!-- This site is optimized with the Yoast SEO plugin v26.6 - https:\/\/yoast.com\/wordpress\/plugins\/seo\/ -->\n<title>Faouzi Benzarti : \u00abJe suis libre d\u2019exprimer mes opinions\u00bb - Kapitalis<\/title>\n<meta name=\"robots\" content=\"index, follow, max-snippet:-1, max-image-preview:large, max-video-preview:-1\" \/>\n<link rel=\"canonical\" href=\"https:\/\/kapitalis.com\/tunisie\/2017\/07\/30\/faouzi-benzarti-je-suis-libre-dexprimer-mes-opinions\/\" \/>\n<meta property=\"og:locale\" content=\"fr_FR\" \/>\n<meta property=\"og:type\" content=\"article\" \/>\n<meta property=\"og:title\" content=\"Faouzi Benzarti : \u00abJe suis libre d\u2019exprimer mes opinions\u00bb - Kapitalis\" \/>\n<meta property=\"og:description\" content=\"Faouzi Benzarti persiste et signe : il ne retire pas un seul mot de sa d\u00e9claration sur le pr\u00e9sident Sissi, qui a, selon lui, sauv\u00e9 l\u2019Egypte et le monde arabe.\" \/>\n<meta property=\"og:url\" content=\"https:\/\/kapitalis.com\/tunisie\/2017\/07\/30\/faouzi-benzarti-je-suis-libre-dexprimer-mes-opinions\/\" \/>\n<meta property=\"og:site_name\" content=\"Kapitalis\" \/>\n<meta property=\"article:publisher\" content=\"https:\/\/www.facebook.com\/KapitalisInfo\/\" \/>\n<meta property=\"article:published_time\" content=\"2017-07-30T08:08:09+00:00\" \/>\n<meta property=\"og:image\" content=\"https:\/\/kapitalis.com\/tunisie\/wp-content\/uploads\/2022\/05\/kapitalis-logo-fb.png\" \/>\n\t<meta property=\"og:image:width\" content=\"1200\" \/>\n\t<meta property=\"og:image:height\" content=\"630\" \/>\n\t<meta property=\"og:image:type\" content=\"image\/png\" \/>\n<meta name=\"author\" content=\"webmaster kapitalis\" \/>\n<meta name=\"twitter:card\" content=\"summary_large_image\" \/>\n<meta name=\"twitter:creator\" content=\"@KapitalisInfo\" \/>\n<meta name=\"twitter:site\" content=\"@KapitalisInfo\" \/>\n<meta name=\"twitter:label1\" content=\"\u00c9crit par\" \/>\n\t<meta name=\"twitter:data1\" content=\"webmaster kapitalis\" \/>\n\t<meta name=\"twitter:label2\" content=\"Dur\u00e9e de lecture estim\u00e9e\" \/>\n\t<meta name=\"twitter:data2\" content=\"1 minute\" \/>\n<script type=\"application\/ld+json\" class=\"yoast-schema-graph\">{\"@context\":\"https:\/\/schema.org\",\"@graph\":[{\"@type\":\"Article\",\"@id\":\"https:\/\/kapitalis.com\/tunisie\/2017\/07\/30\/faouzi-benzarti-je-suis-libre-dexprimer-mes-opinions\/#article\",\"isPartOf\":{\"@id\":\"https:\/\/kapitalis.com\/tunisie\/2017\/07\/30\/faouzi-benzarti-je-suis-libre-dexprimer-mes-opinions\/\"},\"author\":{\"name\":\"webmaster kapitalis\",\"@id\":\"https:\/\/kapitalis.com\/tunisie\/#\/schema\/person\/d71f33a9ca44f7bad4698210b480c8e9\"},\"headline\":\"Faouzi Benzarti : \u00abJe suis libre d\u2019exprimer mes opinions\u00bb\",\"datePublished\":\"2017-07-30T08:08:09+00:00\",\"mainEntityOfPage\":{\"@id\":\"https:\/\/kapitalis.com\/tunisie\/2017\/07\/30\/faouzi-benzarti-je-suis-libre-dexprimer-mes-opinions\/\"},\"wordCount\":265,\"commentCount\":6,\"publisher\":{\"@id\":\"https:\/\/kapitalis.com\/tunisie\/#organization\"},\"image\":{\"@id\":\"https:\/\/kapitalis.com\/tunisie\/2017\/07\/30\/faouzi-benzarti-je-suis-libre-dexprimer-mes-opinions\/#primaryimage\"},\"thumbnailUrl\":\"\",\"keywords\":[\"Abdelfattah Sissi\",\"Egypte\",\"Faouzi Benzarti\",\"Hamdi Meddeb\"],\"articleSection\":[\"SPORT\",\"Tunisie\"],\"inLanguage\":\"fr-FR\",\"potentialAction\":[{\"@type\":\"CommentAction\",\"name\":\"Comment\",\"target\":[\"https:\/\/kapitalis.com\/tunisie\/2017\/07\/30\/faouzi-benzarti-je-suis-libre-dexprimer-mes-opinions\/#respond\"]}]},{\"@type\":\"WebPage\",\"@id\":\"https:\/\/kapitalis.com\/tunisie\/2017\/07\/30\/faouzi-benzarti-je-suis-libre-dexprimer-mes-opinions\/\",\"url\":\"https:\/\/kapitalis.com\/tunisie\/2017\/07\/30\/faouzi-benzarti-je-suis-libre-dexprimer-mes-opinions\/\",\"name\":\"Faouzi Benzarti : \u00abJe suis libre d\u2019exprimer mes opinions\u00bb - Kapitalis\",\"isPartOf\":{\"@id\":\"https:\/\/kapitalis.com\/tunisie\/#website\"},\"primaryImageOfPage\":{\"@id\":\"https:\/\/kapitalis.com\/tunisie\/2017\/07\/30\/faouzi-benzarti-je-suis-libre-dexprimer-mes-opinions\/#primaryimage\"},\"image\":{\"@id\":\"https:\/\/kapitalis.com\/tunisie\/2017\/07\/30\/faouzi-benzarti-je-suis-libre-dexprimer-mes-opinions\/#primaryimage\"},\"thumbnailUrl\":\"\",\"datePublished\":\"2017-07-30T08:08:09+00:00\",\"breadcrumb\":{\"@id\":\"https:\/\/kapitalis.com\/tunisie\/2017\/07\/30\/faouzi-benzarti-je-suis-libre-dexprimer-mes-opinions\/#breadcrumb\"},\"inLanguage\":\"fr-FR\",\"potentialAction\":[{\"@type\":\"ReadAction\",\"target\":[\"https:\/\/kapitalis.com\/tunisie\/2017\/07\/30\/faouzi-benzarti-je-suis-libre-dexprimer-mes-opinions\/\"]}]},{\"@type\":\"ImageObject\",\"inLanguage\":\"fr-FR\",\"@id\":\"https:\/\/kapitalis.com\/tunisie\/2017\/07\/30\/faouzi-benzarti-je-suis-libre-dexprimer-mes-opinions\/#primaryimage\",\"url\":\"\",\"contentUrl\":\"\"},{\"@type\":\"BreadcrumbList\",\"@id\":\"https:\/\/kapitalis.com\/tunisie\/2017\/07\/30\/faouzi-benzarti-je-suis-libre-dexprimer-mes-opinions\/#breadcrumb\",\"itemListElement\":[{\"@type\":\"ListItem\",\"position\":1,\"name\":\"Accueil\",\"item\":\"https:\/\/kapitalis.com\/tunisie\/\"},{\"@type\":\"ListItem\",\"position\":2,\"name\":\"Faouzi Benzarti : \u00abJe suis libre d\u2019exprimer mes opinions\u00bb\"}]},{\"@type\":\"WebSite\",\"@id\":\"https:\/\/kapitalis.com\/tunisie\/#website\",\"url\":\"https:\/\/kapitalis.com\/tunisie\/\",\"name\":\"Kapitalis\",\"description\":\"L&#039;actualit\u00e9 en Tunisie et dans le monde\",\"publisher\":{\"@id\":\"https:\/\/kapitalis.com\/tunisie\/#organization\"},\"potentialAction\":[{\"@type\":\"SearchAction\",\"target\":{\"@type\":\"EntryPoint\",\"urlTemplate\":\"https:\/\/kapitalis.com\/tunisie\/?s={search_term_string}\"},\"query-input\":{\"@type\":\"PropertyValueSpecification\",\"valueRequired\":true,\"valueName\":\"search_term_string\"}}],\"inLanguage\":\"fr-FR\"},{\"@type\":\"Organization\",\"@id\":\"https:\/\/kapitalis.com\/tunisie\/#organization\",\"name\":\"Kapitalis\",\"url\":\"https:\/\/kapitalis.com\/tunisie\/\",\"logo\":{\"@type\":\"ImageObject\",\"inLanguage\":\"fr-FR\",\"@id\":\"https:\/\/kapitalis.com\/tunisie\/#\/schema\/logo\/image\/\",\"url\":\"https:\/\/kapitalis.com\/tunisie\/wp-content\/uploads\/2022\/05\/Kapitalis-big-size.png\",\"contentUrl\":\"https:\/\/kapitalis.com\/tunisie\/wp-content\/uploads\/2022\/05\/Kapitalis-big-size.png\",\"width\":5000,\"height\":1500,\"caption\":\"Kapitalis\"},\"image\":{\"@id\":\"https:\/\/kapitalis.com\/tunisie\/#\/schema\/logo\/image\/\"},\"sameAs\":[\"https:\/\/www.facebook.com\/KapitalisInfo\/\",\"https:\/\/x.com\/KapitalisInfo\",\"https:\/\/www.youtube.com\/channel\/UC-yDYrHyfFBWWZaOw3FPg9Q\"]},{\"@type\":\"Person\",\"@id\":\"https:\/\/kapitalis.com\/tunisie\/#\/schema\/person\/d71f33a9ca44f7bad4698210b480c8e9\",\"name\":\"webmaster kapitalis\",\"url\":\"https:\/\/kapitalis.com\/tunisie\/author\/webmaster-kapitalis\/\"}]}<\/script>\n<!-- \/ Yoast SEO plugin. -->","yoast_head_json":{"title":"Faouzi Benzarti : \u00abJe suis libre d\u2019exprimer mes opinions\u00bb - Kapitalis","robots":{"index":"index","follow":"follow","max-snippet":"max-snippet:-1","max-image-preview":"max-image-preview:large","max-video-preview":"max-video-preview:-1"},"canonical":"https:\/\/kapitalis.com\/tunisie\/2017\/07\/30\/faouzi-benzarti-je-suis-libre-dexprimer-mes-opinions\/","og_locale":"fr_FR","og_type":"article","og_title":"Faouzi Benzarti : \u00abJe suis libre d\u2019exprimer mes opinions\u00bb - Kapitalis","og_description":"Faouzi Benzarti persiste et signe : il ne retire pas un seul mot de sa d\u00e9claration sur le pr\u00e9sident Sissi, qui a, selon lui, sauv\u00e9 l\u2019Egypte et le monde arabe.","og_url":"https:\/\/kapitalis.com\/tunisie\/2017\/07\/30\/faouzi-benzarti-je-suis-libre-dexprimer-mes-opinions\/","og_site_name":"Kapitalis","article_publisher":"https:\/\/www.facebook.com\/KapitalisInfo\/","article_published_time":"2017-07-30T08:08:09+00:00","og_image":[{"width":1200,"height":630,"url":"https:\/\/kapitalis.com\/tunisie\/wp-content\/uploads\/2022\/05\/kapitalis-logo-fb.png","type":"image\/png"}],"author":"webmaster kapitalis","twitter_card":"summary_large_image","twitter_creator":"@KapitalisInfo","twitter_site":"@KapitalisInfo","twitter_misc":{"\u00c9crit par":"webmaster kapitalis","Dur\u00e9e de lecture estim\u00e9e":"1 minute"},"schema":{"@context":"https:\/\/schema.org","@graph":[{"@type":"Article","@id":"https:\/\/kapitalis.com\/tunisie\/2017\/07\/30\/faouzi-benzarti-je-suis-libre-dexprimer-mes-opinions\/#article","isPartOf":{"@id":"https:\/\/kapitalis.com\/tunisie\/2017\/07\/30\/faouzi-benzarti-je-suis-libre-dexprimer-mes-opinions\/"},"author":{"name":"webmaster kapitalis","@id":"https:\/\/kapitalis.com\/tunisie\/#\/schema\/person\/d71f33a9ca44f7bad4698210b480c8e9"},"headline":"Faouzi Benzarti : \u00abJe suis libre d\u2019exprimer mes opinions\u00bb","datePublished":"2017-07-30T08:08:09+00:00","mainEntityOfPage":{"@id":"https:\/\/kapitalis.com\/tunisie\/2017\/07\/30\/faouzi-benzarti-je-suis-libre-dexprimer-mes-opinions\/"},"wordCount":265,"commentCount":6,"publisher":{"@id":"https:\/\/kapitalis.com\/tunisie\/#organization"},"image":{"@id":"https:\/\/kapitalis.com\/tunisie\/2017\/07\/30\/faouzi-benzarti-je-suis-libre-dexprimer-mes-opinions\/#primaryimage"},"thumbnailUrl":"","keywords":["Abdelfattah Sissi","Egypte","Faouzi Benzarti","Hamdi Meddeb"],"articleSection":["SPORT","Tunisie"],"inLanguage":"fr-FR","potentialAction":[{"@type":"CommentAction","name":"Comment","target":["https:\/\/kapitalis.com\/tunisie\/2017\/07\/30\/faouzi-benzarti-je-suis-libre-dexprimer-mes-opinions\/#respond"]}]},{"@type":"WebPage","@id":"https:\/\/kapitalis.com\/tunisie\/2017\/07\/30\/faouzi-benzarti-je-suis-libre-dexprimer-mes-opinions\/","url":"https:\/\/kapitalis.com\/tunisie\/2017\/07\/30\/faouzi-benzarti-je-suis-libre-dexprimer-mes-opinions\/","name":"Faouzi Benzarti : \u00abJe suis libre d\u2019exprimer mes opinions\u00bb - Kapitalis","isPartOf":{"@id":"https:\/\/kapitalis.com\/tunisie\/#website"},"primaryImageOfPage":{"@id":"https:\/\/kapitalis.com\/tunisie\/2017\/07\/30\/faouzi-benzarti-je-suis-libre-dexprimer-mes-opinions\/#primaryimage"},"image":{"@id":"https:\/\/kapitalis.com\/tunisie\/2017\/07\/30\/faouzi-benzarti-je-suis-libre-dexprimer-mes-opinions\/#primaryimage"},"thumbnailUrl":"","datePublished":"2017-07-30T08:08:09+00:00","breadcrumb":{"@id":"https:\/\/kapitalis.com\/tunisie\/2017\/07\/30\/faouzi-benzarti-je-suis-libre-dexprimer-mes-opinions\/#breadcrumb"},"inLanguage":"fr-FR","potentialAction":[{"@type":"ReadAction","target":["https:\/\/kapitalis.com\/tunisie\/2017\/07\/30\/faouzi-benzarti-je-suis-libre-dexprimer-mes-opinions\/"]}]},{"@type":"ImageObject","inLanguage":"fr-FR","@id":"https:\/\/kapitalis.com\/tunisie\/2017\/07\/30\/faouzi-benzarti-je-suis-libre-dexprimer-mes-opinions\/#primaryimage","url":"","contentUrl":""},{"@type":"BreadcrumbList","@id":"https:\/\/kapitalis.com\/tunisie\/2017\/07\/30\/faouzi-benzarti-je-suis-libre-dexprimer-mes-opinions\/#breadcrumb","itemListElement":[{"@type":"ListItem","position":1,"name":"Accueil","item":"https:\/\/kapitalis.com\/tunisie\/"},{"@type":"ListItem","position":2,"name":"Faouzi Benzarti : \u00abJe suis libre d\u2019exprimer mes opinions\u00bb"}]},{"@type":"WebSite","@id":"https:\/\/kapitalis.com\/tunisie\/#website","url":"https:\/\/kapitalis.com\/tunisie\/","name":"Kapitalis","description":"L&#039;actualit\u00e9 en Tunisie et dans le monde","publisher":{"@id":"https:\/\/kapitalis.com\/tunisie\/#organization"},"potentialAction":[{"@type":"SearchAction","target":{"@type":"EntryPoint","urlTemplate":"https:\/\/kapitalis.com\/tunisie\/?s={search_term_string}"},"query-input":{"@type":"PropertyValueSpecification","valueRequired":true,"valueName":"search_term_string"}}],"inLanguage":"fr-FR"},{"@type":"Organization","@id":"https:\/\/kapitalis.com\/tunisie\/#organization","name":"Kapitalis","url":"https:\/\/kapitalis.com\/tunisie\/","logo":{"@type":"ImageObject","inLanguage":"fr-FR","@id":"https:\/\/kapitalis.com\/tunisie\/#\/schema\/logo\/image\/","url":"https:\/\/kapitalis.com\/tunisie\/wp-content\/uploads\/2022\/05\/Kapitalis-big-size.png","contentUrl":"https:\/\/kapitalis.com\/tunisie\/wp-content\/uploads\/2022\/05\/Kapitalis-big-size.png","width":5000,"height":1500,"caption":"Kapitalis"},"image":{"@id":"https:\/\/kapitalis.com\/tunisie\/#\/schema\/logo\/image\/"},"sameAs":["https:\/\/www.facebook.com\/KapitalisInfo\/","https:\/\/x.com\/KapitalisInfo","https:\/\/www.youtube.com\/channel\/UC-yDYrHyfFBWWZaOw3FPg9Q"]},{"@type":"Person","@id":"https:\/\/kapitalis.com\/tunisie\/#\/schema\/person\/d71f33a9ca44f7bad4698210b480c8e9","name":"webmaster kapitalis","url":"https:\/\/kapitalis.com\/tunisie\/author\/webmaster-kapitalis\/"}]}},"_links":{"self":[{"href":"https:\/\/kapitalis.com\/tunisie\/wp-json\/wp\/v2\/posts\/108253","targetHints":{"allow":["GET"]}}],"collection":[{"href":"https:\/\/kapitalis.com\/tunisie\/wp-json\/wp\/v2\/posts"}],"about":[{"href":"https:\/\/kapitalis.com\/tunisie\/wp-json\/wp\/v2\/types\/post"}],"author":[{"embeddable":true,"href":"https:\/\/kapitalis.com\/tunisie\/wp-json\/wp\/v2\/users\/8"}],"replies":[{"embeddable":true,"href":"https:\/\/kapitalis.com\/tunisie\/wp-json\/wp\/v2\/comments?post=108253"}],"version-history":[{"count":0,"href":"https:\/\/kapitalis.com\/tunisie\/wp-json\/wp\/v2\/posts\/108253\/revisions"}],"wp:featuredmedia":[{"embeddable":true,"href":"https:\/\/kapitalis.com\/tunisie\/wp-json\/wp\/v2\/media\/108254"}],"wp:attachment":[{"href":"https:\/\/kapitalis.com\/tunisie\/wp-json\/wp\/v2\/media?parent=108253"}],"wp:term":[{"taxonomy":"category","embeddable":true,"href":"https:\/\/kapitalis.com\/tunisie\/wp-json\/wp\/v2\/categories?post=108253"},{"taxonomy":"post_tag","embeddable":true,"href":"https:\/\/kapitalis.com\/tunisie\/wp-json\/wp\/v2\/tags?post=108253"}],"curies":[{"name":"wp","href":"https:\/\/api.w.org\/{rel}","templated":true}]}}