{"id":108276,"date":"2017-07-30T11:22:38","date_gmt":"2017-07-30T10:22:38","guid":{"rendered":"http:\/\/kapitalis.com\/tunisie\/?p=108276"},"modified":"2017-07-30T11:22:38","modified_gmt":"2017-07-30T10:22:38","slug":"football-farouk-ben-mustapha-rejoint-al-chabab","status":"publish","type":"post","link":"https:\/\/kapitalis.com\/tunisie\/2017\/07\/30\/football-farouk-ben-mustapha-rejoint-al-chabab\/","title":{"rendered":"Football: Farouk Ben Mustapha rejoint Al Chabab"},"content":{"rendered":"<p style=\"text-align: center;\"><img loading=\"lazy\" decoding=\"async\" class=\"alignnone size-full wp-image-108277\" src=\"http:\/\/kapitalis.com\/tunisie\/wp-content\/uploads\/2017\/07\/Farouk-Ben-Mustapha.jpg\" alt=\"\" width=\"626\" height=\"380\" \/><\/p>\n<p><em><strong>La direction du club saoudien Al Chabab a annonc\u00e9 l\u2019arriv\u00e9e, samedi 29 juin 2017, de sa nouvelle recrue, l\u2019international tunisien Farouk Ben Mustapha.<\/strong><\/em><\/p>\n<p><!--more--><\/p>\n<p>Le chef du bureau de presse du club saoudien Ahmed Massoud a ajout\u00e9 dans un twiter que Farouk Ben Mustapha a ralli\u00e9 sa nouvelle \u00e9quipe \u00e0 Tabuk, pour participer au tournoi de football organis\u00e9 dans cette ville saoudienne du 1er au 6 ao\u00fbt 2017.<\/p>\n<p>Al Chabab affrontera le Club sportif sfaxien (CSS), mercredi prochain 2 juillet. Ce serait la premi\u00e8re de l\u2019ex-portier du Club africain (CA) avec son nouveau club.<\/p>\n<p>Rappelons que Farouk Ben Mustapha n\u2019a pas \u00e9t\u00e9 autoris\u00e9, le 25 juillet dernier, par d\u00e9cision judiciaire, \u00e0 quitter le territoire tunisien pour rejoindre son club en Arabie Saoudite pour les besoins d\u2019une enqu\u00eate sur le d\u00e9c\u00e8s de son neveu par noyade, dans la piscine de la villa du joueur, \u00e0 la Corniche, de Bizerte.<\/p>\n<p style=\"text-align: right;\"><strong>H. M. <\/strong><\/p>\n","protected":false},"excerpt":{"rendered":"<p>La direction du club saoudien Al Chabab a annonc\u00e9 l\u2019arriv\u00e9e, samedi 29 juin 2017, de sa nouvelle recrue, l\u2019international tunisien Farouk Ben Mustapha.<\/p>\n","protected":false},"author":8,"featured_media":108277,"comment_status":"open","ping_status":"open","sticky":false,"template":"","format":"standard","meta":{"footnotes":""},"categories":[999,2433],"tags":[4268,32318],"class_list":["post-108276","post","type-post","status-publish","format-standard","has-post-thumbnail","hentry","category-sport","category-tunisie","tag-club-sportif-sfaxien","tag-farouk-ben-mustapha"],"yoast_head":"<!-- This site is optimized with the Yoast SEO plugin v26.6 - https:\/\/yoast.com\/wordpress\/plugins\/seo\/ -->\n<title>Football: Farouk Ben Mustapha rejoint Al Chabab - Kapitalis<\/title>\n<meta name=\"robots\" content=\"index, follow, max-snippet:-1, max-image-preview:large, max-video-preview:-1\" \/>\n<link rel=\"canonical\" href=\"https:\/\/kapitalis.com\/tunisie\/2017\/07\/30\/football-farouk-ben-mustapha-rejoint-al-chabab\/\" \/>\n<meta property=\"og:locale\" content=\"fr_FR\" \/>\n<meta property=\"og:type\" content=\"article\" \/>\n<meta property=\"og:title\" content=\"Football: Farouk Ben Mustapha rejoint Al Chabab - Kapitalis\" \/>\n<meta property=\"og:description\" content=\"La direction du club saoudien Al Chabab a annonc\u00e9 l\u2019arriv\u00e9e, samedi 29 juin 2017, de sa nouvelle recrue, l\u2019international tunisien Farouk Ben Mustapha.\" \/>\n<meta property=\"og:url\" content=\"https:\/\/kapitalis.com\/tunisie\/2017\/07\/30\/football-farouk-ben-mustapha-rejoint-al-chabab\/\" \/>\n<meta property=\"og:site_name\" content=\"Kapitalis\" \/>\n<meta property=\"article:publisher\" content=\"https:\/\/www.facebook.com\/KapitalisInfo\/\" \/>\n<meta property=\"article:published_time\" content=\"2017-07-30T10:22:38+00:00\" \/>\n<meta property=\"og:image\" content=\"https:\/\/kapitalis.com\/tunisie\/wp-content\/uploads\/2022\/05\/kapitalis-logo-fb.png\" \/>\n\t<meta property=\"og:image:width\" content=\"1200\" \/>\n\t<meta property=\"og:image:height\" content=\"630\" \/>\n\t<meta property=\"og:image:type\" content=\"image\/png\" \/>\n<meta name=\"author\" content=\"webmaster kapitalis\" \/>\n<meta name=\"twitter:card\" content=\"summary_large_image\" \/>\n<meta name=\"twitter:creator\" content=\"@KapitalisInfo\" \/>\n<meta name=\"twitter:site\" content=\"@KapitalisInfo\" \/>\n<meta name=\"twitter:label1\" content=\"\u00c9crit par\" \/>\n\t<meta name=\"twitter:data1\" content=\"webmaster kapitalis\" \/>\n\t<meta name=\"twitter:label2\" content=\"Dur\u00e9e de lecture estim\u00e9e\" \/>\n\t<meta name=\"twitter:data2\" content=\"1 minute\" \/>\n<script type=\"application\/ld+json\" class=\"yoast-schema-graph\">{\"@context\":\"https:\/\/schema.org\",\"@graph\":[{\"@type\":\"Article\",\"@id\":\"https:\/\/kapitalis.com\/tunisie\/2017\/07\/30\/football-farouk-ben-mustapha-rejoint-al-chabab\/#article\",\"isPartOf\":{\"@id\":\"https:\/\/kapitalis.com\/tunisie\/2017\/07\/30\/football-farouk-ben-mustapha-rejoint-al-chabab\/\"},\"author\":{\"name\":\"webmaster kapitalis\",\"@id\":\"https:\/\/kapitalis.com\/tunisie\/#\/schema\/person\/d71f33a9ca44f7bad4698210b480c8e9\"},\"headline\":\"Football: Farouk Ben Mustapha rejoint Al Chabab\",\"datePublished\":\"2017-07-30T10:22:38+00:00\",\"mainEntityOfPage\":{\"@id\":\"https:\/\/kapitalis.com\/tunisie\/2017\/07\/30\/football-farouk-ben-mustapha-rejoint-al-chabab\/\"},\"wordCount\":159,\"commentCount\":0,\"publisher\":{\"@id\":\"https:\/\/kapitalis.com\/tunisie\/#organization\"},\"image\":{\"@id\":\"https:\/\/kapitalis.com\/tunisie\/2017\/07\/30\/football-farouk-ben-mustapha-rejoint-al-chabab\/#primaryimage\"},\"thumbnailUrl\":\"\",\"keywords\":[\"Club sportif sfaxien\",\"Farouk Ben Mustapha\"],\"articleSection\":[\"SPORT\",\"Tunisie\"],\"inLanguage\":\"fr-FR\",\"potentialAction\":[{\"@type\":\"CommentAction\",\"name\":\"Comment\",\"target\":[\"https:\/\/kapitalis.com\/tunisie\/2017\/07\/30\/football-farouk-ben-mustapha-rejoint-al-chabab\/#respond\"]}]},{\"@type\":\"WebPage\",\"@id\":\"https:\/\/kapitalis.com\/tunisie\/2017\/07\/30\/football-farouk-ben-mustapha-rejoint-al-chabab\/\",\"url\":\"https:\/\/kapitalis.com\/tunisie\/2017\/07\/30\/football-farouk-ben-mustapha-rejoint-al-chabab\/\",\"name\":\"Football: Farouk Ben Mustapha rejoint Al Chabab - Kapitalis\",\"isPartOf\":{\"@id\":\"https:\/\/kapitalis.com\/tunisie\/#website\"},\"primaryImageOfPage\":{\"@id\":\"https:\/\/kapitalis.com\/tunisie\/2017\/07\/30\/football-farouk-ben-mustapha-rejoint-al-chabab\/#primaryimage\"},\"image\":{\"@id\":\"https:\/\/kapitalis.com\/tunisie\/2017\/07\/30\/football-farouk-ben-mustapha-rejoint-al-chabab\/#primaryimage\"},\"thumbnailUrl\":\"\",\"datePublished\":\"2017-07-30T10:22:38+00:00\",\"breadcrumb\":{\"@id\":\"https:\/\/kapitalis.com\/tunisie\/2017\/07\/30\/football-farouk-ben-mustapha-rejoint-al-chabab\/#breadcrumb\"},\"inLanguage\":\"fr-FR\",\"potentialAction\":[{\"@type\":\"ReadAction\",\"target\":[\"https:\/\/kapitalis.com\/tunisie\/2017\/07\/30\/football-farouk-ben-mustapha-rejoint-al-chabab\/\"]}]},{\"@type\":\"ImageObject\",\"inLanguage\":\"fr-FR\",\"@id\":\"https:\/\/kapitalis.com\/tunisie\/2017\/07\/30\/football-farouk-ben-mustapha-rejoint-al-chabab\/#primaryimage\",\"url\":\"\",\"contentUrl\":\"\"},{\"@type\":\"BreadcrumbList\",\"@id\":\"https:\/\/kapitalis.com\/tunisie\/2017\/07\/30\/football-farouk-ben-mustapha-rejoint-al-chabab\/#breadcrumb\",\"itemListElement\":[{\"@type\":\"ListItem\",\"position\":1,\"name\":\"Accueil\",\"item\":\"https:\/\/kapitalis.com\/tunisie\/\"},{\"@type\":\"ListItem\",\"position\":2,\"name\":\"Football: Farouk Ben Mustapha rejoint Al Chabab\"}]},{\"@type\":\"WebSite\",\"@id\":\"https:\/\/kapitalis.com\/tunisie\/#website\",\"url\":\"https:\/\/kapitalis.com\/tunisie\/\",\"name\":\"Kapitalis\",\"description\":\"L&#039;actualit\u00e9 en Tunisie et dans le monde\",\"publisher\":{\"@id\":\"https:\/\/kapitalis.com\/tunisie\/#organization\"},\"potentialAction\":[{\"@type\":\"SearchAction\",\"target\":{\"@type\":\"EntryPoint\",\"urlTemplate\":\"https:\/\/kapitalis.com\/tunisie\/?s={search_term_string}\"},\"query-input\":{\"@type\":\"PropertyValueSpecification\",\"valueRequired\":true,\"valueName\":\"search_term_string\"}}],\"inLanguage\":\"fr-FR\"},{\"@type\":\"Organization\",\"@id\":\"https:\/\/kapitalis.com\/tunisie\/#organization\",\"name\":\"Kapitalis\",\"url\":\"https:\/\/kapitalis.com\/tunisie\/\",\"logo\":{\"@type\":\"ImageObject\",\"inLanguage\":\"fr-FR\",\"@id\":\"https:\/\/kapitalis.com\/tunisie\/#\/schema\/logo\/image\/\",\"url\":\"https:\/\/kapitalis.com\/tunisie\/wp-content\/uploads\/2022\/05\/Kapitalis-big-size.png\",\"contentUrl\":\"https:\/\/kapitalis.com\/tunisie\/wp-content\/uploads\/2022\/05\/Kapitalis-big-size.png\",\"width\":5000,\"height\":1500,\"caption\":\"Kapitalis\"},\"image\":{\"@id\":\"https:\/\/kapitalis.com\/tunisie\/#\/schema\/logo\/image\/\"},\"sameAs\":[\"https:\/\/www.facebook.com\/KapitalisInfo\/\",\"https:\/\/x.com\/KapitalisInfo\",\"https:\/\/www.youtube.com\/channel\/UC-yDYrHyfFBWWZaOw3FPg9Q\"]},{\"@type\":\"Person\",\"@id\":\"https:\/\/kapitalis.com\/tunisie\/#\/schema\/person\/d71f33a9ca44f7bad4698210b480c8e9\",\"name\":\"webmaster kapitalis\",\"url\":\"https:\/\/kapitalis.com\/tunisie\/author\/webmaster-kapitalis\/\"}]}<\/script>\n<!-- \/ Yoast SEO plugin. -->","yoast_head_json":{"title":"Football: Farouk Ben Mustapha rejoint Al Chabab - Kapitalis","robots":{"index":"index","follow":"follow","max-snippet":"max-snippet:-1","max-image-preview":"max-image-preview:large","max-video-preview":"max-video-preview:-1"},"canonical":"https:\/\/kapitalis.com\/tunisie\/2017\/07\/30\/football-farouk-ben-mustapha-rejoint-al-chabab\/","og_locale":"fr_FR","og_type":"article","og_title":"Football: Farouk Ben Mustapha rejoint Al Chabab - Kapitalis","og_description":"La direction du club saoudien Al Chabab a annonc\u00e9 l\u2019arriv\u00e9e, samedi 29 juin 2017, de sa nouvelle recrue, l\u2019international tunisien Farouk Ben Mustapha.","og_url":"https:\/\/kapitalis.com\/tunisie\/2017\/07\/30\/football-farouk-ben-mustapha-rejoint-al-chabab\/","og_site_name":"Kapitalis","article_publisher":"https:\/\/www.facebook.com\/KapitalisInfo\/","article_published_time":"2017-07-30T10:22:38+00:00","og_image":[{"width":1200,"height":630,"url":"https:\/\/kapitalis.com\/tunisie\/wp-content\/uploads\/2022\/05\/kapitalis-logo-fb.png","type":"image\/png"}],"author":"webmaster kapitalis","twitter_card":"summary_large_image","twitter_creator":"@KapitalisInfo","twitter_site":"@KapitalisInfo","twitter_misc":{"\u00c9crit par":"webmaster kapitalis","Dur\u00e9e de lecture estim\u00e9e":"1 minute"},"schema":{"@context":"https:\/\/schema.org","@graph":[{"@type":"Article","@id":"https:\/\/kapitalis.com\/tunisie\/2017\/07\/30\/football-farouk-ben-mustapha-rejoint-al-chabab\/#article","isPartOf":{"@id":"https:\/\/kapitalis.com\/tunisie\/2017\/07\/30\/football-farouk-ben-mustapha-rejoint-al-chabab\/"},"author":{"name":"webmaster kapitalis","@id":"https:\/\/kapitalis.com\/tunisie\/#\/schema\/person\/d71f33a9ca44f7bad4698210b480c8e9"},"headline":"Football: Farouk Ben Mustapha rejoint Al Chabab","datePublished":"2017-07-30T10:22:38+00:00","mainEntityOfPage":{"@id":"https:\/\/kapitalis.com\/tunisie\/2017\/07\/30\/football-farouk-ben-mustapha-rejoint-al-chabab\/"},"wordCount":159,"commentCount":0,"publisher":{"@id":"https:\/\/kapitalis.com\/tunisie\/#organization"},"image":{"@id":"https:\/\/kapitalis.com\/tunisie\/2017\/07\/30\/football-farouk-ben-mustapha-rejoint-al-chabab\/#primaryimage"},"thumbnailUrl":"","keywords":["Club sportif sfaxien","Farouk Ben Mustapha"],"articleSection":["SPORT","Tunisie"],"inLanguage":"fr-FR","potentialAction":[{"@type":"CommentAction","name":"Comment","target":["https:\/\/kapitalis.com\/tunisie\/2017\/07\/30\/football-farouk-ben-mustapha-rejoint-al-chabab\/#respond"]}]},{"@type":"WebPage","@id":"https:\/\/kapitalis.com\/tunisie\/2017\/07\/30\/football-farouk-ben-mustapha-rejoint-al-chabab\/","url":"https:\/\/kapitalis.com\/tunisie\/2017\/07\/30\/football-farouk-ben-mustapha-rejoint-al-chabab\/","name":"Football: Farouk Ben Mustapha rejoint Al Chabab - Kapitalis","isPartOf":{"@id":"https:\/\/kapitalis.com\/tunisie\/#website"},"primaryImageOfPage":{"@id":"https:\/\/kapitalis.com\/tunisie\/2017\/07\/30\/football-farouk-ben-mustapha-rejoint-al-chabab\/#primaryimage"},"image":{"@id":"https:\/\/kapitalis.com\/tunisie\/2017\/07\/30\/football-farouk-ben-mustapha-rejoint-al-chabab\/#primaryimage"},"thumbnailUrl":"","datePublished":"2017-07-30T10:22:38+00:00","breadcrumb":{"@id":"https:\/\/kapitalis.com\/tunisie\/2017\/07\/30\/football-farouk-ben-mustapha-rejoint-al-chabab\/#breadcrumb"},"inLanguage":"fr-FR","potentialAction":[{"@type":"ReadAction","target":["https:\/\/kapitalis.com\/tunisie\/2017\/07\/30\/football-farouk-ben-mustapha-rejoint-al-chabab\/"]}]},{"@type":"ImageObject","inLanguage":"fr-FR","@id":"https:\/\/kapitalis.com\/tunisie\/2017\/07\/30\/football-farouk-ben-mustapha-rejoint-al-chabab\/#primaryimage","url":"","contentUrl":""},{"@type":"BreadcrumbList","@id":"https:\/\/kapitalis.com\/tunisie\/2017\/07\/30\/football-farouk-ben-mustapha-rejoint-al-chabab\/#breadcrumb","itemListElement":[{"@type":"ListItem","position":1,"name":"Accueil","item":"https:\/\/kapitalis.com\/tunisie\/"},{"@type":"ListItem","position":2,"name":"Football: Farouk Ben Mustapha rejoint Al Chabab"}]},{"@type":"WebSite","@id":"https:\/\/kapitalis.com\/tunisie\/#website","url":"https:\/\/kapitalis.com\/tunisie\/","name":"Kapitalis","description":"L&#039;actualit\u00e9 en Tunisie et dans le monde","publisher":{"@id":"https:\/\/kapitalis.com\/tunisie\/#organization"},"potentialAction":[{"@type":"SearchAction","target":{"@type":"EntryPoint","urlTemplate":"https:\/\/kapitalis.com\/tunisie\/?s={search_term_string}"},"query-input":{"@type":"PropertyValueSpecification","valueRequired":true,"valueName":"search_term_string"}}],"inLanguage":"fr-FR"},{"@type":"Organization","@id":"https:\/\/kapitalis.com\/tunisie\/#organization","name":"Kapitalis","url":"https:\/\/kapitalis.com\/tunisie\/","logo":{"@type":"ImageObject","inLanguage":"fr-FR","@id":"https:\/\/kapitalis.com\/tunisie\/#\/schema\/logo\/image\/","url":"https:\/\/kapitalis.com\/tunisie\/wp-content\/uploads\/2022\/05\/Kapitalis-big-size.png","contentUrl":"https:\/\/kapitalis.com\/tunisie\/wp-content\/uploads\/2022\/05\/Kapitalis-big-size.png","width":5000,"height":1500,"caption":"Kapitalis"},"image":{"@id":"https:\/\/kapitalis.com\/tunisie\/#\/schema\/logo\/image\/"},"sameAs":["https:\/\/www.facebook.com\/KapitalisInfo\/","https:\/\/x.com\/KapitalisInfo","https:\/\/www.youtube.com\/channel\/UC-yDYrHyfFBWWZaOw3FPg9Q"]},{"@type":"Person","@id":"https:\/\/kapitalis.com\/tunisie\/#\/schema\/person\/d71f33a9ca44f7bad4698210b480c8e9","name":"webmaster kapitalis","url":"https:\/\/kapitalis.com\/tunisie\/author\/webmaster-kapitalis\/"}]}},"_links":{"self":[{"href":"https:\/\/kapitalis.com\/tunisie\/wp-json\/wp\/v2\/posts\/108276","targetHints":{"allow":["GET"]}}],"collection":[{"href":"https:\/\/kapitalis.com\/tunisie\/wp-json\/wp\/v2\/posts"}],"about":[{"href":"https:\/\/kapitalis.com\/tunisie\/wp-json\/wp\/v2\/types\/post"}],"author":[{"embeddable":true,"href":"https:\/\/kapitalis.com\/tunisie\/wp-json\/wp\/v2\/users\/8"}],"replies":[{"embeddable":true,"href":"https:\/\/kapitalis.com\/tunisie\/wp-json\/wp\/v2\/comments?post=108276"}],"version-history":[{"count":0,"href":"https:\/\/kapitalis.com\/tunisie\/wp-json\/wp\/v2\/posts\/108276\/revisions"}],"wp:featuredmedia":[{"embeddable":true,"href":"https:\/\/kapitalis.com\/tunisie\/wp-json\/wp\/v2\/media\/108277"}],"wp:attachment":[{"href":"https:\/\/kapitalis.com\/tunisie\/wp-json\/wp\/v2\/media?parent=108276"}],"wp:term":[{"taxonomy":"category","embeddable":true,"href":"https:\/\/kapitalis.com\/tunisie\/wp-json\/wp\/v2\/categories?post=108276"},{"taxonomy":"post_tag","embeddable":true,"href":"https:\/\/kapitalis.com\/tunisie\/wp-json\/wp\/v2\/tags?post=108276"}],"curies":[{"name":"wp","href":"https:\/\/api.w.org\/{rel}","templated":true}]}}