{"id":10838995,"date":"2023-12-08T08:02:35","date_gmt":"2023-12-08T07:02:35","guid":{"rendered":"https:\/\/kapitalis.com\/tunisie\/?p=10838995"},"modified":"2023-12-08T08:02:36","modified_gmt":"2023-12-08T07:02:36","slug":"tunisie-le-ffd-devoilera-bientot-sa-feuille-de-route-de-reformes","status":"publish","type":"post","link":"https:\/\/kapitalis.com\/tunisie\/2023\/12\/08\/tunisie-le-ffd-devoilera-bientot-sa-feuille-de-route-de-reformes\/","title":{"rendered":"Tunisie\u00a0: le FFD d\u00e9voilera bient\u00f4t sa feuille de route de r\u00e9formes"},"content":{"rendered":"\n<p><strong><em>Coordonnateur g\u00e9n\u00e9ral de la Coalition Soumoud, Houssem Hammi a indiqu\u00e9 que le Forum des forces d\u00e9mocratiques (FFD) partagera prochainement sa propre vision des r\u00e9formes \u00e0 introduire dans les domaines constitutionnel et socio\u00e9conomique.<\/em><\/strong><\/p>\n\n\n\n<!--more-->\n\n\n\n<p>Dans une d\u00e9claration \u00e0 l\u2019agence Tap, jeudi 7 d\u00e9cembre 223, le coordinateur a ajout\u00e9 que cette vision se propose de trouver des solutions aux probl\u00e8mes encore en suspens ainsi qu\u2019\u00e0 relancer la vie politique et intellectuelle du pays.<\/p>\n\n\n\n<p>Hammi a expliqu\u00e9 que le Forum a travaill\u00e9 pendant des mois pour finaliser cette vision \u00e0 travers trois comit\u00e9s cr\u00e9\u00e9s \u00e0 cet effet dont la mission \u00e9tait de discuter des alternatives permettant le d\u00e9veloppement d\u2019un programme \u00e9conomique en rupture avec l\u2019ancien mod\u00e8le encore en vigueur.<\/p>\n\n\n\n<p>Sur le plan politique, Hammi a soulign\u00e9 que le Forum s\u2019efforce d\u2019alerter l\u2019opinion publique sur les dangers de l\u2019atteinte aux libert\u00e9s ainsi que sur les tentatives de marginalisation de la soci\u00e9t\u00e9 civile et des partis.<\/p>\n\n\n\n<p>Le Forum envisage de consolider le partenariat avec les forces vives avec lesquelles il partage un certain nombre de positions, de visions et de perceptions, notant \u00e0 cet \u00e9gard une convergence de vues entre le FFD et la Coordination des forces d\u00e9mocratiques et progressistes (CFDP) sur certaines questions, telles que le rejet des \u00e9lections locales et la situation \u00e9conomique et des droits de l\u2019homme, et la cause palestinienne.<\/p>\n\n\n\n<p>Outre la Coalition Soumoud, le forum r\u00e9unit l\u2019Observatoire national de d\u00e9fense de la civilit\u00e9 de l\u2019\u00c9tat, l\u2019Association tunisienne des droits et libert\u00e9s, l\u2019Association Femme et Leadership, le Parti socialiste, le Parti de la voie sociale et socio-d\u00e9mocrate, Afek Tounes, le Parti social-lib\u00e9ral ainsi que de nombreuses personnalit\u00e9s nationales.<\/p>\n","protected":false},"excerpt":{"rendered":"<p>Le Forum des forces d\u00e9mocratiques proposera bient\u00f4t sa vision des reformes \u00e0 introduire en Tunisie.  <\/p>\n","protected":false},"author":8,"featured_media":8651834,"comment_status":"open","ping_status":"open","sticky":false,"template":"","format":"standard","meta":{"footnotes":""},"categories":[997,2433],"tags":[4568,99232,112741,99230,112742,62643],"class_list":["post-10838995","post","type-post","status-publish","format-standard","has-post-thumbnail","hentry","category-politique","category-tunisie","tag-afek-tounes","tag-coalition-soumoud","tag-forum-des-forces-democratiques","tag-houssem-hammi","tag-parti-social-liberal","tag-tunisie"],"yoast_head":"<!-- This site is optimized with the Yoast SEO plugin v26.6 - https:\/\/yoast.com\/wordpress\/plugins\/seo\/ -->\n<title>Tunisie\u00a0: le FFD d\u00e9voilera bient\u00f4t sa feuille de route de r\u00e9formes - Kapitalis<\/title>\n<meta name=\"robots\" content=\"index, follow, max-snippet:-1, max-image-preview:large, max-video-preview:-1\" \/>\n<link rel=\"canonical\" href=\"https:\/\/kapitalis.com\/tunisie\/2023\/12\/08\/tunisie-le-ffd-devoilera-bientot-sa-feuille-de-route-de-reformes\/\" \/>\n<meta property=\"og:locale\" content=\"fr_FR\" \/>\n<meta property=\"og:type\" content=\"article\" \/>\n<meta property=\"og:title\" content=\"Tunisie\u00a0: le FFD d\u00e9voilera bient\u00f4t sa feuille de route de r\u00e9formes - Kapitalis\" \/>\n<meta property=\"og:description\" content=\"Le Forum des forces d\u00e9mocratiques proposera bient\u00f4t sa vision des reformes \u00e0 introduire en Tunisie.\" \/>\n<meta property=\"og:url\" content=\"https:\/\/kapitalis.com\/tunisie\/2023\/12\/08\/tunisie-le-ffd-devoilera-bientot-sa-feuille-de-route-de-reformes\/\" \/>\n<meta property=\"og:site_name\" content=\"Kapitalis\" \/>\n<meta property=\"article:publisher\" content=\"https:\/\/www.facebook.com\/KapitalisInfo\/\" \/>\n<meta property=\"article:published_time\" content=\"2023-12-08T07:02:35+00:00\" \/>\n<meta property=\"article:modified_time\" content=\"2023-12-08T07:02:36+00:00\" \/>\n<meta property=\"og:image\" content=\"https:\/\/kapitalis.com\/tunisie\/wp-content\/uploads\/2023\/07\/Houssen-El-Hammi.jpg\" \/>\n\t<meta property=\"og:image:width\" content=\"1200\" \/>\n\t<meta property=\"og:image:height\" content=\"630\" \/>\n\t<meta property=\"og:image:type\" content=\"image\/jpeg\" \/>\n<meta name=\"author\" content=\"webmaster kapitalis\" \/>\n<meta name=\"twitter:card\" content=\"summary_large_image\" \/>\n<meta name=\"twitter:creator\" content=\"@KapitalisInfo\" \/>\n<meta name=\"twitter:site\" content=\"@KapitalisInfo\" \/>\n<meta name=\"twitter:label1\" content=\"\u00c9crit par\" \/>\n\t<meta name=\"twitter:data1\" content=\"webmaster kapitalis\" \/>\n\t<meta name=\"twitter:label2\" content=\"Dur\u00e9e de lecture estim\u00e9e\" \/>\n\t<meta name=\"twitter:data2\" content=\"2 minutes\" \/>\n<script type=\"application\/ld+json\" class=\"yoast-schema-graph\">{\"@context\":\"https:\/\/schema.org\",\"@graph\":[{\"@type\":\"Article\",\"@id\":\"https:\/\/kapitalis.com\/tunisie\/2023\/12\/08\/tunisie-le-ffd-devoilera-bientot-sa-feuille-de-route-de-reformes\/#article\",\"isPartOf\":{\"@id\":\"https:\/\/kapitalis.com\/tunisie\/2023\/12\/08\/tunisie-le-ffd-devoilera-bientot-sa-feuille-de-route-de-reformes\/\"},\"author\":{\"name\":\"webmaster kapitalis\",\"@id\":\"https:\/\/kapitalis.com\/tunisie\/#\/schema\/person\/d71f33a9ca44f7bad4698210b480c8e9\"},\"headline\":\"Tunisie\u00a0: le FFD d\u00e9voilera bient\u00f4t sa feuille de route de r\u00e9formes\",\"datePublished\":\"2023-12-08T07:02:35+00:00\",\"dateModified\":\"2023-12-08T07:02:36+00:00\",\"mainEntityOfPage\":{\"@id\":\"https:\/\/kapitalis.com\/tunisie\/2023\/12\/08\/tunisie-le-ffd-devoilera-bientot-sa-feuille-de-route-de-reformes\/\"},\"wordCount\":306,\"commentCount\":0,\"publisher\":{\"@id\":\"https:\/\/kapitalis.com\/tunisie\/#organization\"},\"image\":{\"@id\":\"https:\/\/kapitalis.com\/tunisie\/2023\/12\/08\/tunisie-le-ffd-devoilera-bientot-sa-feuille-de-route-de-reformes\/#primaryimage\"},\"thumbnailUrl\":\"https:\/\/kapitalis.com\/tunisie\/wp-content\/uploads\/2023\/07\/Houssen-El-Hammi.jpg\",\"keywords\":[\"Afek Tounes\",\"Coalition Soumoud\",\"Forum des forces d\u00e9mocratiques\",\"Houssem Hammi\",\"Parti social-lib\u00e9ral\",\"Tunisie\"],\"articleSection\":[\"POLITIQUE\",\"Tunisie\"],\"inLanguage\":\"fr-FR\",\"potentialAction\":[{\"@type\":\"CommentAction\",\"name\":\"Comment\",\"target\":[\"https:\/\/kapitalis.com\/tunisie\/2023\/12\/08\/tunisie-le-ffd-devoilera-bientot-sa-feuille-de-route-de-reformes\/#respond\"]}]},{\"@type\":\"WebPage\",\"@id\":\"https:\/\/kapitalis.com\/tunisie\/2023\/12\/08\/tunisie-le-ffd-devoilera-bientot-sa-feuille-de-route-de-reformes\/\",\"url\":\"https:\/\/kapitalis.com\/tunisie\/2023\/12\/08\/tunisie-le-ffd-devoilera-bientot-sa-feuille-de-route-de-reformes\/\",\"name\":\"Tunisie\u00a0: le FFD d\u00e9voilera bient\u00f4t sa feuille de route de r\u00e9formes - Kapitalis\",\"isPartOf\":{\"@id\":\"https:\/\/kapitalis.com\/tunisie\/#website\"},\"primaryImageOfPage\":{\"@id\":\"https:\/\/kapitalis.com\/tunisie\/2023\/12\/08\/tunisie-le-ffd-devoilera-bientot-sa-feuille-de-route-de-reformes\/#primaryimage\"},\"image\":{\"@id\":\"https:\/\/kapitalis.com\/tunisie\/2023\/12\/08\/tunisie-le-ffd-devoilera-bientot-sa-feuille-de-route-de-reformes\/#primaryimage\"},\"thumbnailUrl\":\"https:\/\/kapitalis.com\/tunisie\/wp-content\/uploads\/2023\/07\/Houssen-El-Hammi.jpg\",\"datePublished\":\"2023-12-08T07:02:35+00:00\",\"dateModified\":\"2023-12-08T07:02:36+00:00\",\"breadcrumb\":{\"@id\":\"https:\/\/kapitalis.com\/tunisie\/2023\/12\/08\/tunisie-le-ffd-devoilera-bientot-sa-feuille-de-route-de-reformes\/#breadcrumb\"},\"inLanguage\":\"fr-FR\",\"potentialAction\":[{\"@type\":\"ReadAction\",\"target\":[\"https:\/\/kapitalis.com\/tunisie\/2023\/12\/08\/tunisie-le-ffd-devoilera-bientot-sa-feuille-de-route-de-reformes\/\"]}]},{\"@type\":\"ImageObject\",\"inLanguage\":\"fr-FR\",\"@id\":\"https:\/\/kapitalis.com\/tunisie\/2023\/12\/08\/tunisie-le-ffd-devoilera-bientot-sa-feuille-de-route-de-reformes\/#primaryimage\",\"url\":\"https:\/\/kapitalis.com\/tunisie\/wp-content\/uploads\/2023\/07\/Houssen-El-Hammi.jpg\",\"contentUrl\":\"https:\/\/kapitalis.com\/tunisie\/wp-content\/uploads\/2023\/07\/Houssen-El-Hammi.jpg\",\"width\":1200,\"height\":630},{\"@type\":\"BreadcrumbList\",\"@id\":\"https:\/\/kapitalis.com\/tunisie\/2023\/12\/08\/tunisie-le-ffd-devoilera-bientot-sa-feuille-de-route-de-reformes\/#breadcrumb\",\"itemListElement\":[{\"@type\":\"ListItem\",\"position\":1,\"name\":\"Accueil\",\"item\":\"https:\/\/kapitalis.com\/tunisie\/\"},{\"@type\":\"ListItem\",\"position\":2,\"name\":\"Tunisie\u00a0: le FFD d\u00e9voilera bient\u00f4t sa feuille de route de r\u00e9formes\"}]},{\"@type\":\"WebSite\",\"@id\":\"https:\/\/kapitalis.com\/tunisie\/#website\",\"url\":\"https:\/\/kapitalis.com\/tunisie\/\",\"name\":\"Kapitalis\",\"description\":\"L&#039;actualit\u00e9 en Tunisie et dans le monde\",\"publisher\":{\"@id\":\"https:\/\/kapitalis.com\/tunisie\/#organization\"},\"potentialAction\":[{\"@type\":\"SearchAction\",\"target\":{\"@type\":\"EntryPoint\",\"urlTemplate\":\"https:\/\/kapitalis.com\/tunisie\/?s={search_term_string}\"},\"query-input\":{\"@type\":\"PropertyValueSpecification\",\"valueRequired\":true,\"valueName\":\"search_term_string\"}}],\"inLanguage\":\"fr-FR\"},{\"@type\":\"Organization\",\"@id\":\"https:\/\/kapitalis.com\/tunisie\/#organization\",\"name\":\"Kapitalis\",\"url\":\"https:\/\/kapitalis.com\/tunisie\/\",\"logo\":{\"@type\":\"ImageObject\",\"inLanguage\":\"fr-FR\",\"@id\":\"https:\/\/kapitalis.com\/tunisie\/#\/schema\/logo\/image\/\",\"url\":\"https:\/\/kapitalis.com\/tunisie\/wp-content\/uploads\/2022\/05\/Kapitalis-big-size.png\",\"contentUrl\":\"https:\/\/kapitalis.com\/tunisie\/wp-content\/uploads\/2022\/05\/Kapitalis-big-size.png\",\"width\":5000,\"height\":1500,\"caption\":\"Kapitalis\"},\"image\":{\"@id\":\"https:\/\/kapitalis.com\/tunisie\/#\/schema\/logo\/image\/\"},\"sameAs\":[\"https:\/\/www.facebook.com\/KapitalisInfo\/\",\"https:\/\/x.com\/KapitalisInfo\",\"https:\/\/www.youtube.com\/channel\/UC-yDYrHyfFBWWZaOw3FPg9Q\"]},{\"@type\":\"Person\",\"@id\":\"https:\/\/kapitalis.com\/tunisie\/#\/schema\/person\/d71f33a9ca44f7bad4698210b480c8e9\",\"name\":\"webmaster kapitalis\",\"url\":\"https:\/\/kapitalis.com\/tunisie\/author\/webmaster-kapitalis\/\"}]}<\/script>\n<!-- \/ Yoast SEO plugin. -->","yoast_head_json":{"title":"Tunisie\u00a0: le FFD d\u00e9voilera bient\u00f4t sa feuille de route de r\u00e9formes - Kapitalis","robots":{"index":"index","follow":"follow","max-snippet":"max-snippet:-1","max-image-preview":"max-image-preview:large","max-video-preview":"max-video-preview:-1"},"canonical":"https:\/\/kapitalis.com\/tunisie\/2023\/12\/08\/tunisie-le-ffd-devoilera-bientot-sa-feuille-de-route-de-reformes\/","og_locale":"fr_FR","og_type":"article","og_title":"Tunisie\u00a0: le FFD d\u00e9voilera bient\u00f4t sa feuille de route de r\u00e9formes - Kapitalis","og_description":"Le Forum des forces d\u00e9mocratiques proposera bient\u00f4t sa vision des reformes \u00e0 introduire en Tunisie.","og_url":"https:\/\/kapitalis.com\/tunisie\/2023\/12\/08\/tunisie-le-ffd-devoilera-bientot-sa-feuille-de-route-de-reformes\/","og_site_name":"Kapitalis","article_publisher":"https:\/\/www.facebook.com\/KapitalisInfo\/","article_published_time":"2023-12-08T07:02:35+00:00","article_modified_time":"2023-12-08T07:02:36+00:00","og_image":[{"width":1200,"height":630,"url":"https:\/\/kapitalis.com\/tunisie\/wp-content\/uploads\/2023\/07\/Houssen-El-Hammi.jpg","type":"image\/jpeg"}],"author":"webmaster kapitalis","twitter_card":"summary_large_image","twitter_creator":"@KapitalisInfo","twitter_site":"@KapitalisInfo","twitter_misc":{"\u00c9crit par":"webmaster kapitalis","Dur\u00e9e de lecture estim\u00e9e":"2 minutes"},"schema":{"@context":"https:\/\/schema.org","@graph":[{"@type":"Article","@id":"https:\/\/kapitalis.com\/tunisie\/2023\/12\/08\/tunisie-le-ffd-devoilera-bientot-sa-feuille-de-route-de-reformes\/#article","isPartOf":{"@id":"https:\/\/kapitalis.com\/tunisie\/2023\/12\/08\/tunisie-le-ffd-devoilera-bientot-sa-feuille-de-route-de-reformes\/"},"author":{"name":"webmaster kapitalis","@id":"https:\/\/kapitalis.com\/tunisie\/#\/schema\/person\/d71f33a9ca44f7bad4698210b480c8e9"},"headline":"Tunisie\u00a0: le FFD d\u00e9voilera bient\u00f4t sa feuille de route de r\u00e9formes","datePublished":"2023-12-08T07:02:35+00:00","dateModified":"2023-12-08T07:02:36+00:00","mainEntityOfPage":{"@id":"https:\/\/kapitalis.com\/tunisie\/2023\/12\/08\/tunisie-le-ffd-devoilera-bientot-sa-feuille-de-route-de-reformes\/"},"wordCount":306,"commentCount":0,"publisher":{"@id":"https:\/\/kapitalis.com\/tunisie\/#organization"},"image":{"@id":"https:\/\/kapitalis.com\/tunisie\/2023\/12\/08\/tunisie-le-ffd-devoilera-bientot-sa-feuille-de-route-de-reformes\/#primaryimage"},"thumbnailUrl":"https:\/\/kapitalis.com\/tunisie\/wp-content\/uploads\/2023\/07\/Houssen-El-Hammi.jpg","keywords":["Afek Tounes","Coalition Soumoud","Forum des forces d\u00e9mocratiques","Houssem Hammi","Parti social-lib\u00e9ral","Tunisie"],"articleSection":["POLITIQUE","Tunisie"],"inLanguage":"fr-FR","potentialAction":[{"@type":"CommentAction","name":"Comment","target":["https:\/\/kapitalis.com\/tunisie\/2023\/12\/08\/tunisie-le-ffd-devoilera-bientot-sa-feuille-de-route-de-reformes\/#respond"]}]},{"@type":"WebPage","@id":"https:\/\/kapitalis.com\/tunisie\/2023\/12\/08\/tunisie-le-ffd-devoilera-bientot-sa-feuille-de-route-de-reformes\/","url":"https:\/\/kapitalis.com\/tunisie\/2023\/12\/08\/tunisie-le-ffd-devoilera-bientot-sa-feuille-de-route-de-reformes\/","name":"Tunisie\u00a0: le FFD d\u00e9voilera bient\u00f4t sa feuille de route de r\u00e9formes - Kapitalis","isPartOf":{"@id":"https:\/\/kapitalis.com\/tunisie\/#website"},"primaryImageOfPage":{"@id":"https:\/\/kapitalis.com\/tunisie\/2023\/12\/08\/tunisie-le-ffd-devoilera-bientot-sa-feuille-de-route-de-reformes\/#primaryimage"},"image":{"@id":"https:\/\/kapitalis.com\/tunisie\/2023\/12\/08\/tunisie-le-ffd-devoilera-bientot-sa-feuille-de-route-de-reformes\/#primaryimage"},"thumbnailUrl":"https:\/\/kapitalis.com\/tunisie\/wp-content\/uploads\/2023\/07\/Houssen-El-Hammi.jpg","datePublished":"2023-12-08T07:02:35+00:00","dateModified":"2023-12-08T07:02:36+00:00","breadcrumb":{"@id":"https:\/\/kapitalis.com\/tunisie\/2023\/12\/08\/tunisie-le-ffd-devoilera-bientot-sa-feuille-de-route-de-reformes\/#breadcrumb"},"inLanguage":"fr-FR","potentialAction":[{"@type":"ReadAction","target":["https:\/\/kapitalis.com\/tunisie\/2023\/12\/08\/tunisie-le-ffd-devoilera-bientot-sa-feuille-de-route-de-reformes\/"]}]},{"@type":"ImageObject","inLanguage":"fr-FR","@id":"https:\/\/kapitalis.com\/tunisie\/2023\/12\/08\/tunisie-le-ffd-devoilera-bientot-sa-feuille-de-route-de-reformes\/#primaryimage","url":"https:\/\/kapitalis.com\/tunisie\/wp-content\/uploads\/2023\/07\/Houssen-El-Hammi.jpg","contentUrl":"https:\/\/kapitalis.com\/tunisie\/wp-content\/uploads\/2023\/07\/Houssen-El-Hammi.jpg","width":1200,"height":630},{"@type":"BreadcrumbList","@id":"https:\/\/kapitalis.com\/tunisie\/2023\/12\/08\/tunisie-le-ffd-devoilera-bientot-sa-feuille-de-route-de-reformes\/#breadcrumb","itemListElement":[{"@type":"ListItem","position":1,"name":"Accueil","item":"https:\/\/kapitalis.com\/tunisie\/"},{"@type":"ListItem","position":2,"name":"Tunisie\u00a0: le FFD d\u00e9voilera bient\u00f4t sa feuille de route de r\u00e9formes"}]},{"@type":"WebSite","@id":"https:\/\/kapitalis.com\/tunisie\/#website","url":"https:\/\/kapitalis.com\/tunisie\/","name":"Kapitalis","description":"L&#039;actualit\u00e9 en Tunisie et dans le monde","publisher":{"@id":"https:\/\/kapitalis.com\/tunisie\/#organization"},"potentialAction":[{"@type":"SearchAction","target":{"@type":"EntryPoint","urlTemplate":"https:\/\/kapitalis.com\/tunisie\/?s={search_term_string}"},"query-input":{"@type":"PropertyValueSpecification","valueRequired":true,"valueName":"search_term_string"}}],"inLanguage":"fr-FR"},{"@type":"Organization","@id":"https:\/\/kapitalis.com\/tunisie\/#organization","name":"Kapitalis","url":"https:\/\/kapitalis.com\/tunisie\/","logo":{"@type":"ImageObject","inLanguage":"fr-FR","@id":"https:\/\/kapitalis.com\/tunisie\/#\/schema\/logo\/image\/","url":"https:\/\/kapitalis.com\/tunisie\/wp-content\/uploads\/2022\/05\/Kapitalis-big-size.png","contentUrl":"https:\/\/kapitalis.com\/tunisie\/wp-content\/uploads\/2022\/05\/Kapitalis-big-size.png","width":5000,"height":1500,"caption":"Kapitalis"},"image":{"@id":"https:\/\/kapitalis.com\/tunisie\/#\/schema\/logo\/image\/"},"sameAs":["https:\/\/www.facebook.com\/KapitalisInfo\/","https:\/\/x.com\/KapitalisInfo","https:\/\/www.youtube.com\/channel\/UC-yDYrHyfFBWWZaOw3FPg9Q"]},{"@type":"Person","@id":"https:\/\/kapitalis.com\/tunisie\/#\/schema\/person\/d71f33a9ca44f7bad4698210b480c8e9","name":"webmaster kapitalis","url":"https:\/\/kapitalis.com\/tunisie\/author\/webmaster-kapitalis\/"}]}},"_links":{"self":[{"href":"https:\/\/kapitalis.com\/tunisie\/wp-json\/wp\/v2\/posts\/10838995","targetHints":{"allow":["GET"]}}],"collection":[{"href":"https:\/\/kapitalis.com\/tunisie\/wp-json\/wp\/v2\/posts"}],"about":[{"href":"https:\/\/kapitalis.com\/tunisie\/wp-json\/wp\/v2\/types\/post"}],"author":[{"embeddable":true,"href":"https:\/\/kapitalis.com\/tunisie\/wp-json\/wp\/v2\/users\/8"}],"replies":[{"embeddable":true,"href":"https:\/\/kapitalis.com\/tunisie\/wp-json\/wp\/v2\/comments?post=10838995"}],"version-history":[{"count":1,"href":"https:\/\/kapitalis.com\/tunisie\/wp-json\/wp\/v2\/posts\/10838995\/revisions"}],"predecessor-version":[{"id":10839008,"href":"https:\/\/kapitalis.com\/tunisie\/wp-json\/wp\/v2\/posts\/10838995\/revisions\/10839008"}],"wp:featuredmedia":[{"embeddable":true,"href":"https:\/\/kapitalis.com\/tunisie\/wp-json\/wp\/v2\/media\/8651834"}],"wp:attachment":[{"href":"https:\/\/kapitalis.com\/tunisie\/wp-json\/wp\/v2\/media?parent=10838995"}],"wp:term":[{"taxonomy":"category","embeddable":true,"href":"https:\/\/kapitalis.com\/tunisie\/wp-json\/wp\/v2\/categories?post=10838995"},{"taxonomy":"post_tag","embeddable":true,"href":"https:\/\/kapitalis.com\/tunisie\/wp-json\/wp\/v2\/tags?post=10838995"}],"curies":[{"name":"wp","href":"https:\/\/api.w.org\/{rel}","templated":true}]}}