{"id":10839977,"date":"2023-12-08T10:43:26","date_gmt":"2023-12-08T09:43:26","guid":{"rendered":"https:\/\/kapitalis.com\/tunisie\/?p=10839977"},"modified":"2023-12-08T10:43:28","modified_gmt":"2023-12-08T09:43:28","slug":"gaza-lhypocrisie-de-ladministration-biden","status":"publish","type":"post","link":"https:\/\/kapitalis.com\/tunisie\/2023\/12\/08\/gaza-lhypocrisie-de-ladministration-biden\/","title":{"rendered":"Gaza\u00a0: l\u2019hypocrisie de l\u2019administration Biden"},"content":{"rendered":"\n<p><strong><em>La posture am\u00e9ricaine et pr\u00e9cis\u00e9ment celle de l\u2019administration Biden concernant tout d\u2019abord les crimes de guerre et le g\u00e9nocide isra\u00e9liens perp\u00e9tr\u00e9s \u00e0 Gaza et ensuite la vision du conflit isra\u00e9lo-palestinien qui exige une lecture qui mette les points sur les i.\u00a0<\/em><\/strong><\/p>\n\n\n\n<p>Par<strong> Chedly Mamoghli<\/strong>\u00a0*<\/p>\n\n\n\n<!--more-->\n\n\n<div class=\"wp-block-image\">\n<figure class=\"alignleft size-full\"><img decoding=\"async\" src=\"http:\/\/kapitalis.com\/tunisie\/wp-content\/uploads\/2020\/07\/Chedly-Mamoghli.jpg\" alt=\"\" class=\"wp-image-308431\"\/><\/figure>\n<\/div>\n\n\n<p>Les Am\u00e9ricains refusent cat\u00e9goriquement le cessez-le-feu, soutiennent diplomatiquement Isra\u00ebl (sur la sc\u00e8ne internationale et sp\u00e9cifiquement \u00e0 l\u2019Onu avec le veto au Conseil de s\u00e9curit\u00e9 qui bloque tout projet de r\u00e9solution qui g\u00e8ne et qui ne pla\u00eet pas aux Isra\u00e9liens), le financent (plus de 15 milliards de dollars), lui livrent l\u2019armement** avec lequel le g\u00e9nocide est perp\u00e9tr\u00e9, mobilisent les avions de reconnaissance dans l\u2019espace a\u00e9rien de Gaza pour collecter les informations, mettent \u00e0 sa disposition des officiers de diff\u00e9rents grades dont des g\u00e9n\u00e9raux 4 \u00e9toiles pour le conseil et l\u2019encadrement militaire, et apr\u00e8s tout cela, ils disent&nbsp;: <em>\u00abIl ne faut pas cibler les civils\u00bb<\/em>. Le summum de l\u2019hypocrisie, du cynisme et de la mauvaise foi&nbsp;!<\/p>\n\n\n\n<h2 class=\"wp-block-heading\">Une flagrante mauvaise foi<\/h2>\n\n\n\n<p>Mais des <em>\u00absachants\u00bb<\/em> disent s\u00e9rieusement: <em>\u00abNon, non! Les Am\u00e9ricains ne sont pas d\u2019accord avec les Isra\u00e9liens. Ils font pression sur eux.\u00bb<\/em> Ces gens sont na\u00effs et superficiels et pensent que l\u2019un est gentil et l\u2019autre m\u00e9chant alors qu\u2019ils sont compl\u00e9mentaires et qu\u2019Isra\u00ebl n\u2019aurait pas pu perp\u00e9trer ses crimes de guerre et son g\u00e9nocide \u00e0 Gaza sans le soutien am\u00e9ricain multiforme pr\u00e9c\u00e9demment d\u00e9crit.<\/p>\n\n\n\n<figure class=\"wp-block-embed is-type-wp-embed is-provider-kapitalis wp-block-embed-kapitalis\"><div class=\"wp-block-embed__wrapper\">\n<blockquote class=\"wp-embedded-content\" data-secret=\"qzQNAoOzwi\"><a href=\"https:\/\/kapitalis.com\/tunisie\/2023\/12\/05\/les-etats-unis-alimentent-la-guerre-disrael-contre-les-palestiniens\/\">Les \u00c9tats-Unis alimentent la guerre d\u2019Isra\u00ebl contre les Palestiniens<\/a><\/blockquote><iframe loading=\"lazy\" class=\"wp-embedded-content\" sandbox=\"allow-scripts\" security=\"restricted\" style=\"position: absolute; clip: rect(1px, 1px, 1px, 1px);\" title=\"\u00ab\u00a0Les \u00c9tats-Unis alimentent la guerre d\u2019Isra\u00ebl contre les Palestiniens\u00a0\u00bb &#8212; Kapitalis\" src=\"https:\/\/kapitalis.com\/tunisie\/2023\/12\/05\/les-etats-unis-alimentent-la-guerre-disrael-contre-les-palestiniens\/embed\/#?secret=KNdp7EOmnR#?secret=qzQNAoOzwi\" data-secret=\"qzQNAoOzwi\" width=\"600\" height=\"338\" frameborder=\"0\" marginwidth=\"0\" marginheight=\"0\" scrolling=\"no\"><\/iframe>\n<\/div><\/figure>\n\n\n\n<p>Les officiels am\u00e9ricains ne cessent de r\u00e9p\u00e9ter: <em>\u00abIsra\u00ebl a le droit de se d\u00e9fendre. Un cessez-le-feu signifie la victoire des terroristes <\/em>(terme par lequel ils d\u00e9signent le Hamas)\u00bb. C\u2019est clair, ils sont pour la poursuite de cette guerre et une guerre dans un milieu urbain dens\u00e9ment peupl\u00e9 ne peut que tuer un nombre tr\u00e8s \u00e9lev\u00e9 parmi la population civile. Par cons\u00e9quent, refuser le cessez-le-feu tout en disant: <em>\u00abIl ne faut pas cibler les civils\u00bb<\/em> est de la pire d\u00e9magogie et n\u2019a aucun sens. C\u2019est prendre l\u2019opinion publique mondiale pour une imb\u00e9cile.<\/p>\n\n\n\n<p>Autre \u00e9l\u00e9ment qui montre la mauvaise foi de cette administration est sa vision du conflit isra\u00e9lo-palestinien. Apr\u00e8s 30 ans et apr\u00e8s avoir laiss\u00e9 les Isra\u00e9liens la compromettre, la torpiller, la tuer et la liquider, soudainement suite \u00e0 l\u2019op\u00e9ration D\u00e9luge d\u2019Al-Aqsa et de l\u2019offensive isra\u00e9lienne sanglante sur Gaza, les Am\u00e9ricains se sont rappel\u00e9s soudainement et comme par magie de <em>\u00abla solution des deux \u00c9tats\u00bb<\/em>. O\u00f9 et comment cet \u00c9tat palestinien est-il possible? Sur la lune?<\/p>\n\n\n\n<h2 class=\"wp-block-heading\">Deux Etats, oui, mais quand et o\u00f9&nbsp;?<\/h2>\n\n\n\n<p>Avec pr\u00e8s de 150 colonies en Cisjordanie (dont certaines sont gigantesques et ressemblent \u00e0 des villes) et 500 000 colons selon les estimations officielles alors que les chiffres r\u00e9els sur le terrain font \u00e9tat de 850 000 colons, avec des routes exclusivement consacr\u00e9es \u00e0 ces derniers, avec le mur de Sharon construit sur le territoire palestinien et ayant ainsi grignot\u00e9 encore plus de ces territoires\u2026 Et bien, dans ce cas, que reste-il aux Palestiniens? Sans parler des exp\u00e9ditions punitives et des pogroms quotidiens perp\u00e9tr\u00e9s par les gangs de colons arm\u00e9s qui emp\u00eachent les Palestiniens de faire leurs r\u00e9coltes et qui les leur volent quand elles sont faites, qui expulsent des Palestiniens de leurs maisons, de leurs terres et de leurs villages, qui barrent la route aux enfants pour qu\u2019ils ne se rendent pas \u00e0 leurs \u00e9coles et qui les menacent. Le d\u00e9placement forc\u00e9 des populations civiles en Cisjordanie est une r\u00e9alit\u00e9 quotidienne. Les gangs des colons terroristes appliquent aujourd\u2019hui exactement les m\u00eames m\u00e9thodes appliqu\u00e9es jadis par les gangs sionistes tels que la Haganah, le Lehi (commun\u00e9ment appel\u00e9 Stern) et l\u2019Irgoun entre 1920 et 1948.<\/p>\n\n\n\n<figure class=\"wp-block-embed is-type-wp-embed is-provider-kapitalis wp-block-embed-kapitalis\"><div class=\"wp-block-embed__wrapper\">\n<blockquote class=\"wp-embedded-content\" data-secret=\"GPzOityzU1\"><a href=\"https:\/\/kapitalis.com\/tunisie\/2023\/11\/28\/histoire-aux-sources-lalliance-americano-israelienne\/\">Histoire : aux sources de l\u2019alliance am\u00e9ricano-isra\u00e9lienne<\/a><\/blockquote><iframe loading=\"lazy\" class=\"wp-embedded-content\" sandbox=\"allow-scripts\" security=\"restricted\" style=\"position: absolute; clip: rect(1px, 1px, 1px, 1px);\" title=\"\u00ab\u00a0Histoire : aux sources de l\u2019alliance am\u00e9ricano-isra\u00e9lienne\u00a0\u00bb &#8212; Kapitalis\" src=\"https:\/\/kapitalis.com\/tunisie\/2023\/11\/28\/histoire-aux-sources-lalliance-americano-israelienne\/embed\/#?secret=9wh87Gzf0p#?secret=GPzOityzU1\" data-secret=\"GPzOityzU1\" width=\"600\" height=\"338\" frameborder=\"0\" marginwidth=\"0\" marginheight=\"0\" scrolling=\"no\"><\/iframe>\n<\/div><\/figure>\n\n\n\n<p>\u00c9galement, dans l\u2019id\u00e9ologie sioniste, ils consid\u00e8rent que tout le territoire de la Palestine historique leur appartient, qu\u2019il n\u2019est pas \u00e0 partager et que le c\u0153ur d\u2019Isra\u00ebl n\u2019est pas Tel Aviv, Ha\u00effa ou Ashkelon mais la Cisjordanie qu\u2019ils appellent la Jud\u00e9e-Samarie.<\/p>\n\n\n\n<p>Les Am\u00e9ricains connaissent tous ces \u00e9l\u00e9ments et savent pertinemment que le mouvement sioniste qu\u2019ils soutiennent depuis Harry Truman n\u2019acceptera jamais pour les raisons invoqu\u00e9es la cr\u00e9ation d\u2019un \u00c9tat palestinien et que les gouvernements isra\u00e9liens successifs l\u2019ont rendu impossible mais malgr\u00e9 cela, M. Biden et son administration \u00e9voquent cyniquement la <em>\u00absolution \u00e0 deux \u00c9tats\u00bb<\/em>. Encore de la mauvaise foi!<\/p>\n\n\n\n<p>Avec son soutien aveugle et inconditionnel \u00e0 Isra\u00ebl, Joe Biden va perdre le vivier \u00e9lectoral constitu\u00e9 par les musulmans am\u00e9ricains et ne gagnera pas une seule voix dans le camp pro-sioniste peu importe le z\u00e8le avec lequel il sert Isra\u00ebl parce que ce camp votera pour le candidat r\u00e9publicain et qui sera tr\u00e8s probablement Donald Trump. En d\u00e9finitive, cet exc\u00e8s de z\u00e8le de M. Biden lui co\u00fbtera sa r\u00e9\u00e9lection.&nbsp;<\/p>\n\n\n\n<p><em>* Juriste.<\/em><\/p>\n\n\n\n<p><em>** Armement livr\u00e9 \u00e0 Isra\u00ebl par les \u00c9tats-Unis: 2 000 missiles Hellfire \u00e0 guidage laser, 36 000 obus d\u2019artillerie de 30 mm tir\u00e9s par des h\u00e9licopt\u00e8res Apache, ainsi que 1 800 missiles perforants M141, en plus de 57 000 obus de char de 155 mm.<\/em><\/p>\n","protected":false},"excerpt":{"rendered":"<p>La position am\u00e9ricaine sur le conflit isra\u00e9lo-palestinien p\u00e8che par cynisme et hypocrisie.<\/p>\n","protected":false},"author":8,"featured_media":10840077,"comment_status":"open","ping_status":"open","sticky":false,"template":"","format":"standard","meta":{"footnotes":""},"categories":[992,997,2433],"tags":[94313,4027,111626,75918,2444,26195,2478,2739,7121],"class_list":["post-10839977","post","type-post","status-publish","format-standard","has-post-thumbnail","hentry","category-a-la-une","category-politique","category-tunisie","tag-administration-biden","tag-cisjordanie","tag-deluge-dal-aqsa","tag-etats-unis-2","tag-gaza","tag-hamas","tag-israel","tag-palestiniens","tag-sionisme"],"yoast_head":"<!-- This site is optimized with the Yoast SEO plugin v26.6 - https:\/\/yoast.com\/wordpress\/plugins\/seo\/ -->\n<title>Gaza\u00a0: l\u2019hypocrisie de l\u2019administration Biden - Kapitalis<\/title>\n<meta name=\"robots\" content=\"index, follow, max-snippet:-1, max-image-preview:large, max-video-preview:-1\" \/>\n<link rel=\"canonical\" href=\"https:\/\/kapitalis.com\/tunisie\/2023\/12\/08\/gaza-lhypocrisie-de-ladministration-biden\/\" \/>\n<meta property=\"og:locale\" content=\"fr_FR\" \/>\n<meta property=\"og:type\" content=\"article\" \/>\n<meta property=\"og:title\" content=\"Gaza\u00a0: l\u2019hypocrisie de l\u2019administration Biden - Kapitalis\" \/>\n<meta property=\"og:description\" content=\"La position am\u00e9ricaine sur le conflit isra\u00e9lo-palestinien p\u00e8che par cynisme et hypocrisie.\" \/>\n<meta property=\"og:url\" content=\"https:\/\/kapitalis.com\/tunisie\/2023\/12\/08\/gaza-lhypocrisie-de-ladministration-biden\/\" \/>\n<meta property=\"og:site_name\" content=\"Kapitalis\" \/>\n<meta property=\"article:publisher\" content=\"https:\/\/www.facebook.com\/KapitalisInfo\/\" \/>\n<meta property=\"article:published_time\" content=\"2023-12-08T09:43:26+00:00\" \/>\n<meta property=\"article:modified_time\" content=\"2023-12-08T09:43:28+00:00\" \/>\n<meta property=\"og:image\" content=\"https:\/\/kapitalis.com\/tunisie\/wp-content\/uploads\/2023\/12\/Netanyahou-Biden-Gaza.jpg\" \/>\n\t<meta property=\"og:image:width\" content=\"1200\" \/>\n\t<meta property=\"og:image:height\" content=\"630\" \/>\n\t<meta property=\"og:image:type\" content=\"image\/jpeg\" \/>\n<meta name=\"author\" content=\"webmaster kapitalis\" \/>\n<meta name=\"twitter:card\" content=\"summary_large_image\" \/>\n<meta name=\"twitter:creator\" content=\"@KapitalisInfo\" \/>\n<meta name=\"twitter:site\" content=\"@KapitalisInfo\" \/>\n<meta name=\"twitter:label1\" content=\"\u00c9crit par\" \/>\n\t<meta name=\"twitter:data1\" content=\"webmaster kapitalis\" \/>\n\t<meta name=\"twitter:label2\" content=\"Dur\u00e9e de lecture estim\u00e9e\" \/>\n\t<meta name=\"twitter:data2\" content=\"5 minutes\" \/>\n<script type=\"application\/ld+json\" class=\"yoast-schema-graph\">{\"@context\":\"https:\/\/schema.org\",\"@graph\":[{\"@type\":\"Article\",\"@id\":\"https:\/\/kapitalis.com\/tunisie\/2023\/12\/08\/gaza-lhypocrisie-de-ladministration-biden\/#article\",\"isPartOf\":{\"@id\":\"https:\/\/kapitalis.com\/tunisie\/2023\/12\/08\/gaza-lhypocrisie-de-ladministration-biden\/\"},\"author\":{\"name\":\"webmaster kapitalis\",\"@id\":\"https:\/\/kapitalis.com\/tunisie\/#\/schema\/person\/d71f33a9ca44f7bad4698210b480c8e9\"},\"headline\":\"Gaza\u00a0: l\u2019hypocrisie de l\u2019administration Biden\",\"datePublished\":\"2023-12-08T09:43:26+00:00\",\"dateModified\":\"2023-12-08T09:43:28+00:00\",\"mainEntityOfPage\":{\"@id\":\"https:\/\/kapitalis.com\/tunisie\/2023\/12\/08\/gaza-lhypocrisie-de-ladministration-biden\/\"},\"wordCount\":914,\"commentCount\":1,\"publisher\":{\"@id\":\"https:\/\/kapitalis.com\/tunisie\/#organization\"},\"image\":{\"@id\":\"https:\/\/kapitalis.com\/tunisie\/2023\/12\/08\/gaza-lhypocrisie-de-ladministration-biden\/#primaryimage\"},\"thumbnailUrl\":\"https:\/\/kapitalis.com\/tunisie\/wp-content\/uploads\/2023\/12\/Netanyahou-Biden-Gaza.jpg\",\"keywords\":[\"administration Biden\",\"Cisjordanie\",\"D\u00e9luge d\u2019Al-Aqsa\",\"Etats-Unis\",\"Gaza\",\"Hamas\",\"Isra\u00ebl\",\"Palestiniens\",\"sionisme\"],\"articleSection\":[\"A LA UNE\",\"POLITIQUE\",\"Tunisie\"],\"inLanguage\":\"fr-FR\",\"potentialAction\":[{\"@type\":\"CommentAction\",\"name\":\"Comment\",\"target\":[\"https:\/\/kapitalis.com\/tunisie\/2023\/12\/08\/gaza-lhypocrisie-de-ladministration-biden\/#respond\"]}]},{\"@type\":\"WebPage\",\"@id\":\"https:\/\/kapitalis.com\/tunisie\/2023\/12\/08\/gaza-lhypocrisie-de-ladministration-biden\/\",\"url\":\"https:\/\/kapitalis.com\/tunisie\/2023\/12\/08\/gaza-lhypocrisie-de-ladministration-biden\/\",\"name\":\"Gaza\u00a0: l\u2019hypocrisie de l\u2019administration Biden - Kapitalis\",\"isPartOf\":{\"@id\":\"https:\/\/kapitalis.com\/tunisie\/#website\"},\"primaryImageOfPage\":{\"@id\":\"https:\/\/kapitalis.com\/tunisie\/2023\/12\/08\/gaza-lhypocrisie-de-ladministration-biden\/#primaryimage\"},\"image\":{\"@id\":\"https:\/\/kapitalis.com\/tunisie\/2023\/12\/08\/gaza-lhypocrisie-de-ladministration-biden\/#primaryimage\"},\"thumbnailUrl\":\"https:\/\/kapitalis.com\/tunisie\/wp-content\/uploads\/2023\/12\/Netanyahou-Biden-Gaza.jpg\",\"datePublished\":\"2023-12-08T09:43:26+00:00\",\"dateModified\":\"2023-12-08T09:43:28+00:00\",\"breadcrumb\":{\"@id\":\"https:\/\/kapitalis.com\/tunisie\/2023\/12\/08\/gaza-lhypocrisie-de-ladministration-biden\/#breadcrumb\"},\"inLanguage\":\"fr-FR\",\"potentialAction\":[{\"@type\":\"ReadAction\",\"target\":[\"https:\/\/kapitalis.com\/tunisie\/2023\/12\/08\/gaza-lhypocrisie-de-ladministration-biden\/\"]}]},{\"@type\":\"ImageObject\",\"inLanguage\":\"fr-FR\",\"@id\":\"https:\/\/kapitalis.com\/tunisie\/2023\/12\/08\/gaza-lhypocrisie-de-ladministration-biden\/#primaryimage\",\"url\":\"https:\/\/kapitalis.com\/tunisie\/wp-content\/uploads\/2023\/12\/Netanyahou-Biden-Gaza.jpg\",\"contentUrl\":\"https:\/\/kapitalis.com\/tunisie\/wp-content\/uploads\/2023\/12\/Netanyahou-Biden-Gaza.jpg\",\"width\":1200,\"height\":630},{\"@type\":\"BreadcrumbList\",\"@id\":\"https:\/\/kapitalis.com\/tunisie\/2023\/12\/08\/gaza-lhypocrisie-de-ladministration-biden\/#breadcrumb\",\"itemListElement\":[{\"@type\":\"ListItem\",\"position\":1,\"name\":\"Accueil\",\"item\":\"https:\/\/kapitalis.com\/tunisie\/\"},{\"@type\":\"ListItem\",\"position\":2,\"name\":\"Gaza\u00a0: l\u2019hypocrisie de l\u2019administration Biden\"}]},{\"@type\":\"WebSite\",\"@id\":\"https:\/\/kapitalis.com\/tunisie\/#website\",\"url\":\"https:\/\/kapitalis.com\/tunisie\/\",\"name\":\"Kapitalis\",\"description\":\"L&#039;actualit\u00e9 en Tunisie et dans le monde\",\"publisher\":{\"@id\":\"https:\/\/kapitalis.com\/tunisie\/#organization\"},\"potentialAction\":[{\"@type\":\"SearchAction\",\"target\":{\"@type\":\"EntryPoint\",\"urlTemplate\":\"https:\/\/kapitalis.com\/tunisie\/?s={search_term_string}\"},\"query-input\":{\"@type\":\"PropertyValueSpecification\",\"valueRequired\":true,\"valueName\":\"search_term_string\"}}],\"inLanguage\":\"fr-FR\"},{\"@type\":\"Organization\",\"@id\":\"https:\/\/kapitalis.com\/tunisie\/#organization\",\"name\":\"Kapitalis\",\"url\":\"https:\/\/kapitalis.com\/tunisie\/\",\"logo\":{\"@type\":\"ImageObject\",\"inLanguage\":\"fr-FR\",\"@id\":\"https:\/\/kapitalis.com\/tunisie\/#\/schema\/logo\/image\/\",\"url\":\"https:\/\/kapitalis.com\/tunisie\/wp-content\/uploads\/2022\/05\/Kapitalis-big-size.png\",\"contentUrl\":\"https:\/\/kapitalis.com\/tunisie\/wp-content\/uploads\/2022\/05\/Kapitalis-big-size.png\",\"width\":5000,\"height\":1500,\"caption\":\"Kapitalis\"},\"image\":{\"@id\":\"https:\/\/kapitalis.com\/tunisie\/#\/schema\/logo\/image\/\"},\"sameAs\":[\"https:\/\/www.facebook.com\/KapitalisInfo\/\",\"https:\/\/x.com\/KapitalisInfo\",\"https:\/\/www.youtube.com\/channel\/UC-yDYrHyfFBWWZaOw3FPg9Q\"]},{\"@type\":\"Person\",\"@id\":\"https:\/\/kapitalis.com\/tunisie\/#\/schema\/person\/d71f33a9ca44f7bad4698210b480c8e9\",\"name\":\"webmaster kapitalis\",\"url\":\"https:\/\/kapitalis.com\/tunisie\/author\/webmaster-kapitalis\/\"}]}<\/script>\n<!-- \/ Yoast SEO plugin. -->","yoast_head_json":{"title":"Gaza\u00a0: l\u2019hypocrisie de l\u2019administration Biden - Kapitalis","robots":{"index":"index","follow":"follow","max-snippet":"max-snippet:-1","max-image-preview":"max-image-preview:large","max-video-preview":"max-video-preview:-1"},"canonical":"https:\/\/kapitalis.com\/tunisie\/2023\/12\/08\/gaza-lhypocrisie-de-ladministration-biden\/","og_locale":"fr_FR","og_type":"article","og_title":"Gaza\u00a0: l\u2019hypocrisie de l\u2019administration Biden - Kapitalis","og_description":"La position am\u00e9ricaine sur le conflit isra\u00e9lo-palestinien p\u00e8che par cynisme et hypocrisie.","og_url":"https:\/\/kapitalis.com\/tunisie\/2023\/12\/08\/gaza-lhypocrisie-de-ladministration-biden\/","og_site_name":"Kapitalis","article_publisher":"https:\/\/www.facebook.com\/KapitalisInfo\/","article_published_time":"2023-12-08T09:43:26+00:00","article_modified_time":"2023-12-08T09:43:28+00:00","og_image":[{"width":1200,"height":630,"url":"https:\/\/kapitalis.com\/tunisie\/wp-content\/uploads\/2023\/12\/Netanyahou-Biden-Gaza.jpg","type":"image\/jpeg"}],"author":"webmaster kapitalis","twitter_card":"summary_large_image","twitter_creator":"@KapitalisInfo","twitter_site":"@KapitalisInfo","twitter_misc":{"\u00c9crit par":"webmaster kapitalis","Dur\u00e9e de lecture estim\u00e9e":"5 minutes"},"schema":{"@context":"https:\/\/schema.org","@graph":[{"@type":"Article","@id":"https:\/\/kapitalis.com\/tunisie\/2023\/12\/08\/gaza-lhypocrisie-de-ladministration-biden\/#article","isPartOf":{"@id":"https:\/\/kapitalis.com\/tunisie\/2023\/12\/08\/gaza-lhypocrisie-de-ladministration-biden\/"},"author":{"name":"webmaster kapitalis","@id":"https:\/\/kapitalis.com\/tunisie\/#\/schema\/person\/d71f33a9ca44f7bad4698210b480c8e9"},"headline":"Gaza\u00a0: l\u2019hypocrisie de l\u2019administration Biden","datePublished":"2023-12-08T09:43:26+00:00","dateModified":"2023-12-08T09:43:28+00:00","mainEntityOfPage":{"@id":"https:\/\/kapitalis.com\/tunisie\/2023\/12\/08\/gaza-lhypocrisie-de-ladministration-biden\/"},"wordCount":914,"commentCount":1,"publisher":{"@id":"https:\/\/kapitalis.com\/tunisie\/#organization"},"image":{"@id":"https:\/\/kapitalis.com\/tunisie\/2023\/12\/08\/gaza-lhypocrisie-de-ladministration-biden\/#primaryimage"},"thumbnailUrl":"https:\/\/kapitalis.com\/tunisie\/wp-content\/uploads\/2023\/12\/Netanyahou-Biden-Gaza.jpg","keywords":["administration Biden","Cisjordanie","D\u00e9luge d\u2019Al-Aqsa","Etats-Unis","Gaza","Hamas","Isra\u00ebl","Palestiniens","sionisme"],"articleSection":["A LA UNE","POLITIQUE","Tunisie"],"inLanguage":"fr-FR","potentialAction":[{"@type":"CommentAction","name":"Comment","target":["https:\/\/kapitalis.com\/tunisie\/2023\/12\/08\/gaza-lhypocrisie-de-ladministration-biden\/#respond"]}]},{"@type":"WebPage","@id":"https:\/\/kapitalis.com\/tunisie\/2023\/12\/08\/gaza-lhypocrisie-de-ladministration-biden\/","url":"https:\/\/kapitalis.com\/tunisie\/2023\/12\/08\/gaza-lhypocrisie-de-ladministration-biden\/","name":"Gaza\u00a0: l\u2019hypocrisie de l\u2019administration Biden - Kapitalis","isPartOf":{"@id":"https:\/\/kapitalis.com\/tunisie\/#website"},"primaryImageOfPage":{"@id":"https:\/\/kapitalis.com\/tunisie\/2023\/12\/08\/gaza-lhypocrisie-de-ladministration-biden\/#primaryimage"},"image":{"@id":"https:\/\/kapitalis.com\/tunisie\/2023\/12\/08\/gaza-lhypocrisie-de-ladministration-biden\/#primaryimage"},"thumbnailUrl":"https:\/\/kapitalis.com\/tunisie\/wp-content\/uploads\/2023\/12\/Netanyahou-Biden-Gaza.jpg","datePublished":"2023-12-08T09:43:26+00:00","dateModified":"2023-12-08T09:43:28+00:00","breadcrumb":{"@id":"https:\/\/kapitalis.com\/tunisie\/2023\/12\/08\/gaza-lhypocrisie-de-ladministration-biden\/#breadcrumb"},"inLanguage":"fr-FR","potentialAction":[{"@type":"ReadAction","target":["https:\/\/kapitalis.com\/tunisie\/2023\/12\/08\/gaza-lhypocrisie-de-ladministration-biden\/"]}]},{"@type":"ImageObject","inLanguage":"fr-FR","@id":"https:\/\/kapitalis.com\/tunisie\/2023\/12\/08\/gaza-lhypocrisie-de-ladministration-biden\/#primaryimage","url":"https:\/\/kapitalis.com\/tunisie\/wp-content\/uploads\/2023\/12\/Netanyahou-Biden-Gaza.jpg","contentUrl":"https:\/\/kapitalis.com\/tunisie\/wp-content\/uploads\/2023\/12\/Netanyahou-Biden-Gaza.jpg","width":1200,"height":630},{"@type":"BreadcrumbList","@id":"https:\/\/kapitalis.com\/tunisie\/2023\/12\/08\/gaza-lhypocrisie-de-ladministration-biden\/#breadcrumb","itemListElement":[{"@type":"ListItem","position":1,"name":"Accueil","item":"https:\/\/kapitalis.com\/tunisie\/"},{"@type":"ListItem","position":2,"name":"Gaza\u00a0: l\u2019hypocrisie de l\u2019administration Biden"}]},{"@type":"WebSite","@id":"https:\/\/kapitalis.com\/tunisie\/#website","url":"https:\/\/kapitalis.com\/tunisie\/","name":"Kapitalis","description":"L&#039;actualit\u00e9 en Tunisie et dans le monde","publisher":{"@id":"https:\/\/kapitalis.com\/tunisie\/#organization"},"potentialAction":[{"@type":"SearchAction","target":{"@type":"EntryPoint","urlTemplate":"https:\/\/kapitalis.com\/tunisie\/?s={search_term_string}"},"query-input":{"@type":"PropertyValueSpecification","valueRequired":true,"valueName":"search_term_string"}}],"inLanguage":"fr-FR"},{"@type":"Organization","@id":"https:\/\/kapitalis.com\/tunisie\/#organization","name":"Kapitalis","url":"https:\/\/kapitalis.com\/tunisie\/","logo":{"@type":"ImageObject","inLanguage":"fr-FR","@id":"https:\/\/kapitalis.com\/tunisie\/#\/schema\/logo\/image\/","url":"https:\/\/kapitalis.com\/tunisie\/wp-content\/uploads\/2022\/05\/Kapitalis-big-size.png","contentUrl":"https:\/\/kapitalis.com\/tunisie\/wp-content\/uploads\/2022\/05\/Kapitalis-big-size.png","width":5000,"height":1500,"caption":"Kapitalis"},"image":{"@id":"https:\/\/kapitalis.com\/tunisie\/#\/schema\/logo\/image\/"},"sameAs":["https:\/\/www.facebook.com\/KapitalisInfo\/","https:\/\/x.com\/KapitalisInfo","https:\/\/www.youtube.com\/channel\/UC-yDYrHyfFBWWZaOw3FPg9Q"]},{"@type":"Person","@id":"https:\/\/kapitalis.com\/tunisie\/#\/schema\/person\/d71f33a9ca44f7bad4698210b480c8e9","name":"webmaster kapitalis","url":"https:\/\/kapitalis.com\/tunisie\/author\/webmaster-kapitalis\/"}]}},"_links":{"self":[{"href":"https:\/\/kapitalis.com\/tunisie\/wp-json\/wp\/v2\/posts\/10839977","targetHints":{"allow":["GET"]}}],"collection":[{"href":"https:\/\/kapitalis.com\/tunisie\/wp-json\/wp\/v2\/posts"}],"about":[{"href":"https:\/\/kapitalis.com\/tunisie\/wp-json\/wp\/v2\/types\/post"}],"author":[{"embeddable":true,"href":"https:\/\/kapitalis.com\/tunisie\/wp-json\/wp\/v2\/users\/8"}],"replies":[{"embeddable":true,"href":"https:\/\/kapitalis.com\/tunisie\/wp-json\/wp\/v2\/comments?post=10839977"}],"version-history":[{"count":1,"href":"https:\/\/kapitalis.com\/tunisie\/wp-json\/wp\/v2\/posts\/10839977\/revisions"}],"predecessor-version":[{"id":10840095,"href":"https:\/\/kapitalis.com\/tunisie\/wp-json\/wp\/v2\/posts\/10839977\/revisions\/10840095"}],"wp:featuredmedia":[{"embeddable":true,"href":"https:\/\/kapitalis.com\/tunisie\/wp-json\/wp\/v2\/media\/10840077"}],"wp:attachment":[{"href":"https:\/\/kapitalis.com\/tunisie\/wp-json\/wp\/v2\/media?parent=10839977"}],"wp:term":[{"taxonomy":"category","embeddable":true,"href":"https:\/\/kapitalis.com\/tunisie\/wp-json\/wp\/v2\/categories?post=10839977"},{"taxonomy":"post_tag","embeddable":true,"href":"https:\/\/kapitalis.com\/tunisie\/wp-json\/wp\/v2\/tags?post=10839977"}],"curies":[{"name":"wp","href":"https:\/\/api.w.org\/{rel}","templated":true}]}}