{"id":10840394,"date":"2023-12-08T11:52:46","date_gmt":"2023-12-08T10:52:46","guid":{"rendered":"https:\/\/kapitalis.com\/tunisie\/?p=10840394"},"modified":"2023-12-08T12:14:57","modified_gmt":"2023-12-08T11:14:57","slug":"pourquoi-israel-ne-changera-pas","status":"publish","type":"post","link":"https:\/\/kapitalis.com\/tunisie\/2023\/12\/08\/pourquoi-israel-ne-changera-pas\/","title":{"rendered":"Pourquoi Isra\u00ebl ne changera pas"},"content":{"rendered":"\n<p><strong><em>La guerre isra\u00e9lienne contre Gaza va probablement renforcer l\u2019inclinaison de l\u2019Etat h\u00e9breu vers la droite. Les \u00e9lecteurs juifs ayant tendance \u00e0 voter \u00e0 droite, surtout en temps de guerre ou d\u2019ins\u00e9curit\u00e9.<\/em><\/strong> <em>(Illustration : Manifestants exigeant une action du gouvernement pour restituer les otages isra\u00e9liens, J\u00e9rusalem, novembre 2023)<\/em><\/p>\n\n\n\n<p>Par <strong>Dahlia Scheindlin<\/strong> *<\/p>\n\n\n\n<!--more-->\n\n\n<div class=\"wp-block-image\">\n<figure class=\"alignleft size-full\"><img loading=\"lazy\" decoding=\"async\" width=\"200\" height=\"200\" src=\"https:\/\/kapitalis.com\/tunisie\/wp-content\/uploads\/2023\/12\/Dahlia-Scheindlin.jpg\" alt=\"\" class=\"wp-image-10840446\" srcset=\"https:\/\/kapitalis.com\/tunisie\/wp-content\/uploads\/2023\/12\/Dahlia-Scheindlin.jpg 200w, https:\/\/kapitalis.com\/tunisie\/wp-content\/uploads\/2023\/12\/Dahlia-Scheindlin-150x150.jpg 150w, https:\/\/kapitalis.com\/tunisie\/wp-content\/uploads\/2023\/12\/Dahlia-Scheindlin-120x120.jpg 120w\" sizes=\"auto, (max-width: 200px) 100vw, 200px\" \/><\/figure>\n<\/div>\n\n\n<p>A partir du moment o\u00f9 le Hamas a franchi la barri\u00e8re de s\u00e9curit\u00e9 entre Isra\u00ebl et la bande de Gaza le 7 octobre, on a eu l\u2019impression qu\u2019Isra\u00ebl ne serait plus jamais le m\u00eame. En quelques heures, les Isra\u00e9liens ont \u00e9t\u00e9 contraints de se rendre \u00e0 l\u2019\u00e9vidence : bon nombre des hypoth\u00e8ses qui avaient longtemps guid\u00e9 la politique isra\u00e9lienne \u00e0 l\u2019\u00e9gard des Palestiniens s\u2019\u00e9taient effondr\u00e9es. La politique de blocus de Gaza men\u00e9e par l\u2019\u00c9tat depuis 16 ans n\u2019a pas r\u00e9ussi \u00e0 assurer la s\u00e9curit\u00e9 de la population. Le calcul du gouvernement selon lequel il pourrait inciter le Hamas \u00e0 faire preuve de pragmatisme \u2013 que ce soit en autorisant le financement qatari du Hamas ou en accordant des permis de travail aux travailleurs de Gaza \u2013 a plut\u00f4t incit\u00e9 Isra\u00ebl \u00e0 la complaisance. Et la croyance selon laquelle la plupart des menaces du Hamas pourraient \u00eatre neutralis\u00e9es gr\u00e2ce \u00e0 une surveillance de haute technologie (\u2026) et au syst\u00e8me de d\u00e9fense antimissile Iron Dome s\u2019est r\u00e9v\u00e9l\u00e9e totalement fausse.<\/p>\n\n\n\n<p>\u00c0 un niveau plus large, les attaques ont montr\u00e9 le terrible \u00e9chec de l\u2019id\u00e9e selon laquelle la question politique palestinienne pouvait \u00eatre laiss\u00e9e de c\u00f4t\u00e9 ind\u00e9finiment sans aucun co\u00fbt pour Isra\u00ebl, une croyance si axiomatique parmi les dirigeants isra\u00e9liens que les commentateurs lui ont trouv\u00e9 des noms : gestion du conflit, ou <em>\u00abr\u00e9duction de la conflit\u00bb<\/em>. Ainsi, il n\u2019y a eu aucune n\u00e9gociation isra\u00e9lo-palestinienne sur un accord de paix sur le statut final depuis des ann\u00e9es, alors m\u00eame qu\u2019Isra\u00ebl poursuivait la normalisation avec un nombre croissant d\u2019\u00c9tats arabes. Pendant plus de deux d\u00e9cennies, les partis de droite dominant la sc\u00e8ne politique isra\u00e9lienne ont dit aux \u00e9lecteurs que le pays \u00e9tait plus s\u00fbr qu\u2019il ne le serait sous toute autre politique, et la majorit\u00e9 des \u00e9lecteurs ont accept\u00e9. Mais le 7 octobre, l\u2019attaque du Hamas a mis fin au statu quo.<\/p>\n\n\n\n<p>Pourtant, sur un point majeur, Isra\u00ebl reste inchang\u00e9. M\u00eame si les Isra\u00e9liens accusent les dirigeants du pays d\u2019\u00eatre responsables des \u00e9checs catastrophiques en mati\u00e8re de s\u00e9curit\u00e9 entourant les attaques, leur orientation politique fondamentale semble peu susceptible de changer. Le Premier ministre Benjamin Netanyahou &nbsp;pourrait bien \u00eatre contraint de d\u00e9missionner une fois la guerre termin\u00e9e, voire avant, puisque la guerre n\u2019a pas d\u2019issue claire. Mais comme l\u2019histoire isra\u00e9lienne l\u2019a montr\u00e9 \u00e0 maintes reprises, notamment au cours des derni\u00e8res d\u00e9cennies, les \u00e9pisodes de guerre ou de violence extr\u00eame comme celui-ci n\u2019ont fait que renforcer l\u2019inclinaison \u00e0 droite de la politique isra\u00e9lienne. Si cette tendance se confirme aujourd\u2019hui, les Isra\u00e9liens pourraient \u00e9lire un nouveau gouvernement, mais ils pourraient aussi approuver les m\u00eames hypoth\u00e8ses erron\u00e9es qui ont d\u00e9fini cette tendance et qui ont contribu\u00e9 \u00e0 fa\u00e7onner la crise actuelle.<\/p>\n\n\n\n<h2 class=\"wp-block-heading\">Carton rouge pour Netanyahou<\/h2>\n\n\n\n<p>Sans surprise, de nombreux isra\u00e9liens imputent directement l\u2019\u00e9chec d\u00e9sastreux de la s\u00e9curit\u00e9 du pays \u00e0 Netanyahou, l\u2019homme au sommet. Ce qui est plus frappant, cependant, c\u2019est qu\u2019ils expriment leur opposition au milieu de l\u2019une des guerres les plus difficiles qu\u2019Isra\u00ebl ait men\u00e9es depuis des d\u00e9cennies. Ainsi, dans les semaines qui ont suivi l\u2019attaque, plusieurs manifestations ont eu lieu appelant Netanyahou &nbsp;\u00e0 d\u00e9missionner; le chef de l\u2019opposition, Yair Lapid, s\u2019est joint \u00e0 l\u2019appel, tout comme certaines familles de victimes tu\u00e9es ou kidnapp\u00e9es par le Hamas. De nombreux sondages sugg\u00e8rent que Netanyahou serait largement vaincu si les \u00e9lections avaient lieu maintenant.<\/p>\n\n\n\n<figure class=\"wp-block-embed is-type-wp-embed is-provider-kapitalis wp-block-embed-kapitalis\"><div class=\"wp-block-embed__wrapper\">\n<blockquote class=\"wp-embedded-content\" data-secret=\"3LfQJJA3nP\"><a href=\"https:\/\/kapitalis.com\/tunisie\/2023\/12\/02\/jusqua-quand-larmee-disrael-se-battra-t-elle-pour-netanyahou-et-ses-interets-personnels\/\">Jusqu\u2019\u00e0 quand l\u2019arm\u00e9e d\u2019Isra\u00ebl se battra-t-elle pour Netanyahou et ses int\u00e9r\u00eats personnels ?<\/a><\/blockquote><iframe loading=\"lazy\" class=\"wp-embedded-content\" sandbox=\"allow-scripts\" security=\"restricted\" style=\"position: absolute; clip: rect(1px, 1px, 1px, 1px);\" title=\"\u00ab\u00a0Jusqu\u2019\u00e0 quand l\u2019arm\u00e9e d\u2019Isra\u00ebl se battra-t-elle pour Netanyahou et ses int\u00e9r\u00eats personnels ?\u00a0\u00bb &#8212; Kapitalis\" src=\"https:\/\/kapitalis.com\/tunisie\/2023\/12\/02\/jusqua-quand-larmee-disrael-se-battra-t-elle-pour-netanyahou-et-ses-interets-personnels\/embed\/#?secret=S9vM8RWzaG#?secret=3LfQJJA3nP\" data-secret=\"3LfQJJA3nP\" width=\"600\" height=\"338\" frameborder=\"0\" marginwidth=\"0\" marginheight=\"0\" scrolling=\"no\"><\/iframe>\n<\/div><\/figure>\n\n\n\n<p>M\u00eame une enqu\u00eate r\u00e9alis\u00e9e les 22 et 23 novembre \u2013 apr\u00e8s que le gouvernement a annonc\u00e9 un accord de lib\u00e9ration d\u2019otages qui aurait pu renforcer sa position \u2013 a montr\u00e9 que la coalition au pouvoir perdrait 23 de ses 64 si\u00e8ges \u00e0 la Knesset (sur 120). Le soutien au propre parti de Netanyahou &nbsp;a chut\u00e9 de fa\u00e7on spectaculaire : si les \u00e9lections avaient lieu maintenant, les sondages montrent que le Likoud perdrait pr\u00e8s de la moiti\u00e9 de ses 32 si\u00e8ges \u00e0 la Knesset. Le plus frappant est peut-\u00eatre que plus des trois quarts des Isra\u00e9liens pensent que Netanyahou &nbsp;devrait d\u00e9missionner, apr\u00e8s ou m\u00eame pendant la guerre.<\/p>\n\n\n\n<p>Ces chiffres contrastent fortement avec le soutien massif dont b\u00e9n\u00e9ficient la plupart des dirigeants lorsque leur pays est attaqu\u00e9 ou en guerre. Par exemple, les Am\u00e9ricains se sont ralli\u00e9s au pr\u00e9sident am\u00e9ricain George W. Bush apr\u00e8s les attentats du 11 septembre 2001, et les taux d\u2019approbation des dirigeants am\u00e9ricains ont augment\u00e9 \u00e0 deux chiffres pendant la guerre du Golfe de 1990-1991 et la guerre en Irak qui a commenc\u00e9 en 2003. Le pr\u00e9sident ukrainien Volodymyr Zelensky a connu une popularit\u00e9 croissante apr\u00e8s l\u2019invasion de l\u2019Ukraine par la Russie en 2022.<\/p>\n\n\n\n<h2 class=\"wp-block-heading\">Les Isra\u00e9liens en temps de guerre<\/h2>\n\n\n\n<p>Pour les isra\u00e9liens, cependant, se retourner contre leurs dirigeants en temps de guerre n\u2019est pas nouveau. Les \u00e9lecteurs du pays se sont souvent retourn\u00e9s contre leur gouvernement apr\u00e8s le d\u00e9clenchement de la guerre, quelle que soit l\u2019orientation politique des partis au pouvoir. En 1973, le Premier ministre Golda Meir a \u00e9t\u00e9 accus\u00e9e de n\u2019avoir pas anticip\u00e9 l\u2019attaque \u00e9gyptienne qui a d\u00e9clench\u00e9 la guerre du Kippour et a finalement \u00e9t\u00e9 chass\u00e9e de ses fonctions. La deuxi\u00e8me intifada, le violent soul\u00e8vement palestinien qui a d\u00e9but\u00e9 en 2000, a conduit \u00e0 l\u2019effondrement du gouvernement du Premier ministre Ehud Barak, Barak perdant de 25 points de pourcentage face \u00e0 Ariel Sharon en 2001.<\/p>\n\n\n\n<p>Un autre exemple est la guerre men\u00e9e par Isra\u00ebl contre le Hezbollah en 2006. En ao\u00fbt de la m\u00eame ann\u00e9e, 63% des Isra\u00e9liens estimaient que le Premier ministre Ehud Olmert n\u2019avait pas r\u00e9ussi \u00e0 g\u00e9rer la guerre correctement et devait d\u00e9missionner. D\u00e9but 2007, Olmert faisait \u00e9galement l\u2019objet d\u2019enqu\u00eates pour corruption, et plus des trois quarts des Isra\u00e9liens \u00e9taient insatisfaits de son travail, la m\u00eame proportion qui souhaite actuellement que Netanyahou &nbsp;abandonne le pouvoir. (Olmert a finalement d\u00e9missionn\u00e9 en 2008 en raison de son inculpation imminente pour corruption.)<\/p>\n\n\n\n<p>D\u2019apr\u00e8s ce sch\u00e9ma bien \u00e9tabli, il semble probable que Netanyahou &nbsp;subira le m\u00eame sort. Bien avant les attaques du Hamas, son gouvernement de coalition d\u2019extr\u00eame droite, form\u00e9 fin d\u00e9cembre 2022, avait \u00e9t\u00e9 largement vilipend\u00e9. Pendant une grande partie de l\u2019ann\u00e9e derni\u00e8re, un grand nombre d\u2019Isra\u00e9liens sont descendus dans la rue pour s\u2019opposer au projet tr\u00e8s controvers\u00e9 de r\u00e9forme judiciaire, dans ce qui \u00e9tait devenu la manifestation la plus longue de l\u2019histoire d\u2019Isra\u00ebl : le 7 octobre aurait marqu\u00e9 la 40e semaine cons\u00e9cutive. D\u00e9j\u00e0 en avril, seulement 37% des Isra\u00e9liens soutenaient le Premier ministre; depuis les attentats, ce chiffre a chut\u00e9 \u00e0 26%. \u00c0 la mi-novembre, deux fois plus d\u2019Isra\u00e9liens, soit 52%, \u00e9taient favorables \u00e0 l\u2019ancien chef d\u2019\u00e9tat-major de l\u2019arm\u00e9e isra\u00e9lienne Benny Gantz, principal rival politique de Netanyahou &nbsp;et actuel partenaire du cabinet de guerre d\u2019urgence.<\/p>\n\n\n\n<figure class=\"wp-block-embed is-type-wp-embed is-provider-kapitalis wp-block-embed-kapitalis\"><div class=\"wp-block-embed__wrapper\">\n<blockquote class=\"wp-embedded-content\" data-secret=\"wD8vBNTz3e\"><a href=\"https:\/\/kapitalis.com\/tunisie\/2023\/11\/30\/israel-inapte-a-diriger-netanyahou-doit-partir\/\">Isra\u00ebl : Inapte \u00e0 diriger, Netanyahou doit partir<\/a><\/blockquote><iframe loading=\"lazy\" class=\"wp-embedded-content\" sandbox=\"allow-scripts\" security=\"restricted\" style=\"position: absolute; clip: rect(1px, 1px, 1px, 1px);\" title=\"\u00ab\u00a0Isra\u00ebl : Inapte \u00e0 diriger, Netanyahou doit partir\u00a0\u00bb &#8212; Kapitalis\" src=\"https:\/\/kapitalis.com\/tunisie\/2023\/11\/30\/israel-inapte-a-diriger-netanyahou-doit-partir\/embed\/#?secret=VHyMfeZuEe#?secret=wD8vBNTz3e\" data-secret=\"wD8vBNTz3e\" width=\"600\" height=\"338\" frameborder=\"0\" marginwidth=\"0\" marginheight=\"0\" scrolling=\"no\"><\/iframe>\n<\/div><\/figure>\n\n\n\n<p>De plus, Netanyahou &nbsp;a \u00e9galement \u00e9t\u00e9 poursuivi par des all\u00e9gations de corruption. Entre les affaires de corruption active port\u00e9es contre lui, les failles de s\u00e9curit\u00e9 sous sa direction et la guerre actuelle, il lui sera difficile, voire impossible, de rester au pouvoir. Mais la question plus vaste demeure : son d\u00e9part conduirait-il \u00e0 un changement fondamental dans l\u2019orientation de la politique ou de la politique isra\u00e9lienne ?<\/p>\n\n\n\n<h2 class=\"wp-block-heading\">Le virage \u00e0 droite<\/h2>\n\n\n\n<p>\u00c0 maintes reprises, dans les moments de guerre ou de violence extr\u00eame, les Isra\u00e9liens se sont tourn\u00e9s vers la droite. Lorsqu\u2019Isra\u00ebl a \u00e9lu pour la premi\u00e8re fois le Likoud de droite en 1977, cela a mis un terme \u00e0 la lente chute du gouvernement travailliste qui avait commenc\u00e9 apr\u00e8s la guerre de 1973. La victoire \u00e9tait en fait principalement motiv\u00e9e par une r\u00e9bellion de longue date contre les \u00e9lites dirigeantes de l\u2019Alignement travailliste, mais elle a l\u00e9gitim\u00e9 des id\u00e9ologies plus nationalistes et dures en tant que force significative en Isra\u00ebl. Cela a \u00e9galement marqu\u00e9 le d\u00e9but de la deuxi\u00e8me phase de l\u2019histoire politique du pays, domin\u00e9e principalement par des gouvernements de droite.<\/p>\n\n\n\n<p>Au cours des ann\u00e9es 1980, deux conflits majeurs ont contribu\u00e9 \u00e0 pousser davantage d\u2019Isra\u00e9liens \u00e0 s\u2019identifier \u00e0 droite : la guerre de 1982 et la premi\u00e8re Intifada, qui a d\u00e9but\u00e9 en 1987. Ce changement se refl\u00e8te dans les chiffres des sondages : en 1981, des enqu\u00eateurs ont d\u00e9couvert que parmi les juifs (presque aucune enqu\u00eate publique n\u2019incluait les Arabes \u00e0 l\u2019\u00e9poque), 36% des personnes interrog\u00e9es ont d\u00e9clar\u00e9 qu\u2019elles envisageaient de soutenir un parti de droite. En 1991, la proportion de personnes s\u2019identifiant comme \u00e9tant de droite repr\u00e9sentait environ la moiti\u00e9 de tous les Juifs isra\u00e9liens.<\/p>\n\n\n\n<p>N\u00e9anmoins, lors des \u00e9lections de 1992, le leader travailliste Yitzhak Rabin a gagn\u00e9 gr\u00e2ce \u00e0 une campagne visant \u00e0 faire avancer un processus de paix avec les Palestiniens, allant apparemment \u00e0 l\u2019encontre des attentes selon lesquelles le conflit m\u00e8nerait \u00e0 des victoires \u00e9lectorales de la droite. Certains analystes ont conclu plus tard que le recours \u00e0 la force par les Palestiniens lors de la premi\u00e8re Intifada aurait pu contribuer au soutien d\u2019Isra\u00ebl \u00e0 la paix et aux gouvernements conciliants. Mais ce conflit \u00e9tait bien moins violent que les guerres ult\u00e9rieures. Les Palestiniens ont largement eu recours \u00e0 des tactiques de d\u00e9sob\u00e9issance civile, avec des affrontements l\u00e9gers limit\u00e9s principalement aux territoires occup\u00e9s. Les \u00e9lections de 1992 ont \u00e9galement \u00e9t\u00e9 la derni\u00e8re fois que les Isra\u00e9liens ont vot\u00e9 pour la gauche \u00e0 la suite d\u2019un conflit avec les Palestiniens.<\/p>\n\n\n\n<p>L\u2019effet de la deuxi\u00e8me Intifada sur l\u2019\u00e9lectorat fut presque imm\u00e9diat.<\/p>\n\n\n\n<p>Bien que le gouvernement de Rabin ait sign\u00e9 les accords d\u2019Oslo avec l\u2019Organisation de lib\u00e9ration de la Palestine (OLP) de Yasser Arafat, les extr\u00e9mistes des deux c\u00f4t\u00e9s ont rapidement contrecarr\u00e9 le processus. Entre 1993 et \u200b\u200b1995, des groupes militants palestiniens ont perp\u00e9tr\u00e9 14 attentats-suicides en Isra\u00ebl. En 1994, le colon fondamentaliste juif Baruch Goldstein a massacr\u00e9 29 fid\u00e8les musulmans \u00e0 H\u00e9bron. Puis, en novembre 1995, Rabin a \u00e9t\u00e9 assassin\u00e9 par un ultranationaliste religieux isra\u00e9lien lors d\u2019un rassemblement pour la paix \u00e0 Tel Aviv.<\/p>\n\n\n\n<h2 class=\"wp-block-heading\">L\u2019assassinat de Rabin tue le processus de paix<\/h2>\n\n\n\n<p>De nombreux analystes isra\u00e9liens et m\u00eame d\u2019anciens n\u00e9gociateurs pensent que l\u2019assassinat de Rabin a tu\u00e9 le processus de paix : Rabin en avait fait une pi\u00e8ce ma\u00eetresse de son leadership et avait la stature politique n\u00e9cessaire pour entra\u00eener une partie importante de l\u2019opinion publique isra\u00e9lienne. Mais une autre interpr\u00e9tation est que, sans Rabin, les Isra\u00e9liens sont simplement revenus \u00e0 leurs pr\u00e9f\u00e9rences id\u00e9ologiques naturelles. Au d\u00e9but de l\u2019ann\u00e9e 1995 \u2013 avant l\u2019assassinat de Rabin \u2013 environ la moiti\u00e9 des Juifs isra\u00e9liens se qualifiaient de droite, contre 28% qui se qualifiaient de gauche et 23% qui se d\u00e9crivaient comme centristes, ce qui refl\u00e8te largement le sondage de 1991. Et lors des \u00e9lections de 1996, malgr\u00e9 les sondages montrant une sympathie apr\u00e8s l\u2019assassinat pour le successeur de Rabin, Shimon Peres, les \u00e9lecteurs ont finalement \u00e9lu Netanyahou , qui s\u2019est pr\u00e9sent\u00e9 sur un programme populiste de droite et s\u2019est oppos\u00e9 au <em>\u00abprocessus de paix\u00bb<\/em>.<\/p>\n\n\n\n<p>Pourtant, si la violence a pouss\u00e9 les Isra\u00e9liens encore plus \u00e0 droite, les ann\u00e9es d\u2019Oslo ont \u00e9galement montr\u00e9 que des temps plus calmes pourraient provoquer un basculement proportionn\u00e9, bien que mod\u00e9r\u00e9, vers la gauche. Par exemple, pendant le premier mandat de Netanyahou &nbsp;\u00e0 la fin des ann\u00e9es 1990, alors que les attentats-suicides diminuaient, la proportion de Juifs isra\u00e9liens s\u2019identifiant comme de gauche est pass\u00e9e \u00e0 35%, tandis que ceux se d\u00e9crivant comme de droite sont tomb\u00e9s \u00e0 42%. Selon les donn\u00e9es de sondages disponibles, cette diff\u00e9rence de sept points constitue l\u2019\u00e9cart le plus \u00e9troit entre les deux camps au cours des 30 derni\u00e8res ann\u00e9es. Puis, en 1999, Barak, un dirigeant alors consid\u00e9r\u00e9 par la plupart des Isra\u00e9liens comme de gauche, a \u00e9t\u00e9 \u00e9lu au pouvoir sur la promesse de relancer le processus de paix et de mettre fin \u00e0 l\u2019occupation isra\u00e9lienne du sud du Liban, qui durait \u00e0 l\u2019\u00e9poque depuis 17 ans.<\/p>\n\n\n\n<figure class=\"wp-block-embed is-type-wp-embed is-provider-kapitalis wp-block-embed-kapitalis\"><div class=\"wp-block-embed__wrapper\">\n<blockquote class=\"wp-embedded-content\" data-secret=\"nO9gjJfeSN\"><a href=\"https:\/\/kapitalis.com\/tunisie\/2023\/11\/30\/10743548\/\">Il n\u2019y aura de s\u00e9curit\u00e9 pour Isra\u00ebl que par la paix<\/a><\/blockquote><iframe loading=\"lazy\" class=\"wp-embedded-content\" sandbox=\"allow-scripts\" security=\"restricted\" style=\"position: absolute; clip: rect(1px, 1px, 1px, 1px);\" title=\"\u00ab\u00a0Il n\u2019y aura de s\u00e9curit\u00e9 pour Isra\u00ebl que par la paix\u00a0\u00bb &#8212; Kapitalis\" src=\"https:\/\/kapitalis.com\/tunisie\/2023\/11\/30\/10743548\/embed\/#?secret=8OI8RVZhcJ#?secret=nO9gjJfeSN\" data-secret=\"nO9gjJfeSN\" width=\"600\" height=\"338\" frameborder=\"0\" marginwidth=\"0\" marginheight=\"0\" scrolling=\"no\"><\/iframe>\n<\/div><\/figure>\n\n\n\n<p>Mais le soutien isra\u00e9lien \u00e0 la gauche n\u2019a pas dur\u00e9. Lors du sommet de Camp David en juillet 2000, Barak a tent\u00e9 de parvenir \u00e0 un v\u00e9ritable accord \u00e0 deux \u00c9tats avec Arafat. Au lieu de cela, les pourparlers ont \u00e9chou\u00e9 et la deuxi\u00e8me Intifada a \u00e9clat\u00e9, devenant rapidement bien plus violente que la premi\u00e8re. L\u2019effet sur l\u2019\u00e9lectorat a \u00e9t\u00e9 presque imm\u00e9diat : dans mes enqu\u00eates, le pourcentage de Juifs isra\u00e9liens s\u2019identifiant \u00e0 des attitudes de gauche a chut\u00e9 de dix points au cours de la premi\u00e8re ann\u00e9e de l\u2019Intifada, et il a continu\u00e9 \u00e0 baisser par la suite.<\/p>\n\n\n\n<h2 class=\"wp-block-heading\">De plus en plus \u00e0 droite<\/h2>\n\n\n\n<p>Au cours de la premi\u00e8re d\u00e9cennie de ce si\u00e8cle, les Isra\u00e9liens se sont orient\u00e9s davantage vers la droite. La premi\u00e8re moiti\u00e9 de la d\u00e9cennie a \u00e9t\u00e9 caract\u00e9ris\u00e9e par quatre ann\u00e9es d\u2019attentats suicides et par la r\u00e9-invasion isra\u00e9lienne des villes palestiniennes dans le cadre de l\u2019op\u00e9ration Bouclier d\u00e9fensif. La seconde moiti\u00e9 a \u00e9t\u00e9 marqu\u00e9e par la guerre du Liban en 2006, ainsi que par le retrait d\u2019Isra\u00ebl de Gaza, qui a contribu\u00e9 \u00e0 la victoire du Hamas aux \u00e9lections palestiniennes et \u00e0 sa prise de contr\u00f4le violente de Gaza en 2007. Cela a conduit au blocus de la bande par Isra\u00ebl. Les tirs de roquettes depuis Gaza vers Isra\u00ebl sont devenus plus fr\u00e9quents, culminant avec l\u2019Op\u00e9ration Plomb Durci, l\u2019invasion massive de Gaza par Isra\u00ebl en 2008-2009. Peu de temps apr\u00e8s cette guerre, les Isra\u00e9liens ont \u00e9lu Netanyahou &nbsp;au pouvoir, son Likoud adoptant une orientation de plus en plus populiste et nationaliste. En 2011, plus de la moiti\u00e9 des Juifs isra\u00e9liens se d\u00e9crivaient comme \u00e9tant de droite, et plus de trois fois plus se disaient de gauche, un chiffre qui \u00e9tait tomb\u00e9 \u00e0 15%.<\/p>\n\n\n\n<p>Au cours des ann\u00e9es 2010, la tendance s\u2019est poursuivie. Alors qu\u2019Isra\u00ebl menait de nombreux conflits avec le Hamas \u2013 y compris son op\u00e9ration plus \u00e9tendue \u00e0 Gaza en 2014 \u2013 l\u2019identification des \u00e9lecteurs juifs isra\u00e9liens \u00e0 l\u2019id\u00e9ologie de droite n\u2019a cess\u00e9 de cro\u00eetre. M\u00eame si cet indicateur oscillait encore autour de 50% au milieu des ann\u00e9es 2010, il a atteint 60% en 2019, selon mes enqu\u00eates. \u00c0 ce stade, les Arabes isra\u00e9liens \u2013 environ 20% de la population isra\u00e9lienne (mais environ 17% de l\u2019\u00e9lectorat citoyen adulte) \u2013 \u00e9taient \u00e9galement r\u00e9guli\u00e8rement interrog\u00e9s, et leur faible niveau de soutien \u00e0 l\u2019id\u00e9ologie de droite faisait baisser la moyenne globale. N\u00e9anmoins, m\u00eame en incluant les Arabes isra\u00e9liens, environ la moiti\u00e9 de l\u2019ensemble de la population isra\u00e9lienne se consid\u00e8re comme de droite. (Les Arabes isra\u00e9liens ont effectivement port\u00e9 le total de gauche \u00e0 environ 18% de la population totale dans la plupart des enqu\u00eates de ces derni\u00e8res ann\u00e9es.)<\/p>\n\n\n\n<p>Les ann\u00e9es qui ont pr\u00e9c\u00e9d\u00e9 la guerre actuelle ont encore renforc\u00e9 cette trajectoire. En mai 2021, une nouvelle escalade avec le Hamas a conduit \u00e0 des violences de rue sans pr\u00e9c\u00e9dent entre Juifs et citoyens arabes en Isra\u00ebl, suivies d\u2019une vague de violence plus modeste en 2022 et d\u2019un combat rapide avec le Jihad islamique palestinien en mai 2023. Malgr\u00e9 l\u2019indignation g\u00e9n\u00e9ralis\u00e9e envers le gouvernement Netanyahou &nbsp;pour son projet de r\u00e9forme judiciaire, la majorit\u00e9 des \u00e9lecteurs juifs ont continu\u00e9 \u00e0 s\u2019identifier comme \u00e9tant de droite dans les sondages.<\/p>\n\n\n\n<p>Notamment, cinq jours seulement avant les attaques du Hamas, aChord, un centre de recherche en psychologie sociale affili\u00e9 \u00e0 l\u2019Universit\u00e9 h\u00e9bra\u00efque, a men\u00e9 une enqu\u00eate qui a r\u00e9v\u00e9l\u00e9 que les deux tiers des Juifs isra\u00e9liens s\u2019identifiaient comme \u00e9tant de droite (soit <em>\u00abdroite ferme\u00bb<\/em>, soit <em>\u00abdroite mod\u00e9r\u00e9e\u00bb<\/em>) tandis que 10% se sont identifi\u00e9s comme \u00e9tant de gauche. Cela signifiait que pour chaque \u00e9lecteur juif isra\u00e9lien de gauche, la tendance \u00e9tait \u00e0 pr\u00e8s de sept \u00e0 droite. Sur la base de ces donn\u00e9es sombres, il serait remarquable que les Isra\u00e9liens ne s\u2019orientent pas davantage vers la droite \u00e0 la suite du pire \u00e9pisode de violence contre les Isra\u00e9liens depuis la fondation du pays.<\/p>\n\n\n\n<h2 class=\"wp-block-heading\">De quoi sera fait l\u2019apr\u00e8s-Netanyahou&nbsp;?<\/h2>\n\n\n\n<p>Malgr\u00e9 l\u2019\u00e9norme d\u00e9saffection populaire \u00e0 l\u2019\u00e9gard du leadership de Netanyahou , les inqui\u00e9tudes concernant l\u2019instabilit\u00e9 politique lui permettront probablement de rester au pouvoir pendant la guerre actuelle. De plus, beaucoup de choses pourraient encore se produire dans la guerre elle-m\u00eame, et les inclinations des \u00e9lecteurs pourraient \u00e9galement d\u00e9pendre du temps qui s\u2019\u00e9coulera avant les prochaines \u00e9lections. Mais si Netanyahou &nbsp;est finalement forc\u00e9 de quitter ses fonctions, il est loin d\u2019\u00eatre certain qu\u2019Isra\u00ebl empruntera une voie id\u00e9ologique diff\u00e9rente.<\/p>\n\n\n\n<p>Les sondages actuels montrent que les \u00e9lecteurs affluent vers le parti de centre-droit de l\u2019Unit\u00e9 nationale de Gantz. Selon un sondage publi\u00e9 le 24 novembre, si les \u00e9lections avaient lieu maintenant, le parti de Gantz obtiendrait 43 si\u00e8ges, soit 11 de plus que ce que le Likoud a remport\u00e9 lors des \u00e9lections de 2022 et bien plus du double de ce que le Likoud s\u2019attend \u00e0 obtenir actuellement. Mais il est trop t\u00f4t pour savoir si ces chiffres se maintiendront, et encore moins s\u2019ils refl\u00e8tent un d\u00e9placement plus large vers le centre. L\u2019un des probl\u00e8mes est que, puisque tous les partis d\u2019extr\u00eame droite isra\u00e9liens font partie de la coalition au pouvoir, profond\u00e9ment impopulaire, les \u00e9lecteurs en col\u00e8re contre le gouvernement initial de Netanyahou &nbsp;soutiennent par d\u00e9faut l\u2019unit\u00e9 nationale \u2013 d\u00e9sormais partenaire de guerre de ce gouvernement. Gantz, avec ses solides r\u00e9f\u00e9rences militaires, semble \u00e9galement b\u00e9n\u00e9ficier du soutien du <em>\u00abrassemblement autour du drapeau\u00bb<\/em> dans la guerre elle-m\u00eame.<\/p>\n\n\n\n<p>Il est peu probable que Gantz s\u2019\u00e9carte de l\u2019approche actuelle de la droite \u00e0 l\u2019\u00e9gard du probl\u00e8me palestinien. Mais si les Isra\u00e9liens en veulent \u00e0 Netanyahou &nbsp;et semblent pourtant susceptibles de se tourner vers la droite, pourquoi ne s\u2019attachent-ils pas aux partis d\u2019extr\u00eame droite de la coalition ?<\/p>\n\n\n\n<p>Jusqu\u2019\u00e0 pr\u00e9sent, les sondages ne montrent aucune hausse pour les partis ultranationalistes juifs et sionistes religieux. Paradoxalement, le programme extr\u00e9miste du gouvernement Netanyahou , ses attaques contre les institutions d\u00e9mocratiques et la mauvaise gouvernance catastrophique qui a conduit \u00e0 la guerre pourraient en r\u00e9alit\u00e9 emp\u00eacher l\u2019\u00e9lectorat de faire ce qui aurait pu \u00eatre un glissement r\u00e9flexif vers une droite plus th\u00e9ocratique, antid\u00e9mocratique et irr\u00e9m\u00e9diable.<\/p>\n\n\n\n<p>Une issue plausible de la crise actuelle serait donc de voir Isra\u00ebl passer \u00e0 un nouveau gouvernement dirig\u00e9 par Gantz. Gantz \u00e9viterait probablement le courant constant de populisme diviseur de Netanyahou &nbsp;et probablement ses scandales de corruption, et il \u00e9viterait presque certainement la volont\u00e9 messianique des gouvernements de ses pr\u00e9d\u00e9cesseurs d\u2019\u00e9tendre les colonies ou d\u2019officialiser l\u2019annexion.<\/p>\n\n\n\n<p>Pourtant, compte tenu du long pass\u00e9 militaire de Gantz et de la pr\u00e9sence d\u2019anciens membres du Likoud dans son parti, il jouit d\u2019une l\u00e9gitimit\u00e9 \u00e0 droite et voudra la conserver. De plus, il n\u2019y a pas grand-chose dans la rh\u00e9torique de Gantz qui sugg\u00e8re qu\u2019il s\u2019\u00e9carterait de mani\u00e8re significative de l\u2019approche actuelle de la droite \u00e0 l\u2019\u00e9gard du probl\u00e8me palestinien. Ni en tant que candidat, ni depuis qu\u2019il a rejoint le cabinet de guerre, Gantz n\u2019a ouvertement pas soutenu une solution \u00e0 deux \u00c9tats, ni d\u2019ailleurs aucune r\u00e9solution politique de la question palestinienne. Pas plus tard que l\u2019ann\u00e9e derni\u00e8re, il a \u00e9voqu\u00e9 l\u2019id\u00e9e de <em>\u00abdeux \u00c9tats pour deux entit\u00e9s\u00bb<\/em> et a d\u00e9clar\u00e9 : <em>\u00abJe suis contre cela\u00bb<\/em>.<\/p>\n\n\n\n<p>L\u2019une des pires erreurs de Netanyahou a \u00e9t\u00e9 de consid\u00e9rer le probl\u00e8me palestinien uniquement en termes de s\u00e9curit\u00e9, comme si les politiques derri\u00e8re le conflit pouvaient \u00eatre ignor\u00e9es. Bien entendu, cela a conduit \u00e0 l\u2019angle mort qui a contribu\u00e9 \u00e0 rendre les attaques du Hamas si meurtri\u00e8res. Mais en tant qu\u2019homme de Tsahal, Gantz semble probablement consid\u00e9rer le probl\u00e8me palestinien de la m\u00eame mani\u00e8re : comme une menace \u00e0 la s\u00e9curit\u00e9 qu\u2019il faut contenir plut\u00f4t que comme une reconnaissance du droit des Palestiniens \u00e0 l\u2019autod\u00e9termination. Et si tel est le cas, malgr\u00e9 toute son horreur, le 7 octobre semble susceptible d\u2019entra\u00eener la m\u00eame chose, y compris de futurs cycles de mis\u00e8re des deux c\u00f4t\u00e9s.<\/p>\n\n\n\n<p class=\"has-text-align-right\"><em>Traduit de l\u2019anglais.<\/em><\/p>\n\n\n\n<p><em>* Sondeuse, chercheuse politique \u00e0 Century International et chroniqueuse \u00e0 Haaretz. <\/em><em>Elle est l\u2019auteure de \u2018\u2018The Crooked Timber of Democracy in Israel\u2019\u2019.<\/em><\/p>\n\n\n\n<p><strong><em>Source<\/em><\/strong> : <a href=\"https:\/\/www.foreignaffairs.com\/israel\/why-israel-wont-change\" target=\"_blank\" rel=\"noreferrer noopener\">Foreign Affairs<\/a>. <\/p>\n","protected":false},"excerpt":{"rendered":"<p>S&rsquo;il est \u00e9lu, Gantz ne s&rsquo;\u00e9carterait pas de la politique de Netanyahou \u00e0 l&rsquo;\u00e9gard des Palestiniens.<\/p>\n","protected":false},"author":8,"featured_media":10840550,"comment_status":"open","ping_status":"open","sticky":false,"template":"","format":"standard","meta":{"footnotes":""},"categories":[992,997,1000,2433],"tags":[109918,78945,27112,2444,26195,2478,90196,78947,105509],"class_list":["post-10840394","post","type-post","status-publish","format-standard","has-post-thumbnail","hentry","category-a-la-une","category-politique","category-tribune","category-tunisie","tag-arabes-israeliens","tag-benny-gantz","tag-benyamin-netanyahou","tag-gaza","tag-hamas","tag-israel","tag-juifs-israeliens","tag-likoud","tag-yair-lapid-2"],"yoast_head":"<!-- This site is optimized with the Yoast SEO plugin v26.6 - https:\/\/yoast.com\/wordpress\/plugins\/seo\/ -->\n<title>Pourquoi Isra\u00ebl ne changera pas - Kapitalis<\/title>\n<meta name=\"robots\" content=\"index, follow, max-snippet:-1, max-image-preview:large, max-video-preview:-1\" \/>\n<link rel=\"canonical\" href=\"https:\/\/kapitalis.com\/tunisie\/2023\/12\/08\/pourquoi-israel-ne-changera-pas\/\" \/>\n<meta property=\"og:locale\" content=\"fr_FR\" \/>\n<meta property=\"og:type\" content=\"article\" \/>\n<meta property=\"og:title\" content=\"Pourquoi Isra\u00ebl ne changera pas - Kapitalis\" \/>\n<meta property=\"og:description\" content=\"S&#039;il est \u00e9lu, Gantz ne s&#039;\u00e9carterait pas de la politique de Netanyahou \u00e0 l&#039;\u00e9gard des Palestiniens.\" \/>\n<meta property=\"og:url\" content=\"https:\/\/kapitalis.com\/tunisie\/2023\/12\/08\/pourquoi-israel-ne-changera-pas\/\" \/>\n<meta property=\"og:site_name\" content=\"Kapitalis\" \/>\n<meta property=\"article:publisher\" content=\"https:\/\/www.facebook.com\/KapitalisInfo\/\" \/>\n<meta property=\"article:published_time\" content=\"2023-12-08T10:52:46+00:00\" \/>\n<meta property=\"article:modified_time\" content=\"2023-12-08T11:14:57+00:00\" \/>\n<meta property=\"og:image\" content=\"https:\/\/kapitalis.com\/tunisie\/wp-content\/uploads\/2023\/12\/Manifestants-israeliens.jpg\" \/>\n\t<meta property=\"og:image:width\" content=\"1200\" \/>\n\t<meta property=\"og:image:height\" content=\"630\" \/>\n\t<meta property=\"og:image:type\" content=\"image\/jpeg\" \/>\n<meta name=\"author\" content=\"webmaster kapitalis\" \/>\n<meta name=\"twitter:card\" content=\"summary_large_image\" \/>\n<meta name=\"twitter:creator\" content=\"@KapitalisInfo\" \/>\n<meta name=\"twitter:site\" content=\"@KapitalisInfo\" \/>\n<meta name=\"twitter:label1\" content=\"\u00c9crit par\" \/>\n\t<meta name=\"twitter:data1\" content=\"webmaster kapitalis\" \/>\n\t<meta name=\"twitter:label2\" content=\"Dur\u00e9e de lecture estim\u00e9e\" \/>\n\t<meta name=\"twitter:data2\" content=\"17 minutes\" \/>\n<script type=\"application\/ld+json\" class=\"yoast-schema-graph\">{\"@context\":\"https:\/\/schema.org\",\"@graph\":[{\"@type\":\"Article\",\"@id\":\"https:\/\/kapitalis.com\/tunisie\/2023\/12\/08\/pourquoi-israel-ne-changera-pas\/#article\",\"isPartOf\":{\"@id\":\"https:\/\/kapitalis.com\/tunisie\/2023\/12\/08\/pourquoi-israel-ne-changera-pas\/\"},\"author\":{\"name\":\"webmaster kapitalis\",\"@id\":\"https:\/\/kapitalis.com\/tunisie\/#\/schema\/person\/d71f33a9ca44f7bad4698210b480c8e9\"},\"headline\":\"Pourquoi Isra\u00ebl ne changera pas\",\"datePublished\":\"2023-12-08T10:52:46+00:00\",\"dateModified\":\"2023-12-08T11:14:57+00:00\",\"mainEntityOfPage\":{\"@id\":\"https:\/\/kapitalis.com\/tunisie\/2023\/12\/08\/pourquoi-israel-ne-changera-pas\/\"},\"wordCount\":3634,\"commentCount\":0,\"publisher\":{\"@id\":\"https:\/\/kapitalis.com\/tunisie\/#organization\"},\"image\":{\"@id\":\"https:\/\/kapitalis.com\/tunisie\/2023\/12\/08\/pourquoi-israel-ne-changera-pas\/#primaryimage\"},\"thumbnailUrl\":\"https:\/\/kapitalis.com\/tunisie\/wp-content\/uploads\/2023\/12\/Manifestants-israeliens.jpg\",\"keywords\":[\"arabes isra\u00e9liens\",\"Benny Gantz\",\"Benyamin Netanyahou\",\"Gaza\",\"Hamas\",\"Isra\u00ebl\",\"juifs isra\u00e9liens\",\"Likoud\",\"Yair Lapid\"],\"articleSection\":[\"A LA UNE\",\"POLITIQUE\",\"TRIBUNE\",\"Tunisie\"],\"inLanguage\":\"fr-FR\",\"potentialAction\":[{\"@type\":\"CommentAction\",\"name\":\"Comment\",\"target\":[\"https:\/\/kapitalis.com\/tunisie\/2023\/12\/08\/pourquoi-israel-ne-changera-pas\/#respond\"]}]},{\"@type\":\"WebPage\",\"@id\":\"https:\/\/kapitalis.com\/tunisie\/2023\/12\/08\/pourquoi-israel-ne-changera-pas\/\",\"url\":\"https:\/\/kapitalis.com\/tunisie\/2023\/12\/08\/pourquoi-israel-ne-changera-pas\/\",\"name\":\"Pourquoi Isra\u00ebl ne changera pas - Kapitalis\",\"isPartOf\":{\"@id\":\"https:\/\/kapitalis.com\/tunisie\/#website\"},\"primaryImageOfPage\":{\"@id\":\"https:\/\/kapitalis.com\/tunisie\/2023\/12\/08\/pourquoi-israel-ne-changera-pas\/#primaryimage\"},\"image\":{\"@id\":\"https:\/\/kapitalis.com\/tunisie\/2023\/12\/08\/pourquoi-israel-ne-changera-pas\/#primaryimage\"},\"thumbnailUrl\":\"https:\/\/kapitalis.com\/tunisie\/wp-content\/uploads\/2023\/12\/Manifestants-israeliens.jpg\",\"datePublished\":\"2023-12-08T10:52:46+00:00\",\"dateModified\":\"2023-12-08T11:14:57+00:00\",\"breadcrumb\":{\"@id\":\"https:\/\/kapitalis.com\/tunisie\/2023\/12\/08\/pourquoi-israel-ne-changera-pas\/#breadcrumb\"},\"inLanguage\":\"fr-FR\",\"potentialAction\":[{\"@type\":\"ReadAction\",\"target\":[\"https:\/\/kapitalis.com\/tunisie\/2023\/12\/08\/pourquoi-israel-ne-changera-pas\/\"]}]},{\"@type\":\"ImageObject\",\"inLanguage\":\"fr-FR\",\"@id\":\"https:\/\/kapitalis.com\/tunisie\/2023\/12\/08\/pourquoi-israel-ne-changera-pas\/#primaryimage\",\"url\":\"https:\/\/kapitalis.com\/tunisie\/wp-content\/uploads\/2023\/12\/Manifestants-israeliens.jpg\",\"contentUrl\":\"https:\/\/kapitalis.com\/tunisie\/wp-content\/uploads\/2023\/12\/Manifestants-israeliens.jpg\",\"width\":1200,\"height\":630},{\"@type\":\"BreadcrumbList\",\"@id\":\"https:\/\/kapitalis.com\/tunisie\/2023\/12\/08\/pourquoi-israel-ne-changera-pas\/#breadcrumb\",\"itemListElement\":[{\"@type\":\"ListItem\",\"position\":1,\"name\":\"Accueil\",\"item\":\"https:\/\/kapitalis.com\/tunisie\/\"},{\"@type\":\"ListItem\",\"position\":2,\"name\":\"Pourquoi Isra\u00ebl ne changera pas\"}]},{\"@type\":\"WebSite\",\"@id\":\"https:\/\/kapitalis.com\/tunisie\/#website\",\"url\":\"https:\/\/kapitalis.com\/tunisie\/\",\"name\":\"Kapitalis\",\"description\":\"L&#039;actualit\u00e9 en Tunisie et dans le monde\",\"publisher\":{\"@id\":\"https:\/\/kapitalis.com\/tunisie\/#organization\"},\"potentialAction\":[{\"@type\":\"SearchAction\",\"target\":{\"@type\":\"EntryPoint\",\"urlTemplate\":\"https:\/\/kapitalis.com\/tunisie\/?s={search_term_string}\"},\"query-input\":{\"@type\":\"PropertyValueSpecification\",\"valueRequired\":true,\"valueName\":\"search_term_string\"}}],\"inLanguage\":\"fr-FR\"},{\"@type\":\"Organization\",\"@id\":\"https:\/\/kapitalis.com\/tunisie\/#organization\",\"name\":\"Kapitalis\",\"url\":\"https:\/\/kapitalis.com\/tunisie\/\",\"logo\":{\"@type\":\"ImageObject\",\"inLanguage\":\"fr-FR\",\"@id\":\"https:\/\/kapitalis.com\/tunisie\/#\/schema\/logo\/image\/\",\"url\":\"https:\/\/kapitalis.com\/tunisie\/wp-content\/uploads\/2022\/05\/Kapitalis-big-size.png\",\"contentUrl\":\"https:\/\/kapitalis.com\/tunisie\/wp-content\/uploads\/2022\/05\/Kapitalis-big-size.png\",\"width\":5000,\"height\":1500,\"caption\":\"Kapitalis\"},\"image\":{\"@id\":\"https:\/\/kapitalis.com\/tunisie\/#\/schema\/logo\/image\/\"},\"sameAs\":[\"https:\/\/www.facebook.com\/KapitalisInfo\/\",\"https:\/\/x.com\/KapitalisInfo\",\"https:\/\/www.youtube.com\/channel\/UC-yDYrHyfFBWWZaOw3FPg9Q\"]},{\"@type\":\"Person\",\"@id\":\"https:\/\/kapitalis.com\/tunisie\/#\/schema\/person\/d71f33a9ca44f7bad4698210b480c8e9\",\"name\":\"webmaster kapitalis\",\"url\":\"https:\/\/kapitalis.com\/tunisie\/author\/webmaster-kapitalis\/\"}]}<\/script>\n<!-- \/ Yoast SEO plugin. -->","yoast_head_json":{"title":"Pourquoi Isra\u00ebl ne changera pas - Kapitalis","robots":{"index":"index","follow":"follow","max-snippet":"max-snippet:-1","max-image-preview":"max-image-preview:large","max-video-preview":"max-video-preview:-1"},"canonical":"https:\/\/kapitalis.com\/tunisie\/2023\/12\/08\/pourquoi-israel-ne-changera-pas\/","og_locale":"fr_FR","og_type":"article","og_title":"Pourquoi Isra\u00ebl ne changera pas - Kapitalis","og_description":"S'il est \u00e9lu, Gantz ne s'\u00e9carterait pas de la politique de Netanyahou \u00e0 l'\u00e9gard des Palestiniens.","og_url":"https:\/\/kapitalis.com\/tunisie\/2023\/12\/08\/pourquoi-israel-ne-changera-pas\/","og_site_name":"Kapitalis","article_publisher":"https:\/\/www.facebook.com\/KapitalisInfo\/","article_published_time":"2023-12-08T10:52:46+00:00","article_modified_time":"2023-12-08T11:14:57+00:00","og_image":[{"width":1200,"height":630,"url":"https:\/\/kapitalis.com\/tunisie\/wp-content\/uploads\/2023\/12\/Manifestants-israeliens.jpg","type":"image\/jpeg"}],"author":"webmaster kapitalis","twitter_card":"summary_large_image","twitter_creator":"@KapitalisInfo","twitter_site":"@KapitalisInfo","twitter_misc":{"\u00c9crit par":"webmaster kapitalis","Dur\u00e9e de lecture estim\u00e9e":"17 minutes"},"schema":{"@context":"https:\/\/schema.org","@graph":[{"@type":"Article","@id":"https:\/\/kapitalis.com\/tunisie\/2023\/12\/08\/pourquoi-israel-ne-changera-pas\/#article","isPartOf":{"@id":"https:\/\/kapitalis.com\/tunisie\/2023\/12\/08\/pourquoi-israel-ne-changera-pas\/"},"author":{"name":"webmaster kapitalis","@id":"https:\/\/kapitalis.com\/tunisie\/#\/schema\/person\/d71f33a9ca44f7bad4698210b480c8e9"},"headline":"Pourquoi Isra\u00ebl ne changera pas","datePublished":"2023-12-08T10:52:46+00:00","dateModified":"2023-12-08T11:14:57+00:00","mainEntityOfPage":{"@id":"https:\/\/kapitalis.com\/tunisie\/2023\/12\/08\/pourquoi-israel-ne-changera-pas\/"},"wordCount":3634,"commentCount":0,"publisher":{"@id":"https:\/\/kapitalis.com\/tunisie\/#organization"},"image":{"@id":"https:\/\/kapitalis.com\/tunisie\/2023\/12\/08\/pourquoi-israel-ne-changera-pas\/#primaryimage"},"thumbnailUrl":"https:\/\/kapitalis.com\/tunisie\/wp-content\/uploads\/2023\/12\/Manifestants-israeliens.jpg","keywords":["arabes isra\u00e9liens","Benny Gantz","Benyamin Netanyahou","Gaza","Hamas","Isra\u00ebl","juifs isra\u00e9liens","Likoud","Yair Lapid"],"articleSection":["A LA UNE","POLITIQUE","TRIBUNE","Tunisie"],"inLanguage":"fr-FR","potentialAction":[{"@type":"CommentAction","name":"Comment","target":["https:\/\/kapitalis.com\/tunisie\/2023\/12\/08\/pourquoi-israel-ne-changera-pas\/#respond"]}]},{"@type":"WebPage","@id":"https:\/\/kapitalis.com\/tunisie\/2023\/12\/08\/pourquoi-israel-ne-changera-pas\/","url":"https:\/\/kapitalis.com\/tunisie\/2023\/12\/08\/pourquoi-israel-ne-changera-pas\/","name":"Pourquoi Isra\u00ebl ne changera pas - Kapitalis","isPartOf":{"@id":"https:\/\/kapitalis.com\/tunisie\/#website"},"primaryImageOfPage":{"@id":"https:\/\/kapitalis.com\/tunisie\/2023\/12\/08\/pourquoi-israel-ne-changera-pas\/#primaryimage"},"image":{"@id":"https:\/\/kapitalis.com\/tunisie\/2023\/12\/08\/pourquoi-israel-ne-changera-pas\/#primaryimage"},"thumbnailUrl":"https:\/\/kapitalis.com\/tunisie\/wp-content\/uploads\/2023\/12\/Manifestants-israeliens.jpg","datePublished":"2023-12-08T10:52:46+00:00","dateModified":"2023-12-08T11:14:57+00:00","breadcrumb":{"@id":"https:\/\/kapitalis.com\/tunisie\/2023\/12\/08\/pourquoi-israel-ne-changera-pas\/#breadcrumb"},"inLanguage":"fr-FR","potentialAction":[{"@type":"ReadAction","target":["https:\/\/kapitalis.com\/tunisie\/2023\/12\/08\/pourquoi-israel-ne-changera-pas\/"]}]},{"@type":"ImageObject","inLanguage":"fr-FR","@id":"https:\/\/kapitalis.com\/tunisie\/2023\/12\/08\/pourquoi-israel-ne-changera-pas\/#primaryimage","url":"https:\/\/kapitalis.com\/tunisie\/wp-content\/uploads\/2023\/12\/Manifestants-israeliens.jpg","contentUrl":"https:\/\/kapitalis.com\/tunisie\/wp-content\/uploads\/2023\/12\/Manifestants-israeliens.jpg","width":1200,"height":630},{"@type":"BreadcrumbList","@id":"https:\/\/kapitalis.com\/tunisie\/2023\/12\/08\/pourquoi-israel-ne-changera-pas\/#breadcrumb","itemListElement":[{"@type":"ListItem","position":1,"name":"Accueil","item":"https:\/\/kapitalis.com\/tunisie\/"},{"@type":"ListItem","position":2,"name":"Pourquoi Isra\u00ebl ne changera pas"}]},{"@type":"WebSite","@id":"https:\/\/kapitalis.com\/tunisie\/#website","url":"https:\/\/kapitalis.com\/tunisie\/","name":"Kapitalis","description":"L&#039;actualit\u00e9 en Tunisie et dans le monde","publisher":{"@id":"https:\/\/kapitalis.com\/tunisie\/#organization"},"potentialAction":[{"@type":"SearchAction","target":{"@type":"EntryPoint","urlTemplate":"https:\/\/kapitalis.com\/tunisie\/?s={search_term_string}"},"query-input":{"@type":"PropertyValueSpecification","valueRequired":true,"valueName":"search_term_string"}}],"inLanguage":"fr-FR"},{"@type":"Organization","@id":"https:\/\/kapitalis.com\/tunisie\/#organization","name":"Kapitalis","url":"https:\/\/kapitalis.com\/tunisie\/","logo":{"@type":"ImageObject","inLanguage":"fr-FR","@id":"https:\/\/kapitalis.com\/tunisie\/#\/schema\/logo\/image\/","url":"https:\/\/kapitalis.com\/tunisie\/wp-content\/uploads\/2022\/05\/Kapitalis-big-size.png","contentUrl":"https:\/\/kapitalis.com\/tunisie\/wp-content\/uploads\/2022\/05\/Kapitalis-big-size.png","width":5000,"height":1500,"caption":"Kapitalis"},"image":{"@id":"https:\/\/kapitalis.com\/tunisie\/#\/schema\/logo\/image\/"},"sameAs":["https:\/\/www.facebook.com\/KapitalisInfo\/","https:\/\/x.com\/KapitalisInfo","https:\/\/www.youtube.com\/channel\/UC-yDYrHyfFBWWZaOw3FPg9Q"]},{"@type":"Person","@id":"https:\/\/kapitalis.com\/tunisie\/#\/schema\/person\/d71f33a9ca44f7bad4698210b480c8e9","name":"webmaster kapitalis","url":"https:\/\/kapitalis.com\/tunisie\/author\/webmaster-kapitalis\/"}]}},"_links":{"self":[{"href":"https:\/\/kapitalis.com\/tunisie\/wp-json\/wp\/v2\/posts\/10840394","targetHints":{"allow":["GET"]}}],"collection":[{"href":"https:\/\/kapitalis.com\/tunisie\/wp-json\/wp\/v2\/posts"}],"about":[{"href":"https:\/\/kapitalis.com\/tunisie\/wp-json\/wp\/v2\/types\/post"}],"author":[{"embeddable":true,"href":"https:\/\/kapitalis.com\/tunisie\/wp-json\/wp\/v2\/users\/8"}],"replies":[{"embeddable":true,"href":"https:\/\/kapitalis.com\/tunisie\/wp-json\/wp\/v2\/comments?post=10840394"}],"version-history":[{"count":3,"href":"https:\/\/kapitalis.com\/tunisie\/wp-json\/wp\/v2\/posts\/10840394\/revisions"}],"predecessor-version":[{"id":10840703,"href":"https:\/\/kapitalis.com\/tunisie\/wp-json\/wp\/v2\/posts\/10840394\/revisions\/10840703"}],"wp:featuredmedia":[{"embeddable":true,"href":"https:\/\/kapitalis.com\/tunisie\/wp-json\/wp\/v2\/media\/10840550"}],"wp:attachment":[{"href":"https:\/\/kapitalis.com\/tunisie\/wp-json\/wp\/v2\/media?parent=10840394"}],"wp:term":[{"taxonomy":"category","embeddable":true,"href":"https:\/\/kapitalis.com\/tunisie\/wp-json\/wp\/v2\/categories?post=10840394"},{"taxonomy":"post_tag","embeddable":true,"href":"https:\/\/kapitalis.com\/tunisie\/wp-json\/wp\/v2\/tags?post=10840394"}],"curies":[{"name":"wp","href":"https:\/\/api.w.org\/{rel}","templated":true}]}}