{"id":10843851,"date":"2023-12-08T20:04:47","date_gmt":"2023-12-08T19:04:47","guid":{"rendered":"https:\/\/kapitalis.com\/tunisie\/?p=10843851"},"modified":"2023-12-08T20:06:55","modified_gmt":"2023-12-08T19:06:55","slug":"pdl-manifestation-et-jour-de-colere-le-10-decembre-pour-appeler-a-la-liberation-de-abir-moussi","status":"publish","type":"post","link":"https:\/\/kapitalis.com\/tunisie\/2023\/12\/08\/pdl-manifestation-et-jour-de-colere-le-10-decembre-pour-appeler-a-la-liberation-de-abir-moussi\/","title":{"rendered":"PDL : Manifestation et jour de col\u00e8re le 10 D\u00e9cembre pour appeler \u00e0 la lib\u00e9ration de Abir Moussi"},"content":{"rendered":"\n<p><strong><em>A l\u2019occasion de la Journ\u00e9e internationale des droits de l\u2019Homme c\u00e9l\u00e9br\u00e9e le 10 d\u00e9cembre de chaque ann\u00e9e dans le monde, le Parti destourien libre (PDL) organise une manifestation et un jour de col\u00e8re dimanche prochain, en soutien \u00e0 la cheffe du parti Abir Moussi, en d\u00e9tention depuis le 3 octobre dernier.<\/em><\/strong><\/p>\n\n\n\n<!--more-->\n\n\n\n<p>Les partisans du PDL se rassembleront \u00e0 la Goulette (banlieue nord de Tunis) et effectueront une marche symbolique \u00e0 l&rsquo;occasion de la Journ\u00e9e internationale des droits de l\u2019Homme afin de d\u00e9noncer les violations des droits et des libert\u00e9s en Tunisie et en particulier celles visant Abir Moussi.<\/p>\n\n\n\n<p>Ils appelleront ainsi \u00e0 sa lib\u00e9ration, estimant que sa d\u00e9tention est abusive et que son proc\u00e8s est purement politique. Les partisans du PDL, accusent en effet, le pr\u00e9sident d&rsquo;avoir instrumentalis\u00e9 la justice, notamment pour \u00e9vincer la cheffe du parti destourien des prochaines \u00e9lections.<\/p>\n\n\n\n<p class=\"has-text-align-right\"><strong>Y. N.<\/strong><\/p>\n","protected":false},"excerpt":{"rendered":"<p>A l\u2019occasion de la Journ\u00e9e internationale des droits de l\u2019Homme c\u00e9l\u00e9br\u00e9e le 10 d\u00e9cembre de chaque ann\u00e9e dans le monde, le Parti destourien libre (PDL) organise une manifestation et un jour de col\u00e8re dimanche prochain, en soutien \u00e0 la cheffe du parti Abir Moussi, en d\u00e9tention depuis le 3 octobre dernier.<\/p>\n","protected":false},"author":6,"featured_media":10480053,"comment_status":"open","ping_status":"open","sticky":false,"template":"","format":"standard","meta":{"footnotes":""},"categories":[997,2433],"tags":[112740,15144,3138,85059,2917,73027,33536],"class_list":["post-10843851","post","type-post","status-publish","format-standard","has-post-thumbnail","hentry","category-politique","category-tunisie","tag-10-decembre-2","tag-abir-moussi","tag-droits-de-lhomme","tag-jour-de-colere","tag-la-goulette","tag-parti-destourien","tag-pdl"],"yoast_head":"<!-- This site is optimized with the Yoast SEO plugin v26.6 - https:\/\/yoast.com\/wordpress\/plugins\/seo\/ -->\n<title>PDL : Manifestation et jour de col\u00e8re le 10 D\u00e9cembre pour appeler \u00e0 la lib\u00e9ration de Abir Moussi - Kapitalis<\/title>\n<meta name=\"robots\" content=\"index, follow, max-snippet:-1, max-image-preview:large, max-video-preview:-1\" \/>\n<link rel=\"canonical\" href=\"https:\/\/kapitalis.com\/tunisie\/2023\/12\/08\/pdl-manifestation-et-jour-de-colere-le-10-decembre-pour-appeler-a-la-liberation-de-abir-moussi\/\" \/>\n<meta property=\"og:locale\" content=\"fr_FR\" \/>\n<meta property=\"og:type\" content=\"article\" \/>\n<meta property=\"og:title\" content=\"PDL : Manifestation et jour de col\u00e8re le 10 D\u00e9cembre pour appeler \u00e0 la lib\u00e9ration de Abir Moussi - Kapitalis\" \/>\n<meta property=\"og:description\" content=\"A l\u2019occasion de la Journ\u00e9e internationale des droits de l\u2019Homme c\u00e9l\u00e9br\u00e9e le 10 d\u00e9cembre de chaque ann\u00e9e dans le monde, le Parti destourien libre (PDL) organise une manifestation et un jour de col\u00e8re dimanche prochain, en soutien \u00e0 la cheffe du parti Abir Moussi, en d\u00e9tention depuis le 3 octobre dernier.\" \/>\n<meta property=\"og:url\" content=\"https:\/\/kapitalis.com\/tunisie\/2023\/12\/08\/pdl-manifestation-et-jour-de-colere-le-10-decembre-pour-appeler-a-la-liberation-de-abir-moussi\/\" \/>\n<meta property=\"og:site_name\" content=\"Kapitalis\" \/>\n<meta property=\"article:publisher\" content=\"https:\/\/www.facebook.com\/KapitalisInfo\/\" \/>\n<meta property=\"article:published_time\" content=\"2023-12-08T19:04:47+00:00\" \/>\n<meta property=\"article:modified_time\" content=\"2023-12-08T19:06:55+00:00\" \/>\n<meta property=\"og:image\" content=\"https:\/\/kapitalis.com\/tunisie\/wp-content\/uploads\/2023\/11\/Abir-Moussi.jpg\" \/>\n\t<meta property=\"og:image:width\" content=\"1200\" \/>\n\t<meta property=\"og:image:height\" content=\"630\" \/>\n\t<meta property=\"og:image:type\" content=\"image\/jpeg\" \/>\n<meta name=\"author\" content=\"Yusra NY\" \/>\n<meta name=\"twitter:card\" content=\"summary_large_image\" \/>\n<meta name=\"twitter:creator\" content=\"@KapitalisInfo\" \/>\n<meta name=\"twitter:site\" content=\"@KapitalisInfo\" \/>\n<meta name=\"twitter:label1\" content=\"\u00c9crit par\" \/>\n\t<meta name=\"twitter:data1\" content=\"Yusra NY\" \/>\n\t<meta name=\"twitter:label2\" content=\"Dur\u00e9e de lecture estim\u00e9e\" \/>\n\t<meta name=\"twitter:data2\" content=\"1 minute\" \/>\n<script type=\"application\/ld+json\" class=\"yoast-schema-graph\">{\"@context\":\"https:\/\/schema.org\",\"@graph\":[{\"@type\":\"Article\",\"@id\":\"https:\/\/kapitalis.com\/tunisie\/2023\/12\/08\/pdl-manifestation-et-jour-de-colere-le-10-decembre-pour-appeler-a-la-liberation-de-abir-moussi\/#article\",\"isPartOf\":{\"@id\":\"https:\/\/kapitalis.com\/tunisie\/2023\/12\/08\/pdl-manifestation-et-jour-de-colere-le-10-decembre-pour-appeler-a-la-liberation-de-abir-moussi\/\"},\"author\":{\"name\":\"Yusra NY\",\"@id\":\"https:\/\/kapitalis.com\/tunisie\/#\/schema\/person\/74bbde0154d49d790a92aaeac5bc01d5\"},\"headline\":\"PDL : Manifestation et jour de col\u00e8re le 10 D\u00e9cembre pour appeler \u00e0 la lib\u00e9ration de Abir Moussi\",\"datePublished\":\"2023-12-08T19:04:47+00:00\",\"dateModified\":\"2023-12-08T19:06:55+00:00\",\"mainEntityOfPage\":{\"@id\":\"https:\/\/kapitalis.com\/tunisie\/2023\/12\/08\/pdl-manifestation-et-jour-de-colere-le-10-decembre-pour-appeler-a-la-liberation-de-abir-moussi\/\"},\"wordCount\":173,\"commentCount\":1,\"publisher\":{\"@id\":\"https:\/\/kapitalis.com\/tunisie\/#organization\"},\"image\":{\"@id\":\"https:\/\/kapitalis.com\/tunisie\/2023\/12\/08\/pdl-manifestation-et-jour-de-colere-le-10-decembre-pour-appeler-a-la-liberation-de-abir-moussi\/#primaryimage\"},\"thumbnailUrl\":\"https:\/\/kapitalis.com\/tunisie\/wp-content\/uploads\/2023\/11\/Abir-Moussi.jpg\",\"keywords\":[\"10 D\u00e9cembre\",\"Abir Moussi\",\"droits de l\u2019Homme\",\"jour de col\u00e8re\",\"La Goulette\",\"parti destourien\",\"PDL\"],\"articleSection\":[\"POLITIQUE\",\"Tunisie\"],\"inLanguage\":\"fr-FR\",\"potentialAction\":[{\"@type\":\"CommentAction\",\"name\":\"Comment\",\"target\":[\"https:\/\/kapitalis.com\/tunisie\/2023\/12\/08\/pdl-manifestation-et-jour-de-colere-le-10-decembre-pour-appeler-a-la-liberation-de-abir-moussi\/#respond\"]}]},{\"@type\":\"WebPage\",\"@id\":\"https:\/\/kapitalis.com\/tunisie\/2023\/12\/08\/pdl-manifestation-et-jour-de-colere-le-10-decembre-pour-appeler-a-la-liberation-de-abir-moussi\/\",\"url\":\"https:\/\/kapitalis.com\/tunisie\/2023\/12\/08\/pdl-manifestation-et-jour-de-colere-le-10-decembre-pour-appeler-a-la-liberation-de-abir-moussi\/\",\"name\":\"PDL : Manifestation et jour de col\u00e8re le 10 D\u00e9cembre pour appeler \u00e0 la lib\u00e9ration de Abir Moussi - Kapitalis\",\"isPartOf\":{\"@id\":\"https:\/\/kapitalis.com\/tunisie\/#website\"},\"primaryImageOfPage\":{\"@id\":\"https:\/\/kapitalis.com\/tunisie\/2023\/12\/08\/pdl-manifestation-et-jour-de-colere-le-10-decembre-pour-appeler-a-la-liberation-de-abir-moussi\/#primaryimage\"},\"image\":{\"@id\":\"https:\/\/kapitalis.com\/tunisie\/2023\/12\/08\/pdl-manifestation-et-jour-de-colere-le-10-decembre-pour-appeler-a-la-liberation-de-abir-moussi\/#primaryimage\"},\"thumbnailUrl\":\"https:\/\/kapitalis.com\/tunisie\/wp-content\/uploads\/2023\/11\/Abir-Moussi.jpg\",\"datePublished\":\"2023-12-08T19:04:47+00:00\",\"dateModified\":\"2023-12-08T19:06:55+00:00\",\"breadcrumb\":{\"@id\":\"https:\/\/kapitalis.com\/tunisie\/2023\/12\/08\/pdl-manifestation-et-jour-de-colere-le-10-decembre-pour-appeler-a-la-liberation-de-abir-moussi\/#breadcrumb\"},\"inLanguage\":\"fr-FR\",\"potentialAction\":[{\"@type\":\"ReadAction\",\"target\":[\"https:\/\/kapitalis.com\/tunisie\/2023\/12\/08\/pdl-manifestation-et-jour-de-colere-le-10-decembre-pour-appeler-a-la-liberation-de-abir-moussi\/\"]}]},{\"@type\":\"ImageObject\",\"inLanguage\":\"fr-FR\",\"@id\":\"https:\/\/kapitalis.com\/tunisie\/2023\/12\/08\/pdl-manifestation-et-jour-de-colere-le-10-decembre-pour-appeler-a-la-liberation-de-abir-moussi\/#primaryimage\",\"url\":\"https:\/\/kapitalis.com\/tunisie\/wp-content\/uploads\/2023\/11\/Abir-Moussi.jpg\",\"contentUrl\":\"https:\/\/kapitalis.com\/tunisie\/wp-content\/uploads\/2023\/11\/Abir-Moussi.jpg\",\"width\":1200,\"height\":630},{\"@type\":\"BreadcrumbList\",\"@id\":\"https:\/\/kapitalis.com\/tunisie\/2023\/12\/08\/pdl-manifestation-et-jour-de-colere-le-10-decembre-pour-appeler-a-la-liberation-de-abir-moussi\/#breadcrumb\",\"itemListElement\":[{\"@type\":\"ListItem\",\"position\":1,\"name\":\"Accueil\",\"item\":\"https:\/\/kapitalis.com\/tunisie\/\"},{\"@type\":\"ListItem\",\"position\":2,\"name\":\"PDL : Manifestation et jour de col\u00e8re le 10 D\u00e9cembre pour appeler \u00e0 la lib\u00e9ration de Abir Moussi\"}]},{\"@type\":\"WebSite\",\"@id\":\"https:\/\/kapitalis.com\/tunisie\/#website\",\"url\":\"https:\/\/kapitalis.com\/tunisie\/\",\"name\":\"Kapitalis\",\"description\":\"L&#039;actualit\u00e9 en Tunisie et dans le monde\",\"publisher\":{\"@id\":\"https:\/\/kapitalis.com\/tunisie\/#organization\"},\"potentialAction\":[{\"@type\":\"SearchAction\",\"target\":{\"@type\":\"EntryPoint\",\"urlTemplate\":\"https:\/\/kapitalis.com\/tunisie\/?s={search_term_string}\"},\"query-input\":{\"@type\":\"PropertyValueSpecification\",\"valueRequired\":true,\"valueName\":\"search_term_string\"}}],\"inLanguage\":\"fr-FR\"},{\"@type\":\"Organization\",\"@id\":\"https:\/\/kapitalis.com\/tunisie\/#organization\",\"name\":\"Kapitalis\",\"url\":\"https:\/\/kapitalis.com\/tunisie\/\",\"logo\":{\"@type\":\"ImageObject\",\"inLanguage\":\"fr-FR\",\"@id\":\"https:\/\/kapitalis.com\/tunisie\/#\/schema\/logo\/image\/\",\"url\":\"https:\/\/kapitalis.com\/tunisie\/wp-content\/uploads\/2022\/05\/Kapitalis-big-size.png\",\"contentUrl\":\"https:\/\/kapitalis.com\/tunisie\/wp-content\/uploads\/2022\/05\/Kapitalis-big-size.png\",\"width\":5000,\"height\":1500,\"caption\":\"Kapitalis\"},\"image\":{\"@id\":\"https:\/\/kapitalis.com\/tunisie\/#\/schema\/logo\/image\/\"},\"sameAs\":[\"https:\/\/www.facebook.com\/KapitalisInfo\/\",\"https:\/\/x.com\/KapitalisInfo\",\"https:\/\/www.youtube.com\/channel\/UC-yDYrHyfFBWWZaOw3FPg9Q\"]},{\"@type\":\"Person\",\"@id\":\"https:\/\/kapitalis.com\/tunisie\/#\/schema\/person\/74bbde0154d49d790a92aaeac5bc01d5\",\"name\":\"Yusra NY\",\"url\":\"https:\/\/kapitalis.com\/tunisie\/author\/yuza_adam\/\"}]}<\/script>\n<!-- \/ Yoast SEO plugin. -->","yoast_head_json":{"title":"PDL : Manifestation et jour de col\u00e8re le 10 D\u00e9cembre pour appeler \u00e0 la lib\u00e9ration de Abir Moussi - Kapitalis","robots":{"index":"index","follow":"follow","max-snippet":"max-snippet:-1","max-image-preview":"max-image-preview:large","max-video-preview":"max-video-preview:-1"},"canonical":"https:\/\/kapitalis.com\/tunisie\/2023\/12\/08\/pdl-manifestation-et-jour-de-colere-le-10-decembre-pour-appeler-a-la-liberation-de-abir-moussi\/","og_locale":"fr_FR","og_type":"article","og_title":"PDL : Manifestation et jour de col\u00e8re le 10 D\u00e9cembre pour appeler \u00e0 la lib\u00e9ration de Abir Moussi - Kapitalis","og_description":"A l\u2019occasion de la Journ\u00e9e internationale des droits de l\u2019Homme c\u00e9l\u00e9br\u00e9e le 10 d\u00e9cembre de chaque ann\u00e9e dans le monde, le Parti destourien libre (PDL) organise une manifestation et un jour de col\u00e8re dimanche prochain, en soutien \u00e0 la cheffe du parti Abir Moussi, en d\u00e9tention depuis le 3 octobre dernier.","og_url":"https:\/\/kapitalis.com\/tunisie\/2023\/12\/08\/pdl-manifestation-et-jour-de-colere-le-10-decembre-pour-appeler-a-la-liberation-de-abir-moussi\/","og_site_name":"Kapitalis","article_publisher":"https:\/\/www.facebook.com\/KapitalisInfo\/","article_published_time":"2023-12-08T19:04:47+00:00","article_modified_time":"2023-12-08T19:06:55+00:00","og_image":[{"width":1200,"height":630,"url":"https:\/\/kapitalis.com\/tunisie\/wp-content\/uploads\/2023\/11\/Abir-Moussi.jpg","type":"image\/jpeg"}],"author":"Yusra NY","twitter_card":"summary_large_image","twitter_creator":"@KapitalisInfo","twitter_site":"@KapitalisInfo","twitter_misc":{"\u00c9crit par":"Yusra NY","Dur\u00e9e de lecture estim\u00e9e":"1 minute"},"schema":{"@context":"https:\/\/schema.org","@graph":[{"@type":"Article","@id":"https:\/\/kapitalis.com\/tunisie\/2023\/12\/08\/pdl-manifestation-et-jour-de-colere-le-10-decembre-pour-appeler-a-la-liberation-de-abir-moussi\/#article","isPartOf":{"@id":"https:\/\/kapitalis.com\/tunisie\/2023\/12\/08\/pdl-manifestation-et-jour-de-colere-le-10-decembre-pour-appeler-a-la-liberation-de-abir-moussi\/"},"author":{"name":"Yusra NY","@id":"https:\/\/kapitalis.com\/tunisie\/#\/schema\/person\/74bbde0154d49d790a92aaeac5bc01d5"},"headline":"PDL : Manifestation et jour de col\u00e8re le 10 D\u00e9cembre pour appeler \u00e0 la lib\u00e9ration de Abir Moussi","datePublished":"2023-12-08T19:04:47+00:00","dateModified":"2023-12-08T19:06:55+00:00","mainEntityOfPage":{"@id":"https:\/\/kapitalis.com\/tunisie\/2023\/12\/08\/pdl-manifestation-et-jour-de-colere-le-10-decembre-pour-appeler-a-la-liberation-de-abir-moussi\/"},"wordCount":173,"commentCount":1,"publisher":{"@id":"https:\/\/kapitalis.com\/tunisie\/#organization"},"image":{"@id":"https:\/\/kapitalis.com\/tunisie\/2023\/12\/08\/pdl-manifestation-et-jour-de-colere-le-10-decembre-pour-appeler-a-la-liberation-de-abir-moussi\/#primaryimage"},"thumbnailUrl":"https:\/\/kapitalis.com\/tunisie\/wp-content\/uploads\/2023\/11\/Abir-Moussi.jpg","keywords":["10 D\u00e9cembre","Abir Moussi","droits de l\u2019Homme","jour de col\u00e8re","La Goulette","parti destourien","PDL"],"articleSection":["POLITIQUE","Tunisie"],"inLanguage":"fr-FR","potentialAction":[{"@type":"CommentAction","name":"Comment","target":["https:\/\/kapitalis.com\/tunisie\/2023\/12\/08\/pdl-manifestation-et-jour-de-colere-le-10-decembre-pour-appeler-a-la-liberation-de-abir-moussi\/#respond"]}]},{"@type":"WebPage","@id":"https:\/\/kapitalis.com\/tunisie\/2023\/12\/08\/pdl-manifestation-et-jour-de-colere-le-10-decembre-pour-appeler-a-la-liberation-de-abir-moussi\/","url":"https:\/\/kapitalis.com\/tunisie\/2023\/12\/08\/pdl-manifestation-et-jour-de-colere-le-10-decembre-pour-appeler-a-la-liberation-de-abir-moussi\/","name":"PDL : Manifestation et jour de col\u00e8re le 10 D\u00e9cembre pour appeler \u00e0 la lib\u00e9ration de Abir Moussi - Kapitalis","isPartOf":{"@id":"https:\/\/kapitalis.com\/tunisie\/#website"},"primaryImageOfPage":{"@id":"https:\/\/kapitalis.com\/tunisie\/2023\/12\/08\/pdl-manifestation-et-jour-de-colere-le-10-decembre-pour-appeler-a-la-liberation-de-abir-moussi\/#primaryimage"},"image":{"@id":"https:\/\/kapitalis.com\/tunisie\/2023\/12\/08\/pdl-manifestation-et-jour-de-colere-le-10-decembre-pour-appeler-a-la-liberation-de-abir-moussi\/#primaryimage"},"thumbnailUrl":"https:\/\/kapitalis.com\/tunisie\/wp-content\/uploads\/2023\/11\/Abir-Moussi.jpg","datePublished":"2023-12-08T19:04:47+00:00","dateModified":"2023-12-08T19:06:55+00:00","breadcrumb":{"@id":"https:\/\/kapitalis.com\/tunisie\/2023\/12\/08\/pdl-manifestation-et-jour-de-colere-le-10-decembre-pour-appeler-a-la-liberation-de-abir-moussi\/#breadcrumb"},"inLanguage":"fr-FR","potentialAction":[{"@type":"ReadAction","target":["https:\/\/kapitalis.com\/tunisie\/2023\/12\/08\/pdl-manifestation-et-jour-de-colere-le-10-decembre-pour-appeler-a-la-liberation-de-abir-moussi\/"]}]},{"@type":"ImageObject","inLanguage":"fr-FR","@id":"https:\/\/kapitalis.com\/tunisie\/2023\/12\/08\/pdl-manifestation-et-jour-de-colere-le-10-decembre-pour-appeler-a-la-liberation-de-abir-moussi\/#primaryimage","url":"https:\/\/kapitalis.com\/tunisie\/wp-content\/uploads\/2023\/11\/Abir-Moussi.jpg","contentUrl":"https:\/\/kapitalis.com\/tunisie\/wp-content\/uploads\/2023\/11\/Abir-Moussi.jpg","width":1200,"height":630},{"@type":"BreadcrumbList","@id":"https:\/\/kapitalis.com\/tunisie\/2023\/12\/08\/pdl-manifestation-et-jour-de-colere-le-10-decembre-pour-appeler-a-la-liberation-de-abir-moussi\/#breadcrumb","itemListElement":[{"@type":"ListItem","position":1,"name":"Accueil","item":"https:\/\/kapitalis.com\/tunisie\/"},{"@type":"ListItem","position":2,"name":"PDL : Manifestation et jour de col\u00e8re le 10 D\u00e9cembre pour appeler \u00e0 la lib\u00e9ration de Abir Moussi"}]},{"@type":"WebSite","@id":"https:\/\/kapitalis.com\/tunisie\/#website","url":"https:\/\/kapitalis.com\/tunisie\/","name":"Kapitalis","description":"L&#039;actualit\u00e9 en Tunisie et dans le monde","publisher":{"@id":"https:\/\/kapitalis.com\/tunisie\/#organization"},"potentialAction":[{"@type":"SearchAction","target":{"@type":"EntryPoint","urlTemplate":"https:\/\/kapitalis.com\/tunisie\/?s={search_term_string}"},"query-input":{"@type":"PropertyValueSpecification","valueRequired":true,"valueName":"search_term_string"}}],"inLanguage":"fr-FR"},{"@type":"Organization","@id":"https:\/\/kapitalis.com\/tunisie\/#organization","name":"Kapitalis","url":"https:\/\/kapitalis.com\/tunisie\/","logo":{"@type":"ImageObject","inLanguage":"fr-FR","@id":"https:\/\/kapitalis.com\/tunisie\/#\/schema\/logo\/image\/","url":"https:\/\/kapitalis.com\/tunisie\/wp-content\/uploads\/2022\/05\/Kapitalis-big-size.png","contentUrl":"https:\/\/kapitalis.com\/tunisie\/wp-content\/uploads\/2022\/05\/Kapitalis-big-size.png","width":5000,"height":1500,"caption":"Kapitalis"},"image":{"@id":"https:\/\/kapitalis.com\/tunisie\/#\/schema\/logo\/image\/"},"sameAs":["https:\/\/www.facebook.com\/KapitalisInfo\/","https:\/\/x.com\/KapitalisInfo","https:\/\/www.youtube.com\/channel\/UC-yDYrHyfFBWWZaOw3FPg9Q"]},{"@type":"Person","@id":"https:\/\/kapitalis.com\/tunisie\/#\/schema\/person\/74bbde0154d49d790a92aaeac5bc01d5","name":"Yusra NY","url":"https:\/\/kapitalis.com\/tunisie\/author\/yuza_adam\/"}]}},"_links":{"self":[{"href":"https:\/\/kapitalis.com\/tunisie\/wp-json\/wp\/v2\/posts\/10843851","targetHints":{"allow":["GET"]}}],"collection":[{"href":"https:\/\/kapitalis.com\/tunisie\/wp-json\/wp\/v2\/posts"}],"about":[{"href":"https:\/\/kapitalis.com\/tunisie\/wp-json\/wp\/v2\/types\/post"}],"author":[{"embeddable":true,"href":"https:\/\/kapitalis.com\/tunisie\/wp-json\/wp\/v2\/users\/6"}],"replies":[{"embeddable":true,"href":"https:\/\/kapitalis.com\/tunisie\/wp-json\/wp\/v2\/comments?post=10843851"}],"version-history":[{"count":2,"href":"https:\/\/kapitalis.com\/tunisie\/wp-json\/wp\/v2\/posts\/10843851\/revisions"}],"predecessor-version":[{"id":10844149,"href":"https:\/\/kapitalis.com\/tunisie\/wp-json\/wp\/v2\/posts\/10843851\/revisions\/10844149"}],"wp:featuredmedia":[{"embeddable":true,"href":"https:\/\/kapitalis.com\/tunisie\/wp-json\/wp\/v2\/media\/10480053"}],"wp:attachment":[{"href":"https:\/\/kapitalis.com\/tunisie\/wp-json\/wp\/v2\/media?parent=10843851"}],"wp:term":[{"taxonomy":"category","embeddable":true,"href":"https:\/\/kapitalis.com\/tunisie\/wp-json\/wp\/v2\/categories?post=10843851"},{"taxonomy":"post_tag","embeddable":true,"href":"https:\/\/kapitalis.com\/tunisie\/wp-json\/wp\/v2\/tags?post=10843851"}],"curies":[{"name":"wp","href":"https:\/\/api.w.org\/{rel}","templated":true}]}}