{"id":108562,"date":"2017-08-01T14:26:51","date_gmt":"2017-08-01T13:26:51","guid":{"rendered":"http:\/\/kapitalis.com\/tunisie\/?p=108562"},"modified":"2017-08-01T14:26:51","modified_gmt":"2017-08-01T13:26:51","slug":"incendies-a-jendouba-abdellatif-el-mekki-fait-son-cinema","status":"publish","type":"post","link":"https:\/\/kapitalis.com\/tunisie\/2017\/08\/01\/incendies-a-jendouba-abdellatif-el-mekki-fait-son-cinema\/","title":{"rendered":"Incendies \u00e0 Jendouba : Abdellatif El Mekki fait son cin\u00e9ma"},"content":{"rendered":"<p style=\"text-align: center;\"><img loading=\"lazy\" decoding=\"async\" class=\"alignnone size-full wp-image-108564\" src=\"http:\/\/kapitalis.com\/tunisie\/wp-content\/uploads\/2017\/08\/Jendouba-El-mekki-ennahdha-incendie-.jpg\" alt=\"\" width=\"626\" height=\"380\" \/><\/p>\n<p><em><strong>Les photos post\u00e9es sur Facebook par le d\u00e9put\u00e9 Ennahdha, Abdellatif El Mekki, intervenant dans un vrai faux incendie \u00e0 Jendouba, n\u2019ont pas eu l\u2019effet escompt\u00e9\u2026<\/strong><\/em><!--more--><\/p>\n<p>L&rsquo;ancien ministre de la Sant\u00e9, d\u00e9put\u00e9 Ennahdha \u00e9lu dans la circonscription du Kef, s\u2019est rendu, mardi 1er ao\u00fbt 2017, dans une des zones foresti\u00e8res de Jendouba o\u00f9 les flammes ont ravag\u00e9 une grande partie du couvert forestier (plus de 200 hectares au total).<\/p>\n<p>Le d\u00e9put\u00e9, qui dit s\u2019\u00eatre rendu sur place, pour suivre les interventions des pompiers, a post\u00e9 des photos sur sa page Facebook, o\u00f9 on le voit muni de sa pelle pour affronter des flammes inexistantes, en tout cas dans les photos post\u00e9es.<\/p>\n<p style=\"text-align: center;\"><img loading=\"lazy\" decoding=\"async\" class=\"alignnone size-full wp-image-108565\" src=\"http:\/\/kapitalis.com\/tunisie\/wp-content\/uploads\/2017\/08\/El-Makki-Jendouba.jpg\" alt=\"\" width=\"500\" height=\"300\" \/><\/p>\n<p>Dans ces images, soigneusement post\u00e9es sur les r\u00e9seaux sociaux, les internautes y ont vu du populisme. Certains s&rsquo;en sont donn\u00e9 \u00e0 c\u0153ur joie pour le tourner en d\u00e9rision avec une ironie mordante. \u00ab<em>Heureusement qu&rsquo;Abdellatif El Mekki, le h\u00e9ros du jour, est intervenu avec sa pelle pour sauver Jendouba du feu<\/em>\u00bb, a \u00e9crit l&rsquo;un. \u00ab<em>La ville br\u00fble depuis 3 jours, mais rassurez-vous, en voyant El-Mekki, les flammes \u00a0ont eu peur et se sont \u00e9teintes toutes seules, craignant un coup de pelle du d\u00e9put\u00e9\u00a0<\/em>\u00bb, a not\u00e9 un autre.<\/p>\n<p style=\"text-align: center;\"><img loading=\"lazy\" decoding=\"async\" class=\"alignnone size-full wp-image-108566\" src=\"http:\/\/kapitalis.com\/tunisie\/wp-content\/uploads\/2017\/08\/Jendouba-pompiers-abdeltif-El-makki.jpg\" alt=\"\" width=\"500\" height=\"300\" \/><\/p>\n<p>D\u2019autres ont pris la d\u00e9fense du d\u00e9put\u00e9, estimant que lui, au moins, s&rsquo;est rendu sur les lieux pour soutenir les habitants de Jendouba\u2026<\/p>\n<p style=\"text-align: right;\"><strong>Y. N.<\/strong><\/p>\n","protected":false},"excerpt":{"rendered":"<p>Les photos post\u00e9es sur Facebook par le d\u00e9put\u00e9 Ennahdha, Abdellatif El Mekki, intervenant dans un vrai faux incendie \u00e0 Jendouba, n\u2019ont pas eu l\u2019effet escompt\u00e9\u2026<\/p>\n","protected":false},"author":6,"featured_media":108564,"comment_status":"open","ping_status":"open","sticky":false,"template":"","format":"standard","meta":{"footnotes":""},"categories":[997,2433],"tags":[11798,1347,3500,1035,527],"class_list":["post-108562","post","type-post","status-publish","format-standard","has-post-thumbnail","hentry","category-politique","category-tunisie","tag-abdellatif-el-mekki","tag-depute","tag-facebook","tag-incendie","tag-kef"],"yoast_head":"<!-- This site is optimized with the Yoast SEO plugin v26.6 - https:\/\/yoast.com\/wordpress\/plugins\/seo\/ -->\n<title>Incendies \u00e0 Jendouba : Abdellatif El Mekki fait son cin\u00e9ma - Kapitalis<\/title>\n<meta name=\"robots\" content=\"index, follow, max-snippet:-1, max-image-preview:large, max-video-preview:-1\" \/>\n<link rel=\"canonical\" href=\"https:\/\/kapitalis.com\/tunisie\/2017\/08\/01\/incendies-a-jendouba-abdellatif-el-mekki-fait-son-cinema\/\" \/>\n<meta property=\"og:locale\" content=\"fr_FR\" \/>\n<meta property=\"og:type\" content=\"article\" \/>\n<meta property=\"og:title\" content=\"Incendies \u00e0 Jendouba : Abdellatif El Mekki fait son cin\u00e9ma - Kapitalis\" \/>\n<meta property=\"og:description\" content=\"Les photos post\u00e9es sur Facebook par le d\u00e9put\u00e9 Ennahdha, Abdellatif El Mekki, intervenant dans un vrai faux incendie \u00e0 Jendouba, n\u2019ont pas eu l\u2019effet escompt\u00e9\u2026\" \/>\n<meta property=\"og:url\" content=\"https:\/\/kapitalis.com\/tunisie\/2017\/08\/01\/incendies-a-jendouba-abdellatif-el-mekki-fait-son-cinema\/\" \/>\n<meta property=\"og:site_name\" content=\"Kapitalis\" \/>\n<meta property=\"article:publisher\" content=\"https:\/\/www.facebook.com\/KapitalisInfo\/\" \/>\n<meta property=\"article:published_time\" content=\"2017-08-01T13:26:51+00:00\" \/>\n<meta property=\"og:image\" content=\"https:\/\/kapitalis.com\/tunisie\/wp-content\/uploads\/2022\/05\/kapitalis-logo-fb.png\" \/>\n\t<meta property=\"og:image:width\" content=\"1200\" \/>\n\t<meta property=\"og:image:height\" content=\"630\" \/>\n\t<meta property=\"og:image:type\" content=\"image\/png\" \/>\n<meta name=\"author\" content=\"Yusra NY\" \/>\n<meta name=\"twitter:card\" content=\"summary_large_image\" \/>\n<meta name=\"twitter:creator\" content=\"@KapitalisInfo\" \/>\n<meta name=\"twitter:site\" content=\"@KapitalisInfo\" \/>\n<meta name=\"twitter:label1\" content=\"\u00c9crit par\" \/>\n\t<meta name=\"twitter:data1\" content=\"Yusra NY\" \/>\n\t<meta name=\"twitter:label2\" content=\"Dur\u00e9e de lecture estim\u00e9e\" \/>\n\t<meta name=\"twitter:data2\" content=\"1 minute\" \/>\n<script type=\"application\/ld+json\" class=\"yoast-schema-graph\">{\"@context\":\"https:\/\/schema.org\",\"@graph\":[{\"@type\":\"Article\",\"@id\":\"https:\/\/kapitalis.com\/tunisie\/2017\/08\/01\/incendies-a-jendouba-abdellatif-el-mekki-fait-son-cinema\/#article\",\"isPartOf\":{\"@id\":\"https:\/\/kapitalis.com\/tunisie\/2017\/08\/01\/incendies-a-jendouba-abdellatif-el-mekki-fait-son-cinema\/\"},\"author\":{\"name\":\"Yusra NY\",\"@id\":\"https:\/\/kapitalis.com\/tunisie\/#\/schema\/person\/74bbde0154d49d790a92aaeac5bc01d5\"},\"headline\":\"Incendies \u00e0 Jendouba : Abdellatif El Mekki fait son cin\u00e9ma\",\"datePublished\":\"2017-08-01T13:26:51+00:00\",\"mainEntityOfPage\":{\"@id\":\"https:\/\/kapitalis.com\/tunisie\/2017\/08\/01\/incendies-a-jendouba-abdellatif-el-mekki-fait-son-cinema\/\"},\"wordCount\":246,\"commentCount\":3,\"publisher\":{\"@id\":\"https:\/\/kapitalis.com\/tunisie\/#organization\"},\"image\":{\"@id\":\"https:\/\/kapitalis.com\/tunisie\/2017\/08\/01\/incendies-a-jendouba-abdellatif-el-mekki-fait-son-cinema\/#primaryimage\"},\"thumbnailUrl\":\"\",\"keywords\":[\"Abdellatif El-Mekki\",\"d\u00e9put\u00e9\",\"Facebook\",\"Incendie\",\"Kef\"],\"articleSection\":[\"POLITIQUE\",\"Tunisie\"],\"inLanguage\":\"fr-FR\",\"potentialAction\":[{\"@type\":\"CommentAction\",\"name\":\"Comment\",\"target\":[\"https:\/\/kapitalis.com\/tunisie\/2017\/08\/01\/incendies-a-jendouba-abdellatif-el-mekki-fait-son-cinema\/#respond\"]}]},{\"@type\":\"WebPage\",\"@id\":\"https:\/\/kapitalis.com\/tunisie\/2017\/08\/01\/incendies-a-jendouba-abdellatif-el-mekki-fait-son-cinema\/\",\"url\":\"https:\/\/kapitalis.com\/tunisie\/2017\/08\/01\/incendies-a-jendouba-abdellatif-el-mekki-fait-son-cinema\/\",\"name\":\"Incendies \u00e0 Jendouba : Abdellatif El Mekki fait son cin\u00e9ma - Kapitalis\",\"isPartOf\":{\"@id\":\"https:\/\/kapitalis.com\/tunisie\/#website\"},\"primaryImageOfPage\":{\"@id\":\"https:\/\/kapitalis.com\/tunisie\/2017\/08\/01\/incendies-a-jendouba-abdellatif-el-mekki-fait-son-cinema\/#primaryimage\"},\"image\":{\"@id\":\"https:\/\/kapitalis.com\/tunisie\/2017\/08\/01\/incendies-a-jendouba-abdellatif-el-mekki-fait-son-cinema\/#primaryimage\"},\"thumbnailUrl\":\"\",\"datePublished\":\"2017-08-01T13:26:51+00:00\",\"breadcrumb\":{\"@id\":\"https:\/\/kapitalis.com\/tunisie\/2017\/08\/01\/incendies-a-jendouba-abdellatif-el-mekki-fait-son-cinema\/#breadcrumb\"},\"inLanguage\":\"fr-FR\",\"potentialAction\":[{\"@type\":\"ReadAction\",\"target\":[\"https:\/\/kapitalis.com\/tunisie\/2017\/08\/01\/incendies-a-jendouba-abdellatif-el-mekki-fait-son-cinema\/\"]}]},{\"@type\":\"ImageObject\",\"inLanguage\":\"fr-FR\",\"@id\":\"https:\/\/kapitalis.com\/tunisie\/2017\/08\/01\/incendies-a-jendouba-abdellatif-el-mekki-fait-son-cinema\/#primaryimage\",\"url\":\"\",\"contentUrl\":\"\"},{\"@type\":\"BreadcrumbList\",\"@id\":\"https:\/\/kapitalis.com\/tunisie\/2017\/08\/01\/incendies-a-jendouba-abdellatif-el-mekki-fait-son-cinema\/#breadcrumb\",\"itemListElement\":[{\"@type\":\"ListItem\",\"position\":1,\"name\":\"Accueil\",\"item\":\"https:\/\/kapitalis.com\/tunisie\/\"},{\"@type\":\"ListItem\",\"position\":2,\"name\":\"Incendies \u00e0 Jendouba : Abdellatif El Mekki fait son cin\u00e9ma\"}]},{\"@type\":\"WebSite\",\"@id\":\"https:\/\/kapitalis.com\/tunisie\/#website\",\"url\":\"https:\/\/kapitalis.com\/tunisie\/\",\"name\":\"Kapitalis\",\"description\":\"L&#039;actualit\u00e9 en Tunisie et dans le monde\",\"publisher\":{\"@id\":\"https:\/\/kapitalis.com\/tunisie\/#organization\"},\"potentialAction\":[{\"@type\":\"SearchAction\",\"target\":{\"@type\":\"EntryPoint\",\"urlTemplate\":\"https:\/\/kapitalis.com\/tunisie\/?s={search_term_string}\"},\"query-input\":{\"@type\":\"PropertyValueSpecification\",\"valueRequired\":true,\"valueName\":\"search_term_string\"}}],\"inLanguage\":\"fr-FR\"},{\"@type\":\"Organization\",\"@id\":\"https:\/\/kapitalis.com\/tunisie\/#organization\",\"name\":\"Kapitalis\",\"url\":\"https:\/\/kapitalis.com\/tunisie\/\",\"logo\":{\"@type\":\"ImageObject\",\"inLanguage\":\"fr-FR\",\"@id\":\"https:\/\/kapitalis.com\/tunisie\/#\/schema\/logo\/image\/\",\"url\":\"https:\/\/kapitalis.com\/tunisie\/wp-content\/uploads\/2022\/05\/Kapitalis-big-size.png\",\"contentUrl\":\"https:\/\/kapitalis.com\/tunisie\/wp-content\/uploads\/2022\/05\/Kapitalis-big-size.png\",\"width\":5000,\"height\":1500,\"caption\":\"Kapitalis\"},\"image\":{\"@id\":\"https:\/\/kapitalis.com\/tunisie\/#\/schema\/logo\/image\/\"},\"sameAs\":[\"https:\/\/www.facebook.com\/KapitalisInfo\/\",\"https:\/\/x.com\/KapitalisInfo\",\"https:\/\/www.youtube.com\/channel\/UC-yDYrHyfFBWWZaOw3FPg9Q\"]},{\"@type\":\"Person\",\"@id\":\"https:\/\/kapitalis.com\/tunisie\/#\/schema\/person\/74bbde0154d49d790a92aaeac5bc01d5\",\"name\":\"Yusra NY\",\"url\":\"https:\/\/kapitalis.com\/tunisie\/author\/yuza_adam\/\"}]}<\/script>\n<!-- \/ Yoast SEO plugin. -->","yoast_head_json":{"title":"Incendies \u00e0 Jendouba : Abdellatif El Mekki fait son cin\u00e9ma - Kapitalis","robots":{"index":"index","follow":"follow","max-snippet":"max-snippet:-1","max-image-preview":"max-image-preview:large","max-video-preview":"max-video-preview:-1"},"canonical":"https:\/\/kapitalis.com\/tunisie\/2017\/08\/01\/incendies-a-jendouba-abdellatif-el-mekki-fait-son-cinema\/","og_locale":"fr_FR","og_type":"article","og_title":"Incendies \u00e0 Jendouba : Abdellatif El Mekki fait son cin\u00e9ma - Kapitalis","og_description":"Les photos post\u00e9es sur Facebook par le d\u00e9put\u00e9 Ennahdha, Abdellatif El Mekki, intervenant dans un vrai faux incendie \u00e0 Jendouba, n\u2019ont pas eu l\u2019effet escompt\u00e9\u2026","og_url":"https:\/\/kapitalis.com\/tunisie\/2017\/08\/01\/incendies-a-jendouba-abdellatif-el-mekki-fait-son-cinema\/","og_site_name":"Kapitalis","article_publisher":"https:\/\/www.facebook.com\/KapitalisInfo\/","article_published_time":"2017-08-01T13:26:51+00:00","og_image":[{"width":1200,"height":630,"url":"https:\/\/kapitalis.com\/tunisie\/wp-content\/uploads\/2022\/05\/kapitalis-logo-fb.png","type":"image\/png"}],"author":"Yusra NY","twitter_card":"summary_large_image","twitter_creator":"@KapitalisInfo","twitter_site":"@KapitalisInfo","twitter_misc":{"\u00c9crit par":"Yusra NY","Dur\u00e9e de lecture estim\u00e9e":"1 minute"},"schema":{"@context":"https:\/\/schema.org","@graph":[{"@type":"Article","@id":"https:\/\/kapitalis.com\/tunisie\/2017\/08\/01\/incendies-a-jendouba-abdellatif-el-mekki-fait-son-cinema\/#article","isPartOf":{"@id":"https:\/\/kapitalis.com\/tunisie\/2017\/08\/01\/incendies-a-jendouba-abdellatif-el-mekki-fait-son-cinema\/"},"author":{"name":"Yusra NY","@id":"https:\/\/kapitalis.com\/tunisie\/#\/schema\/person\/74bbde0154d49d790a92aaeac5bc01d5"},"headline":"Incendies \u00e0 Jendouba : Abdellatif El Mekki fait son cin\u00e9ma","datePublished":"2017-08-01T13:26:51+00:00","mainEntityOfPage":{"@id":"https:\/\/kapitalis.com\/tunisie\/2017\/08\/01\/incendies-a-jendouba-abdellatif-el-mekki-fait-son-cinema\/"},"wordCount":246,"commentCount":3,"publisher":{"@id":"https:\/\/kapitalis.com\/tunisie\/#organization"},"image":{"@id":"https:\/\/kapitalis.com\/tunisie\/2017\/08\/01\/incendies-a-jendouba-abdellatif-el-mekki-fait-son-cinema\/#primaryimage"},"thumbnailUrl":"","keywords":["Abdellatif El-Mekki","d\u00e9put\u00e9","Facebook","Incendie","Kef"],"articleSection":["POLITIQUE","Tunisie"],"inLanguage":"fr-FR","potentialAction":[{"@type":"CommentAction","name":"Comment","target":["https:\/\/kapitalis.com\/tunisie\/2017\/08\/01\/incendies-a-jendouba-abdellatif-el-mekki-fait-son-cinema\/#respond"]}]},{"@type":"WebPage","@id":"https:\/\/kapitalis.com\/tunisie\/2017\/08\/01\/incendies-a-jendouba-abdellatif-el-mekki-fait-son-cinema\/","url":"https:\/\/kapitalis.com\/tunisie\/2017\/08\/01\/incendies-a-jendouba-abdellatif-el-mekki-fait-son-cinema\/","name":"Incendies \u00e0 Jendouba : Abdellatif El Mekki fait son cin\u00e9ma - Kapitalis","isPartOf":{"@id":"https:\/\/kapitalis.com\/tunisie\/#website"},"primaryImageOfPage":{"@id":"https:\/\/kapitalis.com\/tunisie\/2017\/08\/01\/incendies-a-jendouba-abdellatif-el-mekki-fait-son-cinema\/#primaryimage"},"image":{"@id":"https:\/\/kapitalis.com\/tunisie\/2017\/08\/01\/incendies-a-jendouba-abdellatif-el-mekki-fait-son-cinema\/#primaryimage"},"thumbnailUrl":"","datePublished":"2017-08-01T13:26:51+00:00","breadcrumb":{"@id":"https:\/\/kapitalis.com\/tunisie\/2017\/08\/01\/incendies-a-jendouba-abdellatif-el-mekki-fait-son-cinema\/#breadcrumb"},"inLanguage":"fr-FR","potentialAction":[{"@type":"ReadAction","target":["https:\/\/kapitalis.com\/tunisie\/2017\/08\/01\/incendies-a-jendouba-abdellatif-el-mekki-fait-son-cinema\/"]}]},{"@type":"ImageObject","inLanguage":"fr-FR","@id":"https:\/\/kapitalis.com\/tunisie\/2017\/08\/01\/incendies-a-jendouba-abdellatif-el-mekki-fait-son-cinema\/#primaryimage","url":"","contentUrl":""},{"@type":"BreadcrumbList","@id":"https:\/\/kapitalis.com\/tunisie\/2017\/08\/01\/incendies-a-jendouba-abdellatif-el-mekki-fait-son-cinema\/#breadcrumb","itemListElement":[{"@type":"ListItem","position":1,"name":"Accueil","item":"https:\/\/kapitalis.com\/tunisie\/"},{"@type":"ListItem","position":2,"name":"Incendies \u00e0 Jendouba : Abdellatif El Mekki fait son cin\u00e9ma"}]},{"@type":"WebSite","@id":"https:\/\/kapitalis.com\/tunisie\/#website","url":"https:\/\/kapitalis.com\/tunisie\/","name":"Kapitalis","description":"L&#039;actualit\u00e9 en Tunisie et dans le monde","publisher":{"@id":"https:\/\/kapitalis.com\/tunisie\/#organization"},"potentialAction":[{"@type":"SearchAction","target":{"@type":"EntryPoint","urlTemplate":"https:\/\/kapitalis.com\/tunisie\/?s={search_term_string}"},"query-input":{"@type":"PropertyValueSpecification","valueRequired":true,"valueName":"search_term_string"}}],"inLanguage":"fr-FR"},{"@type":"Organization","@id":"https:\/\/kapitalis.com\/tunisie\/#organization","name":"Kapitalis","url":"https:\/\/kapitalis.com\/tunisie\/","logo":{"@type":"ImageObject","inLanguage":"fr-FR","@id":"https:\/\/kapitalis.com\/tunisie\/#\/schema\/logo\/image\/","url":"https:\/\/kapitalis.com\/tunisie\/wp-content\/uploads\/2022\/05\/Kapitalis-big-size.png","contentUrl":"https:\/\/kapitalis.com\/tunisie\/wp-content\/uploads\/2022\/05\/Kapitalis-big-size.png","width":5000,"height":1500,"caption":"Kapitalis"},"image":{"@id":"https:\/\/kapitalis.com\/tunisie\/#\/schema\/logo\/image\/"},"sameAs":["https:\/\/www.facebook.com\/KapitalisInfo\/","https:\/\/x.com\/KapitalisInfo","https:\/\/www.youtube.com\/channel\/UC-yDYrHyfFBWWZaOw3FPg9Q"]},{"@type":"Person","@id":"https:\/\/kapitalis.com\/tunisie\/#\/schema\/person\/74bbde0154d49d790a92aaeac5bc01d5","name":"Yusra NY","url":"https:\/\/kapitalis.com\/tunisie\/author\/yuza_adam\/"}]}},"_links":{"self":[{"href":"https:\/\/kapitalis.com\/tunisie\/wp-json\/wp\/v2\/posts\/108562","targetHints":{"allow":["GET"]}}],"collection":[{"href":"https:\/\/kapitalis.com\/tunisie\/wp-json\/wp\/v2\/posts"}],"about":[{"href":"https:\/\/kapitalis.com\/tunisie\/wp-json\/wp\/v2\/types\/post"}],"author":[{"embeddable":true,"href":"https:\/\/kapitalis.com\/tunisie\/wp-json\/wp\/v2\/users\/6"}],"replies":[{"embeddable":true,"href":"https:\/\/kapitalis.com\/tunisie\/wp-json\/wp\/v2\/comments?post=108562"}],"version-history":[{"count":0,"href":"https:\/\/kapitalis.com\/tunisie\/wp-json\/wp\/v2\/posts\/108562\/revisions"}],"wp:featuredmedia":[{"embeddable":true,"href":"https:\/\/kapitalis.com\/tunisie\/wp-json\/wp\/v2\/media\/108564"}],"wp:attachment":[{"href":"https:\/\/kapitalis.com\/tunisie\/wp-json\/wp\/v2\/media?parent=108562"}],"wp:term":[{"taxonomy":"category","embeddable":true,"href":"https:\/\/kapitalis.com\/tunisie\/wp-json\/wp\/v2\/categories?post=108562"},{"taxonomy":"post_tag","embeddable":true,"href":"https:\/\/kapitalis.com\/tunisie\/wp-json\/wp\/v2\/tags?post=108562"}],"curies":[{"name":"wp","href":"https:\/\/api.w.org\/{rel}","templated":true}]}}